{"id":10015,"date":"2023-03-23T08:57:14","date_gmt":"2023-03-23T07:57:14","guid":{"rendered":"https:\/\/www.infarma.es\/?p=10015"},"modified":"2024-09-30T16:42:15","modified_gmt":"2024-09-30T14:42:15","slug":"infarma-solidario-recauda-mas-de-28-300e-para-luchar-contra-la-pobreza-farmaceutica","status":"publish","type":"post","link":"https:\/\/www.infarma.es\/ca\/infarma-solidario-recauda-mas-de-28-300e-para-luchar-contra-la-pobreza-farmaceutica\/","title":{"rendered":"Infarma Solidario recauda m\u00e1s de 28.300\u20ac para luchar contra la pobreza farmac\u00e9utica"},"content":{"rendered":"\n<ul style=\"margin-left: 30px; list-style-type: square; padding-bottom: 10px;\"><li>Los fondos recaudados se han destinado a <strong>seis entidades sin \u00e1nimo de lucro<\/strong> que luchan contra la <strong>pobreza farmac\u00e9utica<\/strong> y atienden a <strong>personas en situaci\u00f3n de vulnerabilidad<\/strong>: Asociaci\u00f3n Espa\u00f1ola Contra el C\u00e1ncer, Farmamundi, Banco Farmac\u00e9utico, Cruz Roja, Fundaci\u00f3n Nuestros Peque\u00f1os Hermanos y Fundaci\u00f3 Oncolliga<\/li><\/ul>\n\n\n\n<ul style=\"margin-left: 30px; list-style-type: square; padding-bottom: 10px;\"><li>La recaudaci\u00f3n se ha conseguido <strong>a trav\u00e9s de la venta de entradas para un concierto ben\u00e9fico y las donaciones realizadas por colaboradores que han contribuido a la causa solidaria<\/strong><\/li><\/ul>\n\n\n\n<div style=\"height:30px\" aria-hidden=\"true\" class=\"wp-block-spacer\"><\/div>\n\n\n\n<p><em>Barcelona, 22 de marzo del 2023.- <\/em><strong>Infarma Solidario ha recaudado 28.368\u20ac, que se han destinado a seis entidades sin \u00e1nimo de lucro<\/strong> que luchan contra la <strong>pobreza farmac\u00e9utica. <\/strong>Los fondos de esta <strong>actividad ben\u00e9fica extracongresual<\/strong>, organizada por los Colegios de Farmac\u00e9uticos de Barcelona y Madrid e Interalia, se han conseguido <strong>a trav\u00e9s de dos v\u00edas: <\/strong>por un lado,<strong> la venta de entradas para el concierto ben\u00e9fico <\/strong>que tuvo lugar el 14 de marzo con el grupo musical Hotel Cochambre; por otro lado,<strong> las donaciones realizadas por colaboradores <\/strong>que han <strong>contribuido a la causa solidaria.<\/strong><\/p>\n\n\n\n<p>Concretamente, esta edici\u00f3n, en la categor\u00eda<strong> oro<\/strong> se ha contado con la colaboraci\u00f3n del <strong>Consejo General de Colegios Farmac\u00e9uticos<\/strong>; en la categor\u00eda <strong>plata<\/strong>, los laboratorios <strong>Ferrer y Reig Jofre<\/strong>; y en la categor\u00eda <strong>bronce<\/strong>, <strong>Arquia Banca, Cofares y Farmaconsulting<\/strong>.<\/p>\n\n\n\n<div style=\"height:30px\" aria-hidden=\"true\" class=\"wp-block-spacer\"><\/div>\n\n\n\n<h3 class=\"wp-block-heading\">\u00bfA qu\u00e9 entidades sin \u00e1nimo de lucro se ha destinado la recaudaci\u00f3n solidaria?<\/h3>\n\n\n\n<p>El <strong>importe recaudado<\/strong> se ha destinado \u00edntegramente a las siguientes entidades sin \u00e1nimo de lucro, escogidas mediante una convocatoria p\u00fablica: <strong>Asociaci\u00f3n Espa\u00f1ola Contra el C\u00e1ncer, Farmamundi, Banco Farmac\u00e9utico, Cruz Roja, Fundaci\u00f3n Nuestros Peque\u00f1os Hermanos y Fundaci\u00f3 Oncolliga. <\/strong>Todas ellas, llevan a cabo <strong>proyectos<\/strong> para luchar contra la <strong>pobreza farmac\u00e9utica<\/strong>. Con ello, se ayudar\u00e1 a pacientes en situaci\u00f3n de vulnerabilidad que no pueden permitirse asumir el coste de un tratamiento prescrito, ya sea un medicamento y\/o un producto sanitario.<\/p>\n\n\n\n<div style=\"height:30px\" aria-hidden=\"true\" class=\"wp-block-spacer\"><\/div>\n\n\n\n<h3 class=\"wp-block-heading\">\u00bfCu\u00e1l es la finalidad de Infarma Solidario?<\/h3>\n\n\n\n<p>Desde 2016, Infarma Solidario ha organizado diferentes actividades ben\u00e9ficas extracongresuales para concienciar sobre la necesidad de dedicar esfuerzos al compromiso social, divulgar la acci\u00f3n social y solidaria de los distintos agentes del sector farmac\u00e9utico, y organizar actividades con la finalidad de recaudar fondos solidarios, destinados \u00edntegramente a la financiaci\u00f3n de proyectos de \u00e1mbito humanitario y social.<\/p>\n\n\n\n<div style=\"height:10px\" aria-hidden=\"true\" class=\"wp-block-spacer\"><\/div>\n\n\n\n<hr class=\"wp-block-separator\"\/>\n\n\n\n<div style=\"height:10px\" aria-hidden=\"true\" class=\"wp-block-spacer\"><\/div>\n\n\n\n<p><strong>Para m\u00e1s informaci\u00f3n:<\/strong><br>Departamento de Comunicaci\u00f3n del Col\u00b7legi de Farmac\u00e8utics de Barcelona (COFB)<br>Tel\u00e9fono: 93 244 07 28 \/ 18<br><a href=\"mailto:premsa@cofb.net\" target=\"_blank\" rel=\"noreferrer noopener\">premsa@cofb.net<\/a><\/p>\n","protected":false},"excerpt":{"rendered":"<p>Los fondos recaudados se han destinado a seis entidades sin \u00e1nimo de lucro que luchan contra la pobreza farmac\u00e9utica y atienden a personas en situaci\u00f3n de vulnerabilidad: Asociaci\u00f3n Espa\u00f1ola Contra el C\u00e1ncer, Farmamundi, Banco Farmac\u00e9utico, Cruz Roja, Fundaci\u00f3n Nuestros Peque\u00f1os Hermanos y Fundaci\u00f3 Oncolliga La recaudaci\u00f3n se ha conseguido a trav\u00e9s de la venta de [&hellip;]<\/p>\n","protected":false},"author":2,"featured_media":14998,"comment_status":"closed","ping_status":"closed","sticky":false,"template":"","format":"standard","meta":{"footnotes":""},"categories":[159],"tags":[],"class_list":["post-10015","post","type-post","status-publish","format-standard","has-post-thumbnail","hentry","category-notas_prensa"],"yoast_head":"<!-- This site is optimized with the Yoast SEO plugin v27.4 - https:\/\/yoast.com\/product\/yoast-seo-wordpress\/ -->\n<title>Infarma Solidario recauda m\u00e1s de 28.300\u20ac para luchar contra la pobreza farmac\u00e9utica<\/title>\n<meta name=\"description\" content=\"El importe recaudado se ha destinado \u00edntegramente a las siguientes entidades sin \u00e1nimo de lucro, escogidas mediante una convocatoria p\u00fablica.\" \/>\n<meta name=\"robots\" content=\"index, follow, max-snippet:-1, max-image-preview:large, max-video-preview:-1\" \/>\n<link rel=\"canonical\" href=\"https:\/\/www.infarma.es\/ca\/infarma-solidario-recauda-mas-de-28-300e-para-luchar-contra-la-pobreza-farmaceutica\/\" \/>\n<meta property=\"og:locale\" content=\"ca_ES\" \/>\n<meta property=\"og:type\" content=\"article\" \/>\n<meta property=\"og:title\" content=\"Infarma Solidario recauda m\u00e1s de 28.300\u20ac para luchar contra la pobreza farmac\u00e9utica\" \/>\n<meta property=\"og:description\" content=\"El importe recaudado se ha destinado \u00edntegramente a las siguientes entidades sin \u00e1nimo de lucro, escogidas mediante una convocatoria p\u00fablica.\" \/>\n<meta property=\"og:url\" content=\"https:\/\/www.infarma.es\/ca\/infarma-solidario-recauda-mas-de-28-300e-para-luchar-contra-la-pobreza-farmaceutica\/\" \/>\n<meta property=\"og:site_name\" content=\"Infarma\" \/>\n<meta property=\"article:publisher\" content=\"https:\/\/www.facebook.com\/infarmaoficial\/\" \/>\n<meta property=\"article:published_time\" content=\"2023-03-23T07:57:14+00:00\" \/>\n<meta property=\"article:modified_time\" content=\"2024-09-30T14:42:15+00:00\" \/>\n<meta property=\"og:image\" content=\"https:\/\/www.infarma.es\/wp-content\/uploads\/2023\/03\/inf23_Infarma_Solidario.webp\" \/>\n\t<meta property=\"og:image:width\" content=\"2048\" \/>\n\t<meta property=\"og:image:height\" content=\"1366\" \/>\n\t<meta property=\"og:image:type\" content=\"image\/webp\" \/>\n<meta name=\"author\" content=\"xavier\" \/>\n<meta name=\"twitter:card\" content=\"summary_large_image\" \/>\n<meta name=\"twitter:creator\" content=\"@infarma_es\" \/>\n<meta name=\"twitter:site\" content=\"@infarma_es\" \/>\n<meta name=\"twitter:label1\" content=\"Escrit per\" \/>\n\t<meta name=\"twitter:data1\" content=\"xavier\" \/>\n\t<meta name=\"twitter:label2\" content=\"Temps estimat de lectura\" \/>\n\t<meta name=\"twitter:data2\" content=\"2 minuts\" \/>\n<script type=\"application\/ld+json\" class=\"yoast-schema-graph\">{\"@context\":\"https:\\\/\\\/schema.org\",\"@graph\":[{\"@type\":\"Article\",\"@id\":\"https:\\\/\\\/www.infarma.es\\\/ca\\\/infarma-solidario-recauda-mas-de-28-300e-para-luchar-contra-la-pobreza-farmaceutica\\\/#article\",\"isPartOf\":{\"@id\":\"https:\\\/\\\/www.infarma.es\\\/ca\\\/infarma-solidario-recauda-mas-de-28-300e-para-luchar-contra-la-pobreza-farmaceutica\\\/\"},\"author\":{\"name\":\"xavier\",\"@id\":\"https:\\\/\\\/www.infarma.es\\\/ca\\\/#\\\/schema\\\/person\\\/e53486dc47606cc5c89217026a8a01a7\"},\"headline\":\"Infarma Solidario recauda m\u00e1s de 28.300\u20ac para luchar contra la pobreza farmac\u00e9utica\",\"datePublished\":\"2023-03-23T07:57:14+00:00\",\"dateModified\":\"2024-09-30T14:42:15+00:00\",\"mainEntityOfPage\":{\"@id\":\"https:\\\/\\\/www.infarma.es\\\/ca\\\/infarma-solidario-recauda-mas-de-28-300e-para-luchar-contra-la-pobreza-farmaceutica\\\/\"},\"wordCount\":431,\"publisher\":{\"@id\":\"https:\\\/\\\/www.infarma.es\\\/ca\\\/#organization\"},\"image\":{\"@id\":\"https:\\\/\\\/www.infarma.es\\\/ca\\\/infarma-solidario-recauda-mas-de-28-300e-para-luchar-contra-la-pobreza-farmaceutica\\\/#primaryimage\"},\"thumbnailUrl\":\"https:\\\/\\\/www.infarma.es\\\/wp-content\\\/uploads\\\/2023\\\/03\\\/inf23_Infarma_Solidario.webp\",\"articleSection\":[\"Notas de prensa\"],\"inLanguage\":\"ca\"},{\"@type\":\"WebPage\",\"@id\":\"https:\\\/\\\/www.infarma.es\\\/ca\\\/infarma-solidario-recauda-mas-de-28-300e-para-luchar-contra-la-pobreza-farmaceutica\\\/\",\"url\":\"https:\\\/\\\/www.infarma.es\\\/ca\\\/infarma-solidario-recauda-mas-de-28-300e-para-luchar-contra-la-pobreza-farmaceutica\\\/\",\"name\":\"Infarma Solidario recauda m\u00e1s de 28.300\u20ac para luchar contra la pobreza farmac\u00e9utica\",\"isPartOf\":{\"@id\":\"https:\\\/\\\/www.infarma.es\\\/ca\\\/#website\"},\"primaryImageOfPage\":{\"@id\":\"https:\\\/\\\/www.infarma.es\\\/ca\\\/infarma-solidario-recauda-mas-de-28-300e-para-luchar-contra-la-pobreza-farmaceutica\\\/#primaryimage\"},\"image\":{\"@id\":\"https:\\\/\\\/www.infarma.es\\\/ca\\\/infarma-solidario-recauda-mas-de-28-300e-para-luchar-contra-la-pobreza-farmaceutica\\\/#primaryimage\"},\"thumbnailUrl\":\"https:\\\/\\\/www.infarma.es\\\/wp-content\\\/uploads\\\/2023\\\/03\\\/inf23_Infarma_Solidario.webp\",\"datePublished\":\"2023-03-23T07:57:14+00:00\",\"dateModified\":\"2024-09-30T14:42:15+00:00\",\"description\":\"El importe recaudado se ha destinado \u00edntegramente a las siguientes entidades sin \u00e1nimo de lucro, escogidas mediante una convocatoria p\u00fablica.\",\"breadcrumb\":{\"@id\":\"https:\\\/\\\/www.infarma.es\\\/ca\\\/infarma-solidario-recauda-mas-de-28-300e-para-luchar-contra-la-pobreza-farmaceutica\\\/#breadcrumb\"},\"inLanguage\":\"ca\",\"potentialAction\":[{\"@type\":\"ReadAction\",\"target\":[\"https:\\\/\\\/www.infarma.es\\\/ca\\\/infarma-solidario-recauda-mas-de-28-300e-para-luchar-contra-la-pobreza-farmaceutica\\\/\"]}]},{\"@type\":\"ImageObject\",\"inLanguage\":\"ca\",\"@id\":\"https:\\\/\\\/www.infarma.es\\\/ca\\\/infarma-solidario-recauda-mas-de-28-300e-para-luchar-contra-la-pobreza-farmaceutica\\\/#primaryimage\",\"url\":\"https:\\\/\\\/www.infarma.es\\\/wp-content\\\/uploads\\\/2023\\\/03\\\/inf23_Infarma_Solidario.webp\",\"contentUrl\":\"https:\\\/\\\/www.infarma.es\\\/wp-content\\\/uploads\\\/2023\\\/03\\\/inf23_Infarma_Solidario.webp\",\"width\":2048,\"height\":1366},{\"@type\":\"BreadcrumbList\",\"@id\":\"https:\\\/\\\/www.infarma.es\\\/ca\\\/infarma-solidario-recauda-mas-de-28-300e-para-luchar-contra-la-pobreza-farmaceutica\\\/#breadcrumb\",\"itemListElement\":[{\"@type\":\"ListItem\",\"position\":1,\"name\":\"Portada\",\"item\":\"https:\\\/\\\/www.infarma.es\\\/ca\\\/\"},{\"@type\":\"ListItem\",\"position\":2,\"name\":\"Infarma Solidario recauda m\u00e1s de 28.300\u20ac para luchar contra la pobreza farmac\u00e9utica\"}]},{\"@type\":\"WebSite\",\"@id\":\"https:\\\/\\\/www.infarma.es\\\/ca\\\/#website\",\"url\":\"https:\\\/\\\/www.infarma.es\\\/ca\\\/\",\"name\":\"Infarma\",\"description\":\"El mayor encuentro de farmacia\",\"publisher\":{\"@id\":\"https:\\\/\\\/www.infarma.es\\\/ca\\\/#organization\"},\"potentialAction\":[{\"@type\":\"SearchAction\",\"target\":{\"@type\":\"EntryPoint\",\"urlTemplate\":\"https:\\\/\\\/www.infarma.es\\\/ca\\\/?s={search_term_string}\"},\"query-input\":{\"@type\":\"PropertyValueSpecification\",\"valueRequired\":true,\"valueName\":\"search_term_string\"}}],\"inLanguage\":\"ca\"},{\"@type\":\"Organization\",\"@id\":\"https:\\\/\\\/www.infarma.es\\\/ca\\\/#organization\",\"name\":\"Infarma\",\"url\":\"https:\\\/\\\/www.infarma.es\\\/ca\\\/\",\"logo\":{\"@type\":\"ImageObject\",\"inLanguage\":\"ca\",\"@id\":\"https:\\\/\\\/www.infarma.es\\\/ca\\\/#\\\/schema\\\/logo\\\/image\\\/\",\"url\":\"https:\\\/\\\/www.infarma.es\\\/wp-content\\\/uploads\\\/2024\\\/10\\\/logo-simple.svg\",\"contentUrl\":\"https:\\\/\\\/www.infarma.es\\\/wp-content\\\/uploads\\\/2024\\\/10\\\/logo-simple.svg\",\"width\":1,\"height\":1,\"caption\":\"Infarma\"},\"image\":{\"@id\":\"https:\\\/\\\/www.infarma.es\\\/ca\\\/#\\\/schema\\\/logo\\\/image\\\/\"},\"sameAs\":[\"https:\\\/\\\/www.facebook.com\\\/infarmaoficial\\\/\",\"https:\\\/\\\/x.com\\\/infarma_es\",\"https:\\\/\\\/www.instagram.com\\\/infarma_oficial\\\/\",\"https:\\\/\\\/www.linkedin.com\\\/showcase\\\/infarma-salon\\\/\",\"https:\\\/\\\/www.youtube.com\\\/@INFARMAOFICIAL\"]},{\"@type\":\"Person\",\"@id\":\"https:\\\/\\\/www.infarma.es\\\/ca\\\/#\\\/schema\\\/person\\\/e53486dc47606cc5c89217026a8a01a7\",\"name\":\"xavier\",\"image\":{\"@type\":\"ImageObject\",\"inLanguage\":\"ca\",\"@id\":\"https:\\\/\\\/secure.gravatar.com\\\/avatar\\\/9014b89254123c1f240ae636cc793b98ce50ec2df162909756be1d23adc503e4?s=96&d=mm&r=g\",\"url\":\"https:\\\/\\\/secure.gravatar.com\\\/avatar\\\/9014b89254123c1f240ae636cc793b98ce50ec2df162909756be1d23adc503e4?s=96&d=mm&r=g\",\"contentUrl\":\"https:\\\/\\\/secure.gravatar.com\\\/avatar\\\/9014b89254123c1f240ae636cc793b98ce50ec2df162909756be1d23adc503e4?s=96&d=mm&r=g\",\"caption\":\"xavier\"},\"url\":\"https:\\\/\\\/www.infarma.es\\\/ca\\\/author\\\/xavier\\\/\"}]}<\/script>\n<!-- \/ Yoast SEO plugin. -->","yoast_head_json":{"title":"Infarma Solidario recauda m\u00e1s de 28.300\u20ac para luchar contra la pobreza farmac\u00e9utica","description":"El importe recaudado se ha destinado \u00edntegramente a las siguientes entidades sin \u00e1nimo de lucro, escogidas mediante una convocatoria p\u00fablica.","robots":{"index":"index","follow":"follow","max-snippet":"max-snippet:-1","max-image-preview":"max-image-preview:large","max-video-preview":"max-video-preview:-1"},"canonical":"https:\/\/www.infarma.es\/ca\/infarma-solidario-recauda-mas-de-28-300e-para-luchar-contra-la-pobreza-farmaceutica\/","og_locale":"ca_ES","og_type":"article","og_title":"Infarma Solidario recauda m\u00e1s de 28.300\u20ac para luchar contra la pobreza farmac\u00e9utica","og_description":"El importe recaudado se ha destinado \u00edntegramente a las siguientes entidades sin \u00e1nimo de lucro, escogidas mediante una convocatoria p\u00fablica.","og_url":"https:\/\/www.infarma.es\/ca\/infarma-solidario-recauda-mas-de-28-300e-para-luchar-contra-la-pobreza-farmaceutica\/","og_site_name":"Infarma","article_publisher":"https:\/\/www.facebook.com\/infarmaoficial\/","article_published_time":"2023-03-23T07:57:14+00:00","article_modified_time":"2024-09-30T14:42:15+00:00","og_image":[{"width":2048,"height":1366,"url":"https:\/\/www.infarma.es\/wp-content\/uploads\/2023\/03\/inf23_Infarma_Solidario.webp","type":"image\/webp"}],"author":"xavier","twitter_card":"summary_large_image","twitter_creator":"@infarma_es","twitter_site":"@infarma_es","twitter_misc":{"Escrit per":"xavier","Temps estimat de lectura":"2 minuts"},"schema":{"@context":"https:\/\/schema.org","@graph":[{"@type":"Article","@id":"https:\/\/www.infarma.es\/ca\/infarma-solidario-recauda-mas-de-28-300e-para-luchar-contra-la-pobreza-farmaceutica\/#article","isPartOf":{"@id":"https:\/\/www.infarma.es\/ca\/infarma-solidario-recauda-mas-de-28-300e-para-luchar-contra-la-pobreza-farmaceutica\/"},"author":{"name":"xavier","@id":"https:\/\/www.infarma.es\/ca\/#\/schema\/person\/e53486dc47606cc5c89217026a8a01a7"},"headline":"Infarma Solidario recauda m\u00e1s de 28.300\u20ac para luchar contra la pobreza farmac\u00e9utica","datePublished":"2023-03-23T07:57:14+00:00","dateModified":"2024-09-30T14:42:15+00:00","mainEntityOfPage":{"@id":"https:\/\/www.infarma.es\/ca\/infarma-solidario-recauda-mas-de-28-300e-para-luchar-contra-la-pobreza-farmaceutica\/"},"wordCount":431,"publisher":{"@id":"https:\/\/www.infarma.es\/ca\/#organization"},"image":{"@id":"https:\/\/www.infarma.es\/ca\/infarma-solidario-recauda-mas-de-28-300e-para-luchar-contra-la-pobreza-farmaceutica\/#primaryimage"},"thumbnailUrl":"https:\/\/www.infarma.es\/wp-content\/uploads\/2023\/03\/inf23_Infarma_Solidario.webp","articleSection":["Notas de prensa"],"inLanguage":"ca"},{"@type":"WebPage","@id":"https:\/\/www.infarma.es\/ca\/infarma-solidario-recauda-mas-de-28-300e-para-luchar-contra-la-pobreza-farmaceutica\/","url":"https:\/\/www.infarma.es\/ca\/infarma-solidario-recauda-mas-de-28-300e-para-luchar-contra-la-pobreza-farmaceutica\/","name":"Infarma Solidario recauda m\u00e1s de 28.300\u20ac para luchar contra la pobreza farmac\u00e9utica","isPartOf":{"@id":"https:\/\/www.infarma.es\/ca\/#website"},"primaryImageOfPage":{"@id":"https:\/\/www.infarma.es\/ca\/infarma-solidario-recauda-mas-de-28-300e-para-luchar-contra-la-pobreza-farmaceutica\/#primaryimage"},"image":{"@id":"https:\/\/www.infarma.es\/ca\/infarma-solidario-recauda-mas-de-28-300e-para-luchar-contra-la-pobreza-farmaceutica\/#primaryimage"},"thumbnailUrl":"https:\/\/www.infarma.es\/wp-content\/uploads\/2023\/03\/inf23_Infarma_Solidario.webp","datePublished":"2023-03-23T07:57:14+00:00","dateModified":"2024-09-30T14:42:15+00:00","description":"El importe recaudado se ha destinado \u00edntegramente a las siguientes entidades sin \u00e1nimo de lucro, escogidas mediante una convocatoria p\u00fablica.","breadcrumb":{"@id":"https:\/\/www.infarma.es\/ca\/infarma-solidario-recauda-mas-de-28-300e-para-luchar-contra-la-pobreza-farmaceutica\/#breadcrumb"},"inLanguage":"ca","potentialAction":[{"@type":"ReadAction","target":["https:\/\/www.infarma.es\/ca\/infarma-solidario-recauda-mas-de-28-300e-para-luchar-contra-la-pobreza-farmaceutica\/"]}]},{"@type":"ImageObject","inLanguage":"ca","@id":"https:\/\/www.infarma.es\/ca\/infarma-solidario-recauda-mas-de-28-300e-para-luchar-contra-la-pobreza-farmaceutica\/#primaryimage","url":"https:\/\/www.infarma.es\/wp-content\/uploads\/2023\/03\/inf23_Infarma_Solidario.webp","contentUrl":"https:\/\/www.infarma.es\/wp-content\/uploads\/2023\/03\/inf23_Infarma_Solidario.webp","width":2048,"height":1366},{"@type":"BreadcrumbList","@id":"https:\/\/www.infarma.es\/ca\/infarma-solidario-recauda-mas-de-28-300e-para-luchar-contra-la-pobreza-farmaceutica\/#breadcrumb","itemListElement":[{"@type":"ListItem","position":1,"name":"Portada","item":"https:\/\/www.infarma.es\/ca\/"},{"@type":"ListItem","position":2,"name":"Infarma Solidario recauda m\u00e1s de 28.300\u20ac para luchar contra la pobreza farmac\u00e9utica"}]},{"@type":"WebSite","@id":"https:\/\/www.infarma.es\/ca\/#website","url":"https:\/\/www.infarma.es\/ca\/","name":"Infarma","description":"El mayor encuentro de farmacia","publisher":{"@id":"https:\/\/www.infarma.es\/ca\/#organization"},"potentialAction":[{"@type":"SearchAction","target":{"@type":"EntryPoint","urlTemplate":"https:\/\/www.infarma.es\/ca\/?s={search_term_string}"},"query-input":{"@type":"PropertyValueSpecification","valueRequired":true,"valueName":"search_term_string"}}],"inLanguage":"ca"},{"@type":"Organization","@id":"https:\/\/www.infarma.es\/ca\/#organization","name":"Infarma","url":"https:\/\/www.infarma.es\/ca\/","logo":{"@type":"ImageObject","inLanguage":"ca","@id":"https:\/\/www.infarma.es\/ca\/#\/schema\/logo\/image\/","url":"https:\/\/www.infarma.es\/wp-content\/uploads\/2024\/10\/logo-simple.svg","contentUrl":"https:\/\/www.infarma.es\/wp-content\/uploads\/2024\/10\/logo-simple.svg","width":1,"height":1,"caption":"Infarma"},"image":{"@id":"https:\/\/www.infarma.es\/ca\/#\/schema\/logo\/image\/"},"sameAs":["https:\/\/www.facebook.com\/infarmaoficial\/","https:\/\/x.com\/infarma_es","https:\/\/www.instagram.com\/infarma_oficial\/","https:\/\/www.linkedin.com\/showcase\/infarma-salon\/","https:\/\/www.youtube.com\/@INFARMAOFICIAL"]},{"@type":"Person","@id":"https:\/\/www.infarma.es\/ca\/#\/schema\/person\/e53486dc47606cc5c89217026a8a01a7","name":"xavier","image":{"@type":"ImageObject","inLanguage":"ca","@id":"https:\/\/secure.gravatar.com\/avatar\/9014b89254123c1f240ae636cc793b98ce50ec2df162909756be1d23adc503e4?s=96&d=mm&r=g","url":"https:\/\/secure.gravatar.com\/avatar\/9014b89254123c1f240ae636cc793b98ce50ec2df162909756be1d23adc503e4?s=96&d=mm&r=g","contentUrl":"https:\/\/secure.gravatar.com\/avatar\/9014b89254123c1f240ae636cc793b98ce50ec2df162909756be1d23adc503e4?s=96&d=mm&r=g","caption":"xavier"},"url":"https:\/\/www.infarma.es\/ca\/author\/xavier\/"}]}},"_links":{"self":[{"href":"https:\/\/www.infarma.es\/ca\/wp-json\/wp\/v2\/posts\/10015","targetHints":{"allow":["GET"]}}],"collection":[{"href":"https:\/\/www.infarma.es\/ca\/wp-json\/wp\/v2\/posts"}],"about":[{"href":"https:\/\/www.infarma.es\/ca\/wp-json\/wp\/v2\/types\/post"}],"author":[{"embeddable":true,"href":"https:\/\/www.infarma.es\/ca\/wp-json\/wp\/v2\/users\/2"}],"replies":[{"embeddable":true,"href":"https:\/\/www.infarma.es\/ca\/wp-json\/wp\/v2\/comments?post=10015"}],"version-history":[{"count":2,"href":"https:\/\/www.infarma.es\/ca\/wp-json\/wp\/v2\/posts\/10015\/revisions"}],"predecessor-version":[{"id":15001,"href":"https:\/\/www.infarma.es\/ca\/wp-json\/wp\/v2\/posts\/10015\/revisions\/15001"}],"wp:featuredmedia":[{"embeddable":true,"href":"https:\/\/www.infarma.es\/ca\/wp-json\/wp\/v2\/media\/14998"}],"wp:attachment":[{"href":"https:\/\/www.infarma.es\/ca\/wp-json\/wp\/v2\/media?parent=10015"}],"wp:term":[{"taxonomy":"category","embeddable":true,"href":"https:\/\/www.infarma.es\/ca\/wp-json\/wp\/v2\/categories?post=10015"},{"taxonomy":"post_tag","embeddable":true,"href":"https:\/\/www.infarma.es\/ca\/wp-json\/wp\/v2\/tags?post=10015"}],"curies":[{"name":"wp","href":"https:\/\/api.w.org\/{rel}","templated":true}]}}