{"id":10699,"date":"2023-10-04T11:29:54","date_gmt":"2023-10-04T09:29:54","guid":{"rendered":"https:\/\/www.infarma.es\/?p=10699"},"modified":"2024-07-23T13:05:58","modified_gmt":"2024-07-23T11:05:58","slug":"divulgacion-y-formacion-para-aumentar-el-valor-patrimonial-de-tu-farmacia","status":"publish","type":"post","link":"https:\/\/www.infarma.es\/ca\/divulgacion-y-formacion-para-aumentar-el-valor-patrimonial-de-tu-farmacia\/","title":{"rendered":"Divulgaci\u00f3n y formaci\u00f3n para aumentar el valor patrimonial de tu farmacia"},"content":{"rendered":"\n<p>Cuando publicamos el informe TENDENCIAS 23, nuestro director del equipo de Asesores Patrimoniales, Juan Fern\u00e1ndez de Troc\u00f3niz, avanzaba en sus conclusiones que la actividad de transmisiones en 2023 se mantendr\u00eda s\u00f3lida, con una demanda sostenida, en niveles similares a 2022. La realidad de 2023 est\u00e1 mejorando este escenario, y en Farmaconsulting invertimos en la capacitaci\u00f3n de nuestro equipo, poniendo a vuestro alcance el conocimiento y especializaci\u00f3n que precis\u00e1is para no enfrentaros en solitario a la incertidumbre que puede generar esta decisi\u00f3n tan crucial para el futuro de una familia farmac\u00e9utica.<\/p>\n\n\n\n<p>Nuestra obsesi\u00f3n es dar respuesta a vuestra principal exigencia a la hora de afrontar la transmisi\u00f3n, que es llevarla a cabo con seguridad y eficacia, consiguiendo las mejores condiciones de precio y plazo que lleven al \u00e9xito de la operaci\u00f3n de compra o venta de la farmacia.<\/p>\n\n\n\n<div style=\"height:30px\" aria-hidden=\"true\" class=\"wp-block-spacer\"><\/div>\n\n\n\n<h3 class=\"wp-block-heading\"><strong>Entendemos tus necesidades y te ofrecemos m\u00e1s que informaci\u00f3n<\/strong><\/h3>\n\n\n\n<p>La demanda de farmacia est\u00e1 teniendo un importante incremento este a\u00f1o, con un crecimiento de los nuevos inversores superior al 30%, y la actividad de transmisiones est\u00e1 siendo muy din\u00e1mica. En este contexto, \u00bfqu\u00e9 necesitas para tomar tu decisi\u00f3n de <a href=\"https:\/\/www.farmaconsulting.es\/vender-farmacia\/?utm_source=Infarma&amp;utm_medium=Newsletter&amp;utm_campaign=Informe+de+la+demanda\" target=\"_blank\" rel=\"noreferrer noopener\">venta<\/a> o <a href=\"https:\/\/www.farmaconsulting.es\/comprar-farmacia\/?utm_source=Infarma&amp;utm_medium=Newsletter&amp;utm_campaign=Informe+de+la+demanda\" target=\"_blank\" rel=\"noreferrer noopener\">compra<\/a> con seguridad?:&nbsp;<\/p>\n\n\n\n<ul style=\"list-style-type: square; margin-left: 30px;\">\n<li style=\"padding-bottom: 10px;\"><strong>Anticiparte a los nuevos escenarios<\/strong>: te facilitamos nuestro informe&nbsp;<strong>TENDENCIAS<\/strong>, en las que nuestros expertos te adelantan la evoluci\u00f3n de aspectos como la oferta, demanda, normativa, fiscalidad, financiaci\u00f3n y gesti\u00f3n de la farmacia.&nbsp;<\/li>\n<li style=\"padding-bottom: 10px;\"><strong>Acceso a informaci\u00f3n actualizada y relevante sobre el mercado de compraventa<\/strong>: el mejor resumen del estado de la demanda y de las transmisiones del \u00faltimo a\u00f1o lo encontrar\u00e1s en el&nbsp;<a href=\"https:\/\/farmaconsulting.typeform.com\/FooterInfDda?typeform-source=www.farmaconsulting.es&amp;utm_source=Infarma&amp;utm_medium=Newsletter&amp;utm_campaign=Informe+de+la+demanda#nombre=xxxxx&amp;codigo=xxxxx\" target=\"_blank\" rel=\"noopener\">Informe de la demanda de farmacia en Espa\u00f1a<\/a>. Y para ayudarte a\u00fan m\u00e1s, te ofrecemos la posibilidad de que un Asesor Patrimonial te presente el&nbsp;<strong>IPD\u00ae, un <\/strong><a href=\"https:\/\/www.farmaconsulting.es\/contacto\/?utm_source=Infarma&amp;utm_medium=Newsletter&amp;utm_campaign=Informe+de+la+demanda\" target=\"_blank\" rel=\"noopener\">Informe Personalizado de la Demanda de tu farmacia<\/a>&nbsp;desarrollado con informaci\u00f3n y tecnolog\u00eda propia de Farmaconsulting.&nbsp;<\/li>\n<li style=\"padding-bottom: 10px;\"><strong>Resolver dudas y preguntas<\/strong>: son m\u00faltiples y complejas las variables que afectan a una transmisi\u00f3n, incluso si se producen dentro del \u00e1mbito familiar (fiscalidad, arrendamientos, capital humano, sociedades, contratos, pr\u00e9stamos, etc). El&nbsp;<a href=\"https:\/\/farmaconsulting.typeform.com\/Global100pregun?utm_source=Infarma&amp;utm_medium=Newsletter&amp;utm_campaign=Libro+100+preguntas++Vitamina+Hidroxitriptamina+-+Venta_V1#codigo=xxxxx&amp;nombre=xxxxx\" target=\"_blank\" rel=\"noopener\">Libro de las 100 preguntas&nbsp;<\/a>Farmaconsulting Responde, te ayudar\u00e1 a identificar situaciones vividas por compa\u00f1eras y compa\u00f1eros de profesi\u00f3n que probablemente sean iguales o similares a la tuya.<\/li>\n<\/ul>\n\n\n\n<div style=\"height: 30px\" aria-hidden=\"true\" class=\"wp-block-spacer\"><\/div>\n\n\n\n<h3 class=\"wp-block-heading\"><strong>M\u00e1s de 10.000 horas de formaci\u00f3n anuales de capacitaci\u00f3n y formaci\u00f3n&nbsp;<\/strong><\/h3>\n\n\n\n<p>Todas las herramientas que ponemos a tu alcance ser\u00e1n de gran ayuda, pero por s\u00ed solas no son suficientes para que puedas alcanzar tu objetivo.&nbsp;<strong>Es imprescindible el acompa\u00f1amiento de un Asesor Patrimonial y de t\u00e9cnicos especialistas<\/strong>, que te puedan dar soporte en la interpretaci\u00f3n de la informaci\u00f3n y el uso de las herramientas, adapt\u00e1ndolo y llegando a conclusiones sobre tu caso y situaci\u00f3n particular.&nbsp;<\/p>\n\n\n\n<p>Para ello, invertimos m\u00e1s de 10.000 horas al a\u00f1o en el desarrollo de nuestro equipo, a trav\u00e9s de una plataforma formativa, Universitas Farmaconsulting, webinars y formaciones presenciales, entre las que destacan los encuentros bianuales de todo el equipo donde contamos incluso con expertos y l\u00edderes en diferentes disciplinas relacionadas con la farmacia. Recientemente, hemos dedicado 3 jornadas en los primeros d\u00edas de septiembre, a formarnos, para mantenernos actualizados en las \u00faltimas tendencias que nos permitan aportar las soluciones m\u00e1s innovadoras y valiosas para nuestros clientes en sus proyectos de compra y venta de farmacia.<\/p>\n\n\n\n<div style=\"height: 30px\" aria-hidden=\"true\" class=\"wp-block-spacer\"><\/div>\n\n\n\n<h3 class=\"wp-block-heading\"><strong>Cerca del sector<\/strong><\/h3>\n\n\n\n<ul style=\"list-style-type: square; margin-left: 30px;\">\n<li style=\"padding-bottom: 10px;\">Colaboraciones con medios: mediante informes y art\u00edculos t\u00e9cnicos que pod\u00e9is ver publicados en medios como El Farmac\u00e9utico, El Global o IM Farmacias.<\/li>\n<li style=\"padding-bottom: 10px;\">Jornadas y sesiones: conferencias sobre temas patrimoniales farmac\u00e9uticos impartidas de forma conjunta con Colegios de Farmac\u00e9uticos, asociaciones empresariales de farmacia, distribuidoras o entidades financieras.<\/li>\n<\/ul>\n\n\n\n<div style=\"height: 30px\" aria-hidden=\"true\" class=\"wp-block-spacer\"><\/div>\n\n\n\n<p>Tambi\u00e9n intensificamos nuestra presencia en jornadas y congresos para que pod\u00e1is trasladarnos de primera mano vuestras inquietudes. A lo largo del mes de septiembre os hemos acompa\u00f1ado en diferentes puntos de la geograf\u00eda:&nbsp;<\/p>\n\n\n\n<ul style=\"list-style-type: square; margin-left: 30px;\">\n<li style=\"padding-bottom: 10px;\">Jornada de Exposervicios en Sevilla&nbsp;<\/li>\n<li style=\"padding-bottom: 10px;\">Jornada de Expofarma en Zaragoza&nbsp;<\/li>\n<li style=\"padding-bottom: 10px;\">Conmemoraci\u00f3n del 125 aniversario del COF de \u00c1lava&nbsp;<\/li>\n<li style=\"padding-bottom: 10px;\">Conmemoraci\u00f3n del 40 aniversario de la creaci\u00f3n de la Asociaci\u00f3n de Empresarios Farmac\u00e9uticos de Baleares.&nbsp;<\/li>\n<\/ul>\n\n\n\n<div style=\"height: 30px\" aria-hidden=\"true\" class=\"wp-block-spacer\"><\/div>\n\n\n\n<p>Y seguiremos en los pr\u00f3ximos meses compartiendo nuestro apoyo y conocimiento en diferentes \u00e1mbitos de la profesi\u00f3n:&nbsp;<\/p>\n\n\n\n<ul style=\"list-style-type: square; margin-left: 30px;\">\n<li style=\"padding-bottom: 10px;\">Jornadas Cofas Young en Asturias<\/li>\n<li style=\"padding-bottom: 10px;\">Jornadas de Exposervicios en M\u00e1laga<\/li>\n<li style=\"padding-bottom: 10px;\">Congreso Internacional EPSA de estudiantes de farmacia en Alcal\u00e1 de Henares<\/li>\n<li style=\"padding-bottom: 10px;\">Encuentro anual de la Federaci\u00f3n Espa\u00f1ola de Estudiantes de Farmacia FEEF en Santiago de Compostela<\/li>\n<\/ul>\n\n\n\n<div style=\"height: 30px\" aria-hidden=\"true\" class=\"wp-block-spacer\"><\/div>\n\n\n\n<p>Os esperamos a todas y a todos.&nbsp;<\/p>\n\n\n\n<p><a href=\"https:\/\/www.instagram.com\/farmaconsulting\/\" target=\"_blank\" rel=\"noreferrer noopener\">https:\/\/www.instagram.com\/farmaconsulting\/<\/a><br><a href=\"https:\/\/www.linkedin.com\/company\/farmaconsulting\/\" target=\"_blank\" rel=\"noreferrer noopener\">https:\/\/www.linkedin.com\/company\/farmaconsulting\/<\/a><br><a href=\"https:\/\/twitter.com\/farmaconsulting\" target=\"_blank\" rel=\"noreferrer noopener\">https:\/\/twitter.com\/farmaconsulting<\/a><br><a href=\"http:\/\/www.farmaconsulting.es\" target=\"_blank\" rel=\"noreferrer noopener\">www.farmaconsulting.es<\/a><br><\/p>\n","protected":false},"excerpt":{"rendered":"<p>Cuando publicamos el informe TENDENCIAS 23, nuestro director del equipo de Asesores Patrimoniales, Juan Fern\u00e1ndez de Troc\u00f3niz, avanzaba en sus conclusiones que la actividad de transmisiones en 2023 se mantendr\u00eda s\u00f3lida, con una demanda sostenida, en niveles similares a 2022. La realidad de 2023 est\u00e1 mejorando este escenario, y en Farmaconsulting invertimos en la capacitaci\u00f3n [&hellip;]<\/p>\n","protected":false},"author":2,"featured_media":13696,"comment_status":"closed","ping_status":"closed","sticky":false,"template":"","format":"standard","meta":{"footnotes":""},"categories":[141],"tags":[],"class_list":["post-10699","post","type-post","status-publish","format-standard","has-post-thumbnail","hentry","category-noticias-del-salon"],"yoast_head":"<!-- This site is optimized with the Yoast SEO plugin v27.4 - https:\/\/yoast.com\/product\/yoast-seo-wordpress\/ -->\n<title>Divulgaci\u00f3n y formaci\u00f3n para aumentar el valor patrimonial de tu farmacia<\/title>\n<meta name=\"description\" content=\"La actividad de transmisiones en 2023 se mantendr\u00eda s\u00f3lida, con una demanda sostenida, en niveles similares a 2022.\" \/>\n<meta name=\"robots\" content=\"index, follow, max-snippet:-1, max-image-preview:large, max-video-preview:-1\" \/>\n<link rel=\"canonical\" href=\"https:\/\/www.infarma.es\/ca\/divulgacion-y-formacion-para-aumentar-el-valor-patrimonial-de-tu-farmacia\/\" \/>\n<meta property=\"og:locale\" content=\"ca_ES\" \/>\n<meta property=\"og:type\" content=\"article\" \/>\n<meta property=\"og:title\" content=\"Divulgaci\u00f3n y formaci\u00f3n para aumentar el valor patrimonial de tu farmacia\" \/>\n<meta property=\"og:description\" content=\"La actividad de transmisiones en 2023 se mantendr\u00eda s\u00f3lida, con una demanda sostenida, en niveles similares a 2022.\" \/>\n<meta property=\"og:url\" content=\"https:\/\/www.infarma.es\/ca\/divulgacion-y-formacion-para-aumentar-el-valor-patrimonial-de-tu-farmacia\/\" \/>\n<meta property=\"og:site_name\" content=\"Infarma\" \/>\n<meta property=\"article:publisher\" content=\"https:\/\/www.facebook.com\/infarmaoficial\/\" \/>\n<meta property=\"article:published_time\" content=\"2023-10-04T09:29:54+00:00\" \/>\n<meta property=\"article:modified_time\" content=\"2024-07-23T11:05:58+00:00\" \/>\n<meta property=\"og:image\" content=\"https:\/\/www.infarma.es\/wp-content\/uploads\/2024\/07\/inf24-Farmaconsulting-formacion-valor-patrimonial.webp\" \/>\n\t<meta property=\"og:image:width\" content=\"1600\" \/>\n\t<meta property=\"og:image:height\" content=\"900\" \/>\n\t<meta property=\"og:image:type\" content=\"image\/webp\" \/>\n<meta name=\"author\" content=\"xavier\" \/>\n<meta name=\"twitter:card\" content=\"summary_large_image\" \/>\n<meta name=\"twitter:creator\" content=\"@infarma_es\" \/>\n<meta name=\"twitter:site\" content=\"@infarma_es\" \/>\n<meta name=\"twitter:label1\" content=\"Escrit per\" \/>\n\t<meta name=\"twitter:data1\" content=\"xavier\" \/>\n\t<meta name=\"twitter:label2\" content=\"Temps estimat de lectura\" \/>\n\t<meta name=\"twitter:data2\" content=\"4 minuts\" \/>\n<script type=\"application\/ld+json\" class=\"yoast-schema-graph\">{\"@context\":\"https:\\\/\\\/schema.org\",\"@graph\":[{\"@type\":\"Article\",\"@id\":\"https:\\\/\\\/www.infarma.es\\\/ca\\\/divulgacion-y-formacion-para-aumentar-el-valor-patrimonial-de-tu-farmacia\\\/#article\",\"isPartOf\":{\"@id\":\"https:\\\/\\\/www.infarma.es\\\/ca\\\/divulgacion-y-formacion-para-aumentar-el-valor-patrimonial-de-tu-farmacia\\\/\"},\"author\":{\"name\":\"xavier\",\"@id\":\"https:\\\/\\\/www.infarma.es\\\/ca\\\/#\\\/schema\\\/person\\\/e53486dc47606cc5c89217026a8a01a7\"},\"headline\":\"Divulgaci\u00f3n y formaci\u00f3n para aumentar el valor patrimonial de tu farmacia\",\"datePublished\":\"2023-10-04T09:29:54+00:00\",\"dateModified\":\"2024-07-23T11:05:58+00:00\",\"mainEntityOfPage\":{\"@id\":\"https:\\\/\\\/www.infarma.es\\\/ca\\\/divulgacion-y-formacion-para-aumentar-el-valor-patrimonial-de-tu-farmacia\\\/\"},\"wordCount\":812,\"publisher\":{\"@id\":\"https:\\\/\\\/www.infarma.es\\\/ca\\\/#organization\"},\"image\":{\"@id\":\"https:\\\/\\\/www.infarma.es\\\/ca\\\/divulgacion-y-formacion-para-aumentar-el-valor-patrimonial-de-tu-farmacia\\\/#primaryimage\"},\"thumbnailUrl\":\"https:\\\/\\\/www.infarma.es\\\/wp-content\\\/uploads\\\/2024\\\/07\\\/inf24-Farmaconsulting-formacion-valor-patrimonial.webp\",\"articleSection\":[\"Noticias del Sal\u00f3n\"],\"inLanguage\":\"ca\"},{\"@type\":\"WebPage\",\"@id\":\"https:\\\/\\\/www.infarma.es\\\/ca\\\/divulgacion-y-formacion-para-aumentar-el-valor-patrimonial-de-tu-farmacia\\\/\",\"url\":\"https:\\\/\\\/www.infarma.es\\\/ca\\\/divulgacion-y-formacion-para-aumentar-el-valor-patrimonial-de-tu-farmacia\\\/\",\"name\":\"Divulgaci\u00f3n y formaci\u00f3n para aumentar el valor patrimonial de tu farmacia\",\"isPartOf\":{\"@id\":\"https:\\\/\\\/www.infarma.es\\\/ca\\\/#website\"},\"primaryImageOfPage\":{\"@id\":\"https:\\\/\\\/www.infarma.es\\\/ca\\\/divulgacion-y-formacion-para-aumentar-el-valor-patrimonial-de-tu-farmacia\\\/#primaryimage\"},\"image\":{\"@id\":\"https:\\\/\\\/www.infarma.es\\\/ca\\\/divulgacion-y-formacion-para-aumentar-el-valor-patrimonial-de-tu-farmacia\\\/#primaryimage\"},\"thumbnailUrl\":\"https:\\\/\\\/www.infarma.es\\\/wp-content\\\/uploads\\\/2024\\\/07\\\/inf24-Farmaconsulting-formacion-valor-patrimonial.webp\",\"datePublished\":\"2023-10-04T09:29:54+00:00\",\"dateModified\":\"2024-07-23T11:05:58+00:00\",\"description\":\"La actividad de transmisiones en 2023 se mantendr\u00eda s\u00f3lida, con una demanda sostenida, en niveles similares a 2022.\",\"breadcrumb\":{\"@id\":\"https:\\\/\\\/www.infarma.es\\\/ca\\\/divulgacion-y-formacion-para-aumentar-el-valor-patrimonial-de-tu-farmacia\\\/#breadcrumb\"},\"inLanguage\":\"ca\",\"potentialAction\":[{\"@type\":\"ReadAction\",\"target\":[\"https:\\\/\\\/www.infarma.es\\\/ca\\\/divulgacion-y-formacion-para-aumentar-el-valor-patrimonial-de-tu-farmacia\\\/\"]}]},{\"@type\":\"ImageObject\",\"inLanguage\":\"ca\",\"@id\":\"https:\\\/\\\/www.infarma.es\\\/ca\\\/divulgacion-y-formacion-para-aumentar-el-valor-patrimonial-de-tu-farmacia\\\/#primaryimage\",\"url\":\"https:\\\/\\\/www.infarma.es\\\/wp-content\\\/uploads\\\/2024\\\/07\\\/inf24-Farmaconsulting-formacion-valor-patrimonial.webp\",\"contentUrl\":\"https:\\\/\\\/www.infarma.es\\\/wp-content\\\/uploads\\\/2024\\\/07\\\/inf24-Farmaconsulting-formacion-valor-patrimonial.webp\",\"width\":1600,\"height\":900},{\"@type\":\"BreadcrumbList\",\"@id\":\"https:\\\/\\\/www.infarma.es\\\/ca\\\/divulgacion-y-formacion-para-aumentar-el-valor-patrimonial-de-tu-farmacia\\\/#breadcrumb\",\"itemListElement\":[{\"@type\":\"ListItem\",\"position\":1,\"name\":\"Portada\",\"item\":\"https:\\\/\\\/www.infarma.es\\\/ca\\\/\"},{\"@type\":\"ListItem\",\"position\":2,\"name\":\"Divulgaci\u00f3n y formaci\u00f3n para aumentar el valor patrimonial de tu farmacia\"}]},{\"@type\":\"WebSite\",\"@id\":\"https:\\\/\\\/www.infarma.es\\\/ca\\\/#website\",\"url\":\"https:\\\/\\\/www.infarma.es\\\/ca\\\/\",\"name\":\"Infarma\",\"description\":\"El mayor encuentro de farmacia\",\"publisher\":{\"@id\":\"https:\\\/\\\/www.infarma.es\\\/ca\\\/#organization\"},\"potentialAction\":[{\"@type\":\"SearchAction\",\"target\":{\"@type\":\"EntryPoint\",\"urlTemplate\":\"https:\\\/\\\/www.infarma.es\\\/ca\\\/?s={search_term_string}\"},\"query-input\":{\"@type\":\"PropertyValueSpecification\",\"valueRequired\":true,\"valueName\":\"search_term_string\"}}],\"inLanguage\":\"ca\"},{\"@type\":\"Organization\",\"@id\":\"https:\\\/\\\/www.infarma.es\\\/ca\\\/#organization\",\"name\":\"Infarma\",\"url\":\"https:\\\/\\\/www.infarma.es\\\/ca\\\/\",\"logo\":{\"@type\":\"ImageObject\",\"inLanguage\":\"ca\",\"@id\":\"https:\\\/\\\/www.infarma.es\\\/ca\\\/#\\\/schema\\\/logo\\\/image\\\/\",\"url\":\"https:\\\/\\\/www.infarma.es\\\/wp-content\\\/uploads\\\/2024\\\/10\\\/logo-simple.svg\",\"contentUrl\":\"https:\\\/\\\/www.infarma.es\\\/wp-content\\\/uploads\\\/2024\\\/10\\\/logo-simple.svg\",\"width\":1,\"height\":1,\"caption\":\"Infarma\"},\"image\":{\"@id\":\"https:\\\/\\\/www.infarma.es\\\/ca\\\/#\\\/schema\\\/logo\\\/image\\\/\"},\"sameAs\":[\"https:\\\/\\\/www.facebook.com\\\/infarmaoficial\\\/\",\"https:\\\/\\\/x.com\\\/infarma_es\",\"https:\\\/\\\/www.instagram.com\\\/infarma_oficial\\\/\",\"https:\\\/\\\/www.linkedin.com\\\/showcase\\\/infarma-salon\\\/\",\"https:\\\/\\\/www.youtube.com\\\/@INFARMAOFICIAL\"]},{\"@type\":\"Person\",\"@id\":\"https:\\\/\\\/www.infarma.es\\\/ca\\\/#\\\/schema\\\/person\\\/e53486dc47606cc5c89217026a8a01a7\",\"name\":\"xavier\",\"image\":{\"@type\":\"ImageObject\",\"inLanguage\":\"ca\",\"@id\":\"https:\\\/\\\/secure.gravatar.com\\\/avatar\\\/9014b89254123c1f240ae636cc793b98ce50ec2df162909756be1d23adc503e4?s=96&d=mm&r=g\",\"url\":\"https:\\\/\\\/secure.gravatar.com\\\/avatar\\\/9014b89254123c1f240ae636cc793b98ce50ec2df162909756be1d23adc503e4?s=96&d=mm&r=g\",\"contentUrl\":\"https:\\\/\\\/secure.gravatar.com\\\/avatar\\\/9014b89254123c1f240ae636cc793b98ce50ec2df162909756be1d23adc503e4?s=96&d=mm&r=g\",\"caption\":\"xavier\"},\"url\":\"https:\\\/\\\/www.infarma.es\\\/ca\\\/author\\\/xavier\\\/\"}]}<\/script>\n<!-- \/ Yoast SEO plugin. -->","yoast_head_json":{"title":"Divulgaci\u00f3n y formaci\u00f3n para aumentar el valor patrimonial de tu farmacia","description":"La actividad de transmisiones en 2023 se mantendr\u00eda s\u00f3lida, con una demanda sostenida, en niveles similares a 2022.","robots":{"index":"index","follow":"follow","max-snippet":"max-snippet:-1","max-image-preview":"max-image-preview:large","max-video-preview":"max-video-preview:-1"},"canonical":"https:\/\/www.infarma.es\/ca\/divulgacion-y-formacion-para-aumentar-el-valor-patrimonial-de-tu-farmacia\/","og_locale":"ca_ES","og_type":"article","og_title":"Divulgaci\u00f3n y formaci\u00f3n para aumentar el valor patrimonial de tu farmacia","og_description":"La actividad de transmisiones en 2023 se mantendr\u00eda s\u00f3lida, con una demanda sostenida, en niveles similares a 2022.","og_url":"https:\/\/www.infarma.es\/ca\/divulgacion-y-formacion-para-aumentar-el-valor-patrimonial-de-tu-farmacia\/","og_site_name":"Infarma","article_publisher":"https:\/\/www.facebook.com\/infarmaoficial\/","article_published_time":"2023-10-04T09:29:54+00:00","article_modified_time":"2024-07-23T11:05:58+00:00","og_image":[{"width":1600,"height":900,"url":"https:\/\/www.infarma.es\/wp-content\/uploads\/2024\/07\/inf24-Farmaconsulting-formacion-valor-patrimonial.webp","type":"image\/webp"}],"author":"xavier","twitter_card":"summary_large_image","twitter_creator":"@infarma_es","twitter_site":"@infarma_es","twitter_misc":{"Escrit per":"xavier","Temps estimat de lectura":"4 minuts"},"schema":{"@context":"https:\/\/schema.org","@graph":[{"@type":"Article","@id":"https:\/\/www.infarma.es\/ca\/divulgacion-y-formacion-para-aumentar-el-valor-patrimonial-de-tu-farmacia\/#article","isPartOf":{"@id":"https:\/\/www.infarma.es\/ca\/divulgacion-y-formacion-para-aumentar-el-valor-patrimonial-de-tu-farmacia\/"},"author":{"name":"xavier","@id":"https:\/\/www.infarma.es\/ca\/#\/schema\/person\/e53486dc47606cc5c89217026a8a01a7"},"headline":"Divulgaci\u00f3n y formaci\u00f3n para aumentar el valor patrimonial de tu farmacia","datePublished":"2023-10-04T09:29:54+00:00","dateModified":"2024-07-23T11:05:58+00:00","mainEntityOfPage":{"@id":"https:\/\/www.infarma.es\/ca\/divulgacion-y-formacion-para-aumentar-el-valor-patrimonial-de-tu-farmacia\/"},"wordCount":812,"publisher":{"@id":"https:\/\/www.infarma.es\/ca\/#organization"},"image":{"@id":"https:\/\/www.infarma.es\/ca\/divulgacion-y-formacion-para-aumentar-el-valor-patrimonial-de-tu-farmacia\/#primaryimage"},"thumbnailUrl":"https:\/\/www.infarma.es\/wp-content\/uploads\/2024\/07\/inf24-Farmaconsulting-formacion-valor-patrimonial.webp","articleSection":["Noticias del Sal\u00f3n"],"inLanguage":"ca"},{"@type":"WebPage","@id":"https:\/\/www.infarma.es\/ca\/divulgacion-y-formacion-para-aumentar-el-valor-patrimonial-de-tu-farmacia\/","url":"https:\/\/www.infarma.es\/ca\/divulgacion-y-formacion-para-aumentar-el-valor-patrimonial-de-tu-farmacia\/","name":"Divulgaci\u00f3n y formaci\u00f3n para aumentar el valor patrimonial de tu farmacia","isPartOf":{"@id":"https:\/\/www.infarma.es\/ca\/#website"},"primaryImageOfPage":{"@id":"https:\/\/www.infarma.es\/ca\/divulgacion-y-formacion-para-aumentar-el-valor-patrimonial-de-tu-farmacia\/#primaryimage"},"image":{"@id":"https:\/\/www.infarma.es\/ca\/divulgacion-y-formacion-para-aumentar-el-valor-patrimonial-de-tu-farmacia\/#primaryimage"},"thumbnailUrl":"https:\/\/www.infarma.es\/wp-content\/uploads\/2024\/07\/inf24-Farmaconsulting-formacion-valor-patrimonial.webp","datePublished":"2023-10-04T09:29:54+00:00","dateModified":"2024-07-23T11:05:58+00:00","description":"La actividad de transmisiones en 2023 se mantendr\u00eda s\u00f3lida, con una demanda sostenida, en niveles similares a 2022.","breadcrumb":{"@id":"https:\/\/www.infarma.es\/ca\/divulgacion-y-formacion-para-aumentar-el-valor-patrimonial-de-tu-farmacia\/#breadcrumb"},"inLanguage":"ca","potentialAction":[{"@type":"ReadAction","target":["https:\/\/www.infarma.es\/ca\/divulgacion-y-formacion-para-aumentar-el-valor-patrimonial-de-tu-farmacia\/"]}]},{"@type":"ImageObject","inLanguage":"ca","@id":"https:\/\/www.infarma.es\/ca\/divulgacion-y-formacion-para-aumentar-el-valor-patrimonial-de-tu-farmacia\/#primaryimage","url":"https:\/\/www.infarma.es\/wp-content\/uploads\/2024\/07\/inf24-Farmaconsulting-formacion-valor-patrimonial.webp","contentUrl":"https:\/\/www.infarma.es\/wp-content\/uploads\/2024\/07\/inf24-Farmaconsulting-formacion-valor-patrimonial.webp","width":1600,"height":900},{"@type":"BreadcrumbList","@id":"https:\/\/www.infarma.es\/ca\/divulgacion-y-formacion-para-aumentar-el-valor-patrimonial-de-tu-farmacia\/#breadcrumb","itemListElement":[{"@type":"ListItem","position":1,"name":"Portada","item":"https:\/\/www.infarma.es\/ca\/"},{"@type":"ListItem","position":2,"name":"Divulgaci\u00f3n y formaci\u00f3n para aumentar el valor patrimonial de tu farmacia"}]},{"@type":"WebSite","@id":"https:\/\/www.infarma.es\/ca\/#website","url":"https:\/\/www.infarma.es\/ca\/","name":"Infarma","description":"El mayor encuentro de farmacia","publisher":{"@id":"https:\/\/www.infarma.es\/ca\/#organization"},"potentialAction":[{"@type":"SearchAction","target":{"@type":"EntryPoint","urlTemplate":"https:\/\/www.infarma.es\/ca\/?s={search_term_string}"},"query-input":{"@type":"PropertyValueSpecification","valueRequired":true,"valueName":"search_term_string"}}],"inLanguage":"ca"},{"@type":"Organization","@id":"https:\/\/www.infarma.es\/ca\/#organization","name":"Infarma","url":"https:\/\/www.infarma.es\/ca\/","logo":{"@type":"ImageObject","inLanguage":"ca","@id":"https:\/\/www.infarma.es\/ca\/#\/schema\/logo\/image\/","url":"https:\/\/www.infarma.es\/wp-content\/uploads\/2024\/10\/logo-simple.svg","contentUrl":"https:\/\/www.infarma.es\/wp-content\/uploads\/2024\/10\/logo-simple.svg","width":1,"height":1,"caption":"Infarma"},"image":{"@id":"https:\/\/www.infarma.es\/ca\/#\/schema\/logo\/image\/"},"sameAs":["https:\/\/www.facebook.com\/infarmaoficial\/","https:\/\/x.com\/infarma_es","https:\/\/www.instagram.com\/infarma_oficial\/","https:\/\/www.linkedin.com\/showcase\/infarma-salon\/","https:\/\/www.youtube.com\/@INFARMAOFICIAL"]},{"@type":"Person","@id":"https:\/\/www.infarma.es\/ca\/#\/schema\/person\/e53486dc47606cc5c89217026a8a01a7","name":"xavier","image":{"@type":"ImageObject","inLanguage":"ca","@id":"https:\/\/secure.gravatar.com\/avatar\/9014b89254123c1f240ae636cc793b98ce50ec2df162909756be1d23adc503e4?s=96&d=mm&r=g","url":"https:\/\/secure.gravatar.com\/avatar\/9014b89254123c1f240ae636cc793b98ce50ec2df162909756be1d23adc503e4?s=96&d=mm&r=g","contentUrl":"https:\/\/secure.gravatar.com\/avatar\/9014b89254123c1f240ae636cc793b98ce50ec2df162909756be1d23adc503e4?s=96&d=mm&r=g","caption":"xavier"},"url":"https:\/\/www.infarma.es\/ca\/author\/xavier\/"}]}},"_links":{"self":[{"href":"https:\/\/www.infarma.es\/ca\/wp-json\/wp\/v2\/posts\/10699","targetHints":{"allow":["GET"]}}],"collection":[{"href":"https:\/\/www.infarma.es\/ca\/wp-json\/wp\/v2\/posts"}],"about":[{"href":"https:\/\/www.infarma.es\/ca\/wp-json\/wp\/v2\/types\/post"}],"author":[{"embeddable":true,"href":"https:\/\/www.infarma.es\/ca\/wp-json\/wp\/v2\/users\/2"}],"replies":[{"embeddable":true,"href":"https:\/\/www.infarma.es\/ca\/wp-json\/wp\/v2\/comments?post=10699"}],"version-history":[{"count":2,"href":"https:\/\/www.infarma.es\/ca\/wp-json\/wp\/v2\/posts\/10699\/revisions"}],"predecessor-version":[{"id":13708,"href":"https:\/\/www.infarma.es\/ca\/wp-json\/wp\/v2\/posts\/10699\/revisions\/13708"}],"wp:featuredmedia":[{"embeddable":true,"href":"https:\/\/www.infarma.es\/ca\/wp-json\/wp\/v2\/media\/13696"}],"wp:attachment":[{"href":"https:\/\/www.infarma.es\/ca\/wp-json\/wp\/v2\/media?parent=10699"}],"wp:term":[{"taxonomy":"category","embeddable":true,"href":"https:\/\/www.infarma.es\/ca\/wp-json\/wp\/v2\/categories?post=10699"},{"taxonomy":"post_tag","embeddable":true,"href":"https:\/\/www.infarma.es\/ca\/wp-json\/wp\/v2\/tags?post=10699"}],"curies":[{"name":"wp","href":"https:\/\/api.w.org\/{rel}","templated":true}]}}