{"id":10718,"date":"2023-10-04T11:30:32","date_gmt":"2023-10-04T09:30:32","guid":{"rendered":"https:\/\/www.infarma.es\/?p=10718"},"modified":"2024-07-23T13:05:31","modified_gmt":"2024-07-23T11:05:31","slug":"descubre-la-revolucion-en-cuidado-personal-con-inme-lab","status":"publish","type":"post","link":"https:\/\/www.infarma.es\/ca\/descubre-la-revolucion-en-cuidado-personal-con-inme-lab\/","title":{"rendered":"\u00a1Descubre la Revoluci\u00f3n en Cuidado Personal con inMe LAB!"},"content":{"rendered":"\n<p>\u00bfTe imaginas tener acceso a una f\u00f3rmula que puede <strong>mejorar tu calidad de vida<\/strong> desde adentro hacia afuera? \u00bfY si te dij\u00e9ramos que esta revoluci\u00f3n en cuidado personal ya est\u00e1 aqu\u00ed y se llama inMe LAB?<\/p>\n\n\n\n<div style=\"height:30px\" aria-hidden=\"true\" class=\"wp-block-spacer\"><\/div>\n\n\n\n<h3 class=\"wp-block-heading\"><strong><u>Un Origen Inspirador en 2019<\/u><\/strong><\/h3>\n\n\n\n<p>inMe LAB, una marca de nutricosm\u00e9tica con base en Espa\u00f1a, dio sus primeros pasos en 2019 con una misi\u00f3n audaz: transformar la forma en que cuidamos nuestro cuerpo y aspecto. Durante tres a\u00f1os, un equipo de <strong>farmac\u00e9uticos especializados<\/strong>, con m\u00e1s de 15 a\u00f1os de experiencia en la ciencia, se dedic\u00f3 a una investigaci\u00f3n apasionada de principios activos disponibles en el mercado.<\/p>\n\n\n\n<p>El resultado es asombroso: <strong>siete complementos<\/strong> alimenticios de <strong>calidad suprema<\/strong> que est\u00e1n redefiniendo el est\u00e1ndar de cuidado personal. inMe LAB se enfoca en llenar los vac\u00edos nutricionales que a menudo pasamos por alto en nuestra dieta diaria, y cada f\u00f3rmula ha sido creada cuidadosamente y respaldada por profesionales de la salud, incluyendo m\u00e9dicos y farmac\u00e9uticos.<\/p>\n\n\n\n<div style=\"height:30px\" aria-hidden=\"true\" class=\"wp-block-spacer\"><\/div>\n\n\n\n<h3 class=\"wp-block-heading\"><strong><u>Ciencia de Vanguardia y Colaboraciones Universitarias<\/u><\/strong><\/h3>\n\n\n\n<p>Lo que hace que inMe LAB se destaque a\u00fan m\u00e1s es su compromiso con la <strong>ciencia y la innovaci\u00f3n<\/strong>. La marca colabora activamente con instituciones acad\u00e9micas para someter sus productos a rigurosos estudios cient\u00edficos y garantizar resultados efectivos.<\/p>\n\n\n\n<div style=\"height:30px\" aria-hidden=\"true\" class=\"wp-block-spacer\"><\/div>\n\n\n\n<h3 class=\"wp-block-heading\"><strong><u>Abordando los Retos Modernos de la Salud<\/u><\/strong><\/h3>\n\n\n\n<p>En un mundo donde el estr\u00e9s, la contaminaci\u00f3n, la comida r\u00e1pida y el ritmo de vida fren\u00e9tico son la norma, inMe LAB se erige como un defensor de tu bienestar. Las deficiencias nutricionales y los problemas de salud a largo plazo pueden ser cosa del pasado con su gama de productos dise\u00f1ados para combatir el estr\u00e9s oxidativo, la falta de atenci\u00f3n, la deficiencia de vitamina D, la inflamaci\u00f3n cr\u00f3nica y m\u00e1s.<\/p>\n\n\n\n<div style=\"height:30px\" aria-hidden=\"true\" class=\"wp-block-spacer\"><\/div>\n\n\n\n<h3 class=\"wp-block-heading\"><strong><u>Resultados Impactantes a Tu Alcance<\/u><\/strong><\/h3>\n\n\n\n<p>\u00bfTe preguntas si estos productos realmente funcionan? <strong>Los resultados hablan por s\u00ed mismos<\/strong>. \u00a1Ocho de cada diez usuarios de inMe LAB informan resultados asombrosos en poco tiempo! <strong>Cabello m\u00e1s fuerte<\/strong> y abundante, <strong>piel y ojos<\/strong> visiblemente <strong>m\u00e1s hidratados<\/strong>, <strong>reducci\u00f3n dr\u00e1stica del acn\u00e9<\/strong>, <strong>niveles<\/strong> \u00f3ptimos <strong>de vitamina D<\/strong>, <strong>menos inflamaci\u00f3n<\/strong> y una <strong>piel radiante<\/strong> son solo algunos de los beneficios que puedes experimentar.<\/p>\n\n\n\n<div style=\"height:30px\" aria-hidden=\"true\" class=\"wp-block-spacer\"><\/div>\n\n\n\n<h3 class=\"wp-block-heading\"><strong><u>Una Gama de Productos, Una Soluci\u00f3n para Cada Necesidad<\/u><\/strong><\/h3>\n\n\n\n<p>inMe LAB ofrece una gama de productos que abordan una variedad de necesidades. \u00bfQuieres <strong>adelgazar sin pasar hambre<\/strong>? \u00bfSue\u00f1as con una <strong>piel rejuvenecida sin gastar en cosm\u00e9ticos<\/strong> de lujo? \u00bfNecesitas <strong>reforzar tu sistema inmunol\u00f3gico<\/strong> o <strong>fortalecer tu cabello y u\u00f1as<\/strong>? \u00a1inMe LAB tiene la soluci\u00f3n con una c\u00e1psula al d\u00eda!<\/p>\n\n\n\n<p>En resumen, <strong>inMe LAB<\/strong> no es solo una marca de nutricosm\u00e9tica, \u00a1<strong>es una revoluci\u00f3n en el cuidado personal<\/strong>! Con resultados visibles, f\u00f3rmulas cient\u00edficamente respaldadas y una gama de productos vers\u00e1tiles, inMe LAB est\u00e1 liderando el camino hacia una vida m\u00e1s saludable y radiante. \u00a1\u00danete a la revoluci\u00f3n hoy y descubre lo que la <strong>nutricosm\u00e9tica de calidad <\/strong>puede hacer por ti!<\/p>\n\n\n\n<p>Te invitamos a descubrir un poco m\u00e1s sobre inMe Lab, a trav\u00e9s de nuestras RRSS:<\/p>\n\n\n\n<p><a href=\"https:\/\/www.instagram.com\/inmelab\/\" target=\"_blank\" rel=\"noreferrer noopener\">https:\/\/www.instagram.com\/inmelab\/<\/a><br><a href=\"https:\/\/www.facebook.com\/inmelabnutricosmetics\/\" target=\"_blank\" rel=\"noreferrer noopener\">https:\/\/www.facebook.com\/inmelabnutricosmetics\/<\/a><br><a href=\"https:\/\/www.tiktok.com\/@inmelab\" target=\"_blank\" rel=\"noreferrer noopener\">https:\/\/www.tiktok.com\/@inmelab<\/a><br><a href=\"https:\/\/www.pinterest.es\/inmelab\/\" target=\"_blank\" rel=\"noreferrer noopener\">https:\/\/www.pinterest.es\/inmelab\/<\/a><\/p>\n","protected":false},"excerpt":{"rendered":"<p>\u00bfTe imaginas tener acceso a una f\u00f3rmula que puede mejorar tu calidad de vida desde adentro hacia afuera? \u00bfY si te dij\u00e9ramos que esta revoluci\u00f3n en cuidado personal ya est\u00e1 aqu\u00ed y se llama inMe LAB? Un Origen Inspirador en 2019 inMe LAB, una marca de nutricosm\u00e9tica con base en Espa\u00f1a, dio sus primeros pasos [&hellip;]<\/p>\n","protected":false},"author":2,"featured_media":13688,"comment_status":"closed","ping_status":"closed","sticky":false,"template":"","format":"standard","meta":{"footnotes":""},"categories":[141],"tags":[],"class_list":["post-10718","post","type-post","status-publish","format-standard","has-post-thumbnail","hentry","category-noticias-del-salon"],"yoast_head":"<!-- This site is optimized with the Yoast SEO plugin v27.4 - https:\/\/yoast.com\/product\/yoast-seo-wordpress\/ -->\n<title>\u00a1Descubre la Revoluci\u00f3n en Cuidado Personal con inMe LAB!<\/title>\n<meta name=\"description\" content=\"Siete complementos alimenticios de calidad suprema que est\u00e1n redefiniendo el est\u00e1ndar de cuidado personal.\" \/>\n<meta name=\"robots\" content=\"index, follow, max-snippet:-1, max-image-preview:large, max-video-preview:-1\" \/>\n<link rel=\"canonical\" href=\"https:\/\/www.infarma.es\/ca\/descubre-la-revolucion-en-cuidado-personal-con-inme-lab\/\" \/>\n<meta property=\"og:locale\" content=\"ca_ES\" \/>\n<meta property=\"og:type\" content=\"article\" \/>\n<meta property=\"og:title\" content=\"\u00a1Descubre la Revoluci\u00f3n en Cuidado Personal con inMe LAB!\" \/>\n<meta property=\"og:description\" content=\"Siete complementos alimenticios de calidad suprema que est\u00e1n redefiniendo el est\u00e1ndar de cuidado personal.\" \/>\n<meta property=\"og:url\" content=\"https:\/\/www.infarma.es\/ca\/descubre-la-revolucion-en-cuidado-personal-con-inme-lab\/\" \/>\n<meta property=\"og:site_name\" content=\"Infarma\" \/>\n<meta property=\"article:publisher\" content=\"https:\/\/www.facebook.com\/infarmaoficial\/\" \/>\n<meta property=\"article:published_time\" content=\"2023-10-04T09:30:32+00:00\" \/>\n<meta property=\"article:modified_time\" content=\"2024-07-23T11:05:31+00:00\" \/>\n<meta property=\"og:image\" content=\"https:\/\/www.infarma.es\/wp-content\/uploads\/2024\/07\/inf24-inme_lab-blog.webp\" \/>\n\t<meta property=\"og:image:width\" content=\"1600\" \/>\n\t<meta property=\"og:image:height\" content=\"900\" \/>\n\t<meta property=\"og:image:type\" content=\"image\/webp\" \/>\n<meta name=\"author\" content=\"xavier\" \/>\n<meta name=\"twitter:card\" content=\"summary_large_image\" \/>\n<meta name=\"twitter:creator\" content=\"@infarma_es\" \/>\n<meta name=\"twitter:site\" content=\"@infarma_es\" \/>\n<meta name=\"twitter:label1\" content=\"Escrit per\" \/>\n\t<meta name=\"twitter:data1\" content=\"xavier\" \/>\n\t<meta name=\"twitter:label2\" content=\"Temps estimat de lectura\" \/>\n\t<meta name=\"twitter:data2\" content=\"3 minuts\" \/>\n<script type=\"application\/ld+json\" class=\"yoast-schema-graph\">{\"@context\":\"https:\\\/\\\/schema.org\",\"@graph\":[{\"@type\":\"Article\",\"@id\":\"https:\\\/\\\/www.infarma.es\\\/ca\\\/descubre-la-revolucion-en-cuidado-personal-con-inme-lab\\\/#article\",\"isPartOf\":{\"@id\":\"https:\\\/\\\/www.infarma.es\\\/ca\\\/descubre-la-revolucion-en-cuidado-personal-con-inme-lab\\\/\"},\"author\":{\"name\":\"xavier\",\"@id\":\"https:\\\/\\\/www.infarma.es\\\/ca\\\/#\\\/schema\\\/person\\\/e53486dc47606cc5c89217026a8a01a7\"},\"headline\":\"\u00a1Descubre la Revoluci\u00f3n en Cuidado Personal con inMe LAB!\",\"datePublished\":\"2023-10-04T09:30:32+00:00\",\"dateModified\":\"2024-07-23T11:05:31+00:00\",\"mainEntityOfPage\":{\"@id\":\"https:\\\/\\\/www.infarma.es\\\/ca\\\/descubre-la-revolucion-en-cuidado-personal-con-inme-lab\\\/\"},\"wordCount\":562,\"publisher\":{\"@id\":\"https:\\\/\\\/www.infarma.es\\\/ca\\\/#organization\"},\"image\":{\"@id\":\"https:\\\/\\\/www.infarma.es\\\/ca\\\/descubre-la-revolucion-en-cuidado-personal-con-inme-lab\\\/#primaryimage\"},\"thumbnailUrl\":\"https:\\\/\\\/www.infarma.es\\\/wp-content\\\/uploads\\\/2024\\\/07\\\/inf24-inme_lab-blog.webp\",\"articleSection\":[\"Noticias del Sal\u00f3n\"],\"inLanguage\":\"ca\"},{\"@type\":\"WebPage\",\"@id\":\"https:\\\/\\\/www.infarma.es\\\/ca\\\/descubre-la-revolucion-en-cuidado-personal-con-inme-lab\\\/\",\"url\":\"https:\\\/\\\/www.infarma.es\\\/ca\\\/descubre-la-revolucion-en-cuidado-personal-con-inme-lab\\\/\",\"name\":\"\u00a1Descubre la Revoluci\u00f3n en Cuidado Personal con inMe LAB!\",\"isPartOf\":{\"@id\":\"https:\\\/\\\/www.infarma.es\\\/ca\\\/#website\"},\"primaryImageOfPage\":{\"@id\":\"https:\\\/\\\/www.infarma.es\\\/ca\\\/descubre-la-revolucion-en-cuidado-personal-con-inme-lab\\\/#primaryimage\"},\"image\":{\"@id\":\"https:\\\/\\\/www.infarma.es\\\/ca\\\/descubre-la-revolucion-en-cuidado-personal-con-inme-lab\\\/#primaryimage\"},\"thumbnailUrl\":\"https:\\\/\\\/www.infarma.es\\\/wp-content\\\/uploads\\\/2024\\\/07\\\/inf24-inme_lab-blog.webp\",\"datePublished\":\"2023-10-04T09:30:32+00:00\",\"dateModified\":\"2024-07-23T11:05:31+00:00\",\"description\":\"Siete complementos alimenticios de calidad suprema que est\u00e1n redefiniendo el est\u00e1ndar de cuidado personal.\",\"breadcrumb\":{\"@id\":\"https:\\\/\\\/www.infarma.es\\\/ca\\\/descubre-la-revolucion-en-cuidado-personal-con-inme-lab\\\/#breadcrumb\"},\"inLanguage\":\"ca\",\"potentialAction\":[{\"@type\":\"ReadAction\",\"target\":[\"https:\\\/\\\/www.infarma.es\\\/ca\\\/descubre-la-revolucion-en-cuidado-personal-con-inme-lab\\\/\"]}]},{\"@type\":\"ImageObject\",\"inLanguage\":\"ca\",\"@id\":\"https:\\\/\\\/www.infarma.es\\\/ca\\\/descubre-la-revolucion-en-cuidado-personal-con-inme-lab\\\/#primaryimage\",\"url\":\"https:\\\/\\\/www.infarma.es\\\/wp-content\\\/uploads\\\/2024\\\/07\\\/inf24-inme_lab-blog.webp\",\"contentUrl\":\"https:\\\/\\\/www.infarma.es\\\/wp-content\\\/uploads\\\/2024\\\/07\\\/inf24-inme_lab-blog.webp\",\"width\":1600,\"height\":900},{\"@type\":\"BreadcrumbList\",\"@id\":\"https:\\\/\\\/www.infarma.es\\\/ca\\\/descubre-la-revolucion-en-cuidado-personal-con-inme-lab\\\/#breadcrumb\",\"itemListElement\":[{\"@type\":\"ListItem\",\"position\":1,\"name\":\"Portada\",\"item\":\"https:\\\/\\\/www.infarma.es\\\/ca\\\/\"},{\"@type\":\"ListItem\",\"position\":2,\"name\":\"\u00a1Descubre la Revoluci\u00f3n en Cuidado Personal con inMe LAB!\"}]},{\"@type\":\"WebSite\",\"@id\":\"https:\\\/\\\/www.infarma.es\\\/ca\\\/#website\",\"url\":\"https:\\\/\\\/www.infarma.es\\\/ca\\\/\",\"name\":\"Infarma\",\"description\":\"El mayor encuentro de farmacia\",\"publisher\":{\"@id\":\"https:\\\/\\\/www.infarma.es\\\/ca\\\/#organization\"},\"potentialAction\":[{\"@type\":\"SearchAction\",\"target\":{\"@type\":\"EntryPoint\",\"urlTemplate\":\"https:\\\/\\\/www.infarma.es\\\/ca\\\/?s={search_term_string}\"},\"query-input\":{\"@type\":\"PropertyValueSpecification\",\"valueRequired\":true,\"valueName\":\"search_term_string\"}}],\"inLanguage\":\"ca\"},{\"@type\":\"Organization\",\"@id\":\"https:\\\/\\\/www.infarma.es\\\/ca\\\/#organization\",\"name\":\"Infarma\",\"url\":\"https:\\\/\\\/www.infarma.es\\\/ca\\\/\",\"logo\":{\"@type\":\"ImageObject\",\"inLanguage\":\"ca\",\"@id\":\"https:\\\/\\\/www.infarma.es\\\/ca\\\/#\\\/schema\\\/logo\\\/image\\\/\",\"url\":\"https:\\\/\\\/www.infarma.es\\\/wp-content\\\/uploads\\\/2024\\\/10\\\/logo-simple.svg\",\"contentUrl\":\"https:\\\/\\\/www.infarma.es\\\/wp-content\\\/uploads\\\/2024\\\/10\\\/logo-simple.svg\",\"width\":1,\"height\":1,\"caption\":\"Infarma\"},\"image\":{\"@id\":\"https:\\\/\\\/www.infarma.es\\\/ca\\\/#\\\/schema\\\/logo\\\/image\\\/\"},\"sameAs\":[\"https:\\\/\\\/www.facebook.com\\\/infarmaoficial\\\/\",\"https:\\\/\\\/x.com\\\/infarma_es\",\"https:\\\/\\\/www.instagram.com\\\/infarma_oficial\\\/\",\"https:\\\/\\\/www.linkedin.com\\\/showcase\\\/infarma-salon\\\/\",\"https:\\\/\\\/www.youtube.com\\\/@INFARMAOFICIAL\"]},{\"@type\":\"Person\",\"@id\":\"https:\\\/\\\/www.infarma.es\\\/ca\\\/#\\\/schema\\\/person\\\/e53486dc47606cc5c89217026a8a01a7\",\"name\":\"xavier\",\"image\":{\"@type\":\"ImageObject\",\"inLanguage\":\"ca\",\"@id\":\"https:\\\/\\\/secure.gravatar.com\\\/avatar\\\/9014b89254123c1f240ae636cc793b98ce50ec2df162909756be1d23adc503e4?s=96&d=mm&r=g\",\"url\":\"https:\\\/\\\/secure.gravatar.com\\\/avatar\\\/9014b89254123c1f240ae636cc793b98ce50ec2df162909756be1d23adc503e4?s=96&d=mm&r=g\",\"contentUrl\":\"https:\\\/\\\/secure.gravatar.com\\\/avatar\\\/9014b89254123c1f240ae636cc793b98ce50ec2df162909756be1d23adc503e4?s=96&d=mm&r=g\",\"caption\":\"xavier\"},\"url\":\"https:\\\/\\\/www.infarma.es\\\/ca\\\/author\\\/xavier\\\/\"}]}<\/script>\n<!-- \/ Yoast SEO plugin. -->","yoast_head_json":{"title":"\u00a1Descubre la Revoluci\u00f3n en Cuidado Personal con inMe LAB!","description":"Siete complementos alimenticios de calidad suprema que est\u00e1n redefiniendo el est\u00e1ndar de cuidado personal.","robots":{"index":"index","follow":"follow","max-snippet":"max-snippet:-1","max-image-preview":"max-image-preview:large","max-video-preview":"max-video-preview:-1"},"canonical":"https:\/\/www.infarma.es\/ca\/descubre-la-revolucion-en-cuidado-personal-con-inme-lab\/","og_locale":"ca_ES","og_type":"article","og_title":"\u00a1Descubre la Revoluci\u00f3n en Cuidado Personal con inMe LAB!","og_description":"Siete complementos alimenticios de calidad suprema que est\u00e1n redefiniendo el est\u00e1ndar de cuidado personal.","og_url":"https:\/\/www.infarma.es\/ca\/descubre-la-revolucion-en-cuidado-personal-con-inme-lab\/","og_site_name":"Infarma","article_publisher":"https:\/\/www.facebook.com\/infarmaoficial\/","article_published_time":"2023-10-04T09:30:32+00:00","article_modified_time":"2024-07-23T11:05:31+00:00","og_image":[{"width":1600,"height":900,"url":"https:\/\/www.infarma.es\/wp-content\/uploads\/2024\/07\/inf24-inme_lab-blog.webp","type":"image\/webp"}],"author":"xavier","twitter_card":"summary_large_image","twitter_creator":"@infarma_es","twitter_site":"@infarma_es","twitter_misc":{"Escrit per":"xavier","Temps estimat de lectura":"3 minuts"},"schema":{"@context":"https:\/\/schema.org","@graph":[{"@type":"Article","@id":"https:\/\/www.infarma.es\/ca\/descubre-la-revolucion-en-cuidado-personal-con-inme-lab\/#article","isPartOf":{"@id":"https:\/\/www.infarma.es\/ca\/descubre-la-revolucion-en-cuidado-personal-con-inme-lab\/"},"author":{"name":"xavier","@id":"https:\/\/www.infarma.es\/ca\/#\/schema\/person\/e53486dc47606cc5c89217026a8a01a7"},"headline":"\u00a1Descubre la Revoluci\u00f3n en Cuidado Personal con inMe LAB!","datePublished":"2023-10-04T09:30:32+00:00","dateModified":"2024-07-23T11:05:31+00:00","mainEntityOfPage":{"@id":"https:\/\/www.infarma.es\/ca\/descubre-la-revolucion-en-cuidado-personal-con-inme-lab\/"},"wordCount":562,"publisher":{"@id":"https:\/\/www.infarma.es\/ca\/#organization"},"image":{"@id":"https:\/\/www.infarma.es\/ca\/descubre-la-revolucion-en-cuidado-personal-con-inme-lab\/#primaryimage"},"thumbnailUrl":"https:\/\/www.infarma.es\/wp-content\/uploads\/2024\/07\/inf24-inme_lab-blog.webp","articleSection":["Noticias del Sal\u00f3n"],"inLanguage":"ca"},{"@type":"WebPage","@id":"https:\/\/www.infarma.es\/ca\/descubre-la-revolucion-en-cuidado-personal-con-inme-lab\/","url":"https:\/\/www.infarma.es\/ca\/descubre-la-revolucion-en-cuidado-personal-con-inme-lab\/","name":"\u00a1Descubre la Revoluci\u00f3n en Cuidado Personal con inMe LAB!","isPartOf":{"@id":"https:\/\/www.infarma.es\/ca\/#website"},"primaryImageOfPage":{"@id":"https:\/\/www.infarma.es\/ca\/descubre-la-revolucion-en-cuidado-personal-con-inme-lab\/#primaryimage"},"image":{"@id":"https:\/\/www.infarma.es\/ca\/descubre-la-revolucion-en-cuidado-personal-con-inme-lab\/#primaryimage"},"thumbnailUrl":"https:\/\/www.infarma.es\/wp-content\/uploads\/2024\/07\/inf24-inme_lab-blog.webp","datePublished":"2023-10-04T09:30:32+00:00","dateModified":"2024-07-23T11:05:31+00:00","description":"Siete complementos alimenticios de calidad suprema que est\u00e1n redefiniendo el est\u00e1ndar de cuidado personal.","breadcrumb":{"@id":"https:\/\/www.infarma.es\/ca\/descubre-la-revolucion-en-cuidado-personal-con-inme-lab\/#breadcrumb"},"inLanguage":"ca","potentialAction":[{"@type":"ReadAction","target":["https:\/\/www.infarma.es\/ca\/descubre-la-revolucion-en-cuidado-personal-con-inme-lab\/"]}]},{"@type":"ImageObject","inLanguage":"ca","@id":"https:\/\/www.infarma.es\/ca\/descubre-la-revolucion-en-cuidado-personal-con-inme-lab\/#primaryimage","url":"https:\/\/www.infarma.es\/wp-content\/uploads\/2024\/07\/inf24-inme_lab-blog.webp","contentUrl":"https:\/\/www.infarma.es\/wp-content\/uploads\/2024\/07\/inf24-inme_lab-blog.webp","width":1600,"height":900},{"@type":"BreadcrumbList","@id":"https:\/\/www.infarma.es\/ca\/descubre-la-revolucion-en-cuidado-personal-con-inme-lab\/#breadcrumb","itemListElement":[{"@type":"ListItem","position":1,"name":"Portada","item":"https:\/\/www.infarma.es\/ca\/"},{"@type":"ListItem","position":2,"name":"\u00a1Descubre la Revoluci\u00f3n en Cuidado Personal con inMe LAB!"}]},{"@type":"WebSite","@id":"https:\/\/www.infarma.es\/ca\/#website","url":"https:\/\/www.infarma.es\/ca\/","name":"Infarma","description":"El mayor encuentro de farmacia","publisher":{"@id":"https:\/\/www.infarma.es\/ca\/#organization"},"potentialAction":[{"@type":"SearchAction","target":{"@type":"EntryPoint","urlTemplate":"https:\/\/www.infarma.es\/ca\/?s={search_term_string}"},"query-input":{"@type":"PropertyValueSpecification","valueRequired":true,"valueName":"search_term_string"}}],"inLanguage":"ca"},{"@type":"Organization","@id":"https:\/\/www.infarma.es\/ca\/#organization","name":"Infarma","url":"https:\/\/www.infarma.es\/ca\/","logo":{"@type":"ImageObject","inLanguage":"ca","@id":"https:\/\/www.infarma.es\/ca\/#\/schema\/logo\/image\/","url":"https:\/\/www.infarma.es\/wp-content\/uploads\/2024\/10\/logo-simple.svg","contentUrl":"https:\/\/www.infarma.es\/wp-content\/uploads\/2024\/10\/logo-simple.svg","width":1,"height":1,"caption":"Infarma"},"image":{"@id":"https:\/\/www.infarma.es\/ca\/#\/schema\/logo\/image\/"},"sameAs":["https:\/\/www.facebook.com\/infarmaoficial\/","https:\/\/x.com\/infarma_es","https:\/\/www.instagram.com\/infarma_oficial\/","https:\/\/www.linkedin.com\/showcase\/infarma-salon\/","https:\/\/www.youtube.com\/@INFARMAOFICIAL"]},{"@type":"Person","@id":"https:\/\/www.infarma.es\/ca\/#\/schema\/person\/e53486dc47606cc5c89217026a8a01a7","name":"xavier","image":{"@type":"ImageObject","inLanguage":"ca","@id":"https:\/\/secure.gravatar.com\/avatar\/9014b89254123c1f240ae636cc793b98ce50ec2df162909756be1d23adc503e4?s=96&d=mm&r=g","url":"https:\/\/secure.gravatar.com\/avatar\/9014b89254123c1f240ae636cc793b98ce50ec2df162909756be1d23adc503e4?s=96&d=mm&r=g","contentUrl":"https:\/\/secure.gravatar.com\/avatar\/9014b89254123c1f240ae636cc793b98ce50ec2df162909756be1d23adc503e4?s=96&d=mm&r=g","caption":"xavier"},"url":"https:\/\/www.infarma.es\/ca\/author\/xavier\/"}]}},"_links":{"self":[{"href":"https:\/\/www.infarma.es\/ca\/wp-json\/wp\/v2\/posts\/10718","targetHints":{"allow":["GET"]}}],"collection":[{"href":"https:\/\/www.infarma.es\/ca\/wp-json\/wp\/v2\/posts"}],"about":[{"href":"https:\/\/www.infarma.es\/ca\/wp-json\/wp\/v2\/types\/post"}],"author":[{"embeddable":true,"href":"https:\/\/www.infarma.es\/ca\/wp-json\/wp\/v2\/users\/2"}],"replies":[{"embeddable":true,"href":"https:\/\/www.infarma.es\/ca\/wp-json\/wp\/v2\/comments?post=10718"}],"version-history":[{"count":2,"href":"https:\/\/www.infarma.es\/ca\/wp-json\/wp\/v2\/posts\/10718\/revisions"}],"predecessor-version":[{"id":13706,"href":"https:\/\/www.infarma.es\/ca\/wp-json\/wp\/v2\/posts\/10718\/revisions\/13706"}],"wp:featuredmedia":[{"embeddable":true,"href":"https:\/\/www.infarma.es\/ca\/wp-json\/wp\/v2\/media\/13688"}],"wp:attachment":[{"href":"https:\/\/www.infarma.es\/ca\/wp-json\/wp\/v2\/media?parent=10718"}],"wp:term":[{"taxonomy":"category","embeddable":true,"href":"https:\/\/www.infarma.es\/ca\/wp-json\/wp\/v2\/categories?post=10718"},{"taxonomy":"post_tag","embeddable":true,"href":"https:\/\/www.infarma.es\/ca\/wp-json\/wp\/v2\/tags?post=10718"}],"curies":[{"name":"wp","href":"https:\/\/api.w.org\/{rel}","templated":true}]}}