{"id":10807,"date":"2023-11-02T11:00:27","date_gmt":"2023-11-02T10:00:27","guid":{"rendered":"https:\/\/www.infarma.es\/?p=10807"},"modified":"2024-07-23T13:00:17","modified_gmt":"2024-07-23T11:00:17","slug":"comprar-o-vender-una-farmacia-en-los-proximos-meses-una-buena-decision","status":"publish","type":"post","link":"https:\/\/www.infarma.es\/ca\/comprar-o-vender-una-farmacia-en-los-proximos-meses-una-buena-decision\/","title":{"rendered":"Comprar o vender una farmacia en los pr\u00f3ximos meses: \u00bfuna buena decisi\u00f3n?"},"content":{"rendered":"\n<p>No podemos dar una respuesta gen\u00e9rica que sea v\u00e1lida para cada una de las situaciones y objetivos personales o profesionales que a cada familia se le pueden presentar. Lo que s\u00ed podemos hacer, es dar nuestra visi\u00f3n de la situaci\u00f3n actual de aquellas variables que sabemos que van a ser determinantes para afrontar la decisi\u00f3n de transmitir a un familiar, comprar o vender una farmacia en estos momentos.<\/p>\n\n\n\n<p>Para llegar a la respuesta, tendremos que marcar nuestros objetivos y sus plazos, y tratar de prever en qu\u00e9 escenario futuro se desarrollar\u00e1n. Como punto de partida, comencemos por analizar qu\u00e9 ha sucedido hasta ahora.<\/p>\n\n\n\n<div style=\"height:30px\" aria-hidden=\"true\" class=\"wp-block-spacer\"><\/div>\n\n\n\n<h3 class=\"wp-block-heading\"><strong>Gasto farmac\u00e9utico y mercado<\/strong><\/h3>\n\n\n\n<p>La evoluci\u00f3n de estas variables, siguen otorgando a la oficina de farmacia una estabilidad y proyecci\u00f3n a futuro que favorece la viabilidad de la inversi\u00f3n en una botica.<\/p>\n\n\n\n<p>Seg\u00fan los datos provisionales a septiembre de<strong>&nbsp;<\/strong><a href=\"https:\/\/www.sanidad.gob.es\/areas\/farmacia\/consumoMedicamentos\/facturacionRecetas\/CCAA_INGESA\/2023\/septiembre.htm\" target=\"_blank\" rel=\"noreferrer noopener\"><strong>facturaci\u00f3n de receta m\u00e9dica del Ministerio de Sanidad<\/strong><\/a>, en los \u00faltimos doce meses se ha producido un aumento del gasto del +2,96%, resultado de un aumento del +3,74% en el n\u00famero de envases y una reducci\u00f3n del gasto medio por envase del -0,75%.<\/p>\n\n\n\n<p>Si buscamos referencias del comportamiento del mercado total en oficinas de farmacia, seg\u00fan los datos de la&nbsp;<a href=\"https:\/\/www.hmr.co.com\/wp-content\/uploads\/2023\/10\/HMR-Pharmacy-Market-Watch-Espana-Datos-Sep-2023.pdf\" target=\"_blank\" rel=\"noreferrer noopener\">consultora HMR<\/a>, en tasas interanual a cierre de septiembre, crece la facturaci\u00f3n un +3,5% en valores mientras desciende un -3,4% en unidades.<\/p>\n\n\n\n<p>Analizando los datos mes a mes, vemos una evoluci\u00f3n sin grandes alteraciones, y que es muy probable que se mantenga en los pr\u00f3ximos meses mientras no haya otros cambios significativos en el entorno econ\u00f3mico en general.<\/p>\n\n\n\n<div style=\"height:30px\" aria-hidden=\"true\" class=\"wp-block-spacer\"><\/div>\n\n\n\n<h3 class=\"wp-block-heading\"><strong>Entorno <\/strong><strong>econ\u00f3mico<\/strong><strong>&nbsp;<\/strong><\/h3>\n\n\n\n<p>En el corto plazo, todas las previsiones de crecimiento de la econom\u00eda espa\u00f1ola para 2023 se mantienen o incluso mejoran, hasta dos d\u00e9cimas seg\u00fan la fuente. Sin embargo, se moderan las previsiones de cara a 2024. Concretamente el FMI mantiene su previsi\u00f3n para 2023 en el 2,5%, mientras que rebaja tres d\u00e9cimas hasta el 1,7% el crecimiento para 2024.<\/p>\n\n\n\n<p>En el apartado de inflaci\u00f3n, despu\u00e9s de una importante rebaja en sus \u00faltimas previsiones, el FMI ha elevado dos d\u00e9cimas la previsi\u00f3n de 2023 hasta el 3,5%, y sit\u00faa la de 2024 en el 3,9%. Cabe destacar que estas cifras son sensiblemente m\u00e1s contenidas que las de otros pa\u00edses de nuestro entorno.<\/p>\n\n\n\n<p>Respecto a los tipos de inter\u00e9s, parece que nos encontramos en un periodo de estabilidad, donde no se est\u00e1n pronosticando nuevos aumentos de tipos.<\/p>\n\n\n\n<p>En este punto tenemos que decir que las condiciones que est\u00e1n aplicando actualmente las entidades financieras en las operaciones de compra de farmacia, no suponen ning\u00fan obst\u00e1culo insalvable para el \u00e9xito de la operaci\u00f3n. Siempre que sean planteadas con un estudio de viabilidad basado en un plan de gesti\u00f3n personalizado del farmac\u00e9utico y en un estudio de viabilidad soportado en un an\u00e1lisis riguroso de las variables clave, como lo son herramientas exclusivas de<a href=\"https:\/\/www.farmaconsulting.es\/\" target=\"_blank\" rel=\"noreferrer noopener\">&nbsp;<u>Farmaconsulting<\/u><\/a>&nbsp;como el An\u00e1lisis Enriquecido AE\u00ae, el Simulador de Escenarios de Viabilidad SEV\u00ae o el plan de Inversi\u00f3n Personalizado PIP\u00ae.<\/p>\n\n\n\n<div style=\"height:30px\" aria-hidden=\"true\" class=\"wp-block-spacer\"><\/div>\n\n\n\n<h3 class=\"wp-block-heading\"><strong>Demanda de farmacia<\/strong><\/h3>\n\n\n\n<p>la demanda sigue manteniendo una gran fortaleza, ya que hemos recibido un 35% m\u00e1s de solicitudes de nuevos inversores que en los nueve primeros meses de 2022, situando la tasa anual por encima de los 1.000 nuevos interesados, lo que te permite tener la seguridad de que con Farmaconsulting podr\u00e1s encontrar siempre al mejor comprador para tu farmacia.<\/p>\n\n\n\n<p>Recientemente publicamos el&nbsp;<a href=\"https:\/\/farmaconsulting.typeform.com\/InfDdaEditorial#nombre=xxxxx&amp;codigo=xxxxx\" target=\"_blank\" rel=\"noreferrer noopener\">Informe de la Demanda de Farmacia en Espa\u00f1a<\/a>, donde se recogen las principales caracter\u00edsticas de los nuevos compradores que se incorporaron a la b\u00fasqueda de su farmacia en 2022, y que te animamos a solicitarlo de forma gratuita si todav\u00eda no lo tienes.<\/p>\n\n\n\n<p>Esperamos que estas reflexiones te sean de ayuda si est\u00e1s pensando en la&nbsp;<a href=\"https:\/\/www.farmaconsulting.es\/vender-farmacia\/\" target=\"_blank\" rel=\"noreferrer noopener\">venta<\/a>&nbsp;o la&nbsp;<a href=\"https:\/\/www.farmaconsulting.es\/comprar-farmacia\/\" target=\"_blank\" rel=\"noreferrer noopener\">compra de tu farmacia<strong>,<\/strong><\/a> y no dudes en ponerte en contacto con Farmaconsulting si est\u00e1s interesada o interesado en ampliar informaci\u00f3n o en asesoramiento para iniciar tu proyecto de inmediato.<\/p>\n","protected":false},"excerpt":{"rendered":"<p>No podemos dar una respuesta gen\u00e9rica que sea v\u00e1lida para cada una de las situaciones y objetivos personales o profesionales que a cada familia se le pueden presentar. Lo que s\u00ed podemos hacer, es dar nuestra visi\u00f3n de la situaci\u00f3n actual de aquellas variables que sabemos que van a ser determinantes para afrontar la decisi\u00f3n [&hellip;]<\/p>\n","protected":false},"author":2,"featured_media":13637,"comment_status":"closed","ping_status":"closed","sticky":false,"template":"","format":"standard","meta":{"footnotes":""},"categories":[141],"tags":[],"class_list":["post-10807","post","type-post","status-publish","format-standard","has-post-thumbnail","hentry","category-noticias-del-salon"],"yoast_head":"<!-- This site is optimized with the Yoast SEO plugin v27.4 - https:\/\/yoast.com\/product\/yoast-seo-wordpress\/ -->\n<title>Comprar o vender una farmacia en los pr\u00f3ximos meses: \u00bfuna buena decisi\u00f3n?<\/title>\n<meta name=\"description\" content=\"En el corto plazo, todas las previsiones de crecimiento de la econom\u00eda espa\u00f1ola para 2023 se mantienen o incluso mejoran, hasta dos d\u00e9cimas seg\u00fan la fuente.\" \/>\n<meta name=\"robots\" content=\"index, follow, max-snippet:-1, max-image-preview:large, max-video-preview:-1\" \/>\n<link rel=\"canonical\" href=\"https:\/\/www.infarma.es\/ca\/comprar-o-vender-una-farmacia-en-los-proximos-meses-una-buena-decision\/\" \/>\n<meta property=\"og:locale\" content=\"ca_ES\" \/>\n<meta property=\"og:type\" content=\"article\" \/>\n<meta property=\"og:title\" content=\"Comprar o vender una farmacia en los pr\u00f3ximos meses: \u00bfuna buena decisi\u00f3n?\" \/>\n<meta property=\"og:description\" content=\"En el corto plazo, todas las previsiones de crecimiento de la econom\u00eda espa\u00f1ola para 2023 se mantienen o incluso mejoran, hasta dos d\u00e9cimas seg\u00fan la fuente.\" \/>\n<meta property=\"og:url\" content=\"https:\/\/www.infarma.es\/ca\/comprar-o-vender-una-farmacia-en-los-proximos-meses-una-buena-decision\/\" \/>\n<meta property=\"og:site_name\" content=\"Infarma\" \/>\n<meta property=\"article:publisher\" content=\"https:\/\/www.facebook.com\/infarmaoficial\/\" \/>\n<meta property=\"article:published_time\" content=\"2023-11-02T10:00:27+00:00\" \/>\n<meta property=\"article:modified_time\" content=\"2024-07-23T11:00:17+00:00\" \/>\n<meta property=\"og:image\" content=\"https:\/\/www.infarma.es\/wp-content\/uploads\/2024\/07\/inf24.farmaconsulting-compra_venta-blog.webp\" \/>\n\t<meta property=\"og:image:width\" content=\"1600\" \/>\n\t<meta property=\"og:image:height\" content=\"900\" \/>\n\t<meta property=\"og:image:type\" content=\"image\/webp\" \/>\n<meta name=\"author\" content=\"xavier\" \/>\n<meta name=\"twitter:card\" content=\"summary_large_image\" \/>\n<meta name=\"twitter:creator\" content=\"@infarma_es\" \/>\n<meta name=\"twitter:site\" content=\"@infarma_es\" \/>\n<meta name=\"twitter:label1\" content=\"Escrit per\" \/>\n\t<meta name=\"twitter:data1\" content=\"xavier\" \/>\n\t<meta name=\"twitter:label2\" content=\"Temps estimat de lectura\" \/>\n\t<meta name=\"twitter:data2\" content=\"3 minuts\" \/>\n<script type=\"application\/ld+json\" class=\"yoast-schema-graph\">{\"@context\":\"https:\\\/\\\/schema.org\",\"@graph\":[{\"@type\":\"Article\",\"@id\":\"https:\\\/\\\/www.infarma.es\\\/ca\\\/comprar-o-vender-una-farmacia-en-los-proximos-meses-una-buena-decision\\\/#article\",\"isPartOf\":{\"@id\":\"https:\\\/\\\/www.infarma.es\\\/ca\\\/comprar-o-vender-una-farmacia-en-los-proximos-meses-una-buena-decision\\\/\"},\"author\":{\"name\":\"xavier\",\"@id\":\"https:\\\/\\\/www.infarma.es\\\/ca\\\/#\\\/schema\\\/person\\\/e53486dc47606cc5c89217026a8a01a7\"},\"headline\":\"Comprar o vender una farmacia en los pr\u00f3ximos meses: \u00bfuna buena decisi\u00f3n?\",\"datePublished\":\"2023-11-02T10:00:27+00:00\",\"dateModified\":\"2024-07-23T11:00:17+00:00\",\"mainEntityOfPage\":{\"@id\":\"https:\\\/\\\/www.infarma.es\\\/ca\\\/comprar-o-vender-una-farmacia-en-los-proximos-meses-una-buena-decision\\\/\"},\"wordCount\":703,\"publisher\":{\"@id\":\"https:\\\/\\\/www.infarma.es\\\/ca\\\/#organization\"},\"image\":{\"@id\":\"https:\\\/\\\/www.infarma.es\\\/ca\\\/comprar-o-vender-una-farmacia-en-los-proximos-meses-una-buena-decision\\\/#primaryimage\"},\"thumbnailUrl\":\"https:\\\/\\\/www.infarma.es\\\/wp-content\\\/uploads\\\/2024\\\/07\\\/inf24.farmaconsulting-compra_venta-blog.webp\",\"articleSection\":[\"Noticias del Sal\u00f3n\"],\"inLanguage\":\"ca\"},{\"@type\":\"WebPage\",\"@id\":\"https:\\\/\\\/www.infarma.es\\\/ca\\\/comprar-o-vender-una-farmacia-en-los-proximos-meses-una-buena-decision\\\/\",\"url\":\"https:\\\/\\\/www.infarma.es\\\/ca\\\/comprar-o-vender-una-farmacia-en-los-proximos-meses-una-buena-decision\\\/\",\"name\":\"Comprar o vender una farmacia en los pr\u00f3ximos meses: \u00bfuna buena decisi\u00f3n?\",\"isPartOf\":{\"@id\":\"https:\\\/\\\/www.infarma.es\\\/ca\\\/#website\"},\"primaryImageOfPage\":{\"@id\":\"https:\\\/\\\/www.infarma.es\\\/ca\\\/comprar-o-vender-una-farmacia-en-los-proximos-meses-una-buena-decision\\\/#primaryimage\"},\"image\":{\"@id\":\"https:\\\/\\\/www.infarma.es\\\/ca\\\/comprar-o-vender-una-farmacia-en-los-proximos-meses-una-buena-decision\\\/#primaryimage\"},\"thumbnailUrl\":\"https:\\\/\\\/www.infarma.es\\\/wp-content\\\/uploads\\\/2024\\\/07\\\/inf24.farmaconsulting-compra_venta-blog.webp\",\"datePublished\":\"2023-11-02T10:00:27+00:00\",\"dateModified\":\"2024-07-23T11:00:17+00:00\",\"description\":\"En el corto plazo, todas las previsiones de crecimiento de la econom\u00eda espa\u00f1ola para 2023 se mantienen o incluso mejoran, hasta dos d\u00e9cimas seg\u00fan la fuente.\",\"breadcrumb\":{\"@id\":\"https:\\\/\\\/www.infarma.es\\\/ca\\\/comprar-o-vender-una-farmacia-en-los-proximos-meses-una-buena-decision\\\/#breadcrumb\"},\"inLanguage\":\"ca\",\"potentialAction\":[{\"@type\":\"ReadAction\",\"target\":[\"https:\\\/\\\/www.infarma.es\\\/ca\\\/comprar-o-vender-una-farmacia-en-los-proximos-meses-una-buena-decision\\\/\"]}]},{\"@type\":\"ImageObject\",\"inLanguage\":\"ca\",\"@id\":\"https:\\\/\\\/www.infarma.es\\\/ca\\\/comprar-o-vender-una-farmacia-en-los-proximos-meses-una-buena-decision\\\/#primaryimage\",\"url\":\"https:\\\/\\\/www.infarma.es\\\/wp-content\\\/uploads\\\/2024\\\/07\\\/inf24.farmaconsulting-compra_venta-blog.webp\",\"contentUrl\":\"https:\\\/\\\/www.infarma.es\\\/wp-content\\\/uploads\\\/2024\\\/07\\\/inf24.farmaconsulting-compra_venta-blog.webp\",\"width\":1600,\"height\":900},{\"@type\":\"BreadcrumbList\",\"@id\":\"https:\\\/\\\/www.infarma.es\\\/ca\\\/comprar-o-vender-una-farmacia-en-los-proximos-meses-una-buena-decision\\\/#breadcrumb\",\"itemListElement\":[{\"@type\":\"ListItem\",\"position\":1,\"name\":\"Portada\",\"item\":\"https:\\\/\\\/www.infarma.es\\\/ca\\\/\"},{\"@type\":\"ListItem\",\"position\":2,\"name\":\"Comprar o vender una farmacia en los pr\u00f3ximos meses: \u00bfuna buena decisi\u00f3n?\"}]},{\"@type\":\"WebSite\",\"@id\":\"https:\\\/\\\/www.infarma.es\\\/ca\\\/#website\",\"url\":\"https:\\\/\\\/www.infarma.es\\\/ca\\\/\",\"name\":\"Infarma\",\"description\":\"El mayor encuentro de farmacia\",\"publisher\":{\"@id\":\"https:\\\/\\\/www.infarma.es\\\/ca\\\/#organization\"},\"potentialAction\":[{\"@type\":\"SearchAction\",\"target\":{\"@type\":\"EntryPoint\",\"urlTemplate\":\"https:\\\/\\\/www.infarma.es\\\/ca\\\/?s={search_term_string}\"},\"query-input\":{\"@type\":\"PropertyValueSpecification\",\"valueRequired\":true,\"valueName\":\"search_term_string\"}}],\"inLanguage\":\"ca\"},{\"@type\":\"Organization\",\"@id\":\"https:\\\/\\\/www.infarma.es\\\/ca\\\/#organization\",\"name\":\"Infarma\",\"url\":\"https:\\\/\\\/www.infarma.es\\\/ca\\\/\",\"logo\":{\"@type\":\"ImageObject\",\"inLanguage\":\"ca\",\"@id\":\"https:\\\/\\\/www.infarma.es\\\/ca\\\/#\\\/schema\\\/logo\\\/image\\\/\",\"url\":\"https:\\\/\\\/www.infarma.es\\\/wp-content\\\/uploads\\\/2024\\\/10\\\/logo-simple.svg\",\"contentUrl\":\"https:\\\/\\\/www.infarma.es\\\/wp-content\\\/uploads\\\/2024\\\/10\\\/logo-simple.svg\",\"width\":1,\"height\":1,\"caption\":\"Infarma\"},\"image\":{\"@id\":\"https:\\\/\\\/www.infarma.es\\\/ca\\\/#\\\/schema\\\/logo\\\/image\\\/\"},\"sameAs\":[\"https:\\\/\\\/www.facebook.com\\\/infarmaoficial\\\/\",\"https:\\\/\\\/x.com\\\/infarma_es\",\"https:\\\/\\\/www.instagram.com\\\/infarma_oficial\\\/\",\"https:\\\/\\\/www.linkedin.com\\\/showcase\\\/infarma-salon\\\/\",\"https:\\\/\\\/www.youtube.com\\\/@INFARMAOFICIAL\"]},{\"@type\":\"Person\",\"@id\":\"https:\\\/\\\/www.infarma.es\\\/ca\\\/#\\\/schema\\\/person\\\/e53486dc47606cc5c89217026a8a01a7\",\"name\":\"xavier\",\"image\":{\"@type\":\"ImageObject\",\"inLanguage\":\"ca\",\"@id\":\"https:\\\/\\\/secure.gravatar.com\\\/avatar\\\/9014b89254123c1f240ae636cc793b98ce50ec2df162909756be1d23adc503e4?s=96&d=mm&r=g\",\"url\":\"https:\\\/\\\/secure.gravatar.com\\\/avatar\\\/9014b89254123c1f240ae636cc793b98ce50ec2df162909756be1d23adc503e4?s=96&d=mm&r=g\",\"contentUrl\":\"https:\\\/\\\/secure.gravatar.com\\\/avatar\\\/9014b89254123c1f240ae636cc793b98ce50ec2df162909756be1d23adc503e4?s=96&d=mm&r=g\",\"caption\":\"xavier\"},\"url\":\"https:\\\/\\\/www.infarma.es\\\/ca\\\/author\\\/xavier\\\/\"}]}<\/script>\n<!-- \/ Yoast SEO plugin. -->","yoast_head_json":{"title":"Comprar o vender una farmacia en los pr\u00f3ximos meses: \u00bfuna buena decisi\u00f3n?","description":"En el corto plazo, todas las previsiones de crecimiento de la econom\u00eda espa\u00f1ola para 2023 se mantienen o incluso mejoran, hasta dos d\u00e9cimas seg\u00fan la fuente.","robots":{"index":"index","follow":"follow","max-snippet":"max-snippet:-1","max-image-preview":"max-image-preview:large","max-video-preview":"max-video-preview:-1"},"canonical":"https:\/\/www.infarma.es\/ca\/comprar-o-vender-una-farmacia-en-los-proximos-meses-una-buena-decision\/","og_locale":"ca_ES","og_type":"article","og_title":"Comprar o vender una farmacia en los pr\u00f3ximos meses: \u00bfuna buena decisi\u00f3n?","og_description":"En el corto plazo, todas las previsiones de crecimiento de la econom\u00eda espa\u00f1ola para 2023 se mantienen o incluso mejoran, hasta dos d\u00e9cimas seg\u00fan la fuente.","og_url":"https:\/\/www.infarma.es\/ca\/comprar-o-vender-una-farmacia-en-los-proximos-meses-una-buena-decision\/","og_site_name":"Infarma","article_publisher":"https:\/\/www.facebook.com\/infarmaoficial\/","article_published_time":"2023-11-02T10:00:27+00:00","article_modified_time":"2024-07-23T11:00:17+00:00","og_image":[{"width":1600,"height":900,"url":"https:\/\/www.infarma.es\/wp-content\/uploads\/2024\/07\/inf24.farmaconsulting-compra_venta-blog.webp","type":"image\/webp"}],"author":"xavier","twitter_card":"summary_large_image","twitter_creator":"@infarma_es","twitter_site":"@infarma_es","twitter_misc":{"Escrit per":"xavier","Temps estimat de lectura":"3 minuts"},"schema":{"@context":"https:\/\/schema.org","@graph":[{"@type":"Article","@id":"https:\/\/www.infarma.es\/ca\/comprar-o-vender-una-farmacia-en-los-proximos-meses-una-buena-decision\/#article","isPartOf":{"@id":"https:\/\/www.infarma.es\/ca\/comprar-o-vender-una-farmacia-en-los-proximos-meses-una-buena-decision\/"},"author":{"name":"xavier","@id":"https:\/\/www.infarma.es\/ca\/#\/schema\/person\/e53486dc47606cc5c89217026a8a01a7"},"headline":"Comprar o vender una farmacia en los pr\u00f3ximos meses: \u00bfuna buena decisi\u00f3n?","datePublished":"2023-11-02T10:00:27+00:00","dateModified":"2024-07-23T11:00:17+00:00","mainEntityOfPage":{"@id":"https:\/\/www.infarma.es\/ca\/comprar-o-vender-una-farmacia-en-los-proximos-meses-una-buena-decision\/"},"wordCount":703,"publisher":{"@id":"https:\/\/www.infarma.es\/ca\/#organization"},"image":{"@id":"https:\/\/www.infarma.es\/ca\/comprar-o-vender-una-farmacia-en-los-proximos-meses-una-buena-decision\/#primaryimage"},"thumbnailUrl":"https:\/\/www.infarma.es\/wp-content\/uploads\/2024\/07\/inf24.farmaconsulting-compra_venta-blog.webp","articleSection":["Noticias del Sal\u00f3n"],"inLanguage":"ca"},{"@type":"WebPage","@id":"https:\/\/www.infarma.es\/ca\/comprar-o-vender-una-farmacia-en-los-proximos-meses-una-buena-decision\/","url":"https:\/\/www.infarma.es\/ca\/comprar-o-vender-una-farmacia-en-los-proximos-meses-una-buena-decision\/","name":"Comprar o vender una farmacia en los pr\u00f3ximos meses: \u00bfuna buena decisi\u00f3n?","isPartOf":{"@id":"https:\/\/www.infarma.es\/ca\/#website"},"primaryImageOfPage":{"@id":"https:\/\/www.infarma.es\/ca\/comprar-o-vender-una-farmacia-en-los-proximos-meses-una-buena-decision\/#primaryimage"},"image":{"@id":"https:\/\/www.infarma.es\/ca\/comprar-o-vender-una-farmacia-en-los-proximos-meses-una-buena-decision\/#primaryimage"},"thumbnailUrl":"https:\/\/www.infarma.es\/wp-content\/uploads\/2024\/07\/inf24.farmaconsulting-compra_venta-blog.webp","datePublished":"2023-11-02T10:00:27+00:00","dateModified":"2024-07-23T11:00:17+00:00","description":"En el corto plazo, todas las previsiones de crecimiento de la econom\u00eda espa\u00f1ola para 2023 se mantienen o incluso mejoran, hasta dos d\u00e9cimas seg\u00fan la fuente.","breadcrumb":{"@id":"https:\/\/www.infarma.es\/ca\/comprar-o-vender-una-farmacia-en-los-proximos-meses-una-buena-decision\/#breadcrumb"},"inLanguage":"ca","potentialAction":[{"@type":"ReadAction","target":["https:\/\/www.infarma.es\/ca\/comprar-o-vender-una-farmacia-en-los-proximos-meses-una-buena-decision\/"]}]},{"@type":"ImageObject","inLanguage":"ca","@id":"https:\/\/www.infarma.es\/ca\/comprar-o-vender-una-farmacia-en-los-proximos-meses-una-buena-decision\/#primaryimage","url":"https:\/\/www.infarma.es\/wp-content\/uploads\/2024\/07\/inf24.farmaconsulting-compra_venta-blog.webp","contentUrl":"https:\/\/www.infarma.es\/wp-content\/uploads\/2024\/07\/inf24.farmaconsulting-compra_venta-blog.webp","width":1600,"height":900},{"@type":"BreadcrumbList","@id":"https:\/\/www.infarma.es\/ca\/comprar-o-vender-una-farmacia-en-los-proximos-meses-una-buena-decision\/#breadcrumb","itemListElement":[{"@type":"ListItem","position":1,"name":"Portada","item":"https:\/\/www.infarma.es\/ca\/"},{"@type":"ListItem","position":2,"name":"Comprar o vender una farmacia en los pr\u00f3ximos meses: \u00bfuna buena decisi\u00f3n?"}]},{"@type":"WebSite","@id":"https:\/\/www.infarma.es\/ca\/#website","url":"https:\/\/www.infarma.es\/ca\/","name":"Infarma","description":"El mayor encuentro de farmacia","publisher":{"@id":"https:\/\/www.infarma.es\/ca\/#organization"},"potentialAction":[{"@type":"SearchAction","target":{"@type":"EntryPoint","urlTemplate":"https:\/\/www.infarma.es\/ca\/?s={search_term_string}"},"query-input":{"@type":"PropertyValueSpecification","valueRequired":true,"valueName":"search_term_string"}}],"inLanguage":"ca"},{"@type":"Organization","@id":"https:\/\/www.infarma.es\/ca\/#organization","name":"Infarma","url":"https:\/\/www.infarma.es\/ca\/","logo":{"@type":"ImageObject","inLanguage":"ca","@id":"https:\/\/www.infarma.es\/ca\/#\/schema\/logo\/image\/","url":"https:\/\/www.infarma.es\/wp-content\/uploads\/2024\/10\/logo-simple.svg","contentUrl":"https:\/\/www.infarma.es\/wp-content\/uploads\/2024\/10\/logo-simple.svg","width":1,"height":1,"caption":"Infarma"},"image":{"@id":"https:\/\/www.infarma.es\/ca\/#\/schema\/logo\/image\/"},"sameAs":["https:\/\/www.facebook.com\/infarmaoficial\/","https:\/\/x.com\/infarma_es","https:\/\/www.instagram.com\/infarma_oficial\/","https:\/\/www.linkedin.com\/showcase\/infarma-salon\/","https:\/\/www.youtube.com\/@INFARMAOFICIAL"]},{"@type":"Person","@id":"https:\/\/www.infarma.es\/ca\/#\/schema\/person\/e53486dc47606cc5c89217026a8a01a7","name":"xavier","image":{"@type":"ImageObject","inLanguage":"ca","@id":"https:\/\/secure.gravatar.com\/avatar\/9014b89254123c1f240ae636cc793b98ce50ec2df162909756be1d23adc503e4?s=96&d=mm&r=g","url":"https:\/\/secure.gravatar.com\/avatar\/9014b89254123c1f240ae636cc793b98ce50ec2df162909756be1d23adc503e4?s=96&d=mm&r=g","contentUrl":"https:\/\/secure.gravatar.com\/avatar\/9014b89254123c1f240ae636cc793b98ce50ec2df162909756be1d23adc503e4?s=96&d=mm&r=g","caption":"xavier"},"url":"https:\/\/www.infarma.es\/ca\/author\/xavier\/"}]}},"_links":{"self":[{"href":"https:\/\/www.infarma.es\/ca\/wp-json\/wp\/v2\/posts\/10807","targetHints":{"allow":["GET"]}}],"collection":[{"href":"https:\/\/www.infarma.es\/ca\/wp-json\/wp\/v2\/posts"}],"about":[{"href":"https:\/\/www.infarma.es\/ca\/wp-json\/wp\/v2\/types\/post"}],"author":[{"embeddable":true,"href":"https:\/\/www.infarma.es\/ca\/wp-json\/wp\/v2\/users\/2"}],"replies":[{"embeddable":true,"href":"https:\/\/www.infarma.es\/ca\/wp-json\/wp\/v2\/comments?post=10807"}],"version-history":[{"count":2,"href":"https:\/\/www.infarma.es\/ca\/wp-json\/wp\/v2\/posts\/10807\/revisions"}],"predecessor-version":[{"id":13687,"href":"https:\/\/www.infarma.es\/ca\/wp-json\/wp\/v2\/posts\/10807\/revisions\/13687"}],"wp:featuredmedia":[{"embeddable":true,"href":"https:\/\/www.infarma.es\/ca\/wp-json\/wp\/v2\/media\/13637"}],"wp:attachment":[{"href":"https:\/\/www.infarma.es\/ca\/wp-json\/wp\/v2\/media?parent=10807"}],"wp:term":[{"taxonomy":"category","embeddable":true,"href":"https:\/\/www.infarma.es\/ca\/wp-json\/wp\/v2\/categories?post=10807"},{"taxonomy":"post_tag","embeddable":true,"href":"https:\/\/www.infarma.es\/ca\/wp-json\/wp\/v2\/tags?post=10807"}],"curies":[{"name":"wp","href":"https:\/\/api.w.org\/{rel}","templated":true}]}}