{"id":10883,"date":"2023-11-29T11:10:13","date_gmt":"2023-11-29T10:10:13","guid":{"rendered":"https:\/\/www.infarma.es\/?p=10883"},"modified":"2024-07-23T12:58:30","modified_gmt":"2024-07-23T10:58:30","slug":"la-marca-de-cosmetica-africana-aoklabs-agitara-por-tercer-ano-consecutivo-infarma","status":"publish","type":"post","link":"https:\/\/www.infarma.es\/ca\/la-marca-de-cosmetica-africana-aoklabs-agitara-por-tercer-ano-consecutivo-infarma\/","title":{"rendered":"La marca de cosm\u00e9tica africana AOKlabs agitar\u00e1 por tercer a\u00f1o consecutivo Infarma"},"content":{"rendered":"\n<p>No hay dos sin tres. Y, si <a href=\"https:\/\/aoklabs.com\/\" target=\"_blank\" rel=\"noreferrer noopener\">AOKlabs<\/a> revolucion\u00f3 las dos ediciones pasadas de Infarma, en la pr\u00f3xima de 2024 har\u00e1 lo propio. Las reuniones celebradas en 2022 y 2023 de la cita m\u00e1s importante del sector farmac\u00e9utico en Espa\u00f1a estuvieron inundadas de aires africanos, pues la marca de dermocosm\u00e9tica quiso llevar su esencia a la feria profesional. Un stand poco convencional, la m\u00fasica \u00e9tnica del continente vecino y la presencia de los art\u00edfices de la marca, dos j\u00f3venes emprendedores nada convencionales, fueron algunas de las sorpresas que dejaron asombrados a los asistentes.<\/p>\n\n\n\n<p>\u201cSi en la \u00faltima celebraci\u00f3n de Infarma no dejamos indiferentes ni a nuestros <em>partners<\/em> ni tampoco a los farmac\u00e9uticos, esta vez no ser\u00e1 distinto. Vamos a viajar a Madrid cargados con toda la artiller\u00eda\u201d, bromean Katia Simone y Fran Morales, fundadores de AOKlabs, la firma de cosm\u00e9tica africana cuyo objetivo es sorprender y ser diferente del resto de laboratorios. \u00bfC\u00f3mo lo consigue? No solo con ayuda de fant\u00e1sticas formulaciones y principios activos de calidad, tra\u00eddos directamente desde \u00c1frica y potenciados por las formulaciones que desarrollan en su sede de Sevilla. Tambi\u00e9n se apoya tanto en los valores que transmite a su comunidad, como de los actos solidarios que llevan a cabo con sus cooperativistas y las familias de estas.<\/p>\n\n\n\n<p>La primera vez que AOKlabs desembarc\u00f3 en Infarma lo hizo para presentar el <a href=\"https:\/\/aoklabs.com\/producto\/oro-africano\/\" target=\"_blank\" rel=\"noreferrer noopener\">Oro Africano<\/a> \u2013manteca de Karit\u00e9 100% org\u00e1nica, pura y certificada en origen\u2013, que no solo es el primer producto que sali\u00f3 a la venta, sino que se ha convertido en el m\u00e1s vendido y admirado. Adem\u00e1s, en esta edici\u00f3n viene acompa\u00f1ado de novedades que no van a dejar indiferente a nadie. Y hasta ah\u00ed podemos leer\u2026 Ahora AOKlabs cuenta con una gama compuesta por 15 referencias, nueve de ellas de su l\u00ednea Pure Life y las seis restantes las que configuran <a href=\"https:\/\/aoklabs.com\/2023\/06\/05\/eternal-summer-siente-el-verano-en-la-piel-durante-los-365-dias\/\" target=\"_blank\" rel=\"noreferrer noopener\">Eternal Summer<\/a>.<\/p>\n\n\n\n<p>Esta \u00faltima l\u00ednea, que fue presentada el pasado verano en las playas de C\u00e1diz, tiene una misi\u00f3n muy clara: \u201crecordar que incluso en lo m\u00e1s profundo del invierno, un verano invencible habita en nosotros\u201d, tal y como asegura Mariu Gonz\u00e1lez, directora t\u00e9cnica de la firma. Estos cosm\u00e9ticos ayudan a lucir un bronceado sublime y una piel hidratada y luminosa durante todo el a\u00f1o, con ayuda de ingredientes tra\u00eddos directamente del coraz\u00f3n de \u00c1frica, como marula y arg\u00e1n, Bifurcaria Bifurcata y kigelia africana; se unen a los tres principios activos que imprescindibles de la firma: karit\u00e9, moringa y baobab.<\/p>\n\n\n\n<p>Todos ellos son productos 100% naturales, ecol\u00f3gicos y honestos, con toda la fuerza del coraz\u00f3n de \u00c1frica y un gran equilibrio entre tradici\u00f3n e innovaci\u00f3n. Presentes en m\u00e1s de 2.700 farmacias del territorio espa\u00f1ol, el pasado mes de septiembre desembarcaron en Portugal y durante 2024 sus referencias tambi\u00e9n se podr\u00e1n encontrar en pr\u00e1cticamente toda Europa.<\/p>\n\n\n\n<p>Este a\u00f1o AOKlabs quiere volver a diferenciarse del resto de participantes de Infarma, por lo que no solo tiene preparados detalles sorprendentes para todos los asistentes; tambi\u00e9n quiere que todos aquellos que visiten su stand vivan una experiencia \u00fanica, totalmente diferente a lo habitual en la feria m\u00e1s importante y en la que, sorprendentemente, podr\u00e1n dedicar unos minutos para relajarse y desconectar del estr\u00e9s diario, con ayuda de las sensaciones africanas<\/p>\n\n\n\n<p>Por \u00faltimo, recordar que AOKlabs tiene un firme compromiso con la sostenibilidad de la cosm\u00e9tica, el cuidado del medio ambiente y la transparencia, ofreciendo unos productos honestos, ecol\u00f3gicos y certificados en origen. Y tambi\u00e9n con el progreso, el salario digno de las cooperativistas con las que trabaja y las relaciones comerciales justas.&nbsp;&nbsp;<\/p>\n","protected":false},"excerpt":{"rendered":"<p>No hay dos sin tres. Y, si AOKlabs revolucion\u00f3 las dos ediciones pasadas de Infarma, en la pr\u00f3xima de 2024 har\u00e1 lo propio. Las reuniones celebradas en 2022 y 2023 de la cita m\u00e1s importante del sector farmac\u00e9utico en Espa\u00f1a estuvieron inundadas de aires africanos, pues la marca de dermocosm\u00e9tica quiso llevar su esencia a [&hellip;]<\/p>\n","protected":false},"author":2,"featured_media":13645,"comment_status":"closed","ping_status":"closed","sticky":false,"template":"","format":"standard","meta":{"footnotes":""},"categories":[141],"tags":[],"class_list":["post-10883","post","type-post","status-publish","format-standard","has-post-thumbnail","hentry","category-noticias-del-salon"],"yoast_head":"<!-- This site is optimized with the Yoast SEO plugin v27.4 - https:\/\/yoast.com\/product\/yoast-seo-wordpress\/ -->\n<title>AOKlabs agitar\u00e1 por tercer a\u00f1o consecutivo Infarma<\/title>\n<meta name=\"description\" content=\"Vamos a viajar a Madrid cargados con toda la artiller\u00eda\u201d, bromean Katia Simone y Fran Morales, fundadores de AOKlabs, la firma de cosm\u00e9tica africana.\" \/>\n<meta name=\"robots\" content=\"index, follow, max-snippet:-1, max-image-preview:large, max-video-preview:-1\" \/>\n<link rel=\"canonical\" href=\"https:\/\/www.infarma.es\/ca\/la-marca-de-cosmetica-africana-aoklabs-agitara-por-tercer-ano-consecutivo-infarma\/\" \/>\n<meta property=\"og:locale\" content=\"ca_ES\" \/>\n<meta property=\"og:type\" content=\"article\" \/>\n<meta property=\"og:title\" content=\"AOKlabs agitar\u00e1 por tercer a\u00f1o consecutivo Infarma\" \/>\n<meta property=\"og:description\" content=\"Vamos a viajar a Madrid cargados con toda la artiller\u00eda\u201d, bromean Katia Simone y Fran Morales, fundadores de AOKlabs, la firma de cosm\u00e9tica africana.\" \/>\n<meta property=\"og:url\" content=\"https:\/\/www.infarma.es\/ca\/la-marca-de-cosmetica-africana-aoklabs-agitara-por-tercer-ano-consecutivo-infarma\/\" \/>\n<meta property=\"og:site_name\" content=\"Infarma\" \/>\n<meta property=\"article:publisher\" content=\"https:\/\/www.facebook.com\/infarmaoficial\/\" \/>\n<meta property=\"article:published_time\" content=\"2023-11-29T10:10:13+00:00\" \/>\n<meta property=\"article:modified_time\" content=\"2024-07-23T10:58:30+00:00\" \/>\n<meta property=\"og:image\" content=\"https:\/\/www.infarma.es\/wp-content\/uploads\/2024\/07\/inf24-aoklabs-cosmetica-africana-blog.webp\" \/>\n\t<meta property=\"og:image:width\" content=\"1600\" \/>\n\t<meta property=\"og:image:height\" content=\"900\" \/>\n\t<meta property=\"og:image:type\" content=\"image\/webp\" \/>\n<meta name=\"author\" content=\"xavier\" \/>\n<meta name=\"twitter:card\" content=\"summary_large_image\" \/>\n<meta name=\"twitter:creator\" content=\"@infarma_es\" \/>\n<meta name=\"twitter:site\" content=\"@infarma_es\" \/>\n<meta name=\"twitter:label1\" content=\"Escrit per\" \/>\n\t<meta name=\"twitter:data1\" content=\"xavier\" \/>\n\t<meta name=\"twitter:label2\" content=\"Temps estimat de lectura\" \/>\n\t<meta name=\"twitter:data2\" content=\"3 minuts\" \/>\n<script type=\"application\/ld+json\" class=\"yoast-schema-graph\">{\"@context\":\"https:\\\/\\\/schema.org\",\"@graph\":[{\"@type\":\"Article\",\"@id\":\"https:\\\/\\\/www.infarma.es\\\/ca\\\/la-marca-de-cosmetica-africana-aoklabs-agitara-por-tercer-ano-consecutivo-infarma\\\/#article\",\"isPartOf\":{\"@id\":\"https:\\\/\\\/www.infarma.es\\\/ca\\\/la-marca-de-cosmetica-africana-aoklabs-agitara-por-tercer-ano-consecutivo-infarma\\\/\"},\"author\":{\"name\":\"xavier\",\"@id\":\"https:\\\/\\\/www.infarma.es\\\/ca\\\/#\\\/schema\\\/person\\\/e53486dc47606cc5c89217026a8a01a7\"},\"headline\":\"La marca de cosm\u00e9tica africana AOKlabs agitar\u00e1 por tercer a\u00f1o consecutivo Infarma\",\"datePublished\":\"2023-11-29T10:10:13+00:00\",\"dateModified\":\"2024-07-23T10:58:30+00:00\",\"mainEntityOfPage\":{\"@id\":\"https:\\\/\\\/www.infarma.es\\\/ca\\\/la-marca-de-cosmetica-africana-aoklabs-agitara-por-tercer-ano-consecutivo-infarma\\\/\"},\"wordCount\":642,\"publisher\":{\"@id\":\"https:\\\/\\\/www.infarma.es\\\/ca\\\/#organization\"},\"image\":{\"@id\":\"https:\\\/\\\/www.infarma.es\\\/ca\\\/la-marca-de-cosmetica-africana-aoklabs-agitara-por-tercer-ano-consecutivo-infarma\\\/#primaryimage\"},\"thumbnailUrl\":\"https:\\\/\\\/www.infarma.es\\\/wp-content\\\/uploads\\\/2024\\\/07\\\/inf24-aoklabs-cosmetica-africana-blog.webp\",\"articleSection\":[\"Noticias del Sal\u00f3n\"],\"inLanguage\":\"ca\"},{\"@type\":\"WebPage\",\"@id\":\"https:\\\/\\\/www.infarma.es\\\/ca\\\/la-marca-de-cosmetica-africana-aoklabs-agitara-por-tercer-ano-consecutivo-infarma\\\/\",\"url\":\"https:\\\/\\\/www.infarma.es\\\/ca\\\/la-marca-de-cosmetica-africana-aoklabs-agitara-por-tercer-ano-consecutivo-infarma\\\/\",\"name\":\"AOKlabs agitar\u00e1 por tercer a\u00f1o consecutivo Infarma\",\"isPartOf\":{\"@id\":\"https:\\\/\\\/www.infarma.es\\\/ca\\\/#website\"},\"primaryImageOfPage\":{\"@id\":\"https:\\\/\\\/www.infarma.es\\\/ca\\\/la-marca-de-cosmetica-africana-aoklabs-agitara-por-tercer-ano-consecutivo-infarma\\\/#primaryimage\"},\"image\":{\"@id\":\"https:\\\/\\\/www.infarma.es\\\/ca\\\/la-marca-de-cosmetica-africana-aoklabs-agitara-por-tercer-ano-consecutivo-infarma\\\/#primaryimage\"},\"thumbnailUrl\":\"https:\\\/\\\/www.infarma.es\\\/wp-content\\\/uploads\\\/2024\\\/07\\\/inf24-aoklabs-cosmetica-africana-blog.webp\",\"datePublished\":\"2023-11-29T10:10:13+00:00\",\"dateModified\":\"2024-07-23T10:58:30+00:00\",\"description\":\"Vamos a viajar a Madrid cargados con toda la artiller\u00eda\u201d, bromean Katia Simone y Fran Morales, fundadores de AOKlabs, la firma de cosm\u00e9tica africana.\",\"breadcrumb\":{\"@id\":\"https:\\\/\\\/www.infarma.es\\\/ca\\\/la-marca-de-cosmetica-africana-aoklabs-agitara-por-tercer-ano-consecutivo-infarma\\\/#breadcrumb\"},\"inLanguage\":\"ca\",\"potentialAction\":[{\"@type\":\"ReadAction\",\"target\":[\"https:\\\/\\\/www.infarma.es\\\/ca\\\/la-marca-de-cosmetica-africana-aoklabs-agitara-por-tercer-ano-consecutivo-infarma\\\/\"]}]},{\"@type\":\"ImageObject\",\"inLanguage\":\"ca\",\"@id\":\"https:\\\/\\\/www.infarma.es\\\/ca\\\/la-marca-de-cosmetica-africana-aoklabs-agitara-por-tercer-ano-consecutivo-infarma\\\/#primaryimage\",\"url\":\"https:\\\/\\\/www.infarma.es\\\/wp-content\\\/uploads\\\/2024\\\/07\\\/inf24-aoklabs-cosmetica-africana-blog.webp\",\"contentUrl\":\"https:\\\/\\\/www.infarma.es\\\/wp-content\\\/uploads\\\/2024\\\/07\\\/inf24-aoklabs-cosmetica-africana-blog.webp\",\"width\":1600,\"height\":900},{\"@type\":\"BreadcrumbList\",\"@id\":\"https:\\\/\\\/www.infarma.es\\\/ca\\\/la-marca-de-cosmetica-africana-aoklabs-agitara-por-tercer-ano-consecutivo-infarma\\\/#breadcrumb\",\"itemListElement\":[{\"@type\":\"ListItem\",\"position\":1,\"name\":\"Portada\",\"item\":\"https:\\\/\\\/www.infarma.es\\\/ca\\\/\"},{\"@type\":\"ListItem\",\"position\":2,\"name\":\"La marca de cosm\u00e9tica africana AOKlabs agitar\u00e1 por tercer a\u00f1o consecutivo Infarma\"}]},{\"@type\":\"WebSite\",\"@id\":\"https:\\\/\\\/www.infarma.es\\\/ca\\\/#website\",\"url\":\"https:\\\/\\\/www.infarma.es\\\/ca\\\/\",\"name\":\"Infarma\",\"description\":\"El mayor encuentro de farmacia\",\"publisher\":{\"@id\":\"https:\\\/\\\/www.infarma.es\\\/ca\\\/#organization\"},\"potentialAction\":[{\"@type\":\"SearchAction\",\"target\":{\"@type\":\"EntryPoint\",\"urlTemplate\":\"https:\\\/\\\/www.infarma.es\\\/ca\\\/?s={search_term_string}\"},\"query-input\":{\"@type\":\"PropertyValueSpecification\",\"valueRequired\":true,\"valueName\":\"search_term_string\"}}],\"inLanguage\":\"ca\"},{\"@type\":\"Organization\",\"@id\":\"https:\\\/\\\/www.infarma.es\\\/ca\\\/#organization\",\"name\":\"Infarma\",\"url\":\"https:\\\/\\\/www.infarma.es\\\/ca\\\/\",\"logo\":{\"@type\":\"ImageObject\",\"inLanguage\":\"ca\",\"@id\":\"https:\\\/\\\/www.infarma.es\\\/ca\\\/#\\\/schema\\\/logo\\\/image\\\/\",\"url\":\"https:\\\/\\\/www.infarma.es\\\/wp-content\\\/uploads\\\/2024\\\/10\\\/logo-simple.svg\",\"contentUrl\":\"https:\\\/\\\/www.infarma.es\\\/wp-content\\\/uploads\\\/2024\\\/10\\\/logo-simple.svg\",\"width\":1,\"height\":1,\"caption\":\"Infarma\"},\"image\":{\"@id\":\"https:\\\/\\\/www.infarma.es\\\/ca\\\/#\\\/schema\\\/logo\\\/image\\\/\"},\"sameAs\":[\"https:\\\/\\\/www.facebook.com\\\/infarmaoficial\\\/\",\"https:\\\/\\\/x.com\\\/infarma_es\",\"https:\\\/\\\/www.instagram.com\\\/infarma_oficial\\\/\",\"https:\\\/\\\/www.linkedin.com\\\/showcase\\\/infarma-salon\\\/\",\"https:\\\/\\\/www.youtube.com\\\/@INFARMAOFICIAL\"]},{\"@type\":\"Person\",\"@id\":\"https:\\\/\\\/www.infarma.es\\\/ca\\\/#\\\/schema\\\/person\\\/e53486dc47606cc5c89217026a8a01a7\",\"name\":\"xavier\",\"image\":{\"@type\":\"ImageObject\",\"inLanguage\":\"ca\",\"@id\":\"https:\\\/\\\/secure.gravatar.com\\\/avatar\\\/9014b89254123c1f240ae636cc793b98ce50ec2df162909756be1d23adc503e4?s=96&d=mm&r=g\",\"url\":\"https:\\\/\\\/secure.gravatar.com\\\/avatar\\\/9014b89254123c1f240ae636cc793b98ce50ec2df162909756be1d23adc503e4?s=96&d=mm&r=g\",\"contentUrl\":\"https:\\\/\\\/secure.gravatar.com\\\/avatar\\\/9014b89254123c1f240ae636cc793b98ce50ec2df162909756be1d23adc503e4?s=96&d=mm&r=g\",\"caption\":\"xavier\"},\"url\":\"https:\\\/\\\/www.infarma.es\\\/ca\\\/author\\\/xavier\\\/\"}]}<\/script>\n<!-- \/ Yoast SEO plugin. -->","yoast_head_json":{"title":"AOKlabs agitar\u00e1 por tercer a\u00f1o consecutivo Infarma","description":"Vamos a viajar a Madrid cargados con toda la artiller\u00eda\u201d, bromean Katia Simone y Fran Morales, fundadores de AOKlabs, la firma de cosm\u00e9tica africana.","robots":{"index":"index","follow":"follow","max-snippet":"max-snippet:-1","max-image-preview":"max-image-preview:large","max-video-preview":"max-video-preview:-1"},"canonical":"https:\/\/www.infarma.es\/ca\/la-marca-de-cosmetica-africana-aoklabs-agitara-por-tercer-ano-consecutivo-infarma\/","og_locale":"ca_ES","og_type":"article","og_title":"AOKlabs agitar\u00e1 por tercer a\u00f1o consecutivo Infarma","og_description":"Vamos a viajar a Madrid cargados con toda la artiller\u00eda\u201d, bromean Katia Simone y Fran Morales, fundadores de AOKlabs, la firma de cosm\u00e9tica africana.","og_url":"https:\/\/www.infarma.es\/ca\/la-marca-de-cosmetica-africana-aoklabs-agitara-por-tercer-ano-consecutivo-infarma\/","og_site_name":"Infarma","article_publisher":"https:\/\/www.facebook.com\/infarmaoficial\/","article_published_time":"2023-11-29T10:10:13+00:00","article_modified_time":"2024-07-23T10:58:30+00:00","og_image":[{"width":1600,"height":900,"url":"https:\/\/www.infarma.es\/wp-content\/uploads\/2024\/07\/inf24-aoklabs-cosmetica-africana-blog.webp","type":"image\/webp"}],"author":"xavier","twitter_card":"summary_large_image","twitter_creator":"@infarma_es","twitter_site":"@infarma_es","twitter_misc":{"Escrit per":"xavier","Temps estimat de lectura":"3 minuts"},"schema":{"@context":"https:\/\/schema.org","@graph":[{"@type":"Article","@id":"https:\/\/www.infarma.es\/ca\/la-marca-de-cosmetica-africana-aoklabs-agitara-por-tercer-ano-consecutivo-infarma\/#article","isPartOf":{"@id":"https:\/\/www.infarma.es\/ca\/la-marca-de-cosmetica-africana-aoklabs-agitara-por-tercer-ano-consecutivo-infarma\/"},"author":{"name":"xavier","@id":"https:\/\/www.infarma.es\/ca\/#\/schema\/person\/e53486dc47606cc5c89217026a8a01a7"},"headline":"La marca de cosm\u00e9tica africana AOKlabs agitar\u00e1 por tercer a\u00f1o consecutivo Infarma","datePublished":"2023-11-29T10:10:13+00:00","dateModified":"2024-07-23T10:58:30+00:00","mainEntityOfPage":{"@id":"https:\/\/www.infarma.es\/ca\/la-marca-de-cosmetica-africana-aoklabs-agitara-por-tercer-ano-consecutivo-infarma\/"},"wordCount":642,"publisher":{"@id":"https:\/\/www.infarma.es\/ca\/#organization"},"image":{"@id":"https:\/\/www.infarma.es\/ca\/la-marca-de-cosmetica-africana-aoklabs-agitara-por-tercer-ano-consecutivo-infarma\/#primaryimage"},"thumbnailUrl":"https:\/\/www.infarma.es\/wp-content\/uploads\/2024\/07\/inf24-aoklabs-cosmetica-africana-blog.webp","articleSection":["Noticias del Sal\u00f3n"],"inLanguage":"ca"},{"@type":"WebPage","@id":"https:\/\/www.infarma.es\/ca\/la-marca-de-cosmetica-africana-aoklabs-agitara-por-tercer-ano-consecutivo-infarma\/","url":"https:\/\/www.infarma.es\/ca\/la-marca-de-cosmetica-africana-aoklabs-agitara-por-tercer-ano-consecutivo-infarma\/","name":"AOKlabs agitar\u00e1 por tercer a\u00f1o consecutivo Infarma","isPartOf":{"@id":"https:\/\/www.infarma.es\/ca\/#website"},"primaryImageOfPage":{"@id":"https:\/\/www.infarma.es\/ca\/la-marca-de-cosmetica-africana-aoklabs-agitara-por-tercer-ano-consecutivo-infarma\/#primaryimage"},"image":{"@id":"https:\/\/www.infarma.es\/ca\/la-marca-de-cosmetica-africana-aoklabs-agitara-por-tercer-ano-consecutivo-infarma\/#primaryimage"},"thumbnailUrl":"https:\/\/www.infarma.es\/wp-content\/uploads\/2024\/07\/inf24-aoklabs-cosmetica-africana-blog.webp","datePublished":"2023-11-29T10:10:13+00:00","dateModified":"2024-07-23T10:58:30+00:00","description":"Vamos a viajar a Madrid cargados con toda la artiller\u00eda\u201d, bromean Katia Simone y Fran Morales, fundadores de AOKlabs, la firma de cosm\u00e9tica africana.","breadcrumb":{"@id":"https:\/\/www.infarma.es\/ca\/la-marca-de-cosmetica-africana-aoklabs-agitara-por-tercer-ano-consecutivo-infarma\/#breadcrumb"},"inLanguage":"ca","potentialAction":[{"@type":"ReadAction","target":["https:\/\/www.infarma.es\/ca\/la-marca-de-cosmetica-africana-aoklabs-agitara-por-tercer-ano-consecutivo-infarma\/"]}]},{"@type":"ImageObject","inLanguage":"ca","@id":"https:\/\/www.infarma.es\/ca\/la-marca-de-cosmetica-africana-aoklabs-agitara-por-tercer-ano-consecutivo-infarma\/#primaryimage","url":"https:\/\/www.infarma.es\/wp-content\/uploads\/2024\/07\/inf24-aoklabs-cosmetica-africana-blog.webp","contentUrl":"https:\/\/www.infarma.es\/wp-content\/uploads\/2024\/07\/inf24-aoklabs-cosmetica-africana-blog.webp","width":1600,"height":900},{"@type":"BreadcrumbList","@id":"https:\/\/www.infarma.es\/ca\/la-marca-de-cosmetica-africana-aoklabs-agitara-por-tercer-ano-consecutivo-infarma\/#breadcrumb","itemListElement":[{"@type":"ListItem","position":1,"name":"Portada","item":"https:\/\/www.infarma.es\/ca\/"},{"@type":"ListItem","position":2,"name":"La marca de cosm\u00e9tica africana AOKlabs agitar\u00e1 por tercer a\u00f1o consecutivo Infarma"}]},{"@type":"WebSite","@id":"https:\/\/www.infarma.es\/ca\/#website","url":"https:\/\/www.infarma.es\/ca\/","name":"Infarma","description":"El mayor encuentro de farmacia","publisher":{"@id":"https:\/\/www.infarma.es\/ca\/#organization"},"potentialAction":[{"@type":"SearchAction","target":{"@type":"EntryPoint","urlTemplate":"https:\/\/www.infarma.es\/ca\/?s={search_term_string}"},"query-input":{"@type":"PropertyValueSpecification","valueRequired":true,"valueName":"search_term_string"}}],"inLanguage":"ca"},{"@type":"Organization","@id":"https:\/\/www.infarma.es\/ca\/#organization","name":"Infarma","url":"https:\/\/www.infarma.es\/ca\/","logo":{"@type":"ImageObject","inLanguage":"ca","@id":"https:\/\/www.infarma.es\/ca\/#\/schema\/logo\/image\/","url":"https:\/\/www.infarma.es\/wp-content\/uploads\/2024\/10\/logo-simple.svg","contentUrl":"https:\/\/www.infarma.es\/wp-content\/uploads\/2024\/10\/logo-simple.svg","width":1,"height":1,"caption":"Infarma"},"image":{"@id":"https:\/\/www.infarma.es\/ca\/#\/schema\/logo\/image\/"},"sameAs":["https:\/\/www.facebook.com\/infarmaoficial\/","https:\/\/x.com\/infarma_es","https:\/\/www.instagram.com\/infarma_oficial\/","https:\/\/www.linkedin.com\/showcase\/infarma-salon\/","https:\/\/www.youtube.com\/@INFARMAOFICIAL"]},{"@type":"Person","@id":"https:\/\/www.infarma.es\/ca\/#\/schema\/person\/e53486dc47606cc5c89217026a8a01a7","name":"xavier","image":{"@type":"ImageObject","inLanguage":"ca","@id":"https:\/\/secure.gravatar.com\/avatar\/9014b89254123c1f240ae636cc793b98ce50ec2df162909756be1d23adc503e4?s=96&d=mm&r=g","url":"https:\/\/secure.gravatar.com\/avatar\/9014b89254123c1f240ae636cc793b98ce50ec2df162909756be1d23adc503e4?s=96&d=mm&r=g","contentUrl":"https:\/\/secure.gravatar.com\/avatar\/9014b89254123c1f240ae636cc793b98ce50ec2df162909756be1d23adc503e4?s=96&d=mm&r=g","caption":"xavier"},"url":"https:\/\/www.infarma.es\/ca\/author\/xavier\/"}]}},"_links":{"self":[{"href":"https:\/\/www.infarma.es\/ca\/wp-json\/wp\/v2\/posts\/10883","targetHints":{"allow":["GET"]}}],"collection":[{"href":"https:\/\/www.infarma.es\/ca\/wp-json\/wp\/v2\/posts"}],"about":[{"href":"https:\/\/www.infarma.es\/ca\/wp-json\/wp\/v2\/types\/post"}],"author":[{"embeddable":true,"href":"https:\/\/www.infarma.es\/ca\/wp-json\/wp\/v2\/users\/2"}],"replies":[{"embeddable":true,"href":"https:\/\/www.infarma.es\/ca\/wp-json\/wp\/v2\/comments?post=10883"}],"version-history":[{"count":2,"href":"https:\/\/www.infarma.es\/ca\/wp-json\/wp\/v2\/posts\/10883\/revisions"}],"predecessor-version":[{"id":13674,"href":"https:\/\/www.infarma.es\/ca\/wp-json\/wp\/v2\/posts\/10883\/revisions\/13674"}],"wp:featuredmedia":[{"embeddable":true,"href":"https:\/\/www.infarma.es\/ca\/wp-json\/wp\/v2\/media\/13645"}],"wp:attachment":[{"href":"https:\/\/www.infarma.es\/ca\/wp-json\/wp\/v2\/media?parent=10883"}],"wp:term":[{"taxonomy":"category","embeddable":true,"href":"https:\/\/www.infarma.es\/ca\/wp-json\/wp\/v2\/categories?post=10883"},{"taxonomy":"post_tag","embeddable":true,"href":"https:\/\/www.infarma.es\/ca\/wp-json\/wp\/v2\/tags?post=10883"}],"curies":[{"name":"wp","href":"https:\/\/api.w.org\/{rel}","templated":true}]}}