{"id":11645,"date":"2024-02-23T10:00:00","date_gmt":"2024-02-23T09:00:00","guid":{"rendered":"https:\/\/www.infarma.es\/?p=11645"},"modified":"2024-07-23T12:11:45","modified_gmt":"2024-07-23T10:11:45","slug":"deslumbra-en-estilo-presentando-la-radiante-coleccion-2024-de-gafas-de-sol-bads","status":"publish","type":"post","link":"https:\/\/www.infarma.es\/ca\/deslumbra-en-estilo-presentando-la-radiante-coleccion-2024-de-gafas-de-sol-bads\/","title":{"rendered":"\u201c\u00a1Deslumbra en Estilo!\u201d Presentando la Radiante Colecci\u00f3n 2024 de Gafas de Sol Bads."},"content":{"rendered":"\n<div style=\"height:20px\" aria-hidden=\"true\" class=\"wp-block-spacer\"><\/div>\n\n\n\n<h2 class=\"wp-block-heading\"><strong>Nueva colecci\u00f3n gafas de sol\u00a0 <a href=\"https:\/\/app.infarma.es\/infarma2024\/es\/expo\/detail\/3474559\" target=\"_blank\" rel=\"noreferrer noopener\">BADS<\/a> 2024.<\/strong><\/h2>\n\n\n\n<p>\u00a1Descubre la moda y la protecci\u00f3n en un solo accesorio! Estamos emocionados de presentarte nuestra nueva colecci\u00f3n de gafas de sol para el a\u00f1o 2024, dise\u00f1ada para elevar tu estilo mientras proteges tus ojos de manera \u00f3ptima.<\/p>\n\n\n\n<p>En un mundo donde la exposici\u00f3n a la radiaci\u00f3n ultravioleta es una preocupaci\u00f3n constante, nuestras gafas de sol est\u00e1n equipadas con un filtro antiradiaci\u00f3n UV400, ofreciendo una protecci\u00f3n completa contra los da\u00f1inos rayos UVA y UVB. Esto significa que puedes disfrutar del sol con total tranquilidad, sabiendo que tus ojos est\u00e1n protegidos en todo momento.<\/p>\n\n\n\n<p>Adem\u00e1s de su funcionalidad de protecci\u00f3n, nuestras gafas de sol tambi\u00e9n destacan por su estilo excepcional. Con un dise\u00f1o contempor\u00e1neo y elegante, estas gafas son el complemento perfecto para cualquier atuendo, ya sea en la playa, en la ciudad o en tus actividades diarias.<\/p>\n\n\n\n<p>Las lentes de categor\u00eda 3, con una base 4, proporcionan una visi\u00f3n n\u00edtida y clara mientras reducen el deslumbramiento, permiti\u00e9ndote disfrutar de tus actividades al aire libre con comodidad y estilo. Ya sea que est\u00e9s paseando por la ciudad, practicando deportes o simplemente relaj\u00e1ndote en la playa, nuestras gafas de sol te acompa\u00f1ar\u00e1n con un estilo inigualable y una protecci\u00f3n insuperable.<\/p>\n\n\n\n<p>No comprometas tu estilo ni tu salud visual. Con nuestra nueva colecci\u00f3n de gafas de sol para el 2024, puedes lucir a la moda mientras cuidas de tus ojos. \u00a1Descubre la combinaci\u00f3n perfecta de estilo y protecci\u00f3n con nosotros!<\/p>\n","protected":false},"excerpt":{"rendered":"<p>Nueva colecci\u00f3n gafas de sol\u00a0 BADS 2024. \u00a1Descubre la moda y la protecci\u00f3n en un solo accesorio! Estamos emocionados de presentarte nuestra nueva colecci\u00f3n de gafas de sol para el a\u00f1o 2024, dise\u00f1ada para elevar tu estilo mientras proteges tus ojos de manera \u00f3ptima. En un mundo donde la exposici\u00f3n a la radiaci\u00f3n ultravioleta es [&hellip;]<\/p>\n","protected":false},"author":2,"featured_media":13460,"comment_status":"closed","ping_status":"closed","sticky":false,"template":"","format":"standard","meta":{"footnotes":""},"categories":[141],"tags":[],"class_list":["post-11645","post","type-post","status-publish","format-standard","has-post-thumbnail","hentry","category-noticias-del-salon"],"yoast_head":"<!-- This site is optimized with the Yoast SEO plugin v27.4 - https:\/\/yoast.com\/product\/yoast-seo-wordpress\/ -->\n<title>\u201c\u00a1Deslumbra en Estilo!\u201d Presentando la Radiante Colecci\u00f3n 2024 de Gafas de Sol Bads.<\/title>\n<meta name=\"description\" content=\"Estas gafas son el complemento perfecto para cualquier atuendo, ya sea en la playa, en la ciudad o en tus actividades diarias.\" \/>\n<meta name=\"robots\" content=\"index, follow, max-snippet:-1, max-image-preview:large, max-video-preview:-1\" \/>\n<link rel=\"canonical\" href=\"https:\/\/www.infarma.es\/ca\/deslumbra-en-estilo-presentando-la-radiante-coleccion-2024-de-gafas-de-sol-bads\/\" \/>\n<meta property=\"og:locale\" content=\"ca_ES\" \/>\n<meta property=\"og:type\" content=\"article\" \/>\n<meta property=\"og:title\" content=\"\u201c\u00a1Deslumbra en Estilo!\u201d Presentando la Radiante Colecci\u00f3n 2024 de Gafas de Sol Bads.\" \/>\n<meta property=\"og:description\" content=\"Estas gafas son el complemento perfecto para cualquier atuendo, ya sea en la playa, en la ciudad o en tus actividades diarias.\" \/>\n<meta property=\"og:url\" content=\"https:\/\/www.infarma.es\/ca\/deslumbra-en-estilo-presentando-la-radiante-coleccion-2024-de-gafas-de-sol-bads\/\" \/>\n<meta property=\"og:site_name\" content=\"Infarma\" \/>\n<meta property=\"article:publisher\" content=\"https:\/\/www.facebook.com\/infarmaoficial\/\" \/>\n<meta property=\"article:published_time\" content=\"2024-02-23T09:00:00+00:00\" \/>\n<meta property=\"article:modified_time\" content=\"2024-07-23T10:11:45+00:00\" \/>\n<meta property=\"og:image\" content=\"https:\/\/www.infarma.es\/wp-content\/uploads\/2024\/02\/inf24-bads-gafasdesol-blog.webp\" \/>\n\t<meta property=\"og:image:width\" content=\"1600\" \/>\n\t<meta property=\"og:image:height\" content=\"900\" \/>\n\t<meta property=\"og:image:type\" content=\"image\/webp\" \/>\n<meta name=\"author\" content=\"xavier\" \/>\n<meta name=\"twitter:card\" content=\"summary_large_image\" \/>\n<meta name=\"twitter:creator\" content=\"@infarma_es\" \/>\n<meta name=\"twitter:site\" content=\"@infarma_es\" \/>\n<meta name=\"twitter:label1\" content=\"Escrit per\" \/>\n\t<meta name=\"twitter:data1\" content=\"xavier\" \/>\n\t<meta name=\"twitter:label2\" content=\"Temps estimat de lectura\" \/>\n\t<meta name=\"twitter:data2\" content=\"2 minuts\" \/>\n<script type=\"application\/ld+json\" class=\"yoast-schema-graph\">{\"@context\":\"https:\\\/\\\/schema.org\",\"@graph\":[{\"@type\":\"Article\",\"@id\":\"https:\\\/\\\/www.infarma.es\\\/ca\\\/deslumbra-en-estilo-presentando-la-radiante-coleccion-2024-de-gafas-de-sol-bads\\\/#article\",\"isPartOf\":{\"@id\":\"https:\\\/\\\/www.infarma.es\\\/ca\\\/deslumbra-en-estilo-presentando-la-radiante-coleccion-2024-de-gafas-de-sol-bads\\\/\"},\"author\":{\"name\":\"xavier\",\"@id\":\"https:\\\/\\\/www.infarma.es\\\/ca\\\/#\\\/schema\\\/person\\\/e53486dc47606cc5c89217026a8a01a7\"},\"headline\":\"\u201c\u00a1Deslumbra en Estilo!\u201d Presentando la Radiante Colecci\u00f3n 2024 de Gafas de Sol Bads.\",\"datePublished\":\"2024-02-23T09:00:00+00:00\",\"dateModified\":\"2024-07-23T10:11:45+00:00\",\"mainEntityOfPage\":{\"@id\":\"https:\\\/\\\/www.infarma.es\\\/ca\\\/deslumbra-en-estilo-presentando-la-radiante-coleccion-2024-de-gafas-de-sol-bads\\\/\"},\"wordCount\":281,\"publisher\":{\"@id\":\"https:\\\/\\\/www.infarma.es\\\/ca\\\/#organization\"},\"image\":{\"@id\":\"https:\\\/\\\/www.infarma.es\\\/ca\\\/deslumbra-en-estilo-presentando-la-radiante-coleccion-2024-de-gafas-de-sol-bads\\\/#primaryimage\"},\"thumbnailUrl\":\"https:\\\/\\\/www.infarma.es\\\/wp-content\\\/uploads\\\/2024\\\/02\\\/inf24-bads-gafasdesol-blog.webp\",\"articleSection\":[\"Noticias del Sal\u00f3n\"],\"inLanguage\":\"ca\"},{\"@type\":\"WebPage\",\"@id\":\"https:\\\/\\\/www.infarma.es\\\/ca\\\/deslumbra-en-estilo-presentando-la-radiante-coleccion-2024-de-gafas-de-sol-bads\\\/\",\"url\":\"https:\\\/\\\/www.infarma.es\\\/ca\\\/deslumbra-en-estilo-presentando-la-radiante-coleccion-2024-de-gafas-de-sol-bads\\\/\",\"name\":\"\u201c\u00a1Deslumbra en Estilo!\u201d Presentando la Radiante Colecci\u00f3n 2024 de Gafas de Sol Bads.\",\"isPartOf\":{\"@id\":\"https:\\\/\\\/www.infarma.es\\\/ca\\\/#website\"},\"primaryImageOfPage\":{\"@id\":\"https:\\\/\\\/www.infarma.es\\\/ca\\\/deslumbra-en-estilo-presentando-la-radiante-coleccion-2024-de-gafas-de-sol-bads\\\/#primaryimage\"},\"image\":{\"@id\":\"https:\\\/\\\/www.infarma.es\\\/ca\\\/deslumbra-en-estilo-presentando-la-radiante-coleccion-2024-de-gafas-de-sol-bads\\\/#primaryimage\"},\"thumbnailUrl\":\"https:\\\/\\\/www.infarma.es\\\/wp-content\\\/uploads\\\/2024\\\/02\\\/inf24-bads-gafasdesol-blog.webp\",\"datePublished\":\"2024-02-23T09:00:00+00:00\",\"dateModified\":\"2024-07-23T10:11:45+00:00\",\"description\":\"Estas gafas son el complemento perfecto para cualquier atuendo, ya sea en la playa, en la ciudad o en tus actividades diarias.\",\"breadcrumb\":{\"@id\":\"https:\\\/\\\/www.infarma.es\\\/ca\\\/deslumbra-en-estilo-presentando-la-radiante-coleccion-2024-de-gafas-de-sol-bads\\\/#breadcrumb\"},\"inLanguage\":\"ca\",\"potentialAction\":[{\"@type\":\"ReadAction\",\"target\":[\"https:\\\/\\\/www.infarma.es\\\/ca\\\/deslumbra-en-estilo-presentando-la-radiante-coleccion-2024-de-gafas-de-sol-bads\\\/\"]}]},{\"@type\":\"ImageObject\",\"inLanguage\":\"ca\",\"@id\":\"https:\\\/\\\/www.infarma.es\\\/ca\\\/deslumbra-en-estilo-presentando-la-radiante-coleccion-2024-de-gafas-de-sol-bads\\\/#primaryimage\",\"url\":\"https:\\\/\\\/www.infarma.es\\\/wp-content\\\/uploads\\\/2024\\\/02\\\/inf24-bads-gafasdesol-blog.webp\",\"contentUrl\":\"https:\\\/\\\/www.infarma.es\\\/wp-content\\\/uploads\\\/2024\\\/02\\\/inf24-bads-gafasdesol-blog.webp\",\"width\":1600,\"height\":900},{\"@type\":\"BreadcrumbList\",\"@id\":\"https:\\\/\\\/www.infarma.es\\\/ca\\\/deslumbra-en-estilo-presentando-la-radiante-coleccion-2024-de-gafas-de-sol-bads\\\/#breadcrumb\",\"itemListElement\":[{\"@type\":\"ListItem\",\"position\":1,\"name\":\"Portada\",\"item\":\"https:\\\/\\\/www.infarma.es\\\/ca\\\/\"},{\"@type\":\"ListItem\",\"position\":2,\"name\":\"\u201c\u00a1Deslumbra en Estilo!\u201d Presentando la Radiante Colecci\u00f3n 2024 de Gafas de Sol Bads.\"}]},{\"@type\":\"WebSite\",\"@id\":\"https:\\\/\\\/www.infarma.es\\\/ca\\\/#website\",\"url\":\"https:\\\/\\\/www.infarma.es\\\/ca\\\/\",\"name\":\"Infarma\",\"description\":\"El mayor encuentro de farmacia\",\"publisher\":{\"@id\":\"https:\\\/\\\/www.infarma.es\\\/ca\\\/#organization\"},\"potentialAction\":[{\"@type\":\"SearchAction\",\"target\":{\"@type\":\"EntryPoint\",\"urlTemplate\":\"https:\\\/\\\/www.infarma.es\\\/ca\\\/?s={search_term_string}\"},\"query-input\":{\"@type\":\"PropertyValueSpecification\",\"valueRequired\":true,\"valueName\":\"search_term_string\"}}],\"inLanguage\":\"ca\"},{\"@type\":\"Organization\",\"@id\":\"https:\\\/\\\/www.infarma.es\\\/ca\\\/#organization\",\"name\":\"Infarma\",\"url\":\"https:\\\/\\\/www.infarma.es\\\/ca\\\/\",\"logo\":{\"@type\":\"ImageObject\",\"inLanguage\":\"ca\",\"@id\":\"https:\\\/\\\/www.infarma.es\\\/ca\\\/#\\\/schema\\\/logo\\\/image\\\/\",\"url\":\"https:\\\/\\\/www.infarma.es\\\/wp-content\\\/uploads\\\/2024\\\/10\\\/logo-simple.svg\",\"contentUrl\":\"https:\\\/\\\/www.infarma.es\\\/wp-content\\\/uploads\\\/2024\\\/10\\\/logo-simple.svg\",\"width\":1,\"height\":1,\"caption\":\"Infarma\"},\"image\":{\"@id\":\"https:\\\/\\\/www.infarma.es\\\/ca\\\/#\\\/schema\\\/logo\\\/image\\\/\"},\"sameAs\":[\"https:\\\/\\\/www.facebook.com\\\/infarmaoficial\\\/\",\"https:\\\/\\\/x.com\\\/infarma_es\",\"https:\\\/\\\/www.instagram.com\\\/infarma_oficial\\\/\",\"https:\\\/\\\/www.linkedin.com\\\/showcase\\\/infarma-salon\\\/\",\"https:\\\/\\\/www.youtube.com\\\/@INFARMAOFICIAL\"]},{\"@type\":\"Person\",\"@id\":\"https:\\\/\\\/www.infarma.es\\\/ca\\\/#\\\/schema\\\/person\\\/e53486dc47606cc5c89217026a8a01a7\",\"name\":\"xavier\",\"image\":{\"@type\":\"ImageObject\",\"inLanguage\":\"ca\",\"@id\":\"https:\\\/\\\/secure.gravatar.com\\\/avatar\\\/9014b89254123c1f240ae636cc793b98ce50ec2df162909756be1d23adc503e4?s=96&d=mm&r=g\",\"url\":\"https:\\\/\\\/secure.gravatar.com\\\/avatar\\\/9014b89254123c1f240ae636cc793b98ce50ec2df162909756be1d23adc503e4?s=96&d=mm&r=g\",\"contentUrl\":\"https:\\\/\\\/secure.gravatar.com\\\/avatar\\\/9014b89254123c1f240ae636cc793b98ce50ec2df162909756be1d23adc503e4?s=96&d=mm&r=g\",\"caption\":\"xavier\"},\"url\":\"https:\\\/\\\/www.infarma.es\\\/ca\\\/author\\\/xavier\\\/\"}]}<\/script>\n<!-- \/ Yoast SEO plugin. -->","yoast_head_json":{"title":"\u201c\u00a1Deslumbra en Estilo!\u201d Presentando la Radiante Colecci\u00f3n 2024 de Gafas de Sol Bads.","description":"Estas gafas son el complemento perfecto para cualquier atuendo, ya sea en la playa, en la ciudad o en tus actividades diarias.","robots":{"index":"index","follow":"follow","max-snippet":"max-snippet:-1","max-image-preview":"max-image-preview:large","max-video-preview":"max-video-preview:-1"},"canonical":"https:\/\/www.infarma.es\/ca\/deslumbra-en-estilo-presentando-la-radiante-coleccion-2024-de-gafas-de-sol-bads\/","og_locale":"ca_ES","og_type":"article","og_title":"\u201c\u00a1Deslumbra en Estilo!\u201d Presentando la Radiante Colecci\u00f3n 2024 de Gafas de Sol Bads.","og_description":"Estas gafas son el complemento perfecto para cualquier atuendo, ya sea en la playa, en la ciudad o en tus actividades diarias.","og_url":"https:\/\/www.infarma.es\/ca\/deslumbra-en-estilo-presentando-la-radiante-coleccion-2024-de-gafas-de-sol-bads\/","og_site_name":"Infarma","article_publisher":"https:\/\/www.facebook.com\/infarmaoficial\/","article_published_time":"2024-02-23T09:00:00+00:00","article_modified_time":"2024-07-23T10:11:45+00:00","og_image":[{"width":1600,"height":900,"url":"https:\/\/www.infarma.es\/wp-content\/uploads\/2024\/02\/inf24-bads-gafasdesol-blog.webp","type":"image\/webp"}],"author":"xavier","twitter_card":"summary_large_image","twitter_creator":"@infarma_es","twitter_site":"@infarma_es","twitter_misc":{"Escrit per":"xavier","Temps estimat de lectura":"2 minuts"},"schema":{"@context":"https:\/\/schema.org","@graph":[{"@type":"Article","@id":"https:\/\/www.infarma.es\/ca\/deslumbra-en-estilo-presentando-la-radiante-coleccion-2024-de-gafas-de-sol-bads\/#article","isPartOf":{"@id":"https:\/\/www.infarma.es\/ca\/deslumbra-en-estilo-presentando-la-radiante-coleccion-2024-de-gafas-de-sol-bads\/"},"author":{"name":"xavier","@id":"https:\/\/www.infarma.es\/ca\/#\/schema\/person\/e53486dc47606cc5c89217026a8a01a7"},"headline":"\u201c\u00a1Deslumbra en Estilo!\u201d Presentando la Radiante Colecci\u00f3n 2024 de Gafas de Sol Bads.","datePublished":"2024-02-23T09:00:00+00:00","dateModified":"2024-07-23T10:11:45+00:00","mainEntityOfPage":{"@id":"https:\/\/www.infarma.es\/ca\/deslumbra-en-estilo-presentando-la-radiante-coleccion-2024-de-gafas-de-sol-bads\/"},"wordCount":281,"publisher":{"@id":"https:\/\/www.infarma.es\/ca\/#organization"},"image":{"@id":"https:\/\/www.infarma.es\/ca\/deslumbra-en-estilo-presentando-la-radiante-coleccion-2024-de-gafas-de-sol-bads\/#primaryimage"},"thumbnailUrl":"https:\/\/www.infarma.es\/wp-content\/uploads\/2024\/02\/inf24-bads-gafasdesol-blog.webp","articleSection":["Noticias del Sal\u00f3n"],"inLanguage":"ca"},{"@type":"WebPage","@id":"https:\/\/www.infarma.es\/ca\/deslumbra-en-estilo-presentando-la-radiante-coleccion-2024-de-gafas-de-sol-bads\/","url":"https:\/\/www.infarma.es\/ca\/deslumbra-en-estilo-presentando-la-radiante-coleccion-2024-de-gafas-de-sol-bads\/","name":"\u201c\u00a1Deslumbra en Estilo!\u201d Presentando la Radiante Colecci\u00f3n 2024 de Gafas de Sol Bads.","isPartOf":{"@id":"https:\/\/www.infarma.es\/ca\/#website"},"primaryImageOfPage":{"@id":"https:\/\/www.infarma.es\/ca\/deslumbra-en-estilo-presentando-la-radiante-coleccion-2024-de-gafas-de-sol-bads\/#primaryimage"},"image":{"@id":"https:\/\/www.infarma.es\/ca\/deslumbra-en-estilo-presentando-la-radiante-coleccion-2024-de-gafas-de-sol-bads\/#primaryimage"},"thumbnailUrl":"https:\/\/www.infarma.es\/wp-content\/uploads\/2024\/02\/inf24-bads-gafasdesol-blog.webp","datePublished":"2024-02-23T09:00:00+00:00","dateModified":"2024-07-23T10:11:45+00:00","description":"Estas gafas son el complemento perfecto para cualquier atuendo, ya sea en la playa, en la ciudad o en tus actividades diarias.","breadcrumb":{"@id":"https:\/\/www.infarma.es\/ca\/deslumbra-en-estilo-presentando-la-radiante-coleccion-2024-de-gafas-de-sol-bads\/#breadcrumb"},"inLanguage":"ca","potentialAction":[{"@type":"ReadAction","target":["https:\/\/www.infarma.es\/ca\/deslumbra-en-estilo-presentando-la-radiante-coleccion-2024-de-gafas-de-sol-bads\/"]}]},{"@type":"ImageObject","inLanguage":"ca","@id":"https:\/\/www.infarma.es\/ca\/deslumbra-en-estilo-presentando-la-radiante-coleccion-2024-de-gafas-de-sol-bads\/#primaryimage","url":"https:\/\/www.infarma.es\/wp-content\/uploads\/2024\/02\/inf24-bads-gafasdesol-blog.webp","contentUrl":"https:\/\/www.infarma.es\/wp-content\/uploads\/2024\/02\/inf24-bads-gafasdesol-blog.webp","width":1600,"height":900},{"@type":"BreadcrumbList","@id":"https:\/\/www.infarma.es\/ca\/deslumbra-en-estilo-presentando-la-radiante-coleccion-2024-de-gafas-de-sol-bads\/#breadcrumb","itemListElement":[{"@type":"ListItem","position":1,"name":"Portada","item":"https:\/\/www.infarma.es\/ca\/"},{"@type":"ListItem","position":2,"name":"\u201c\u00a1Deslumbra en Estilo!\u201d Presentando la Radiante Colecci\u00f3n 2024 de Gafas de Sol Bads."}]},{"@type":"WebSite","@id":"https:\/\/www.infarma.es\/ca\/#website","url":"https:\/\/www.infarma.es\/ca\/","name":"Infarma","description":"El mayor encuentro de farmacia","publisher":{"@id":"https:\/\/www.infarma.es\/ca\/#organization"},"potentialAction":[{"@type":"SearchAction","target":{"@type":"EntryPoint","urlTemplate":"https:\/\/www.infarma.es\/ca\/?s={search_term_string}"},"query-input":{"@type":"PropertyValueSpecification","valueRequired":true,"valueName":"search_term_string"}}],"inLanguage":"ca"},{"@type":"Organization","@id":"https:\/\/www.infarma.es\/ca\/#organization","name":"Infarma","url":"https:\/\/www.infarma.es\/ca\/","logo":{"@type":"ImageObject","inLanguage":"ca","@id":"https:\/\/www.infarma.es\/ca\/#\/schema\/logo\/image\/","url":"https:\/\/www.infarma.es\/wp-content\/uploads\/2024\/10\/logo-simple.svg","contentUrl":"https:\/\/www.infarma.es\/wp-content\/uploads\/2024\/10\/logo-simple.svg","width":1,"height":1,"caption":"Infarma"},"image":{"@id":"https:\/\/www.infarma.es\/ca\/#\/schema\/logo\/image\/"},"sameAs":["https:\/\/www.facebook.com\/infarmaoficial\/","https:\/\/x.com\/infarma_es","https:\/\/www.instagram.com\/infarma_oficial\/","https:\/\/www.linkedin.com\/showcase\/infarma-salon\/","https:\/\/www.youtube.com\/@INFARMAOFICIAL"]},{"@type":"Person","@id":"https:\/\/www.infarma.es\/ca\/#\/schema\/person\/e53486dc47606cc5c89217026a8a01a7","name":"xavier","image":{"@type":"ImageObject","inLanguage":"ca","@id":"https:\/\/secure.gravatar.com\/avatar\/9014b89254123c1f240ae636cc793b98ce50ec2df162909756be1d23adc503e4?s=96&d=mm&r=g","url":"https:\/\/secure.gravatar.com\/avatar\/9014b89254123c1f240ae636cc793b98ce50ec2df162909756be1d23adc503e4?s=96&d=mm&r=g","contentUrl":"https:\/\/secure.gravatar.com\/avatar\/9014b89254123c1f240ae636cc793b98ce50ec2df162909756be1d23adc503e4?s=96&d=mm&r=g","caption":"xavier"},"url":"https:\/\/www.infarma.es\/ca\/author\/xavier\/"}]}},"_links":{"self":[{"href":"https:\/\/www.infarma.es\/ca\/wp-json\/wp\/v2\/posts\/11645","targetHints":{"allow":["GET"]}}],"collection":[{"href":"https:\/\/www.infarma.es\/ca\/wp-json\/wp\/v2\/posts"}],"about":[{"href":"https:\/\/www.infarma.es\/ca\/wp-json\/wp\/v2\/types\/post"}],"author":[{"embeddable":true,"href":"https:\/\/www.infarma.es\/ca\/wp-json\/wp\/v2\/users\/2"}],"replies":[{"embeddable":true,"href":"https:\/\/www.infarma.es\/ca\/wp-json\/wp\/v2\/comments?post=11645"}],"version-history":[{"count":2,"href":"https:\/\/www.infarma.es\/ca\/wp-json\/wp\/v2\/posts\/11645\/revisions"}],"predecessor-version":[{"id":13504,"href":"https:\/\/www.infarma.es\/ca\/wp-json\/wp\/v2\/posts\/11645\/revisions\/13504"}],"wp:featuredmedia":[{"embeddable":true,"href":"https:\/\/www.infarma.es\/ca\/wp-json\/wp\/v2\/media\/13460"}],"wp:attachment":[{"href":"https:\/\/www.infarma.es\/ca\/wp-json\/wp\/v2\/media?parent=11645"}],"wp:term":[{"taxonomy":"category","embeddable":true,"href":"https:\/\/www.infarma.es\/ca\/wp-json\/wp\/v2\/categories?post=11645"},{"taxonomy":"post_tag","embeddable":true,"href":"https:\/\/www.infarma.es\/ca\/wp-json\/wp\/v2\/tags?post=11645"}],"curies":[{"name":"wp","href":"https:\/\/api.w.org\/{rel}","templated":true}]}}