{"id":13213,"date":"2024-03-14T13:00:00","date_gmt":"2024-03-14T12:00:00","guid":{"rendered":"https:\/\/www.infarma.es\/?p=12051"},"modified":"2024-07-23T11:16:50","modified_gmt":"2024-07-23T09:16:50","slug":"profaes4-presenta-la-ponencia-interaccion-farmaco-microbiota-abordaje-con-el-consorcio-lab4-en-la-farmacia","status":"publish","type":"post","link":"https:\/\/www.infarma.es\/ca\/profaes4-presenta-la-ponencia-interaccion-farmaco-microbiota-abordaje-con-el-consorcio-lab4-en-la-farmacia\/","title":{"rendered":"Profaes4 presenta la ponencia \u201cInteracci\u00f3n f\u00e1rmaco-microbiota. Abordaje con el consorcio Lab4 en la farmacia\u201d"},"content":{"rendered":"\n<p><a href=\"https:\/\/profaes4.com\/\" target=\"_blank\" rel=\"noreferrer noopener\">Profaes4<\/a>, marca que ofrece una combinaci\u00f3n \u00fanica de probi\u00f3ticos Lab4, del laboratorio Faes Farma, imparte el pr\u00f3ximo 20 de marzo, a las 17:30h en la Sala ExpoNews, la ponencia <strong><em>\u201cInteracci\u00f3n f\u00e1rmaco-microbiota. Abordaje con el Consorcio Lab4 en la Farmacia\u201d<\/em><\/strong> a cargo de Marta Sanz de la Tajada, Medical advisor de Faes Farma, y Carolina Bail, jefe de producto de Profaes4.<\/p>\n\n\n\n<p>En esta ponencia, Marta Sanz de la Tajada, Medical Advisor de Faes Farma, abordar\u00e1 la interacci\u00f3n f\u00e1rmaco-microbiota, exponiendo los m\u00faltiples efectos que los f\u00e1rmacos pueden producir sobre nuestra microbiota intestinal y sus consecuencias sobre la salud, y por otro lado, la interacci\u00f3n microbiota-f\u00e1rmaco, la cual hemos de tener en cuenta para comprender el comportamiento de los f\u00e1rmacos en cada individuo.<\/p>\n\n\n\n<p>Por su parte, Carolina Bail, jefe de producto de Profaes4, presentar\u00e1 la amplia gama de probi\u00f3ticos Profaes4 seg\u00fan sus categor\u00edas; salud intestinal, salud inmunitaria y energ\u00eda, y salud de la Mujer, y ofrecer\u00e1 consejos para su recomendaci\u00f3n en la farmacia comunitaria teniendo en cuenta el perfil de los pacientes.<\/p>\n\n\n\n<p>Adem\u00e1s, entre todos los asistentes, se sortear\u00e1n 10 libros <em>\u201cTodo lo que debe saber sobre gesti\u00f3n de la farmacia: Marketing\u201d <\/em>de Juan Carlos Serra.<\/p>\n\n\n\n<p><br><strong><em>\u201cInteracci\u00f3n f\u00e1rmaco-microbiota. Abordaje con el Consorcio Lab4 en la Farmacia\u201d <\/em><\/strong><em>por Marta Sanz y Carolina Bail del laboratorio Faes Farma<\/em><\/p>\n\n\n\n<p>Fecha: <strong>20 de marzo<\/strong><br>Hora: <strong>17:30h<\/strong><br>Espacio: <strong>Sala ExpoNews<\/strong><\/p>\n\n\n\n<p>Te esperamos, un a\u00f1o m\u00e1s, en el Sal\u00f3n de Infarma 2024.<\/p>\n","protected":false},"excerpt":{"rendered":"<p>Profaes4, marca que ofrece una combinaci\u00f3n \u00fanica de probi\u00f3ticos Lab4, del laboratorio Faes Farma, imparte el pr\u00f3ximo 20 de marzo, a las 17:30h en la Sala ExpoNews, la ponencia \u201cInteracci\u00f3n f\u00e1rmaco-microbiota. Abordaje con el Consorcio Lab4 en la Farmacia\u201d a cargo de Marta Sanz de la Tajada, Medical advisor de Faes Farma, y Carolina Bail, [&hellip;]<\/p>\n","protected":false},"author":2,"featured_media":13369,"comment_status":"closed","ping_status":"closed","sticky":false,"template":"","format":"standard","meta":{"footnotes":""},"categories":[141],"tags":[],"class_list":["post-13213","post","type-post","status-publish","format-standard","has-post-thumbnail","hentry","category-noticias-del-salon"],"yoast_head":"<!-- This site is optimized with the Yoast SEO plugin v27.4 - https:\/\/yoast.com\/product\/yoast-seo-wordpress\/ -->\n<title>Profaes4 presenta la ponencia \u201cInteracci\u00f3n f\u00e1rmaco-microbiota. Abordaje con el consorcio Lab4 en la farmacia\u201d<\/title>\n<meta name=\"description\" content=\"Profaes4, marca que ofrece una combinaci\u00f3n \u00fanica de probi\u00f3ticos Lab4, imparte el pr\u00f3ximo 20 de marzo, a las 17:30h en la Sala ExpoNews,\" \/>\n<meta name=\"robots\" content=\"index, follow, max-snippet:-1, max-image-preview:large, max-video-preview:-1\" \/>\n<link rel=\"canonical\" href=\"https:\/\/www.infarma.es\/ca\/profaes4-presenta-la-ponencia-interaccion-farmaco-microbiota-abordaje-con-el-consorcio-lab4-en-la-farmacia\/\" \/>\n<meta property=\"og:locale\" content=\"ca_ES\" \/>\n<meta property=\"og:type\" content=\"article\" \/>\n<meta property=\"og:title\" content=\"Profaes4 presenta la ponencia \u201cInteracci\u00f3n f\u00e1rmaco-microbiota. Abordaje con el consorcio Lab4 en la farmacia\u201d\" \/>\n<meta property=\"og:description\" content=\"Profaes4, marca que ofrece una combinaci\u00f3n \u00fanica de probi\u00f3ticos Lab4, imparte el pr\u00f3ximo 20 de marzo, a las 17:30h en la Sala ExpoNews,\" \/>\n<meta property=\"og:url\" content=\"https:\/\/www.infarma.es\/ca\/profaes4-presenta-la-ponencia-interaccion-farmaco-microbiota-abordaje-con-el-consorcio-lab4-en-la-farmacia\/\" \/>\n<meta property=\"og:site_name\" content=\"Infarma\" \/>\n<meta property=\"article:publisher\" content=\"https:\/\/www.facebook.com\/infarmaoficial\/\" \/>\n<meta property=\"article:published_time\" content=\"2024-03-14T12:00:00+00:00\" \/>\n<meta property=\"article:modified_time\" content=\"2024-07-23T09:16:50+00:00\" \/>\n<meta property=\"og:image\" content=\"https:\/\/www.infarma.es\/wp-content\/uploads\/2024\/07\/inf24-faesfarma-profaes4-blog.webp\" \/>\n\t<meta property=\"og:image:width\" content=\"1600\" \/>\n\t<meta property=\"og:image:height\" content=\"900\" \/>\n\t<meta property=\"og:image:type\" content=\"image\/webp\" \/>\n<meta name=\"author\" content=\"xavier\" \/>\n<meta name=\"twitter:card\" content=\"summary_large_image\" \/>\n<meta name=\"twitter:creator\" content=\"@infarma_es\" \/>\n<meta name=\"twitter:site\" content=\"@infarma_es\" \/>\n<meta name=\"twitter:label1\" content=\"Escrit per\" \/>\n\t<meta name=\"twitter:data1\" content=\"xavier\" \/>\n\t<meta name=\"twitter:label2\" content=\"Temps estimat de lectura\" \/>\n\t<meta name=\"twitter:data2\" content=\"2 minuts\" \/>\n<script type=\"application\/ld+json\" class=\"yoast-schema-graph\">{\"@context\":\"https:\\\/\\\/schema.org\",\"@graph\":[{\"@type\":\"Article\",\"@id\":\"https:\\\/\\\/www.infarma.es\\\/ca\\\/profaes4-presenta-la-ponencia-interaccion-farmaco-microbiota-abordaje-con-el-consorcio-lab4-en-la-farmacia\\\/#article\",\"isPartOf\":{\"@id\":\"https:\\\/\\\/www.infarma.es\\\/ca\\\/profaes4-presenta-la-ponencia-interaccion-farmaco-microbiota-abordaje-con-el-consorcio-lab4-en-la-farmacia\\\/\"},\"author\":{\"name\":\"xavier\",\"@id\":\"https:\\\/\\\/www.infarma.es\\\/ca\\\/#\\\/schema\\\/person\\\/e53486dc47606cc5c89217026a8a01a7\"},\"headline\":\"Profaes4 presenta la ponencia \u201cInteracci\u00f3n f\u00e1rmaco-microbiota. Abordaje con el consorcio Lab4 en la farmacia\u201d\",\"datePublished\":\"2024-03-14T12:00:00+00:00\",\"dateModified\":\"2024-07-23T09:16:50+00:00\",\"mainEntityOfPage\":{\"@id\":\"https:\\\/\\\/www.infarma.es\\\/ca\\\/profaes4-presenta-la-ponencia-interaccion-farmaco-microbiota-abordaje-con-el-consorcio-lab4-en-la-farmacia\\\/\"},\"wordCount\":270,\"publisher\":{\"@id\":\"https:\\\/\\\/www.infarma.es\\\/ca\\\/#organization\"},\"image\":{\"@id\":\"https:\\\/\\\/www.infarma.es\\\/ca\\\/profaes4-presenta-la-ponencia-interaccion-farmaco-microbiota-abordaje-con-el-consorcio-lab4-en-la-farmacia\\\/#primaryimage\"},\"thumbnailUrl\":\"https:\\\/\\\/www.infarma.es\\\/wp-content\\\/uploads\\\/2024\\\/07\\\/inf24-faesfarma-profaes4-blog.webp\",\"articleSection\":[\"Noticias del Sal\u00f3n\"],\"inLanguage\":\"ca\"},{\"@type\":\"WebPage\",\"@id\":\"https:\\\/\\\/www.infarma.es\\\/ca\\\/profaes4-presenta-la-ponencia-interaccion-farmaco-microbiota-abordaje-con-el-consorcio-lab4-en-la-farmacia\\\/\",\"url\":\"https:\\\/\\\/www.infarma.es\\\/ca\\\/profaes4-presenta-la-ponencia-interaccion-farmaco-microbiota-abordaje-con-el-consorcio-lab4-en-la-farmacia\\\/\",\"name\":\"Profaes4 presenta la ponencia \u201cInteracci\u00f3n f\u00e1rmaco-microbiota. Abordaje con el consorcio Lab4 en la farmacia\u201d\",\"isPartOf\":{\"@id\":\"https:\\\/\\\/www.infarma.es\\\/ca\\\/#website\"},\"primaryImageOfPage\":{\"@id\":\"https:\\\/\\\/www.infarma.es\\\/ca\\\/profaes4-presenta-la-ponencia-interaccion-farmaco-microbiota-abordaje-con-el-consorcio-lab4-en-la-farmacia\\\/#primaryimage\"},\"image\":{\"@id\":\"https:\\\/\\\/www.infarma.es\\\/ca\\\/profaes4-presenta-la-ponencia-interaccion-farmaco-microbiota-abordaje-con-el-consorcio-lab4-en-la-farmacia\\\/#primaryimage\"},\"thumbnailUrl\":\"https:\\\/\\\/www.infarma.es\\\/wp-content\\\/uploads\\\/2024\\\/07\\\/inf24-faesfarma-profaes4-blog.webp\",\"datePublished\":\"2024-03-14T12:00:00+00:00\",\"dateModified\":\"2024-07-23T09:16:50+00:00\",\"description\":\"Profaes4, marca que ofrece una combinaci\u00f3n \u00fanica de probi\u00f3ticos Lab4, imparte el pr\u00f3ximo 20 de marzo, a las 17:30h en la Sala ExpoNews,\",\"breadcrumb\":{\"@id\":\"https:\\\/\\\/www.infarma.es\\\/ca\\\/profaes4-presenta-la-ponencia-interaccion-farmaco-microbiota-abordaje-con-el-consorcio-lab4-en-la-farmacia\\\/#breadcrumb\"},\"inLanguage\":\"ca\",\"potentialAction\":[{\"@type\":\"ReadAction\",\"target\":[\"https:\\\/\\\/www.infarma.es\\\/ca\\\/profaes4-presenta-la-ponencia-interaccion-farmaco-microbiota-abordaje-con-el-consorcio-lab4-en-la-farmacia\\\/\"]}]},{\"@type\":\"ImageObject\",\"inLanguage\":\"ca\",\"@id\":\"https:\\\/\\\/www.infarma.es\\\/ca\\\/profaes4-presenta-la-ponencia-interaccion-farmaco-microbiota-abordaje-con-el-consorcio-lab4-en-la-farmacia\\\/#primaryimage\",\"url\":\"https:\\\/\\\/www.infarma.es\\\/wp-content\\\/uploads\\\/2024\\\/07\\\/inf24-faesfarma-profaes4-blog.webp\",\"contentUrl\":\"https:\\\/\\\/www.infarma.es\\\/wp-content\\\/uploads\\\/2024\\\/07\\\/inf24-faesfarma-profaes4-blog.webp\",\"width\":1600,\"height\":900},{\"@type\":\"BreadcrumbList\",\"@id\":\"https:\\\/\\\/www.infarma.es\\\/ca\\\/profaes4-presenta-la-ponencia-interaccion-farmaco-microbiota-abordaje-con-el-consorcio-lab4-en-la-farmacia\\\/#breadcrumb\",\"itemListElement\":[{\"@type\":\"ListItem\",\"position\":1,\"name\":\"Portada\",\"item\":\"https:\\\/\\\/www.infarma.es\\\/ca\\\/\"},{\"@type\":\"ListItem\",\"position\":2,\"name\":\"Profaes4 presenta la ponencia \u201cInteracci\u00f3n f\u00e1rmaco-microbiota. Abordaje con el consorcio Lab4 en la farmacia\u201d\"}]},{\"@type\":\"WebSite\",\"@id\":\"https:\\\/\\\/www.infarma.es\\\/ca\\\/#website\",\"url\":\"https:\\\/\\\/www.infarma.es\\\/ca\\\/\",\"name\":\"Infarma\",\"description\":\"El mayor encuentro de farmacia\",\"publisher\":{\"@id\":\"https:\\\/\\\/www.infarma.es\\\/ca\\\/#organization\"},\"potentialAction\":[{\"@type\":\"SearchAction\",\"target\":{\"@type\":\"EntryPoint\",\"urlTemplate\":\"https:\\\/\\\/www.infarma.es\\\/ca\\\/?s={search_term_string}\"},\"query-input\":{\"@type\":\"PropertyValueSpecification\",\"valueRequired\":true,\"valueName\":\"search_term_string\"}}],\"inLanguage\":\"ca\"},{\"@type\":\"Organization\",\"@id\":\"https:\\\/\\\/www.infarma.es\\\/ca\\\/#organization\",\"name\":\"Infarma\",\"url\":\"https:\\\/\\\/www.infarma.es\\\/ca\\\/\",\"logo\":{\"@type\":\"ImageObject\",\"inLanguage\":\"ca\",\"@id\":\"https:\\\/\\\/www.infarma.es\\\/ca\\\/#\\\/schema\\\/logo\\\/image\\\/\",\"url\":\"https:\\\/\\\/www.infarma.es\\\/wp-content\\\/uploads\\\/2024\\\/10\\\/logo-simple.svg\",\"contentUrl\":\"https:\\\/\\\/www.infarma.es\\\/wp-content\\\/uploads\\\/2024\\\/10\\\/logo-simple.svg\",\"width\":1,\"height\":1,\"caption\":\"Infarma\"},\"image\":{\"@id\":\"https:\\\/\\\/www.infarma.es\\\/ca\\\/#\\\/schema\\\/logo\\\/image\\\/\"},\"sameAs\":[\"https:\\\/\\\/www.facebook.com\\\/infarmaoficial\\\/\",\"https:\\\/\\\/x.com\\\/infarma_es\",\"https:\\\/\\\/www.instagram.com\\\/infarma_oficial\\\/\",\"https:\\\/\\\/www.linkedin.com\\\/showcase\\\/infarma-salon\\\/\",\"https:\\\/\\\/www.youtube.com\\\/@INFARMAOFICIAL\"]},{\"@type\":\"Person\",\"@id\":\"https:\\\/\\\/www.infarma.es\\\/ca\\\/#\\\/schema\\\/person\\\/e53486dc47606cc5c89217026a8a01a7\",\"name\":\"xavier\",\"image\":{\"@type\":\"ImageObject\",\"inLanguage\":\"ca\",\"@id\":\"https:\\\/\\\/secure.gravatar.com\\\/avatar\\\/9014b89254123c1f240ae636cc793b98ce50ec2df162909756be1d23adc503e4?s=96&d=mm&r=g\",\"url\":\"https:\\\/\\\/secure.gravatar.com\\\/avatar\\\/9014b89254123c1f240ae636cc793b98ce50ec2df162909756be1d23adc503e4?s=96&d=mm&r=g\",\"contentUrl\":\"https:\\\/\\\/secure.gravatar.com\\\/avatar\\\/9014b89254123c1f240ae636cc793b98ce50ec2df162909756be1d23adc503e4?s=96&d=mm&r=g\",\"caption\":\"xavier\"},\"url\":\"https:\\\/\\\/www.infarma.es\\\/ca\\\/author\\\/xavier\\\/\"}]}<\/script>\n<!-- \/ Yoast SEO plugin. -->","yoast_head_json":{"title":"Profaes4 presenta la ponencia \u201cInteracci\u00f3n f\u00e1rmaco-microbiota. Abordaje con el consorcio Lab4 en la farmacia\u201d","description":"Profaes4, marca que ofrece una combinaci\u00f3n \u00fanica de probi\u00f3ticos Lab4, imparte el pr\u00f3ximo 20 de marzo, a las 17:30h en la Sala ExpoNews,","robots":{"index":"index","follow":"follow","max-snippet":"max-snippet:-1","max-image-preview":"max-image-preview:large","max-video-preview":"max-video-preview:-1"},"canonical":"https:\/\/www.infarma.es\/ca\/profaes4-presenta-la-ponencia-interaccion-farmaco-microbiota-abordaje-con-el-consorcio-lab4-en-la-farmacia\/","og_locale":"ca_ES","og_type":"article","og_title":"Profaes4 presenta la ponencia \u201cInteracci\u00f3n f\u00e1rmaco-microbiota. Abordaje con el consorcio Lab4 en la farmacia\u201d","og_description":"Profaes4, marca que ofrece una combinaci\u00f3n \u00fanica de probi\u00f3ticos Lab4, imparte el pr\u00f3ximo 20 de marzo, a las 17:30h en la Sala ExpoNews,","og_url":"https:\/\/www.infarma.es\/ca\/profaes4-presenta-la-ponencia-interaccion-farmaco-microbiota-abordaje-con-el-consorcio-lab4-en-la-farmacia\/","og_site_name":"Infarma","article_publisher":"https:\/\/www.facebook.com\/infarmaoficial\/","article_published_time":"2024-03-14T12:00:00+00:00","article_modified_time":"2024-07-23T09:16:50+00:00","og_image":[{"width":1600,"height":900,"url":"https:\/\/www.infarma.es\/wp-content\/uploads\/2024\/07\/inf24-faesfarma-profaes4-blog.webp","type":"image\/webp"}],"author":"xavier","twitter_card":"summary_large_image","twitter_creator":"@infarma_es","twitter_site":"@infarma_es","twitter_misc":{"Escrit per":"xavier","Temps estimat de lectura":"2 minuts"},"schema":{"@context":"https:\/\/schema.org","@graph":[{"@type":"Article","@id":"https:\/\/www.infarma.es\/ca\/profaes4-presenta-la-ponencia-interaccion-farmaco-microbiota-abordaje-con-el-consorcio-lab4-en-la-farmacia\/#article","isPartOf":{"@id":"https:\/\/www.infarma.es\/ca\/profaes4-presenta-la-ponencia-interaccion-farmaco-microbiota-abordaje-con-el-consorcio-lab4-en-la-farmacia\/"},"author":{"name":"xavier","@id":"https:\/\/www.infarma.es\/ca\/#\/schema\/person\/e53486dc47606cc5c89217026a8a01a7"},"headline":"Profaes4 presenta la ponencia \u201cInteracci\u00f3n f\u00e1rmaco-microbiota. Abordaje con el consorcio Lab4 en la farmacia\u201d","datePublished":"2024-03-14T12:00:00+00:00","dateModified":"2024-07-23T09:16:50+00:00","mainEntityOfPage":{"@id":"https:\/\/www.infarma.es\/ca\/profaes4-presenta-la-ponencia-interaccion-farmaco-microbiota-abordaje-con-el-consorcio-lab4-en-la-farmacia\/"},"wordCount":270,"publisher":{"@id":"https:\/\/www.infarma.es\/ca\/#organization"},"image":{"@id":"https:\/\/www.infarma.es\/ca\/profaes4-presenta-la-ponencia-interaccion-farmaco-microbiota-abordaje-con-el-consorcio-lab4-en-la-farmacia\/#primaryimage"},"thumbnailUrl":"https:\/\/www.infarma.es\/wp-content\/uploads\/2024\/07\/inf24-faesfarma-profaes4-blog.webp","articleSection":["Noticias del Sal\u00f3n"],"inLanguage":"ca"},{"@type":"WebPage","@id":"https:\/\/www.infarma.es\/ca\/profaes4-presenta-la-ponencia-interaccion-farmaco-microbiota-abordaje-con-el-consorcio-lab4-en-la-farmacia\/","url":"https:\/\/www.infarma.es\/ca\/profaes4-presenta-la-ponencia-interaccion-farmaco-microbiota-abordaje-con-el-consorcio-lab4-en-la-farmacia\/","name":"Profaes4 presenta la ponencia \u201cInteracci\u00f3n f\u00e1rmaco-microbiota. Abordaje con el consorcio Lab4 en la farmacia\u201d","isPartOf":{"@id":"https:\/\/www.infarma.es\/ca\/#website"},"primaryImageOfPage":{"@id":"https:\/\/www.infarma.es\/ca\/profaes4-presenta-la-ponencia-interaccion-farmaco-microbiota-abordaje-con-el-consorcio-lab4-en-la-farmacia\/#primaryimage"},"image":{"@id":"https:\/\/www.infarma.es\/ca\/profaes4-presenta-la-ponencia-interaccion-farmaco-microbiota-abordaje-con-el-consorcio-lab4-en-la-farmacia\/#primaryimage"},"thumbnailUrl":"https:\/\/www.infarma.es\/wp-content\/uploads\/2024\/07\/inf24-faesfarma-profaes4-blog.webp","datePublished":"2024-03-14T12:00:00+00:00","dateModified":"2024-07-23T09:16:50+00:00","description":"Profaes4, marca que ofrece una combinaci\u00f3n \u00fanica de probi\u00f3ticos Lab4, imparte el pr\u00f3ximo 20 de marzo, a las 17:30h en la Sala ExpoNews,","breadcrumb":{"@id":"https:\/\/www.infarma.es\/ca\/profaes4-presenta-la-ponencia-interaccion-farmaco-microbiota-abordaje-con-el-consorcio-lab4-en-la-farmacia\/#breadcrumb"},"inLanguage":"ca","potentialAction":[{"@type":"ReadAction","target":["https:\/\/www.infarma.es\/ca\/profaes4-presenta-la-ponencia-interaccion-farmaco-microbiota-abordaje-con-el-consorcio-lab4-en-la-farmacia\/"]}]},{"@type":"ImageObject","inLanguage":"ca","@id":"https:\/\/www.infarma.es\/ca\/profaes4-presenta-la-ponencia-interaccion-farmaco-microbiota-abordaje-con-el-consorcio-lab4-en-la-farmacia\/#primaryimage","url":"https:\/\/www.infarma.es\/wp-content\/uploads\/2024\/07\/inf24-faesfarma-profaes4-blog.webp","contentUrl":"https:\/\/www.infarma.es\/wp-content\/uploads\/2024\/07\/inf24-faesfarma-profaes4-blog.webp","width":1600,"height":900},{"@type":"BreadcrumbList","@id":"https:\/\/www.infarma.es\/ca\/profaes4-presenta-la-ponencia-interaccion-farmaco-microbiota-abordaje-con-el-consorcio-lab4-en-la-farmacia\/#breadcrumb","itemListElement":[{"@type":"ListItem","position":1,"name":"Portada","item":"https:\/\/www.infarma.es\/ca\/"},{"@type":"ListItem","position":2,"name":"Profaes4 presenta la ponencia \u201cInteracci\u00f3n f\u00e1rmaco-microbiota. Abordaje con el consorcio Lab4 en la farmacia\u201d"}]},{"@type":"WebSite","@id":"https:\/\/www.infarma.es\/ca\/#website","url":"https:\/\/www.infarma.es\/ca\/","name":"Infarma","description":"El mayor encuentro de farmacia","publisher":{"@id":"https:\/\/www.infarma.es\/ca\/#organization"},"potentialAction":[{"@type":"SearchAction","target":{"@type":"EntryPoint","urlTemplate":"https:\/\/www.infarma.es\/ca\/?s={search_term_string}"},"query-input":{"@type":"PropertyValueSpecification","valueRequired":true,"valueName":"search_term_string"}}],"inLanguage":"ca"},{"@type":"Organization","@id":"https:\/\/www.infarma.es\/ca\/#organization","name":"Infarma","url":"https:\/\/www.infarma.es\/ca\/","logo":{"@type":"ImageObject","inLanguage":"ca","@id":"https:\/\/www.infarma.es\/ca\/#\/schema\/logo\/image\/","url":"https:\/\/www.infarma.es\/wp-content\/uploads\/2024\/10\/logo-simple.svg","contentUrl":"https:\/\/www.infarma.es\/wp-content\/uploads\/2024\/10\/logo-simple.svg","width":1,"height":1,"caption":"Infarma"},"image":{"@id":"https:\/\/www.infarma.es\/ca\/#\/schema\/logo\/image\/"},"sameAs":["https:\/\/www.facebook.com\/infarmaoficial\/","https:\/\/x.com\/infarma_es","https:\/\/www.instagram.com\/infarma_oficial\/","https:\/\/www.linkedin.com\/showcase\/infarma-salon\/","https:\/\/www.youtube.com\/@INFARMAOFICIAL"]},{"@type":"Person","@id":"https:\/\/www.infarma.es\/ca\/#\/schema\/person\/e53486dc47606cc5c89217026a8a01a7","name":"xavier","image":{"@type":"ImageObject","inLanguage":"ca","@id":"https:\/\/secure.gravatar.com\/avatar\/9014b89254123c1f240ae636cc793b98ce50ec2df162909756be1d23adc503e4?s=96&d=mm&r=g","url":"https:\/\/secure.gravatar.com\/avatar\/9014b89254123c1f240ae636cc793b98ce50ec2df162909756be1d23adc503e4?s=96&d=mm&r=g","contentUrl":"https:\/\/secure.gravatar.com\/avatar\/9014b89254123c1f240ae636cc793b98ce50ec2df162909756be1d23adc503e4?s=96&d=mm&r=g","caption":"xavier"},"url":"https:\/\/www.infarma.es\/ca\/author\/xavier\/"}]}},"_links":{"self":[{"href":"https:\/\/www.infarma.es\/ca\/wp-json\/wp\/v2\/posts\/13213","targetHints":{"allow":["GET"]}}],"collection":[{"href":"https:\/\/www.infarma.es\/ca\/wp-json\/wp\/v2\/posts"}],"about":[{"href":"https:\/\/www.infarma.es\/ca\/wp-json\/wp\/v2\/types\/post"}],"author":[{"embeddable":true,"href":"https:\/\/www.infarma.es\/ca\/wp-json\/wp\/v2\/users\/2"}],"replies":[{"embeddable":true,"href":"https:\/\/www.infarma.es\/ca\/wp-json\/wp\/v2\/comments?post=13213"}],"version-history":[{"count":2,"href":"https:\/\/www.infarma.es\/ca\/wp-json\/wp\/v2\/posts\/13213\/revisions"}],"predecessor-version":[{"id":13386,"href":"https:\/\/www.infarma.es\/ca\/wp-json\/wp\/v2\/posts\/13213\/revisions\/13386"}],"wp:featuredmedia":[{"embeddable":true,"href":"https:\/\/www.infarma.es\/ca\/wp-json\/wp\/v2\/media\/13369"}],"wp:attachment":[{"href":"https:\/\/www.infarma.es\/ca\/wp-json\/wp\/v2\/media?parent=13213"}],"wp:term":[{"taxonomy":"category","embeddable":true,"href":"https:\/\/www.infarma.es\/ca\/wp-json\/wp\/v2\/categories?post=13213"},{"taxonomy":"post_tag","embeddable":true,"href":"https:\/\/www.infarma.es\/ca\/wp-json\/wp\/v2\/tags?post=13213"}],"curies":[{"name":"wp","href":"https:\/\/api.w.org\/{rel}","templated":true}]}}