{"id":13217,"date":"2024-03-16T19:10:33","date_gmt":"2024-03-16T18:10:33","guid":{"rendered":"https:\/\/www.infarma.es\/?p=12140"},"modified":"2024-07-23T10:50:27","modified_gmt":"2024-07-23T08:50:27","slug":"ii-congreso-internacional-del-medicamento-individualizado","status":"publish","type":"post","link":"https:\/\/www.infarma.es\/ca\/ii-congreso-internacional-del-medicamento-individualizado\/","title":{"rendered":"II Congreso Internacional del Medicamento Individualizado"},"content":{"rendered":"\n<p>LASEMI, la Sociedad Espa\u00f1ola del Medicamento Individualizado, nace a partir de una evoluci\u00f3n necesaria para adaptarnos a los nuevos tiempos, tras 20 a\u00f1os de actividad como AEFF y con cerca de 400 asociados cient\u00edficos profesionales. Entre las actividades que realiza cada a\u00f1o, celebra este 2024 unas jornadas de encuentro para todos los profesionales de este sector en su II Congreso Internacional del Medicamento Individualizado.<\/p>\n\n\n\n<p>La segunda edici\u00f3n del congreso tendr\u00e1 lugar del 24 al 25 de octubre de 2024, en la Facultad de Ciencias de la Comunicaci\u00f3n, en Santiago de Compostela, Espa\u00f1a.<\/p>\n\n\n\n<p>Bajo el lema <em>Formulando el futuro<\/em>, este congreso tiene como objetivo informar a los asistentes sobre las \u00faltimas novedades relacionadas con el sector. Adem\u00e1s, para fomentar la colaboraci\u00f3n entre profesionales y crear un marco de debate, colaboraci\u00f3n e intercambio de conocimientos.<\/p>\n\n\n\n<p>Durante la celebraci\u00f3n del Congreso se presentar\u00e1 una nueva edici\u00f3n de los <strong>Premios LASEMI<\/strong>, una convocatoria dirigida a los profesionales y estudiantes de Farmacia relacionados con la Formulaci\u00f3n Magistral.<\/p>\n\n\n\n<p>Los objetivos de estos premios son <strong>dar a conocer la labor <\/strong>de los profesionales especializados en formulaci\u00f3n magistral, <strong>promocionar e impulsar la investigaci\u00f3n y la innovaci\u00f3n <\/strong>en el \u00e1mbito de la formulaci\u00f3n magistral; y <strong>promover y dar difusi\u00f3n a las pr\u00e1cticas de excelencia de los especialistas <\/strong>de la formulaci\u00f3n magistral.<\/p>\n\n\n\n<p>La primera edici\u00f3n del Congreso se celebr\u00f3 en 2022 en C\u00e1diz. Bajo el lema&nbsp;<em><strong>Medicamento Individualizado: porque cada enfermedad es diferente, porque cada paciente es diferente<\/strong><\/em>, la cita fue el punto de encuentro de formaci\u00f3n y actualizaci\u00f3n m\u00e1s importante de Espa\u00f1a en formulaci\u00f3n magistral. El congreso fue un referente en novedades, tanto gal\u00e9nicas como legislativas, actualizaciones y puesta en com\u00fan del mundo formulista. Fue el evento m\u00e1s importante en el \u00e1mbito del medicamento individualizado, desde el punto de vista tecnol\u00f3gico, cl\u00ednico y cient\u00edfico.<\/p>\n","protected":false},"excerpt":{"rendered":"<p>LASEMI, la Sociedad Espa\u00f1ola del Medicamento Individualizado, nace a partir de una evoluci\u00f3n necesaria para adaptarnos a los nuevos tiempos, tras 20 a\u00f1os de actividad como AEFF y con cerca de 400 asociados cient\u00edficos profesionales. Entre las actividades que realiza cada a\u00f1o, celebra este 2024 unas jornadas de encuentro para todos los profesionales de este [&hellip;]<\/p>\n","protected":false},"author":2,"featured_media":13314,"comment_status":"closed","ping_status":"closed","sticky":false,"template":"","format":"standard","meta":{"footnotes":""},"categories":[141],"tags":[],"class_list":["post-13217","post","type-post","status-publish","format-standard","has-post-thumbnail","hentry","category-noticias-del-salon"],"yoast_head":"<!-- This site is optimized with the Yoast SEO plugin v27.4 - https:\/\/yoast.com\/product\/yoast-seo-wordpress\/ -->\n<title>II Congreso Internacional del Medicamento Individualizado<\/title>\n<meta name=\"description\" content=\"La segunda edici\u00f3n del congreso tendr\u00e1 lugar del 24 al 25 de octubre de 2024, en la Facultad de Ciencias de la Comunicaci\u00f3n, en Santiago de Compostela.\" \/>\n<meta name=\"robots\" content=\"index, follow, max-snippet:-1, max-image-preview:large, max-video-preview:-1\" \/>\n<link rel=\"canonical\" href=\"https:\/\/www.infarma.es\/ca\/ii-congreso-internacional-del-medicamento-individualizado\/\" \/>\n<meta property=\"og:locale\" content=\"ca_ES\" \/>\n<meta property=\"og:type\" content=\"article\" \/>\n<meta property=\"og:title\" content=\"II Congreso Internacional del Medicamento Individualizado\" \/>\n<meta property=\"og:description\" content=\"La segunda edici\u00f3n del congreso tendr\u00e1 lugar del 24 al 25 de octubre de 2024, en la Facultad de Ciencias de la Comunicaci\u00f3n, en Santiago de Compostela.\" \/>\n<meta property=\"og:url\" content=\"https:\/\/www.infarma.es\/ca\/ii-congreso-internacional-del-medicamento-individualizado\/\" \/>\n<meta property=\"og:site_name\" content=\"Infarma\" \/>\n<meta property=\"article:publisher\" content=\"https:\/\/www.facebook.com\/infarmaoficial\/\" \/>\n<meta property=\"article:published_time\" content=\"2024-03-16T18:10:33+00:00\" \/>\n<meta property=\"article:modified_time\" content=\"2024-07-23T08:50:27+00:00\" \/>\n<meta property=\"og:image\" content=\"https:\/\/www.infarma.es\/wp-content\/uploads\/2024\/07\/inf24-lasemi-congreso-blog.webp\" \/>\n\t<meta property=\"og:image:width\" content=\"1600\" \/>\n\t<meta property=\"og:image:height\" content=\"900\" \/>\n\t<meta property=\"og:image:type\" content=\"image\/webp\" \/>\n<meta name=\"author\" content=\"xavier\" \/>\n<meta name=\"twitter:card\" content=\"summary_large_image\" \/>\n<meta name=\"twitter:creator\" content=\"@infarma_es\" \/>\n<meta name=\"twitter:site\" content=\"@infarma_es\" \/>\n<meta name=\"twitter:label1\" content=\"Escrit per\" \/>\n\t<meta name=\"twitter:data1\" content=\"xavier\" \/>\n\t<meta name=\"twitter:label2\" content=\"Temps estimat de lectura\" \/>\n\t<meta name=\"twitter:data2\" content=\"2 minuts\" \/>\n<script type=\"application\/ld+json\" class=\"yoast-schema-graph\">{\"@context\":\"https:\\\/\\\/schema.org\",\"@graph\":[{\"@type\":\"Article\",\"@id\":\"https:\\\/\\\/www.infarma.es\\\/ca\\\/ii-congreso-internacional-del-medicamento-individualizado\\\/#article\",\"isPartOf\":{\"@id\":\"https:\\\/\\\/www.infarma.es\\\/ca\\\/ii-congreso-internacional-del-medicamento-individualizado\\\/\"},\"author\":{\"name\":\"xavier\",\"@id\":\"https:\\\/\\\/www.infarma.es\\\/ca\\\/#\\\/schema\\\/person\\\/e53486dc47606cc5c89217026a8a01a7\"},\"headline\":\"II Congreso Internacional del Medicamento Individualizado\",\"datePublished\":\"2024-03-16T18:10:33+00:00\",\"dateModified\":\"2024-07-23T08:50:27+00:00\",\"mainEntityOfPage\":{\"@id\":\"https:\\\/\\\/www.infarma.es\\\/ca\\\/ii-congreso-internacional-del-medicamento-individualizado\\\/\"},\"wordCount\":329,\"publisher\":{\"@id\":\"https:\\\/\\\/www.infarma.es\\\/ca\\\/#organization\"},\"image\":{\"@id\":\"https:\\\/\\\/www.infarma.es\\\/ca\\\/ii-congreso-internacional-del-medicamento-individualizado\\\/#primaryimage\"},\"thumbnailUrl\":\"https:\\\/\\\/www.infarma.es\\\/wp-content\\\/uploads\\\/2024\\\/07\\\/inf24-lasemi-congreso-blog.webp\",\"articleSection\":[\"Noticias del Sal\u00f3n\"],\"inLanguage\":\"ca\"},{\"@type\":\"WebPage\",\"@id\":\"https:\\\/\\\/www.infarma.es\\\/ca\\\/ii-congreso-internacional-del-medicamento-individualizado\\\/\",\"url\":\"https:\\\/\\\/www.infarma.es\\\/ca\\\/ii-congreso-internacional-del-medicamento-individualizado\\\/\",\"name\":\"II Congreso Internacional del Medicamento Individualizado\",\"isPartOf\":{\"@id\":\"https:\\\/\\\/www.infarma.es\\\/ca\\\/#website\"},\"primaryImageOfPage\":{\"@id\":\"https:\\\/\\\/www.infarma.es\\\/ca\\\/ii-congreso-internacional-del-medicamento-individualizado\\\/#primaryimage\"},\"image\":{\"@id\":\"https:\\\/\\\/www.infarma.es\\\/ca\\\/ii-congreso-internacional-del-medicamento-individualizado\\\/#primaryimage\"},\"thumbnailUrl\":\"https:\\\/\\\/www.infarma.es\\\/wp-content\\\/uploads\\\/2024\\\/07\\\/inf24-lasemi-congreso-blog.webp\",\"datePublished\":\"2024-03-16T18:10:33+00:00\",\"dateModified\":\"2024-07-23T08:50:27+00:00\",\"description\":\"La segunda edici\u00f3n del congreso tendr\u00e1 lugar del 24 al 25 de octubre de 2024, en la Facultad de Ciencias de la Comunicaci\u00f3n, en Santiago de Compostela.\",\"breadcrumb\":{\"@id\":\"https:\\\/\\\/www.infarma.es\\\/ca\\\/ii-congreso-internacional-del-medicamento-individualizado\\\/#breadcrumb\"},\"inLanguage\":\"ca\",\"potentialAction\":[{\"@type\":\"ReadAction\",\"target\":[\"https:\\\/\\\/www.infarma.es\\\/ca\\\/ii-congreso-internacional-del-medicamento-individualizado\\\/\"]}]},{\"@type\":\"ImageObject\",\"inLanguage\":\"ca\",\"@id\":\"https:\\\/\\\/www.infarma.es\\\/ca\\\/ii-congreso-internacional-del-medicamento-individualizado\\\/#primaryimage\",\"url\":\"https:\\\/\\\/www.infarma.es\\\/wp-content\\\/uploads\\\/2024\\\/07\\\/inf24-lasemi-congreso-blog.webp\",\"contentUrl\":\"https:\\\/\\\/www.infarma.es\\\/wp-content\\\/uploads\\\/2024\\\/07\\\/inf24-lasemi-congreso-blog.webp\",\"width\":1600,\"height\":900},{\"@type\":\"BreadcrumbList\",\"@id\":\"https:\\\/\\\/www.infarma.es\\\/ca\\\/ii-congreso-internacional-del-medicamento-individualizado\\\/#breadcrumb\",\"itemListElement\":[{\"@type\":\"ListItem\",\"position\":1,\"name\":\"Portada\",\"item\":\"https:\\\/\\\/www.infarma.es\\\/ca\\\/\"},{\"@type\":\"ListItem\",\"position\":2,\"name\":\"II Congreso Internacional del Medicamento Individualizado\"}]},{\"@type\":\"WebSite\",\"@id\":\"https:\\\/\\\/www.infarma.es\\\/ca\\\/#website\",\"url\":\"https:\\\/\\\/www.infarma.es\\\/ca\\\/\",\"name\":\"Infarma\",\"description\":\"El mayor encuentro de farmacia\",\"publisher\":{\"@id\":\"https:\\\/\\\/www.infarma.es\\\/ca\\\/#organization\"},\"potentialAction\":[{\"@type\":\"SearchAction\",\"target\":{\"@type\":\"EntryPoint\",\"urlTemplate\":\"https:\\\/\\\/www.infarma.es\\\/ca\\\/?s={search_term_string}\"},\"query-input\":{\"@type\":\"PropertyValueSpecification\",\"valueRequired\":true,\"valueName\":\"search_term_string\"}}],\"inLanguage\":\"ca\"},{\"@type\":\"Organization\",\"@id\":\"https:\\\/\\\/www.infarma.es\\\/ca\\\/#organization\",\"name\":\"Infarma\",\"url\":\"https:\\\/\\\/www.infarma.es\\\/ca\\\/\",\"logo\":{\"@type\":\"ImageObject\",\"inLanguage\":\"ca\",\"@id\":\"https:\\\/\\\/www.infarma.es\\\/ca\\\/#\\\/schema\\\/logo\\\/image\\\/\",\"url\":\"https:\\\/\\\/www.infarma.es\\\/wp-content\\\/uploads\\\/2024\\\/10\\\/logo-simple.svg\",\"contentUrl\":\"https:\\\/\\\/www.infarma.es\\\/wp-content\\\/uploads\\\/2024\\\/10\\\/logo-simple.svg\",\"width\":1,\"height\":1,\"caption\":\"Infarma\"},\"image\":{\"@id\":\"https:\\\/\\\/www.infarma.es\\\/ca\\\/#\\\/schema\\\/logo\\\/image\\\/\"},\"sameAs\":[\"https:\\\/\\\/www.facebook.com\\\/infarmaoficial\\\/\",\"https:\\\/\\\/x.com\\\/infarma_es\",\"https:\\\/\\\/www.instagram.com\\\/infarma_oficial\\\/\",\"https:\\\/\\\/www.linkedin.com\\\/showcase\\\/infarma-salon\\\/\",\"https:\\\/\\\/www.youtube.com\\\/@INFARMAOFICIAL\"]},{\"@type\":\"Person\",\"@id\":\"https:\\\/\\\/www.infarma.es\\\/ca\\\/#\\\/schema\\\/person\\\/e53486dc47606cc5c89217026a8a01a7\",\"name\":\"xavier\",\"image\":{\"@type\":\"ImageObject\",\"inLanguage\":\"ca\",\"@id\":\"https:\\\/\\\/secure.gravatar.com\\\/avatar\\\/9014b89254123c1f240ae636cc793b98ce50ec2df162909756be1d23adc503e4?s=96&d=mm&r=g\",\"url\":\"https:\\\/\\\/secure.gravatar.com\\\/avatar\\\/9014b89254123c1f240ae636cc793b98ce50ec2df162909756be1d23adc503e4?s=96&d=mm&r=g\",\"contentUrl\":\"https:\\\/\\\/secure.gravatar.com\\\/avatar\\\/9014b89254123c1f240ae636cc793b98ce50ec2df162909756be1d23adc503e4?s=96&d=mm&r=g\",\"caption\":\"xavier\"},\"url\":\"https:\\\/\\\/www.infarma.es\\\/ca\\\/author\\\/xavier\\\/\"}]}<\/script>\n<!-- \/ Yoast SEO plugin. -->","yoast_head_json":{"title":"II Congreso Internacional del Medicamento Individualizado","description":"La segunda edici\u00f3n del congreso tendr\u00e1 lugar del 24 al 25 de octubre de 2024, en la Facultad de Ciencias de la Comunicaci\u00f3n, en Santiago de Compostela.","robots":{"index":"index","follow":"follow","max-snippet":"max-snippet:-1","max-image-preview":"max-image-preview:large","max-video-preview":"max-video-preview:-1"},"canonical":"https:\/\/www.infarma.es\/ca\/ii-congreso-internacional-del-medicamento-individualizado\/","og_locale":"ca_ES","og_type":"article","og_title":"II Congreso Internacional del Medicamento Individualizado","og_description":"La segunda edici\u00f3n del congreso tendr\u00e1 lugar del 24 al 25 de octubre de 2024, en la Facultad de Ciencias de la Comunicaci\u00f3n, en Santiago de Compostela.","og_url":"https:\/\/www.infarma.es\/ca\/ii-congreso-internacional-del-medicamento-individualizado\/","og_site_name":"Infarma","article_publisher":"https:\/\/www.facebook.com\/infarmaoficial\/","article_published_time":"2024-03-16T18:10:33+00:00","article_modified_time":"2024-07-23T08:50:27+00:00","og_image":[{"width":1600,"height":900,"url":"https:\/\/www.infarma.es\/wp-content\/uploads\/2024\/07\/inf24-lasemi-congreso-blog.webp","type":"image\/webp"}],"author":"xavier","twitter_card":"summary_large_image","twitter_creator":"@infarma_es","twitter_site":"@infarma_es","twitter_misc":{"Escrit per":"xavier","Temps estimat de lectura":"2 minuts"},"schema":{"@context":"https:\/\/schema.org","@graph":[{"@type":"Article","@id":"https:\/\/www.infarma.es\/ca\/ii-congreso-internacional-del-medicamento-individualizado\/#article","isPartOf":{"@id":"https:\/\/www.infarma.es\/ca\/ii-congreso-internacional-del-medicamento-individualizado\/"},"author":{"name":"xavier","@id":"https:\/\/www.infarma.es\/ca\/#\/schema\/person\/e53486dc47606cc5c89217026a8a01a7"},"headline":"II Congreso Internacional del Medicamento Individualizado","datePublished":"2024-03-16T18:10:33+00:00","dateModified":"2024-07-23T08:50:27+00:00","mainEntityOfPage":{"@id":"https:\/\/www.infarma.es\/ca\/ii-congreso-internacional-del-medicamento-individualizado\/"},"wordCount":329,"publisher":{"@id":"https:\/\/www.infarma.es\/ca\/#organization"},"image":{"@id":"https:\/\/www.infarma.es\/ca\/ii-congreso-internacional-del-medicamento-individualizado\/#primaryimage"},"thumbnailUrl":"https:\/\/www.infarma.es\/wp-content\/uploads\/2024\/07\/inf24-lasemi-congreso-blog.webp","articleSection":["Noticias del Sal\u00f3n"],"inLanguage":"ca"},{"@type":"WebPage","@id":"https:\/\/www.infarma.es\/ca\/ii-congreso-internacional-del-medicamento-individualizado\/","url":"https:\/\/www.infarma.es\/ca\/ii-congreso-internacional-del-medicamento-individualizado\/","name":"II Congreso Internacional del Medicamento Individualizado","isPartOf":{"@id":"https:\/\/www.infarma.es\/ca\/#website"},"primaryImageOfPage":{"@id":"https:\/\/www.infarma.es\/ca\/ii-congreso-internacional-del-medicamento-individualizado\/#primaryimage"},"image":{"@id":"https:\/\/www.infarma.es\/ca\/ii-congreso-internacional-del-medicamento-individualizado\/#primaryimage"},"thumbnailUrl":"https:\/\/www.infarma.es\/wp-content\/uploads\/2024\/07\/inf24-lasemi-congreso-blog.webp","datePublished":"2024-03-16T18:10:33+00:00","dateModified":"2024-07-23T08:50:27+00:00","description":"La segunda edici\u00f3n del congreso tendr\u00e1 lugar del 24 al 25 de octubre de 2024, en la Facultad de Ciencias de la Comunicaci\u00f3n, en Santiago de Compostela.","breadcrumb":{"@id":"https:\/\/www.infarma.es\/ca\/ii-congreso-internacional-del-medicamento-individualizado\/#breadcrumb"},"inLanguage":"ca","potentialAction":[{"@type":"ReadAction","target":["https:\/\/www.infarma.es\/ca\/ii-congreso-internacional-del-medicamento-individualizado\/"]}]},{"@type":"ImageObject","inLanguage":"ca","@id":"https:\/\/www.infarma.es\/ca\/ii-congreso-internacional-del-medicamento-individualizado\/#primaryimage","url":"https:\/\/www.infarma.es\/wp-content\/uploads\/2024\/07\/inf24-lasemi-congreso-blog.webp","contentUrl":"https:\/\/www.infarma.es\/wp-content\/uploads\/2024\/07\/inf24-lasemi-congreso-blog.webp","width":1600,"height":900},{"@type":"BreadcrumbList","@id":"https:\/\/www.infarma.es\/ca\/ii-congreso-internacional-del-medicamento-individualizado\/#breadcrumb","itemListElement":[{"@type":"ListItem","position":1,"name":"Portada","item":"https:\/\/www.infarma.es\/ca\/"},{"@type":"ListItem","position":2,"name":"II Congreso Internacional del Medicamento Individualizado"}]},{"@type":"WebSite","@id":"https:\/\/www.infarma.es\/ca\/#website","url":"https:\/\/www.infarma.es\/ca\/","name":"Infarma","description":"El mayor encuentro de farmacia","publisher":{"@id":"https:\/\/www.infarma.es\/ca\/#organization"},"potentialAction":[{"@type":"SearchAction","target":{"@type":"EntryPoint","urlTemplate":"https:\/\/www.infarma.es\/ca\/?s={search_term_string}"},"query-input":{"@type":"PropertyValueSpecification","valueRequired":true,"valueName":"search_term_string"}}],"inLanguage":"ca"},{"@type":"Organization","@id":"https:\/\/www.infarma.es\/ca\/#organization","name":"Infarma","url":"https:\/\/www.infarma.es\/ca\/","logo":{"@type":"ImageObject","inLanguage":"ca","@id":"https:\/\/www.infarma.es\/ca\/#\/schema\/logo\/image\/","url":"https:\/\/www.infarma.es\/wp-content\/uploads\/2024\/10\/logo-simple.svg","contentUrl":"https:\/\/www.infarma.es\/wp-content\/uploads\/2024\/10\/logo-simple.svg","width":1,"height":1,"caption":"Infarma"},"image":{"@id":"https:\/\/www.infarma.es\/ca\/#\/schema\/logo\/image\/"},"sameAs":["https:\/\/www.facebook.com\/infarmaoficial\/","https:\/\/x.com\/infarma_es","https:\/\/www.instagram.com\/infarma_oficial\/","https:\/\/www.linkedin.com\/showcase\/infarma-salon\/","https:\/\/www.youtube.com\/@INFARMAOFICIAL"]},{"@type":"Person","@id":"https:\/\/www.infarma.es\/ca\/#\/schema\/person\/e53486dc47606cc5c89217026a8a01a7","name":"xavier","image":{"@type":"ImageObject","inLanguage":"ca","@id":"https:\/\/secure.gravatar.com\/avatar\/9014b89254123c1f240ae636cc793b98ce50ec2df162909756be1d23adc503e4?s=96&d=mm&r=g","url":"https:\/\/secure.gravatar.com\/avatar\/9014b89254123c1f240ae636cc793b98ce50ec2df162909756be1d23adc503e4?s=96&d=mm&r=g","contentUrl":"https:\/\/secure.gravatar.com\/avatar\/9014b89254123c1f240ae636cc793b98ce50ec2df162909756be1d23adc503e4?s=96&d=mm&r=g","caption":"xavier"},"url":"https:\/\/www.infarma.es\/ca\/author\/xavier\/"}]}},"_links":{"self":[{"href":"https:\/\/www.infarma.es\/ca\/wp-json\/wp\/v2\/posts\/13217","targetHints":{"allow":["GET"]}}],"collection":[{"href":"https:\/\/www.infarma.es\/ca\/wp-json\/wp\/v2\/posts"}],"about":[{"href":"https:\/\/www.infarma.es\/ca\/wp-json\/wp\/v2\/types\/post"}],"author":[{"embeddable":true,"href":"https:\/\/www.infarma.es\/ca\/wp-json\/wp\/v2\/users\/2"}],"replies":[{"embeddable":true,"href":"https:\/\/www.infarma.es\/ca\/wp-json\/wp\/v2\/comments?post=13217"}],"version-history":[{"count":2,"href":"https:\/\/www.infarma.es\/ca\/wp-json\/wp\/v2\/posts\/13217\/revisions"}],"predecessor-version":[{"id":13358,"href":"https:\/\/www.infarma.es\/ca\/wp-json\/wp\/v2\/posts\/13217\/revisions\/13358"}],"wp:featuredmedia":[{"embeddable":true,"href":"https:\/\/www.infarma.es\/ca\/wp-json\/wp\/v2\/media\/13314"}],"wp:attachment":[{"href":"https:\/\/www.infarma.es\/ca\/wp-json\/wp\/v2\/media?parent=13217"}],"wp:term":[{"taxonomy":"category","embeddable":true,"href":"https:\/\/www.infarma.es\/ca\/wp-json\/wp\/v2\/categories?post=13217"},{"taxonomy":"post_tag","embeddable":true,"href":"https:\/\/www.infarma.es\/ca\/wp-json\/wp\/v2\/tags?post=13217"}],"curies":[{"name":"wp","href":"https:\/\/api.w.org\/{rel}","templated":true}]}}