{"id":13219,"date":"2024-03-16T18:51:59","date_gmt":"2024-03-16T17:51:59","guid":{"rendered":"https:\/\/www.infarma.es\/?p=12152"},"modified":"2024-07-23T11:07:07","modified_gmt":"2024-07-23T09:07:07","slug":"the-phlace-curso-de-especializacion-capilar","status":"publish","type":"post","link":"https:\/\/www.infarma.es\/ca\/the-phlace-curso-de-especializacion-capilar\/","title":{"rendered":"Las farmacias que REVOLUCIONAN la categor\u00eda CAPILAR se re\u00fanen ante la convocatoria de THE PHLACE en el stand 3A28 (pabell\u00f3n 3) de Barebells\u00a0el pr\u00f3ximo mi\u00e9rcoles 20 de marzo a las 14:00"},"content":{"rendered":"\n<p>Las fundadoras de&nbsp;<strong>THE PHLACE<\/strong>, el curso de especializaci\u00f3n capilar m\u00e1s revolucionario del sector, han organizado un encuentro profesional el pr\u00f3ximo mi\u00e9rcoles 20 de marzo a las 14:00 en el stand 3A28 (pabell\u00f3n 3) de Barebells.<\/p>\n\n\n\n<p>El&nbsp;<strong>objetivo&nbsp;<\/strong>de esta convocatoria es estrechar lazos y generar alianzas entre farmacias interesadas en explorar la CATEGOR\u00cdA CAPILAR y llevarla al siguiente nivel de desarrollo.<\/p>\n\n\n\n<p>El&nbsp;<strong>cuidado capilar<\/strong>&nbsp;est\u00e1 en auge y el sector&nbsp;<strong>farmacia<\/strong>&nbsp;necesita&nbsp;<strong>expertos<\/strong>&nbsp;para atender las demandas del consumidor desde el rigor que da la profesi\u00f3n del farmac\u00e9utico. THE PHLACE cree en la&nbsp;<strong>formaci\u00f3n<\/strong>&nbsp;como principal herramienta y en la&nbsp;<strong>uni\u00f3n&nbsp;<\/strong>entre profesionales como la \u00fanica v\u00eda para que el consumidor reconozca a las farmacias como el lugar de preferencia para confiar el cuidado de su cabello. EXPERIENCIA, CREDIBILIDAD y POSICIONAMIENTO son la clave.<\/p>\n\n\n\n<div style=\"height:30px\" aria-hidden=\"true\" class=\"wp-block-spacer\"><\/div>\n\n\n\n<h3 class=\"wp-block-heading\"><strong>\u00bfQui\u00e9n est\u00e1 invitado a este encuentro?<\/strong><\/h3>\n\n\n\n<p>Por supuesto, las&nbsp;<strong>m\u00e1s de 100 farmacias<\/strong>&nbsp;que ya se han formado con THE PHLACE, a las que se les conoce cari\u00f1osamente como&nbsp;<strong>\u201cla PHamilia\u201d<\/strong>&nbsp;y&nbsp;<strong>todos aquellos profesionales que est\u00e9n interesados en conquistar el universo del cabello.<\/strong><\/p>\n\n\n\n<div style=\"height:30px\" aria-hidden=\"true\" class=\"wp-block-spacer\"><\/div>\n\n\n\n<h3 class=\"wp-block-heading\"><strong>\u00bfQu\u00e9 tiene de especial esta convocatoria?<\/strong><\/h3>\n\n\n\n<p>No solo ser\u00e1 un momento perfecto para el&nbsp;<strong>networking<\/strong>, \u201cLa PHamilia\u201d sabe que THE PHLACE es mucho m\u00e1s que&nbsp;<strong>conexiones<\/strong>&nbsp;y&nbsp;<strong>ciencia<\/strong>&nbsp;y la DIVERSI\u00d3N y las SORPRESAS est\u00e1n garantizadas. Spoiler! HABR\u00c1 UN&nbsp;<strong>SORTEO<\/strong>&nbsp;DE UNA&nbsp;<strong>ENTRADA<\/strong>&nbsp;PARA LA PR\u00d3XIMA EDICI\u00d3N DEL CURSO (Madrid 30 y 31 de mayo)!<\/p>\n\n\n\n<p>Tanto&nbsp;<em>Barebells<\/em>, uno de los laboratorios patrocinador del curso, como&nbsp;<em>Estefan\u00eda Blanco, Anita Fern\u00e1ndez Gil<\/em>&nbsp;y&nbsp;<em>Carmen Toledo<\/em>&nbsp;(fundadoras de THE PHLACE) estamos deseando encontrarnos con todos vosotros \u00a1Os esperamos!<\/p>\n\n\n\n<p>\u00a1\u00danete a la revoluci\u00f3n CAPILAR!<\/p>\n\n\n\n<p>#cazapelazos<\/p>\n\n\n\n<p><strong>SAVE THE DATE!<\/strong><br><strong>Mi\u00e9rcoles, 20 DE MARZO \u2013 14:00<\/strong><br><strong>Stand 3A28 (pabell\u00f3n 3) \u2013 Barebells<\/strong><\/p>\n","protected":false},"excerpt":{"rendered":"<p>Las fundadoras de&nbsp;THE PHLACE, el curso de especializaci\u00f3n capilar m\u00e1s revolucionario del sector, han organizado un encuentro profesional el pr\u00f3ximo mi\u00e9rcoles 20 de marzo a las 14:00 en el stand 3A28 (pabell\u00f3n 3) de Barebells. El&nbsp;objetivo&nbsp;de esta convocatoria es estrechar lazos y generar alianzas entre farmacias interesadas en explorar la CATEGOR\u00cdA CAPILAR y llevarla al [&hellip;]<\/p>\n","protected":false},"author":2,"featured_media":13302,"comment_status":"closed","ping_status":"closed","sticky":false,"template":"","format":"standard","meta":{"footnotes":""},"categories":[141],"tags":[],"class_list":["post-13219","post","type-post","status-publish","format-standard","has-post-thumbnail","hentry","category-noticias-del-salon"],"yoast_head":"<!-- This site is optimized with the Yoast SEO plugin v27.4 - https:\/\/yoast.com\/product\/yoast-seo-wordpress\/ -->\n<title>Las farmacias que REVOLUCIONAN la categor\u00eda CAPILAR se re\u00fanen ante la convocatoria de THE PHLACE en el stand 3A28 (pabell\u00f3n 3) de Barebells\u00a0el pr\u00f3ximo mi\u00e9rcoles 20 de marzo a las 14:00<\/title>\n<meta name=\"description\" content=\"Estrecha lazos y genera alianzas entre farmacias interesadas en explorar la CATEGOR\u00cdA CAPILAR y llevarla al siguiente nivel de desarrollo.\" \/>\n<meta name=\"robots\" content=\"index, follow, max-snippet:-1, max-image-preview:large, max-video-preview:-1\" \/>\n<link rel=\"canonical\" href=\"https:\/\/www.infarma.es\/ca\/the-phlace-curso-de-especializacion-capilar\/\" \/>\n<meta property=\"og:locale\" content=\"ca_ES\" \/>\n<meta property=\"og:type\" content=\"article\" \/>\n<meta property=\"og:title\" content=\"Las farmacias que REVOLUCIONAN la categor\u00eda CAPILAR se re\u00fanen ante la convocatoria de THE PHLACE en el stand 3A28 (pabell\u00f3n 3) de Barebells\u00a0el pr\u00f3ximo mi\u00e9rcoles 20 de marzo a las 14:00\" \/>\n<meta property=\"og:description\" content=\"Estrecha lazos y genera alianzas entre farmacias interesadas en explorar la CATEGOR\u00cdA CAPILAR y llevarla al siguiente nivel de desarrollo.\" \/>\n<meta property=\"og:url\" content=\"https:\/\/www.infarma.es\/ca\/the-phlace-curso-de-especializacion-capilar\/\" \/>\n<meta property=\"og:site_name\" content=\"Infarma\" \/>\n<meta property=\"article:publisher\" content=\"https:\/\/www.facebook.com\/infarmaoficial\/\" \/>\n<meta property=\"article:published_time\" content=\"2024-03-16T17:51:59+00:00\" \/>\n<meta property=\"article:modified_time\" content=\"2024-07-23T09:07:07+00:00\" \/>\n<meta property=\"og:image\" content=\"https:\/\/www.infarma.es\/wp-content\/uploads\/2024\/07\/inf24-pharmasur2000-blog.webp\" \/>\n\t<meta property=\"og:image:width\" content=\"1600\" \/>\n\t<meta property=\"og:image:height\" content=\"900\" \/>\n\t<meta property=\"og:image:type\" content=\"image\/webp\" \/>\n<meta name=\"author\" content=\"xavier\" \/>\n<meta name=\"twitter:card\" content=\"summary_large_image\" \/>\n<meta name=\"twitter:creator\" content=\"@infarma_es\" \/>\n<meta name=\"twitter:site\" content=\"@infarma_es\" \/>\n<meta name=\"twitter:label1\" content=\"Escrit per\" \/>\n\t<meta name=\"twitter:data1\" content=\"xavier\" \/>\n\t<meta name=\"twitter:label2\" content=\"Temps estimat de lectura\" \/>\n\t<meta name=\"twitter:data2\" content=\"2 minuts\" \/>\n<script type=\"application\/ld+json\" class=\"yoast-schema-graph\">{\"@context\":\"https:\\\/\\\/schema.org\",\"@graph\":[{\"@type\":\"Article\",\"@id\":\"https:\\\/\\\/www.infarma.es\\\/ca\\\/the-phlace-curso-de-especializacion-capilar\\\/#article\",\"isPartOf\":{\"@id\":\"https:\\\/\\\/www.infarma.es\\\/ca\\\/the-phlace-curso-de-especializacion-capilar\\\/\"},\"author\":{\"name\":\"xavier\",\"@id\":\"https:\\\/\\\/www.infarma.es\\\/ca\\\/#\\\/schema\\\/person\\\/e53486dc47606cc5c89217026a8a01a7\"},\"headline\":\"Las farmacias que REVOLUCIONAN la categor\u00eda CAPILAR se re\u00fanen ante la convocatoria de THE PHLACE en el stand 3A28 (pabell\u00f3n 3) de Barebells\u00a0el pr\u00f3ximo mi\u00e9rcoles 20 de marzo a las 14:00\",\"datePublished\":\"2024-03-16T17:51:59+00:00\",\"dateModified\":\"2024-07-23T09:07:07+00:00\",\"mainEntityOfPage\":{\"@id\":\"https:\\\/\\\/www.infarma.es\\\/ca\\\/the-phlace-curso-de-especializacion-capilar\\\/\"},\"wordCount\":365,\"publisher\":{\"@id\":\"https:\\\/\\\/www.infarma.es\\\/ca\\\/#organization\"},\"image\":{\"@id\":\"https:\\\/\\\/www.infarma.es\\\/ca\\\/the-phlace-curso-de-especializacion-capilar\\\/#primaryimage\"},\"thumbnailUrl\":\"https:\\\/\\\/www.infarma.es\\\/wp-content\\\/uploads\\\/2024\\\/07\\\/inf24-pharmasur2000-blog.webp\",\"articleSection\":[\"Noticias del Sal\u00f3n\"],\"inLanguage\":\"ca\"},{\"@type\":\"WebPage\",\"@id\":\"https:\\\/\\\/www.infarma.es\\\/ca\\\/the-phlace-curso-de-especializacion-capilar\\\/\",\"url\":\"https:\\\/\\\/www.infarma.es\\\/ca\\\/the-phlace-curso-de-especializacion-capilar\\\/\",\"name\":\"Las farmacias que REVOLUCIONAN la categor\u00eda CAPILAR se re\u00fanen ante la convocatoria de THE PHLACE en el stand 3A28 (pabell\u00f3n 3) de Barebells\u00a0el pr\u00f3ximo mi\u00e9rcoles 20 de marzo a las 14:00\",\"isPartOf\":{\"@id\":\"https:\\\/\\\/www.infarma.es\\\/ca\\\/#website\"},\"primaryImageOfPage\":{\"@id\":\"https:\\\/\\\/www.infarma.es\\\/ca\\\/the-phlace-curso-de-especializacion-capilar\\\/#primaryimage\"},\"image\":{\"@id\":\"https:\\\/\\\/www.infarma.es\\\/ca\\\/the-phlace-curso-de-especializacion-capilar\\\/#primaryimage\"},\"thumbnailUrl\":\"https:\\\/\\\/www.infarma.es\\\/wp-content\\\/uploads\\\/2024\\\/07\\\/inf24-pharmasur2000-blog.webp\",\"datePublished\":\"2024-03-16T17:51:59+00:00\",\"dateModified\":\"2024-07-23T09:07:07+00:00\",\"description\":\"Estrecha lazos y genera alianzas entre farmacias interesadas en explorar la CATEGOR\u00cdA CAPILAR y llevarla al siguiente nivel de desarrollo.\",\"breadcrumb\":{\"@id\":\"https:\\\/\\\/www.infarma.es\\\/ca\\\/the-phlace-curso-de-especializacion-capilar\\\/#breadcrumb\"},\"inLanguage\":\"ca\",\"potentialAction\":[{\"@type\":\"ReadAction\",\"target\":[\"https:\\\/\\\/www.infarma.es\\\/ca\\\/the-phlace-curso-de-especializacion-capilar\\\/\"]}]},{\"@type\":\"ImageObject\",\"inLanguage\":\"ca\",\"@id\":\"https:\\\/\\\/www.infarma.es\\\/ca\\\/the-phlace-curso-de-especializacion-capilar\\\/#primaryimage\",\"url\":\"https:\\\/\\\/www.infarma.es\\\/wp-content\\\/uploads\\\/2024\\\/07\\\/inf24-pharmasur2000-blog.webp\",\"contentUrl\":\"https:\\\/\\\/www.infarma.es\\\/wp-content\\\/uploads\\\/2024\\\/07\\\/inf24-pharmasur2000-blog.webp\",\"width\":1600,\"height\":900},{\"@type\":\"BreadcrumbList\",\"@id\":\"https:\\\/\\\/www.infarma.es\\\/ca\\\/the-phlace-curso-de-especializacion-capilar\\\/#breadcrumb\",\"itemListElement\":[{\"@type\":\"ListItem\",\"position\":1,\"name\":\"Portada\",\"item\":\"https:\\\/\\\/www.infarma.es\\\/ca\\\/\"},{\"@type\":\"ListItem\",\"position\":2,\"name\":\"Las farmacias que REVOLUCIONAN la categor\u00eda CAPILAR se re\u00fanen ante la convocatoria de THE PHLACE en el stand 3A28 (pabell\u00f3n 3) de Barebells\u00a0el pr\u00f3ximo mi\u00e9rcoles 20 de marzo a las 14:00\"}]},{\"@type\":\"WebSite\",\"@id\":\"https:\\\/\\\/www.infarma.es\\\/ca\\\/#website\",\"url\":\"https:\\\/\\\/www.infarma.es\\\/ca\\\/\",\"name\":\"Infarma\",\"description\":\"El mayor encuentro de farmacia\",\"publisher\":{\"@id\":\"https:\\\/\\\/www.infarma.es\\\/ca\\\/#organization\"},\"potentialAction\":[{\"@type\":\"SearchAction\",\"target\":{\"@type\":\"EntryPoint\",\"urlTemplate\":\"https:\\\/\\\/www.infarma.es\\\/ca\\\/?s={search_term_string}\"},\"query-input\":{\"@type\":\"PropertyValueSpecification\",\"valueRequired\":true,\"valueName\":\"search_term_string\"}}],\"inLanguage\":\"ca\"},{\"@type\":\"Organization\",\"@id\":\"https:\\\/\\\/www.infarma.es\\\/ca\\\/#organization\",\"name\":\"Infarma\",\"url\":\"https:\\\/\\\/www.infarma.es\\\/ca\\\/\",\"logo\":{\"@type\":\"ImageObject\",\"inLanguage\":\"ca\",\"@id\":\"https:\\\/\\\/www.infarma.es\\\/ca\\\/#\\\/schema\\\/logo\\\/image\\\/\",\"url\":\"https:\\\/\\\/www.infarma.es\\\/wp-content\\\/uploads\\\/2024\\\/10\\\/logo-simple.svg\",\"contentUrl\":\"https:\\\/\\\/www.infarma.es\\\/wp-content\\\/uploads\\\/2024\\\/10\\\/logo-simple.svg\",\"width\":1,\"height\":1,\"caption\":\"Infarma\"},\"image\":{\"@id\":\"https:\\\/\\\/www.infarma.es\\\/ca\\\/#\\\/schema\\\/logo\\\/image\\\/\"},\"sameAs\":[\"https:\\\/\\\/www.facebook.com\\\/infarmaoficial\\\/\",\"https:\\\/\\\/x.com\\\/infarma_es\",\"https:\\\/\\\/www.instagram.com\\\/infarma_oficial\\\/\",\"https:\\\/\\\/www.linkedin.com\\\/showcase\\\/infarma-salon\\\/\",\"https:\\\/\\\/www.youtube.com\\\/@INFARMAOFICIAL\"]},{\"@type\":\"Person\",\"@id\":\"https:\\\/\\\/www.infarma.es\\\/ca\\\/#\\\/schema\\\/person\\\/e53486dc47606cc5c89217026a8a01a7\",\"name\":\"xavier\",\"image\":{\"@type\":\"ImageObject\",\"inLanguage\":\"ca\",\"@id\":\"https:\\\/\\\/secure.gravatar.com\\\/avatar\\\/9014b89254123c1f240ae636cc793b98ce50ec2df162909756be1d23adc503e4?s=96&d=mm&r=g\",\"url\":\"https:\\\/\\\/secure.gravatar.com\\\/avatar\\\/9014b89254123c1f240ae636cc793b98ce50ec2df162909756be1d23adc503e4?s=96&d=mm&r=g\",\"contentUrl\":\"https:\\\/\\\/secure.gravatar.com\\\/avatar\\\/9014b89254123c1f240ae636cc793b98ce50ec2df162909756be1d23adc503e4?s=96&d=mm&r=g\",\"caption\":\"xavier\"},\"url\":\"https:\\\/\\\/www.infarma.es\\\/ca\\\/author\\\/xavier\\\/\"}]}<\/script>\n<!-- \/ Yoast SEO plugin. -->","yoast_head_json":{"title":"Las farmacias que REVOLUCIONAN la categor\u00eda CAPILAR se re\u00fanen ante la convocatoria de THE PHLACE en el stand 3A28 (pabell\u00f3n 3) de Barebells\u00a0el pr\u00f3ximo mi\u00e9rcoles 20 de marzo a las 14:00","description":"Estrecha lazos y genera alianzas entre farmacias interesadas en explorar la CATEGOR\u00cdA CAPILAR y llevarla al siguiente nivel de desarrollo.","robots":{"index":"index","follow":"follow","max-snippet":"max-snippet:-1","max-image-preview":"max-image-preview:large","max-video-preview":"max-video-preview:-1"},"canonical":"https:\/\/www.infarma.es\/ca\/the-phlace-curso-de-especializacion-capilar\/","og_locale":"ca_ES","og_type":"article","og_title":"Las farmacias que REVOLUCIONAN la categor\u00eda CAPILAR se re\u00fanen ante la convocatoria de THE PHLACE en el stand 3A28 (pabell\u00f3n 3) de Barebells\u00a0el pr\u00f3ximo mi\u00e9rcoles 20 de marzo a las 14:00","og_description":"Estrecha lazos y genera alianzas entre farmacias interesadas en explorar la CATEGOR\u00cdA CAPILAR y llevarla al siguiente nivel de desarrollo.","og_url":"https:\/\/www.infarma.es\/ca\/the-phlace-curso-de-especializacion-capilar\/","og_site_name":"Infarma","article_publisher":"https:\/\/www.facebook.com\/infarmaoficial\/","article_published_time":"2024-03-16T17:51:59+00:00","article_modified_time":"2024-07-23T09:07:07+00:00","og_image":[{"width":1600,"height":900,"url":"https:\/\/www.infarma.es\/wp-content\/uploads\/2024\/07\/inf24-pharmasur2000-blog.webp","type":"image\/webp"}],"author":"xavier","twitter_card":"summary_large_image","twitter_creator":"@infarma_es","twitter_site":"@infarma_es","twitter_misc":{"Escrit per":"xavier","Temps estimat de lectura":"2 minuts"},"schema":{"@context":"https:\/\/schema.org","@graph":[{"@type":"Article","@id":"https:\/\/www.infarma.es\/ca\/the-phlace-curso-de-especializacion-capilar\/#article","isPartOf":{"@id":"https:\/\/www.infarma.es\/ca\/the-phlace-curso-de-especializacion-capilar\/"},"author":{"name":"xavier","@id":"https:\/\/www.infarma.es\/ca\/#\/schema\/person\/e53486dc47606cc5c89217026a8a01a7"},"headline":"Las farmacias que REVOLUCIONAN la categor\u00eda CAPILAR se re\u00fanen ante la convocatoria de THE PHLACE en el stand 3A28 (pabell\u00f3n 3) de Barebells\u00a0el pr\u00f3ximo mi\u00e9rcoles 20 de marzo a las 14:00","datePublished":"2024-03-16T17:51:59+00:00","dateModified":"2024-07-23T09:07:07+00:00","mainEntityOfPage":{"@id":"https:\/\/www.infarma.es\/ca\/the-phlace-curso-de-especializacion-capilar\/"},"wordCount":365,"publisher":{"@id":"https:\/\/www.infarma.es\/ca\/#organization"},"image":{"@id":"https:\/\/www.infarma.es\/ca\/the-phlace-curso-de-especializacion-capilar\/#primaryimage"},"thumbnailUrl":"https:\/\/www.infarma.es\/wp-content\/uploads\/2024\/07\/inf24-pharmasur2000-blog.webp","articleSection":["Noticias del Sal\u00f3n"],"inLanguage":"ca"},{"@type":"WebPage","@id":"https:\/\/www.infarma.es\/ca\/the-phlace-curso-de-especializacion-capilar\/","url":"https:\/\/www.infarma.es\/ca\/the-phlace-curso-de-especializacion-capilar\/","name":"Las farmacias que REVOLUCIONAN la categor\u00eda CAPILAR se re\u00fanen ante la convocatoria de THE PHLACE en el stand 3A28 (pabell\u00f3n 3) de Barebells\u00a0el pr\u00f3ximo mi\u00e9rcoles 20 de marzo a las 14:00","isPartOf":{"@id":"https:\/\/www.infarma.es\/ca\/#website"},"primaryImageOfPage":{"@id":"https:\/\/www.infarma.es\/ca\/the-phlace-curso-de-especializacion-capilar\/#primaryimage"},"image":{"@id":"https:\/\/www.infarma.es\/ca\/the-phlace-curso-de-especializacion-capilar\/#primaryimage"},"thumbnailUrl":"https:\/\/www.infarma.es\/wp-content\/uploads\/2024\/07\/inf24-pharmasur2000-blog.webp","datePublished":"2024-03-16T17:51:59+00:00","dateModified":"2024-07-23T09:07:07+00:00","description":"Estrecha lazos y genera alianzas entre farmacias interesadas en explorar la CATEGOR\u00cdA CAPILAR y llevarla al siguiente nivel de desarrollo.","breadcrumb":{"@id":"https:\/\/www.infarma.es\/ca\/the-phlace-curso-de-especializacion-capilar\/#breadcrumb"},"inLanguage":"ca","potentialAction":[{"@type":"ReadAction","target":["https:\/\/www.infarma.es\/ca\/the-phlace-curso-de-especializacion-capilar\/"]}]},{"@type":"ImageObject","inLanguage":"ca","@id":"https:\/\/www.infarma.es\/ca\/the-phlace-curso-de-especializacion-capilar\/#primaryimage","url":"https:\/\/www.infarma.es\/wp-content\/uploads\/2024\/07\/inf24-pharmasur2000-blog.webp","contentUrl":"https:\/\/www.infarma.es\/wp-content\/uploads\/2024\/07\/inf24-pharmasur2000-blog.webp","width":1600,"height":900},{"@type":"BreadcrumbList","@id":"https:\/\/www.infarma.es\/ca\/the-phlace-curso-de-especializacion-capilar\/#breadcrumb","itemListElement":[{"@type":"ListItem","position":1,"name":"Portada","item":"https:\/\/www.infarma.es\/ca\/"},{"@type":"ListItem","position":2,"name":"Las farmacias que REVOLUCIONAN la categor\u00eda CAPILAR se re\u00fanen ante la convocatoria de THE PHLACE en el stand 3A28 (pabell\u00f3n 3) de Barebells\u00a0el pr\u00f3ximo mi\u00e9rcoles 20 de marzo a las 14:00"}]},{"@type":"WebSite","@id":"https:\/\/www.infarma.es\/ca\/#website","url":"https:\/\/www.infarma.es\/ca\/","name":"Infarma","description":"El mayor encuentro de farmacia","publisher":{"@id":"https:\/\/www.infarma.es\/ca\/#organization"},"potentialAction":[{"@type":"SearchAction","target":{"@type":"EntryPoint","urlTemplate":"https:\/\/www.infarma.es\/ca\/?s={search_term_string}"},"query-input":{"@type":"PropertyValueSpecification","valueRequired":true,"valueName":"search_term_string"}}],"inLanguage":"ca"},{"@type":"Organization","@id":"https:\/\/www.infarma.es\/ca\/#organization","name":"Infarma","url":"https:\/\/www.infarma.es\/ca\/","logo":{"@type":"ImageObject","inLanguage":"ca","@id":"https:\/\/www.infarma.es\/ca\/#\/schema\/logo\/image\/","url":"https:\/\/www.infarma.es\/wp-content\/uploads\/2024\/10\/logo-simple.svg","contentUrl":"https:\/\/www.infarma.es\/wp-content\/uploads\/2024\/10\/logo-simple.svg","width":1,"height":1,"caption":"Infarma"},"image":{"@id":"https:\/\/www.infarma.es\/ca\/#\/schema\/logo\/image\/"},"sameAs":["https:\/\/www.facebook.com\/infarmaoficial\/","https:\/\/x.com\/infarma_es","https:\/\/www.instagram.com\/infarma_oficial\/","https:\/\/www.linkedin.com\/showcase\/infarma-salon\/","https:\/\/www.youtube.com\/@INFARMAOFICIAL"]},{"@type":"Person","@id":"https:\/\/www.infarma.es\/ca\/#\/schema\/person\/e53486dc47606cc5c89217026a8a01a7","name":"xavier","image":{"@type":"ImageObject","inLanguage":"ca","@id":"https:\/\/secure.gravatar.com\/avatar\/9014b89254123c1f240ae636cc793b98ce50ec2df162909756be1d23adc503e4?s=96&d=mm&r=g","url":"https:\/\/secure.gravatar.com\/avatar\/9014b89254123c1f240ae636cc793b98ce50ec2df162909756be1d23adc503e4?s=96&d=mm&r=g","contentUrl":"https:\/\/secure.gravatar.com\/avatar\/9014b89254123c1f240ae636cc793b98ce50ec2df162909756be1d23adc503e4?s=96&d=mm&r=g","caption":"xavier"},"url":"https:\/\/www.infarma.es\/ca\/author\/xavier\/"}]}},"_links":{"self":[{"href":"https:\/\/www.infarma.es\/ca\/wp-json\/wp\/v2\/posts\/13219","targetHints":{"allow":["GET"]}}],"collection":[{"href":"https:\/\/www.infarma.es\/ca\/wp-json\/wp\/v2\/posts"}],"about":[{"href":"https:\/\/www.infarma.es\/ca\/wp-json\/wp\/v2\/types\/post"}],"author":[{"embeddable":true,"href":"https:\/\/www.infarma.es\/ca\/wp-json\/wp\/v2\/users\/2"}],"replies":[{"embeddable":true,"href":"https:\/\/www.infarma.es\/ca\/wp-json\/wp\/v2\/comments?post=13219"}],"version-history":[{"count":2,"href":"https:\/\/www.infarma.es\/ca\/wp-json\/wp\/v2\/posts\/13219\/revisions"}],"predecessor-version":[{"id":13362,"href":"https:\/\/www.infarma.es\/ca\/wp-json\/wp\/v2\/posts\/13219\/revisions\/13362"}],"wp:featuredmedia":[{"embeddable":true,"href":"https:\/\/www.infarma.es\/ca\/wp-json\/wp\/v2\/media\/13302"}],"wp:attachment":[{"href":"https:\/\/www.infarma.es\/ca\/wp-json\/wp\/v2\/media?parent=13219"}],"wp:term":[{"taxonomy":"category","embeddable":true,"href":"https:\/\/www.infarma.es\/ca\/wp-json\/wp\/v2\/categories?post=13219"},{"taxonomy":"post_tag","embeddable":true,"href":"https:\/\/www.infarma.es\/ca\/wp-json\/wp\/v2\/tags?post=13219"}],"curies":[{"name":"wp","href":"https:\/\/api.w.org\/{rel}","templated":true}]}}