{"id":1374,"date":"2020-02-10T11:33:00","date_gmt":"2020-02-10T10:33:00","guid":{"rendered":"https:\/\/infarmav2.xeria.es\/?p=1374"},"modified":"2020-02-10T11:33:00","modified_gmt":"2020-02-10T10:33:00","slug":"arranca-la-organizacion-de-la-32a-edicion-de-infarma-madrid-2020","status":"publish","type":"post","link":"https:\/\/www.infarma.es\/ca\/arranca-la-organizacion-de-la-32a-edicion-de-infarma-madrid-2020\/","title":{"rendered":"Arranca la organizaci\u00f3n de la 32\u00aa edici\u00f3n de Infarma Madrid 2020"},"content":{"rendered":"\n<p>Ya est\u00e1 en marcha la organizaci\u00f3n de la 32\u00aa edici\u00f3n del Congreso y Sal\u00f3n Europeo de Farmacia Infarma, que tendr\u00e1 lugar los pr\u00f3ximos 10, 11 y 12 de marzo en el recinto ferial de Ifema de Madrid.<\/p>\n\n\n\n<p>El Comit\u00e9 Cient\u00edfico, formado por representantes de los Colegios de Farmac\u00e9uticos de Madrid (COFM) y Barcelona (COFB), ha celebrado&nbsp;la primera reuni\u00f3n con el objetivo de dise\u00f1ar un programa cuyo contenido resulte atractivo para todas las modalidades profesionales del ejercicio farmac\u00e9utico mediante el desarrollo de las diferentes ponencias y mesas redondas que den respuesta a las inquietudes profesionales. Para ello, el coordinador del Comit\u00e9, Luis Panadero Carlavilla, apuesta por \u201cdar cierta importancia a la tecnolog\u00eda, sin olvidar nuestro papel como expertos en el medicamento\u201c.<\/p>\n\n\n\n<p>En esta primera reuni\u00f3n, de las tres previstas por el Comit\u00e9 Cient\u00edfico, se ha comenzado a trazar las l\u00edneas para crear un marco de intercambio de experiencias que permitan, primando la calidad sobre la cantidad, debatir sobre las principales novedades del sector.<\/p>\n\n\n\n<p>Organizado conjuntamente por COFM y COFB, en colaboraci\u00f3n con Interalia, Infarma se encuentra entre los principales congresos y ferias del sector de la farmacia comunitaria de Espa\u00f1a. La pasada edici\u00f3n, celebrada en Barcelona, cont\u00f3 con la participaci\u00f3n de m\u00e1s de 33.779 visitantes: 16.082 farmac\u00e9uticos, 14.217 profesionales (auxiliares, industria, servicios y otros) y 3.840 congresistas y ponentes nacionales e internacionales.&nbsp;<\/p>\n\n\n\n<p>Infarma Madrid 2020 tambi\u00e9n acoger\u00e1 un a\u00f1o m\u00e1s el Sal\u00f3n de Medicamentos y Parafarmacia, en el cual las empresas del sector farmac\u00e9utico tendr\u00e1n la oportunidad de acercarse, a trav\u00e9s de su presencia en estands, a los miles de profesionales que participar\u00e1n en esta cita europea de la farmacia.<\/p>\n","protected":false},"excerpt":{"rendered":"<p>Ya est\u00e1 en marcha la organizaci\u00f3n de la 32\u00aa edici\u00f3n del Congreso y Sal\u00f3n Europeo de Farmacia Infarma, que tendr\u00e1 lugar los pr\u00f3ximos 10, 11 y 12 de marzo en el recinto ferial de Ifema de Madrid. El Comit\u00e9 Cient\u00edfico, formado por representantes de los Colegios de Farmac\u00e9uticos de Madrid (COFM) y Barcelona (COFB), ha [&hellip;]<\/p>\n","protected":false},"author":2,"featured_media":1375,"comment_status":"closed","ping_status":"closed","sticky":false,"template":"","format":"standard","meta":{"footnotes":""},"categories":[159],"tags":[],"class_list":["post-1374","post","type-post","status-publish","format-standard","has-post-thumbnail","hentry","category-notas_prensa"],"yoast_head":"<!-- This site is optimized with the Yoast SEO plugin v27.4 - https:\/\/yoast.com\/product\/yoast-seo-wordpress\/ -->\n<title>Arranca la organizaci\u00f3n de la 32\u00aa edici\u00f3n de Infarma Madrid 2020 - Infarma<\/title>\n<meta name=\"robots\" content=\"index, follow, max-snippet:-1, max-image-preview:large, max-video-preview:-1\" \/>\n<link rel=\"canonical\" href=\"https:\/\/www.infarma.es\/ca\/arranca-la-organizacion-de-la-32a-edicion-de-infarma-madrid-2020\/\" \/>\n<meta property=\"og:locale\" content=\"ca_ES\" \/>\n<meta property=\"og:type\" content=\"article\" \/>\n<meta property=\"og:title\" content=\"Arranca la organizaci\u00f3n de la 32\u00aa edici\u00f3n de Infarma Madrid 2020 - Infarma\" \/>\n<meta property=\"og:description\" content=\"Ya est\u00e1 en marcha la organizaci\u00f3n de la 32\u00aa edici\u00f3n del Congreso y Sal\u00f3n Europeo de Farmacia Infarma, que tendr\u00e1 lugar los pr\u00f3ximos 10, 11 y 12 de marzo en el recinto ferial de Ifema de Madrid. El Comit\u00e9 Cient\u00edfico, formado por representantes de los Colegios de Farmac\u00e9uticos de Madrid (COFM) y Barcelona (COFB), ha [&hellip;]\" \/>\n<meta property=\"og:url\" content=\"https:\/\/www.infarma.es\/ca\/arranca-la-organizacion-de-la-32a-edicion-de-infarma-madrid-2020\/\" \/>\n<meta property=\"og:site_name\" content=\"Infarma\" \/>\n<meta property=\"article:publisher\" content=\"https:\/\/www.facebook.com\/infarmaoficial\/\" \/>\n<meta property=\"article:published_time\" content=\"2020-02-10T10:33:00+00:00\" \/>\n<meta name=\"author\" content=\"xavier\" \/>\n<meta name=\"twitter:card\" content=\"summary_large_image\" \/>\n<meta name=\"twitter:creator\" content=\"@infarma_es\" \/>\n<meta name=\"twitter:site\" content=\"@infarma_es\" \/>\n<meta name=\"twitter:label1\" content=\"Escrit per\" \/>\n\t<meta name=\"twitter:data1\" content=\"xavier\" \/>\n\t<meta name=\"twitter:label2\" content=\"Temps estimat de lectura\" \/>\n\t<meta name=\"twitter:data2\" content=\"1 minut\" \/>\n<script type=\"application\/ld+json\" class=\"yoast-schema-graph\">{\"@context\":\"https:\\\/\\\/schema.org\",\"@graph\":[{\"@type\":\"Article\",\"@id\":\"https:\\\/\\\/www.infarma.es\\\/ca\\\/arranca-la-organizacion-de-la-32a-edicion-de-infarma-madrid-2020\\\/#article\",\"isPartOf\":{\"@id\":\"https:\\\/\\\/www.infarma.es\\\/ca\\\/arranca-la-organizacion-de-la-32a-edicion-de-infarma-madrid-2020\\\/\"},\"author\":{\"name\":\"xavier\",\"@id\":\"https:\\\/\\\/www.infarma.es\\\/ca\\\/#\\\/schema\\\/person\\\/e53486dc47606cc5c89217026a8a01a7\"},\"headline\":\"Arranca la organizaci\u00f3n de la 32\u00aa edici\u00f3n de Infarma Madrid 2020\",\"datePublished\":\"2020-02-10T10:33:00+00:00\",\"mainEntityOfPage\":{\"@id\":\"https:\\\/\\\/www.infarma.es\\\/ca\\\/arranca-la-organizacion-de-la-32a-edicion-de-infarma-madrid-2020\\\/\"},\"wordCount\":301,\"publisher\":{\"@id\":\"https:\\\/\\\/www.infarma.es\\\/ca\\\/#organization\"},\"image\":{\"@id\":\"https:\\\/\\\/www.infarma.es\\\/ca\\\/arranca-la-organizacion-de-la-32a-edicion-de-infarma-madrid-2020\\\/#primaryimage\"},\"thumbnailUrl\":\"\",\"articleSection\":[\"Notas de prensa\"],\"inLanguage\":\"ca\"},{\"@type\":\"WebPage\",\"@id\":\"https:\\\/\\\/www.infarma.es\\\/ca\\\/arranca-la-organizacion-de-la-32a-edicion-de-infarma-madrid-2020\\\/\",\"url\":\"https:\\\/\\\/www.infarma.es\\\/ca\\\/arranca-la-organizacion-de-la-32a-edicion-de-infarma-madrid-2020\\\/\",\"name\":\"Arranca la organizaci\u00f3n de la 32\u00aa edici\u00f3n de Infarma Madrid 2020 - Infarma\",\"isPartOf\":{\"@id\":\"https:\\\/\\\/www.infarma.es\\\/ca\\\/#website\"},\"primaryImageOfPage\":{\"@id\":\"https:\\\/\\\/www.infarma.es\\\/ca\\\/arranca-la-organizacion-de-la-32a-edicion-de-infarma-madrid-2020\\\/#primaryimage\"},\"image\":{\"@id\":\"https:\\\/\\\/www.infarma.es\\\/ca\\\/arranca-la-organizacion-de-la-32a-edicion-de-infarma-madrid-2020\\\/#primaryimage\"},\"thumbnailUrl\":\"\",\"datePublished\":\"2020-02-10T10:33:00+00:00\",\"breadcrumb\":{\"@id\":\"https:\\\/\\\/www.infarma.es\\\/ca\\\/arranca-la-organizacion-de-la-32a-edicion-de-infarma-madrid-2020\\\/#breadcrumb\"},\"inLanguage\":\"ca\",\"potentialAction\":[{\"@type\":\"ReadAction\",\"target\":[\"https:\\\/\\\/www.infarma.es\\\/ca\\\/arranca-la-organizacion-de-la-32a-edicion-de-infarma-madrid-2020\\\/\"]}]},{\"@type\":\"ImageObject\",\"inLanguage\":\"ca\",\"@id\":\"https:\\\/\\\/www.infarma.es\\\/ca\\\/arranca-la-organizacion-de-la-32a-edicion-de-infarma-madrid-2020\\\/#primaryimage\",\"url\":\"\",\"contentUrl\":\"\"},{\"@type\":\"BreadcrumbList\",\"@id\":\"https:\\\/\\\/www.infarma.es\\\/ca\\\/arranca-la-organizacion-de-la-32a-edicion-de-infarma-madrid-2020\\\/#breadcrumb\",\"itemListElement\":[{\"@type\":\"ListItem\",\"position\":1,\"name\":\"Portada\",\"item\":\"https:\\\/\\\/www.infarma.es\\\/ca\\\/\"},{\"@type\":\"ListItem\",\"position\":2,\"name\":\"Arranca la organizaci\u00f3n de la 32\u00aa edici\u00f3n de Infarma Madrid 2020\"}]},{\"@type\":\"WebSite\",\"@id\":\"https:\\\/\\\/www.infarma.es\\\/ca\\\/#website\",\"url\":\"https:\\\/\\\/www.infarma.es\\\/ca\\\/\",\"name\":\"Infarma\",\"description\":\"El mayor encuentro de farmacia\",\"publisher\":{\"@id\":\"https:\\\/\\\/www.infarma.es\\\/ca\\\/#organization\"},\"potentialAction\":[{\"@type\":\"SearchAction\",\"target\":{\"@type\":\"EntryPoint\",\"urlTemplate\":\"https:\\\/\\\/www.infarma.es\\\/ca\\\/?s={search_term_string}\"},\"query-input\":{\"@type\":\"PropertyValueSpecification\",\"valueRequired\":true,\"valueName\":\"search_term_string\"}}],\"inLanguage\":\"ca\"},{\"@type\":\"Organization\",\"@id\":\"https:\\\/\\\/www.infarma.es\\\/ca\\\/#organization\",\"name\":\"Infarma\",\"url\":\"https:\\\/\\\/www.infarma.es\\\/ca\\\/\",\"logo\":{\"@type\":\"ImageObject\",\"inLanguage\":\"ca\",\"@id\":\"https:\\\/\\\/www.infarma.es\\\/ca\\\/#\\\/schema\\\/logo\\\/image\\\/\",\"url\":\"https:\\\/\\\/www.infarma.es\\\/wp-content\\\/uploads\\\/2024\\\/10\\\/logo-simple.svg\",\"contentUrl\":\"https:\\\/\\\/www.infarma.es\\\/wp-content\\\/uploads\\\/2024\\\/10\\\/logo-simple.svg\",\"width\":1,\"height\":1,\"caption\":\"Infarma\"},\"image\":{\"@id\":\"https:\\\/\\\/www.infarma.es\\\/ca\\\/#\\\/schema\\\/logo\\\/image\\\/\"},\"sameAs\":[\"https:\\\/\\\/www.facebook.com\\\/infarmaoficial\\\/\",\"https:\\\/\\\/x.com\\\/infarma_es\",\"https:\\\/\\\/www.instagram.com\\\/infarma_oficial\\\/\",\"https:\\\/\\\/www.linkedin.com\\\/showcase\\\/infarma-salon\\\/\",\"https:\\\/\\\/www.youtube.com\\\/@INFARMAOFICIAL\"]},{\"@type\":\"Person\",\"@id\":\"https:\\\/\\\/www.infarma.es\\\/ca\\\/#\\\/schema\\\/person\\\/e53486dc47606cc5c89217026a8a01a7\",\"name\":\"xavier\",\"image\":{\"@type\":\"ImageObject\",\"inLanguage\":\"ca\",\"@id\":\"https:\\\/\\\/secure.gravatar.com\\\/avatar\\\/9014b89254123c1f240ae636cc793b98ce50ec2df162909756be1d23adc503e4?s=96&d=mm&r=g\",\"url\":\"https:\\\/\\\/secure.gravatar.com\\\/avatar\\\/9014b89254123c1f240ae636cc793b98ce50ec2df162909756be1d23adc503e4?s=96&d=mm&r=g\",\"contentUrl\":\"https:\\\/\\\/secure.gravatar.com\\\/avatar\\\/9014b89254123c1f240ae636cc793b98ce50ec2df162909756be1d23adc503e4?s=96&d=mm&r=g\",\"caption\":\"xavier\"},\"url\":\"https:\\\/\\\/www.infarma.es\\\/ca\\\/author\\\/xavier\\\/\"}]}<\/script>\n<!-- \/ Yoast SEO plugin. -->","yoast_head_json":{"title":"Arranca la organizaci\u00f3n de la 32\u00aa edici\u00f3n de Infarma Madrid 2020 - Infarma","robots":{"index":"index","follow":"follow","max-snippet":"max-snippet:-1","max-image-preview":"max-image-preview:large","max-video-preview":"max-video-preview:-1"},"canonical":"https:\/\/www.infarma.es\/ca\/arranca-la-organizacion-de-la-32a-edicion-de-infarma-madrid-2020\/","og_locale":"ca_ES","og_type":"article","og_title":"Arranca la organizaci\u00f3n de la 32\u00aa edici\u00f3n de Infarma Madrid 2020 - Infarma","og_description":"Ya est\u00e1 en marcha la organizaci\u00f3n de la 32\u00aa edici\u00f3n del Congreso y Sal\u00f3n Europeo de Farmacia Infarma, que tendr\u00e1 lugar los pr\u00f3ximos 10, 11 y 12 de marzo en el recinto ferial de Ifema de Madrid. El Comit\u00e9 Cient\u00edfico, formado por representantes de los Colegios de Farmac\u00e9uticos de Madrid (COFM) y Barcelona (COFB), ha [&hellip;]","og_url":"https:\/\/www.infarma.es\/ca\/arranca-la-organizacion-de-la-32a-edicion-de-infarma-madrid-2020\/","og_site_name":"Infarma","article_publisher":"https:\/\/www.facebook.com\/infarmaoficial\/","article_published_time":"2020-02-10T10:33:00+00:00","author":"xavier","twitter_card":"summary_large_image","twitter_creator":"@infarma_es","twitter_site":"@infarma_es","twitter_misc":{"Escrit per":"xavier","Temps estimat de lectura":"1 minut"},"schema":{"@context":"https:\/\/schema.org","@graph":[{"@type":"Article","@id":"https:\/\/www.infarma.es\/ca\/arranca-la-organizacion-de-la-32a-edicion-de-infarma-madrid-2020\/#article","isPartOf":{"@id":"https:\/\/www.infarma.es\/ca\/arranca-la-organizacion-de-la-32a-edicion-de-infarma-madrid-2020\/"},"author":{"name":"xavier","@id":"https:\/\/www.infarma.es\/ca\/#\/schema\/person\/e53486dc47606cc5c89217026a8a01a7"},"headline":"Arranca la organizaci\u00f3n de la 32\u00aa edici\u00f3n de Infarma Madrid 2020","datePublished":"2020-02-10T10:33:00+00:00","mainEntityOfPage":{"@id":"https:\/\/www.infarma.es\/ca\/arranca-la-organizacion-de-la-32a-edicion-de-infarma-madrid-2020\/"},"wordCount":301,"publisher":{"@id":"https:\/\/www.infarma.es\/ca\/#organization"},"image":{"@id":"https:\/\/www.infarma.es\/ca\/arranca-la-organizacion-de-la-32a-edicion-de-infarma-madrid-2020\/#primaryimage"},"thumbnailUrl":"","articleSection":["Notas de prensa"],"inLanguage":"ca"},{"@type":"WebPage","@id":"https:\/\/www.infarma.es\/ca\/arranca-la-organizacion-de-la-32a-edicion-de-infarma-madrid-2020\/","url":"https:\/\/www.infarma.es\/ca\/arranca-la-organizacion-de-la-32a-edicion-de-infarma-madrid-2020\/","name":"Arranca la organizaci\u00f3n de la 32\u00aa edici\u00f3n de Infarma Madrid 2020 - Infarma","isPartOf":{"@id":"https:\/\/www.infarma.es\/ca\/#website"},"primaryImageOfPage":{"@id":"https:\/\/www.infarma.es\/ca\/arranca-la-organizacion-de-la-32a-edicion-de-infarma-madrid-2020\/#primaryimage"},"image":{"@id":"https:\/\/www.infarma.es\/ca\/arranca-la-organizacion-de-la-32a-edicion-de-infarma-madrid-2020\/#primaryimage"},"thumbnailUrl":"","datePublished":"2020-02-10T10:33:00+00:00","breadcrumb":{"@id":"https:\/\/www.infarma.es\/ca\/arranca-la-organizacion-de-la-32a-edicion-de-infarma-madrid-2020\/#breadcrumb"},"inLanguage":"ca","potentialAction":[{"@type":"ReadAction","target":["https:\/\/www.infarma.es\/ca\/arranca-la-organizacion-de-la-32a-edicion-de-infarma-madrid-2020\/"]}]},{"@type":"ImageObject","inLanguage":"ca","@id":"https:\/\/www.infarma.es\/ca\/arranca-la-organizacion-de-la-32a-edicion-de-infarma-madrid-2020\/#primaryimage","url":"","contentUrl":""},{"@type":"BreadcrumbList","@id":"https:\/\/www.infarma.es\/ca\/arranca-la-organizacion-de-la-32a-edicion-de-infarma-madrid-2020\/#breadcrumb","itemListElement":[{"@type":"ListItem","position":1,"name":"Portada","item":"https:\/\/www.infarma.es\/ca\/"},{"@type":"ListItem","position":2,"name":"Arranca la organizaci\u00f3n de la 32\u00aa edici\u00f3n de Infarma Madrid 2020"}]},{"@type":"WebSite","@id":"https:\/\/www.infarma.es\/ca\/#website","url":"https:\/\/www.infarma.es\/ca\/","name":"Infarma","description":"El mayor encuentro de farmacia","publisher":{"@id":"https:\/\/www.infarma.es\/ca\/#organization"},"potentialAction":[{"@type":"SearchAction","target":{"@type":"EntryPoint","urlTemplate":"https:\/\/www.infarma.es\/ca\/?s={search_term_string}"},"query-input":{"@type":"PropertyValueSpecification","valueRequired":true,"valueName":"search_term_string"}}],"inLanguage":"ca"},{"@type":"Organization","@id":"https:\/\/www.infarma.es\/ca\/#organization","name":"Infarma","url":"https:\/\/www.infarma.es\/ca\/","logo":{"@type":"ImageObject","inLanguage":"ca","@id":"https:\/\/www.infarma.es\/ca\/#\/schema\/logo\/image\/","url":"https:\/\/www.infarma.es\/wp-content\/uploads\/2024\/10\/logo-simple.svg","contentUrl":"https:\/\/www.infarma.es\/wp-content\/uploads\/2024\/10\/logo-simple.svg","width":1,"height":1,"caption":"Infarma"},"image":{"@id":"https:\/\/www.infarma.es\/ca\/#\/schema\/logo\/image\/"},"sameAs":["https:\/\/www.facebook.com\/infarmaoficial\/","https:\/\/x.com\/infarma_es","https:\/\/www.instagram.com\/infarma_oficial\/","https:\/\/www.linkedin.com\/showcase\/infarma-salon\/","https:\/\/www.youtube.com\/@INFARMAOFICIAL"]},{"@type":"Person","@id":"https:\/\/www.infarma.es\/ca\/#\/schema\/person\/e53486dc47606cc5c89217026a8a01a7","name":"xavier","image":{"@type":"ImageObject","inLanguage":"ca","@id":"https:\/\/secure.gravatar.com\/avatar\/9014b89254123c1f240ae636cc793b98ce50ec2df162909756be1d23adc503e4?s=96&d=mm&r=g","url":"https:\/\/secure.gravatar.com\/avatar\/9014b89254123c1f240ae636cc793b98ce50ec2df162909756be1d23adc503e4?s=96&d=mm&r=g","contentUrl":"https:\/\/secure.gravatar.com\/avatar\/9014b89254123c1f240ae636cc793b98ce50ec2df162909756be1d23adc503e4?s=96&d=mm&r=g","caption":"xavier"},"url":"https:\/\/www.infarma.es\/ca\/author\/xavier\/"}]}},"_links":{"self":[{"href":"https:\/\/www.infarma.es\/ca\/wp-json\/wp\/v2\/posts\/1374","targetHints":{"allow":["GET"]}}],"collection":[{"href":"https:\/\/www.infarma.es\/ca\/wp-json\/wp\/v2\/posts"}],"about":[{"href":"https:\/\/www.infarma.es\/ca\/wp-json\/wp\/v2\/types\/post"}],"author":[{"embeddable":true,"href":"https:\/\/www.infarma.es\/ca\/wp-json\/wp\/v2\/users\/2"}],"replies":[{"embeddable":true,"href":"https:\/\/www.infarma.es\/ca\/wp-json\/wp\/v2\/comments?post=1374"}],"version-history":[{"count":0,"href":"https:\/\/www.infarma.es\/ca\/wp-json\/wp\/v2\/posts\/1374\/revisions"}],"wp:featuredmedia":[{"embeddable":true,"href":"https:\/\/www.infarma.es\/ca\/wp-json\/"}],"wp:attachment":[{"href":"https:\/\/www.infarma.es\/ca\/wp-json\/wp\/v2\/media?parent=1374"}],"wp:term":[{"taxonomy":"category","embeddable":true,"href":"https:\/\/www.infarma.es\/ca\/wp-json\/wp\/v2\/categories?post=1374"},{"taxonomy":"post_tag","embeddable":true,"href":"https:\/\/www.infarma.es\/ca\/wp-json\/wp\/v2\/tags?post=1374"}],"curies":[{"name":"wp","href":"https:\/\/api.w.org\/{rel}","templated":true}]}}