{"id":1386,"date":"2020-03-01T11:41:58","date_gmt":"2020-03-01T10:41:58","guid":{"rendered":"https:\/\/infarmav2.xeria.es\/?p=1386"},"modified":"2020-03-01T11:41:58","modified_gmt":"2020-03-01T10:41:58","slug":"infarmainnova-2020-se-prepara-para-construir-una-nueva-farmacia","status":"publish","type":"post","link":"https:\/\/www.infarma.es\/ca\/infarmainnova-2020-se-prepara-para-construir-una-nueva-farmacia\/","title":{"rendered":"#InfarmaInnova 2020 se prepara para construir una nueva farmacia"},"content":{"rendered":"\n<p>En este encuentro, dirigido por Rosal\u00eda Gozalo, vocal de Dermofarmacia y Productos Sanitarios, han participado farmac\u00e9uticos con varios perfiles profesionales, estudiantes de \u00faltimo curso del grado de Farmacia y varios t\u00e9cnicos del COFM, con el objetivo de poner en marcha el escenario adecuado para construir una nueva farmacia. Adem\u00e1s de generar soluciones creativas e innovadoras, fomentar la colaboraci\u00f3n entre la profesi\u00f3n farmac\u00e9utica y aportar valor a todos los agentes del sistema de salud, potenciando el rol del farmac\u00e9utico.<\/p>\n\n\n\n<p>Durante el 11 de marzo, jornada reservada para #InfarmaInnova, los congresistas de Infarma Madrid 2020 podr\u00e1n participar de distintas actividades formativas orientadas a renovar conceptos y buscar alternativas innovadoras al actual modelo de farmacia.<\/p>\n\n\n\n<p>A partir de ahora, se informar\u00e1 sobre las novedades que ofrece #InfarmaInnova, as\u00ed como el momento en el que se abre el periodo de inscripci\u00f3n, indispensable para participar en esta iniciativa.<\/p>\n\n\n\n<p>Recientemente, el Ministerio de Sanidad ha concedido el reconocimiento de inter\u00e9s sanitario a&nbsp;<a href=\"https:\/\/infarma.es\/\"><em>Infarma Madrid 2020<\/em><\/a>, el&nbsp;<em>Congreso Europeo de Oficina de Farmacia y Sal\u00f3n de Medicamentos y Parafarmacia<\/em>&nbsp;que se celebrar\u00e1 entre el 10 y 12 de marzo en el recinto ferial de Ifema.<img loading=\"lazy\" decoding=\"async\" src=\"blob:https:\/\/infarmav2.xeria.es\/c0c85164-9ae2-478b-8744-65388d6ad1c7\" alt=\"\" width=\"620\" height=\"395\"><\/p>\n","protected":false},"excerpt":{"rendered":"<p>En este encuentro, dirigido por Rosal\u00eda Gozalo, vocal de Dermofarmacia y Productos Sanitarios, han participado farmac\u00e9uticos con varios perfiles profesionales, estudiantes de \u00faltimo curso del grado de Farmacia y varios t\u00e9cnicos del COFM, con el objetivo de poner en marcha el escenario adecuado para construir una nueva farmacia. Adem\u00e1s de generar soluciones creativas e innovadoras, [&hellip;]<\/p>\n","protected":false},"author":2,"featured_media":1387,"comment_status":"closed","ping_status":"closed","sticky":false,"template":"","format":"standard","meta":{"footnotes":""},"categories":[159],"tags":[],"class_list":["post-1386","post","type-post","status-publish","format-standard","has-post-thumbnail","hentry","category-notas_prensa"],"yoast_head":"<!-- This site is optimized with the Yoast SEO plugin v27.4 - https:\/\/yoast.com\/product\/yoast-seo-wordpress\/ -->\n<title>#InfarmaInnova 2020 se prepara para construir una nueva farmacia - Infarma<\/title>\n<meta name=\"robots\" content=\"index, follow, max-snippet:-1, max-image-preview:large, max-video-preview:-1\" \/>\n<link rel=\"canonical\" href=\"https:\/\/www.infarma.es\/ca\/infarmainnova-2020-se-prepara-para-construir-una-nueva-farmacia\/\" \/>\n<meta property=\"og:locale\" content=\"ca_ES\" \/>\n<meta property=\"og:type\" content=\"article\" \/>\n<meta property=\"og:title\" content=\"#InfarmaInnova 2020 se prepara para construir una nueva farmacia - Infarma\" \/>\n<meta property=\"og:description\" content=\"En este encuentro, dirigido por Rosal\u00eda Gozalo, vocal de Dermofarmacia y Productos Sanitarios, han participado farmac\u00e9uticos con varios perfiles profesionales, estudiantes de \u00faltimo curso del grado de Farmacia y varios t\u00e9cnicos del COFM, con el objetivo de poner en marcha el escenario adecuado para construir una nueva farmacia. Adem\u00e1s de generar soluciones creativas e innovadoras, [&hellip;]\" \/>\n<meta property=\"og:url\" content=\"https:\/\/www.infarma.es\/ca\/infarmainnova-2020-se-prepara-para-construir-una-nueva-farmacia\/\" \/>\n<meta property=\"og:site_name\" content=\"Infarma\" \/>\n<meta property=\"article:publisher\" content=\"https:\/\/www.facebook.com\/infarmaoficial\/\" \/>\n<meta property=\"article:published_time\" content=\"2020-03-01T10:41:58+00:00\" \/>\n<meta name=\"author\" content=\"xavier\" \/>\n<meta name=\"twitter:card\" content=\"summary_large_image\" \/>\n<meta name=\"twitter:creator\" content=\"@infarma_es\" \/>\n<meta name=\"twitter:site\" content=\"@infarma_es\" \/>\n<meta name=\"twitter:label1\" content=\"Escrit per\" \/>\n\t<meta name=\"twitter:data1\" content=\"xavier\" \/>\n\t<meta name=\"twitter:label2\" content=\"Temps estimat de lectura\" \/>\n\t<meta name=\"twitter:data2\" content=\"1 minut\" \/>\n<script type=\"application\/ld+json\" class=\"yoast-schema-graph\">{\"@context\":\"https:\\\/\\\/schema.org\",\"@graph\":[{\"@type\":\"Article\",\"@id\":\"https:\\\/\\\/www.infarma.es\\\/ca\\\/infarmainnova-2020-se-prepara-para-construir-una-nueva-farmacia\\\/#article\",\"isPartOf\":{\"@id\":\"https:\\\/\\\/www.infarma.es\\\/ca\\\/infarmainnova-2020-se-prepara-para-construir-una-nueva-farmacia\\\/\"},\"author\":{\"name\":\"xavier\",\"@id\":\"https:\\\/\\\/www.infarma.es\\\/ca\\\/#\\\/schema\\\/person\\\/e53486dc47606cc5c89217026a8a01a7\"},\"headline\":\"#InfarmaInnova 2020 se prepara para construir una nueva farmacia\",\"datePublished\":\"2020-03-01T10:41:58+00:00\",\"mainEntityOfPage\":{\"@id\":\"https:\\\/\\\/www.infarma.es\\\/ca\\\/infarmainnova-2020-se-prepara-para-construir-una-nueva-farmacia\\\/\"},\"wordCount\":206,\"publisher\":{\"@id\":\"https:\\\/\\\/www.infarma.es\\\/ca\\\/#organization\"},\"image\":{\"@id\":\"https:\\\/\\\/www.infarma.es\\\/ca\\\/infarmainnova-2020-se-prepara-para-construir-una-nueva-farmacia\\\/#primaryimage\"},\"thumbnailUrl\":\"\",\"articleSection\":[\"Notas de prensa\"],\"inLanguage\":\"ca\"},{\"@type\":\"WebPage\",\"@id\":\"https:\\\/\\\/www.infarma.es\\\/ca\\\/infarmainnova-2020-se-prepara-para-construir-una-nueva-farmacia\\\/\",\"url\":\"https:\\\/\\\/www.infarma.es\\\/ca\\\/infarmainnova-2020-se-prepara-para-construir-una-nueva-farmacia\\\/\",\"name\":\"#InfarmaInnova 2020 se prepara para construir una nueva farmacia - Infarma\",\"isPartOf\":{\"@id\":\"https:\\\/\\\/www.infarma.es\\\/ca\\\/#website\"},\"primaryImageOfPage\":{\"@id\":\"https:\\\/\\\/www.infarma.es\\\/ca\\\/infarmainnova-2020-se-prepara-para-construir-una-nueva-farmacia\\\/#primaryimage\"},\"image\":{\"@id\":\"https:\\\/\\\/www.infarma.es\\\/ca\\\/infarmainnova-2020-se-prepara-para-construir-una-nueva-farmacia\\\/#primaryimage\"},\"thumbnailUrl\":\"\",\"datePublished\":\"2020-03-01T10:41:58+00:00\",\"breadcrumb\":{\"@id\":\"https:\\\/\\\/www.infarma.es\\\/ca\\\/infarmainnova-2020-se-prepara-para-construir-una-nueva-farmacia\\\/#breadcrumb\"},\"inLanguage\":\"ca\",\"potentialAction\":[{\"@type\":\"ReadAction\",\"target\":[\"https:\\\/\\\/www.infarma.es\\\/ca\\\/infarmainnova-2020-se-prepara-para-construir-una-nueva-farmacia\\\/\"]}]},{\"@type\":\"ImageObject\",\"inLanguage\":\"ca\",\"@id\":\"https:\\\/\\\/www.infarma.es\\\/ca\\\/infarmainnova-2020-se-prepara-para-construir-una-nueva-farmacia\\\/#primaryimage\",\"url\":\"\",\"contentUrl\":\"\"},{\"@type\":\"BreadcrumbList\",\"@id\":\"https:\\\/\\\/www.infarma.es\\\/ca\\\/infarmainnova-2020-se-prepara-para-construir-una-nueva-farmacia\\\/#breadcrumb\",\"itemListElement\":[{\"@type\":\"ListItem\",\"position\":1,\"name\":\"Portada\",\"item\":\"https:\\\/\\\/www.infarma.es\\\/ca\\\/\"},{\"@type\":\"ListItem\",\"position\":2,\"name\":\"#InfarmaInnova 2020 se prepara para construir una nueva farmacia\"}]},{\"@type\":\"WebSite\",\"@id\":\"https:\\\/\\\/www.infarma.es\\\/ca\\\/#website\",\"url\":\"https:\\\/\\\/www.infarma.es\\\/ca\\\/\",\"name\":\"Infarma\",\"description\":\"El mayor encuentro de farmacia\",\"publisher\":{\"@id\":\"https:\\\/\\\/www.infarma.es\\\/ca\\\/#organization\"},\"potentialAction\":[{\"@type\":\"SearchAction\",\"target\":{\"@type\":\"EntryPoint\",\"urlTemplate\":\"https:\\\/\\\/www.infarma.es\\\/ca\\\/?s={search_term_string}\"},\"query-input\":{\"@type\":\"PropertyValueSpecification\",\"valueRequired\":true,\"valueName\":\"search_term_string\"}}],\"inLanguage\":\"ca\"},{\"@type\":\"Organization\",\"@id\":\"https:\\\/\\\/www.infarma.es\\\/ca\\\/#organization\",\"name\":\"Infarma\",\"url\":\"https:\\\/\\\/www.infarma.es\\\/ca\\\/\",\"logo\":{\"@type\":\"ImageObject\",\"inLanguage\":\"ca\",\"@id\":\"https:\\\/\\\/www.infarma.es\\\/ca\\\/#\\\/schema\\\/logo\\\/image\\\/\",\"url\":\"https:\\\/\\\/www.infarma.es\\\/wp-content\\\/uploads\\\/2024\\\/10\\\/logo-simple.svg\",\"contentUrl\":\"https:\\\/\\\/www.infarma.es\\\/wp-content\\\/uploads\\\/2024\\\/10\\\/logo-simple.svg\",\"width\":1,\"height\":1,\"caption\":\"Infarma\"},\"image\":{\"@id\":\"https:\\\/\\\/www.infarma.es\\\/ca\\\/#\\\/schema\\\/logo\\\/image\\\/\"},\"sameAs\":[\"https:\\\/\\\/www.facebook.com\\\/infarmaoficial\\\/\",\"https:\\\/\\\/x.com\\\/infarma_es\",\"https:\\\/\\\/www.instagram.com\\\/infarma_oficial\\\/\",\"https:\\\/\\\/www.linkedin.com\\\/showcase\\\/infarma-salon\\\/\",\"https:\\\/\\\/www.youtube.com\\\/@INFARMAOFICIAL\"]},{\"@type\":\"Person\",\"@id\":\"https:\\\/\\\/www.infarma.es\\\/ca\\\/#\\\/schema\\\/person\\\/e53486dc47606cc5c89217026a8a01a7\",\"name\":\"xavier\",\"image\":{\"@type\":\"ImageObject\",\"inLanguage\":\"ca\",\"@id\":\"https:\\\/\\\/secure.gravatar.com\\\/avatar\\\/9014b89254123c1f240ae636cc793b98ce50ec2df162909756be1d23adc503e4?s=96&d=mm&r=g\",\"url\":\"https:\\\/\\\/secure.gravatar.com\\\/avatar\\\/9014b89254123c1f240ae636cc793b98ce50ec2df162909756be1d23adc503e4?s=96&d=mm&r=g\",\"contentUrl\":\"https:\\\/\\\/secure.gravatar.com\\\/avatar\\\/9014b89254123c1f240ae636cc793b98ce50ec2df162909756be1d23adc503e4?s=96&d=mm&r=g\",\"caption\":\"xavier\"},\"url\":\"https:\\\/\\\/www.infarma.es\\\/ca\\\/author\\\/xavier\\\/\"}]}<\/script>\n<!-- \/ Yoast SEO plugin. -->","yoast_head_json":{"title":"#InfarmaInnova 2020 se prepara para construir una nueva farmacia - Infarma","robots":{"index":"index","follow":"follow","max-snippet":"max-snippet:-1","max-image-preview":"max-image-preview:large","max-video-preview":"max-video-preview:-1"},"canonical":"https:\/\/www.infarma.es\/ca\/infarmainnova-2020-se-prepara-para-construir-una-nueva-farmacia\/","og_locale":"ca_ES","og_type":"article","og_title":"#InfarmaInnova 2020 se prepara para construir una nueva farmacia - Infarma","og_description":"En este encuentro, dirigido por Rosal\u00eda Gozalo, vocal de Dermofarmacia y Productos Sanitarios, han participado farmac\u00e9uticos con varios perfiles profesionales, estudiantes de \u00faltimo curso del grado de Farmacia y varios t\u00e9cnicos del COFM, con el objetivo de poner en marcha el escenario adecuado para construir una nueva farmacia. Adem\u00e1s de generar soluciones creativas e innovadoras, [&hellip;]","og_url":"https:\/\/www.infarma.es\/ca\/infarmainnova-2020-se-prepara-para-construir-una-nueva-farmacia\/","og_site_name":"Infarma","article_publisher":"https:\/\/www.facebook.com\/infarmaoficial\/","article_published_time":"2020-03-01T10:41:58+00:00","author":"xavier","twitter_card":"summary_large_image","twitter_creator":"@infarma_es","twitter_site":"@infarma_es","twitter_misc":{"Escrit per":"xavier","Temps estimat de lectura":"1 minut"},"schema":{"@context":"https:\/\/schema.org","@graph":[{"@type":"Article","@id":"https:\/\/www.infarma.es\/ca\/infarmainnova-2020-se-prepara-para-construir-una-nueva-farmacia\/#article","isPartOf":{"@id":"https:\/\/www.infarma.es\/ca\/infarmainnova-2020-se-prepara-para-construir-una-nueva-farmacia\/"},"author":{"name":"xavier","@id":"https:\/\/www.infarma.es\/ca\/#\/schema\/person\/e53486dc47606cc5c89217026a8a01a7"},"headline":"#InfarmaInnova 2020 se prepara para construir una nueva farmacia","datePublished":"2020-03-01T10:41:58+00:00","mainEntityOfPage":{"@id":"https:\/\/www.infarma.es\/ca\/infarmainnova-2020-se-prepara-para-construir-una-nueva-farmacia\/"},"wordCount":206,"publisher":{"@id":"https:\/\/www.infarma.es\/ca\/#organization"},"image":{"@id":"https:\/\/www.infarma.es\/ca\/infarmainnova-2020-se-prepara-para-construir-una-nueva-farmacia\/#primaryimage"},"thumbnailUrl":"","articleSection":["Notas de prensa"],"inLanguage":"ca"},{"@type":"WebPage","@id":"https:\/\/www.infarma.es\/ca\/infarmainnova-2020-se-prepara-para-construir-una-nueva-farmacia\/","url":"https:\/\/www.infarma.es\/ca\/infarmainnova-2020-se-prepara-para-construir-una-nueva-farmacia\/","name":"#InfarmaInnova 2020 se prepara para construir una nueva farmacia - Infarma","isPartOf":{"@id":"https:\/\/www.infarma.es\/ca\/#website"},"primaryImageOfPage":{"@id":"https:\/\/www.infarma.es\/ca\/infarmainnova-2020-se-prepara-para-construir-una-nueva-farmacia\/#primaryimage"},"image":{"@id":"https:\/\/www.infarma.es\/ca\/infarmainnova-2020-se-prepara-para-construir-una-nueva-farmacia\/#primaryimage"},"thumbnailUrl":"","datePublished":"2020-03-01T10:41:58+00:00","breadcrumb":{"@id":"https:\/\/www.infarma.es\/ca\/infarmainnova-2020-se-prepara-para-construir-una-nueva-farmacia\/#breadcrumb"},"inLanguage":"ca","potentialAction":[{"@type":"ReadAction","target":["https:\/\/www.infarma.es\/ca\/infarmainnova-2020-se-prepara-para-construir-una-nueva-farmacia\/"]}]},{"@type":"ImageObject","inLanguage":"ca","@id":"https:\/\/www.infarma.es\/ca\/infarmainnova-2020-se-prepara-para-construir-una-nueva-farmacia\/#primaryimage","url":"","contentUrl":""},{"@type":"BreadcrumbList","@id":"https:\/\/www.infarma.es\/ca\/infarmainnova-2020-se-prepara-para-construir-una-nueva-farmacia\/#breadcrumb","itemListElement":[{"@type":"ListItem","position":1,"name":"Portada","item":"https:\/\/www.infarma.es\/ca\/"},{"@type":"ListItem","position":2,"name":"#InfarmaInnova 2020 se prepara para construir una nueva farmacia"}]},{"@type":"WebSite","@id":"https:\/\/www.infarma.es\/ca\/#website","url":"https:\/\/www.infarma.es\/ca\/","name":"Infarma","description":"El mayor encuentro de farmacia","publisher":{"@id":"https:\/\/www.infarma.es\/ca\/#organization"},"potentialAction":[{"@type":"SearchAction","target":{"@type":"EntryPoint","urlTemplate":"https:\/\/www.infarma.es\/ca\/?s={search_term_string}"},"query-input":{"@type":"PropertyValueSpecification","valueRequired":true,"valueName":"search_term_string"}}],"inLanguage":"ca"},{"@type":"Organization","@id":"https:\/\/www.infarma.es\/ca\/#organization","name":"Infarma","url":"https:\/\/www.infarma.es\/ca\/","logo":{"@type":"ImageObject","inLanguage":"ca","@id":"https:\/\/www.infarma.es\/ca\/#\/schema\/logo\/image\/","url":"https:\/\/www.infarma.es\/wp-content\/uploads\/2024\/10\/logo-simple.svg","contentUrl":"https:\/\/www.infarma.es\/wp-content\/uploads\/2024\/10\/logo-simple.svg","width":1,"height":1,"caption":"Infarma"},"image":{"@id":"https:\/\/www.infarma.es\/ca\/#\/schema\/logo\/image\/"},"sameAs":["https:\/\/www.facebook.com\/infarmaoficial\/","https:\/\/x.com\/infarma_es","https:\/\/www.instagram.com\/infarma_oficial\/","https:\/\/www.linkedin.com\/showcase\/infarma-salon\/","https:\/\/www.youtube.com\/@INFARMAOFICIAL"]},{"@type":"Person","@id":"https:\/\/www.infarma.es\/ca\/#\/schema\/person\/e53486dc47606cc5c89217026a8a01a7","name":"xavier","image":{"@type":"ImageObject","inLanguage":"ca","@id":"https:\/\/secure.gravatar.com\/avatar\/9014b89254123c1f240ae636cc793b98ce50ec2df162909756be1d23adc503e4?s=96&d=mm&r=g","url":"https:\/\/secure.gravatar.com\/avatar\/9014b89254123c1f240ae636cc793b98ce50ec2df162909756be1d23adc503e4?s=96&d=mm&r=g","contentUrl":"https:\/\/secure.gravatar.com\/avatar\/9014b89254123c1f240ae636cc793b98ce50ec2df162909756be1d23adc503e4?s=96&d=mm&r=g","caption":"xavier"},"url":"https:\/\/www.infarma.es\/ca\/author\/xavier\/"}]}},"_links":{"self":[{"href":"https:\/\/www.infarma.es\/ca\/wp-json\/wp\/v2\/posts\/1386","targetHints":{"allow":["GET"]}}],"collection":[{"href":"https:\/\/www.infarma.es\/ca\/wp-json\/wp\/v2\/posts"}],"about":[{"href":"https:\/\/www.infarma.es\/ca\/wp-json\/wp\/v2\/types\/post"}],"author":[{"embeddable":true,"href":"https:\/\/www.infarma.es\/ca\/wp-json\/wp\/v2\/users\/2"}],"replies":[{"embeddable":true,"href":"https:\/\/www.infarma.es\/ca\/wp-json\/wp\/v2\/comments?post=1386"}],"version-history":[{"count":0,"href":"https:\/\/www.infarma.es\/ca\/wp-json\/wp\/v2\/posts\/1386\/revisions"}],"wp:featuredmedia":[{"embeddable":true,"href":"https:\/\/www.infarma.es\/ca\/wp-json\/"}],"wp:attachment":[{"href":"https:\/\/www.infarma.es\/ca\/wp-json\/wp\/v2\/media?parent=1386"}],"wp:term":[{"taxonomy":"category","embeddable":true,"href":"https:\/\/www.infarma.es\/ca\/wp-json\/wp\/v2\/categories?post=1386"},{"taxonomy":"post_tag","embeddable":true,"href":"https:\/\/www.infarma.es\/ca\/wp-json\/wp\/v2\/tags?post=1386"}],"curies":[{"name":"wp","href":"https:\/\/api.w.org\/{rel}","templated":true}]}}