{"id":1412,"date":"2020-05-04T12:15:28","date_gmt":"2020-05-04T10:15:28","guid":{"rendered":"https:\/\/infarmav2.xeria.es\/?p=1412"},"modified":"2020-05-04T12:15:28","modified_gmt":"2020-05-04T10:15:28","slug":"infarma-madrid-2020-2021-se-celebrara-del-23-al-25-de-marzo-en-ifema","status":"publish","type":"post","link":"https:\/\/www.infarma.es\/ca\/infarma-madrid-2020-2021-se-celebrara-del-23-al-25-de-marzo-en-ifema\/","title":{"rendered":"\u2018Infarma Madrid 2020-2021\u2019 se celebrar\u00e1 del 23 al 25 de marzo en Ifema"},"content":{"rendered":"\n<p><strong>Madrid, 4 de Mayo<\/strong>. Los colegios oficiales de farmac\u00e9uticos de Madrid y Barcelona, en colaboraci\u00f3n con Interalia, volver\u00e1n a unir fuerzas para celebrar, el pr\u00f3ximo a\u00f1o, una nueva edici\u00f3n de Infarma en el recinto ferial de Ifema.<br><br>La fecha elegida por el Comit\u00e9 Organizador para abrir las puertas del Congreso y Sal\u00f3n de referencia de la farmacia en Espa\u00f1a ser\u00e1 el 23 de marzo. Durante tres d\u00edas, Infarma volver\u00e1 a congregar a los farmac\u00e9uticos, profesionales y empresas del sector en una cita anual consolidada en el calendario que se ha convertido en el gran escapare profesional y comercial del sector.<br><br>Con el adelanto de la fecha del pr\u00f3ximo Infarma, los organizadores quieren mostrar su compromiso firme de celebrar una nueva edici\u00f3n de Infarma, adem\u00e1s de ofrecer la m\u00e1xima garant\u00eda y certidumbre posibles a los congresistas, visitantes y expositores sobre una cita que tuvo que aplazarse el pasado mes de marzo, como consecuencia de la evoluci\u00f3n de la crisis sanitaria desencadenada por la pandemia de COVID-19.<br><br>El emplazamiento elegido ser\u00e1 Ifema, el recinto ferial de Madrid que es ya un s\u00edmbolo de la determinaci\u00f3n de una sociedad para luchar contra la enfermedad y que brinda las m\u00e1ximas garant\u00edas para desarrollar un evento de la dimensi\u00f3n que ha adquirido Infarma.<br><br>En nombre de la organizaci\u00f3n de Infarma, el presidente del Colegio Oficial de Farmac\u00e9uticos de Madrid, Luis Gonz\u00e1lez D\u00edez, quiere agradecer \u201cla confianza depositada por todos los profesionales y empresas que participan y hacen posible Infarma\u201d. Asimismo, resalta que \u201clos organizadores siguen trabajando juntos para que la pr\u00f3xima cita vuelva a ser un \u00e9xito y se convierta en el referente de un sector que est\u00e1 implicado al cien por cien en la salida de la actual crisis sanitaria y en contribuir a la r\u00e1pida recuperaci\u00f3n econ\u00f3mica del pa\u00eds\u201d.<br><br><br><strong>Sobre &#8216;Infarma Madrid 20-21&#8217;<\/strong><br>&nbsp;<br><em>El Congreso Europeo de Oficina de Farmacia es una cita profesional reconocida de inter\u00e9s sanitario por parte del Ministerio de Sanidad, Consumo y Bienestar Social. En su \u00faltima edici\u00f3n de 2018 en Madrid, reuni\u00f3 a 33.850 visitantes y a 3.450 congresistas. Desde que los Colegios Farmac\u00e9uticos de Madrid y Barcelona decidieron colaborar para organizar Infarma de forma conjunta junto con Interalia, el crecimiento del Congreso y Sal\u00f3n ha sido sostenido en cada edici\u00f3n. Si en 2012, fecha del primer encuentro conjunto, se consigui\u00f3 reunir a 2.356 y 21.000 profesionales, la \u00faltima edici\u00f3n de Barcelona de 2019 se cerr\u00f3 con un balance de 3.480 congresistas y 33.770 visitantes, un 47 por ciento m\u00e1s de congresistas y un 60 por ciento m\u00e1s de profesionales.&nbsp;Son algunas de las grandes cifras de un Congreso que en 2018 logr\u00f3 adem\u00e1s un nuevo r\u00e9cord de espacio ferial al contratar 35.000 metros cuadrados, as\u00ed como de expositores, con 387 empresas y laboratorios presentes.<\/em><br><br><br><strong>M\u00e1s informaci\u00f3n,<\/strong>&nbsp;departamento de Comunicaci\u00f3n del COFM: 91 406 84 74<\/p>\n\n\n\n<p><\/p>\n","protected":false},"excerpt":{"rendered":"<p>Madrid, 4 de Mayo. Los colegios oficiales de farmac\u00e9uticos de Madrid y Barcelona, en colaboraci\u00f3n con Interalia, volver\u00e1n a unir fuerzas para celebrar, el pr\u00f3ximo a\u00f1o, una nueva edici\u00f3n de Infarma en el recinto ferial de Ifema. La fecha elegida por el Comit\u00e9 Organizador para abrir las puertas del Congreso y Sal\u00f3n de referencia de [&hellip;]<\/p>\n","protected":false},"author":2,"featured_media":1314,"comment_status":"closed","ping_status":"closed","sticky":false,"template":"","format":"standard","meta":{"footnotes":""},"categories":[159],"tags":[],"class_list":["post-1412","post","type-post","status-publish","format-standard","has-post-thumbnail","hentry","category-notas_prensa"],"yoast_head":"<!-- This site is optimized with the Yoast SEO plugin v27.4 - https:\/\/yoast.com\/product\/yoast-seo-wordpress\/ -->\n<title>\u2018Infarma Madrid 2020-2021\u2019 se celebrar\u00e1 del 23 al 25 de marzo en Ifema - Infarma<\/title>\n<meta name=\"robots\" content=\"index, follow, max-snippet:-1, max-image-preview:large, max-video-preview:-1\" \/>\n<link rel=\"canonical\" href=\"https:\/\/www.infarma.es\/ca\/infarma-madrid-2020-2021-se-celebrara-del-23-al-25-de-marzo-en-ifema\/\" \/>\n<meta property=\"og:locale\" content=\"ca_ES\" \/>\n<meta property=\"og:type\" content=\"article\" \/>\n<meta property=\"og:title\" content=\"\u2018Infarma Madrid 2020-2021\u2019 se celebrar\u00e1 del 23 al 25 de marzo en Ifema - Infarma\" \/>\n<meta property=\"og:description\" content=\"Madrid, 4 de Mayo. Los colegios oficiales de farmac\u00e9uticos de Madrid y Barcelona, en colaboraci\u00f3n con Interalia, volver\u00e1n a unir fuerzas para celebrar, el pr\u00f3ximo a\u00f1o, una nueva edici\u00f3n de Infarma en el recinto ferial de Ifema. La fecha elegida por el Comit\u00e9 Organizador para abrir las puertas del Congreso y Sal\u00f3n de referencia de [&hellip;]\" \/>\n<meta property=\"og:url\" content=\"https:\/\/www.infarma.es\/ca\/infarma-madrid-2020-2021-se-celebrara-del-23-al-25-de-marzo-en-ifema\/\" \/>\n<meta property=\"og:site_name\" content=\"Infarma\" \/>\n<meta property=\"article:publisher\" content=\"https:\/\/www.facebook.com\/infarmaoficial\/\" \/>\n<meta property=\"article:published_time\" content=\"2020-05-04T10:15:28+00:00\" \/>\n<meta name=\"author\" content=\"xavier\" \/>\n<meta name=\"twitter:card\" content=\"summary_large_image\" \/>\n<meta name=\"twitter:creator\" content=\"@infarma_es\" \/>\n<meta name=\"twitter:site\" content=\"@infarma_es\" \/>\n<meta name=\"twitter:label1\" content=\"Escrit per\" \/>\n\t<meta name=\"twitter:data1\" content=\"xavier\" \/>\n\t<meta name=\"twitter:label2\" content=\"Temps estimat de lectura\" \/>\n\t<meta name=\"twitter:data2\" content=\"2 minuts\" \/>\n<script type=\"application\/ld+json\" class=\"yoast-schema-graph\">{\"@context\":\"https:\\\/\\\/schema.org\",\"@graph\":[{\"@type\":\"Article\",\"@id\":\"https:\\\/\\\/www.infarma.es\\\/ca\\\/infarma-madrid-2020-2021-se-celebrara-del-23-al-25-de-marzo-en-ifema\\\/#article\",\"isPartOf\":{\"@id\":\"https:\\\/\\\/www.infarma.es\\\/ca\\\/infarma-madrid-2020-2021-se-celebrara-del-23-al-25-de-marzo-en-ifema\\\/\"},\"author\":{\"name\":\"xavier\",\"@id\":\"https:\\\/\\\/www.infarma.es\\\/ca\\\/#\\\/schema\\\/person\\\/e53486dc47606cc5c89217026a8a01a7\"},\"headline\":\"\u2018Infarma Madrid 2020-2021\u2019 se celebrar\u00e1 del 23 al 25 de marzo en Ifema\",\"datePublished\":\"2020-05-04T10:15:28+00:00\",\"mainEntityOfPage\":{\"@id\":\"https:\\\/\\\/www.infarma.es\\\/ca\\\/infarma-madrid-2020-2021-se-celebrara-del-23-al-25-de-marzo-en-ifema\\\/\"},\"wordCount\":505,\"publisher\":{\"@id\":\"https:\\\/\\\/www.infarma.es\\\/ca\\\/#organization\"},\"image\":{\"@id\":\"https:\\\/\\\/www.infarma.es\\\/ca\\\/infarma-madrid-2020-2021-se-celebrara-del-23-al-25-de-marzo-en-ifema\\\/#primaryimage\"},\"thumbnailUrl\":\"\",\"articleSection\":[\"Notas de prensa\"],\"inLanguage\":\"ca\"},{\"@type\":\"WebPage\",\"@id\":\"https:\\\/\\\/www.infarma.es\\\/ca\\\/infarma-madrid-2020-2021-se-celebrara-del-23-al-25-de-marzo-en-ifema\\\/\",\"url\":\"https:\\\/\\\/www.infarma.es\\\/ca\\\/infarma-madrid-2020-2021-se-celebrara-del-23-al-25-de-marzo-en-ifema\\\/\",\"name\":\"\u2018Infarma Madrid 2020-2021\u2019 se celebrar\u00e1 del 23 al 25 de marzo en Ifema - Infarma\",\"isPartOf\":{\"@id\":\"https:\\\/\\\/www.infarma.es\\\/ca\\\/#website\"},\"primaryImageOfPage\":{\"@id\":\"https:\\\/\\\/www.infarma.es\\\/ca\\\/infarma-madrid-2020-2021-se-celebrara-del-23-al-25-de-marzo-en-ifema\\\/#primaryimage\"},\"image\":{\"@id\":\"https:\\\/\\\/www.infarma.es\\\/ca\\\/infarma-madrid-2020-2021-se-celebrara-del-23-al-25-de-marzo-en-ifema\\\/#primaryimage\"},\"thumbnailUrl\":\"\",\"datePublished\":\"2020-05-04T10:15:28+00:00\",\"breadcrumb\":{\"@id\":\"https:\\\/\\\/www.infarma.es\\\/ca\\\/infarma-madrid-2020-2021-se-celebrara-del-23-al-25-de-marzo-en-ifema\\\/#breadcrumb\"},\"inLanguage\":\"ca\",\"potentialAction\":[{\"@type\":\"ReadAction\",\"target\":[\"https:\\\/\\\/www.infarma.es\\\/ca\\\/infarma-madrid-2020-2021-se-celebrara-del-23-al-25-de-marzo-en-ifema\\\/\"]}]},{\"@type\":\"ImageObject\",\"inLanguage\":\"ca\",\"@id\":\"https:\\\/\\\/www.infarma.es\\\/ca\\\/infarma-madrid-2020-2021-se-celebrara-del-23-al-25-de-marzo-en-ifema\\\/#primaryimage\",\"url\":\"\",\"contentUrl\":\"\"},{\"@type\":\"BreadcrumbList\",\"@id\":\"https:\\\/\\\/www.infarma.es\\\/ca\\\/infarma-madrid-2020-2021-se-celebrara-del-23-al-25-de-marzo-en-ifema\\\/#breadcrumb\",\"itemListElement\":[{\"@type\":\"ListItem\",\"position\":1,\"name\":\"Portada\",\"item\":\"https:\\\/\\\/www.infarma.es\\\/ca\\\/\"},{\"@type\":\"ListItem\",\"position\":2,\"name\":\"\u2018Infarma Madrid 2020-2021\u2019 se celebrar\u00e1 del 23 al 25 de marzo en Ifema\"}]},{\"@type\":\"WebSite\",\"@id\":\"https:\\\/\\\/www.infarma.es\\\/ca\\\/#website\",\"url\":\"https:\\\/\\\/www.infarma.es\\\/ca\\\/\",\"name\":\"Infarma\",\"description\":\"El mayor encuentro de farmacia\",\"publisher\":{\"@id\":\"https:\\\/\\\/www.infarma.es\\\/ca\\\/#organization\"},\"potentialAction\":[{\"@type\":\"SearchAction\",\"target\":{\"@type\":\"EntryPoint\",\"urlTemplate\":\"https:\\\/\\\/www.infarma.es\\\/ca\\\/?s={search_term_string}\"},\"query-input\":{\"@type\":\"PropertyValueSpecification\",\"valueRequired\":true,\"valueName\":\"search_term_string\"}}],\"inLanguage\":\"ca\"},{\"@type\":\"Organization\",\"@id\":\"https:\\\/\\\/www.infarma.es\\\/ca\\\/#organization\",\"name\":\"Infarma\",\"url\":\"https:\\\/\\\/www.infarma.es\\\/ca\\\/\",\"logo\":{\"@type\":\"ImageObject\",\"inLanguage\":\"ca\",\"@id\":\"https:\\\/\\\/www.infarma.es\\\/ca\\\/#\\\/schema\\\/logo\\\/image\\\/\",\"url\":\"https:\\\/\\\/www.infarma.es\\\/wp-content\\\/uploads\\\/2024\\\/10\\\/logo-simple.svg\",\"contentUrl\":\"https:\\\/\\\/www.infarma.es\\\/wp-content\\\/uploads\\\/2024\\\/10\\\/logo-simple.svg\",\"width\":1,\"height\":1,\"caption\":\"Infarma\"},\"image\":{\"@id\":\"https:\\\/\\\/www.infarma.es\\\/ca\\\/#\\\/schema\\\/logo\\\/image\\\/\"},\"sameAs\":[\"https:\\\/\\\/www.facebook.com\\\/infarmaoficial\\\/\",\"https:\\\/\\\/x.com\\\/infarma_es\",\"https:\\\/\\\/www.instagram.com\\\/infarma_oficial\\\/\",\"https:\\\/\\\/www.linkedin.com\\\/showcase\\\/infarma-salon\\\/\",\"https:\\\/\\\/www.youtube.com\\\/@INFARMAOFICIAL\"]},{\"@type\":\"Person\",\"@id\":\"https:\\\/\\\/www.infarma.es\\\/ca\\\/#\\\/schema\\\/person\\\/e53486dc47606cc5c89217026a8a01a7\",\"name\":\"xavier\",\"image\":{\"@type\":\"ImageObject\",\"inLanguage\":\"ca\",\"@id\":\"https:\\\/\\\/secure.gravatar.com\\\/avatar\\\/9014b89254123c1f240ae636cc793b98ce50ec2df162909756be1d23adc503e4?s=96&d=mm&r=g\",\"url\":\"https:\\\/\\\/secure.gravatar.com\\\/avatar\\\/9014b89254123c1f240ae636cc793b98ce50ec2df162909756be1d23adc503e4?s=96&d=mm&r=g\",\"contentUrl\":\"https:\\\/\\\/secure.gravatar.com\\\/avatar\\\/9014b89254123c1f240ae636cc793b98ce50ec2df162909756be1d23adc503e4?s=96&d=mm&r=g\",\"caption\":\"xavier\"},\"url\":\"https:\\\/\\\/www.infarma.es\\\/ca\\\/author\\\/xavier\\\/\"}]}<\/script>\n<!-- \/ Yoast SEO plugin. -->","yoast_head_json":{"title":"\u2018Infarma Madrid 2020-2021\u2019 se celebrar\u00e1 del 23 al 25 de marzo en Ifema - Infarma","robots":{"index":"index","follow":"follow","max-snippet":"max-snippet:-1","max-image-preview":"max-image-preview:large","max-video-preview":"max-video-preview:-1"},"canonical":"https:\/\/www.infarma.es\/ca\/infarma-madrid-2020-2021-se-celebrara-del-23-al-25-de-marzo-en-ifema\/","og_locale":"ca_ES","og_type":"article","og_title":"\u2018Infarma Madrid 2020-2021\u2019 se celebrar\u00e1 del 23 al 25 de marzo en Ifema - Infarma","og_description":"Madrid, 4 de Mayo. Los colegios oficiales de farmac\u00e9uticos de Madrid y Barcelona, en colaboraci\u00f3n con Interalia, volver\u00e1n a unir fuerzas para celebrar, el pr\u00f3ximo a\u00f1o, una nueva edici\u00f3n de Infarma en el recinto ferial de Ifema. La fecha elegida por el Comit\u00e9 Organizador para abrir las puertas del Congreso y Sal\u00f3n de referencia de [&hellip;]","og_url":"https:\/\/www.infarma.es\/ca\/infarma-madrid-2020-2021-se-celebrara-del-23-al-25-de-marzo-en-ifema\/","og_site_name":"Infarma","article_publisher":"https:\/\/www.facebook.com\/infarmaoficial\/","article_published_time":"2020-05-04T10:15:28+00:00","author":"xavier","twitter_card":"summary_large_image","twitter_creator":"@infarma_es","twitter_site":"@infarma_es","twitter_misc":{"Escrit per":"xavier","Temps estimat de lectura":"2 minuts"},"schema":{"@context":"https:\/\/schema.org","@graph":[{"@type":"Article","@id":"https:\/\/www.infarma.es\/ca\/infarma-madrid-2020-2021-se-celebrara-del-23-al-25-de-marzo-en-ifema\/#article","isPartOf":{"@id":"https:\/\/www.infarma.es\/ca\/infarma-madrid-2020-2021-se-celebrara-del-23-al-25-de-marzo-en-ifema\/"},"author":{"name":"xavier","@id":"https:\/\/www.infarma.es\/ca\/#\/schema\/person\/e53486dc47606cc5c89217026a8a01a7"},"headline":"\u2018Infarma Madrid 2020-2021\u2019 se celebrar\u00e1 del 23 al 25 de marzo en Ifema","datePublished":"2020-05-04T10:15:28+00:00","mainEntityOfPage":{"@id":"https:\/\/www.infarma.es\/ca\/infarma-madrid-2020-2021-se-celebrara-del-23-al-25-de-marzo-en-ifema\/"},"wordCount":505,"publisher":{"@id":"https:\/\/www.infarma.es\/ca\/#organization"},"image":{"@id":"https:\/\/www.infarma.es\/ca\/infarma-madrid-2020-2021-se-celebrara-del-23-al-25-de-marzo-en-ifema\/#primaryimage"},"thumbnailUrl":"","articleSection":["Notas de prensa"],"inLanguage":"ca"},{"@type":"WebPage","@id":"https:\/\/www.infarma.es\/ca\/infarma-madrid-2020-2021-se-celebrara-del-23-al-25-de-marzo-en-ifema\/","url":"https:\/\/www.infarma.es\/ca\/infarma-madrid-2020-2021-se-celebrara-del-23-al-25-de-marzo-en-ifema\/","name":"\u2018Infarma Madrid 2020-2021\u2019 se celebrar\u00e1 del 23 al 25 de marzo en Ifema - Infarma","isPartOf":{"@id":"https:\/\/www.infarma.es\/ca\/#website"},"primaryImageOfPage":{"@id":"https:\/\/www.infarma.es\/ca\/infarma-madrid-2020-2021-se-celebrara-del-23-al-25-de-marzo-en-ifema\/#primaryimage"},"image":{"@id":"https:\/\/www.infarma.es\/ca\/infarma-madrid-2020-2021-se-celebrara-del-23-al-25-de-marzo-en-ifema\/#primaryimage"},"thumbnailUrl":"","datePublished":"2020-05-04T10:15:28+00:00","breadcrumb":{"@id":"https:\/\/www.infarma.es\/ca\/infarma-madrid-2020-2021-se-celebrara-del-23-al-25-de-marzo-en-ifema\/#breadcrumb"},"inLanguage":"ca","potentialAction":[{"@type":"ReadAction","target":["https:\/\/www.infarma.es\/ca\/infarma-madrid-2020-2021-se-celebrara-del-23-al-25-de-marzo-en-ifema\/"]}]},{"@type":"ImageObject","inLanguage":"ca","@id":"https:\/\/www.infarma.es\/ca\/infarma-madrid-2020-2021-se-celebrara-del-23-al-25-de-marzo-en-ifema\/#primaryimage","url":"","contentUrl":""},{"@type":"BreadcrumbList","@id":"https:\/\/www.infarma.es\/ca\/infarma-madrid-2020-2021-se-celebrara-del-23-al-25-de-marzo-en-ifema\/#breadcrumb","itemListElement":[{"@type":"ListItem","position":1,"name":"Portada","item":"https:\/\/www.infarma.es\/ca\/"},{"@type":"ListItem","position":2,"name":"\u2018Infarma Madrid 2020-2021\u2019 se celebrar\u00e1 del 23 al 25 de marzo en Ifema"}]},{"@type":"WebSite","@id":"https:\/\/www.infarma.es\/ca\/#website","url":"https:\/\/www.infarma.es\/ca\/","name":"Infarma","description":"El mayor encuentro de farmacia","publisher":{"@id":"https:\/\/www.infarma.es\/ca\/#organization"},"potentialAction":[{"@type":"SearchAction","target":{"@type":"EntryPoint","urlTemplate":"https:\/\/www.infarma.es\/ca\/?s={search_term_string}"},"query-input":{"@type":"PropertyValueSpecification","valueRequired":true,"valueName":"search_term_string"}}],"inLanguage":"ca"},{"@type":"Organization","@id":"https:\/\/www.infarma.es\/ca\/#organization","name":"Infarma","url":"https:\/\/www.infarma.es\/ca\/","logo":{"@type":"ImageObject","inLanguage":"ca","@id":"https:\/\/www.infarma.es\/ca\/#\/schema\/logo\/image\/","url":"https:\/\/www.infarma.es\/wp-content\/uploads\/2024\/10\/logo-simple.svg","contentUrl":"https:\/\/www.infarma.es\/wp-content\/uploads\/2024\/10\/logo-simple.svg","width":1,"height":1,"caption":"Infarma"},"image":{"@id":"https:\/\/www.infarma.es\/ca\/#\/schema\/logo\/image\/"},"sameAs":["https:\/\/www.facebook.com\/infarmaoficial\/","https:\/\/x.com\/infarma_es","https:\/\/www.instagram.com\/infarma_oficial\/","https:\/\/www.linkedin.com\/showcase\/infarma-salon\/","https:\/\/www.youtube.com\/@INFARMAOFICIAL"]},{"@type":"Person","@id":"https:\/\/www.infarma.es\/ca\/#\/schema\/person\/e53486dc47606cc5c89217026a8a01a7","name":"xavier","image":{"@type":"ImageObject","inLanguage":"ca","@id":"https:\/\/secure.gravatar.com\/avatar\/9014b89254123c1f240ae636cc793b98ce50ec2df162909756be1d23adc503e4?s=96&d=mm&r=g","url":"https:\/\/secure.gravatar.com\/avatar\/9014b89254123c1f240ae636cc793b98ce50ec2df162909756be1d23adc503e4?s=96&d=mm&r=g","contentUrl":"https:\/\/secure.gravatar.com\/avatar\/9014b89254123c1f240ae636cc793b98ce50ec2df162909756be1d23adc503e4?s=96&d=mm&r=g","caption":"xavier"},"url":"https:\/\/www.infarma.es\/ca\/author\/xavier\/"}]}},"_links":{"self":[{"href":"https:\/\/www.infarma.es\/ca\/wp-json\/wp\/v2\/posts\/1412","targetHints":{"allow":["GET"]}}],"collection":[{"href":"https:\/\/www.infarma.es\/ca\/wp-json\/wp\/v2\/posts"}],"about":[{"href":"https:\/\/www.infarma.es\/ca\/wp-json\/wp\/v2\/types\/post"}],"author":[{"embeddable":true,"href":"https:\/\/www.infarma.es\/ca\/wp-json\/wp\/v2\/users\/2"}],"replies":[{"embeddable":true,"href":"https:\/\/www.infarma.es\/ca\/wp-json\/wp\/v2\/comments?post=1412"}],"version-history":[{"count":0,"href":"https:\/\/www.infarma.es\/ca\/wp-json\/wp\/v2\/posts\/1412\/revisions"}],"wp:featuredmedia":[{"embeddable":true,"href":"https:\/\/www.infarma.es\/ca\/wp-json\/"}],"wp:attachment":[{"href":"https:\/\/www.infarma.es\/ca\/wp-json\/wp\/v2\/media?parent=1412"}],"wp:term":[{"taxonomy":"category","embeddable":true,"href":"https:\/\/www.infarma.es\/ca\/wp-json\/wp\/v2\/categories?post=1412"},{"taxonomy":"post_tag","embeddable":true,"href":"https:\/\/www.infarma.es\/ca\/wp-json\/wp\/v2\/tags?post=1412"}],"curies":[{"name":"wp","href":"https:\/\/api.w.org\/{rel}","templated":true}]}}