{"id":15597,"date":"2024-10-23T15:41:13","date_gmt":"2024-10-23T13:41:13","guid":{"rendered":"https:\/\/www.infarma.es\/?p=15597"},"modified":"2024-10-23T17:06:02","modified_gmt":"2024-10-23T15:06:02","slug":"los-primeros-probioticos-y-paraprobioticos-para-la-salud-ocular","status":"publish","type":"post","link":"https:\/\/www.infarma.es\/ca\/los-primeros-probioticos-y-paraprobioticos-para-la-salud-ocular\/","title":{"rendered":"Los primeros probi\u00f3ticos y paraprobi\u00f3ticos para la salud ocular"},"content":{"rendered":"\n<p><strong><a href=\"https:\/\/farmamix.vision\/\">Farmamix Visi\u00f3n<\/a><\/strong> estar\u00e1 presente en <strong>Infarma<\/strong> presentando el lanzamiento de los primeros <strong>probi<\/strong><strong>\u00f3<\/strong><strong>ticos <\/strong>y <strong>paraprobi<\/strong><strong>\u00f3<\/strong><strong>ticos<\/strong> para la salud ocular. <strong>iVision PROBIOTICS<\/strong>&nbsp; es un complemento alimenticio con 5 especies probi\u00f3ticas y un prebi\u00f3tico para recuperar la disbiosis, \u00edntimamente relacionada con la sequedad ocular y otras afecciones oculares, e <strong>iVision AB-PROTEARS<\/strong> es una soluci\u00f3n oft\u00e1lmica natural con lisado de probi\u00f3tico que ayuda a restaurar la barrera de protecci\u00f3n natural y que aporta m\u00faltiples acciones beneficiosas en la superficie ocular.&nbsp;&nbsp;<\/p>\n\n\n\n<p><strong>iVision AB-PROTEARS <\/strong>e <strong>iVision PROBIOTICS<\/strong> son los primeros productos que aportan beneficios y ayudan a mejorar la salud ocular a trav\u00e9s del mantenimiento de una microbiota ocular e intestinal sana.<\/p>\n\n\n\n<hr class=\"wp-block-separator has-alpha-channel-opacity is-style-dots\"\/>\n\n\n\n<p>La\u202frelaci\u00f3n entre la <strong>microbiota <\/strong>y las enfermedades oculares<strong>\u202f<\/strong>es un tema muy estudiado en los \u00faltimos a\u00f1os.&nbsp;<\/p>\n\n\n\n<p>La <strong>microbiota ocular&nbsp;<\/strong> tiene un papel muy importante en el mantenimiento del equilibrio del ecosistema ocular ejerciendo la funci\u00f3n de barrera de protecci\u00f3n frente a infecciones y agresiones externas. Un desequilibrio en esta microbiota puede estar asociada a la aparici\u00f3n de enfermedades oculares como conjuntivitis, blefaritis, queratitis y el s\u00edndrome del ojo seco.&nbsp;<\/p>\n\n\n\n<p>Se ha demostrado tambi\u00e9n una relaci\u00f3n directa entre la <strong>microbiota intestinal <\/strong>y las enfermedades oculares. La salud de la microbiota intestinal est\u00e1 relacionada con el sistema inmunol\u00f3gico y que\u202fun desequilibrio en la microbiota puede contribuir a la aparici\u00f3n de enfermedades\u202fautoinmunitarias, incluyendo algunas enfermedades oculares\u202fcomo la uve\u00edtis.&nbsp;&nbsp;<\/p>\n\n\n\n<p>Tambi\u00e9n se han observado cambios significativos en la composici\u00f3n de la microbiota intestinal entre personas sanas, pacientes con ojo seco y pacientes con s\u00edndrome de Sj\u00f6gren.&nbsp;&nbsp;<\/p>\n\n\n\n<p>\u00a1Te esperamos en el stand de <strong>Farmamix Vision<\/strong> en <strong>Infarma <\/strong>para explicarte todas sus ventajas!\u00a0<\/p>\n","protected":false},"excerpt":{"rendered":"<p>Farmamix Visi\u00f3n estar\u00e1 presente en Infarma presentando el lanzamiento de los primeros probi\u00f3ticos y paraprobi\u00f3ticos para la salud ocular. iVision PROBIOTICS&nbsp; es un complemento alimenticio con 5 especies probi\u00f3ticas y un prebi\u00f3tico para recuperar la disbiosis, \u00edntimamente relacionada con la sequedad ocular y otras afecciones oculares, e iVision AB-PROTEARS es una soluci\u00f3n oft\u00e1lmica natural con [&hellip;]<\/p>\n","protected":false},"author":2,"featured_media":15618,"comment_status":"closed","ping_status":"open","sticky":false,"template":"","format":"standard","meta":{"footnotes":""},"categories":[141],"tags":[],"class_list":["post-15597","post","type-post","status-publish","format-standard","has-post-thumbnail","hentry","category-noticias-del-salon"],"yoast_head":"<!-- This site is optimized with the Yoast SEO plugin v27.4 - https:\/\/yoast.com\/product\/yoast-seo-wordpress\/ -->\n<title>Los primeros probi\u00f3ticos y paraprobi\u00f3ticos para la salud ocular<\/title>\n<meta name=\"description\" content=\"Farmamix Visi\u00f3n presenta el lanzamiento de los primeros probi\u00f3ticos y paraprobi\u00f3ticos para la salud ocular.\" \/>\n<meta name=\"robots\" content=\"index, follow, max-snippet:-1, max-image-preview:large, max-video-preview:-1\" \/>\n<link rel=\"canonical\" href=\"https:\/\/www.infarma.es\/ca\/los-primeros-probioticos-y-paraprobioticos-para-la-salud-ocular\/\" \/>\n<meta property=\"og:locale\" content=\"ca_ES\" \/>\n<meta property=\"og:type\" content=\"article\" \/>\n<meta property=\"og:title\" content=\"Los primeros probi\u00f3ticos y paraprobi\u00f3ticos para la salud ocular\" \/>\n<meta property=\"og:description\" content=\"Farmamix Visi\u00f3n presenta el lanzamiento de los primeros probi\u00f3ticos y paraprobi\u00f3ticos para la salud ocular.\" \/>\n<meta property=\"og:url\" content=\"https:\/\/www.infarma.es\/ca\/los-primeros-probioticos-y-paraprobioticos-para-la-salud-ocular\/\" \/>\n<meta property=\"og:site_name\" content=\"Infarma\" \/>\n<meta property=\"article:publisher\" content=\"https:\/\/www.facebook.com\/infarmaoficial\/\" \/>\n<meta property=\"article:published_time\" content=\"2024-10-23T13:41:13+00:00\" \/>\n<meta property=\"article:modified_time\" content=\"2024-10-23T15:06:02+00:00\" \/>\n<meta property=\"og:image\" content=\"https:\/\/www.infarma.es\/wp-content\/uploads\/2024\/10\/inf25-Farmamix-probiotics-blog-1-scaled.webp\" \/>\n\t<meta property=\"og:image:width\" content=\"2560\" \/>\n\t<meta property=\"og:image:height\" content=\"1440\" \/>\n\t<meta property=\"og:image:type\" content=\"image\/webp\" \/>\n<meta name=\"author\" content=\"xavier\" \/>\n<meta name=\"twitter:card\" content=\"summary_large_image\" \/>\n<meta name=\"twitter:creator\" content=\"@infarma_es\" \/>\n<meta name=\"twitter:site\" content=\"@infarma_es\" \/>\n<meta name=\"twitter:label1\" content=\"Escrit per\" \/>\n\t<meta name=\"twitter:data1\" content=\"xavier\" \/>\n\t<meta name=\"twitter:label2\" content=\"Temps estimat de lectura\" \/>\n\t<meta name=\"twitter:data2\" content=\"2 minuts\" \/>\n<script type=\"application\/ld+json\" class=\"yoast-schema-graph\">{\"@context\":\"https:\\\/\\\/schema.org\",\"@graph\":[{\"@type\":\"Article\",\"@id\":\"https:\\\/\\\/www.infarma.es\\\/ca\\\/los-primeros-probioticos-y-paraprobioticos-para-la-salud-ocular\\\/#article\",\"isPartOf\":{\"@id\":\"https:\\\/\\\/www.infarma.es\\\/ca\\\/los-primeros-probioticos-y-paraprobioticos-para-la-salud-ocular\\\/\"},\"author\":{\"name\":\"xavier\",\"@id\":\"https:\\\/\\\/www.infarma.es\\\/ca\\\/#\\\/schema\\\/person\\\/e53486dc47606cc5c89217026a8a01a7\"},\"headline\":\"Los primeros probi\u00f3ticos y paraprobi\u00f3ticos para la salud ocular\",\"datePublished\":\"2024-10-23T13:41:13+00:00\",\"dateModified\":\"2024-10-23T15:06:02+00:00\",\"mainEntityOfPage\":{\"@id\":\"https:\\\/\\\/www.infarma.es\\\/ca\\\/los-primeros-probioticos-y-paraprobioticos-para-la-salud-ocular\\\/\"},\"wordCount\":314,\"publisher\":{\"@id\":\"https:\\\/\\\/www.infarma.es\\\/ca\\\/#organization\"},\"image\":{\"@id\":\"https:\\\/\\\/www.infarma.es\\\/ca\\\/los-primeros-probioticos-y-paraprobioticos-para-la-salud-ocular\\\/#primaryimage\"},\"thumbnailUrl\":\"https:\\\/\\\/www.infarma.es\\\/wp-content\\\/uploads\\\/2024\\\/10\\\/inf25-Farmamix-probiotics-blog-1-scaled.webp\",\"articleSection\":[\"Noticias del Sal\u00f3n\"],\"inLanguage\":\"ca\"},{\"@type\":\"WebPage\",\"@id\":\"https:\\\/\\\/www.infarma.es\\\/ca\\\/los-primeros-probioticos-y-paraprobioticos-para-la-salud-ocular\\\/\",\"url\":\"https:\\\/\\\/www.infarma.es\\\/ca\\\/los-primeros-probioticos-y-paraprobioticos-para-la-salud-ocular\\\/\",\"name\":\"Los primeros probi\u00f3ticos y paraprobi\u00f3ticos para la salud ocular\",\"isPartOf\":{\"@id\":\"https:\\\/\\\/www.infarma.es\\\/ca\\\/#website\"},\"primaryImageOfPage\":{\"@id\":\"https:\\\/\\\/www.infarma.es\\\/ca\\\/los-primeros-probioticos-y-paraprobioticos-para-la-salud-ocular\\\/#primaryimage\"},\"image\":{\"@id\":\"https:\\\/\\\/www.infarma.es\\\/ca\\\/los-primeros-probioticos-y-paraprobioticos-para-la-salud-ocular\\\/#primaryimage\"},\"thumbnailUrl\":\"https:\\\/\\\/www.infarma.es\\\/wp-content\\\/uploads\\\/2024\\\/10\\\/inf25-Farmamix-probiotics-blog-1-scaled.webp\",\"datePublished\":\"2024-10-23T13:41:13+00:00\",\"dateModified\":\"2024-10-23T15:06:02+00:00\",\"description\":\"Farmamix Visi\u00f3n presenta el lanzamiento de los primeros probi\u00f3ticos y paraprobi\u00f3ticos para la salud ocular.\",\"breadcrumb\":{\"@id\":\"https:\\\/\\\/www.infarma.es\\\/ca\\\/los-primeros-probioticos-y-paraprobioticos-para-la-salud-ocular\\\/#breadcrumb\"},\"inLanguage\":\"ca\",\"potentialAction\":[{\"@type\":\"ReadAction\",\"target\":[\"https:\\\/\\\/www.infarma.es\\\/ca\\\/los-primeros-probioticos-y-paraprobioticos-para-la-salud-ocular\\\/\"]}]},{\"@type\":\"ImageObject\",\"inLanguage\":\"ca\",\"@id\":\"https:\\\/\\\/www.infarma.es\\\/ca\\\/los-primeros-probioticos-y-paraprobioticos-para-la-salud-ocular\\\/#primaryimage\",\"url\":\"https:\\\/\\\/www.infarma.es\\\/wp-content\\\/uploads\\\/2024\\\/10\\\/inf25-Farmamix-probiotics-blog-1-scaled.webp\",\"contentUrl\":\"https:\\\/\\\/www.infarma.es\\\/wp-content\\\/uploads\\\/2024\\\/10\\\/inf25-Farmamix-probiotics-blog-1-scaled.webp\",\"width\":2560,\"height\":1440},{\"@type\":\"BreadcrumbList\",\"@id\":\"https:\\\/\\\/www.infarma.es\\\/ca\\\/los-primeros-probioticos-y-paraprobioticos-para-la-salud-ocular\\\/#breadcrumb\",\"itemListElement\":[{\"@type\":\"ListItem\",\"position\":1,\"name\":\"Portada\",\"item\":\"https:\\\/\\\/www.infarma.es\\\/ca\\\/\"},{\"@type\":\"ListItem\",\"position\":2,\"name\":\"Los primeros probi\u00f3ticos y paraprobi\u00f3ticos para la salud ocular\"}]},{\"@type\":\"WebSite\",\"@id\":\"https:\\\/\\\/www.infarma.es\\\/ca\\\/#website\",\"url\":\"https:\\\/\\\/www.infarma.es\\\/ca\\\/\",\"name\":\"Infarma\",\"description\":\"El mayor encuentro de farmacia\",\"publisher\":{\"@id\":\"https:\\\/\\\/www.infarma.es\\\/ca\\\/#organization\"},\"potentialAction\":[{\"@type\":\"SearchAction\",\"target\":{\"@type\":\"EntryPoint\",\"urlTemplate\":\"https:\\\/\\\/www.infarma.es\\\/ca\\\/?s={search_term_string}\"},\"query-input\":{\"@type\":\"PropertyValueSpecification\",\"valueRequired\":true,\"valueName\":\"search_term_string\"}}],\"inLanguage\":\"ca\"},{\"@type\":\"Organization\",\"@id\":\"https:\\\/\\\/www.infarma.es\\\/ca\\\/#organization\",\"name\":\"Infarma\",\"url\":\"https:\\\/\\\/www.infarma.es\\\/ca\\\/\",\"logo\":{\"@type\":\"ImageObject\",\"inLanguage\":\"ca\",\"@id\":\"https:\\\/\\\/www.infarma.es\\\/ca\\\/#\\\/schema\\\/logo\\\/image\\\/\",\"url\":\"https:\\\/\\\/www.infarma.es\\\/wp-content\\\/uploads\\\/2024\\\/10\\\/logo-simple.svg\",\"contentUrl\":\"https:\\\/\\\/www.infarma.es\\\/wp-content\\\/uploads\\\/2024\\\/10\\\/logo-simple.svg\",\"width\":1,\"height\":1,\"caption\":\"Infarma\"},\"image\":{\"@id\":\"https:\\\/\\\/www.infarma.es\\\/ca\\\/#\\\/schema\\\/logo\\\/image\\\/\"},\"sameAs\":[\"https:\\\/\\\/www.facebook.com\\\/infarmaoficial\\\/\",\"https:\\\/\\\/x.com\\\/infarma_es\",\"https:\\\/\\\/www.instagram.com\\\/infarma_oficial\\\/\",\"https:\\\/\\\/www.linkedin.com\\\/showcase\\\/infarma-salon\\\/\",\"https:\\\/\\\/www.youtube.com\\\/@INFARMAOFICIAL\"]},{\"@type\":\"Person\",\"@id\":\"https:\\\/\\\/www.infarma.es\\\/ca\\\/#\\\/schema\\\/person\\\/e53486dc47606cc5c89217026a8a01a7\",\"name\":\"xavier\",\"image\":{\"@type\":\"ImageObject\",\"inLanguage\":\"ca\",\"@id\":\"https:\\\/\\\/secure.gravatar.com\\\/avatar\\\/9014b89254123c1f240ae636cc793b98ce50ec2df162909756be1d23adc503e4?s=96&d=mm&r=g\",\"url\":\"https:\\\/\\\/secure.gravatar.com\\\/avatar\\\/9014b89254123c1f240ae636cc793b98ce50ec2df162909756be1d23adc503e4?s=96&d=mm&r=g\",\"contentUrl\":\"https:\\\/\\\/secure.gravatar.com\\\/avatar\\\/9014b89254123c1f240ae636cc793b98ce50ec2df162909756be1d23adc503e4?s=96&d=mm&r=g\",\"caption\":\"xavier\"},\"url\":\"https:\\\/\\\/www.infarma.es\\\/ca\\\/author\\\/xavier\\\/\"}]}<\/script>\n<!-- \/ Yoast SEO plugin. -->","yoast_head_json":{"title":"Los primeros probi\u00f3ticos y paraprobi\u00f3ticos para la salud ocular","description":"Farmamix Visi\u00f3n presenta el lanzamiento de los primeros probi\u00f3ticos y paraprobi\u00f3ticos para la salud ocular.","robots":{"index":"index","follow":"follow","max-snippet":"max-snippet:-1","max-image-preview":"max-image-preview:large","max-video-preview":"max-video-preview:-1"},"canonical":"https:\/\/www.infarma.es\/ca\/los-primeros-probioticos-y-paraprobioticos-para-la-salud-ocular\/","og_locale":"ca_ES","og_type":"article","og_title":"Los primeros probi\u00f3ticos y paraprobi\u00f3ticos para la salud ocular","og_description":"Farmamix Visi\u00f3n presenta el lanzamiento de los primeros probi\u00f3ticos y paraprobi\u00f3ticos para la salud ocular.","og_url":"https:\/\/www.infarma.es\/ca\/los-primeros-probioticos-y-paraprobioticos-para-la-salud-ocular\/","og_site_name":"Infarma","article_publisher":"https:\/\/www.facebook.com\/infarmaoficial\/","article_published_time":"2024-10-23T13:41:13+00:00","article_modified_time":"2024-10-23T15:06:02+00:00","og_image":[{"width":2560,"height":1440,"url":"https:\/\/www.infarma.es\/wp-content\/uploads\/2024\/10\/inf25-Farmamix-probiotics-blog-1-scaled.webp","type":"image\/webp"}],"author":"xavier","twitter_card":"summary_large_image","twitter_creator":"@infarma_es","twitter_site":"@infarma_es","twitter_misc":{"Escrit per":"xavier","Temps estimat de lectura":"2 minuts"},"schema":{"@context":"https:\/\/schema.org","@graph":[{"@type":"Article","@id":"https:\/\/www.infarma.es\/ca\/los-primeros-probioticos-y-paraprobioticos-para-la-salud-ocular\/#article","isPartOf":{"@id":"https:\/\/www.infarma.es\/ca\/los-primeros-probioticos-y-paraprobioticos-para-la-salud-ocular\/"},"author":{"name":"xavier","@id":"https:\/\/www.infarma.es\/ca\/#\/schema\/person\/e53486dc47606cc5c89217026a8a01a7"},"headline":"Los primeros probi\u00f3ticos y paraprobi\u00f3ticos para la salud ocular","datePublished":"2024-10-23T13:41:13+00:00","dateModified":"2024-10-23T15:06:02+00:00","mainEntityOfPage":{"@id":"https:\/\/www.infarma.es\/ca\/los-primeros-probioticos-y-paraprobioticos-para-la-salud-ocular\/"},"wordCount":314,"publisher":{"@id":"https:\/\/www.infarma.es\/ca\/#organization"},"image":{"@id":"https:\/\/www.infarma.es\/ca\/los-primeros-probioticos-y-paraprobioticos-para-la-salud-ocular\/#primaryimage"},"thumbnailUrl":"https:\/\/www.infarma.es\/wp-content\/uploads\/2024\/10\/inf25-Farmamix-probiotics-blog-1-scaled.webp","articleSection":["Noticias del Sal\u00f3n"],"inLanguage":"ca"},{"@type":"WebPage","@id":"https:\/\/www.infarma.es\/ca\/los-primeros-probioticos-y-paraprobioticos-para-la-salud-ocular\/","url":"https:\/\/www.infarma.es\/ca\/los-primeros-probioticos-y-paraprobioticos-para-la-salud-ocular\/","name":"Los primeros probi\u00f3ticos y paraprobi\u00f3ticos para la salud ocular","isPartOf":{"@id":"https:\/\/www.infarma.es\/ca\/#website"},"primaryImageOfPage":{"@id":"https:\/\/www.infarma.es\/ca\/los-primeros-probioticos-y-paraprobioticos-para-la-salud-ocular\/#primaryimage"},"image":{"@id":"https:\/\/www.infarma.es\/ca\/los-primeros-probioticos-y-paraprobioticos-para-la-salud-ocular\/#primaryimage"},"thumbnailUrl":"https:\/\/www.infarma.es\/wp-content\/uploads\/2024\/10\/inf25-Farmamix-probiotics-blog-1-scaled.webp","datePublished":"2024-10-23T13:41:13+00:00","dateModified":"2024-10-23T15:06:02+00:00","description":"Farmamix Visi\u00f3n presenta el lanzamiento de los primeros probi\u00f3ticos y paraprobi\u00f3ticos para la salud ocular.","breadcrumb":{"@id":"https:\/\/www.infarma.es\/ca\/los-primeros-probioticos-y-paraprobioticos-para-la-salud-ocular\/#breadcrumb"},"inLanguage":"ca","potentialAction":[{"@type":"ReadAction","target":["https:\/\/www.infarma.es\/ca\/los-primeros-probioticos-y-paraprobioticos-para-la-salud-ocular\/"]}]},{"@type":"ImageObject","inLanguage":"ca","@id":"https:\/\/www.infarma.es\/ca\/los-primeros-probioticos-y-paraprobioticos-para-la-salud-ocular\/#primaryimage","url":"https:\/\/www.infarma.es\/wp-content\/uploads\/2024\/10\/inf25-Farmamix-probiotics-blog-1-scaled.webp","contentUrl":"https:\/\/www.infarma.es\/wp-content\/uploads\/2024\/10\/inf25-Farmamix-probiotics-blog-1-scaled.webp","width":2560,"height":1440},{"@type":"BreadcrumbList","@id":"https:\/\/www.infarma.es\/ca\/los-primeros-probioticos-y-paraprobioticos-para-la-salud-ocular\/#breadcrumb","itemListElement":[{"@type":"ListItem","position":1,"name":"Portada","item":"https:\/\/www.infarma.es\/ca\/"},{"@type":"ListItem","position":2,"name":"Los primeros probi\u00f3ticos y paraprobi\u00f3ticos para la salud ocular"}]},{"@type":"WebSite","@id":"https:\/\/www.infarma.es\/ca\/#website","url":"https:\/\/www.infarma.es\/ca\/","name":"Infarma","description":"El mayor encuentro de farmacia","publisher":{"@id":"https:\/\/www.infarma.es\/ca\/#organization"},"potentialAction":[{"@type":"SearchAction","target":{"@type":"EntryPoint","urlTemplate":"https:\/\/www.infarma.es\/ca\/?s={search_term_string}"},"query-input":{"@type":"PropertyValueSpecification","valueRequired":true,"valueName":"search_term_string"}}],"inLanguage":"ca"},{"@type":"Organization","@id":"https:\/\/www.infarma.es\/ca\/#organization","name":"Infarma","url":"https:\/\/www.infarma.es\/ca\/","logo":{"@type":"ImageObject","inLanguage":"ca","@id":"https:\/\/www.infarma.es\/ca\/#\/schema\/logo\/image\/","url":"https:\/\/www.infarma.es\/wp-content\/uploads\/2024\/10\/logo-simple.svg","contentUrl":"https:\/\/www.infarma.es\/wp-content\/uploads\/2024\/10\/logo-simple.svg","width":1,"height":1,"caption":"Infarma"},"image":{"@id":"https:\/\/www.infarma.es\/ca\/#\/schema\/logo\/image\/"},"sameAs":["https:\/\/www.facebook.com\/infarmaoficial\/","https:\/\/x.com\/infarma_es","https:\/\/www.instagram.com\/infarma_oficial\/","https:\/\/www.linkedin.com\/showcase\/infarma-salon\/","https:\/\/www.youtube.com\/@INFARMAOFICIAL"]},{"@type":"Person","@id":"https:\/\/www.infarma.es\/ca\/#\/schema\/person\/e53486dc47606cc5c89217026a8a01a7","name":"xavier","image":{"@type":"ImageObject","inLanguage":"ca","@id":"https:\/\/secure.gravatar.com\/avatar\/9014b89254123c1f240ae636cc793b98ce50ec2df162909756be1d23adc503e4?s=96&d=mm&r=g","url":"https:\/\/secure.gravatar.com\/avatar\/9014b89254123c1f240ae636cc793b98ce50ec2df162909756be1d23adc503e4?s=96&d=mm&r=g","contentUrl":"https:\/\/secure.gravatar.com\/avatar\/9014b89254123c1f240ae636cc793b98ce50ec2df162909756be1d23adc503e4?s=96&d=mm&r=g","caption":"xavier"},"url":"https:\/\/www.infarma.es\/ca\/author\/xavier\/"}]}},"_links":{"self":[{"href":"https:\/\/www.infarma.es\/ca\/wp-json\/wp\/v2\/posts\/15597","targetHints":{"allow":["GET"]}}],"collection":[{"href":"https:\/\/www.infarma.es\/ca\/wp-json\/wp\/v2\/posts"}],"about":[{"href":"https:\/\/www.infarma.es\/ca\/wp-json\/wp\/v2\/types\/post"}],"author":[{"embeddable":true,"href":"https:\/\/www.infarma.es\/ca\/wp-json\/wp\/v2\/users\/2"}],"replies":[{"embeddable":true,"href":"https:\/\/www.infarma.es\/ca\/wp-json\/wp\/v2\/comments?post=15597"}],"version-history":[{"count":5,"href":"https:\/\/www.infarma.es\/ca\/wp-json\/wp\/v2\/posts\/15597\/revisions"}],"predecessor-version":[{"id":15621,"href":"https:\/\/www.infarma.es\/ca\/wp-json\/wp\/v2\/posts\/15597\/revisions\/15621"}],"wp:featuredmedia":[{"embeddable":true,"href":"https:\/\/www.infarma.es\/ca\/wp-json\/wp\/v2\/media\/15618"}],"wp:attachment":[{"href":"https:\/\/www.infarma.es\/ca\/wp-json\/wp\/v2\/media?parent=15597"}],"wp:term":[{"taxonomy":"category","embeddable":true,"href":"https:\/\/www.infarma.es\/ca\/wp-json\/wp\/v2\/categories?post=15597"},{"taxonomy":"post_tag","embeddable":true,"href":"https:\/\/www.infarma.es\/ca\/wp-json\/wp\/v2\/tags?post=15597"}],"curies":[{"name":"wp","href":"https:\/\/api.w.org\/{rel}","templated":true}]}}