{"id":18468,"date":"2025-02-19T11:02:47","date_gmt":"2025-02-19T10:02:47","guid":{"rendered":"https:\/\/www.infarma.es\/?p=18468"},"modified":"2025-02-19T11:05:04","modified_gmt":"2025-02-19T10:05:04","slug":"new3ie-recompra-impacto-sensorial-textura-aroma-color","status":"publish","type":"post","link":"https:\/\/www.infarma.es\/ca\/new3ie-recompra-impacto-sensorial-textura-aroma-color\/","title":{"rendered":"Textura, aroma y color: el impacto de la sensorialidad en la recompra"},"content":{"rendered":"\n<p>En un mercado donde la eficacia es un requisito imprescindible, la experiencia sensorial se convierte en el factor que marca la diferencia en la recompra. Los consumidores j\u00f3venes buscan productos que, adem\u00e1s de ser efectivos, ofrezcan un placer instant\u00e1neo en cada aplicaci\u00f3n: texturas ligeras y fundentes, aromas sutiles y envolventes, y un dise\u00f1o visual que cautive desde el primer vistazo.<\/p>\n\n\n\n<p>Para las farmacias, la recomendaci\u00f3n de productos ya no se basa \u00fanicamente en su utilidad, sino en su capacidad de generar una conexi\u00f3n sensorial con el usuario.<\/p>\n\n\n\n<div style=\"height:30px\" aria-hidden=\"true\" class=\"wp-block-spacer\"><\/div>\n\n\n\n<h4 class=\"wp-block-heading\"><strong>NEW3IE: eficacia con un extra de sensorialidad<\/strong><\/h4>\n\n\n\n<p>NEW3IE ha entendido esta tendencia y la ha convertido en su sello distintivo. Su gama de cosm\u00e9tica minimalista est\u00e1 formulada con activos de eficacia demostrada y segura, cuidadosamente seleccionados para responder a las necesidades reales de una piel joven. Sin incluir ingredientes innecesarios, sus f\u00f3rmulas apuestan por esenciales reconocidos en dermatolog\u00eda que garantizan equilibrio, hidrataci\u00f3n y protecci\u00f3n sin riesgos. Pero va un paso m\u00e1s all\u00e1: sus texturas ultraligeras se absorben sin esfuerzo, sus fragancias son frescas y suaves, y su packaging vibrante es un gui\u00f1o al p\u00fablico joven que busca funcionalidad sin renunciar al dise\u00f1o.<\/p>\n\n\n\n<p>Incorporar marcas que prioricen tanto la efectividad como la experiencia del usuario es una estrategia ganadora para farmacias que desean atraer a un p\u00fablico exigente y digitalizado. NEW3IE ofrece un concepto innovador donde la eficacia es un must y la sensorialidad es el plus que fideliza.<\/p>\n\n\n\n<p>Del 25 al 27 de marzo, en Infarma Barcelona, NEW3IE mostrar\u00e1 c\u00f3mo sus productos combinan resultados con una experiencia sensorial \u00fanica. Una oportunidad perfecta para farmacias y distribuidores que buscan diferenciarse con marcas que conectan con la nueva generaci\u00f3n de consumidores.<\/p>\n","protected":false},"excerpt":{"rendered":"<p>En un mercado donde la eficacia es un requisito imprescindible, la experiencia sensorial se convierte en el factor que marca la diferencia en la recompra. Los consumidores j\u00f3venes buscan productos que, adem\u00e1s de ser efectivos, ofrezcan un placer instant\u00e1neo en cada aplicaci\u00f3n: texturas ligeras y fundentes, aromas sutiles y envolventes, y un dise\u00f1o visual que [&hellip;]<\/p>\n","protected":false},"author":2,"featured_media":18469,"comment_status":"closed","ping_status":"open","sticky":false,"template":"","format":"standard","meta":{"footnotes":""},"categories":[141],"tags":[],"class_list":["post-18468","post","type-post","status-publish","format-standard","has-post-thumbnail","hentry","category-noticias-del-salon"],"yoast_head":"<!-- This site is optimized with the Yoast SEO plugin v27.4 - https:\/\/yoast.com\/product\/yoast-seo-wordpress\/ -->\n<title>Textura, aroma y color: el impacto de la sensorialidad en la recompra<\/title>\n<meta name=\"description\" content=\"NEW3IE ofrece un concepto innovador donde la eficacia es un must y la sensorialidad es el plus que fideliza.\" \/>\n<meta name=\"robots\" content=\"index, follow, max-snippet:-1, max-image-preview:large, max-video-preview:-1\" \/>\n<link rel=\"canonical\" href=\"https:\/\/www.infarma.es\/ca\/new3ie-recompra-impacto-sensorial-textura-aroma-color\/\" \/>\n<meta property=\"og:locale\" content=\"ca_ES\" \/>\n<meta property=\"og:type\" content=\"article\" \/>\n<meta property=\"og:title\" content=\"Textura, aroma y color: el impacto de la sensorialidad en la recompra\" \/>\n<meta property=\"og:description\" content=\"NEW3IE ofrece un concepto innovador donde la eficacia es un must y la sensorialidad es el plus que fideliza.\" \/>\n<meta property=\"og:url\" content=\"https:\/\/www.infarma.es\/ca\/new3ie-recompra-impacto-sensorial-textura-aroma-color\/\" \/>\n<meta property=\"og:site_name\" content=\"Infarma\" \/>\n<meta property=\"article:publisher\" content=\"https:\/\/www.facebook.com\/infarmaoficial\/\" \/>\n<meta property=\"article:published_time\" content=\"2025-02-19T10:02:47+00:00\" \/>\n<meta property=\"article:modified_time\" content=\"2025-02-19T10:05:04+00:00\" \/>\n<meta property=\"og:image\" content=\"https:\/\/www.infarma.es\/wp-content\/uploads\/2025\/02\/inf2025-New3ie-3-1.webp\" \/>\n\t<meta property=\"og:image:width\" content=\"1600\" \/>\n\t<meta property=\"og:image:height\" content=\"900\" \/>\n\t<meta property=\"og:image:type\" content=\"image\/webp\" \/>\n<meta name=\"author\" content=\"xavier\" \/>\n<meta name=\"twitter:card\" content=\"summary_large_image\" \/>\n<meta name=\"twitter:creator\" content=\"@infarma_es\" \/>\n<meta name=\"twitter:site\" content=\"@infarma_es\" \/>\n<meta name=\"twitter:label1\" content=\"Escrit per\" \/>\n\t<meta name=\"twitter:data1\" content=\"xavier\" \/>\n\t<meta name=\"twitter:label2\" content=\"Temps estimat de lectura\" \/>\n\t<meta name=\"twitter:data2\" content=\"2 minuts\" \/>\n<script type=\"application\/ld+json\" class=\"yoast-schema-graph\">{\"@context\":\"https:\\\/\\\/schema.org\",\"@graph\":[{\"@type\":\"Article\",\"@id\":\"https:\\\/\\\/www.infarma.es\\\/ca\\\/new3ie-recompra-impacto-sensorial-textura-aroma-color\\\/#article\",\"isPartOf\":{\"@id\":\"https:\\\/\\\/www.infarma.es\\\/ca\\\/new3ie-recompra-impacto-sensorial-textura-aroma-color\\\/\"},\"author\":{\"name\":\"xavier\",\"@id\":\"https:\\\/\\\/www.infarma.es\\\/ca\\\/#\\\/schema\\\/person\\\/e53486dc47606cc5c89217026a8a01a7\"},\"headline\":\"Textura, aroma y color: el impacto de la sensorialidad en la recompra\",\"datePublished\":\"2025-02-19T10:02:47+00:00\",\"dateModified\":\"2025-02-19T10:05:04+00:00\",\"mainEntityOfPage\":{\"@id\":\"https:\\\/\\\/www.infarma.es\\\/ca\\\/new3ie-recompra-impacto-sensorial-textura-aroma-color\\\/\"},\"wordCount\":309,\"publisher\":{\"@id\":\"https:\\\/\\\/www.infarma.es\\\/ca\\\/#organization\"},\"image\":{\"@id\":\"https:\\\/\\\/www.infarma.es\\\/ca\\\/new3ie-recompra-impacto-sensorial-textura-aroma-color\\\/#primaryimage\"},\"thumbnailUrl\":\"https:\\\/\\\/www.infarma.es\\\/wp-content\\\/uploads\\\/2025\\\/02\\\/inf2025-New3ie-3-1.webp\",\"articleSection\":[\"Noticias del Sal\u00f3n\"],\"inLanguage\":\"ca\"},{\"@type\":\"WebPage\",\"@id\":\"https:\\\/\\\/www.infarma.es\\\/ca\\\/new3ie-recompra-impacto-sensorial-textura-aroma-color\\\/\",\"url\":\"https:\\\/\\\/www.infarma.es\\\/ca\\\/new3ie-recompra-impacto-sensorial-textura-aroma-color\\\/\",\"name\":\"Textura, aroma y color: el impacto de la sensorialidad en la recompra\",\"isPartOf\":{\"@id\":\"https:\\\/\\\/www.infarma.es\\\/ca\\\/#website\"},\"primaryImageOfPage\":{\"@id\":\"https:\\\/\\\/www.infarma.es\\\/ca\\\/new3ie-recompra-impacto-sensorial-textura-aroma-color\\\/#primaryimage\"},\"image\":{\"@id\":\"https:\\\/\\\/www.infarma.es\\\/ca\\\/new3ie-recompra-impacto-sensorial-textura-aroma-color\\\/#primaryimage\"},\"thumbnailUrl\":\"https:\\\/\\\/www.infarma.es\\\/wp-content\\\/uploads\\\/2025\\\/02\\\/inf2025-New3ie-3-1.webp\",\"datePublished\":\"2025-02-19T10:02:47+00:00\",\"dateModified\":\"2025-02-19T10:05:04+00:00\",\"description\":\"NEW3IE ofrece un concepto innovador donde la eficacia es un must y la sensorialidad es el plus que fideliza.\",\"breadcrumb\":{\"@id\":\"https:\\\/\\\/www.infarma.es\\\/ca\\\/new3ie-recompra-impacto-sensorial-textura-aroma-color\\\/#breadcrumb\"},\"inLanguage\":\"ca\",\"potentialAction\":[{\"@type\":\"ReadAction\",\"target\":[\"https:\\\/\\\/www.infarma.es\\\/ca\\\/new3ie-recompra-impacto-sensorial-textura-aroma-color\\\/\"]}]},{\"@type\":\"ImageObject\",\"inLanguage\":\"ca\",\"@id\":\"https:\\\/\\\/www.infarma.es\\\/ca\\\/new3ie-recompra-impacto-sensorial-textura-aroma-color\\\/#primaryimage\",\"url\":\"https:\\\/\\\/www.infarma.es\\\/wp-content\\\/uploads\\\/2025\\\/02\\\/inf2025-New3ie-3-1.webp\",\"contentUrl\":\"https:\\\/\\\/www.infarma.es\\\/wp-content\\\/uploads\\\/2025\\\/02\\\/inf2025-New3ie-3-1.webp\",\"width\":1600,\"height\":900},{\"@type\":\"BreadcrumbList\",\"@id\":\"https:\\\/\\\/www.infarma.es\\\/ca\\\/new3ie-recompra-impacto-sensorial-textura-aroma-color\\\/#breadcrumb\",\"itemListElement\":[{\"@type\":\"ListItem\",\"position\":1,\"name\":\"Portada\",\"item\":\"https:\\\/\\\/www.infarma.es\\\/ca\\\/\"},{\"@type\":\"ListItem\",\"position\":2,\"name\":\"Textura, aroma y color: el impacto de la sensorialidad en la recompra\"}]},{\"@type\":\"WebSite\",\"@id\":\"https:\\\/\\\/www.infarma.es\\\/ca\\\/#website\",\"url\":\"https:\\\/\\\/www.infarma.es\\\/ca\\\/\",\"name\":\"Infarma\",\"description\":\"El mayor encuentro de farmacia\",\"publisher\":{\"@id\":\"https:\\\/\\\/www.infarma.es\\\/ca\\\/#organization\"},\"potentialAction\":[{\"@type\":\"SearchAction\",\"target\":{\"@type\":\"EntryPoint\",\"urlTemplate\":\"https:\\\/\\\/www.infarma.es\\\/ca\\\/?s={search_term_string}\"},\"query-input\":{\"@type\":\"PropertyValueSpecification\",\"valueRequired\":true,\"valueName\":\"search_term_string\"}}],\"inLanguage\":\"ca\"},{\"@type\":\"Organization\",\"@id\":\"https:\\\/\\\/www.infarma.es\\\/ca\\\/#organization\",\"name\":\"Infarma\",\"url\":\"https:\\\/\\\/www.infarma.es\\\/ca\\\/\",\"logo\":{\"@type\":\"ImageObject\",\"inLanguage\":\"ca\",\"@id\":\"https:\\\/\\\/www.infarma.es\\\/ca\\\/#\\\/schema\\\/logo\\\/image\\\/\",\"url\":\"https:\\\/\\\/www.infarma.es\\\/wp-content\\\/uploads\\\/2024\\\/10\\\/logo-simple.svg\",\"contentUrl\":\"https:\\\/\\\/www.infarma.es\\\/wp-content\\\/uploads\\\/2024\\\/10\\\/logo-simple.svg\",\"width\":1,\"height\":1,\"caption\":\"Infarma\"},\"image\":{\"@id\":\"https:\\\/\\\/www.infarma.es\\\/ca\\\/#\\\/schema\\\/logo\\\/image\\\/\"},\"sameAs\":[\"https:\\\/\\\/www.facebook.com\\\/infarmaoficial\\\/\",\"https:\\\/\\\/x.com\\\/infarma_es\",\"https:\\\/\\\/www.instagram.com\\\/infarma_oficial\\\/\",\"https:\\\/\\\/www.linkedin.com\\\/showcase\\\/infarma-salon\\\/\",\"https:\\\/\\\/www.youtube.com\\\/@INFARMAOFICIAL\"]},{\"@type\":\"Person\",\"@id\":\"https:\\\/\\\/www.infarma.es\\\/ca\\\/#\\\/schema\\\/person\\\/e53486dc47606cc5c89217026a8a01a7\",\"name\":\"xavier\",\"image\":{\"@type\":\"ImageObject\",\"inLanguage\":\"ca\",\"@id\":\"https:\\\/\\\/secure.gravatar.com\\\/avatar\\\/9014b89254123c1f240ae636cc793b98ce50ec2df162909756be1d23adc503e4?s=96&d=mm&r=g\",\"url\":\"https:\\\/\\\/secure.gravatar.com\\\/avatar\\\/9014b89254123c1f240ae636cc793b98ce50ec2df162909756be1d23adc503e4?s=96&d=mm&r=g\",\"contentUrl\":\"https:\\\/\\\/secure.gravatar.com\\\/avatar\\\/9014b89254123c1f240ae636cc793b98ce50ec2df162909756be1d23adc503e4?s=96&d=mm&r=g\",\"caption\":\"xavier\"},\"url\":\"https:\\\/\\\/www.infarma.es\\\/ca\\\/author\\\/xavier\\\/\"}]}<\/script>\n<!-- \/ Yoast SEO plugin. -->","yoast_head_json":{"title":"Textura, aroma y color: el impacto de la sensorialidad en la recompra","description":"NEW3IE ofrece un concepto innovador donde la eficacia es un must y la sensorialidad es el plus que fideliza.","robots":{"index":"index","follow":"follow","max-snippet":"max-snippet:-1","max-image-preview":"max-image-preview:large","max-video-preview":"max-video-preview:-1"},"canonical":"https:\/\/www.infarma.es\/ca\/new3ie-recompra-impacto-sensorial-textura-aroma-color\/","og_locale":"ca_ES","og_type":"article","og_title":"Textura, aroma y color: el impacto de la sensorialidad en la recompra","og_description":"NEW3IE ofrece un concepto innovador donde la eficacia es un must y la sensorialidad es el plus que fideliza.","og_url":"https:\/\/www.infarma.es\/ca\/new3ie-recompra-impacto-sensorial-textura-aroma-color\/","og_site_name":"Infarma","article_publisher":"https:\/\/www.facebook.com\/infarmaoficial\/","article_published_time":"2025-02-19T10:02:47+00:00","article_modified_time":"2025-02-19T10:05:04+00:00","og_image":[{"width":1600,"height":900,"url":"https:\/\/www.infarma.es\/wp-content\/uploads\/2025\/02\/inf2025-New3ie-3-1.webp","type":"image\/webp"}],"author":"xavier","twitter_card":"summary_large_image","twitter_creator":"@infarma_es","twitter_site":"@infarma_es","twitter_misc":{"Escrit per":"xavier","Temps estimat de lectura":"2 minuts"},"schema":{"@context":"https:\/\/schema.org","@graph":[{"@type":"Article","@id":"https:\/\/www.infarma.es\/ca\/new3ie-recompra-impacto-sensorial-textura-aroma-color\/#article","isPartOf":{"@id":"https:\/\/www.infarma.es\/ca\/new3ie-recompra-impacto-sensorial-textura-aroma-color\/"},"author":{"name":"xavier","@id":"https:\/\/www.infarma.es\/ca\/#\/schema\/person\/e53486dc47606cc5c89217026a8a01a7"},"headline":"Textura, aroma y color: el impacto de la sensorialidad en la recompra","datePublished":"2025-02-19T10:02:47+00:00","dateModified":"2025-02-19T10:05:04+00:00","mainEntityOfPage":{"@id":"https:\/\/www.infarma.es\/ca\/new3ie-recompra-impacto-sensorial-textura-aroma-color\/"},"wordCount":309,"publisher":{"@id":"https:\/\/www.infarma.es\/ca\/#organization"},"image":{"@id":"https:\/\/www.infarma.es\/ca\/new3ie-recompra-impacto-sensorial-textura-aroma-color\/#primaryimage"},"thumbnailUrl":"https:\/\/www.infarma.es\/wp-content\/uploads\/2025\/02\/inf2025-New3ie-3-1.webp","articleSection":["Noticias del Sal\u00f3n"],"inLanguage":"ca"},{"@type":"WebPage","@id":"https:\/\/www.infarma.es\/ca\/new3ie-recompra-impacto-sensorial-textura-aroma-color\/","url":"https:\/\/www.infarma.es\/ca\/new3ie-recompra-impacto-sensorial-textura-aroma-color\/","name":"Textura, aroma y color: el impacto de la sensorialidad en la recompra","isPartOf":{"@id":"https:\/\/www.infarma.es\/ca\/#website"},"primaryImageOfPage":{"@id":"https:\/\/www.infarma.es\/ca\/new3ie-recompra-impacto-sensorial-textura-aroma-color\/#primaryimage"},"image":{"@id":"https:\/\/www.infarma.es\/ca\/new3ie-recompra-impacto-sensorial-textura-aroma-color\/#primaryimage"},"thumbnailUrl":"https:\/\/www.infarma.es\/wp-content\/uploads\/2025\/02\/inf2025-New3ie-3-1.webp","datePublished":"2025-02-19T10:02:47+00:00","dateModified":"2025-02-19T10:05:04+00:00","description":"NEW3IE ofrece un concepto innovador donde la eficacia es un must y la sensorialidad es el plus que fideliza.","breadcrumb":{"@id":"https:\/\/www.infarma.es\/ca\/new3ie-recompra-impacto-sensorial-textura-aroma-color\/#breadcrumb"},"inLanguage":"ca","potentialAction":[{"@type":"ReadAction","target":["https:\/\/www.infarma.es\/ca\/new3ie-recompra-impacto-sensorial-textura-aroma-color\/"]}]},{"@type":"ImageObject","inLanguage":"ca","@id":"https:\/\/www.infarma.es\/ca\/new3ie-recompra-impacto-sensorial-textura-aroma-color\/#primaryimage","url":"https:\/\/www.infarma.es\/wp-content\/uploads\/2025\/02\/inf2025-New3ie-3-1.webp","contentUrl":"https:\/\/www.infarma.es\/wp-content\/uploads\/2025\/02\/inf2025-New3ie-3-1.webp","width":1600,"height":900},{"@type":"BreadcrumbList","@id":"https:\/\/www.infarma.es\/ca\/new3ie-recompra-impacto-sensorial-textura-aroma-color\/#breadcrumb","itemListElement":[{"@type":"ListItem","position":1,"name":"Portada","item":"https:\/\/www.infarma.es\/ca\/"},{"@type":"ListItem","position":2,"name":"Textura, aroma y color: el impacto de la sensorialidad en la recompra"}]},{"@type":"WebSite","@id":"https:\/\/www.infarma.es\/ca\/#website","url":"https:\/\/www.infarma.es\/ca\/","name":"Infarma","description":"El mayor encuentro de farmacia","publisher":{"@id":"https:\/\/www.infarma.es\/ca\/#organization"},"potentialAction":[{"@type":"SearchAction","target":{"@type":"EntryPoint","urlTemplate":"https:\/\/www.infarma.es\/ca\/?s={search_term_string}"},"query-input":{"@type":"PropertyValueSpecification","valueRequired":true,"valueName":"search_term_string"}}],"inLanguage":"ca"},{"@type":"Organization","@id":"https:\/\/www.infarma.es\/ca\/#organization","name":"Infarma","url":"https:\/\/www.infarma.es\/ca\/","logo":{"@type":"ImageObject","inLanguage":"ca","@id":"https:\/\/www.infarma.es\/ca\/#\/schema\/logo\/image\/","url":"https:\/\/www.infarma.es\/wp-content\/uploads\/2024\/10\/logo-simple.svg","contentUrl":"https:\/\/www.infarma.es\/wp-content\/uploads\/2024\/10\/logo-simple.svg","width":1,"height":1,"caption":"Infarma"},"image":{"@id":"https:\/\/www.infarma.es\/ca\/#\/schema\/logo\/image\/"},"sameAs":["https:\/\/www.facebook.com\/infarmaoficial\/","https:\/\/x.com\/infarma_es","https:\/\/www.instagram.com\/infarma_oficial\/","https:\/\/www.linkedin.com\/showcase\/infarma-salon\/","https:\/\/www.youtube.com\/@INFARMAOFICIAL"]},{"@type":"Person","@id":"https:\/\/www.infarma.es\/ca\/#\/schema\/person\/e53486dc47606cc5c89217026a8a01a7","name":"xavier","image":{"@type":"ImageObject","inLanguage":"ca","@id":"https:\/\/secure.gravatar.com\/avatar\/9014b89254123c1f240ae636cc793b98ce50ec2df162909756be1d23adc503e4?s=96&d=mm&r=g","url":"https:\/\/secure.gravatar.com\/avatar\/9014b89254123c1f240ae636cc793b98ce50ec2df162909756be1d23adc503e4?s=96&d=mm&r=g","contentUrl":"https:\/\/secure.gravatar.com\/avatar\/9014b89254123c1f240ae636cc793b98ce50ec2df162909756be1d23adc503e4?s=96&d=mm&r=g","caption":"xavier"},"url":"https:\/\/www.infarma.es\/ca\/author\/xavier\/"}]}},"_links":{"self":[{"href":"https:\/\/www.infarma.es\/ca\/wp-json\/wp\/v2\/posts\/18468","targetHints":{"allow":["GET"]}}],"collection":[{"href":"https:\/\/www.infarma.es\/ca\/wp-json\/wp\/v2\/posts"}],"about":[{"href":"https:\/\/www.infarma.es\/ca\/wp-json\/wp\/v2\/types\/post"}],"author":[{"embeddable":true,"href":"https:\/\/www.infarma.es\/ca\/wp-json\/wp\/v2\/users\/2"}],"replies":[{"embeddable":true,"href":"https:\/\/www.infarma.es\/ca\/wp-json\/wp\/v2\/comments?post=18468"}],"version-history":[{"count":4,"href":"https:\/\/www.infarma.es\/ca\/wp-json\/wp\/v2\/posts\/18468\/revisions"}],"predecessor-version":[{"id":18476,"href":"https:\/\/www.infarma.es\/ca\/wp-json\/wp\/v2\/posts\/18468\/revisions\/18476"}],"wp:featuredmedia":[{"embeddable":true,"href":"https:\/\/www.infarma.es\/ca\/wp-json\/wp\/v2\/media\/18469"}],"wp:attachment":[{"href":"https:\/\/www.infarma.es\/ca\/wp-json\/wp\/v2\/media?parent=18468"}],"wp:term":[{"taxonomy":"category","embeddable":true,"href":"https:\/\/www.infarma.es\/ca\/wp-json\/wp\/v2\/categories?post=18468"},{"taxonomy":"post_tag","embeddable":true,"href":"https:\/\/www.infarma.es\/ca\/wp-json\/wp\/v2\/tags?post=18468"}],"curies":[{"name":"wp","href":"https:\/\/api.w.org\/{rel}","templated":true}]}}