{"id":18522,"date":"2025-03-23T23:02:04","date_gmt":"2025-03-23T22:02:04","guid":{"rendered":"https:\/\/www.infarma.es\/?p=18522"},"modified":"2025-03-23T23:02:05","modified_gmt":"2025-03-23T22:02:05","slug":"pure-skincare-vitamina-a-descubre-poder","status":"publish","type":"post","link":"https:\/\/www.infarma.es\/ca\/pure-skincare-vitamina-a-descubre-poder\/","title":{"rendered":"Descubre el poder de la vitamina A con Pure Skincare"},"content":{"rendered":"\n<p>Si buscas el ingrediente estrella para transformar tu piel, tenemos lo que necesitas: la vitamina A. Este activo es clave en cualquier rutina antiedad, gracias a su capacidad para mejorar la textura, reducir arrugas y unificar el tono. Y lo mejor es que estaremos en INFARMA 2025, en el <strong>Stand E-100<\/strong>, los d\u00edas 25, 26 y 27 de marzo, para cont\u00e1rtelo todo en primera persona.<\/p>\n\n\n\n<div style=\"height:30px\" aria-hidden=\"true\" class=\"wp-block-spacer\"><\/div>\n\n\n\n<h4 class=\"wp-block-heading\"><strong>Medik8: la revoluci\u00f3n del retinol<\/strong><\/h4>\n\n\n\n<p>En Pure Skincare, contamos con marcas innovadoras como Medik8, referente en la formulaci\u00f3n de retinoides de \u00faltima generaci\u00f3n. Su l\u00ednea de retinoides incluye opciones para todos los niveles de experiencia y necesidades cut\u00e1neas. <strong>Crystal Retinal<\/strong>, disponible en diferentes concentraciones que van desde 1 hasta 24, es un retinaldeh\u00eddo encapsulado que act\u00faa hasta 11 veces m\u00e1s r\u00e1pido que el retinol tradicional. Adem\u00e1s, Medik8 ha desarrollado <strong>Crystal Retinal Ceramide Eye<\/strong>, una versi\u00f3n espec\u00edfica para el contorno de ojos que combina retinal con ceramidas para potenciar la regeneraci\u00f3n sin comprometer la delicada piel de esta zona. <strong>R-Retinoate Day &amp; Night Cream<\/strong>, con retinil retinoato, permite su uso tanto de d\u00eda como de noche sin necesidad de periodo de adaptaci\u00f3n, igual que <strong>r-Retinoate Day and Night Eye Serum<\/strong>, su versi\u00f3n para el contorno de los ojos<strong>. R-Retinoate Intense<\/strong>, una f\u00f3rmula avanzada que combina retinil retinoato con retinaldeh\u00eddo y p\u00e9ptidos para maximizar la regeneraci\u00f3n y rejuvenecimiento de la piel mientras duermes. Adem\u00e1s, <strong>Intelligent Retinol<\/strong> ofrece versiones cl\u00e1sicas de retinol en diferentes potencias, adapt\u00e1ndose a cada tipo de piel.<\/p>\n\n\n\n<figure class=\"wp-block-image size-full\"><img loading=\"lazy\" decoding=\"async\" width=\"800\" height=\"350\" src=\"https:\/\/www.infarma.es\/wp-content\/uploads\/2025\/02\/inf2025-pureskincare-YDRAY-blog1.webp\" alt=\"\" class=\"wp-image-18529\" srcset=\"https:\/\/www.infarma.es\/wp-content\/uploads\/2025\/02\/inf2025-pureskincare-YDRAY-blog1.webp 800w, https:\/\/www.infarma.es\/wp-content\/uploads\/2025\/02\/inf2025-pureskincare-YDRAY-blog1-300x131.webp 300w, https:\/\/www.infarma.es\/wp-content\/uploads\/2025\/02\/inf2025-pureskincare-YDRAY-blog1-768x336.webp 768w\" sizes=\"auto, (max-width: 800px) 100vw, 800px\" \/><\/figure>\n\n\n\n<div style=\"height:30px\" aria-hidden=\"true\" class=\"wp-block-spacer\"><\/div>\n\n\n\n<h4 class=\"wp-block-heading\"><strong>La propuesta del doctor Perricone<\/strong><\/h4>\n\n\n\n<div class=\"wp-block-columns is-layout-flex wp-container-core-columns-is-layout-9d6595d7 wp-block-columns-is-layout-flex\">\n<div class=\"wp-block-column is-layout-flow wp-block-column-is-layout-flow\" style=\"flex-basis:66.66%\">\n<p>Para quienes buscan una opci\u00f3n t\u00f3pica potente, la firma que cre\u00f3 el doctor Perricone propone Retinol Recovery Overnight Moisturizer de Perricone MD, una hidratante nocturna formulada con tres formas de retinol para potenciar la regeneraci\u00f3n de la piel mientras duermes. Aporta hidrataci\u00f3n y trabaja sobre arrugas y l\u00edneas de expresi\u00f3n. Adem\u00e1s, High Potency Growth Factor Firming &amp; Lifting Serum combina el poder del retinol con factores de crecimiento para potenciar la firmeza y mejorar la textura cut\u00e1nea.<\/p>\n<\/div>\n\n\n\n<div class=\"wp-block-column is-layout-flow wp-block-column-is-layout-flow\" style=\"flex-basis:33.33%\"><div class=\"wp-block-image\">\n<figure class=\"alignright size-full\"><img loading=\"lazy\" decoding=\"async\" width=\"250\" height=\"250\" src=\"https:\/\/www.infarma.es\/wp-content\/uploads\/2025\/02\/inf2025-pureskincare-YDRAY-blog2.webp\" alt=\"\" class=\"wp-image-18532\" srcset=\"https:\/\/www.infarma.es\/wp-content\/uploads\/2025\/02\/inf2025-pureskincare-YDRAY-blog2.webp 250w, https:\/\/www.infarma.es\/wp-content\/uploads\/2025\/02\/inf2025-pureskincare-YDRAY-blog2-150x150.webp 150w\" sizes=\"auto, (max-width: 250px) 100vw, 250px\" \/><\/figure>\n<\/div><\/div>\n<\/div>\n\n\n\n<div style=\"height:30px\" aria-hidden=\"true\" class=\"wp-block-spacer\"><\/div>\n\n\n\n<h4 class=\"wp-block-heading\"><strong>Skin Vit A+ de Advanced Nutrition Programme<\/strong><\/h4>\n\n\n\n<div class=\"wp-block-columns is-layout-flex wp-container-core-columns-is-layout-9d6595d7 wp-block-columns-is-layout-flex\">\n<div class=\"wp-block-column is-layout-flow wp-block-column-is-layout-flow\" style=\"flex-basis:66.66%\">\n<p>La vitamina A no solo se aplica, tambi\u00e9n se toma. Skin Vit A+ de Advanced Nutrition Programme combina vitamina A y D en un suplemento para favorecer la renovaci\u00f3n celular y reforzar la piel desde el interior.<\/p>\n<\/div>\n\n\n\n<div class=\"wp-block-column is-layout-flow wp-block-column-is-layout-flow\" style=\"flex-basis:33.33%\"><div class=\"wp-block-image\">\n<figure class=\"aligncenter size-full is-resized\"><img loading=\"lazy\" decoding=\"async\" width=\"211\" height=\"250\" src=\"https:\/\/www.infarma.es\/wp-content\/uploads\/2025\/02\/inf2025-pureskincare-YDRAY-blog3.webp\" alt=\"\" class=\"wp-image-18535\" style=\"width:134px;height:auto\"\/><\/figure>\n<\/div><\/div>\n<\/div>\n\n\n\n<div style=\"height:30px\" aria-hidden=\"true\" class=\"wp-block-spacer\"><\/div>\n\n\n\n<h4 class=\"wp-block-heading\"><strong>El nuevo cosm\u00e9tico con retinoides de Byoode<\/strong><\/h4>\n\n\n\n<p>Los bioretinoides son la nueva generaci\u00f3n de activos inspirados en la vitamina A, dise\u00f1ados para ofrecer eficacia con mejor tolerancia cut\u00e1nea y Byoode prepara un lanzamiento con este activo.<\/p>\n\n\n\n<p>Si quieres conocer m\u00e1s sobre su potencial y del resto de retinoides de las firmas de Pure Skincare, no te pierdas la ponencia del <strong>jueves 27 de marzo a las 10:30 h en la sala 4.1 de INFARMA<\/strong>. Raquel Gonz\u00e1lez, cosmet\u00f3loga formada en la Facultad de Farmacia de Barcelona, y Marta Massi, farmac\u00e9utica especializada en dermocosm\u00e9tica, te contar\u00e1n todo sobre el impacto de estos innovadores ingredientes en la piel.<\/p>\n\n\n\n<p>No te pierdas la oportunidad de descubrir lo \u00faltimo en retinoides y bioretinoides con Pure Skincare. \u00a1Nos vemos en INFARMA 2025 los d\u00edas 25, 26 y 27 de marzo!<\/p>\n","protected":false},"excerpt":{"rendered":"<p>Si buscas el ingrediente estrella para transformar tu piel, tenemos lo que necesitas: la vitamina A. Este activo es clave en cualquier rutina antiedad, gracias a su capacidad para mejorar la textura, reducir arrugas y unificar el tono. Y lo mejor es que estaremos en INFARMA 2025, en el Stand E-100, los d\u00edas 25, 26 [&hellip;]<\/p>\n","protected":false},"author":2,"featured_media":19330,"comment_status":"closed","ping_status":"open","sticky":false,"template":"","format":"standard","meta":{"footnotes":""},"categories":[141],"tags":[],"class_list":["post-18522","post","type-post","status-publish","format-standard","has-post-thumbnail","hentry","category-noticias-del-salon"],"yoast_head":"<!-- This site is optimized with the Yoast SEO plugin v27.4 - https:\/\/yoast.com\/product\/yoast-seo-wordpress\/ -->\n<title>Descubre el poder de la vitamina A con Pure Skincare<\/title>\n<meta name=\"description\" content=\"Estaremos en INFARMA 2025, en el Stand E-100, los d\u00edas 25, 26 y 27 de marzo, para cont\u00e1rtelo todo en primera persona.\" \/>\n<meta name=\"robots\" content=\"index, follow, max-snippet:-1, max-image-preview:large, max-video-preview:-1\" \/>\n<link rel=\"canonical\" href=\"https:\/\/www.infarma.es\/ca\/pure-skincare-vitamina-a-descubre-poder\/\" \/>\n<meta property=\"og:locale\" content=\"ca_ES\" \/>\n<meta property=\"og:type\" content=\"article\" \/>\n<meta property=\"og:title\" content=\"Descubre el poder de la vitamina A con Pure Skincare\" \/>\n<meta property=\"og:description\" content=\"Estaremos en INFARMA 2025, en el Stand E-100, los d\u00edas 25, 26 y 27 de marzo, para cont\u00e1rtelo todo en primera persona.\" \/>\n<meta property=\"og:url\" content=\"https:\/\/www.infarma.es\/ca\/pure-skincare-vitamina-a-descubre-poder\/\" \/>\n<meta property=\"og:site_name\" content=\"Infarma\" \/>\n<meta property=\"article:publisher\" content=\"https:\/\/www.facebook.com\/infarmaoficial\/\" \/>\n<meta property=\"article:published_time\" content=\"2025-03-23T22:02:04+00:00\" \/>\n<meta property=\"article:modified_time\" content=\"2025-03-23T22:02:05+00:00\" \/>\n<meta property=\"og:image\" content=\"https:\/\/www.infarma.es\/wp-content\/uploads\/2025\/02\/inf2025-pureskincare-vitaminaA-blog.webp\" \/>\n\t<meta property=\"og:image:width\" content=\"1600\" \/>\n\t<meta property=\"og:image:height\" content=\"900\" \/>\n\t<meta property=\"og:image:type\" content=\"image\/webp\" \/>\n<meta name=\"author\" content=\"xavier\" \/>\n<meta name=\"twitter:card\" content=\"summary_large_image\" \/>\n<meta name=\"twitter:creator\" content=\"@infarma_es\" \/>\n<meta name=\"twitter:site\" content=\"@infarma_es\" \/>\n<meta name=\"twitter:label1\" content=\"Escrit per\" \/>\n\t<meta name=\"twitter:data1\" content=\"xavier\" \/>\n\t<meta name=\"twitter:label2\" content=\"Temps estimat de lectura\" \/>\n\t<meta name=\"twitter:data2\" content=\"4 minuts\" \/>\n<script type=\"application\/ld+json\" class=\"yoast-schema-graph\">{\"@context\":\"https:\\\/\\\/schema.org\",\"@graph\":[{\"@type\":\"Article\",\"@id\":\"https:\\\/\\\/www.infarma.es\\\/ca\\\/pure-skincare-vitamina-a-descubre-poder\\\/#article\",\"isPartOf\":{\"@id\":\"https:\\\/\\\/www.infarma.es\\\/ca\\\/pure-skincare-vitamina-a-descubre-poder\\\/\"},\"author\":{\"name\":\"xavier\",\"@id\":\"https:\\\/\\\/www.infarma.es\\\/ca\\\/#\\\/schema\\\/person\\\/e53486dc47606cc5c89217026a8a01a7\"},\"headline\":\"Descubre el poder de la vitamina A con Pure Skincare\",\"datePublished\":\"2025-03-23T22:02:04+00:00\",\"dateModified\":\"2025-03-23T22:02:05+00:00\",\"mainEntityOfPage\":{\"@id\":\"https:\\\/\\\/www.infarma.es\\\/ca\\\/pure-skincare-vitamina-a-descubre-poder\\\/\"},\"wordCount\":545,\"publisher\":{\"@id\":\"https:\\\/\\\/www.infarma.es\\\/ca\\\/#organization\"},\"image\":{\"@id\":\"https:\\\/\\\/www.infarma.es\\\/ca\\\/pure-skincare-vitamina-a-descubre-poder\\\/#primaryimage\"},\"thumbnailUrl\":\"https:\\\/\\\/www.infarma.es\\\/wp-content\\\/uploads\\\/2025\\\/02\\\/inf2025-pureskincare-vitaminaA-blog.webp\",\"articleSection\":[\"Noticias del Sal\u00f3n\"],\"inLanguage\":\"ca\"},{\"@type\":\"WebPage\",\"@id\":\"https:\\\/\\\/www.infarma.es\\\/ca\\\/pure-skincare-vitamina-a-descubre-poder\\\/\",\"url\":\"https:\\\/\\\/www.infarma.es\\\/ca\\\/pure-skincare-vitamina-a-descubre-poder\\\/\",\"name\":\"Descubre el poder de la vitamina A con Pure Skincare\",\"isPartOf\":{\"@id\":\"https:\\\/\\\/www.infarma.es\\\/ca\\\/#website\"},\"primaryImageOfPage\":{\"@id\":\"https:\\\/\\\/www.infarma.es\\\/ca\\\/pure-skincare-vitamina-a-descubre-poder\\\/#primaryimage\"},\"image\":{\"@id\":\"https:\\\/\\\/www.infarma.es\\\/ca\\\/pure-skincare-vitamina-a-descubre-poder\\\/#primaryimage\"},\"thumbnailUrl\":\"https:\\\/\\\/www.infarma.es\\\/wp-content\\\/uploads\\\/2025\\\/02\\\/inf2025-pureskincare-vitaminaA-blog.webp\",\"datePublished\":\"2025-03-23T22:02:04+00:00\",\"dateModified\":\"2025-03-23T22:02:05+00:00\",\"description\":\"Estaremos en INFARMA 2025, en el Stand E-100, los d\u00edas 25, 26 y 27 de marzo, para cont\u00e1rtelo todo en primera persona.\",\"breadcrumb\":{\"@id\":\"https:\\\/\\\/www.infarma.es\\\/ca\\\/pure-skincare-vitamina-a-descubre-poder\\\/#breadcrumb\"},\"inLanguage\":\"ca\",\"potentialAction\":[{\"@type\":\"ReadAction\",\"target\":[\"https:\\\/\\\/www.infarma.es\\\/ca\\\/pure-skincare-vitamina-a-descubre-poder\\\/\"]}]},{\"@type\":\"ImageObject\",\"inLanguage\":\"ca\",\"@id\":\"https:\\\/\\\/www.infarma.es\\\/ca\\\/pure-skincare-vitamina-a-descubre-poder\\\/#primaryimage\",\"url\":\"https:\\\/\\\/www.infarma.es\\\/wp-content\\\/uploads\\\/2025\\\/02\\\/inf2025-pureskincare-vitaminaA-blog.webp\",\"contentUrl\":\"https:\\\/\\\/www.infarma.es\\\/wp-content\\\/uploads\\\/2025\\\/02\\\/inf2025-pureskincare-vitaminaA-blog.webp\",\"width\":1600,\"height\":900},{\"@type\":\"BreadcrumbList\",\"@id\":\"https:\\\/\\\/www.infarma.es\\\/ca\\\/pure-skincare-vitamina-a-descubre-poder\\\/#breadcrumb\",\"itemListElement\":[{\"@type\":\"ListItem\",\"position\":1,\"name\":\"Portada\",\"item\":\"https:\\\/\\\/www.infarma.es\\\/ca\\\/\"},{\"@type\":\"ListItem\",\"position\":2,\"name\":\"Descubre el poder de la vitamina A con Pure Skincare\"}]},{\"@type\":\"WebSite\",\"@id\":\"https:\\\/\\\/www.infarma.es\\\/ca\\\/#website\",\"url\":\"https:\\\/\\\/www.infarma.es\\\/ca\\\/\",\"name\":\"Infarma\",\"description\":\"El mayor encuentro de farmacia\",\"publisher\":{\"@id\":\"https:\\\/\\\/www.infarma.es\\\/ca\\\/#organization\"},\"potentialAction\":[{\"@type\":\"SearchAction\",\"target\":{\"@type\":\"EntryPoint\",\"urlTemplate\":\"https:\\\/\\\/www.infarma.es\\\/ca\\\/?s={search_term_string}\"},\"query-input\":{\"@type\":\"PropertyValueSpecification\",\"valueRequired\":true,\"valueName\":\"search_term_string\"}}],\"inLanguage\":\"ca\"},{\"@type\":\"Organization\",\"@id\":\"https:\\\/\\\/www.infarma.es\\\/ca\\\/#organization\",\"name\":\"Infarma\",\"url\":\"https:\\\/\\\/www.infarma.es\\\/ca\\\/\",\"logo\":{\"@type\":\"ImageObject\",\"inLanguage\":\"ca\",\"@id\":\"https:\\\/\\\/www.infarma.es\\\/ca\\\/#\\\/schema\\\/logo\\\/image\\\/\",\"url\":\"https:\\\/\\\/www.infarma.es\\\/wp-content\\\/uploads\\\/2024\\\/10\\\/logo-simple.svg\",\"contentUrl\":\"https:\\\/\\\/www.infarma.es\\\/wp-content\\\/uploads\\\/2024\\\/10\\\/logo-simple.svg\",\"width\":1,\"height\":1,\"caption\":\"Infarma\"},\"image\":{\"@id\":\"https:\\\/\\\/www.infarma.es\\\/ca\\\/#\\\/schema\\\/logo\\\/image\\\/\"},\"sameAs\":[\"https:\\\/\\\/www.facebook.com\\\/infarmaoficial\\\/\",\"https:\\\/\\\/x.com\\\/infarma_es\",\"https:\\\/\\\/www.instagram.com\\\/infarma_oficial\\\/\",\"https:\\\/\\\/www.linkedin.com\\\/showcase\\\/infarma-salon\\\/\",\"https:\\\/\\\/www.youtube.com\\\/@INFARMAOFICIAL\"]},{\"@type\":\"Person\",\"@id\":\"https:\\\/\\\/www.infarma.es\\\/ca\\\/#\\\/schema\\\/person\\\/e53486dc47606cc5c89217026a8a01a7\",\"name\":\"xavier\",\"image\":{\"@type\":\"ImageObject\",\"inLanguage\":\"ca\",\"@id\":\"https:\\\/\\\/secure.gravatar.com\\\/avatar\\\/9014b89254123c1f240ae636cc793b98ce50ec2df162909756be1d23adc503e4?s=96&d=mm&r=g\",\"url\":\"https:\\\/\\\/secure.gravatar.com\\\/avatar\\\/9014b89254123c1f240ae636cc793b98ce50ec2df162909756be1d23adc503e4?s=96&d=mm&r=g\",\"contentUrl\":\"https:\\\/\\\/secure.gravatar.com\\\/avatar\\\/9014b89254123c1f240ae636cc793b98ce50ec2df162909756be1d23adc503e4?s=96&d=mm&r=g\",\"caption\":\"xavier\"},\"url\":\"https:\\\/\\\/www.infarma.es\\\/ca\\\/author\\\/xavier\\\/\"}]}<\/script>\n<!-- \/ Yoast SEO plugin. -->","yoast_head_json":{"title":"Descubre el poder de la vitamina A con Pure Skincare","description":"Estaremos en INFARMA 2025, en el Stand E-100, los d\u00edas 25, 26 y 27 de marzo, para cont\u00e1rtelo todo en primera persona.","robots":{"index":"index","follow":"follow","max-snippet":"max-snippet:-1","max-image-preview":"max-image-preview:large","max-video-preview":"max-video-preview:-1"},"canonical":"https:\/\/www.infarma.es\/ca\/pure-skincare-vitamina-a-descubre-poder\/","og_locale":"ca_ES","og_type":"article","og_title":"Descubre el poder de la vitamina A con Pure Skincare","og_description":"Estaremos en INFARMA 2025, en el Stand E-100, los d\u00edas 25, 26 y 27 de marzo, para cont\u00e1rtelo todo en primera persona.","og_url":"https:\/\/www.infarma.es\/ca\/pure-skincare-vitamina-a-descubre-poder\/","og_site_name":"Infarma","article_publisher":"https:\/\/www.facebook.com\/infarmaoficial\/","article_published_time":"2025-03-23T22:02:04+00:00","article_modified_time":"2025-03-23T22:02:05+00:00","og_image":[{"width":1600,"height":900,"url":"https:\/\/www.infarma.es\/wp-content\/uploads\/2025\/02\/inf2025-pureskincare-vitaminaA-blog.webp","type":"image\/webp"}],"author":"xavier","twitter_card":"summary_large_image","twitter_creator":"@infarma_es","twitter_site":"@infarma_es","twitter_misc":{"Escrit per":"xavier","Temps estimat de lectura":"4 minuts"},"schema":{"@context":"https:\/\/schema.org","@graph":[{"@type":"Article","@id":"https:\/\/www.infarma.es\/ca\/pure-skincare-vitamina-a-descubre-poder\/#article","isPartOf":{"@id":"https:\/\/www.infarma.es\/ca\/pure-skincare-vitamina-a-descubre-poder\/"},"author":{"name":"xavier","@id":"https:\/\/www.infarma.es\/ca\/#\/schema\/person\/e53486dc47606cc5c89217026a8a01a7"},"headline":"Descubre el poder de la vitamina A con Pure Skincare","datePublished":"2025-03-23T22:02:04+00:00","dateModified":"2025-03-23T22:02:05+00:00","mainEntityOfPage":{"@id":"https:\/\/www.infarma.es\/ca\/pure-skincare-vitamina-a-descubre-poder\/"},"wordCount":545,"publisher":{"@id":"https:\/\/www.infarma.es\/ca\/#organization"},"image":{"@id":"https:\/\/www.infarma.es\/ca\/pure-skincare-vitamina-a-descubre-poder\/#primaryimage"},"thumbnailUrl":"https:\/\/www.infarma.es\/wp-content\/uploads\/2025\/02\/inf2025-pureskincare-vitaminaA-blog.webp","articleSection":["Noticias del Sal\u00f3n"],"inLanguage":"ca"},{"@type":"WebPage","@id":"https:\/\/www.infarma.es\/ca\/pure-skincare-vitamina-a-descubre-poder\/","url":"https:\/\/www.infarma.es\/ca\/pure-skincare-vitamina-a-descubre-poder\/","name":"Descubre el poder de la vitamina A con Pure Skincare","isPartOf":{"@id":"https:\/\/www.infarma.es\/ca\/#website"},"primaryImageOfPage":{"@id":"https:\/\/www.infarma.es\/ca\/pure-skincare-vitamina-a-descubre-poder\/#primaryimage"},"image":{"@id":"https:\/\/www.infarma.es\/ca\/pure-skincare-vitamina-a-descubre-poder\/#primaryimage"},"thumbnailUrl":"https:\/\/www.infarma.es\/wp-content\/uploads\/2025\/02\/inf2025-pureskincare-vitaminaA-blog.webp","datePublished":"2025-03-23T22:02:04+00:00","dateModified":"2025-03-23T22:02:05+00:00","description":"Estaremos en INFARMA 2025, en el Stand E-100, los d\u00edas 25, 26 y 27 de marzo, para cont\u00e1rtelo todo en primera persona.","breadcrumb":{"@id":"https:\/\/www.infarma.es\/ca\/pure-skincare-vitamina-a-descubre-poder\/#breadcrumb"},"inLanguage":"ca","potentialAction":[{"@type":"ReadAction","target":["https:\/\/www.infarma.es\/ca\/pure-skincare-vitamina-a-descubre-poder\/"]}]},{"@type":"ImageObject","inLanguage":"ca","@id":"https:\/\/www.infarma.es\/ca\/pure-skincare-vitamina-a-descubre-poder\/#primaryimage","url":"https:\/\/www.infarma.es\/wp-content\/uploads\/2025\/02\/inf2025-pureskincare-vitaminaA-blog.webp","contentUrl":"https:\/\/www.infarma.es\/wp-content\/uploads\/2025\/02\/inf2025-pureskincare-vitaminaA-blog.webp","width":1600,"height":900},{"@type":"BreadcrumbList","@id":"https:\/\/www.infarma.es\/ca\/pure-skincare-vitamina-a-descubre-poder\/#breadcrumb","itemListElement":[{"@type":"ListItem","position":1,"name":"Portada","item":"https:\/\/www.infarma.es\/ca\/"},{"@type":"ListItem","position":2,"name":"Descubre el poder de la vitamina A con Pure Skincare"}]},{"@type":"WebSite","@id":"https:\/\/www.infarma.es\/ca\/#website","url":"https:\/\/www.infarma.es\/ca\/","name":"Infarma","description":"El mayor encuentro de farmacia","publisher":{"@id":"https:\/\/www.infarma.es\/ca\/#organization"},"potentialAction":[{"@type":"SearchAction","target":{"@type":"EntryPoint","urlTemplate":"https:\/\/www.infarma.es\/ca\/?s={search_term_string}"},"query-input":{"@type":"PropertyValueSpecification","valueRequired":true,"valueName":"search_term_string"}}],"inLanguage":"ca"},{"@type":"Organization","@id":"https:\/\/www.infarma.es\/ca\/#organization","name":"Infarma","url":"https:\/\/www.infarma.es\/ca\/","logo":{"@type":"ImageObject","inLanguage":"ca","@id":"https:\/\/www.infarma.es\/ca\/#\/schema\/logo\/image\/","url":"https:\/\/www.infarma.es\/wp-content\/uploads\/2024\/10\/logo-simple.svg","contentUrl":"https:\/\/www.infarma.es\/wp-content\/uploads\/2024\/10\/logo-simple.svg","width":1,"height":1,"caption":"Infarma"},"image":{"@id":"https:\/\/www.infarma.es\/ca\/#\/schema\/logo\/image\/"},"sameAs":["https:\/\/www.facebook.com\/infarmaoficial\/","https:\/\/x.com\/infarma_es","https:\/\/www.instagram.com\/infarma_oficial\/","https:\/\/www.linkedin.com\/showcase\/infarma-salon\/","https:\/\/www.youtube.com\/@INFARMAOFICIAL"]},{"@type":"Person","@id":"https:\/\/www.infarma.es\/ca\/#\/schema\/person\/e53486dc47606cc5c89217026a8a01a7","name":"xavier","image":{"@type":"ImageObject","inLanguage":"ca","@id":"https:\/\/secure.gravatar.com\/avatar\/9014b89254123c1f240ae636cc793b98ce50ec2df162909756be1d23adc503e4?s=96&d=mm&r=g","url":"https:\/\/secure.gravatar.com\/avatar\/9014b89254123c1f240ae636cc793b98ce50ec2df162909756be1d23adc503e4?s=96&d=mm&r=g","contentUrl":"https:\/\/secure.gravatar.com\/avatar\/9014b89254123c1f240ae636cc793b98ce50ec2df162909756be1d23adc503e4?s=96&d=mm&r=g","caption":"xavier"},"url":"https:\/\/www.infarma.es\/ca\/author\/xavier\/"}]}},"_links":{"self":[{"href":"https:\/\/www.infarma.es\/ca\/wp-json\/wp\/v2\/posts\/18522","targetHints":{"allow":["GET"]}}],"collection":[{"href":"https:\/\/www.infarma.es\/ca\/wp-json\/wp\/v2\/posts"}],"about":[{"href":"https:\/\/www.infarma.es\/ca\/wp-json\/wp\/v2\/types\/post"}],"author":[{"embeddable":true,"href":"https:\/\/www.infarma.es\/ca\/wp-json\/wp\/v2\/users\/2"}],"replies":[{"embeddable":true,"href":"https:\/\/www.infarma.es\/ca\/wp-json\/wp\/v2\/comments?post=18522"}],"version-history":[{"count":5,"href":"https:\/\/www.infarma.es\/ca\/wp-json\/wp\/v2\/posts\/18522\/revisions"}],"predecessor-version":[{"id":19333,"href":"https:\/\/www.infarma.es\/ca\/wp-json\/wp\/v2\/posts\/18522\/revisions\/19333"}],"wp:featuredmedia":[{"embeddable":true,"href":"https:\/\/www.infarma.es\/ca\/wp-json\/wp\/v2\/media\/19330"}],"wp:attachment":[{"href":"https:\/\/www.infarma.es\/ca\/wp-json\/wp\/v2\/media?parent=18522"}],"wp:term":[{"taxonomy":"category","embeddable":true,"href":"https:\/\/www.infarma.es\/ca\/wp-json\/wp\/v2\/categories?post=18522"},{"taxonomy":"post_tag","embeddable":true,"href":"https:\/\/www.infarma.es\/ca\/wp-json\/wp\/v2\/tags?post=18522"}],"curies":[{"name":"wp","href":"https:\/\/api.w.org\/{rel}","templated":true}]}}