{"id":18923,"date":"2025-03-06T18:04:47","date_gmt":"2025-03-06T17:04:47","guid":{"rendered":"https:\/\/www.infarma.es\/?p=18923"},"modified":"2025-03-06T18:04:48","modified_gmt":"2025-03-06T17:04:48","slug":"two-poles-vuelve-infarma-presentara-revolucion-cosmetica-desafia-envejecimiento","status":"publish","type":"post","link":"https:\/\/www.infarma.es\/ca\/two-poles-vuelve-infarma-presentara-revolucion-cosmetica-desafia-envejecimiento\/","title":{"rendered":"Two Poles vuelve a INFARMA, donde presentar\u00e1 la revoluci\u00f3n cosm\u00e9tica que desaf\u00eda el envejecimiento"},"content":{"rendered":"\n<ul class=\"wp-block-list\">\n<li>Durante la pr\u00f3xima edici\u00f3n de INFARMA que se celebra en Barcelona entre el 25 y 27 de marzo, Two Poles estar\u00e1 presente en el stand B84 para presentar su gama de productos y sus \u00faltimas novedades<\/li>\n\n\n\n<li>En esta cita, Two Poles desarrollar\u00e1 varias formaciones enfocadas a farmacias, donde descubrir\u00e1n los ingredientes en tendencia en dermocosm\u00e9tica para 2025 y conocer\u00e1n en primicia su \u00faltimo lanzamiento<\/li>\n<\/ul>\n\n\n\n<p><strong><a href=\"https:\/\/twopoles.co\/\" target=\"_blank\" rel=\"noreferrer noopener\">Two Poles<\/a><\/strong>, marca de cosm\u00e9tica espa\u00f1ola, repite en INFARMA tras su \u00e9xito en la anterior edici\u00f3n en Madrid. Este a\u00f1o estar\u00e1 los d\u00edas 25, 26 y 27 de marzo en la edici\u00f3n que se celebrar\u00e1 en Barcelona, presentando lo que ser\u00e1 la revoluci\u00f3n de la dermocosm\u00e9tica este 2025.<\/p>\n\n\n\n<p>Two Poles acude para consolidar la <strong>fuerte apuesta de la start-up por la farmacia y parafarmacia como principales canales de distribuci\u00f3n<\/strong> y puntos de venta. Durante estos tres d\u00edas, Two Poles estar\u00e1 presente en el stand B84 presentando su amplia variedad de productos, as\u00ed como su propuesta cosm\u00e9tica, basada en la evidencia cient\u00edfica, y en la formaci\u00f3n y honestidad hacia su consumidor.<\/p>\n\n\n\n<p>Actualmente, <strong>Two Poles ya se encuentra disponible en m\u00e1s de 120 puntos de venta f\u00edsicos en farmacias<\/strong> y cuenta con la <strong>previsi\u00f3n de duplicarlas, alcanzando unas 200 farmacias<\/strong> en el transcurso de 2025 y estableci\u00e9ndose en otros pa\u00edses como <strong>Andorra y Portugal<\/strong>. Con poco m\u00e1s de dos a\u00f1os y medio de vida, ya ha superado los 2M\u20ac en facturaci\u00f3n a cierre del 2024 y ha experimentado un crecimiento de m\u00e1s del 100% respecto a 2023.<\/p>\n\n\n\n<p>Durante la celebraci\u00f3n de la feria, Two Poles desarrollar\u00e1 varias <strong>ponencias y formaciones en exclusiva<\/strong>, a las 13h y 17h el d\u00eda 25\/03, y a las 11:45h del d\u00eda 26 de marzo, en su propio stand. En ellas <strong>podr\u00e1n descubrir los nuevos ingredientes de cosm\u00e9tica molecular<\/strong> que triunfar\u00e1n en 2025 para tratar y<br>prevenir envejecimiento, y <strong>conocer en detalle su \u00faltimo lanzamiento<\/strong>, un tratamiento biotecnol\u00f3gico de rejuvenecimiento avanzado, dise\u00f1ado con los ingredientes m\u00e1s potentes y exclusivos del sector.<\/p>\n\n\n\n<p><strong>Two Poles asiste a INFARMA<\/strong> para convertirse en <strong>un <em>partner <\/em>estrat\u00e9gico de las farmacias<\/strong> y acercarse a\u00fan m\u00e1s a las necesidades de los farmac\u00e9uticos, ofreci\u00e9ndoles formaciones y ayud\u00e1ndoles a llevar las \u00faltimas innovaciones cosm\u00e9ticas a sus farmacias. Y es que, uno de los principales objetivos de Two Poles es <strong>conseguir consolidarse en el canal farmacia como muestra del <em>expertise<\/em> y excelencia<\/strong> que avalan a la marca.<\/p>\n\n\n\n<p>En este sentido, <strong>Anna Fuster, fundadora y formuladora de Two Poles<\/strong>, y experta en dermofarmacia, apunta que su presencia en INFARMA supone <em>\u201cla materializaci\u00f3n de una <strong>propuesta cosm\u00e9tica s\u00f3lida, eficaz y con un gran futuro por delante.<\/strong> La consolidaci\u00f3n dentro del canal farmacia como principal punto de venta f\u00edsico ha sido el objetivo de Two Poles desde los inicios, ya que supone posicionarnos como marca con garant\u00eda cient\u00edfica, responsable y confiable. Es decir, supone reforzar todav\u00eda m\u00e1s el concepto que nos define: marca de cosm\u00e9tica honesta y eficaz\u201d.<\/em><\/p>\n\n\n\n<p>Lo cierto es que, Two Poles se caracteriza, primero, por ofrecer un buen producto y de calidad -eficaz-; pero tambi\u00e9n por aportar siempre un buen <strong>consejo a la hora de comprar<\/strong> -honesta-. Es por ello que apuestan al 100% por el canal farmacia, <em>\u201cya que valoramos su consejo experto a la hora de hacer<br>asesor\u00eda personalizada y recomendar una rutina\u201d<\/em><\/p>\n\n\n\n<div style=\"height:40px\" aria-hidden=\"true\" class=\"wp-block-spacer\"><\/div>\n\n\n\n<h4 class=\"wp-block-heading\">Sobre Two Poles<\/h4>\n\n\n\n<p><strong>TWO POLES,<\/strong> honest cosmetics, es una marca de cosm\u00e9tica innovadora que irrumpe en el mercado con el objetivo de cambiar la cosm\u00e9tica tal y como la concebimos. Combinando la mejor parte de dos polos que no son opuestos naturaleza y ciencia, eficacia y honestidad.<\/p>\n\n\n\n<p>El proyecto nace del empe\u00f1o de Anna Fuster en encontrar una cosm\u00e9tica honesta y transparente con su composici\u00f3n y eficaz. Con Two Poles y con su p\u00e1gina <a href=\"https:\/\/www.instagram.com\/partners.incream\/\" target=\"_blank\" rel=\"noreferrer noopener\">@partners.incream<\/a> busca empoderar al consumidor form\u00e1ndole sobre cosm\u00e9tica, ingredientes y composici\u00f3n.<\/p>\n\n\n\n<p>En tan solo un a\u00f1o de vida la startup cosm\u00e9tica ha lanzado al mercado 17 referencias cubriendo las necesidades de todos sus consumidorxs.<\/p>\n","protected":false},"excerpt":{"rendered":"<p>Two Poles, marca de cosm\u00e9tica espa\u00f1ola, repite en INFARMA tras su \u00e9xito en la anterior edici\u00f3n en Madrid. Este a\u00f1o estar\u00e1 los d\u00edas 25, 26 y 27 de marzo en la edici\u00f3n que se celebrar\u00e1 en Barcelona, presentando lo que ser\u00e1 la revoluci\u00f3n de la dermocosm\u00e9tica este 2025. Two Poles acude para consolidar la fuerte [&hellip;]<\/p>\n","protected":false},"author":2,"featured_media":18924,"comment_status":"closed","ping_status":"open","sticky":false,"template":"","format":"standard","meta":{"footnotes":""},"categories":[141],"tags":[],"class_list":["post-18923","post","type-post","status-publish","format-standard","has-post-thumbnail","hentry","category-noticias-del-salon"],"yoast_head":"<!-- This site is optimized with the Yoast SEO plugin v27.4 - https:\/\/yoast.com\/product\/yoast-seo-wordpress\/ -->\n<title>Two Poles vuelve a INFARMA, donde presentar\u00e1 la revoluci\u00f3n cosm\u00e9tica que desaf\u00eda el envejecimiento<\/title>\n<meta name=\"description\" content=\"Two Poles ya se encuentra disponible en m\u00e1s de 120 puntos de venta f\u00edsicos en farmacias y cuenta con la previsi\u00f3n de duplicarlas.\" \/>\n<meta name=\"robots\" content=\"index, follow, max-snippet:-1, max-image-preview:large, max-video-preview:-1\" \/>\n<link rel=\"canonical\" href=\"https:\/\/www.infarma.es\/ca\/two-poles-vuelve-infarma-presentara-revolucion-cosmetica-desafia-envejecimiento\/\" \/>\n<meta property=\"og:locale\" content=\"ca_ES\" \/>\n<meta property=\"og:type\" content=\"article\" \/>\n<meta property=\"og:title\" content=\"Two Poles vuelve a INFARMA, donde presentar\u00e1 la revoluci\u00f3n cosm\u00e9tica que desaf\u00eda el envejecimiento\" \/>\n<meta property=\"og:description\" content=\"Two Poles ya se encuentra disponible en m\u00e1s de 120 puntos de venta f\u00edsicos en farmacias y cuenta con la previsi\u00f3n de duplicarlas.\" \/>\n<meta property=\"og:url\" content=\"https:\/\/www.infarma.es\/ca\/two-poles-vuelve-infarma-presentara-revolucion-cosmetica-desafia-envejecimiento\/\" \/>\n<meta property=\"og:site_name\" content=\"Infarma\" \/>\n<meta property=\"article:publisher\" content=\"https:\/\/www.facebook.com\/infarmaoficial\/\" \/>\n<meta property=\"article:published_time\" content=\"2025-03-06T17:04:47+00:00\" \/>\n<meta property=\"article:modified_time\" content=\"2025-03-06T17:04:48+00:00\" \/>\n<meta property=\"og:image\" content=\"https:\/\/www.infarma.es\/wp-content\/uploads\/2025\/03\/inf2025-twopoles-bodegon.webp\" \/>\n\t<meta property=\"og:image:width\" content=\"1600\" \/>\n\t<meta property=\"og:image:height\" content=\"900\" \/>\n\t<meta property=\"og:image:type\" content=\"image\/webp\" \/>\n<meta name=\"author\" content=\"xavier\" \/>\n<meta name=\"twitter:card\" content=\"summary_large_image\" \/>\n<meta name=\"twitter:creator\" content=\"@infarma_es\" \/>\n<meta name=\"twitter:site\" content=\"@infarma_es\" \/>\n<meta name=\"twitter:label1\" content=\"Escrit per\" \/>\n\t<meta name=\"twitter:data1\" content=\"xavier\" \/>\n\t<meta name=\"twitter:label2\" content=\"Temps estimat de lectura\" \/>\n\t<meta name=\"twitter:data2\" content=\"4 minuts\" \/>\n<script type=\"application\/ld+json\" class=\"yoast-schema-graph\">{\"@context\":\"https:\\\/\\\/schema.org\",\"@graph\":[{\"@type\":\"Article\",\"@id\":\"https:\\\/\\\/www.infarma.es\\\/ca\\\/two-poles-vuelve-infarma-presentara-revolucion-cosmetica-desafia-envejecimiento\\\/#article\",\"isPartOf\":{\"@id\":\"https:\\\/\\\/www.infarma.es\\\/ca\\\/two-poles-vuelve-infarma-presentara-revolucion-cosmetica-desafia-envejecimiento\\\/\"},\"author\":{\"name\":\"xavier\",\"@id\":\"https:\\\/\\\/www.infarma.es\\\/ca\\\/#\\\/schema\\\/person\\\/e53486dc47606cc5c89217026a8a01a7\"},\"headline\":\"Two Poles vuelve a INFARMA, donde presentar\u00e1 la revoluci\u00f3n cosm\u00e9tica que desaf\u00eda el envejecimiento\",\"datePublished\":\"2025-03-06T17:04:47+00:00\",\"dateModified\":\"2025-03-06T17:04:48+00:00\",\"mainEntityOfPage\":{\"@id\":\"https:\\\/\\\/www.infarma.es\\\/ca\\\/two-poles-vuelve-infarma-presentara-revolucion-cosmetica-desafia-envejecimiento\\\/\"},\"wordCount\":713,\"publisher\":{\"@id\":\"https:\\\/\\\/www.infarma.es\\\/ca\\\/#organization\"},\"image\":{\"@id\":\"https:\\\/\\\/www.infarma.es\\\/ca\\\/two-poles-vuelve-infarma-presentara-revolucion-cosmetica-desafia-envejecimiento\\\/#primaryimage\"},\"thumbnailUrl\":\"https:\\\/\\\/www.infarma.es\\\/wp-content\\\/uploads\\\/2025\\\/03\\\/inf2025-twopoles-bodegon.webp\",\"articleSection\":[\"Noticias del Sal\u00f3n\"],\"inLanguage\":\"ca\"},{\"@type\":\"WebPage\",\"@id\":\"https:\\\/\\\/www.infarma.es\\\/ca\\\/two-poles-vuelve-infarma-presentara-revolucion-cosmetica-desafia-envejecimiento\\\/\",\"url\":\"https:\\\/\\\/www.infarma.es\\\/ca\\\/two-poles-vuelve-infarma-presentara-revolucion-cosmetica-desafia-envejecimiento\\\/\",\"name\":\"Two Poles vuelve a INFARMA, donde presentar\u00e1 la revoluci\u00f3n cosm\u00e9tica que desaf\u00eda el envejecimiento\",\"isPartOf\":{\"@id\":\"https:\\\/\\\/www.infarma.es\\\/ca\\\/#website\"},\"primaryImageOfPage\":{\"@id\":\"https:\\\/\\\/www.infarma.es\\\/ca\\\/two-poles-vuelve-infarma-presentara-revolucion-cosmetica-desafia-envejecimiento\\\/#primaryimage\"},\"image\":{\"@id\":\"https:\\\/\\\/www.infarma.es\\\/ca\\\/two-poles-vuelve-infarma-presentara-revolucion-cosmetica-desafia-envejecimiento\\\/#primaryimage\"},\"thumbnailUrl\":\"https:\\\/\\\/www.infarma.es\\\/wp-content\\\/uploads\\\/2025\\\/03\\\/inf2025-twopoles-bodegon.webp\",\"datePublished\":\"2025-03-06T17:04:47+00:00\",\"dateModified\":\"2025-03-06T17:04:48+00:00\",\"description\":\"Two Poles ya se encuentra disponible en m\u00e1s de 120 puntos de venta f\u00edsicos en farmacias y cuenta con la previsi\u00f3n de duplicarlas.\",\"breadcrumb\":{\"@id\":\"https:\\\/\\\/www.infarma.es\\\/ca\\\/two-poles-vuelve-infarma-presentara-revolucion-cosmetica-desafia-envejecimiento\\\/#breadcrumb\"},\"inLanguage\":\"ca\",\"potentialAction\":[{\"@type\":\"ReadAction\",\"target\":[\"https:\\\/\\\/www.infarma.es\\\/ca\\\/two-poles-vuelve-infarma-presentara-revolucion-cosmetica-desafia-envejecimiento\\\/\"]}]},{\"@type\":\"ImageObject\",\"inLanguage\":\"ca\",\"@id\":\"https:\\\/\\\/www.infarma.es\\\/ca\\\/two-poles-vuelve-infarma-presentara-revolucion-cosmetica-desafia-envejecimiento\\\/#primaryimage\",\"url\":\"https:\\\/\\\/www.infarma.es\\\/wp-content\\\/uploads\\\/2025\\\/03\\\/inf2025-twopoles-bodegon.webp\",\"contentUrl\":\"https:\\\/\\\/www.infarma.es\\\/wp-content\\\/uploads\\\/2025\\\/03\\\/inf2025-twopoles-bodegon.webp\",\"width\":1600,\"height\":900},{\"@type\":\"BreadcrumbList\",\"@id\":\"https:\\\/\\\/www.infarma.es\\\/ca\\\/two-poles-vuelve-infarma-presentara-revolucion-cosmetica-desafia-envejecimiento\\\/#breadcrumb\",\"itemListElement\":[{\"@type\":\"ListItem\",\"position\":1,\"name\":\"Portada\",\"item\":\"https:\\\/\\\/www.infarma.es\\\/ca\\\/\"},{\"@type\":\"ListItem\",\"position\":2,\"name\":\"Two Poles vuelve a INFARMA, donde presentar\u00e1 la revoluci\u00f3n cosm\u00e9tica que desaf\u00eda el envejecimiento\"}]},{\"@type\":\"WebSite\",\"@id\":\"https:\\\/\\\/www.infarma.es\\\/ca\\\/#website\",\"url\":\"https:\\\/\\\/www.infarma.es\\\/ca\\\/\",\"name\":\"Infarma\",\"description\":\"El mayor encuentro de farmacia\",\"publisher\":{\"@id\":\"https:\\\/\\\/www.infarma.es\\\/ca\\\/#organization\"},\"potentialAction\":[{\"@type\":\"SearchAction\",\"target\":{\"@type\":\"EntryPoint\",\"urlTemplate\":\"https:\\\/\\\/www.infarma.es\\\/ca\\\/?s={search_term_string}\"},\"query-input\":{\"@type\":\"PropertyValueSpecification\",\"valueRequired\":true,\"valueName\":\"search_term_string\"}}],\"inLanguage\":\"ca\"},{\"@type\":\"Organization\",\"@id\":\"https:\\\/\\\/www.infarma.es\\\/ca\\\/#organization\",\"name\":\"Infarma\",\"url\":\"https:\\\/\\\/www.infarma.es\\\/ca\\\/\",\"logo\":{\"@type\":\"ImageObject\",\"inLanguage\":\"ca\",\"@id\":\"https:\\\/\\\/www.infarma.es\\\/ca\\\/#\\\/schema\\\/logo\\\/image\\\/\",\"url\":\"https:\\\/\\\/www.infarma.es\\\/wp-content\\\/uploads\\\/2024\\\/10\\\/logo-simple.svg\",\"contentUrl\":\"https:\\\/\\\/www.infarma.es\\\/wp-content\\\/uploads\\\/2024\\\/10\\\/logo-simple.svg\",\"width\":1,\"height\":1,\"caption\":\"Infarma\"},\"image\":{\"@id\":\"https:\\\/\\\/www.infarma.es\\\/ca\\\/#\\\/schema\\\/logo\\\/image\\\/\"},\"sameAs\":[\"https:\\\/\\\/www.facebook.com\\\/infarmaoficial\\\/\",\"https:\\\/\\\/x.com\\\/infarma_es\",\"https:\\\/\\\/www.instagram.com\\\/infarma_oficial\\\/\",\"https:\\\/\\\/www.linkedin.com\\\/showcase\\\/infarma-salon\\\/\",\"https:\\\/\\\/www.youtube.com\\\/@INFARMAOFICIAL\"]},{\"@type\":\"Person\",\"@id\":\"https:\\\/\\\/www.infarma.es\\\/ca\\\/#\\\/schema\\\/person\\\/e53486dc47606cc5c89217026a8a01a7\",\"name\":\"xavier\",\"image\":{\"@type\":\"ImageObject\",\"inLanguage\":\"ca\",\"@id\":\"https:\\\/\\\/secure.gravatar.com\\\/avatar\\\/9014b89254123c1f240ae636cc793b98ce50ec2df162909756be1d23adc503e4?s=96&d=mm&r=g\",\"url\":\"https:\\\/\\\/secure.gravatar.com\\\/avatar\\\/9014b89254123c1f240ae636cc793b98ce50ec2df162909756be1d23adc503e4?s=96&d=mm&r=g\",\"contentUrl\":\"https:\\\/\\\/secure.gravatar.com\\\/avatar\\\/9014b89254123c1f240ae636cc793b98ce50ec2df162909756be1d23adc503e4?s=96&d=mm&r=g\",\"caption\":\"xavier\"},\"url\":\"https:\\\/\\\/www.infarma.es\\\/ca\\\/author\\\/xavier\\\/\"}]}<\/script>\n<!-- \/ Yoast SEO plugin. -->","yoast_head_json":{"title":"Two Poles vuelve a INFARMA, donde presentar\u00e1 la revoluci\u00f3n cosm\u00e9tica que desaf\u00eda el envejecimiento","description":"Two Poles ya se encuentra disponible en m\u00e1s de 120 puntos de venta f\u00edsicos en farmacias y cuenta con la previsi\u00f3n de duplicarlas.","robots":{"index":"index","follow":"follow","max-snippet":"max-snippet:-1","max-image-preview":"max-image-preview:large","max-video-preview":"max-video-preview:-1"},"canonical":"https:\/\/www.infarma.es\/ca\/two-poles-vuelve-infarma-presentara-revolucion-cosmetica-desafia-envejecimiento\/","og_locale":"ca_ES","og_type":"article","og_title":"Two Poles vuelve a INFARMA, donde presentar\u00e1 la revoluci\u00f3n cosm\u00e9tica que desaf\u00eda el envejecimiento","og_description":"Two Poles ya se encuentra disponible en m\u00e1s de 120 puntos de venta f\u00edsicos en farmacias y cuenta con la previsi\u00f3n de duplicarlas.","og_url":"https:\/\/www.infarma.es\/ca\/two-poles-vuelve-infarma-presentara-revolucion-cosmetica-desafia-envejecimiento\/","og_site_name":"Infarma","article_publisher":"https:\/\/www.facebook.com\/infarmaoficial\/","article_published_time":"2025-03-06T17:04:47+00:00","article_modified_time":"2025-03-06T17:04:48+00:00","og_image":[{"width":1600,"height":900,"url":"https:\/\/www.infarma.es\/wp-content\/uploads\/2025\/03\/inf2025-twopoles-bodegon.webp","type":"image\/webp"}],"author":"xavier","twitter_card":"summary_large_image","twitter_creator":"@infarma_es","twitter_site":"@infarma_es","twitter_misc":{"Escrit per":"xavier","Temps estimat de lectura":"4 minuts"},"schema":{"@context":"https:\/\/schema.org","@graph":[{"@type":"Article","@id":"https:\/\/www.infarma.es\/ca\/two-poles-vuelve-infarma-presentara-revolucion-cosmetica-desafia-envejecimiento\/#article","isPartOf":{"@id":"https:\/\/www.infarma.es\/ca\/two-poles-vuelve-infarma-presentara-revolucion-cosmetica-desafia-envejecimiento\/"},"author":{"name":"xavier","@id":"https:\/\/www.infarma.es\/ca\/#\/schema\/person\/e53486dc47606cc5c89217026a8a01a7"},"headline":"Two Poles vuelve a INFARMA, donde presentar\u00e1 la revoluci\u00f3n cosm\u00e9tica que desaf\u00eda el envejecimiento","datePublished":"2025-03-06T17:04:47+00:00","dateModified":"2025-03-06T17:04:48+00:00","mainEntityOfPage":{"@id":"https:\/\/www.infarma.es\/ca\/two-poles-vuelve-infarma-presentara-revolucion-cosmetica-desafia-envejecimiento\/"},"wordCount":713,"publisher":{"@id":"https:\/\/www.infarma.es\/ca\/#organization"},"image":{"@id":"https:\/\/www.infarma.es\/ca\/two-poles-vuelve-infarma-presentara-revolucion-cosmetica-desafia-envejecimiento\/#primaryimage"},"thumbnailUrl":"https:\/\/www.infarma.es\/wp-content\/uploads\/2025\/03\/inf2025-twopoles-bodegon.webp","articleSection":["Noticias del Sal\u00f3n"],"inLanguage":"ca"},{"@type":"WebPage","@id":"https:\/\/www.infarma.es\/ca\/two-poles-vuelve-infarma-presentara-revolucion-cosmetica-desafia-envejecimiento\/","url":"https:\/\/www.infarma.es\/ca\/two-poles-vuelve-infarma-presentara-revolucion-cosmetica-desafia-envejecimiento\/","name":"Two Poles vuelve a INFARMA, donde presentar\u00e1 la revoluci\u00f3n cosm\u00e9tica que desaf\u00eda el envejecimiento","isPartOf":{"@id":"https:\/\/www.infarma.es\/ca\/#website"},"primaryImageOfPage":{"@id":"https:\/\/www.infarma.es\/ca\/two-poles-vuelve-infarma-presentara-revolucion-cosmetica-desafia-envejecimiento\/#primaryimage"},"image":{"@id":"https:\/\/www.infarma.es\/ca\/two-poles-vuelve-infarma-presentara-revolucion-cosmetica-desafia-envejecimiento\/#primaryimage"},"thumbnailUrl":"https:\/\/www.infarma.es\/wp-content\/uploads\/2025\/03\/inf2025-twopoles-bodegon.webp","datePublished":"2025-03-06T17:04:47+00:00","dateModified":"2025-03-06T17:04:48+00:00","description":"Two Poles ya se encuentra disponible en m\u00e1s de 120 puntos de venta f\u00edsicos en farmacias y cuenta con la previsi\u00f3n de duplicarlas.","breadcrumb":{"@id":"https:\/\/www.infarma.es\/ca\/two-poles-vuelve-infarma-presentara-revolucion-cosmetica-desafia-envejecimiento\/#breadcrumb"},"inLanguage":"ca","potentialAction":[{"@type":"ReadAction","target":["https:\/\/www.infarma.es\/ca\/two-poles-vuelve-infarma-presentara-revolucion-cosmetica-desafia-envejecimiento\/"]}]},{"@type":"ImageObject","inLanguage":"ca","@id":"https:\/\/www.infarma.es\/ca\/two-poles-vuelve-infarma-presentara-revolucion-cosmetica-desafia-envejecimiento\/#primaryimage","url":"https:\/\/www.infarma.es\/wp-content\/uploads\/2025\/03\/inf2025-twopoles-bodegon.webp","contentUrl":"https:\/\/www.infarma.es\/wp-content\/uploads\/2025\/03\/inf2025-twopoles-bodegon.webp","width":1600,"height":900},{"@type":"BreadcrumbList","@id":"https:\/\/www.infarma.es\/ca\/two-poles-vuelve-infarma-presentara-revolucion-cosmetica-desafia-envejecimiento\/#breadcrumb","itemListElement":[{"@type":"ListItem","position":1,"name":"Portada","item":"https:\/\/www.infarma.es\/ca\/"},{"@type":"ListItem","position":2,"name":"Two Poles vuelve a INFARMA, donde presentar\u00e1 la revoluci\u00f3n cosm\u00e9tica que desaf\u00eda el envejecimiento"}]},{"@type":"WebSite","@id":"https:\/\/www.infarma.es\/ca\/#website","url":"https:\/\/www.infarma.es\/ca\/","name":"Infarma","description":"El mayor encuentro de farmacia","publisher":{"@id":"https:\/\/www.infarma.es\/ca\/#organization"},"potentialAction":[{"@type":"SearchAction","target":{"@type":"EntryPoint","urlTemplate":"https:\/\/www.infarma.es\/ca\/?s={search_term_string}"},"query-input":{"@type":"PropertyValueSpecification","valueRequired":true,"valueName":"search_term_string"}}],"inLanguage":"ca"},{"@type":"Organization","@id":"https:\/\/www.infarma.es\/ca\/#organization","name":"Infarma","url":"https:\/\/www.infarma.es\/ca\/","logo":{"@type":"ImageObject","inLanguage":"ca","@id":"https:\/\/www.infarma.es\/ca\/#\/schema\/logo\/image\/","url":"https:\/\/www.infarma.es\/wp-content\/uploads\/2024\/10\/logo-simple.svg","contentUrl":"https:\/\/www.infarma.es\/wp-content\/uploads\/2024\/10\/logo-simple.svg","width":1,"height":1,"caption":"Infarma"},"image":{"@id":"https:\/\/www.infarma.es\/ca\/#\/schema\/logo\/image\/"},"sameAs":["https:\/\/www.facebook.com\/infarmaoficial\/","https:\/\/x.com\/infarma_es","https:\/\/www.instagram.com\/infarma_oficial\/","https:\/\/www.linkedin.com\/showcase\/infarma-salon\/","https:\/\/www.youtube.com\/@INFARMAOFICIAL"]},{"@type":"Person","@id":"https:\/\/www.infarma.es\/ca\/#\/schema\/person\/e53486dc47606cc5c89217026a8a01a7","name":"xavier","image":{"@type":"ImageObject","inLanguage":"ca","@id":"https:\/\/secure.gravatar.com\/avatar\/9014b89254123c1f240ae636cc793b98ce50ec2df162909756be1d23adc503e4?s=96&d=mm&r=g","url":"https:\/\/secure.gravatar.com\/avatar\/9014b89254123c1f240ae636cc793b98ce50ec2df162909756be1d23adc503e4?s=96&d=mm&r=g","contentUrl":"https:\/\/secure.gravatar.com\/avatar\/9014b89254123c1f240ae636cc793b98ce50ec2df162909756be1d23adc503e4?s=96&d=mm&r=g","caption":"xavier"},"url":"https:\/\/www.infarma.es\/ca\/author\/xavier\/"}]}},"_links":{"self":[{"href":"https:\/\/www.infarma.es\/ca\/wp-json\/wp\/v2\/posts\/18923","targetHints":{"allow":["GET"]}}],"collection":[{"href":"https:\/\/www.infarma.es\/ca\/wp-json\/wp\/v2\/posts"}],"about":[{"href":"https:\/\/www.infarma.es\/ca\/wp-json\/wp\/v2\/types\/post"}],"author":[{"embeddable":true,"href":"https:\/\/www.infarma.es\/ca\/wp-json\/wp\/v2\/users\/2"}],"replies":[{"embeddable":true,"href":"https:\/\/www.infarma.es\/ca\/wp-json\/wp\/v2\/comments?post=18923"}],"version-history":[{"count":2,"href":"https:\/\/www.infarma.es\/ca\/wp-json\/wp\/v2\/posts\/18923\/revisions"}],"predecessor-version":[{"id":18928,"href":"https:\/\/www.infarma.es\/ca\/wp-json\/wp\/v2\/posts\/18923\/revisions\/18928"}],"wp:featuredmedia":[{"embeddable":true,"href":"https:\/\/www.infarma.es\/ca\/wp-json\/wp\/v2\/media\/18924"}],"wp:attachment":[{"href":"https:\/\/www.infarma.es\/ca\/wp-json\/wp\/v2\/media?parent=18923"}],"wp:term":[{"taxonomy":"category","embeddable":true,"href":"https:\/\/www.infarma.es\/ca\/wp-json\/wp\/v2\/categories?post=18923"},{"taxonomy":"post_tag","embeddable":true,"href":"https:\/\/www.infarma.es\/ca\/wp-json\/wp\/v2\/tags?post=18923"}],"curies":[{"name":"wp","href":"https:\/\/api.w.org\/{rel}","templated":true}]}}