{"id":18944,"date":"2025-03-07T13:43:35","date_gmt":"2025-03-07T12:43:35","guid":{"rendered":"https:\/\/www.infarma.es\/?p=18944"},"modified":"2025-03-07T13:43:35","modified_gmt":"2025-03-07T12:43:35","slug":"arkopharma-talleres-infarma-barcelona-2025","status":"publish","type":"post","link":"https:\/\/www.infarma.es\/ca\/arkopharma-talleres-infarma-barcelona-2025\/","title":{"rendered":"\ud83c\udf3f \u00a1Te esperamos en Infarma Barcelona 2025! \ud83c\udf3f"},"content":{"rendered":"\n<p>Este a\u00f1o, <strong>Arkopharma <\/strong>vuelve a Infarma con una propuesta que no querr\u00e1s perderte. Te invitamos a visitar nuestro <strong>stand D75 (Pabell\u00f3n 3)<\/strong> y descubrir los talleres exclusivos que hemos preparado, de la mano de nuestros Arkoembajadores, farmac\u00e9uticos y divulgadores de referencia en el sector.<\/p>\n\n\n\n<p>Durante tres d\u00edas, podr\u00e1s asistir a charlas pr\u00e1cticas y actualizadas sobre las \u00faltimas innovaciones en fitoterapia, tecnolog\u00eda aplicada a la oficina de farmacia y soluciones naturales para la salud de tus pacientes. Adem\u00e1s, tendr\u00e1s la oportunidad de conocer y conectar con nuestros ponentes a trav\u00e9s de sus perfiles de LinkedIn.<br><br>\u00a1No olvides seguirlos para estar al tanto de todas las novedades!<\/p>\n\n\n\n<p>\ud83d\udcc5 <strong>Programa de cursos:<\/strong><\/p>\n\n\n\n<p><strong>25 de MARZO<\/strong><\/p>\n\n\n\n<ul class=\"wp-block-list\">\n<li>\ud83d\udd5b 12:00 &#8211; <em>Revoluci\u00f3n tecnol\u00f3gica con IA en la oficina de farmacia<\/em><br><strong>Ponente:<\/strong> <a href=\"https:\/\/www.linkedin.com\/in\/farmaceando\/\" target=\"_blank\" rel=\"noreferrer noopener\">Francisco Iniesta<\/a> (@farmaceando)<br>Te contamos c\u00f3mo la inteligencia artificial est\u00e1 transformando la oficina de farmacia, optimizando procesos y mejorando la atenci\u00f3n al paciente.<\/li>\n\n\n\n<li>\ud83d\udd50 13:00 &#8211; <em>Arkosterol\u00ae Plus Complete, la revoluci\u00f3n que ayuda a mantener los niveles de colesterol<\/em><br><strong>Ponente:<\/strong> <a href=\"https:\/\/www.linkedin.com\/in\/jos%C3%A9-abell%C3%A1n-huerta-md-phd-778262182\/\" target=\"_blank\" rel=\"noreferrer noopener\">Dr. Jos\u00e9 Abell\u00e1n<\/a><br>Innovadora f\u00f3rmula triple acci\u00f3n con ingredientes como la bergamota y la alcachofa para cuidar la salud cardiovascular.<\/li>\n\n\n\n<li>\ud83d\udd52 15:00 &#8211; <em>Soluciones digestivas, lo que debes saber<\/em><br><strong>Ponentes:<\/strong> <a href=\"https:\/\/www.linkedin.com\/in\/paula-mart\u00edn-clares-64a30b159\/\" target=\"_blank\" rel=\"noreferrer noopener\">Paula Mart\u00edn Clares<\/a> (@farmanutribypaula) y <a href=\"https:\/\/www.linkedin.com\/in\/mar\u00eda-jos\u00e9-cachafeiro-jard\u00f3n\/\" target=\"_blank\" rel=\"noreferrer noopener\">Mar\u00eda Jos\u00e9 Cachafeiro Jard\u00f3n<\/a> (@laboticadetete)<br>Descubre c\u00f3mo mejorar la digesti\u00f3n con soluciones naturales y consejos pr\u00e1cticos.<\/li>\n\n\n\n<li>\ud83d\udd53 16:30 &#8211; <em>Empoderamiento Natural: Innovaciones en Salud Femenina<\/em><br><strong>Ponente:<\/strong> <a href=\"https:\/\/www.linkedin.com\/in\/victorialaragarciabrioles?miniProfileUrn=urn%3Ali%3Afs_miniProfile%3AACoAACdach0BckK_k6n9BW5BUQepzto_Tk2Ynwc&amp;lipi=urn%3Ali%3Apage%3Ad_flagship3_search_srp_people_load_more%3BRNI9oGGxSPK0veDP4ftcxg%3D%3D\" target=\"_blank\" rel=\"noreferrer noopener\">Victoria Lara<\/a> \u2013 Dept. Cient\u00edfico Arkopharma<br>Soluciones naturales para la salud femenina, desde la menstruaci\u00f3n hasta la menopausia.<\/li>\n<\/ul>\n\n\n\n<p><strong>26 de MARZO<\/strong><\/p>\n\n\n\n<ul class=\"wp-block-list\">\n<li>\ud83d\udd5b 12:00 &#8211; <em>Forcapil\u00ae Antiedad: Retrasa el envejecimiento capilar<\/em><br><strong>Ponente:<\/strong> <a href=\"https:\/\/www.linkedin.com\/in\/pablo-garc\u00eda-tamaj\u00f3n-036b4828\/\" target=\"_blank\" rel=\"noreferrer noopener\">Pablo Garc\u00eda Tamaj\u00f3n<\/a> (@medicadoo)<br>Innovaciones para fortalecer y proteger el cabello frente al envejecimiento.<\/li>\n\n\n\n<li>\ud83d\udd50 13:00 &#8211; <em>Gesti\u00f3n por categor\u00eda en la farmacia<\/em><br><strong>Ponente:<\/strong> <a href=\"https:\/\/www.linkedin.com\/in\/%E2%9C%85-paula-fern%C3%A1ndez-ribal-859313120\/\" target=\"_blank\" rel=\"noreferrer noopener\">Paula Fern\u00e1ndez Ribal<\/a> (@farmadicta)<br>Optimiza el espacio y mejora la experiencia del cliente en tu farmacia.<\/li>\n\n\n\n<li>\ud83d\udd52 16:00 &#8211; <em>La esencia de la Naturaleza: Extracci\u00f3n de Plantas y Arkototum<\/em><br><strong>Ponentes:<\/strong> <a href=\"https:\/\/www.linkedin.com\/in\/irene-gonz%C3%A1lez-0ba47574\/\" target=\"_blank\" rel=\"noreferrer noopener\">Irene Gonz\u00e1lez<\/a> (@boticonsejo) y <a href=\"https:\/\/www.linkedin.com\/in\/guillermo-estrada-riolobos-ba314755\/\" target=\"_blank\" rel=\"noreferrer noopener\">Guillermo Estrada Riolobos<\/a> (@guillermoestradariolobos)<br>Descubre los secretos de la extracci\u00f3n de plantas para soluciones efectivas.<\/li>\n<\/ul>\n\n\n\n<p><strong>27 de MARZO<\/strong><\/p>\n\n\n\n<ul class=\"wp-block-list\">\n<li>\ud83d\udd5b 12:00 &#8211; <em>Ciscontrol\u00ae Ultra, la mejor arma contra las ITUs<\/em><br><strong>Ponente: <\/strong><a href=\"https:\/\/www.linkedin.com\/in\/victorialaragarciabrioles?miniProfileUrn=urn%3Ali%3Afs_miniProfile%3AACoAACdach0BckK_k6n9BW5BUQepzto_Tk2Ynwc&amp;lipi=urn%3Ali%3Apage%3Ad_flagship3_search_srp_people_load_more%3BRNI9oGGxSPK0veDP4ftcxg%3D%3D\" target=\"_blank\" rel=\"noreferrer noopener\">Victoria Lara<\/a> \u2013 Dept. Cient\u00edfico Arkopharma Eficacia comprobada contra infecciones del tracto urinario.<\/li>\n\n\n\n<li>\ud83d\udd50 13:00 &#8211; <em>Estr\u00e9s y falta de sue\u00f1o, un c\u00edrculo vicioso al que combatir con ArkoSue\u00f1o\u00ae<\/em><br><strong>Ponente:<\/strong> <a href=\"https:\/\/www.linkedin.com\/in\/silvia-moreno-andr%C3%A9s-3ba8a247?miniProfileUrn=urn%3Ali%3Afs_miniProfile%3AACoAAAnrib4B7maRKaZpL1XFF7O2_k46HpzeCnI&amp;lipi=urn%3Ali%3Apage%3Ad_flagship3_search_srp_people%3BL3U%2F%2FWNBSTWgaUn0hoMIJg%3D%3D\" target=\"_blank\" rel=\"noreferrer noopener\">Silvia Moreno<\/a> \u2013 Dept. Cient\u00edfico Arkopharma<br>Consejos y soluciones para mejorar la calidad del sue\u00f1o.<\/li>\n<\/ul>\n\n\n\n<p>\ud83d\udcc5 \u00a1Reserva tu agenda y acomp\u00e1\u00f1anos en Infarma Barcelona 2025 para descubrir todo lo que Arkopharma tiene preparado para ti!<\/p>\n\n\n\n<p><\/p>\n","protected":false},"excerpt":{"rendered":"<p>Este a\u00f1o, Arkopharma vuelve a Infarma con una propuesta que no querr\u00e1s perderte. Te invitamos a visitar nuestro stand D75 (Pabell\u00f3n 3) y descubrir los talleres exclusivos que hemos preparado, de la mano de nuestros Arkoembajadores, farmac\u00e9uticos y divulgadores de referencia en el sector. Durante tres d\u00edas, podr\u00e1s asistir a charlas pr\u00e1cticas y actualizadas sobre [&hellip;]<\/p>\n","protected":false},"author":2,"featured_media":18945,"comment_status":"closed","ping_status":"open","sticky":false,"template":"","format":"standard","meta":{"footnotes":""},"categories":[141],"tags":[],"class_list":["post-18944","post","type-post","status-publish","format-standard","has-post-thumbnail","hentry","category-noticias-del-salon"],"yoast_head":"<!-- This site is optimized with the Yoast SEO plugin v27.4 - https:\/\/yoast.com\/product\/yoast-seo-wordpress\/ -->\n<title>\ud83c\udf3f \u00a1Te esperamos en Infarma Barcelona 2025! \ud83c\udf3f<\/title>\n<meta name=\"description\" content=\"Arkopharma vuelve a Infarma con una propuesta que no querr\u00e1s perderte. Te invitamos a visitar nuestro stand D75 (Pabell\u00f3n 3) y descubrir los talleres.\" \/>\n<meta name=\"robots\" content=\"index, follow, max-snippet:-1, max-image-preview:large, max-video-preview:-1\" \/>\n<link rel=\"canonical\" href=\"https:\/\/www.infarma.es\/ca\/arkopharma-talleres-infarma-barcelona-2025\/\" \/>\n<meta property=\"og:locale\" content=\"ca_ES\" \/>\n<meta property=\"og:type\" content=\"article\" \/>\n<meta property=\"og:title\" content=\"\ud83c\udf3f \u00a1Te esperamos en Infarma Barcelona 2025! \ud83c\udf3f\" \/>\n<meta property=\"og:description\" content=\"Arkopharma vuelve a Infarma con una propuesta que no querr\u00e1s perderte. Te invitamos a visitar nuestro stand D75 (Pabell\u00f3n 3) y descubrir los talleres.\" \/>\n<meta property=\"og:url\" content=\"https:\/\/www.infarma.es\/ca\/arkopharma-talleres-infarma-barcelona-2025\/\" \/>\n<meta property=\"og:site_name\" content=\"Infarma\" \/>\n<meta property=\"article:publisher\" content=\"https:\/\/www.facebook.com\/infarmaoficial\/\" \/>\n<meta property=\"article:published_time\" content=\"2025-03-07T12:43:35+00:00\" \/>\n<meta property=\"og:image\" content=\"https:\/\/www.infarma.es\/wp-content\/uploads\/2025\/03\/inf2025-arkopharma-talleres.webp\" \/>\n\t<meta property=\"og:image:width\" content=\"1333\" \/>\n\t<meta property=\"og:image:height\" content=\"750\" \/>\n\t<meta property=\"og:image:type\" content=\"image\/webp\" \/>\n<meta name=\"author\" content=\"xavier\" \/>\n<meta name=\"twitter:card\" content=\"summary_large_image\" \/>\n<meta name=\"twitter:creator\" content=\"@infarma_es\" \/>\n<meta name=\"twitter:site\" content=\"@infarma_es\" \/>\n<meta name=\"twitter:label1\" content=\"Escrit per\" \/>\n\t<meta name=\"twitter:data1\" content=\"xavier\" \/>\n\t<meta name=\"twitter:label2\" content=\"Temps estimat de lectura\" \/>\n\t<meta name=\"twitter:data2\" content=\"3 minuts\" \/>\n<script type=\"application\/ld+json\" class=\"yoast-schema-graph\">{\"@context\":\"https:\\\/\\\/schema.org\",\"@graph\":[{\"@type\":\"Article\",\"@id\":\"https:\\\/\\\/www.infarma.es\\\/ca\\\/arkopharma-talleres-infarma-barcelona-2025\\\/#article\",\"isPartOf\":{\"@id\":\"https:\\\/\\\/www.infarma.es\\\/ca\\\/arkopharma-talleres-infarma-barcelona-2025\\\/\"},\"author\":{\"name\":\"xavier\",\"@id\":\"https:\\\/\\\/www.infarma.es\\\/ca\\\/#\\\/schema\\\/person\\\/e53486dc47606cc5c89217026a8a01a7\"},\"headline\":\"\ud83c\udf3f \u00a1Te esperamos en Infarma Barcelona 2025! \ud83c\udf3f\",\"datePublished\":\"2025-03-07T12:43:35+00:00\",\"mainEntityOfPage\":{\"@id\":\"https:\\\/\\\/www.infarma.es\\\/ca\\\/arkopharma-talleres-infarma-barcelona-2025\\\/\"},\"wordCount\":428,\"publisher\":{\"@id\":\"https:\\\/\\\/www.infarma.es\\\/ca\\\/#organization\"},\"image\":{\"@id\":\"https:\\\/\\\/www.infarma.es\\\/ca\\\/arkopharma-talleres-infarma-barcelona-2025\\\/#primaryimage\"},\"thumbnailUrl\":\"https:\\\/\\\/www.infarma.es\\\/wp-content\\\/uploads\\\/2025\\\/03\\\/inf2025-arkopharma-talleres.webp\",\"articleSection\":[\"Noticias del Sal\u00f3n\"],\"inLanguage\":\"ca\"},{\"@type\":\"WebPage\",\"@id\":\"https:\\\/\\\/www.infarma.es\\\/ca\\\/arkopharma-talleres-infarma-barcelona-2025\\\/\",\"url\":\"https:\\\/\\\/www.infarma.es\\\/ca\\\/arkopharma-talleres-infarma-barcelona-2025\\\/\",\"name\":\"\ud83c\udf3f \u00a1Te esperamos en Infarma Barcelona 2025! \ud83c\udf3f\",\"isPartOf\":{\"@id\":\"https:\\\/\\\/www.infarma.es\\\/ca\\\/#website\"},\"primaryImageOfPage\":{\"@id\":\"https:\\\/\\\/www.infarma.es\\\/ca\\\/arkopharma-talleres-infarma-barcelona-2025\\\/#primaryimage\"},\"image\":{\"@id\":\"https:\\\/\\\/www.infarma.es\\\/ca\\\/arkopharma-talleres-infarma-barcelona-2025\\\/#primaryimage\"},\"thumbnailUrl\":\"https:\\\/\\\/www.infarma.es\\\/wp-content\\\/uploads\\\/2025\\\/03\\\/inf2025-arkopharma-talleres.webp\",\"datePublished\":\"2025-03-07T12:43:35+00:00\",\"description\":\"Arkopharma vuelve a Infarma con una propuesta que no querr\u00e1s perderte. Te invitamos a visitar nuestro stand D75 (Pabell\u00f3n 3) y descubrir los talleres.\",\"breadcrumb\":{\"@id\":\"https:\\\/\\\/www.infarma.es\\\/ca\\\/arkopharma-talleres-infarma-barcelona-2025\\\/#breadcrumb\"},\"inLanguage\":\"ca\",\"potentialAction\":[{\"@type\":\"ReadAction\",\"target\":[\"https:\\\/\\\/www.infarma.es\\\/ca\\\/arkopharma-talleres-infarma-barcelona-2025\\\/\"]}]},{\"@type\":\"ImageObject\",\"inLanguage\":\"ca\",\"@id\":\"https:\\\/\\\/www.infarma.es\\\/ca\\\/arkopharma-talleres-infarma-barcelona-2025\\\/#primaryimage\",\"url\":\"https:\\\/\\\/www.infarma.es\\\/wp-content\\\/uploads\\\/2025\\\/03\\\/inf2025-arkopharma-talleres.webp\",\"contentUrl\":\"https:\\\/\\\/www.infarma.es\\\/wp-content\\\/uploads\\\/2025\\\/03\\\/inf2025-arkopharma-talleres.webp\",\"width\":1333,\"height\":750},{\"@type\":\"BreadcrumbList\",\"@id\":\"https:\\\/\\\/www.infarma.es\\\/ca\\\/arkopharma-talleres-infarma-barcelona-2025\\\/#breadcrumb\",\"itemListElement\":[{\"@type\":\"ListItem\",\"position\":1,\"name\":\"Portada\",\"item\":\"https:\\\/\\\/www.infarma.es\\\/ca\\\/\"},{\"@type\":\"ListItem\",\"position\":2,\"name\":\"\ud83c\udf3f \u00a1Te esperamos en Infarma Barcelona 2025! \ud83c\udf3f\"}]},{\"@type\":\"WebSite\",\"@id\":\"https:\\\/\\\/www.infarma.es\\\/ca\\\/#website\",\"url\":\"https:\\\/\\\/www.infarma.es\\\/ca\\\/\",\"name\":\"Infarma\",\"description\":\"El mayor encuentro de farmacia\",\"publisher\":{\"@id\":\"https:\\\/\\\/www.infarma.es\\\/ca\\\/#organization\"},\"potentialAction\":[{\"@type\":\"SearchAction\",\"target\":{\"@type\":\"EntryPoint\",\"urlTemplate\":\"https:\\\/\\\/www.infarma.es\\\/ca\\\/?s={search_term_string}\"},\"query-input\":{\"@type\":\"PropertyValueSpecification\",\"valueRequired\":true,\"valueName\":\"search_term_string\"}}],\"inLanguage\":\"ca\"},{\"@type\":\"Organization\",\"@id\":\"https:\\\/\\\/www.infarma.es\\\/ca\\\/#organization\",\"name\":\"Infarma\",\"url\":\"https:\\\/\\\/www.infarma.es\\\/ca\\\/\",\"logo\":{\"@type\":\"ImageObject\",\"inLanguage\":\"ca\",\"@id\":\"https:\\\/\\\/www.infarma.es\\\/ca\\\/#\\\/schema\\\/logo\\\/image\\\/\",\"url\":\"https:\\\/\\\/www.infarma.es\\\/wp-content\\\/uploads\\\/2024\\\/10\\\/logo-simple.svg\",\"contentUrl\":\"https:\\\/\\\/www.infarma.es\\\/wp-content\\\/uploads\\\/2024\\\/10\\\/logo-simple.svg\",\"width\":1,\"height\":1,\"caption\":\"Infarma\"},\"image\":{\"@id\":\"https:\\\/\\\/www.infarma.es\\\/ca\\\/#\\\/schema\\\/logo\\\/image\\\/\"},\"sameAs\":[\"https:\\\/\\\/www.facebook.com\\\/infarmaoficial\\\/\",\"https:\\\/\\\/x.com\\\/infarma_es\",\"https:\\\/\\\/www.instagram.com\\\/infarma_oficial\\\/\",\"https:\\\/\\\/www.linkedin.com\\\/showcase\\\/infarma-salon\\\/\",\"https:\\\/\\\/www.youtube.com\\\/@INFARMAOFICIAL\"]},{\"@type\":\"Person\",\"@id\":\"https:\\\/\\\/www.infarma.es\\\/ca\\\/#\\\/schema\\\/person\\\/e53486dc47606cc5c89217026a8a01a7\",\"name\":\"xavier\",\"image\":{\"@type\":\"ImageObject\",\"inLanguage\":\"ca\",\"@id\":\"https:\\\/\\\/secure.gravatar.com\\\/avatar\\\/9014b89254123c1f240ae636cc793b98ce50ec2df162909756be1d23adc503e4?s=96&d=mm&r=g\",\"url\":\"https:\\\/\\\/secure.gravatar.com\\\/avatar\\\/9014b89254123c1f240ae636cc793b98ce50ec2df162909756be1d23adc503e4?s=96&d=mm&r=g\",\"contentUrl\":\"https:\\\/\\\/secure.gravatar.com\\\/avatar\\\/9014b89254123c1f240ae636cc793b98ce50ec2df162909756be1d23adc503e4?s=96&d=mm&r=g\",\"caption\":\"xavier\"},\"url\":\"https:\\\/\\\/www.infarma.es\\\/ca\\\/author\\\/xavier\\\/\"}]}<\/script>\n<!-- \/ Yoast SEO plugin. -->","yoast_head_json":{"title":"\ud83c\udf3f \u00a1Te esperamos en Infarma Barcelona 2025! \ud83c\udf3f","description":"Arkopharma vuelve a Infarma con una propuesta que no querr\u00e1s perderte. Te invitamos a visitar nuestro stand D75 (Pabell\u00f3n 3) y descubrir los talleres.","robots":{"index":"index","follow":"follow","max-snippet":"max-snippet:-1","max-image-preview":"max-image-preview:large","max-video-preview":"max-video-preview:-1"},"canonical":"https:\/\/www.infarma.es\/ca\/arkopharma-talleres-infarma-barcelona-2025\/","og_locale":"ca_ES","og_type":"article","og_title":"\ud83c\udf3f \u00a1Te esperamos en Infarma Barcelona 2025! \ud83c\udf3f","og_description":"Arkopharma vuelve a Infarma con una propuesta que no querr\u00e1s perderte. Te invitamos a visitar nuestro stand D75 (Pabell\u00f3n 3) y descubrir los talleres.","og_url":"https:\/\/www.infarma.es\/ca\/arkopharma-talleres-infarma-barcelona-2025\/","og_site_name":"Infarma","article_publisher":"https:\/\/www.facebook.com\/infarmaoficial\/","article_published_time":"2025-03-07T12:43:35+00:00","og_image":[{"width":1333,"height":750,"url":"https:\/\/www.infarma.es\/wp-content\/uploads\/2025\/03\/inf2025-arkopharma-talleres.webp","type":"image\/webp"}],"author":"xavier","twitter_card":"summary_large_image","twitter_creator":"@infarma_es","twitter_site":"@infarma_es","twitter_misc":{"Escrit per":"xavier","Temps estimat de lectura":"3 minuts"},"schema":{"@context":"https:\/\/schema.org","@graph":[{"@type":"Article","@id":"https:\/\/www.infarma.es\/ca\/arkopharma-talleres-infarma-barcelona-2025\/#article","isPartOf":{"@id":"https:\/\/www.infarma.es\/ca\/arkopharma-talleres-infarma-barcelona-2025\/"},"author":{"name":"xavier","@id":"https:\/\/www.infarma.es\/ca\/#\/schema\/person\/e53486dc47606cc5c89217026a8a01a7"},"headline":"\ud83c\udf3f \u00a1Te esperamos en Infarma Barcelona 2025! \ud83c\udf3f","datePublished":"2025-03-07T12:43:35+00:00","mainEntityOfPage":{"@id":"https:\/\/www.infarma.es\/ca\/arkopharma-talleres-infarma-barcelona-2025\/"},"wordCount":428,"publisher":{"@id":"https:\/\/www.infarma.es\/ca\/#organization"},"image":{"@id":"https:\/\/www.infarma.es\/ca\/arkopharma-talleres-infarma-barcelona-2025\/#primaryimage"},"thumbnailUrl":"https:\/\/www.infarma.es\/wp-content\/uploads\/2025\/03\/inf2025-arkopharma-talleres.webp","articleSection":["Noticias del Sal\u00f3n"],"inLanguage":"ca"},{"@type":"WebPage","@id":"https:\/\/www.infarma.es\/ca\/arkopharma-talleres-infarma-barcelona-2025\/","url":"https:\/\/www.infarma.es\/ca\/arkopharma-talleres-infarma-barcelona-2025\/","name":"\ud83c\udf3f \u00a1Te esperamos en Infarma Barcelona 2025! \ud83c\udf3f","isPartOf":{"@id":"https:\/\/www.infarma.es\/ca\/#website"},"primaryImageOfPage":{"@id":"https:\/\/www.infarma.es\/ca\/arkopharma-talleres-infarma-barcelona-2025\/#primaryimage"},"image":{"@id":"https:\/\/www.infarma.es\/ca\/arkopharma-talleres-infarma-barcelona-2025\/#primaryimage"},"thumbnailUrl":"https:\/\/www.infarma.es\/wp-content\/uploads\/2025\/03\/inf2025-arkopharma-talleres.webp","datePublished":"2025-03-07T12:43:35+00:00","description":"Arkopharma vuelve a Infarma con una propuesta que no querr\u00e1s perderte. Te invitamos a visitar nuestro stand D75 (Pabell\u00f3n 3) y descubrir los talleres.","breadcrumb":{"@id":"https:\/\/www.infarma.es\/ca\/arkopharma-talleres-infarma-barcelona-2025\/#breadcrumb"},"inLanguage":"ca","potentialAction":[{"@type":"ReadAction","target":["https:\/\/www.infarma.es\/ca\/arkopharma-talleres-infarma-barcelona-2025\/"]}]},{"@type":"ImageObject","inLanguage":"ca","@id":"https:\/\/www.infarma.es\/ca\/arkopharma-talleres-infarma-barcelona-2025\/#primaryimage","url":"https:\/\/www.infarma.es\/wp-content\/uploads\/2025\/03\/inf2025-arkopharma-talleres.webp","contentUrl":"https:\/\/www.infarma.es\/wp-content\/uploads\/2025\/03\/inf2025-arkopharma-talleres.webp","width":1333,"height":750},{"@type":"BreadcrumbList","@id":"https:\/\/www.infarma.es\/ca\/arkopharma-talleres-infarma-barcelona-2025\/#breadcrumb","itemListElement":[{"@type":"ListItem","position":1,"name":"Portada","item":"https:\/\/www.infarma.es\/ca\/"},{"@type":"ListItem","position":2,"name":"\ud83c\udf3f \u00a1Te esperamos en Infarma Barcelona 2025! \ud83c\udf3f"}]},{"@type":"WebSite","@id":"https:\/\/www.infarma.es\/ca\/#website","url":"https:\/\/www.infarma.es\/ca\/","name":"Infarma","description":"El mayor encuentro de farmacia","publisher":{"@id":"https:\/\/www.infarma.es\/ca\/#organization"},"potentialAction":[{"@type":"SearchAction","target":{"@type":"EntryPoint","urlTemplate":"https:\/\/www.infarma.es\/ca\/?s={search_term_string}"},"query-input":{"@type":"PropertyValueSpecification","valueRequired":true,"valueName":"search_term_string"}}],"inLanguage":"ca"},{"@type":"Organization","@id":"https:\/\/www.infarma.es\/ca\/#organization","name":"Infarma","url":"https:\/\/www.infarma.es\/ca\/","logo":{"@type":"ImageObject","inLanguage":"ca","@id":"https:\/\/www.infarma.es\/ca\/#\/schema\/logo\/image\/","url":"https:\/\/www.infarma.es\/wp-content\/uploads\/2024\/10\/logo-simple.svg","contentUrl":"https:\/\/www.infarma.es\/wp-content\/uploads\/2024\/10\/logo-simple.svg","width":1,"height":1,"caption":"Infarma"},"image":{"@id":"https:\/\/www.infarma.es\/ca\/#\/schema\/logo\/image\/"},"sameAs":["https:\/\/www.facebook.com\/infarmaoficial\/","https:\/\/x.com\/infarma_es","https:\/\/www.instagram.com\/infarma_oficial\/","https:\/\/www.linkedin.com\/showcase\/infarma-salon\/","https:\/\/www.youtube.com\/@INFARMAOFICIAL"]},{"@type":"Person","@id":"https:\/\/www.infarma.es\/ca\/#\/schema\/person\/e53486dc47606cc5c89217026a8a01a7","name":"xavier","image":{"@type":"ImageObject","inLanguage":"ca","@id":"https:\/\/secure.gravatar.com\/avatar\/9014b89254123c1f240ae636cc793b98ce50ec2df162909756be1d23adc503e4?s=96&d=mm&r=g","url":"https:\/\/secure.gravatar.com\/avatar\/9014b89254123c1f240ae636cc793b98ce50ec2df162909756be1d23adc503e4?s=96&d=mm&r=g","contentUrl":"https:\/\/secure.gravatar.com\/avatar\/9014b89254123c1f240ae636cc793b98ce50ec2df162909756be1d23adc503e4?s=96&d=mm&r=g","caption":"xavier"},"url":"https:\/\/www.infarma.es\/ca\/author\/xavier\/"}]}},"_links":{"self":[{"href":"https:\/\/www.infarma.es\/ca\/wp-json\/wp\/v2\/posts\/18944","targetHints":{"allow":["GET"]}}],"collection":[{"href":"https:\/\/www.infarma.es\/ca\/wp-json\/wp\/v2\/posts"}],"about":[{"href":"https:\/\/www.infarma.es\/ca\/wp-json\/wp\/v2\/types\/post"}],"author":[{"embeddable":true,"href":"https:\/\/www.infarma.es\/ca\/wp-json\/wp\/v2\/users\/2"}],"replies":[{"embeddable":true,"href":"https:\/\/www.infarma.es\/ca\/wp-json\/wp\/v2\/comments?post=18944"}],"version-history":[{"count":2,"href":"https:\/\/www.infarma.es\/ca\/wp-json\/wp\/v2\/posts\/18944\/revisions"}],"predecessor-version":[{"id":18949,"href":"https:\/\/www.infarma.es\/ca\/wp-json\/wp\/v2\/posts\/18944\/revisions\/18949"}],"wp:featuredmedia":[{"embeddable":true,"href":"https:\/\/www.infarma.es\/ca\/wp-json\/wp\/v2\/media\/18945"}],"wp:attachment":[{"href":"https:\/\/www.infarma.es\/ca\/wp-json\/wp\/v2\/media?parent=18944"}],"wp:term":[{"taxonomy":"category","embeddable":true,"href":"https:\/\/www.infarma.es\/ca\/wp-json\/wp\/v2\/categories?post=18944"},{"taxonomy":"post_tag","embeddable":true,"href":"https:\/\/www.infarma.es\/ca\/wp-json\/wp\/v2\/tags?post=18944"}],"curies":[{"name":"wp","href":"https:\/\/api.w.org\/{rel}","templated":true}]}}