{"id":19197,"date":"2025-03-17T18:26:32","date_gmt":"2025-03-17T17:26:32","guid":{"rendered":"https:\/\/www.infarma.es\/?p=19197"},"modified":"2025-03-18T17:52:48","modified_gmt":"2025-03-18T16:52:48","slug":"gh-gema-herrerias-infarma-lanzamiento-experiencias-exclusivas","status":"publish","type":"post","link":"https:\/\/www.infarma.es\/ca\/gh-gema-herrerias-infarma-lanzamiento-experiencias-exclusivas\/","title":{"rendered":"gh Gema Herrer\u00edas aterriza en INFARMA con un gran lanzamiento y experiencias exclusivas"},"content":{"rendered":"\n<ul class=\"wp-block-list\">\n<li>gh Gema Herrer\u00edas estar\u00e1 presente en el stand<strong> D88 <\/strong>durante la pr\u00f3xima edici\u00f3n de INFARMA que se celebrar\u00e1 del 25 al 27 de marzo en Barcelona.<\/li>\n\n\n\n<li>Un evento imprescindible para descubrir la marca de referencia en Dermofarmacia y vivir el lanzamiento que marcar\u00e1 un antes y un despu\u00e9s en el cuidado de la piel.<\/li>\n<\/ul>\n\n\n\n<p>gh Gema Herrer\u00edas vuelve a <strong>INFARMA<\/strong> con m\u00e1s fuerza que nunca, consolidando su compromiso con los farmac\u00e9uticos como canal exclusivo de venta. Esta edici\u00f3n ser\u00e1 especial: por primera vez, la marca contar\u00e1 con un <strong>stand propio <\/strong>en el que los asistentes podr\u00e1n conocer en profundidad la marca, participar en actividades exclusivas y <strong>vivir el gran lanzamiento del a\u00f1o<\/strong>.<\/p>\n\n\n\n<p>Del <strong>25 al 27 de marzo en Barcelona<\/strong>, el <strong>stand D88<\/strong> de gh Gema Herrer\u00edas se convertir\u00e1 en un punto de encuentro imprescindible para los profesionales de la Dermofarmacia.<\/p>\n\n\n\n<p>Durante los tres d\u00edas de feria, los asistentes podr\u00e1n:<\/p>\n\n\n\n<p>\u00a0&#8211; <strong>Descubrir su C\u00f3digo Piel \u00fanico<\/strong> y llevarse un regalo personalizado.<\/p>\n\n\n\n<p>\u00a0&#8211; <strong>Sumergirse en el M\u00e9todo gh<\/strong> y en las <strong>12 rutinas del C\u00f3digo Piel<\/strong>, dise\u00f1adas por Gema Herrer\u00edas para ayudar a los profesionales de Dermofarmacia a ofrecer la mejor recomendaci\u00f3n personalizada.<\/p>\n\n\n\n<p>&#8211; <strong>Disfrutar de una actividad exclusiva <\/strong>de la mano de <strong>Cristina Mitre<\/strong><br><em>(Cristina Mitre es periodista y autora de El Podcast de Cristina Mitre, el programa online m\u00e1s popular sobre salud, belleza, nutrici\u00f3n y fitness en Espa\u00f1a, con m\u00e1s de 29 millones de descargas)<\/em><\/p>\n\n\n\n<p>&#8211; Acudir a la presentaci\u00f3n del nuevo DOBLE o NADA <strong>el martes 25 a las 13h: Boticaria Garc\u00eda te trae DOBLE FIRMEZA<\/strong>, donde descubrir\u00e1s c\u00f3mo el ejercicio de fuerza no solo es clave para la salud, sino tambi\u00e9n un gran aliado para mejorar la firmeza de la piel.<br><em>(Mari\u00e1n Garc\u00eda, m\u00e1s conocida como Boticaria Garc\u00eda, es doctora en Farmacia y nutricionista, y una de las divulgadoras sanitarias m\u00e1s influyentes de Espa\u00f1a. Su labor en televisi\u00f3n, radio y prensa, junto con su comunidad de m\u00e1s de <strong>700.000 seguidores<\/strong> en redes sociales, la han convertido en una referencia en el sector.)<\/em><\/p>\n\n\n\n<p>&#8211; <strong>Conocer toda la l\u00ednea de productos gh<\/strong> y explorar las innovaciones m\u00e1s recientes en Dermofarmacia.<\/p>\n\n\n\n<p>Y el momento m\u00e1s esperado\u2026 <strong>el mi\u00e9rcoles 26 de marzo a las 13h<\/strong>, gh Gema Herrer\u00edas desvelar\u00e1 <strong>un lanzamiento revolucionario<\/strong> que marcar\u00e1 un antes y un despu\u00e9s en el cuidado de la piel. Una oportunidad \u00fanica para descubrir en primicia la \u00faltima innovaci\u00f3n de la marca.<\/p>\n\n\n\n<p><strong>gh Gema Herrer\u00edas en INFARMA: Ciencia para tu C\u00f3digo Piel.<br>\u00a1Nos vemos en el stand D88!<\/strong><\/p>\n\n\n\n<div style=\"height:40px\" aria-hidden=\"true\" class=\"wp-block-spacer\"><\/div>\n\n\n\n<h4 class=\"wp-block-heading\"><strong>Sobre gh Gema Herrer\u00edas<br>Ciencia para tu c\u00f3digo piel.<\/strong><\/h4>\n\n\n\n<p>Nuestra historia nace en la consulta de <strong>Gema Herrer\u00edas<\/strong> en A5 Farmacia, en Sevilla, donde su enfoque en la Dermofarmacia y su experiencia profesional la llevaron a detectar necesidades no cubiertas en el cuidado de la piel. Inspirada por estos retos, en 2017 desarroll\u00f3 su primer producto: un aceite limpiador que marc\u00f3 el inicio de una marca comprometida con la excelencia y la innovaci\u00f3n.<\/p>\n\n\n\n<p>Hoy, <strong>nuestra l\u00ednea cuenta con m\u00e1s de 30 productos disponibles en 1.800 puntos de venta en toda Espa\u00f1a, exclusivamente en el canal farmacia.<\/strong> Nos hemos consolidado como un referente gracias a creaciones ic\u00f3nicas como <strong>gh Funci\u00f3n Barrera cremagel<\/strong>, l\u00edder en ventas y pionero en establecer nuevas tendencias, nuestro galardonado <strong>gh 25 P\u00c9PTIDOS-TH s\u00e9rum<\/strong>, reconocido por su eficacia, o innovaciones como <strong>gh 2000 RETINAL-R,<\/strong> que en primavera de 2024 introdujo por primera vez los exosomas en un producto cosm\u00e9tico en el canal farmacia.<\/p>\n\n\n\n<p>En gh Gema Herrer\u00edas aplicamos el exclusivo <strong>M\u00e9todo gh<\/strong>, una metodolog\u00eda que combina ciencia y personalizaci\u00f3n para ofrecer rutinas adaptadas al <strong>C\u00f3digo Piel \u00fanico<\/strong> de cada persona. Y para quienes buscan rutinas avanzadas y resultados excepcionales, presentamos el enfoque <strong>Doble o Nada<\/strong>, dise\u00f1ado para llevar el cuidado de la piel al siguiente nivel.<\/p>\n\n\n\n<p>La calidad y la eficacia son pilares fundamentales en todo lo que hacemos. Por eso, contamos con <strong>laboratorio propio en Sevilla y apostamos firmemente por la innovaci\u00f3n constante, invirtiendo en I+D+i y en estudios cl\u00ednicos<\/strong> que avalan la eficacia de nuestras f\u00f3rmulas. Este compromiso nos permite ofrecer soluciones avanzadas, cient\u00edficamente respaldadas.<\/p>\n\n\n\n<p><\/p>\n","protected":false},"excerpt":{"rendered":"<p>gh Gema Herrer\u00edas vuelve a INFARMA con m\u00e1s fuerza que nunca, consolidando su compromiso con los farmac\u00e9uticos como canal exclusivo de venta. Esta edici\u00f3n ser\u00e1 especial: por primera vez, la marca contar\u00e1 con un stand propio en el que los asistentes podr\u00e1n conocer en profundidad la marca, participar en actividades exclusivas y vivir el gran [&hellip;]<\/p>\n","protected":false},"author":2,"featured_media":19198,"comment_status":"closed","ping_status":"open","sticky":false,"template":"","format":"standard","meta":{"footnotes":""},"categories":[141],"tags":[],"class_list":["post-19197","post","type-post","status-publish","format-standard","has-post-thumbnail","hentry","category-noticias-del-salon"],"yoast_head":"<!-- This site is optimized with the Yoast SEO plugin v27.4 - https:\/\/yoast.com\/product\/yoast-seo-wordpress\/ -->\n<title>gh Gema Herrer\u00edas aterriza en INFARMA con un gran lanzamiento y experiencias exclusivas<\/title>\n<meta name=\"description\" content=\"gh Gema Herrer\u00edas vuelve a INFARMA con m\u00e1s fuerza que nunca, consolidando su compromiso con los farmac\u00e9uticos como canal exclusivo de venta.\" \/>\n<meta name=\"robots\" content=\"index, follow, max-snippet:-1, max-image-preview:large, max-video-preview:-1\" \/>\n<link rel=\"canonical\" href=\"https:\/\/www.infarma.es\/ca\/gh-gema-herrerias-infarma-lanzamiento-experiencias-exclusivas\/\" \/>\n<meta property=\"og:locale\" content=\"ca_ES\" \/>\n<meta property=\"og:type\" content=\"article\" \/>\n<meta property=\"og:title\" content=\"gh Gema Herrer\u00edas aterriza en INFARMA con un gran lanzamiento y experiencias exclusivas\" \/>\n<meta property=\"og:description\" content=\"gh Gema Herrer\u00edas vuelve a INFARMA con m\u00e1s fuerza que nunca, consolidando su compromiso con los farmac\u00e9uticos como canal exclusivo de venta.\" \/>\n<meta property=\"og:url\" content=\"https:\/\/www.infarma.es\/ca\/gh-gema-herrerias-infarma-lanzamiento-experiencias-exclusivas\/\" \/>\n<meta property=\"og:site_name\" content=\"Infarma\" \/>\n<meta property=\"article:publisher\" content=\"https:\/\/www.facebook.com\/infarmaoficial\/\" \/>\n<meta property=\"article:published_time\" content=\"2025-03-17T17:26:32+00:00\" \/>\n<meta property=\"article:modified_time\" content=\"2025-03-18T16:52:48+00:00\" \/>\n<meta property=\"og:image\" content=\"https:\/\/www.infarma.es\/wp-content\/uploads\/2025\/03\/inf2025-ghGemaHerrerias-blog.webp\" \/>\n\t<meta property=\"og:image:width\" content=\"1600\" \/>\n\t<meta property=\"og:image:height\" content=\"900\" \/>\n\t<meta property=\"og:image:type\" content=\"image\/webp\" \/>\n<meta name=\"author\" content=\"xavier\" \/>\n<meta name=\"twitter:card\" content=\"summary_large_image\" \/>\n<meta name=\"twitter:creator\" content=\"@infarma_es\" \/>\n<meta name=\"twitter:site\" content=\"@infarma_es\" \/>\n<meta name=\"twitter:label1\" content=\"Escrit per\" \/>\n\t<meta name=\"twitter:data1\" content=\"xavier\" \/>\n\t<meta name=\"twitter:label2\" content=\"Temps estimat de lectura\" \/>\n\t<meta name=\"twitter:data2\" content=\"4 minuts\" \/>\n<script type=\"application\/ld+json\" class=\"yoast-schema-graph\">{\"@context\":\"https:\\\/\\\/schema.org\",\"@graph\":[{\"@type\":\"Article\",\"@id\":\"https:\\\/\\\/www.infarma.es\\\/ca\\\/gh-gema-herrerias-infarma-lanzamiento-experiencias-exclusivas\\\/#article\",\"isPartOf\":{\"@id\":\"https:\\\/\\\/www.infarma.es\\\/ca\\\/gh-gema-herrerias-infarma-lanzamiento-experiencias-exclusivas\\\/\"},\"author\":{\"name\":\"xavier\",\"@id\":\"https:\\\/\\\/www.infarma.es\\\/ca\\\/#\\\/schema\\\/person\\\/e53486dc47606cc5c89217026a8a01a7\"},\"headline\":\"gh Gema Herrer\u00edas aterriza en INFARMA con un gran lanzamiento y experiencias exclusivas\",\"datePublished\":\"2025-03-17T17:26:32+00:00\",\"dateModified\":\"2025-03-18T16:52:48+00:00\",\"mainEntityOfPage\":{\"@id\":\"https:\\\/\\\/www.infarma.es\\\/ca\\\/gh-gema-herrerias-infarma-lanzamiento-experiencias-exclusivas\\\/\"},\"wordCount\":740,\"publisher\":{\"@id\":\"https:\\\/\\\/www.infarma.es\\\/ca\\\/#organization\"},\"image\":{\"@id\":\"https:\\\/\\\/www.infarma.es\\\/ca\\\/gh-gema-herrerias-infarma-lanzamiento-experiencias-exclusivas\\\/#primaryimage\"},\"thumbnailUrl\":\"https:\\\/\\\/www.infarma.es\\\/wp-content\\\/uploads\\\/2025\\\/03\\\/inf2025-ghGemaHerrerias-blog.webp\",\"articleSection\":[\"Noticias del Sal\u00f3n\"],\"inLanguage\":\"ca\"},{\"@type\":\"WebPage\",\"@id\":\"https:\\\/\\\/www.infarma.es\\\/ca\\\/gh-gema-herrerias-infarma-lanzamiento-experiencias-exclusivas\\\/\",\"url\":\"https:\\\/\\\/www.infarma.es\\\/ca\\\/gh-gema-herrerias-infarma-lanzamiento-experiencias-exclusivas\\\/\",\"name\":\"gh Gema Herrer\u00edas aterriza en INFARMA con un gran lanzamiento y experiencias exclusivas\",\"isPartOf\":{\"@id\":\"https:\\\/\\\/www.infarma.es\\\/ca\\\/#website\"},\"primaryImageOfPage\":{\"@id\":\"https:\\\/\\\/www.infarma.es\\\/ca\\\/gh-gema-herrerias-infarma-lanzamiento-experiencias-exclusivas\\\/#primaryimage\"},\"image\":{\"@id\":\"https:\\\/\\\/www.infarma.es\\\/ca\\\/gh-gema-herrerias-infarma-lanzamiento-experiencias-exclusivas\\\/#primaryimage\"},\"thumbnailUrl\":\"https:\\\/\\\/www.infarma.es\\\/wp-content\\\/uploads\\\/2025\\\/03\\\/inf2025-ghGemaHerrerias-blog.webp\",\"datePublished\":\"2025-03-17T17:26:32+00:00\",\"dateModified\":\"2025-03-18T16:52:48+00:00\",\"description\":\"gh Gema Herrer\u00edas vuelve a INFARMA con m\u00e1s fuerza que nunca, consolidando su compromiso con los farmac\u00e9uticos como canal exclusivo de venta.\",\"breadcrumb\":{\"@id\":\"https:\\\/\\\/www.infarma.es\\\/ca\\\/gh-gema-herrerias-infarma-lanzamiento-experiencias-exclusivas\\\/#breadcrumb\"},\"inLanguage\":\"ca\",\"potentialAction\":[{\"@type\":\"ReadAction\",\"target\":[\"https:\\\/\\\/www.infarma.es\\\/ca\\\/gh-gema-herrerias-infarma-lanzamiento-experiencias-exclusivas\\\/\"]}]},{\"@type\":\"ImageObject\",\"inLanguage\":\"ca\",\"@id\":\"https:\\\/\\\/www.infarma.es\\\/ca\\\/gh-gema-herrerias-infarma-lanzamiento-experiencias-exclusivas\\\/#primaryimage\",\"url\":\"https:\\\/\\\/www.infarma.es\\\/wp-content\\\/uploads\\\/2025\\\/03\\\/inf2025-ghGemaHerrerias-blog.webp\",\"contentUrl\":\"https:\\\/\\\/www.infarma.es\\\/wp-content\\\/uploads\\\/2025\\\/03\\\/inf2025-ghGemaHerrerias-blog.webp\",\"width\":1600,\"height\":900},{\"@type\":\"BreadcrumbList\",\"@id\":\"https:\\\/\\\/www.infarma.es\\\/ca\\\/gh-gema-herrerias-infarma-lanzamiento-experiencias-exclusivas\\\/#breadcrumb\",\"itemListElement\":[{\"@type\":\"ListItem\",\"position\":1,\"name\":\"Portada\",\"item\":\"https:\\\/\\\/www.infarma.es\\\/ca\\\/\"},{\"@type\":\"ListItem\",\"position\":2,\"name\":\"gh Gema Herrer\u00edas aterriza en INFARMA con un gran lanzamiento y experiencias exclusivas\"}]},{\"@type\":\"WebSite\",\"@id\":\"https:\\\/\\\/www.infarma.es\\\/ca\\\/#website\",\"url\":\"https:\\\/\\\/www.infarma.es\\\/ca\\\/\",\"name\":\"Infarma\",\"description\":\"El mayor encuentro de farmacia\",\"publisher\":{\"@id\":\"https:\\\/\\\/www.infarma.es\\\/ca\\\/#organization\"},\"potentialAction\":[{\"@type\":\"SearchAction\",\"target\":{\"@type\":\"EntryPoint\",\"urlTemplate\":\"https:\\\/\\\/www.infarma.es\\\/ca\\\/?s={search_term_string}\"},\"query-input\":{\"@type\":\"PropertyValueSpecification\",\"valueRequired\":true,\"valueName\":\"search_term_string\"}}],\"inLanguage\":\"ca\"},{\"@type\":\"Organization\",\"@id\":\"https:\\\/\\\/www.infarma.es\\\/ca\\\/#organization\",\"name\":\"Infarma\",\"url\":\"https:\\\/\\\/www.infarma.es\\\/ca\\\/\",\"logo\":{\"@type\":\"ImageObject\",\"inLanguage\":\"ca\",\"@id\":\"https:\\\/\\\/www.infarma.es\\\/ca\\\/#\\\/schema\\\/logo\\\/image\\\/\",\"url\":\"https:\\\/\\\/www.infarma.es\\\/wp-content\\\/uploads\\\/2024\\\/10\\\/logo-simple.svg\",\"contentUrl\":\"https:\\\/\\\/www.infarma.es\\\/wp-content\\\/uploads\\\/2024\\\/10\\\/logo-simple.svg\",\"width\":1,\"height\":1,\"caption\":\"Infarma\"},\"image\":{\"@id\":\"https:\\\/\\\/www.infarma.es\\\/ca\\\/#\\\/schema\\\/logo\\\/image\\\/\"},\"sameAs\":[\"https:\\\/\\\/www.facebook.com\\\/infarmaoficial\\\/\",\"https:\\\/\\\/x.com\\\/infarma_es\",\"https:\\\/\\\/www.instagram.com\\\/infarma_oficial\\\/\",\"https:\\\/\\\/www.linkedin.com\\\/showcase\\\/infarma-salon\\\/\",\"https:\\\/\\\/www.youtube.com\\\/@INFARMAOFICIAL\"]},{\"@type\":\"Person\",\"@id\":\"https:\\\/\\\/www.infarma.es\\\/ca\\\/#\\\/schema\\\/person\\\/e53486dc47606cc5c89217026a8a01a7\",\"name\":\"xavier\",\"image\":{\"@type\":\"ImageObject\",\"inLanguage\":\"ca\",\"@id\":\"https:\\\/\\\/secure.gravatar.com\\\/avatar\\\/9014b89254123c1f240ae636cc793b98ce50ec2df162909756be1d23adc503e4?s=96&d=mm&r=g\",\"url\":\"https:\\\/\\\/secure.gravatar.com\\\/avatar\\\/9014b89254123c1f240ae636cc793b98ce50ec2df162909756be1d23adc503e4?s=96&d=mm&r=g\",\"contentUrl\":\"https:\\\/\\\/secure.gravatar.com\\\/avatar\\\/9014b89254123c1f240ae636cc793b98ce50ec2df162909756be1d23adc503e4?s=96&d=mm&r=g\",\"caption\":\"xavier\"},\"url\":\"https:\\\/\\\/www.infarma.es\\\/ca\\\/author\\\/xavier\\\/\"}]}<\/script>\n<!-- \/ Yoast SEO plugin. -->","yoast_head_json":{"title":"gh Gema Herrer\u00edas aterriza en INFARMA con un gran lanzamiento y experiencias exclusivas","description":"gh Gema Herrer\u00edas vuelve a INFARMA con m\u00e1s fuerza que nunca, consolidando su compromiso con los farmac\u00e9uticos como canal exclusivo de venta.","robots":{"index":"index","follow":"follow","max-snippet":"max-snippet:-1","max-image-preview":"max-image-preview:large","max-video-preview":"max-video-preview:-1"},"canonical":"https:\/\/www.infarma.es\/ca\/gh-gema-herrerias-infarma-lanzamiento-experiencias-exclusivas\/","og_locale":"ca_ES","og_type":"article","og_title":"gh Gema Herrer\u00edas aterriza en INFARMA con un gran lanzamiento y experiencias exclusivas","og_description":"gh Gema Herrer\u00edas vuelve a INFARMA con m\u00e1s fuerza que nunca, consolidando su compromiso con los farmac\u00e9uticos como canal exclusivo de venta.","og_url":"https:\/\/www.infarma.es\/ca\/gh-gema-herrerias-infarma-lanzamiento-experiencias-exclusivas\/","og_site_name":"Infarma","article_publisher":"https:\/\/www.facebook.com\/infarmaoficial\/","article_published_time":"2025-03-17T17:26:32+00:00","article_modified_time":"2025-03-18T16:52:48+00:00","og_image":[{"width":1600,"height":900,"url":"https:\/\/www.infarma.es\/wp-content\/uploads\/2025\/03\/inf2025-ghGemaHerrerias-blog.webp","type":"image\/webp"}],"author":"xavier","twitter_card":"summary_large_image","twitter_creator":"@infarma_es","twitter_site":"@infarma_es","twitter_misc":{"Escrit per":"xavier","Temps estimat de lectura":"4 minuts"},"schema":{"@context":"https:\/\/schema.org","@graph":[{"@type":"Article","@id":"https:\/\/www.infarma.es\/ca\/gh-gema-herrerias-infarma-lanzamiento-experiencias-exclusivas\/#article","isPartOf":{"@id":"https:\/\/www.infarma.es\/ca\/gh-gema-herrerias-infarma-lanzamiento-experiencias-exclusivas\/"},"author":{"name":"xavier","@id":"https:\/\/www.infarma.es\/ca\/#\/schema\/person\/e53486dc47606cc5c89217026a8a01a7"},"headline":"gh Gema Herrer\u00edas aterriza en INFARMA con un gran lanzamiento y experiencias exclusivas","datePublished":"2025-03-17T17:26:32+00:00","dateModified":"2025-03-18T16:52:48+00:00","mainEntityOfPage":{"@id":"https:\/\/www.infarma.es\/ca\/gh-gema-herrerias-infarma-lanzamiento-experiencias-exclusivas\/"},"wordCount":740,"publisher":{"@id":"https:\/\/www.infarma.es\/ca\/#organization"},"image":{"@id":"https:\/\/www.infarma.es\/ca\/gh-gema-herrerias-infarma-lanzamiento-experiencias-exclusivas\/#primaryimage"},"thumbnailUrl":"https:\/\/www.infarma.es\/wp-content\/uploads\/2025\/03\/inf2025-ghGemaHerrerias-blog.webp","articleSection":["Noticias del Sal\u00f3n"],"inLanguage":"ca"},{"@type":"WebPage","@id":"https:\/\/www.infarma.es\/ca\/gh-gema-herrerias-infarma-lanzamiento-experiencias-exclusivas\/","url":"https:\/\/www.infarma.es\/ca\/gh-gema-herrerias-infarma-lanzamiento-experiencias-exclusivas\/","name":"gh Gema Herrer\u00edas aterriza en INFARMA con un gran lanzamiento y experiencias exclusivas","isPartOf":{"@id":"https:\/\/www.infarma.es\/ca\/#website"},"primaryImageOfPage":{"@id":"https:\/\/www.infarma.es\/ca\/gh-gema-herrerias-infarma-lanzamiento-experiencias-exclusivas\/#primaryimage"},"image":{"@id":"https:\/\/www.infarma.es\/ca\/gh-gema-herrerias-infarma-lanzamiento-experiencias-exclusivas\/#primaryimage"},"thumbnailUrl":"https:\/\/www.infarma.es\/wp-content\/uploads\/2025\/03\/inf2025-ghGemaHerrerias-blog.webp","datePublished":"2025-03-17T17:26:32+00:00","dateModified":"2025-03-18T16:52:48+00:00","description":"gh Gema Herrer\u00edas vuelve a INFARMA con m\u00e1s fuerza que nunca, consolidando su compromiso con los farmac\u00e9uticos como canal exclusivo de venta.","breadcrumb":{"@id":"https:\/\/www.infarma.es\/ca\/gh-gema-herrerias-infarma-lanzamiento-experiencias-exclusivas\/#breadcrumb"},"inLanguage":"ca","potentialAction":[{"@type":"ReadAction","target":["https:\/\/www.infarma.es\/ca\/gh-gema-herrerias-infarma-lanzamiento-experiencias-exclusivas\/"]}]},{"@type":"ImageObject","inLanguage":"ca","@id":"https:\/\/www.infarma.es\/ca\/gh-gema-herrerias-infarma-lanzamiento-experiencias-exclusivas\/#primaryimage","url":"https:\/\/www.infarma.es\/wp-content\/uploads\/2025\/03\/inf2025-ghGemaHerrerias-blog.webp","contentUrl":"https:\/\/www.infarma.es\/wp-content\/uploads\/2025\/03\/inf2025-ghGemaHerrerias-blog.webp","width":1600,"height":900},{"@type":"BreadcrumbList","@id":"https:\/\/www.infarma.es\/ca\/gh-gema-herrerias-infarma-lanzamiento-experiencias-exclusivas\/#breadcrumb","itemListElement":[{"@type":"ListItem","position":1,"name":"Portada","item":"https:\/\/www.infarma.es\/ca\/"},{"@type":"ListItem","position":2,"name":"gh Gema Herrer\u00edas aterriza en INFARMA con un gran lanzamiento y experiencias exclusivas"}]},{"@type":"WebSite","@id":"https:\/\/www.infarma.es\/ca\/#website","url":"https:\/\/www.infarma.es\/ca\/","name":"Infarma","description":"El mayor encuentro de farmacia","publisher":{"@id":"https:\/\/www.infarma.es\/ca\/#organization"},"potentialAction":[{"@type":"SearchAction","target":{"@type":"EntryPoint","urlTemplate":"https:\/\/www.infarma.es\/ca\/?s={search_term_string}"},"query-input":{"@type":"PropertyValueSpecification","valueRequired":true,"valueName":"search_term_string"}}],"inLanguage":"ca"},{"@type":"Organization","@id":"https:\/\/www.infarma.es\/ca\/#organization","name":"Infarma","url":"https:\/\/www.infarma.es\/ca\/","logo":{"@type":"ImageObject","inLanguage":"ca","@id":"https:\/\/www.infarma.es\/ca\/#\/schema\/logo\/image\/","url":"https:\/\/www.infarma.es\/wp-content\/uploads\/2024\/10\/logo-simple.svg","contentUrl":"https:\/\/www.infarma.es\/wp-content\/uploads\/2024\/10\/logo-simple.svg","width":1,"height":1,"caption":"Infarma"},"image":{"@id":"https:\/\/www.infarma.es\/ca\/#\/schema\/logo\/image\/"},"sameAs":["https:\/\/www.facebook.com\/infarmaoficial\/","https:\/\/x.com\/infarma_es","https:\/\/www.instagram.com\/infarma_oficial\/","https:\/\/www.linkedin.com\/showcase\/infarma-salon\/","https:\/\/www.youtube.com\/@INFARMAOFICIAL"]},{"@type":"Person","@id":"https:\/\/www.infarma.es\/ca\/#\/schema\/person\/e53486dc47606cc5c89217026a8a01a7","name":"xavier","image":{"@type":"ImageObject","inLanguage":"ca","@id":"https:\/\/secure.gravatar.com\/avatar\/9014b89254123c1f240ae636cc793b98ce50ec2df162909756be1d23adc503e4?s=96&d=mm&r=g","url":"https:\/\/secure.gravatar.com\/avatar\/9014b89254123c1f240ae636cc793b98ce50ec2df162909756be1d23adc503e4?s=96&d=mm&r=g","contentUrl":"https:\/\/secure.gravatar.com\/avatar\/9014b89254123c1f240ae636cc793b98ce50ec2df162909756be1d23adc503e4?s=96&d=mm&r=g","caption":"xavier"},"url":"https:\/\/www.infarma.es\/ca\/author\/xavier\/"}]}},"_links":{"self":[{"href":"https:\/\/www.infarma.es\/ca\/wp-json\/wp\/v2\/posts\/19197","targetHints":{"allow":["GET"]}}],"collection":[{"href":"https:\/\/www.infarma.es\/ca\/wp-json\/wp\/v2\/posts"}],"about":[{"href":"https:\/\/www.infarma.es\/ca\/wp-json\/wp\/v2\/types\/post"}],"author":[{"embeddable":true,"href":"https:\/\/www.infarma.es\/ca\/wp-json\/wp\/v2\/users\/2"}],"replies":[{"embeddable":true,"href":"https:\/\/www.infarma.es\/ca\/wp-json\/wp\/v2\/comments?post=19197"}],"version-history":[{"count":4,"href":"https:\/\/www.infarma.es\/ca\/wp-json\/wp\/v2\/posts\/19197\/revisions"}],"predecessor-version":[{"id":19227,"href":"https:\/\/www.infarma.es\/ca\/wp-json\/wp\/v2\/posts\/19197\/revisions\/19227"}],"wp:featuredmedia":[{"embeddable":true,"href":"https:\/\/www.infarma.es\/ca\/wp-json\/wp\/v2\/media\/19198"}],"wp:attachment":[{"href":"https:\/\/www.infarma.es\/ca\/wp-json\/wp\/v2\/media?parent=19197"}],"wp:term":[{"taxonomy":"category","embeddable":true,"href":"https:\/\/www.infarma.es\/ca\/wp-json\/wp\/v2\/categories?post=19197"},{"taxonomy":"post_tag","embeddable":true,"href":"https:\/\/www.infarma.es\/ca\/wp-json\/wp\/v2\/tags?post=19197"}],"curies":[{"name":"wp","href":"https:\/\/api.w.org\/{rel}","templated":true}]}}