{"id":19228,"date":"2025-03-19T10:13:24","date_gmt":"2025-03-19T09:13:24","guid":{"rendered":"https:\/\/www.infarma.es\/?p=19228"},"modified":"2025-03-20T10:40:19","modified_gmt":"2025-03-20T09:40:19","slug":"nx-naviux-gafas-presbicia-gafas-sol-polarizadas-nueva-coleccion-2025-venta-exclusiva-farmacias","status":"publish","type":"post","link":"https:\/\/www.infarma.es\/ca\/nx-naviux-gafas-presbicia-gafas-sol-polarizadas-nueva-coleccion-2025-venta-exclusiva-farmacias\/","title":{"rendered":"nx naviux \u00a0presenta su nueva colecci\u00f3n 2025 de Gafas de Presbicia y Gafas de Sol Polarizadas\u00a0de venta exclusiva en farmacias."},"content":{"rendered":"\n<p>Estamos realizando campa\u00f1as publicitarias para que el paciente ( cliente potencial ) acuda a su farmacia m\u00e1s cercana a probarse y\/o adquirir sus gafas naviux con un 25% de descuento.<\/p>\n\n\n\n<p>Nuestra empresa no vende online ni en ning\u00fan otro sector nuestra colecci\u00f3n de gafas. Estamos trabajando d\u00eda a d\u00eda de manera constante con esfuerzo, para transmitir a ese p\u00fablico que termina comprando unas gafas en plataformas online, que acuda a su farmacia habitual e interact\u00fae con los compa\u00f1eros de las oficinas de farmacia en adquirir un modelo de gafa de la colecci\u00f3n 2025, a precios asequibles y calidades, complementos premium.<\/p>\n\n\n\n<p>Nuestro trabajo, ilusi\u00f3n y motivaci\u00f3n es la satisfacci\u00f3n de nuestros clientes oficinas de farmacia.<\/p>\n\n\n\n<p>Nuestra colecci\u00f3n est\u00e1 dise\u00f1ada con los mejores materiales premium. Lanzamos nuevas colecciones cada temporada, ofreciendo una amplia variedad de estilos y tendencia que se adaptan a los diferentes momentos de cada persona.<\/p>\n\n\n\n<p>nx naviux nace de la trayectoria en la gesti\u00f3n de las gafas de presbicia y gafas de sol polarizadas de venta en farmacias desde el a\u00f1o 2010.<\/p>\n\n\n\n<p>A trav\u00e9s de las necesidades recibidas durante estos 15 a\u00f1os de nuestros clientes oficinas de farmacia, trabajamos en dar un servicio muy cercano para que nuestros productos tengan rotaci\u00f3n y no se queden acumulados en su farmacia.<\/p>\n\n\n\n<p>Nuestro fin y objetivo es mantener una buena relaci\u00f3n profesional, cercana, de calidad y el valor humano.<\/p>\n\n\n\n<p>Disponemos de varios expositores adaptados a las necesidades de su farmacia.<\/p>\n\n\n\n<div style=\"height:20px\" aria-hidden=\"true\" class=\"wp-block-spacer\"><\/div>\n\n\n\n<h4 class=\"wp-block-heading has-text-align-left\">V\u00edsitanos en el stand F88<\/h4>\n\n\n\n<p>Para m\u00e1s informaci\u00f3n, contacte con nosotros:<br><a href=\"mailto:naviux@naviux.com\" target=\"_blank\" rel=\"noreferrer noopener\">naviux@naviux.com<\/a><br><a href=\"http:\/\/www.naviux.com\" target=\"_blank\" rel=\"noreferrer noopener\">www.naviux.com<\/a><\/p>\n\n\n\n<p><\/p>\n","protected":false},"excerpt":{"rendered":"<p>Estamos realizando campa\u00f1as publicitarias para que el paciente ( cliente potencial ) acuda a su farmacia m\u00e1s cercana a probarse y\/o adquirir sus gafas naviux con un 25% de descuento. Nuestra empresa no vende online ni en ning\u00fan otro sector nuestra colecci\u00f3n de gafas. Estamos trabajando d\u00eda a d\u00eda de manera constante con esfuerzo, para [&hellip;]<\/p>\n","protected":false},"author":2,"featured_media":19229,"comment_status":"closed","ping_status":"open","sticky":false,"template":"","format":"standard","meta":{"footnotes":""},"categories":[141],"tags":[],"class_list":["post-19228","post","type-post","status-publish","format-standard","has-post-thumbnail","hentry","category-noticias-del-salon"],"yoast_head":"<!-- This site is optimized with the Yoast SEO plugin v27.4 - https:\/\/yoast.com\/product\/yoast-seo-wordpress\/ -->\n<title>nx naviux \u00a0presenta su nueva colecci\u00f3n 2025 de Gafas de Presbicia y Gafas de Sol Polarizadas\u00a0de venta exclusiva en farmacias.<\/title>\n<meta name=\"description\" content=\"Trabajamos en dar un servicio muy cercano para que nuestros productos tengan rotaci\u00f3n y no se queden acumulados en su farmacia.\" \/>\n<meta name=\"robots\" content=\"index, follow, max-snippet:-1, max-image-preview:large, max-video-preview:-1\" \/>\n<link rel=\"canonical\" href=\"https:\/\/www.infarma.es\/ca\/nx-naviux-gafas-presbicia-gafas-sol-polarizadas-nueva-coleccion-2025-venta-exclusiva-farmacias\/\" \/>\n<meta property=\"og:locale\" content=\"ca_ES\" \/>\n<meta property=\"og:type\" content=\"article\" \/>\n<meta property=\"og:title\" content=\"nx naviux \u00a0presenta su nueva colecci\u00f3n 2025 de Gafas de Presbicia y Gafas de Sol Polarizadas\u00a0de venta exclusiva en farmacias.\" \/>\n<meta property=\"og:description\" content=\"Trabajamos en dar un servicio muy cercano para que nuestros productos tengan rotaci\u00f3n y no se queden acumulados en su farmacia.\" \/>\n<meta property=\"og:url\" content=\"https:\/\/www.infarma.es\/ca\/nx-naviux-gafas-presbicia-gafas-sol-polarizadas-nueva-coleccion-2025-venta-exclusiva-farmacias\/\" \/>\n<meta property=\"og:site_name\" content=\"Infarma\" \/>\n<meta property=\"article:publisher\" content=\"https:\/\/www.facebook.com\/infarmaoficial\/\" \/>\n<meta property=\"article:published_time\" content=\"2025-03-19T09:13:24+00:00\" \/>\n<meta property=\"article:modified_time\" content=\"2025-03-20T09:40:19+00:00\" \/>\n<meta property=\"og:image\" content=\"https:\/\/www.infarma.es\/wp-content\/uploads\/2025\/03\/inf2025-nxnaviux-blog.webp\" \/>\n\t<meta property=\"og:image:width\" content=\"1600\" \/>\n\t<meta property=\"og:image:height\" content=\"900\" \/>\n\t<meta property=\"og:image:type\" content=\"image\/webp\" \/>\n<meta name=\"author\" content=\"xavier\" \/>\n<meta name=\"twitter:card\" content=\"summary_large_image\" \/>\n<meta name=\"twitter:creator\" content=\"@infarma_es\" \/>\n<meta name=\"twitter:site\" content=\"@infarma_es\" \/>\n<meta name=\"twitter:label1\" content=\"Escrit per\" \/>\n\t<meta name=\"twitter:data1\" content=\"xavier\" \/>\n\t<meta name=\"twitter:label2\" content=\"Temps estimat de lectura\" \/>\n\t<meta name=\"twitter:data2\" content=\"2 minuts\" \/>\n<script type=\"application\/ld+json\" class=\"yoast-schema-graph\">{\"@context\":\"https:\\\/\\\/schema.org\",\"@graph\":[{\"@type\":\"Article\",\"@id\":\"https:\\\/\\\/www.infarma.es\\\/ca\\\/nx-naviux-gafas-presbicia-gafas-sol-polarizadas-nueva-coleccion-2025-venta-exclusiva-farmacias\\\/#article\",\"isPartOf\":{\"@id\":\"https:\\\/\\\/www.infarma.es\\\/ca\\\/nx-naviux-gafas-presbicia-gafas-sol-polarizadas-nueva-coleccion-2025-venta-exclusiva-farmacias\\\/\"},\"author\":{\"name\":\"xavier\",\"@id\":\"https:\\\/\\\/www.infarma.es\\\/ca\\\/#\\\/schema\\\/person\\\/e53486dc47606cc5c89217026a8a01a7\"},\"headline\":\"nx naviux \u00a0presenta su nueva colecci\u00f3n 2025 de Gafas de Presbicia y Gafas de Sol Polarizadas\u00a0de venta exclusiva en farmacias.\",\"datePublished\":\"2025-03-19T09:13:24+00:00\",\"dateModified\":\"2025-03-20T09:40:19+00:00\",\"mainEntityOfPage\":{\"@id\":\"https:\\\/\\\/www.infarma.es\\\/ca\\\/nx-naviux-gafas-presbicia-gafas-sol-polarizadas-nueva-coleccion-2025-venta-exclusiva-farmacias\\\/\"},\"wordCount\":295,\"publisher\":{\"@id\":\"https:\\\/\\\/www.infarma.es\\\/ca\\\/#organization\"},\"image\":{\"@id\":\"https:\\\/\\\/www.infarma.es\\\/ca\\\/nx-naviux-gafas-presbicia-gafas-sol-polarizadas-nueva-coleccion-2025-venta-exclusiva-farmacias\\\/#primaryimage\"},\"thumbnailUrl\":\"https:\\\/\\\/www.infarma.es\\\/wp-content\\\/uploads\\\/2025\\\/03\\\/inf2025-nxnaviux-blog.webp\",\"articleSection\":[\"Noticias del Sal\u00f3n\"],\"inLanguage\":\"ca\"},{\"@type\":\"WebPage\",\"@id\":\"https:\\\/\\\/www.infarma.es\\\/ca\\\/nx-naviux-gafas-presbicia-gafas-sol-polarizadas-nueva-coleccion-2025-venta-exclusiva-farmacias\\\/\",\"url\":\"https:\\\/\\\/www.infarma.es\\\/ca\\\/nx-naviux-gafas-presbicia-gafas-sol-polarizadas-nueva-coleccion-2025-venta-exclusiva-farmacias\\\/\",\"name\":\"nx naviux \u00a0presenta su nueva colecci\u00f3n 2025 de Gafas de Presbicia y Gafas de Sol Polarizadas\u00a0de venta exclusiva en farmacias.\",\"isPartOf\":{\"@id\":\"https:\\\/\\\/www.infarma.es\\\/ca\\\/#website\"},\"primaryImageOfPage\":{\"@id\":\"https:\\\/\\\/www.infarma.es\\\/ca\\\/nx-naviux-gafas-presbicia-gafas-sol-polarizadas-nueva-coleccion-2025-venta-exclusiva-farmacias\\\/#primaryimage\"},\"image\":{\"@id\":\"https:\\\/\\\/www.infarma.es\\\/ca\\\/nx-naviux-gafas-presbicia-gafas-sol-polarizadas-nueva-coleccion-2025-venta-exclusiva-farmacias\\\/#primaryimage\"},\"thumbnailUrl\":\"https:\\\/\\\/www.infarma.es\\\/wp-content\\\/uploads\\\/2025\\\/03\\\/inf2025-nxnaviux-blog.webp\",\"datePublished\":\"2025-03-19T09:13:24+00:00\",\"dateModified\":\"2025-03-20T09:40:19+00:00\",\"description\":\"Trabajamos en dar un servicio muy cercano para que nuestros productos tengan rotaci\u00f3n y no se queden acumulados en su farmacia.\",\"breadcrumb\":{\"@id\":\"https:\\\/\\\/www.infarma.es\\\/ca\\\/nx-naviux-gafas-presbicia-gafas-sol-polarizadas-nueva-coleccion-2025-venta-exclusiva-farmacias\\\/#breadcrumb\"},\"inLanguage\":\"ca\",\"potentialAction\":[{\"@type\":\"ReadAction\",\"target\":[\"https:\\\/\\\/www.infarma.es\\\/ca\\\/nx-naviux-gafas-presbicia-gafas-sol-polarizadas-nueva-coleccion-2025-venta-exclusiva-farmacias\\\/\"]}]},{\"@type\":\"ImageObject\",\"inLanguage\":\"ca\",\"@id\":\"https:\\\/\\\/www.infarma.es\\\/ca\\\/nx-naviux-gafas-presbicia-gafas-sol-polarizadas-nueva-coleccion-2025-venta-exclusiva-farmacias\\\/#primaryimage\",\"url\":\"https:\\\/\\\/www.infarma.es\\\/wp-content\\\/uploads\\\/2025\\\/03\\\/inf2025-nxnaviux-blog.webp\",\"contentUrl\":\"https:\\\/\\\/www.infarma.es\\\/wp-content\\\/uploads\\\/2025\\\/03\\\/inf2025-nxnaviux-blog.webp\",\"width\":1600,\"height\":900},{\"@type\":\"BreadcrumbList\",\"@id\":\"https:\\\/\\\/www.infarma.es\\\/ca\\\/nx-naviux-gafas-presbicia-gafas-sol-polarizadas-nueva-coleccion-2025-venta-exclusiva-farmacias\\\/#breadcrumb\",\"itemListElement\":[{\"@type\":\"ListItem\",\"position\":1,\"name\":\"Portada\",\"item\":\"https:\\\/\\\/www.infarma.es\\\/ca\\\/\"},{\"@type\":\"ListItem\",\"position\":2,\"name\":\"nx naviux \u00a0presenta su nueva colecci\u00f3n 2025 de Gafas de Presbicia y Gafas de Sol Polarizadas\u00a0de venta exclusiva en farmacias.\"}]},{\"@type\":\"WebSite\",\"@id\":\"https:\\\/\\\/www.infarma.es\\\/ca\\\/#website\",\"url\":\"https:\\\/\\\/www.infarma.es\\\/ca\\\/\",\"name\":\"Infarma\",\"description\":\"El mayor encuentro de farmacia\",\"publisher\":{\"@id\":\"https:\\\/\\\/www.infarma.es\\\/ca\\\/#organization\"},\"potentialAction\":[{\"@type\":\"SearchAction\",\"target\":{\"@type\":\"EntryPoint\",\"urlTemplate\":\"https:\\\/\\\/www.infarma.es\\\/ca\\\/?s={search_term_string}\"},\"query-input\":{\"@type\":\"PropertyValueSpecification\",\"valueRequired\":true,\"valueName\":\"search_term_string\"}}],\"inLanguage\":\"ca\"},{\"@type\":\"Organization\",\"@id\":\"https:\\\/\\\/www.infarma.es\\\/ca\\\/#organization\",\"name\":\"Infarma\",\"url\":\"https:\\\/\\\/www.infarma.es\\\/ca\\\/\",\"logo\":{\"@type\":\"ImageObject\",\"inLanguage\":\"ca\",\"@id\":\"https:\\\/\\\/www.infarma.es\\\/ca\\\/#\\\/schema\\\/logo\\\/image\\\/\",\"url\":\"https:\\\/\\\/www.infarma.es\\\/wp-content\\\/uploads\\\/2024\\\/10\\\/logo-simple.svg\",\"contentUrl\":\"https:\\\/\\\/www.infarma.es\\\/wp-content\\\/uploads\\\/2024\\\/10\\\/logo-simple.svg\",\"width\":1,\"height\":1,\"caption\":\"Infarma\"},\"image\":{\"@id\":\"https:\\\/\\\/www.infarma.es\\\/ca\\\/#\\\/schema\\\/logo\\\/image\\\/\"},\"sameAs\":[\"https:\\\/\\\/www.facebook.com\\\/infarmaoficial\\\/\",\"https:\\\/\\\/x.com\\\/infarma_es\",\"https:\\\/\\\/www.instagram.com\\\/infarma_oficial\\\/\",\"https:\\\/\\\/www.linkedin.com\\\/showcase\\\/infarma-salon\\\/\",\"https:\\\/\\\/www.youtube.com\\\/@INFARMAOFICIAL\"]},{\"@type\":\"Person\",\"@id\":\"https:\\\/\\\/www.infarma.es\\\/ca\\\/#\\\/schema\\\/person\\\/e53486dc47606cc5c89217026a8a01a7\",\"name\":\"xavier\",\"image\":{\"@type\":\"ImageObject\",\"inLanguage\":\"ca\",\"@id\":\"https:\\\/\\\/secure.gravatar.com\\\/avatar\\\/9014b89254123c1f240ae636cc793b98ce50ec2df162909756be1d23adc503e4?s=96&d=mm&r=g\",\"url\":\"https:\\\/\\\/secure.gravatar.com\\\/avatar\\\/9014b89254123c1f240ae636cc793b98ce50ec2df162909756be1d23adc503e4?s=96&d=mm&r=g\",\"contentUrl\":\"https:\\\/\\\/secure.gravatar.com\\\/avatar\\\/9014b89254123c1f240ae636cc793b98ce50ec2df162909756be1d23adc503e4?s=96&d=mm&r=g\",\"caption\":\"xavier\"},\"url\":\"https:\\\/\\\/www.infarma.es\\\/ca\\\/author\\\/xavier\\\/\"}]}<\/script>\n<!-- \/ Yoast SEO plugin. -->","yoast_head_json":{"title":"nx naviux \u00a0presenta su nueva colecci\u00f3n 2025 de Gafas de Presbicia y Gafas de Sol Polarizadas\u00a0de venta exclusiva en farmacias.","description":"Trabajamos en dar un servicio muy cercano para que nuestros productos tengan rotaci\u00f3n y no se queden acumulados en su farmacia.","robots":{"index":"index","follow":"follow","max-snippet":"max-snippet:-1","max-image-preview":"max-image-preview:large","max-video-preview":"max-video-preview:-1"},"canonical":"https:\/\/www.infarma.es\/ca\/nx-naviux-gafas-presbicia-gafas-sol-polarizadas-nueva-coleccion-2025-venta-exclusiva-farmacias\/","og_locale":"ca_ES","og_type":"article","og_title":"nx naviux \u00a0presenta su nueva colecci\u00f3n 2025 de Gafas de Presbicia y Gafas de Sol Polarizadas\u00a0de venta exclusiva en farmacias.","og_description":"Trabajamos en dar un servicio muy cercano para que nuestros productos tengan rotaci\u00f3n y no se queden acumulados en su farmacia.","og_url":"https:\/\/www.infarma.es\/ca\/nx-naviux-gafas-presbicia-gafas-sol-polarizadas-nueva-coleccion-2025-venta-exclusiva-farmacias\/","og_site_name":"Infarma","article_publisher":"https:\/\/www.facebook.com\/infarmaoficial\/","article_published_time":"2025-03-19T09:13:24+00:00","article_modified_time":"2025-03-20T09:40:19+00:00","og_image":[{"width":1600,"height":900,"url":"https:\/\/www.infarma.es\/wp-content\/uploads\/2025\/03\/inf2025-nxnaviux-blog.webp","type":"image\/webp"}],"author":"xavier","twitter_card":"summary_large_image","twitter_creator":"@infarma_es","twitter_site":"@infarma_es","twitter_misc":{"Escrit per":"xavier","Temps estimat de lectura":"2 minuts"},"schema":{"@context":"https:\/\/schema.org","@graph":[{"@type":"Article","@id":"https:\/\/www.infarma.es\/ca\/nx-naviux-gafas-presbicia-gafas-sol-polarizadas-nueva-coleccion-2025-venta-exclusiva-farmacias\/#article","isPartOf":{"@id":"https:\/\/www.infarma.es\/ca\/nx-naviux-gafas-presbicia-gafas-sol-polarizadas-nueva-coleccion-2025-venta-exclusiva-farmacias\/"},"author":{"name":"xavier","@id":"https:\/\/www.infarma.es\/ca\/#\/schema\/person\/e53486dc47606cc5c89217026a8a01a7"},"headline":"nx naviux \u00a0presenta su nueva colecci\u00f3n 2025 de Gafas de Presbicia y Gafas de Sol Polarizadas\u00a0de venta exclusiva en farmacias.","datePublished":"2025-03-19T09:13:24+00:00","dateModified":"2025-03-20T09:40:19+00:00","mainEntityOfPage":{"@id":"https:\/\/www.infarma.es\/ca\/nx-naviux-gafas-presbicia-gafas-sol-polarizadas-nueva-coleccion-2025-venta-exclusiva-farmacias\/"},"wordCount":295,"publisher":{"@id":"https:\/\/www.infarma.es\/ca\/#organization"},"image":{"@id":"https:\/\/www.infarma.es\/ca\/nx-naviux-gafas-presbicia-gafas-sol-polarizadas-nueva-coleccion-2025-venta-exclusiva-farmacias\/#primaryimage"},"thumbnailUrl":"https:\/\/www.infarma.es\/wp-content\/uploads\/2025\/03\/inf2025-nxnaviux-blog.webp","articleSection":["Noticias del Sal\u00f3n"],"inLanguage":"ca"},{"@type":"WebPage","@id":"https:\/\/www.infarma.es\/ca\/nx-naviux-gafas-presbicia-gafas-sol-polarizadas-nueva-coleccion-2025-venta-exclusiva-farmacias\/","url":"https:\/\/www.infarma.es\/ca\/nx-naviux-gafas-presbicia-gafas-sol-polarizadas-nueva-coleccion-2025-venta-exclusiva-farmacias\/","name":"nx naviux \u00a0presenta su nueva colecci\u00f3n 2025 de Gafas de Presbicia y Gafas de Sol Polarizadas\u00a0de venta exclusiva en farmacias.","isPartOf":{"@id":"https:\/\/www.infarma.es\/ca\/#website"},"primaryImageOfPage":{"@id":"https:\/\/www.infarma.es\/ca\/nx-naviux-gafas-presbicia-gafas-sol-polarizadas-nueva-coleccion-2025-venta-exclusiva-farmacias\/#primaryimage"},"image":{"@id":"https:\/\/www.infarma.es\/ca\/nx-naviux-gafas-presbicia-gafas-sol-polarizadas-nueva-coleccion-2025-venta-exclusiva-farmacias\/#primaryimage"},"thumbnailUrl":"https:\/\/www.infarma.es\/wp-content\/uploads\/2025\/03\/inf2025-nxnaviux-blog.webp","datePublished":"2025-03-19T09:13:24+00:00","dateModified":"2025-03-20T09:40:19+00:00","description":"Trabajamos en dar un servicio muy cercano para que nuestros productos tengan rotaci\u00f3n y no se queden acumulados en su farmacia.","breadcrumb":{"@id":"https:\/\/www.infarma.es\/ca\/nx-naviux-gafas-presbicia-gafas-sol-polarizadas-nueva-coleccion-2025-venta-exclusiva-farmacias\/#breadcrumb"},"inLanguage":"ca","potentialAction":[{"@type":"ReadAction","target":["https:\/\/www.infarma.es\/ca\/nx-naviux-gafas-presbicia-gafas-sol-polarizadas-nueva-coleccion-2025-venta-exclusiva-farmacias\/"]}]},{"@type":"ImageObject","inLanguage":"ca","@id":"https:\/\/www.infarma.es\/ca\/nx-naviux-gafas-presbicia-gafas-sol-polarizadas-nueva-coleccion-2025-venta-exclusiva-farmacias\/#primaryimage","url":"https:\/\/www.infarma.es\/wp-content\/uploads\/2025\/03\/inf2025-nxnaviux-blog.webp","contentUrl":"https:\/\/www.infarma.es\/wp-content\/uploads\/2025\/03\/inf2025-nxnaviux-blog.webp","width":1600,"height":900},{"@type":"BreadcrumbList","@id":"https:\/\/www.infarma.es\/ca\/nx-naviux-gafas-presbicia-gafas-sol-polarizadas-nueva-coleccion-2025-venta-exclusiva-farmacias\/#breadcrumb","itemListElement":[{"@type":"ListItem","position":1,"name":"Portada","item":"https:\/\/www.infarma.es\/ca\/"},{"@type":"ListItem","position":2,"name":"nx naviux \u00a0presenta su nueva colecci\u00f3n 2025 de Gafas de Presbicia y Gafas de Sol Polarizadas\u00a0de venta exclusiva en farmacias."}]},{"@type":"WebSite","@id":"https:\/\/www.infarma.es\/ca\/#website","url":"https:\/\/www.infarma.es\/ca\/","name":"Infarma","description":"El mayor encuentro de farmacia","publisher":{"@id":"https:\/\/www.infarma.es\/ca\/#organization"},"potentialAction":[{"@type":"SearchAction","target":{"@type":"EntryPoint","urlTemplate":"https:\/\/www.infarma.es\/ca\/?s={search_term_string}"},"query-input":{"@type":"PropertyValueSpecification","valueRequired":true,"valueName":"search_term_string"}}],"inLanguage":"ca"},{"@type":"Organization","@id":"https:\/\/www.infarma.es\/ca\/#organization","name":"Infarma","url":"https:\/\/www.infarma.es\/ca\/","logo":{"@type":"ImageObject","inLanguage":"ca","@id":"https:\/\/www.infarma.es\/ca\/#\/schema\/logo\/image\/","url":"https:\/\/www.infarma.es\/wp-content\/uploads\/2024\/10\/logo-simple.svg","contentUrl":"https:\/\/www.infarma.es\/wp-content\/uploads\/2024\/10\/logo-simple.svg","width":1,"height":1,"caption":"Infarma"},"image":{"@id":"https:\/\/www.infarma.es\/ca\/#\/schema\/logo\/image\/"},"sameAs":["https:\/\/www.facebook.com\/infarmaoficial\/","https:\/\/x.com\/infarma_es","https:\/\/www.instagram.com\/infarma_oficial\/","https:\/\/www.linkedin.com\/showcase\/infarma-salon\/","https:\/\/www.youtube.com\/@INFARMAOFICIAL"]},{"@type":"Person","@id":"https:\/\/www.infarma.es\/ca\/#\/schema\/person\/e53486dc47606cc5c89217026a8a01a7","name":"xavier","image":{"@type":"ImageObject","inLanguage":"ca","@id":"https:\/\/secure.gravatar.com\/avatar\/9014b89254123c1f240ae636cc793b98ce50ec2df162909756be1d23adc503e4?s=96&d=mm&r=g","url":"https:\/\/secure.gravatar.com\/avatar\/9014b89254123c1f240ae636cc793b98ce50ec2df162909756be1d23adc503e4?s=96&d=mm&r=g","contentUrl":"https:\/\/secure.gravatar.com\/avatar\/9014b89254123c1f240ae636cc793b98ce50ec2df162909756be1d23adc503e4?s=96&d=mm&r=g","caption":"xavier"},"url":"https:\/\/www.infarma.es\/ca\/author\/xavier\/"}]}},"_links":{"self":[{"href":"https:\/\/www.infarma.es\/ca\/wp-json\/wp\/v2\/posts\/19228","targetHints":{"allow":["GET"]}}],"collection":[{"href":"https:\/\/www.infarma.es\/ca\/wp-json\/wp\/v2\/posts"}],"about":[{"href":"https:\/\/www.infarma.es\/ca\/wp-json\/wp\/v2\/types\/post"}],"author":[{"embeddable":true,"href":"https:\/\/www.infarma.es\/ca\/wp-json\/wp\/v2\/users\/2"}],"replies":[{"embeddable":true,"href":"https:\/\/www.infarma.es\/ca\/wp-json\/wp\/v2\/comments?post=19228"}],"version-history":[{"count":5,"href":"https:\/\/www.infarma.es\/ca\/wp-json\/wp\/v2\/posts\/19228\/revisions"}],"predecessor-version":[{"id":19249,"href":"https:\/\/www.infarma.es\/ca\/wp-json\/wp\/v2\/posts\/19228\/revisions\/19249"}],"wp:featuredmedia":[{"embeddable":true,"href":"https:\/\/www.infarma.es\/ca\/wp-json\/wp\/v2\/media\/19229"}],"wp:attachment":[{"href":"https:\/\/www.infarma.es\/ca\/wp-json\/wp\/v2\/media?parent=19228"}],"wp:term":[{"taxonomy":"category","embeddable":true,"href":"https:\/\/www.infarma.es\/ca\/wp-json\/wp\/v2\/categories?post=19228"},{"taxonomy":"post_tag","embeddable":true,"href":"https:\/\/www.infarma.es\/ca\/wp-json\/wp\/v2\/tags?post=19228"}],"curies":[{"name":"wp","href":"https:\/\/api.w.org\/{rel}","templated":true}]}}