{"id":19305,"date":"2025-03-21T23:36:31","date_gmt":"2025-03-21T22:36:31","guid":{"rendered":"https:\/\/www.infarma.es\/?p=19305"},"modified":"2025-03-21T23:37:11","modified_gmt":"2025-03-21T22:37:11","slug":"the-lab-infarma-canal-farmacia-consejo-dermofarmaceutico","status":"publish","type":"post","link":"https:\/\/www.infarma.es\/ca\/the-lab-infarma-canal-farmacia-consejo-dermofarmaceutico\/","title":{"rendered":"THE LAB estar\u00e1 presente en INFARMA por cuarto a\u00f1o consecutivo como l\u00ednea de apoyo absoluto al canal farmacia en el Consejo Dermofarmac\u00e9utico"},"content":{"rendered":"\n<p>THE LAB se consolida como l\u00ednea dermofarmac\u00e9utica de confianza para la oficina de farmacia por su filosof\u00eda y sus cimientos 100% farmac\u00e9uticos. Su fundadora y CEO, Blanca Ll\u00e1cer, apuesta \u00fanica y exclusivamente por el canal farmacia para la venta de sus formulaciones acompa\u00f1adas siempre de un consejo sanitario profesionalizado y diferenciador, como es el Consejo Dermofarmac\u00e9utico.<\/p>\n\n\n\n<p>Durante los pr\u00f3ximos 25, 26 y 27 de marzo THE LAB estar\u00e1 presente en INFARMA Barcelona 2025 para atender a todos los compa\u00f1eros de profesi\u00f3n en el <strong>stand B82<\/strong>.<\/p>\n\n\n\n<p>Tres d\u00edas en los THE LAB presentar\u00e1 en primicia su \u00faltimo lanzamiento altamente diferenciador dentro del sector, ya que va a revolucionar el cuidado de la piel por sus activos totalmente innovadores y por su alta eficacia en el rejuvenecimiento cut\u00e1neo. Tres d\u00edas compartiendo con todos los visitantes y asistentes a INFARMA todo el conocimiento y experiencia que caracteriza a la marca en todo lo que tiene que ver con salud cut\u00e1nea y cuidado de la piel desde la farmacia.<\/p>\n\n\n\n<p>Novedades, sorpresas y el contar con compa\u00f1eros farmac\u00e9uticos integrantes de la #FamiliaTheLab compartiendo, en p\u00edldoras formativas y entrevistas junto a Blanca Ll\u00e1cer, cu\u00e1l es el verdadero valor a\u00f1adido de trabajar THE LAB y poder aconsejar sus f\u00f3rmulas en el d\u00eda a d\u00eda de sus farmacias, van a ser algunas de cosas que se vivan al visitar el stand B82 de THE LAB este INFARMA 2025. Si quieres conocer la agenda al completo de THE LAB durante estos 3 d\u00edas visita la app de INFARMA o @thelab_blancallacer.<\/p>\n\n\n\n<div style=\"height:35px\" aria-hidden=\"true\" class=\"wp-block-spacer\"><\/div>\n\n\n\n<h4 class=\"wp-block-heading\"><strong>Sobre THE LAB<\/strong><\/h4>\n\n\n\n<p>THE LAB nace de mano de la farmac\u00e9utica Blanca Ll\u00e1cer tras m\u00e1s de 25 a\u00f1os de experiencia en el sector de la Dermofarmacia y del cuidado de la piel. Y lo hace como laboratorio de referencia a nivel nacional, ya que es uno de los \u00fanicos que detecta las necesidades de la piel desde el propio mostrador de la farmacia para dar respuesta de esta forma a las consultas tanto de pieles sanas como de pieles con problemas.<\/p>\n\n\n\n<p>Surge para mitigar los efectos del trepidante ritmo de vida actual, de los cada d\u00eda m\u00e1s cruentos factores externos a los que nuestra piel se enfrenta, y como no, para minimizar los efectos del inevitable paso del tiempo. Tiene en cuenta todo tipo de pieles incluso aquellas pieles que sufren alteraciones y patolog\u00edas cut\u00e1neas consiguiendo con sus formulaciones una piel m\u00e1s sana y de calidad.<\/p>\n\n\n\n<p>En THE LAB trabajamos intensamente para darle un nuevo significado al cuidado de la piel.<\/p>\n\n\n\n<p>Nuestra filosof\u00eda se basa en la prevenci\u00f3n, la protecci\u00f3n y el rigor cient\u00edfico para conseguir f\u00f3rmulas eficaces y respetuosas que ayuden a invertir en&nbsp;<strong>SALUD CUT\u00c1NEA.<\/strong><\/p>\n\n\n\n<p>Las mejores f\u00f3rmulas al alcance de todos para conseguir una piel saludable y de calidad que sea nuestra mejor bandera, nuestro mejor escudo y nuestra se\u00f1a de identidad.<\/p>\n\n\n\n<p><strong>En THE LAB queremos cuidar de ese lugar en el que habitas: TU PIEL<\/strong><\/p>\n","protected":false},"excerpt":{"rendered":"<p>THE LAB se consolida como l\u00ednea dermofarmac\u00e9utica de confianza para la oficina de farmacia por su filosof\u00eda y sus cimientos 100% farmac\u00e9uticos. Su fundadora y CEO, Blanca Ll\u00e1cer, apuesta \u00fanica y exclusivamente por el canal farmacia para la venta de sus formulaciones acompa\u00f1adas siempre de un consejo sanitario profesionalizado y diferenciador, como es el Consejo [&hellip;]<\/p>\n","protected":false},"author":2,"featured_media":19306,"comment_status":"closed","ping_status":"open","sticky":false,"template":"","format":"standard","meta":{"footnotes":""},"categories":[141],"tags":[],"class_list":["post-19305","post","type-post","status-publish","format-standard","has-post-thumbnail","hentry","category-noticias-del-salon"],"yoast_head":"<!-- This site is optimized with the Yoast SEO plugin v27.4 - https:\/\/yoast.com\/product\/yoast-seo-wordpress\/ -->\n<title>THE LAB estar\u00e1 presente en INFARMA por cuarto a\u00f1o consecutivo como l\u00ednea de apoyo absoluto al canal farmacia en el Consejo Dermofarmac\u00e9utico<\/title>\n<meta name=\"description\" content=\"THE LAB se consolida como l\u00ednea dermofarmac\u00e9utica de confianza para la oficina de farmacia por su filosof\u00eda y sus cimientos 100% farmac\u00e9uticos.\" \/>\n<meta name=\"robots\" content=\"index, follow, max-snippet:-1, max-image-preview:large, max-video-preview:-1\" \/>\n<link rel=\"canonical\" href=\"https:\/\/www.infarma.es\/ca\/the-lab-infarma-canal-farmacia-consejo-dermofarmaceutico\/\" \/>\n<meta property=\"og:locale\" content=\"ca_ES\" \/>\n<meta property=\"og:type\" content=\"article\" \/>\n<meta property=\"og:title\" content=\"THE LAB estar\u00e1 presente en INFARMA por cuarto a\u00f1o consecutivo como l\u00ednea de apoyo absoluto al canal farmacia en el Consejo Dermofarmac\u00e9utico\" \/>\n<meta property=\"og:description\" content=\"THE LAB se consolida como l\u00ednea dermofarmac\u00e9utica de confianza para la oficina de farmacia por su filosof\u00eda y sus cimientos 100% farmac\u00e9uticos.\" \/>\n<meta property=\"og:url\" content=\"https:\/\/www.infarma.es\/ca\/the-lab-infarma-canal-farmacia-consejo-dermofarmaceutico\/\" \/>\n<meta property=\"og:site_name\" content=\"Infarma\" \/>\n<meta property=\"article:publisher\" content=\"https:\/\/www.facebook.com\/infarmaoficial\/\" \/>\n<meta property=\"article:published_time\" content=\"2025-03-21T22:36:31+00:00\" \/>\n<meta property=\"article:modified_time\" content=\"2025-03-21T22:37:11+00:00\" \/>\n<meta property=\"og:image\" content=\"https:\/\/www.infarma.es\/wp-content\/uploads\/2025\/03\/inf2025-the_lab-blog.webp\" \/>\n\t<meta property=\"og:image:width\" content=\"1600\" \/>\n\t<meta property=\"og:image:height\" content=\"900\" \/>\n\t<meta property=\"og:image:type\" content=\"image\/webp\" \/>\n<meta name=\"author\" content=\"xavier\" \/>\n<meta name=\"twitter:card\" content=\"summary_large_image\" \/>\n<meta name=\"twitter:creator\" content=\"@infarma_es\" \/>\n<meta name=\"twitter:site\" content=\"@infarma_es\" \/>\n<meta name=\"twitter:label1\" content=\"Escrit per\" \/>\n\t<meta name=\"twitter:data1\" content=\"xavier\" \/>\n\t<meta name=\"twitter:label2\" content=\"Temps estimat de lectura\" \/>\n\t<meta name=\"twitter:data2\" content=\"3 minuts\" \/>\n<script type=\"application\/ld+json\" class=\"yoast-schema-graph\">{\"@context\":\"https:\\\/\\\/schema.org\",\"@graph\":[{\"@type\":\"Article\",\"@id\":\"https:\\\/\\\/www.infarma.es\\\/ca\\\/the-lab-infarma-canal-farmacia-consejo-dermofarmaceutico\\\/#article\",\"isPartOf\":{\"@id\":\"https:\\\/\\\/www.infarma.es\\\/ca\\\/the-lab-infarma-canal-farmacia-consejo-dermofarmaceutico\\\/\"},\"author\":{\"name\":\"xavier\",\"@id\":\"https:\\\/\\\/www.infarma.es\\\/ca\\\/#\\\/schema\\\/person\\\/e53486dc47606cc5c89217026a8a01a7\"},\"headline\":\"THE LAB estar\u00e1 presente en INFARMA por cuarto a\u00f1o consecutivo como l\u00ednea de apoyo absoluto al canal farmacia en el Consejo Dermofarmac\u00e9utico\",\"datePublished\":\"2025-03-21T22:36:31+00:00\",\"dateModified\":\"2025-03-21T22:37:11+00:00\",\"mainEntityOfPage\":{\"@id\":\"https:\\\/\\\/www.infarma.es\\\/ca\\\/the-lab-infarma-canal-farmacia-consejo-dermofarmaceutico\\\/\"},\"wordCount\":540,\"publisher\":{\"@id\":\"https:\\\/\\\/www.infarma.es\\\/ca\\\/#organization\"},\"image\":{\"@id\":\"https:\\\/\\\/www.infarma.es\\\/ca\\\/the-lab-infarma-canal-farmacia-consejo-dermofarmaceutico\\\/#primaryimage\"},\"thumbnailUrl\":\"https:\\\/\\\/www.infarma.es\\\/wp-content\\\/uploads\\\/2025\\\/03\\\/inf2025-the_lab-blog.webp\",\"articleSection\":[\"Noticias del Sal\u00f3n\"],\"inLanguage\":\"ca\"},{\"@type\":\"WebPage\",\"@id\":\"https:\\\/\\\/www.infarma.es\\\/ca\\\/the-lab-infarma-canal-farmacia-consejo-dermofarmaceutico\\\/\",\"url\":\"https:\\\/\\\/www.infarma.es\\\/ca\\\/the-lab-infarma-canal-farmacia-consejo-dermofarmaceutico\\\/\",\"name\":\"THE LAB estar\u00e1 presente en INFARMA por cuarto a\u00f1o consecutivo como l\u00ednea de apoyo absoluto al canal farmacia en el Consejo Dermofarmac\u00e9utico\",\"isPartOf\":{\"@id\":\"https:\\\/\\\/www.infarma.es\\\/ca\\\/#website\"},\"primaryImageOfPage\":{\"@id\":\"https:\\\/\\\/www.infarma.es\\\/ca\\\/the-lab-infarma-canal-farmacia-consejo-dermofarmaceutico\\\/#primaryimage\"},\"image\":{\"@id\":\"https:\\\/\\\/www.infarma.es\\\/ca\\\/the-lab-infarma-canal-farmacia-consejo-dermofarmaceutico\\\/#primaryimage\"},\"thumbnailUrl\":\"https:\\\/\\\/www.infarma.es\\\/wp-content\\\/uploads\\\/2025\\\/03\\\/inf2025-the_lab-blog.webp\",\"datePublished\":\"2025-03-21T22:36:31+00:00\",\"dateModified\":\"2025-03-21T22:37:11+00:00\",\"description\":\"THE LAB se consolida como l\u00ednea dermofarmac\u00e9utica de confianza para la oficina de farmacia por su filosof\u00eda y sus cimientos 100% farmac\u00e9uticos.\",\"breadcrumb\":{\"@id\":\"https:\\\/\\\/www.infarma.es\\\/ca\\\/the-lab-infarma-canal-farmacia-consejo-dermofarmaceutico\\\/#breadcrumb\"},\"inLanguage\":\"ca\",\"potentialAction\":[{\"@type\":\"ReadAction\",\"target\":[\"https:\\\/\\\/www.infarma.es\\\/ca\\\/the-lab-infarma-canal-farmacia-consejo-dermofarmaceutico\\\/\"]}]},{\"@type\":\"ImageObject\",\"inLanguage\":\"ca\",\"@id\":\"https:\\\/\\\/www.infarma.es\\\/ca\\\/the-lab-infarma-canal-farmacia-consejo-dermofarmaceutico\\\/#primaryimage\",\"url\":\"https:\\\/\\\/www.infarma.es\\\/wp-content\\\/uploads\\\/2025\\\/03\\\/inf2025-the_lab-blog.webp\",\"contentUrl\":\"https:\\\/\\\/www.infarma.es\\\/wp-content\\\/uploads\\\/2025\\\/03\\\/inf2025-the_lab-blog.webp\",\"width\":1600,\"height\":900},{\"@type\":\"BreadcrumbList\",\"@id\":\"https:\\\/\\\/www.infarma.es\\\/ca\\\/the-lab-infarma-canal-farmacia-consejo-dermofarmaceutico\\\/#breadcrumb\",\"itemListElement\":[{\"@type\":\"ListItem\",\"position\":1,\"name\":\"Portada\",\"item\":\"https:\\\/\\\/www.infarma.es\\\/ca\\\/\"},{\"@type\":\"ListItem\",\"position\":2,\"name\":\"THE LAB estar\u00e1 presente en INFARMA por cuarto a\u00f1o consecutivo como l\u00ednea de apoyo absoluto al canal farmacia en el Consejo Dermofarmac\u00e9utico\"}]},{\"@type\":\"WebSite\",\"@id\":\"https:\\\/\\\/www.infarma.es\\\/ca\\\/#website\",\"url\":\"https:\\\/\\\/www.infarma.es\\\/ca\\\/\",\"name\":\"Infarma\",\"description\":\"El mayor encuentro de farmacia\",\"publisher\":{\"@id\":\"https:\\\/\\\/www.infarma.es\\\/ca\\\/#organization\"},\"potentialAction\":[{\"@type\":\"SearchAction\",\"target\":{\"@type\":\"EntryPoint\",\"urlTemplate\":\"https:\\\/\\\/www.infarma.es\\\/ca\\\/?s={search_term_string}\"},\"query-input\":{\"@type\":\"PropertyValueSpecification\",\"valueRequired\":true,\"valueName\":\"search_term_string\"}}],\"inLanguage\":\"ca\"},{\"@type\":\"Organization\",\"@id\":\"https:\\\/\\\/www.infarma.es\\\/ca\\\/#organization\",\"name\":\"Infarma\",\"url\":\"https:\\\/\\\/www.infarma.es\\\/ca\\\/\",\"logo\":{\"@type\":\"ImageObject\",\"inLanguage\":\"ca\",\"@id\":\"https:\\\/\\\/www.infarma.es\\\/ca\\\/#\\\/schema\\\/logo\\\/image\\\/\",\"url\":\"https:\\\/\\\/www.infarma.es\\\/wp-content\\\/uploads\\\/2024\\\/10\\\/logo-simple.svg\",\"contentUrl\":\"https:\\\/\\\/www.infarma.es\\\/wp-content\\\/uploads\\\/2024\\\/10\\\/logo-simple.svg\",\"width\":1,\"height\":1,\"caption\":\"Infarma\"},\"image\":{\"@id\":\"https:\\\/\\\/www.infarma.es\\\/ca\\\/#\\\/schema\\\/logo\\\/image\\\/\"},\"sameAs\":[\"https:\\\/\\\/www.facebook.com\\\/infarmaoficial\\\/\",\"https:\\\/\\\/x.com\\\/infarma_es\",\"https:\\\/\\\/www.instagram.com\\\/infarma_oficial\\\/\",\"https:\\\/\\\/www.linkedin.com\\\/showcase\\\/infarma-salon\\\/\",\"https:\\\/\\\/www.youtube.com\\\/@INFARMAOFICIAL\"]},{\"@type\":\"Person\",\"@id\":\"https:\\\/\\\/www.infarma.es\\\/ca\\\/#\\\/schema\\\/person\\\/e53486dc47606cc5c89217026a8a01a7\",\"name\":\"xavier\",\"image\":{\"@type\":\"ImageObject\",\"inLanguage\":\"ca\",\"@id\":\"https:\\\/\\\/secure.gravatar.com\\\/avatar\\\/9014b89254123c1f240ae636cc793b98ce50ec2df162909756be1d23adc503e4?s=96&d=mm&r=g\",\"url\":\"https:\\\/\\\/secure.gravatar.com\\\/avatar\\\/9014b89254123c1f240ae636cc793b98ce50ec2df162909756be1d23adc503e4?s=96&d=mm&r=g\",\"contentUrl\":\"https:\\\/\\\/secure.gravatar.com\\\/avatar\\\/9014b89254123c1f240ae636cc793b98ce50ec2df162909756be1d23adc503e4?s=96&d=mm&r=g\",\"caption\":\"xavier\"},\"url\":\"https:\\\/\\\/www.infarma.es\\\/ca\\\/author\\\/xavier\\\/\"}]}<\/script>\n<!-- \/ Yoast SEO plugin. -->","yoast_head_json":{"title":"THE LAB estar\u00e1 presente en INFARMA por cuarto a\u00f1o consecutivo como l\u00ednea de apoyo absoluto al canal farmacia en el Consejo Dermofarmac\u00e9utico","description":"THE LAB se consolida como l\u00ednea dermofarmac\u00e9utica de confianza para la oficina de farmacia por su filosof\u00eda y sus cimientos 100% farmac\u00e9uticos.","robots":{"index":"index","follow":"follow","max-snippet":"max-snippet:-1","max-image-preview":"max-image-preview:large","max-video-preview":"max-video-preview:-1"},"canonical":"https:\/\/www.infarma.es\/ca\/the-lab-infarma-canal-farmacia-consejo-dermofarmaceutico\/","og_locale":"ca_ES","og_type":"article","og_title":"THE LAB estar\u00e1 presente en INFARMA por cuarto a\u00f1o consecutivo como l\u00ednea de apoyo absoluto al canal farmacia en el Consejo Dermofarmac\u00e9utico","og_description":"THE LAB se consolida como l\u00ednea dermofarmac\u00e9utica de confianza para la oficina de farmacia por su filosof\u00eda y sus cimientos 100% farmac\u00e9uticos.","og_url":"https:\/\/www.infarma.es\/ca\/the-lab-infarma-canal-farmacia-consejo-dermofarmaceutico\/","og_site_name":"Infarma","article_publisher":"https:\/\/www.facebook.com\/infarmaoficial\/","article_published_time":"2025-03-21T22:36:31+00:00","article_modified_time":"2025-03-21T22:37:11+00:00","og_image":[{"width":1600,"height":900,"url":"https:\/\/www.infarma.es\/wp-content\/uploads\/2025\/03\/inf2025-the_lab-blog.webp","type":"image\/webp"}],"author":"xavier","twitter_card":"summary_large_image","twitter_creator":"@infarma_es","twitter_site":"@infarma_es","twitter_misc":{"Escrit per":"xavier","Temps estimat de lectura":"3 minuts"},"schema":{"@context":"https:\/\/schema.org","@graph":[{"@type":"Article","@id":"https:\/\/www.infarma.es\/ca\/the-lab-infarma-canal-farmacia-consejo-dermofarmaceutico\/#article","isPartOf":{"@id":"https:\/\/www.infarma.es\/ca\/the-lab-infarma-canal-farmacia-consejo-dermofarmaceutico\/"},"author":{"name":"xavier","@id":"https:\/\/www.infarma.es\/ca\/#\/schema\/person\/e53486dc47606cc5c89217026a8a01a7"},"headline":"THE LAB estar\u00e1 presente en INFARMA por cuarto a\u00f1o consecutivo como l\u00ednea de apoyo absoluto al canal farmacia en el Consejo Dermofarmac\u00e9utico","datePublished":"2025-03-21T22:36:31+00:00","dateModified":"2025-03-21T22:37:11+00:00","mainEntityOfPage":{"@id":"https:\/\/www.infarma.es\/ca\/the-lab-infarma-canal-farmacia-consejo-dermofarmaceutico\/"},"wordCount":540,"publisher":{"@id":"https:\/\/www.infarma.es\/ca\/#organization"},"image":{"@id":"https:\/\/www.infarma.es\/ca\/the-lab-infarma-canal-farmacia-consejo-dermofarmaceutico\/#primaryimage"},"thumbnailUrl":"https:\/\/www.infarma.es\/wp-content\/uploads\/2025\/03\/inf2025-the_lab-blog.webp","articleSection":["Noticias del Sal\u00f3n"],"inLanguage":"ca"},{"@type":"WebPage","@id":"https:\/\/www.infarma.es\/ca\/the-lab-infarma-canal-farmacia-consejo-dermofarmaceutico\/","url":"https:\/\/www.infarma.es\/ca\/the-lab-infarma-canal-farmacia-consejo-dermofarmaceutico\/","name":"THE LAB estar\u00e1 presente en INFARMA por cuarto a\u00f1o consecutivo como l\u00ednea de apoyo absoluto al canal farmacia en el Consejo Dermofarmac\u00e9utico","isPartOf":{"@id":"https:\/\/www.infarma.es\/ca\/#website"},"primaryImageOfPage":{"@id":"https:\/\/www.infarma.es\/ca\/the-lab-infarma-canal-farmacia-consejo-dermofarmaceutico\/#primaryimage"},"image":{"@id":"https:\/\/www.infarma.es\/ca\/the-lab-infarma-canal-farmacia-consejo-dermofarmaceutico\/#primaryimage"},"thumbnailUrl":"https:\/\/www.infarma.es\/wp-content\/uploads\/2025\/03\/inf2025-the_lab-blog.webp","datePublished":"2025-03-21T22:36:31+00:00","dateModified":"2025-03-21T22:37:11+00:00","description":"THE LAB se consolida como l\u00ednea dermofarmac\u00e9utica de confianza para la oficina de farmacia por su filosof\u00eda y sus cimientos 100% farmac\u00e9uticos.","breadcrumb":{"@id":"https:\/\/www.infarma.es\/ca\/the-lab-infarma-canal-farmacia-consejo-dermofarmaceutico\/#breadcrumb"},"inLanguage":"ca","potentialAction":[{"@type":"ReadAction","target":["https:\/\/www.infarma.es\/ca\/the-lab-infarma-canal-farmacia-consejo-dermofarmaceutico\/"]}]},{"@type":"ImageObject","inLanguage":"ca","@id":"https:\/\/www.infarma.es\/ca\/the-lab-infarma-canal-farmacia-consejo-dermofarmaceutico\/#primaryimage","url":"https:\/\/www.infarma.es\/wp-content\/uploads\/2025\/03\/inf2025-the_lab-blog.webp","contentUrl":"https:\/\/www.infarma.es\/wp-content\/uploads\/2025\/03\/inf2025-the_lab-blog.webp","width":1600,"height":900},{"@type":"BreadcrumbList","@id":"https:\/\/www.infarma.es\/ca\/the-lab-infarma-canal-farmacia-consejo-dermofarmaceutico\/#breadcrumb","itemListElement":[{"@type":"ListItem","position":1,"name":"Portada","item":"https:\/\/www.infarma.es\/ca\/"},{"@type":"ListItem","position":2,"name":"THE LAB estar\u00e1 presente en INFARMA por cuarto a\u00f1o consecutivo como l\u00ednea de apoyo absoluto al canal farmacia en el Consejo Dermofarmac\u00e9utico"}]},{"@type":"WebSite","@id":"https:\/\/www.infarma.es\/ca\/#website","url":"https:\/\/www.infarma.es\/ca\/","name":"Infarma","description":"El mayor encuentro de farmacia","publisher":{"@id":"https:\/\/www.infarma.es\/ca\/#organization"},"potentialAction":[{"@type":"SearchAction","target":{"@type":"EntryPoint","urlTemplate":"https:\/\/www.infarma.es\/ca\/?s={search_term_string}"},"query-input":{"@type":"PropertyValueSpecification","valueRequired":true,"valueName":"search_term_string"}}],"inLanguage":"ca"},{"@type":"Organization","@id":"https:\/\/www.infarma.es\/ca\/#organization","name":"Infarma","url":"https:\/\/www.infarma.es\/ca\/","logo":{"@type":"ImageObject","inLanguage":"ca","@id":"https:\/\/www.infarma.es\/ca\/#\/schema\/logo\/image\/","url":"https:\/\/www.infarma.es\/wp-content\/uploads\/2024\/10\/logo-simple.svg","contentUrl":"https:\/\/www.infarma.es\/wp-content\/uploads\/2024\/10\/logo-simple.svg","width":1,"height":1,"caption":"Infarma"},"image":{"@id":"https:\/\/www.infarma.es\/ca\/#\/schema\/logo\/image\/"},"sameAs":["https:\/\/www.facebook.com\/infarmaoficial\/","https:\/\/x.com\/infarma_es","https:\/\/www.instagram.com\/infarma_oficial\/","https:\/\/www.linkedin.com\/showcase\/infarma-salon\/","https:\/\/www.youtube.com\/@INFARMAOFICIAL"]},{"@type":"Person","@id":"https:\/\/www.infarma.es\/ca\/#\/schema\/person\/e53486dc47606cc5c89217026a8a01a7","name":"xavier","image":{"@type":"ImageObject","inLanguage":"ca","@id":"https:\/\/secure.gravatar.com\/avatar\/9014b89254123c1f240ae636cc793b98ce50ec2df162909756be1d23adc503e4?s=96&d=mm&r=g","url":"https:\/\/secure.gravatar.com\/avatar\/9014b89254123c1f240ae636cc793b98ce50ec2df162909756be1d23adc503e4?s=96&d=mm&r=g","contentUrl":"https:\/\/secure.gravatar.com\/avatar\/9014b89254123c1f240ae636cc793b98ce50ec2df162909756be1d23adc503e4?s=96&d=mm&r=g","caption":"xavier"},"url":"https:\/\/www.infarma.es\/ca\/author\/xavier\/"}]}},"_links":{"self":[{"href":"https:\/\/www.infarma.es\/ca\/wp-json\/wp\/v2\/posts\/19305","targetHints":{"allow":["GET"]}}],"collection":[{"href":"https:\/\/www.infarma.es\/ca\/wp-json\/wp\/v2\/posts"}],"about":[{"href":"https:\/\/www.infarma.es\/ca\/wp-json\/wp\/v2\/types\/post"}],"author":[{"embeddable":true,"href":"https:\/\/www.infarma.es\/ca\/wp-json\/wp\/v2\/users\/2"}],"replies":[{"embeddable":true,"href":"https:\/\/www.infarma.es\/ca\/wp-json\/wp\/v2\/comments?post=19305"}],"version-history":[{"count":3,"href":"https:\/\/www.infarma.es\/ca\/wp-json\/wp\/v2\/posts\/19305\/revisions"}],"predecessor-version":[{"id":19311,"href":"https:\/\/www.infarma.es\/ca\/wp-json\/wp\/v2\/posts\/19305\/revisions\/19311"}],"wp:featuredmedia":[{"embeddable":true,"href":"https:\/\/www.infarma.es\/ca\/wp-json\/wp\/v2\/media\/19306"}],"wp:attachment":[{"href":"https:\/\/www.infarma.es\/ca\/wp-json\/wp\/v2\/media?parent=19305"}],"wp:term":[{"taxonomy":"category","embeddable":true,"href":"https:\/\/www.infarma.es\/ca\/wp-json\/wp\/v2\/categories?post=19305"},{"taxonomy":"post_tag","embeddable":true,"href":"https:\/\/www.infarma.es\/ca\/wp-json\/wp\/v2\/tags?post=19305"}],"curies":[{"name":"wp","href":"https:\/\/api.w.org\/{rel}","templated":true}]}}