{"id":19471,"date":"2025-03-31T10:07:46","date_gmt":"2025-03-31T08:07:46","guid":{"rendered":"https:\/\/www.infarma.es\/?p=19471"},"modified":"2025-03-31T10:07:47","modified_gmt":"2025-03-31T08:07:47","slug":"microcaya-celebra-40-aniversario-infarma2025-compromiso-innovacion-salud","status":"publish","type":"post","link":"https:\/\/www.infarma.es\/ca\/microcaya-celebra-40-aniversario-infarma2025-compromiso-innovacion-salud\/","title":{"rendered":"Microcaya celebra su 40 aniversario en Infarma 2025, reafirmando su compromiso con la innovaci\u00f3n en salud"},"content":{"rendered":"\n<p><em><strong>Madrid, 28 de marzo de 2025 \u2014<\/strong><\/em> Microcaya, empresa l\u00edder en la distribuci\u00f3n de tecnolog\u00edas de an\u00e1lisis preventivo de salud, conmemora su 40\u00ba aniversario en el marco de Infarma 2025. Durante el congreso, la compa\u00f1\u00eda ha renovado su compromiso con la innovaci\u00f3n en salud, consolid\u00e1ndose como referente en soluciones avanzadas para la farmacia y el autocuidado.<\/p>\n\n\n\n<div style=\"height:30px\" aria-hidden=\"true\" class=\"wp-block-spacer\"><\/div>\n\n\n\n<h5 class=\"wp-block-heading\">Un enfoque innovador hacia la prevenci\u00f3n y el bienestar<\/h5>\n\n\n\n<p>En su intervenci\u00f3n, Microcaya destac\u00f3 c\u00f3mo ha evolucionado para convertirse en un actor clave en la transformaci\u00f3n de la farmacia comunitaria. La compa\u00f1\u00eda ha centrado sus esfuerzos en ofrecer tecnolog\u00edas cient\u00edficamente validadas y no invasivas, facilitando a los farmac\u00e9uticos un papel esencial en la prevenci\u00f3n de patolog\u00edas y el fomento del bienestar. Esta evoluci\u00f3n ha permitido a las farmacias convertirse en puntos estrat\u00e9gicos de autocuidado y seguimiento de la salud, adapt\u00e1ndose a las necesidades biosanitarias actuales y fortaleciendo el rol del farmac\u00e9utico como agente de salud integral.<\/p>\n\n\n\n<div style=\"height:30px\" aria-hidden=\"true\" class=\"wp-block-spacer\"><\/div>\n\n\n\n<h5 class=\"wp-block-heading\">Colaboraci\u00f3n con Physical Exercise and Health Consulting<\/h5>\n\n\n\n<p>Con motivo de su 40\u00ba aniversario, Microcaya present\u00f3 su colaboraci\u00f3n con la consultora Physical Exercise and Health Consulting, dirigida por el destacado catedr\u00e1tico Felipe Isidro. Esta alianza tiene como objetivo integrar la recomendaci\u00f3n de ejercicio f\u00edsico dentro de la farmacia comunitaria, permitiendo a los farmac\u00e9uticos ofrecer un enfoque preventivo integral que promueva un envejecimiento saludable y active la prevenci\u00f3n de enfermedades.<\/p>\n\n\n\n<p>Felipe Isidro, miembro de prestigiosas sociedades cient\u00edficas como la SEEDO (Sociedad Espa\u00f1ola para el Estudio de la Obesidad) y la SEC (Sociedad Espa\u00f1ola de Cardiolog\u00eda), resalt\u00f3 durante Infarma 2025 la importancia de la actividad f\u00edsica en la prevenci\u00f3n del envejecimiento, la fragilidad y la p\u00e9rdida de autonom\u00eda. Asimismo, subray\u00f3 el papel fundamental que juegan las farmacias en este proceso.<\/p>\n\n\n\n<div style=\"height:30px\" aria-hidden=\"true\" class=\"wp-block-spacer\"><\/div>\n\n\n\n<h5 class=\"wp-block-heading\">Innovaci\u00f3n tecnol\u00f3gica para la prevenci\u00f3n y el envejecimiento activo<\/h5>\n\n\n\n<p>Microcaya ha sido pionera en la incorporaci\u00f3n de tecnolog\u00edas avanzadas para la prevenci\u00f3n de enfermedades y el fomento de un envejecimiento saludable. Dispositivos como el InBody, el Multi Dermascope 1000 y el Max Pulse han transformado la farmacia en un referente en salud poblacional. Estos analizadores no invasivos, que permiten realizar evaluaciones precisas de la composici\u00f3n corporal, la salud d\u00e9rmica y los niveles de estr\u00e9s, permiten al farmac\u00e9utico ofrecer un servicio integral de prevenci\u00f3n a la comunidad.<\/p>\n\n\n\n<div style=\"height:30px\" aria-hidden=\"true\" class=\"wp-block-spacer\"><\/div>\n\n\n\n<h5 class=\"wp-block-heading\">El futuro de la salud en las farmacias<\/h5>\n\n\n\n<p>Con la mirada puesta en el futuro, Microcaya contin\u00faa fortaleciendo sus relaciones con los principales proveedores del sector, lo que le permitir\u00e1 avanzar en investigaci\u00f3n y desarrollo. La compa\u00f1\u00eda sigue trabajando para ofrecer soluciones innovadoras que mejoren la salud y calidad de vida de las personas, reforzando el rol estrat\u00e9gico de la farmacia como punto clave en la prevenci\u00f3n y promoci\u00f3n de la salud.<\/p>\n","protected":false},"excerpt":{"rendered":"<p>Madrid, 28 de marzo de 2025 \u2014 Microcaya, empresa l\u00edder en la distribuci\u00f3n de tecnolog\u00edas de an\u00e1lisis preventivo de salud, conmemora su 40\u00ba aniversario en el marco de Infarma 2025. Durante el congreso, la compa\u00f1\u00eda ha renovado su compromiso con la innovaci\u00f3n en salud, consolid\u00e1ndose como referente en soluciones avanzadas para la farmacia y el [&hellip;]<\/p>\n","protected":false},"author":2,"featured_media":19472,"comment_status":"closed","ping_status":"open","sticky":false,"template":"","format":"standard","meta":{"footnotes":""},"categories":[141],"tags":[],"class_list":["post-19471","post","type-post","status-publish","format-standard","has-post-thumbnail","hentry","category-noticias-del-salon"],"yoast_head":"<!-- This site is optimized with the Yoast SEO plugin v27.4 - https:\/\/yoast.com\/product\/yoast-seo-wordpress\/ -->\n<title>Microcaya celebra su 40 aniversario en Infarma 2025, reafirmando su compromiso con la innovaci\u00f3n en salud<\/title>\n<meta name=\"description\" content=\"La compa\u00f1\u00eda sigue trabajando para ofrecer soluciones innovadoras que mejoren la salud y calidad de vida de las personas.\" \/>\n<meta name=\"robots\" content=\"index, follow, max-snippet:-1, max-image-preview:large, max-video-preview:-1\" \/>\n<link rel=\"canonical\" href=\"https:\/\/www.infarma.es\/ca\/microcaya-celebra-40-aniversario-infarma2025-compromiso-innovacion-salud\/\" \/>\n<meta property=\"og:locale\" content=\"ca_ES\" \/>\n<meta property=\"og:type\" content=\"article\" \/>\n<meta property=\"og:title\" content=\"Microcaya celebra su 40 aniversario en Infarma 2025, reafirmando su compromiso con la innovaci\u00f3n en salud\" \/>\n<meta property=\"og:description\" content=\"La compa\u00f1\u00eda sigue trabajando para ofrecer soluciones innovadoras que mejoren la salud y calidad de vida de las personas.\" \/>\n<meta property=\"og:url\" content=\"https:\/\/www.infarma.es\/ca\/microcaya-celebra-40-aniversario-infarma2025-compromiso-innovacion-salud\/\" \/>\n<meta property=\"og:site_name\" content=\"Infarma\" \/>\n<meta property=\"article:publisher\" content=\"https:\/\/www.facebook.com\/infarmaoficial\/\" \/>\n<meta property=\"article:published_time\" content=\"2025-03-31T08:07:46+00:00\" \/>\n<meta property=\"article:modified_time\" content=\"2025-03-31T08:07:47+00:00\" \/>\n<meta property=\"og:image\" content=\"https:\/\/www.infarma.es\/wp-content\/uploads\/2025\/03\/inf2025-microcaya-cierre.webp\" \/>\n\t<meta property=\"og:image:width\" content=\"1600\" \/>\n\t<meta property=\"og:image:height\" content=\"900\" \/>\n\t<meta property=\"og:image:type\" content=\"image\/webp\" \/>\n<meta name=\"author\" content=\"xavier\" \/>\n<meta name=\"twitter:card\" content=\"summary_large_image\" \/>\n<meta name=\"twitter:creator\" content=\"@infarma_es\" \/>\n<meta name=\"twitter:site\" content=\"@infarma_es\" \/>\n<meta name=\"twitter:label1\" content=\"Escrit per\" \/>\n\t<meta name=\"twitter:data1\" content=\"xavier\" \/>\n\t<meta name=\"twitter:label2\" content=\"Temps estimat de lectura\" \/>\n\t<meta name=\"twitter:data2\" content=\"3 minuts\" \/>\n<script type=\"application\/ld+json\" class=\"yoast-schema-graph\">{\"@context\":\"https:\\\/\\\/schema.org\",\"@graph\":[{\"@type\":\"Article\",\"@id\":\"https:\\\/\\\/www.infarma.es\\\/ca\\\/microcaya-celebra-40-aniversario-infarma2025-compromiso-innovacion-salud\\\/#article\",\"isPartOf\":{\"@id\":\"https:\\\/\\\/www.infarma.es\\\/ca\\\/microcaya-celebra-40-aniversario-infarma2025-compromiso-innovacion-salud\\\/\"},\"author\":{\"name\":\"xavier\",\"@id\":\"https:\\\/\\\/www.infarma.es\\\/ca\\\/#\\\/schema\\\/person\\\/e53486dc47606cc5c89217026a8a01a7\"},\"headline\":\"Microcaya celebra su 40 aniversario en Infarma 2025, reafirmando su compromiso con la innovaci\u00f3n en salud\",\"datePublished\":\"2025-03-31T08:07:46+00:00\",\"dateModified\":\"2025-03-31T08:07:47+00:00\",\"mainEntityOfPage\":{\"@id\":\"https:\\\/\\\/www.infarma.es\\\/ca\\\/microcaya-celebra-40-aniversario-infarma2025-compromiso-innovacion-salud\\\/\"},\"wordCount\":497,\"publisher\":{\"@id\":\"https:\\\/\\\/www.infarma.es\\\/ca\\\/#organization\"},\"image\":{\"@id\":\"https:\\\/\\\/www.infarma.es\\\/ca\\\/microcaya-celebra-40-aniversario-infarma2025-compromiso-innovacion-salud\\\/#primaryimage\"},\"thumbnailUrl\":\"https:\\\/\\\/www.infarma.es\\\/wp-content\\\/uploads\\\/2025\\\/03\\\/inf2025-microcaya-cierre.webp\",\"articleSection\":[\"Noticias del Sal\u00f3n\"],\"inLanguage\":\"ca\"},{\"@type\":\"WebPage\",\"@id\":\"https:\\\/\\\/www.infarma.es\\\/ca\\\/microcaya-celebra-40-aniversario-infarma2025-compromiso-innovacion-salud\\\/\",\"url\":\"https:\\\/\\\/www.infarma.es\\\/ca\\\/microcaya-celebra-40-aniversario-infarma2025-compromiso-innovacion-salud\\\/\",\"name\":\"Microcaya celebra su 40 aniversario en Infarma 2025, reafirmando su compromiso con la innovaci\u00f3n en salud\",\"isPartOf\":{\"@id\":\"https:\\\/\\\/www.infarma.es\\\/ca\\\/#website\"},\"primaryImageOfPage\":{\"@id\":\"https:\\\/\\\/www.infarma.es\\\/ca\\\/microcaya-celebra-40-aniversario-infarma2025-compromiso-innovacion-salud\\\/#primaryimage\"},\"image\":{\"@id\":\"https:\\\/\\\/www.infarma.es\\\/ca\\\/microcaya-celebra-40-aniversario-infarma2025-compromiso-innovacion-salud\\\/#primaryimage\"},\"thumbnailUrl\":\"https:\\\/\\\/www.infarma.es\\\/wp-content\\\/uploads\\\/2025\\\/03\\\/inf2025-microcaya-cierre.webp\",\"datePublished\":\"2025-03-31T08:07:46+00:00\",\"dateModified\":\"2025-03-31T08:07:47+00:00\",\"description\":\"La compa\u00f1\u00eda sigue trabajando para ofrecer soluciones innovadoras que mejoren la salud y calidad de vida de las personas.\",\"breadcrumb\":{\"@id\":\"https:\\\/\\\/www.infarma.es\\\/ca\\\/microcaya-celebra-40-aniversario-infarma2025-compromiso-innovacion-salud\\\/#breadcrumb\"},\"inLanguage\":\"ca\",\"potentialAction\":[{\"@type\":\"ReadAction\",\"target\":[\"https:\\\/\\\/www.infarma.es\\\/ca\\\/microcaya-celebra-40-aniversario-infarma2025-compromiso-innovacion-salud\\\/\"]}]},{\"@type\":\"ImageObject\",\"inLanguage\":\"ca\",\"@id\":\"https:\\\/\\\/www.infarma.es\\\/ca\\\/microcaya-celebra-40-aniversario-infarma2025-compromiso-innovacion-salud\\\/#primaryimage\",\"url\":\"https:\\\/\\\/www.infarma.es\\\/wp-content\\\/uploads\\\/2025\\\/03\\\/inf2025-microcaya-cierre.webp\",\"contentUrl\":\"https:\\\/\\\/www.infarma.es\\\/wp-content\\\/uploads\\\/2025\\\/03\\\/inf2025-microcaya-cierre.webp\",\"width\":1600,\"height\":900},{\"@type\":\"BreadcrumbList\",\"@id\":\"https:\\\/\\\/www.infarma.es\\\/ca\\\/microcaya-celebra-40-aniversario-infarma2025-compromiso-innovacion-salud\\\/#breadcrumb\",\"itemListElement\":[{\"@type\":\"ListItem\",\"position\":1,\"name\":\"Portada\",\"item\":\"https:\\\/\\\/www.infarma.es\\\/ca\\\/\"},{\"@type\":\"ListItem\",\"position\":2,\"name\":\"Microcaya celebra su 40 aniversario en Infarma 2025, reafirmando su compromiso con la innovaci\u00f3n en salud\"}]},{\"@type\":\"WebSite\",\"@id\":\"https:\\\/\\\/www.infarma.es\\\/ca\\\/#website\",\"url\":\"https:\\\/\\\/www.infarma.es\\\/ca\\\/\",\"name\":\"Infarma\",\"description\":\"El mayor encuentro de farmacia\",\"publisher\":{\"@id\":\"https:\\\/\\\/www.infarma.es\\\/ca\\\/#organization\"},\"potentialAction\":[{\"@type\":\"SearchAction\",\"target\":{\"@type\":\"EntryPoint\",\"urlTemplate\":\"https:\\\/\\\/www.infarma.es\\\/ca\\\/?s={search_term_string}\"},\"query-input\":{\"@type\":\"PropertyValueSpecification\",\"valueRequired\":true,\"valueName\":\"search_term_string\"}}],\"inLanguage\":\"ca\"},{\"@type\":\"Organization\",\"@id\":\"https:\\\/\\\/www.infarma.es\\\/ca\\\/#organization\",\"name\":\"Infarma\",\"url\":\"https:\\\/\\\/www.infarma.es\\\/ca\\\/\",\"logo\":{\"@type\":\"ImageObject\",\"inLanguage\":\"ca\",\"@id\":\"https:\\\/\\\/www.infarma.es\\\/ca\\\/#\\\/schema\\\/logo\\\/image\\\/\",\"url\":\"https:\\\/\\\/www.infarma.es\\\/wp-content\\\/uploads\\\/2024\\\/10\\\/logo-simple.svg\",\"contentUrl\":\"https:\\\/\\\/www.infarma.es\\\/wp-content\\\/uploads\\\/2024\\\/10\\\/logo-simple.svg\",\"width\":1,\"height\":1,\"caption\":\"Infarma\"},\"image\":{\"@id\":\"https:\\\/\\\/www.infarma.es\\\/ca\\\/#\\\/schema\\\/logo\\\/image\\\/\"},\"sameAs\":[\"https:\\\/\\\/www.facebook.com\\\/infarmaoficial\\\/\",\"https:\\\/\\\/x.com\\\/infarma_es\",\"https:\\\/\\\/www.instagram.com\\\/infarma_oficial\\\/\",\"https:\\\/\\\/www.linkedin.com\\\/showcase\\\/infarma-salon\\\/\",\"https:\\\/\\\/www.youtube.com\\\/@INFARMAOFICIAL\"]},{\"@type\":\"Person\",\"@id\":\"https:\\\/\\\/www.infarma.es\\\/ca\\\/#\\\/schema\\\/person\\\/e53486dc47606cc5c89217026a8a01a7\",\"name\":\"xavier\",\"image\":{\"@type\":\"ImageObject\",\"inLanguage\":\"ca\",\"@id\":\"https:\\\/\\\/secure.gravatar.com\\\/avatar\\\/9014b89254123c1f240ae636cc793b98ce50ec2df162909756be1d23adc503e4?s=96&d=mm&r=g\",\"url\":\"https:\\\/\\\/secure.gravatar.com\\\/avatar\\\/9014b89254123c1f240ae636cc793b98ce50ec2df162909756be1d23adc503e4?s=96&d=mm&r=g\",\"contentUrl\":\"https:\\\/\\\/secure.gravatar.com\\\/avatar\\\/9014b89254123c1f240ae636cc793b98ce50ec2df162909756be1d23adc503e4?s=96&d=mm&r=g\",\"caption\":\"xavier\"},\"url\":\"https:\\\/\\\/www.infarma.es\\\/ca\\\/author\\\/xavier\\\/\"}]}<\/script>\n<!-- \/ Yoast SEO plugin. -->","yoast_head_json":{"title":"Microcaya celebra su 40 aniversario en Infarma 2025, reafirmando su compromiso con la innovaci\u00f3n en salud","description":"La compa\u00f1\u00eda sigue trabajando para ofrecer soluciones innovadoras que mejoren la salud y calidad de vida de las personas.","robots":{"index":"index","follow":"follow","max-snippet":"max-snippet:-1","max-image-preview":"max-image-preview:large","max-video-preview":"max-video-preview:-1"},"canonical":"https:\/\/www.infarma.es\/ca\/microcaya-celebra-40-aniversario-infarma2025-compromiso-innovacion-salud\/","og_locale":"ca_ES","og_type":"article","og_title":"Microcaya celebra su 40 aniversario en Infarma 2025, reafirmando su compromiso con la innovaci\u00f3n en salud","og_description":"La compa\u00f1\u00eda sigue trabajando para ofrecer soluciones innovadoras que mejoren la salud y calidad de vida de las personas.","og_url":"https:\/\/www.infarma.es\/ca\/microcaya-celebra-40-aniversario-infarma2025-compromiso-innovacion-salud\/","og_site_name":"Infarma","article_publisher":"https:\/\/www.facebook.com\/infarmaoficial\/","article_published_time":"2025-03-31T08:07:46+00:00","article_modified_time":"2025-03-31T08:07:47+00:00","og_image":[{"width":1600,"height":900,"url":"https:\/\/www.infarma.es\/wp-content\/uploads\/2025\/03\/inf2025-microcaya-cierre.webp","type":"image\/webp"}],"author":"xavier","twitter_card":"summary_large_image","twitter_creator":"@infarma_es","twitter_site":"@infarma_es","twitter_misc":{"Escrit per":"xavier","Temps estimat de lectura":"3 minuts"},"schema":{"@context":"https:\/\/schema.org","@graph":[{"@type":"Article","@id":"https:\/\/www.infarma.es\/ca\/microcaya-celebra-40-aniversario-infarma2025-compromiso-innovacion-salud\/#article","isPartOf":{"@id":"https:\/\/www.infarma.es\/ca\/microcaya-celebra-40-aniversario-infarma2025-compromiso-innovacion-salud\/"},"author":{"name":"xavier","@id":"https:\/\/www.infarma.es\/ca\/#\/schema\/person\/e53486dc47606cc5c89217026a8a01a7"},"headline":"Microcaya celebra su 40 aniversario en Infarma 2025, reafirmando su compromiso con la innovaci\u00f3n en salud","datePublished":"2025-03-31T08:07:46+00:00","dateModified":"2025-03-31T08:07:47+00:00","mainEntityOfPage":{"@id":"https:\/\/www.infarma.es\/ca\/microcaya-celebra-40-aniversario-infarma2025-compromiso-innovacion-salud\/"},"wordCount":497,"publisher":{"@id":"https:\/\/www.infarma.es\/ca\/#organization"},"image":{"@id":"https:\/\/www.infarma.es\/ca\/microcaya-celebra-40-aniversario-infarma2025-compromiso-innovacion-salud\/#primaryimage"},"thumbnailUrl":"https:\/\/www.infarma.es\/wp-content\/uploads\/2025\/03\/inf2025-microcaya-cierre.webp","articleSection":["Noticias del Sal\u00f3n"],"inLanguage":"ca"},{"@type":"WebPage","@id":"https:\/\/www.infarma.es\/ca\/microcaya-celebra-40-aniversario-infarma2025-compromiso-innovacion-salud\/","url":"https:\/\/www.infarma.es\/ca\/microcaya-celebra-40-aniversario-infarma2025-compromiso-innovacion-salud\/","name":"Microcaya celebra su 40 aniversario en Infarma 2025, reafirmando su compromiso con la innovaci\u00f3n en salud","isPartOf":{"@id":"https:\/\/www.infarma.es\/ca\/#website"},"primaryImageOfPage":{"@id":"https:\/\/www.infarma.es\/ca\/microcaya-celebra-40-aniversario-infarma2025-compromiso-innovacion-salud\/#primaryimage"},"image":{"@id":"https:\/\/www.infarma.es\/ca\/microcaya-celebra-40-aniversario-infarma2025-compromiso-innovacion-salud\/#primaryimage"},"thumbnailUrl":"https:\/\/www.infarma.es\/wp-content\/uploads\/2025\/03\/inf2025-microcaya-cierre.webp","datePublished":"2025-03-31T08:07:46+00:00","dateModified":"2025-03-31T08:07:47+00:00","description":"La compa\u00f1\u00eda sigue trabajando para ofrecer soluciones innovadoras que mejoren la salud y calidad de vida de las personas.","breadcrumb":{"@id":"https:\/\/www.infarma.es\/ca\/microcaya-celebra-40-aniversario-infarma2025-compromiso-innovacion-salud\/#breadcrumb"},"inLanguage":"ca","potentialAction":[{"@type":"ReadAction","target":["https:\/\/www.infarma.es\/ca\/microcaya-celebra-40-aniversario-infarma2025-compromiso-innovacion-salud\/"]}]},{"@type":"ImageObject","inLanguage":"ca","@id":"https:\/\/www.infarma.es\/ca\/microcaya-celebra-40-aniversario-infarma2025-compromiso-innovacion-salud\/#primaryimage","url":"https:\/\/www.infarma.es\/wp-content\/uploads\/2025\/03\/inf2025-microcaya-cierre.webp","contentUrl":"https:\/\/www.infarma.es\/wp-content\/uploads\/2025\/03\/inf2025-microcaya-cierre.webp","width":1600,"height":900},{"@type":"BreadcrumbList","@id":"https:\/\/www.infarma.es\/ca\/microcaya-celebra-40-aniversario-infarma2025-compromiso-innovacion-salud\/#breadcrumb","itemListElement":[{"@type":"ListItem","position":1,"name":"Portada","item":"https:\/\/www.infarma.es\/ca\/"},{"@type":"ListItem","position":2,"name":"Microcaya celebra su 40 aniversario en Infarma 2025, reafirmando su compromiso con la innovaci\u00f3n en salud"}]},{"@type":"WebSite","@id":"https:\/\/www.infarma.es\/ca\/#website","url":"https:\/\/www.infarma.es\/ca\/","name":"Infarma","description":"El mayor encuentro de farmacia","publisher":{"@id":"https:\/\/www.infarma.es\/ca\/#organization"},"potentialAction":[{"@type":"SearchAction","target":{"@type":"EntryPoint","urlTemplate":"https:\/\/www.infarma.es\/ca\/?s={search_term_string}"},"query-input":{"@type":"PropertyValueSpecification","valueRequired":true,"valueName":"search_term_string"}}],"inLanguage":"ca"},{"@type":"Organization","@id":"https:\/\/www.infarma.es\/ca\/#organization","name":"Infarma","url":"https:\/\/www.infarma.es\/ca\/","logo":{"@type":"ImageObject","inLanguage":"ca","@id":"https:\/\/www.infarma.es\/ca\/#\/schema\/logo\/image\/","url":"https:\/\/www.infarma.es\/wp-content\/uploads\/2024\/10\/logo-simple.svg","contentUrl":"https:\/\/www.infarma.es\/wp-content\/uploads\/2024\/10\/logo-simple.svg","width":1,"height":1,"caption":"Infarma"},"image":{"@id":"https:\/\/www.infarma.es\/ca\/#\/schema\/logo\/image\/"},"sameAs":["https:\/\/www.facebook.com\/infarmaoficial\/","https:\/\/x.com\/infarma_es","https:\/\/www.instagram.com\/infarma_oficial\/","https:\/\/www.linkedin.com\/showcase\/infarma-salon\/","https:\/\/www.youtube.com\/@INFARMAOFICIAL"]},{"@type":"Person","@id":"https:\/\/www.infarma.es\/ca\/#\/schema\/person\/e53486dc47606cc5c89217026a8a01a7","name":"xavier","image":{"@type":"ImageObject","inLanguage":"ca","@id":"https:\/\/secure.gravatar.com\/avatar\/9014b89254123c1f240ae636cc793b98ce50ec2df162909756be1d23adc503e4?s=96&d=mm&r=g","url":"https:\/\/secure.gravatar.com\/avatar\/9014b89254123c1f240ae636cc793b98ce50ec2df162909756be1d23adc503e4?s=96&d=mm&r=g","contentUrl":"https:\/\/secure.gravatar.com\/avatar\/9014b89254123c1f240ae636cc793b98ce50ec2df162909756be1d23adc503e4?s=96&d=mm&r=g","caption":"xavier"},"url":"https:\/\/www.infarma.es\/ca\/author\/xavier\/"}]}},"_links":{"self":[{"href":"https:\/\/www.infarma.es\/ca\/wp-json\/wp\/v2\/posts\/19471","targetHints":{"allow":["GET"]}}],"collection":[{"href":"https:\/\/www.infarma.es\/ca\/wp-json\/wp\/v2\/posts"}],"about":[{"href":"https:\/\/www.infarma.es\/ca\/wp-json\/wp\/v2\/types\/post"}],"author":[{"embeddable":true,"href":"https:\/\/www.infarma.es\/ca\/wp-json\/wp\/v2\/users\/2"}],"replies":[{"embeddable":true,"href":"https:\/\/www.infarma.es\/ca\/wp-json\/wp\/v2\/comments?post=19471"}],"version-history":[{"count":2,"href":"https:\/\/www.infarma.es\/ca\/wp-json\/wp\/v2\/posts\/19471\/revisions"}],"predecessor-version":[{"id":19476,"href":"https:\/\/www.infarma.es\/ca\/wp-json\/wp\/v2\/posts\/19471\/revisions\/19476"}],"wp:featuredmedia":[{"embeddable":true,"href":"https:\/\/www.infarma.es\/ca\/wp-json\/wp\/v2\/media\/19472"}],"wp:attachment":[{"href":"https:\/\/www.infarma.es\/ca\/wp-json\/wp\/v2\/media?parent=19471"}],"wp:term":[{"taxonomy":"category","embeddable":true,"href":"https:\/\/www.infarma.es\/ca\/wp-json\/wp\/v2\/categories?post=19471"},{"taxonomy":"post_tag","embeddable":true,"href":"https:\/\/www.infarma.es\/ca\/wp-json\/wp\/v2\/tags?post=19471"}],"curies":[{"name":"wp","href":"https:\/\/api.w.org\/{rel}","templated":true}]}}