{"id":19500,"date":"2025-03-31T13:35:08","date_gmt":"2025-03-31T11:35:08","guid":{"rendered":"https:\/\/www.infarma.es\/?p=19500"},"modified":"2025-03-31T13:35:09","modified_gmt":"2025-03-31T11:35:09","slug":"formular-y-dispensar-cannabis-medicinal-en-la-farmacia-comunitaria-clave-para-un-mejor-seguimiento-farmacoterapeutico-del-paciente","status":"publish","type":"post","link":"https:\/\/www.infarma.es\/ca\/formular-y-dispensar-cannabis-medicinal-en-la-farmacia-comunitaria-clave-para-un-mejor-seguimiento-farmacoterapeutico-del-paciente\/","title":{"rendered":"Formular y dispensar cannabis medicinal en la farmacia comunitaria, clave para un mejor seguimiento farmacoterap\u00e9utico del paciente"},"content":{"rendered":"\n<ul class=\"wp-block-list\">\n<li>El Real Decreto para regular el cannabis medicinal en Espa\u00f1a est\u00e1 actualmente en proceso de revisi\u00f3n por la UE, y se prev\u00e9 su publicaci\u00f3n en junio o julio de 2025<\/li>\n<\/ul>\n\n\n\n<ul class=\"wp-block-list\">\n<li>Se calcula que 4,5 millones de espa\u00f1oles viven con dolor cr\u00f3nico neurop\u00e1tico, lo que supone un total del 9,2% de la poblaci\u00f3n<\/li>\n<\/ul>\n\n\n\n<ul class=\"wp-block-list\">\n<li>El farmac\u00e9utico es un punto diferencial en la dosificaci\u00f3n, el seguimiento y la orientaci\u00f3n del cannabis medicinal para los pacientes<\/li>\n<\/ul>\n\n\n\n<p><em>Barcelona, 31 de marzo de 2025.<\/em> \u2013 Informarse, consultar y regular es clave para entender el estado de opini\u00f3n de los diferentes espacios que ocupa cualquier medicamento. La conferencia \u2018<strong>Propuesta de regulaci\u00f3n del cannabis: \u00bfqu\u00e9 hay que saber?\u2019 <\/strong>celebrada en el marco de Infarma Barcelona 2025<strong>, <\/strong>ha abordado estas cuestiones en relaci\u00f3n con la regulaci\u00f3n de esta planta con fines terap\u00e9uticos.<\/p>\n\n\n\n<p>El moderador <strong>Josep Allu\u00e9, vocal de plantas medicinales del Col\u00b7legi de Farmac\u00e8utics de Barcelona (COFB)<\/strong>, ha explicado que la regulaci\u00f3n del cannabis medicinal tiene una larga historia: en octubre de 2021 se pidi\u00f3 al Congreso de los Diputados la creaci\u00f3n de la subcomisi\u00f3n para su uso. Esta subcomisi\u00f3n elabor\u00f3 un documento en junio de 2022, que ha sido sometido dos veces a consulta. Actualmente, el documento se encuentra en proceso de revisi\u00f3n por parte de la Uni\u00f3n Europea (UE) y se prev\u00e9 que se apruebe en junio o julio de este a\u00f1o en forma de Real Decreto.<\/p>\n\n\n\n<div style=\"height:30px\" aria-hidden=\"true\" class=\"wp-block-spacer\"><\/div>\n\n\n\n<h5 class=\"wp-block-heading\"><strong><u>Indicaciones del cannabis medicinal para el tratamiento del dolor<\/u><\/strong><\/h5>\n\n\n\n<p><strong>Jes\u00fas de Santiago, director Unidades de Dolor MIVI Canarias, especialista en anestesiolog\u00eda, reanimaci\u00f3n y tratamiento del dolor, coordinador del GTSED Cannabinoides, <\/strong>ha comentado en su intervenci\u00f3n que, seg\u00fan el posicionamiento de la <strong>Sociedad Espa\u00f1ola del Dolor (SED)<\/strong>, los <strong>medicamentos hechos a base de cannabinoides<\/strong> (MdC) se pueden utilizar en tercera l\u00ednea de tratamiento para el <strong>dolor neurop\u00e1tico cr\u00f3nico<\/strong>. Para el resto de los tipos de dolor cr\u00f3nicos que sean refractarios a otros tratamientos con m\u00e1s evidencias, se recomienda hacer un <strong>ensayo terap\u00e9utico personalizado<\/strong>, ha a\u00f1adido.<\/p>\n\n\n\n<p><strong>De Santiago<\/strong> ha mencionado tambi\u00e9n las <strong>indicaciones que m\u00e1s han demostrado <\/strong>evidencia de los cannabinoides en el tratamiento del dolor: el dolor cr\u00f3nico neurop\u00e1tico, el dolor oncol\u00f3gico, la endometriosis y el dolor nocipl\u00e1stico (dolor cr\u00f3nico primario, fibromialgia, entre otros).<\/p>\n\n\n\n<p>Por otro lado, ha detallado c\u00f3mo afecta el dolor cr\u00f3nico neurop\u00e1tico y qu\u00e9 cantidad de pacientes lo padecen: \u201cEl <strong>9,2% de la poblaci\u00f3n espa\u00f1ola presenta dolor neurop\u00e1tico, estamos hablando de 4 millones y medio<\/strong>, que sufren un dolor dif\u00edcil de tratar, adem\u00e1s<strong>, casi el 50% de los pacientes acaban en unidades de dolor cr\u00f3nico<\/strong>\u201d.<\/p>\n\n\n\n<p>En el caso del cannabis medicinal, <strong>se puede prescribir con fines terap\u00e9uticos por parte de m\u00e9dicos especialistas en dolor, neurolog\u00eda o Neuro RHB<\/strong>, entre otros. Tal y como comenta <strong>De<\/strong> <strong>Santiago<\/strong>, <strong>los pacientes pueden recoger su medicaci\u00f3n en las farmacias hospitalarias<\/strong>, donde se les proporciona una <strong>f\u00f3rmula magistral<\/strong> con preparados estandarizados de cannabis.<\/p>\n\n\n\n<p>De hecho, el cannabis es una planta muy compleja que presenta cerca de 500 principios activos como el cannabinoides: \u201cProbablemente, es una de las primeras plantas que el ser humano cultiv\u00f3\u201d, como bien ha explicado <strong>Eduardo L\u00f3pez, jefe de secci\u00f3n en el servicio de farmacia del Hospital Universitario y Polit\u00e9cnico La Fe de Valencia.<\/strong><\/p>\n\n\n\n<p>Seg\u00fan L\u00f3pez, el Real Decreto ha venido a cubrir una necesidad real: estandarizar el tipo de producto y la concentraci\u00f3n de principios activos. En este sentido, este <strong>Real Decreto es necesario por tres cuestiones: resolver conocimiento cl\u00ednico, normalizar los preparados y educar a los pacientes y a los profesionales sobre el cannabis medicinal<\/strong>.<\/p>\n\n\n\n<div style=\"height:30px\" aria-hidden=\"true\" class=\"wp-block-spacer\"><\/div>\n\n\n\n<h5 class=\"wp-block-heading\"><strong><u>Pacientes que consumen cannabis medicinal<\/u><\/strong><\/h5>\n\n\n\n<p>Desde su experiencia,<strong> Javier Miravete, presidente de la Uni\u00f3n de Pacientes por la Regulaci\u00f3n del Cannabis Medicinal<\/strong>, ha afirmado que es necesario compartir la pr\u00e1ctica de un paciente que consume este principio activo: \u201cEstamos hablando de un medicamento que hay que saber pautar y dosificar para que lo sepamos prescribir de la forma adecuada con los pacientes\u201d.<\/p>\n\n\n\n<p><strong>Miravete<\/strong> ha puntualizado una opini\u00f3n clave de los pacientes que consumen cannabis medicinal: \u201c<strong>Muchos pacientes conf\u00edan en el farmac\u00e9utico, ya que puede dedicar tiempo a proporcionarles toda la informaci\u00f3n sobre el medicamento, gener\u00e1ndoles m\u00e1s seguridad\u201d<\/strong>.<\/p>\n\n\n\n<div style=\"height:30px\" aria-hidden=\"true\" class=\"wp-block-spacer\"><\/div>\n\n\n\n<h5 class=\"wp-block-heading\"><strong><u>El papel de la oficina de Farmacia en la dispensaci\u00f3n de estupefacientes<\/u><\/strong><strong><\/strong><\/h5>\n\n\n\n<p><strong>Elena Manso, vocal de Formulaci\u00f3n Magistral del Colegio Oficial de Farmac\u00e9uticos de Madrid, <\/strong>ha mencionado que formular y dispensar en farmacia comunitaria es prioritario por la capilaridad, la experiencia en la dispensaci\u00f3n de estupefacientes y su formulaci\u00f3n, la calidad y trazabilidad del laboratorio formulista y el seguimiento farmacoterap\u00e9utico pero, sobre todo, por el paciente.<\/p>\n\n\n\n<p><strong>Manso<\/strong> ha recalcado que los farmac\u00e9uticos elaboran <strong>f\u00f3rmulas magistrales estupefacientes<\/strong> como la morfina, metadona, fentanilo, coca\u00edna, ketamina, que se dispensan en la farmacia comunitaria, pero tambi\u00e9n en farmacia hospitalaria: <strong>\u201cM\u00e1s de 300 referencias distintas de estupefacientes se pueden dispensar en la farmacia comunitaria\u201d.<\/strong><\/p>\n\n\n\n<p>Las farmacias est\u00e1n dotadas de farmac\u00e9uticos totalmente cualificados, quienes pueden realizar un <strong>seguimiento farmacoterap\u00e9utico<\/strong> que se puede hacer en una oficina de farmacia sin ning\u00fan tipo de problema, haciendo un protocolo perfecto con cada paciente: <strong>\u201cPor el paciente, por su comodidad, porque es igual de seguro y ya es una actuaci\u00f3n que hacemos desde las farmacias\u201d.<\/strong><\/p>\n","protected":false},"excerpt":{"rendered":"<p>Barcelona, 31 de marzo de 2025. \u2013 Informarse, consultar y regular es clave para entender el estado de opini\u00f3n de los diferentes espacios que ocupa cualquier medicamento. La conferencia \u2018Propuesta de regulaci\u00f3n del cannabis: \u00bfqu\u00e9 hay que saber?\u2019 celebrada en el marco de Infarma Barcelona 2025, ha abordado estas cuestiones en relaci\u00f3n con la regulaci\u00f3n [&hellip;]<\/p>\n","protected":false},"author":2,"featured_media":19501,"comment_status":"closed","ping_status":"open","sticky":false,"template":"","format":"standard","meta":{"footnotes":""},"categories":[159],"tags":[],"class_list":["post-19500","post","type-post","status-publish","format-standard","has-post-thumbnail","hentry","category-notas_prensa"],"yoast_head":"<!-- This site is optimized with the Yoast SEO plugin v27.4 - https:\/\/yoast.com\/product\/yoast-seo-wordpress\/ -->\n<title>Formular y dispensar cannabis medicinal en la farmacia comunitaria, clave para un mejor seguimiento farmacoterap\u00e9utico del paciente<\/title>\n<meta name=\"description\" content=\"El farmac\u00e9utico es un punto diferencial en la dosificaci\u00f3n, el seguimiento y la orientaci\u00f3n del cannabis medicinal para los pacientes.\" \/>\n<meta name=\"robots\" content=\"index, follow, max-snippet:-1, max-image-preview:large, max-video-preview:-1\" \/>\n<link rel=\"canonical\" href=\"https:\/\/www.infarma.es\/ca\/formular-y-dispensar-cannabis-medicinal-en-la-farmacia-comunitaria-clave-para-un-mejor-seguimiento-farmacoterapeutico-del-paciente\/\" \/>\n<meta property=\"og:locale\" content=\"ca_ES\" \/>\n<meta property=\"og:type\" content=\"article\" \/>\n<meta property=\"og:title\" content=\"Formular y dispensar cannabis medicinal en la farmacia comunitaria, clave para un mejor seguimiento farmacoterap\u00e9utico del paciente\" \/>\n<meta property=\"og:description\" content=\"El farmac\u00e9utico es un punto diferencial en la dosificaci\u00f3n, el seguimiento y la orientaci\u00f3n del cannabis medicinal para los pacientes.\" \/>\n<meta property=\"og:url\" content=\"https:\/\/www.infarma.es\/ca\/formular-y-dispensar-cannabis-medicinal-en-la-farmacia-comunitaria-clave-para-un-mejor-seguimiento-farmacoterapeutico-del-paciente\/\" \/>\n<meta property=\"og:site_name\" content=\"Infarma\" \/>\n<meta property=\"article:publisher\" content=\"https:\/\/www.facebook.com\/infarmaoficial\/\" \/>\n<meta property=\"article:published_time\" content=\"2025-03-31T11:35:08+00:00\" \/>\n<meta property=\"article:modified_time\" content=\"2025-03-31T11:35:09+00:00\" \/>\n<meta property=\"og:image\" content=\"https:\/\/www.infarma.es\/wp-content\/uploads\/2025\/03\/inf2025-Cannabis_medicinal-NP.webp\" \/>\n\t<meta property=\"og:image:width\" content=\"1600\" \/>\n\t<meta property=\"og:image:height\" content=\"900\" \/>\n\t<meta property=\"og:image:type\" content=\"image\/webp\" \/>\n<meta name=\"author\" content=\"xavier\" \/>\n<meta name=\"twitter:card\" content=\"summary_large_image\" \/>\n<meta name=\"twitter:creator\" content=\"@infarma_es\" \/>\n<meta name=\"twitter:site\" content=\"@infarma_es\" \/>\n<meta name=\"twitter:label1\" content=\"Escrit per\" \/>\n\t<meta name=\"twitter:data1\" content=\"xavier\" \/>\n\t<meta name=\"twitter:label2\" content=\"Temps estimat de lectura\" \/>\n\t<meta name=\"twitter:data2\" content=\"5 minuts\" \/>\n<script type=\"application\/ld+json\" class=\"yoast-schema-graph\">{\"@context\":\"https:\\\/\\\/schema.org\",\"@graph\":[{\"@type\":\"Article\",\"@id\":\"https:\\\/\\\/www.infarma.es\\\/ca\\\/formular-y-dispensar-cannabis-medicinal-en-la-farmacia-comunitaria-clave-para-un-mejor-seguimiento-farmacoterapeutico-del-paciente\\\/#article\",\"isPartOf\":{\"@id\":\"https:\\\/\\\/www.infarma.es\\\/ca\\\/formular-y-dispensar-cannabis-medicinal-en-la-farmacia-comunitaria-clave-para-un-mejor-seguimiento-farmacoterapeutico-del-paciente\\\/\"},\"author\":{\"name\":\"xavier\",\"@id\":\"https:\\\/\\\/www.infarma.es\\\/ca\\\/#\\\/schema\\\/person\\\/e53486dc47606cc5c89217026a8a01a7\"},\"headline\":\"Formular y dispensar cannabis medicinal en la farmacia comunitaria, clave para un mejor seguimiento farmacoterap\u00e9utico del paciente\",\"datePublished\":\"2025-03-31T11:35:08+00:00\",\"dateModified\":\"2025-03-31T11:35:09+00:00\",\"mainEntityOfPage\":{\"@id\":\"https:\\\/\\\/www.infarma.es\\\/ca\\\/formular-y-dispensar-cannabis-medicinal-en-la-farmacia-comunitaria-clave-para-un-mejor-seguimiento-farmacoterapeutico-del-paciente\\\/\"},\"wordCount\":933,\"publisher\":{\"@id\":\"https:\\\/\\\/www.infarma.es\\\/ca\\\/#organization\"},\"image\":{\"@id\":\"https:\\\/\\\/www.infarma.es\\\/ca\\\/formular-y-dispensar-cannabis-medicinal-en-la-farmacia-comunitaria-clave-para-un-mejor-seguimiento-farmacoterapeutico-del-paciente\\\/#primaryimage\"},\"thumbnailUrl\":\"https:\\\/\\\/www.infarma.es\\\/wp-content\\\/uploads\\\/2025\\\/03\\\/inf2025-Cannabis_medicinal-NP.webp\",\"articleSection\":[\"Notas de prensa\"],\"inLanguage\":\"ca\"},{\"@type\":\"WebPage\",\"@id\":\"https:\\\/\\\/www.infarma.es\\\/ca\\\/formular-y-dispensar-cannabis-medicinal-en-la-farmacia-comunitaria-clave-para-un-mejor-seguimiento-farmacoterapeutico-del-paciente\\\/\",\"url\":\"https:\\\/\\\/www.infarma.es\\\/ca\\\/formular-y-dispensar-cannabis-medicinal-en-la-farmacia-comunitaria-clave-para-un-mejor-seguimiento-farmacoterapeutico-del-paciente\\\/\",\"name\":\"Formular y dispensar cannabis medicinal en la farmacia comunitaria, clave para un mejor seguimiento farmacoterap\u00e9utico del paciente\",\"isPartOf\":{\"@id\":\"https:\\\/\\\/www.infarma.es\\\/ca\\\/#website\"},\"primaryImageOfPage\":{\"@id\":\"https:\\\/\\\/www.infarma.es\\\/ca\\\/formular-y-dispensar-cannabis-medicinal-en-la-farmacia-comunitaria-clave-para-un-mejor-seguimiento-farmacoterapeutico-del-paciente\\\/#primaryimage\"},\"image\":{\"@id\":\"https:\\\/\\\/www.infarma.es\\\/ca\\\/formular-y-dispensar-cannabis-medicinal-en-la-farmacia-comunitaria-clave-para-un-mejor-seguimiento-farmacoterapeutico-del-paciente\\\/#primaryimage\"},\"thumbnailUrl\":\"https:\\\/\\\/www.infarma.es\\\/wp-content\\\/uploads\\\/2025\\\/03\\\/inf2025-Cannabis_medicinal-NP.webp\",\"datePublished\":\"2025-03-31T11:35:08+00:00\",\"dateModified\":\"2025-03-31T11:35:09+00:00\",\"description\":\"El farmac\u00e9utico es un punto diferencial en la dosificaci\u00f3n, el seguimiento y la orientaci\u00f3n del cannabis medicinal para los pacientes.\",\"breadcrumb\":{\"@id\":\"https:\\\/\\\/www.infarma.es\\\/ca\\\/formular-y-dispensar-cannabis-medicinal-en-la-farmacia-comunitaria-clave-para-un-mejor-seguimiento-farmacoterapeutico-del-paciente\\\/#breadcrumb\"},\"inLanguage\":\"ca\",\"potentialAction\":[{\"@type\":\"ReadAction\",\"target\":[\"https:\\\/\\\/www.infarma.es\\\/ca\\\/formular-y-dispensar-cannabis-medicinal-en-la-farmacia-comunitaria-clave-para-un-mejor-seguimiento-farmacoterapeutico-del-paciente\\\/\"]}]},{\"@type\":\"ImageObject\",\"inLanguage\":\"ca\",\"@id\":\"https:\\\/\\\/www.infarma.es\\\/ca\\\/formular-y-dispensar-cannabis-medicinal-en-la-farmacia-comunitaria-clave-para-un-mejor-seguimiento-farmacoterapeutico-del-paciente\\\/#primaryimage\",\"url\":\"https:\\\/\\\/www.infarma.es\\\/wp-content\\\/uploads\\\/2025\\\/03\\\/inf2025-Cannabis_medicinal-NP.webp\",\"contentUrl\":\"https:\\\/\\\/www.infarma.es\\\/wp-content\\\/uploads\\\/2025\\\/03\\\/inf2025-Cannabis_medicinal-NP.webp\",\"width\":1600,\"height\":900},{\"@type\":\"BreadcrumbList\",\"@id\":\"https:\\\/\\\/www.infarma.es\\\/ca\\\/formular-y-dispensar-cannabis-medicinal-en-la-farmacia-comunitaria-clave-para-un-mejor-seguimiento-farmacoterapeutico-del-paciente\\\/#breadcrumb\",\"itemListElement\":[{\"@type\":\"ListItem\",\"position\":1,\"name\":\"Portada\",\"item\":\"https:\\\/\\\/www.infarma.es\\\/ca\\\/\"},{\"@type\":\"ListItem\",\"position\":2,\"name\":\"Formular y dispensar cannabis medicinal en la farmacia comunitaria, clave para un mejor seguimiento farmacoterap\u00e9utico del paciente\"}]},{\"@type\":\"WebSite\",\"@id\":\"https:\\\/\\\/www.infarma.es\\\/ca\\\/#website\",\"url\":\"https:\\\/\\\/www.infarma.es\\\/ca\\\/\",\"name\":\"Infarma\",\"description\":\"El mayor encuentro de farmacia\",\"publisher\":{\"@id\":\"https:\\\/\\\/www.infarma.es\\\/ca\\\/#organization\"},\"potentialAction\":[{\"@type\":\"SearchAction\",\"target\":{\"@type\":\"EntryPoint\",\"urlTemplate\":\"https:\\\/\\\/www.infarma.es\\\/ca\\\/?s={search_term_string}\"},\"query-input\":{\"@type\":\"PropertyValueSpecification\",\"valueRequired\":true,\"valueName\":\"search_term_string\"}}],\"inLanguage\":\"ca\"},{\"@type\":\"Organization\",\"@id\":\"https:\\\/\\\/www.infarma.es\\\/ca\\\/#organization\",\"name\":\"Infarma\",\"url\":\"https:\\\/\\\/www.infarma.es\\\/ca\\\/\",\"logo\":{\"@type\":\"ImageObject\",\"inLanguage\":\"ca\",\"@id\":\"https:\\\/\\\/www.infarma.es\\\/ca\\\/#\\\/schema\\\/logo\\\/image\\\/\",\"url\":\"https:\\\/\\\/www.infarma.es\\\/wp-content\\\/uploads\\\/2024\\\/10\\\/logo-simple.svg\",\"contentUrl\":\"https:\\\/\\\/www.infarma.es\\\/wp-content\\\/uploads\\\/2024\\\/10\\\/logo-simple.svg\",\"width\":1,\"height\":1,\"caption\":\"Infarma\"},\"image\":{\"@id\":\"https:\\\/\\\/www.infarma.es\\\/ca\\\/#\\\/schema\\\/logo\\\/image\\\/\"},\"sameAs\":[\"https:\\\/\\\/www.facebook.com\\\/infarmaoficial\\\/\",\"https:\\\/\\\/x.com\\\/infarma_es\",\"https:\\\/\\\/www.instagram.com\\\/infarma_oficial\\\/\",\"https:\\\/\\\/www.linkedin.com\\\/showcase\\\/infarma-salon\\\/\",\"https:\\\/\\\/www.youtube.com\\\/@INFARMAOFICIAL\"]},{\"@type\":\"Person\",\"@id\":\"https:\\\/\\\/www.infarma.es\\\/ca\\\/#\\\/schema\\\/person\\\/e53486dc47606cc5c89217026a8a01a7\",\"name\":\"xavier\",\"image\":{\"@type\":\"ImageObject\",\"inLanguage\":\"ca\",\"@id\":\"https:\\\/\\\/secure.gravatar.com\\\/avatar\\\/9014b89254123c1f240ae636cc793b98ce50ec2df162909756be1d23adc503e4?s=96&d=mm&r=g\",\"url\":\"https:\\\/\\\/secure.gravatar.com\\\/avatar\\\/9014b89254123c1f240ae636cc793b98ce50ec2df162909756be1d23adc503e4?s=96&d=mm&r=g\",\"contentUrl\":\"https:\\\/\\\/secure.gravatar.com\\\/avatar\\\/9014b89254123c1f240ae636cc793b98ce50ec2df162909756be1d23adc503e4?s=96&d=mm&r=g\",\"caption\":\"xavier\"},\"url\":\"https:\\\/\\\/www.infarma.es\\\/ca\\\/author\\\/xavier\\\/\"}]}<\/script>\n<!-- \/ Yoast SEO plugin. -->","yoast_head_json":{"title":"Formular y dispensar cannabis medicinal en la farmacia comunitaria, clave para un mejor seguimiento farmacoterap\u00e9utico del paciente","description":"El farmac\u00e9utico es un punto diferencial en la dosificaci\u00f3n, el seguimiento y la orientaci\u00f3n del cannabis medicinal para los pacientes.","robots":{"index":"index","follow":"follow","max-snippet":"max-snippet:-1","max-image-preview":"max-image-preview:large","max-video-preview":"max-video-preview:-1"},"canonical":"https:\/\/www.infarma.es\/ca\/formular-y-dispensar-cannabis-medicinal-en-la-farmacia-comunitaria-clave-para-un-mejor-seguimiento-farmacoterapeutico-del-paciente\/","og_locale":"ca_ES","og_type":"article","og_title":"Formular y dispensar cannabis medicinal en la farmacia comunitaria, clave para un mejor seguimiento farmacoterap\u00e9utico del paciente","og_description":"El farmac\u00e9utico es un punto diferencial en la dosificaci\u00f3n, el seguimiento y la orientaci\u00f3n del cannabis medicinal para los pacientes.","og_url":"https:\/\/www.infarma.es\/ca\/formular-y-dispensar-cannabis-medicinal-en-la-farmacia-comunitaria-clave-para-un-mejor-seguimiento-farmacoterapeutico-del-paciente\/","og_site_name":"Infarma","article_publisher":"https:\/\/www.facebook.com\/infarmaoficial\/","article_published_time":"2025-03-31T11:35:08+00:00","article_modified_time":"2025-03-31T11:35:09+00:00","og_image":[{"width":1600,"height":900,"url":"https:\/\/www.infarma.es\/wp-content\/uploads\/2025\/03\/inf2025-Cannabis_medicinal-NP.webp","type":"image\/webp"}],"author":"xavier","twitter_card":"summary_large_image","twitter_creator":"@infarma_es","twitter_site":"@infarma_es","twitter_misc":{"Escrit per":"xavier","Temps estimat de lectura":"5 minuts"},"schema":{"@context":"https:\/\/schema.org","@graph":[{"@type":"Article","@id":"https:\/\/www.infarma.es\/ca\/formular-y-dispensar-cannabis-medicinal-en-la-farmacia-comunitaria-clave-para-un-mejor-seguimiento-farmacoterapeutico-del-paciente\/#article","isPartOf":{"@id":"https:\/\/www.infarma.es\/ca\/formular-y-dispensar-cannabis-medicinal-en-la-farmacia-comunitaria-clave-para-un-mejor-seguimiento-farmacoterapeutico-del-paciente\/"},"author":{"name":"xavier","@id":"https:\/\/www.infarma.es\/ca\/#\/schema\/person\/e53486dc47606cc5c89217026a8a01a7"},"headline":"Formular y dispensar cannabis medicinal en la farmacia comunitaria, clave para un mejor seguimiento farmacoterap\u00e9utico del paciente","datePublished":"2025-03-31T11:35:08+00:00","dateModified":"2025-03-31T11:35:09+00:00","mainEntityOfPage":{"@id":"https:\/\/www.infarma.es\/ca\/formular-y-dispensar-cannabis-medicinal-en-la-farmacia-comunitaria-clave-para-un-mejor-seguimiento-farmacoterapeutico-del-paciente\/"},"wordCount":933,"publisher":{"@id":"https:\/\/www.infarma.es\/ca\/#organization"},"image":{"@id":"https:\/\/www.infarma.es\/ca\/formular-y-dispensar-cannabis-medicinal-en-la-farmacia-comunitaria-clave-para-un-mejor-seguimiento-farmacoterapeutico-del-paciente\/#primaryimage"},"thumbnailUrl":"https:\/\/www.infarma.es\/wp-content\/uploads\/2025\/03\/inf2025-Cannabis_medicinal-NP.webp","articleSection":["Notas de prensa"],"inLanguage":"ca"},{"@type":"WebPage","@id":"https:\/\/www.infarma.es\/ca\/formular-y-dispensar-cannabis-medicinal-en-la-farmacia-comunitaria-clave-para-un-mejor-seguimiento-farmacoterapeutico-del-paciente\/","url":"https:\/\/www.infarma.es\/ca\/formular-y-dispensar-cannabis-medicinal-en-la-farmacia-comunitaria-clave-para-un-mejor-seguimiento-farmacoterapeutico-del-paciente\/","name":"Formular y dispensar cannabis medicinal en la farmacia comunitaria, clave para un mejor seguimiento farmacoterap\u00e9utico del paciente","isPartOf":{"@id":"https:\/\/www.infarma.es\/ca\/#website"},"primaryImageOfPage":{"@id":"https:\/\/www.infarma.es\/ca\/formular-y-dispensar-cannabis-medicinal-en-la-farmacia-comunitaria-clave-para-un-mejor-seguimiento-farmacoterapeutico-del-paciente\/#primaryimage"},"image":{"@id":"https:\/\/www.infarma.es\/ca\/formular-y-dispensar-cannabis-medicinal-en-la-farmacia-comunitaria-clave-para-un-mejor-seguimiento-farmacoterapeutico-del-paciente\/#primaryimage"},"thumbnailUrl":"https:\/\/www.infarma.es\/wp-content\/uploads\/2025\/03\/inf2025-Cannabis_medicinal-NP.webp","datePublished":"2025-03-31T11:35:08+00:00","dateModified":"2025-03-31T11:35:09+00:00","description":"El farmac\u00e9utico es un punto diferencial en la dosificaci\u00f3n, el seguimiento y la orientaci\u00f3n del cannabis medicinal para los pacientes.","breadcrumb":{"@id":"https:\/\/www.infarma.es\/ca\/formular-y-dispensar-cannabis-medicinal-en-la-farmacia-comunitaria-clave-para-un-mejor-seguimiento-farmacoterapeutico-del-paciente\/#breadcrumb"},"inLanguage":"ca","potentialAction":[{"@type":"ReadAction","target":["https:\/\/www.infarma.es\/ca\/formular-y-dispensar-cannabis-medicinal-en-la-farmacia-comunitaria-clave-para-un-mejor-seguimiento-farmacoterapeutico-del-paciente\/"]}]},{"@type":"ImageObject","inLanguage":"ca","@id":"https:\/\/www.infarma.es\/ca\/formular-y-dispensar-cannabis-medicinal-en-la-farmacia-comunitaria-clave-para-un-mejor-seguimiento-farmacoterapeutico-del-paciente\/#primaryimage","url":"https:\/\/www.infarma.es\/wp-content\/uploads\/2025\/03\/inf2025-Cannabis_medicinal-NP.webp","contentUrl":"https:\/\/www.infarma.es\/wp-content\/uploads\/2025\/03\/inf2025-Cannabis_medicinal-NP.webp","width":1600,"height":900},{"@type":"BreadcrumbList","@id":"https:\/\/www.infarma.es\/ca\/formular-y-dispensar-cannabis-medicinal-en-la-farmacia-comunitaria-clave-para-un-mejor-seguimiento-farmacoterapeutico-del-paciente\/#breadcrumb","itemListElement":[{"@type":"ListItem","position":1,"name":"Portada","item":"https:\/\/www.infarma.es\/ca\/"},{"@type":"ListItem","position":2,"name":"Formular y dispensar cannabis medicinal en la farmacia comunitaria, clave para un mejor seguimiento farmacoterap\u00e9utico del paciente"}]},{"@type":"WebSite","@id":"https:\/\/www.infarma.es\/ca\/#website","url":"https:\/\/www.infarma.es\/ca\/","name":"Infarma","description":"El mayor encuentro de farmacia","publisher":{"@id":"https:\/\/www.infarma.es\/ca\/#organization"},"potentialAction":[{"@type":"SearchAction","target":{"@type":"EntryPoint","urlTemplate":"https:\/\/www.infarma.es\/ca\/?s={search_term_string}"},"query-input":{"@type":"PropertyValueSpecification","valueRequired":true,"valueName":"search_term_string"}}],"inLanguage":"ca"},{"@type":"Organization","@id":"https:\/\/www.infarma.es\/ca\/#organization","name":"Infarma","url":"https:\/\/www.infarma.es\/ca\/","logo":{"@type":"ImageObject","inLanguage":"ca","@id":"https:\/\/www.infarma.es\/ca\/#\/schema\/logo\/image\/","url":"https:\/\/www.infarma.es\/wp-content\/uploads\/2024\/10\/logo-simple.svg","contentUrl":"https:\/\/www.infarma.es\/wp-content\/uploads\/2024\/10\/logo-simple.svg","width":1,"height":1,"caption":"Infarma"},"image":{"@id":"https:\/\/www.infarma.es\/ca\/#\/schema\/logo\/image\/"},"sameAs":["https:\/\/www.facebook.com\/infarmaoficial\/","https:\/\/x.com\/infarma_es","https:\/\/www.instagram.com\/infarma_oficial\/","https:\/\/www.linkedin.com\/showcase\/infarma-salon\/","https:\/\/www.youtube.com\/@INFARMAOFICIAL"]},{"@type":"Person","@id":"https:\/\/www.infarma.es\/ca\/#\/schema\/person\/e53486dc47606cc5c89217026a8a01a7","name":"xavier","image":{"@type":"ImageObject","inLanguage":"ca","@id":"https:\/\/secure.gravatar.com\/avatar\/9014b89254123c1f240ae636cc793b98ce50ec2df162909756be1d23adc503e4?s=96&d=mm&r=g","url":"https:\/\/secure.gravatar.com\/avatar\/9014b89254123c1f240ae636cc793b98ce50ec2df162909756be1d23adc503e4?s=96&d=mm&r=g","contentUrl":"https:\/\/secure.gravatar.com\/avatar\/9014b89254123c1f240ae636cc793b98ce50ec2df162909756be1d23adc503e4?s=96&d=mm&r=g","caption":"xavier"},"url":"https:\/\/www.infarma.es\/ca\/author\/xavier\/"}]}},"_links":{"self":[{"href":"https:\/\/www.infarma.es\/ca\/wp-json\/wp\/v2\/posts\/19500","targetHints":{"allow":["GET"]}}],"collection":[{"href":"https:\/\/www.infarma.es\/ca\/wp-json\/wp\/v2\/posts"}],"about":[{"href":"https:\/\/www.infarma.es\/ca\/wp-json\/wp\/v2\/types\/post"}],"author":[{"embeddable":true,"href":"https:\/\/www.infarma.es\/ca\/wp-json\/wp\/v2\/users\/2"}],"replies":[{"embeddable":true,"href":"https:\/\/www.infarma.es\/ca\/wp-json\/wp\/v2\/comments?post=19500"}],"version-history":[{"count":2,"href":"https:\/\/www.infarma.es\/ca\/wp-json\/wp\/v2\/posts\/19500\/revisions"}],"predecessor-version":[{"id":19505,"href":"https:\/\/www.infarma.es\/ca\/wp-json\/wp\/v2\/posts\/19500\/revisions\/19505"}],"wp:featuredmedia":[{"embeddable":true,"href":"https:\/\/www.infarma.es\/ca\/wp-json\/wp\/v2\/media\/19501"}],"wp:attachment":[{"href":"https:\/\/www.infarma.es\/ca\/wp-json\/wp\/v2\/media?parent=19500"}],"wp:term":[{"taxonomy":"category","embeddable":true,"href":"https:\/\/www.infarma.es\/ca\/wp-json\/wp\/v2\/categories?post=19500"},{"taxonomy":"post_tag","embeddable":true,"href":"https:\/\/www.infarma.es\/ca\/wp-json\/wp\/v2\/tags?post=19500"}],"curies":[{"name":"wp","href":"https:\/\/api.w.org\/{rel}","templated":true}]}}