{"id":19542,"date":"2025-04-02T13:21:02","date_gmt":"2025-04-02T11:21:02","guid":{"rendered":"https:\/\/www.infarma.es\/?p=19542"},"modified":"2025-04-02T13:21:03","modified_gmt":"2025-04-02T11:21:03","slug":"el-futuro-es-el-registro-para-poder-multiplicar-todo-lo-que-hacemos-en-la-farmacia-comunitaria-en-beneficio-de-los-pacientes","status":"publish","type":"post","link":"https:\/\/www.infarma.es\/ca\/el-futuro-es-el-registro-para-poder-multiplicar-todo-lo-que-hacemos-en-la-farmacia-comunitaria-en-beneficio-de-los-pacientes\/","title":{"rendered":"\u201cEl futuro es el registro para poder multiplicar todo lo que hacemos en la farmacia comunitaria en beneficio de los pacientes\u201d"},"content":{"rendered":"\n<ul class=\"wp-block-list\">\n<li>El registro de la indicaci\u00f3n farmac\u00e9utica es clave para avanzar hacia un modelo de farmacia comunitaria de prestigio m\u00e1s integrada en el sistema de salud<\/li>\n<\/ul>\n\n\n\n<ul class=\"wp-block-list\">\n<li>Farmaserveis o SEFAC eXPERT son plataformas ya existentes que facilitan el registro de datos de salud, hacer seguimiento de los pacientes o generar informes<\/li>\n<\/ul>\n\n\n\n<ul class=\"wp-block-list\">\n<li>La falta de tiempo o la dificultad de integrar estas plataformas en la gesti\u00f3n diaria de las farmacias son algunas de las principales barreras que alegan muchos farmac\u00e9uticos<\/li>\n<\/ul>\n\n\n\n<div style=\"height:20px\" aria-hidden=\"true\" class=\"wp-block-spacer\"><\/div>\n\n\n\n<p><em>Barcelona, 2 de abril de 2025.&nbsp;&#8211;<\/em> En el marco de <strong>Infarma Barcelona 2025, el Congreso Europeo de Oficina de Farmacia y el Sal\u00f3n de Medicamentos y Parafarmacia<\/strong>, se celebr\u00f3 la conferencia \u201c<strong>M\u00e1s registro, m\u00e1s salud: herramientas para el seguimiento de pacientes en la farmacia comunitaria<\/strong>\u201d. Moderada por <strong>Cl\u00e0udia Tresserra<\/strong>, vocal del Col\u00b7legi de Farmac\u00e8utics de Barcelona (COFB), durante la conferencia se concienci\u00f3 sobre la importancia de registrar y superar los obst\u00e1culos que desmotivan a muchos profesionales, como la falta de tiempo o la dificultad de gesti\u00f3n.<\/p>\n\n\n\n<p><strong>Montse Iracheta<\/strong>, <strong>farmac\u00e9utica comunitaria en Santa Coloma de Gramanet y vocal de la Sociedad Espa\u00f1ola de Farmacia Cl\u00ednica, Familiar y Comunitaria Catalunya (SEFAC)<\/strong>, reivindic\u00f3 que \u201c<strong>lo m\u00e1s importante es que todo lo que se hace, se registre<\/strong>. Los m\u00e9dicos de atenci\u00f3n primaria y los farmac\u00e9uticos hospitalarios ya est\u00e1n acostumbrados, pero no as\u00ed los farmac\u00e9uticos comunitarios\u201d. Iracheta mostr\u00f3 algunas de las razones que alegan los farmac\u00e9uticos de oficina de farmacia para no registrar, como la falta de tiempo, la necesidad de mucho papeleo, que cada vez es menor debido a una mayor digitalizaci\u00f3n de todo el proceso, o la falta de farmacias con un espacio de atenci\u00f3n personalizada.<\/p>\n\n\n\n<p>Para la vocal de la SEFAC, <strong>\u201cel futuro es el registro, para poder tener resultados que sirvan a los centros de atenci\u00f3n primaria y poder multiplicar todo lo que hacemos en la farmacia comunitaria en beneficio de los pacientes\u201d;<\/strong> y a\u00f1adi\u00f3 que esto supone una \u201ctransformaci\u00f3n hacia <strong>una profesi\u00f3n sanitaria de prestigio<\/strong> y avanzar hacia <strong>un modelo que pueda estar integrado en las plataformas de salud<\/strong>\u201d.<\/p>\n\n\n\n<div style=\"height:30px\" aria-hidden=\"true\" class=\"wp-block-spacer\"><\/div>\n\n\n\n<h5 class=\"wp-block-heading\"><strong><u>Si no se registra, no sirve para nada<\/u><\/strong><\/h5>\n\n\n\n<p>Durante la conferencia, se mostraron algunas de las herramientas ya disponibles para el servicio, como <strong>SEFAC eXPERT o Farmaserveis<\/strong>, la plataforma de registro de la red de farmacias de Catalunya, que permiten registrar m\u00faltiples servicios como la hipertensi\u00f3n arterial, ofrecer materiales para consejo alimentario, cesaci\u00f3n tab\u00e1quica, perfil lip\u00eddico o glicemia. Este tipo de plataformas permiten crear un repositorio de datos para hacer seguimiento de los pacientes y generar informes, tanto para el propio paciente como para el m\u00e9dico de atenci\u00f3n primaria, si es necesaria una derivaci\u00f3n.<\/p>\n\n\n\n<p>\u201cSi queremos una farmacia comunitaria que est\u00e9 integrada en el sistema de salud, coordinada y consensuada con otros niveles asistenciales, vamos a necesitar que esta intervenci\u00f3n sea protocolizada para disminuir la variabilidad entre farmacias a la hora de recomendar un tratamiento\u201d, afirm\u00f3 <strong>Carme Mestres, farmac\u00e9utica comunitaria en El Vendrell y secretaria de la SEFAC Catalunya<\/strong>, sobre la importancia y el valor de promover el registro.<\/p>\n\n\n\n<p>El uso de este tipo de plataformas tambi\u00e9n permite a los farmac\u00e9uticos comunitarios disponer de gu\u00edas de intervenci\u00f3n consensuadas con las sociedades cient\u00edficas y el sistema sanitario, lo que permite unificar criterios y protocolizar la intervenci\u00f3n profesional.<\/p>\n\n\n\n<p>Para <strong>Laura Gom\u00e0, farmac\u00e9utica comunitaria y delegada en Santa Coloma de Gramanet<\/strong>, \u201cel principal inconveniente para el registro es la falta de integraci\u00f3n con el sistema de salud, esto dar\u00eda m\u00e1s motivaci\u00f3n y romper\u00eda muchas barreras\u201d, opin\u00f3. Y cit\u00f3 que muchos farmac\u00e9uticos alegan la dificultad de tener que salir del programa de gesti\u00f3n para el registro, o que no est\u00e9 integrado en el sistema de receta electr\u00f3nica.<\/p>\n\n\n\n<p><strong>Montse Iracheta <\/strong>finaliz\u00f3 la conferencia recordando que este tipo de plataformas ya existen y es necesario promover cada vez m\u00e1s su uso para crear valor. \u201cLo m\u00e1s importante es que todo quede registrado, no sea un papelito que se pueda perder. Si no se registra, no sirve para nada\u201d, advirti\u00f3.<\/p>\n","protected":false},"excerpt":{"rendered":"<p>Barcelona, 2 de abril de 2025.&nbsp;&#8211; En el marco de Infarma Barcelona 2025, el Congreso Europeo de Oficina de Farmacia y el Sal\u00f3n de Medicamentos y Parafarmacia, se celebr\u00f3 la conferencia \u201cM\u00e1s registro, m\u00e1s salud: herramientas para el seguimiento de pacientes en la farmacia comunitaria\u201d. Moderada por Cl\u00e0udia Tresserra, vocal del Col\u00b7legi de Farmac\u00e8utics de [&hellip;]<\/p>\n","protected":false},"author":2,"featured_media":19543,"comment_status":"closed","ping_status":"open","sticky":false,"template":"","format":"standard","meta":{"footnotes":""},"categories":[159],"tags":[],"class_list":["post-19542","post","type-post","status-publish","format-standard","has-post-thumbnail","hentry","category-notas_prensa"],"yoast_head":"<!-- This site is optimized with the Yoast SEO plugin v27.4 - https:\/\/yoast.com\/product\/yoast-seo-wordpress\/ -->\n<title>\u201cEl futuro es el registro para poder multiplicar todo lo que hacemos en la farmacia comunitaria en beneficio de los pacientes\u201d<\/title>\n<meta name=\"description\" content=\"Es clave para avanzar hacia un modelo de farmacia comunitaria de prestigio m\u00e1s integrada en el sistema de salud.\" \/>\n<meta name=\"robots\" content=\"index, follow, max-snippet:-1, max-image-preview:large, max-video-preview:-1\" \/>\n<link rel=\"canonical\" href=\"https:\/\/www.infarma.es\/ca\/el-futuro-es-el-registro-para-poder-multiplicar-todo-lo-que-hacemos-en-la-farmacia-comunitaria-en-beneficio-de-los-pacientes\/\" \/>\n<meta property=\"og:locale\" content=\"ca_ES\" \/>\n<meta property=\"og:type\" content=\"article\" \/>\n<meta property=\"og:title\" content=\"\u201cEl futuro es el registro para poder multiplicar todo lo que hacemos en la farmacia comunitaria en beneficio de los pacientes\u201d\" \/>\n<meta property=\"og:description\" content=\"Es clave para avanzar hacia un modelo de farmacia comunitaria de prestigio m\u00e1s integrada en el sistema de salud.\" \/>\n<meta property=\"og:url\" content=\"https:\/\/www.infarma.es\/ca\/el-futuro-es-el-registro-para-poder-multiplicar-todo-lo-que-hacemos-en-la-farmacia-comunitaria-en-beneficio-de-los-pacientes\/\" \/>\n<meta property=\"og:site_name\" content=\"Infarma\" \/>\n<meta property=\"article:publisher\" content=\"https:\/\/www.facebook.com\/infarmaoficial\/\" \/>\n<meta property=\"article:published_time\" content=\"2025-04-02T11:21:02+00:00\" \/>\n<meta property=\"article:modified_time\" content=\"2025-04-02T11:21:03+00:00\" \/>\n<meta property=\"og:image\" content=\"https:\/\/www.infarma.es\/wp-content\/uploads\/2025\/04\/inf2025-seguimiento-paciente-NP.webp\" \/>\n\t<meta property=\"og:image:width\" content=\"1600\" \/>\n\t<meta property=\"og:image:height\" content=\"900\" \/>\n\t<meta property=\"og:image:type\" content=\"image\/webp\" \/>\n<meta name=\"author\" content=\"xavier\" \/>\n<meta name=\"twitter:card\" content=\"summary_large_image\" \/>\n<meta name=\"twitter:creator\" content=\"@infarma_es\" \/>\n<meta name=\"twitter:site\" content=\"@infarma_es\" \/>\n<meta name=\"twitter:label1\" content=\"Escrit per\" \/>\n\t<meta name=\"twitter:data1\" content=\"xavier\" \/>\n\t<meta name=\"twitter:label2\" content=\"Temps estimat de lectura\" \/>\n\t<meta name=\"twitter:data2\" content=\"4 minuts\" \/>\n<script type=\"application\/ld+json\" class=\"yoast-schema-graph\">{\"@context\":\"https:\\\/\\\/schema.org\",\"@graph\":[{\"@type\":\"Article\",\"@id\":\"https:\\\/\\\/www.infarma.es\\\/ca\\\/el-futuro-es-el-registro-para-poder-multiplicar-todo-lo-que-hacemos-en-la-farmacia-comunitaria-en-beneficio-de-los-pacientes\\\/#article\",\"isPartOf\":{\"@id\":\"https:\\\/\\\/www.infarma.es\\\/ca\\\/el-futuro-es-el-registro-para-poder-multiplicar-todo-lo-que-hacemos-en-la-farmacia-comunitaria-en-beneficio-de-los-pacientes\\\/\"},\"author\":{\"name\":\"xavier\",\"@id\":\"https:\\\/\\\/www.infarma.es\\\/ca\\\/#\\\/schema\\\/person\\\/e53486dc47606cc5c89217026a8a01a7\"},\"headline\":\"\u201cEl futuro es el registro para poder multiplicar todo lo que hacemos en la farmacia comunitaria en beneficio de los pacientes\u201d\",\"datePublished\":\"2025-04-02T11:21:02+00:00\",\"dateModified\":\"2025-04-02T11:21:03+00:00\",\"mainEntityOfPage\":{\"@id\":\"https:\\\/\\\/www.infarma.es\\\/ca\\\/el-futuro-es-el-registro-para-poder-multiplicar-todo-lo-que-hacemos-en-la-farmacia-comunitaria-en-beneficio-de-los-pacientes\\\/\"},\"wordCount\":725,\"publisher\":{\"@id\":\"https:\\\/\\\/www.infarma.es\\\/ca\\\/#organization\"},\"image\":{\"@id\":\"https:\\\/\\\/www.infarma.es\\\/ca\\\/el-futuro-es-el-registro-para-poder-multiplicar-todo-lo-que-hacemos-en-la-farmacia-comunitaria-en-beneficio-de-los-pacientes\\\/#primaryimage\"},\"thumbnailUrl\":\"https:\\\/\\\/www.infarma.es\\\/wp-content\\\/uploads\\\/2025\\\/04\\\/inf2025-seguimiento-paciente-NP.webp\",\"articleSection\":[\"Notas de prensa\"],\"inLanguage\":\"ca\"},{\"@type\":\"WebPage\",\"@id\":\"https:\\\/\\\/www.infarma.es\\\/ca\\\/el-futuro-es-el-registro-para-poder-multiplicar-todo-lo-que-hacemos-en-la-farmacia-comunitaria-en-beneficio-de-los-pacientes\\\/\",\"url\":\"https:\\\/\\\/www.infarma.es\\\/ca\\\/el-futuro-es-el-registro-para-poder-multiplicar-todo-lo-que-hacemos-en-la-farmacia-comunitaria-en-beneficio-de-los-pacientes\\\/\",\"name\":\"\u201cEl futuro es el registro para poder multiplicar todo lo que hacemos en la farmacia comunitaria en beneficio de los pacientes\u201d\",\"isPartOf\":{\"@id\":\"https:\\\/\\\/www.infarma.es\\\/ca\\\/#website\"},\"primaryImageOfPage\":{\"@id\":\"https:\\\/\\\/www.infarma.es\\\/ca\\\/el-futuro-es-el-registro-para-poder-multiplicar-todo-lo-que-hacemos-en-la-farmacia-comunitaria-en-beneficio-de-los-pacientes\\\/#primaryimage\"},\"image\":{\"@id\":\"https:\\\/\\\/www.infarma.es\\\/ca\\\/el-futuro-es-el-registro-para-poder-multiplicar-todo-lo-que-hacemos-en-la-farmacia-comunitaria-en-beneficio-de-los-pacientes\\\/#primaryimage\"},\"thumbnailUrl\":\"https:\\\/\\\/www.infarma.es\\\/wp-content\\\/uploads\\\/2025\\\/04\\\/inf2025-seguimiento-paciente-NP.webp\",\"datePublished\":\"2025-04-02T11:21:02+00:00\",\"dateModified\":\"2025-04-02T11:21:03+00:00\",\"description\":\"Es clave para avanzar hacia un modelo de farmacia comunitaria de prestigio m\u00e1s integrada en el sistema de salud.\",\"breadcrumb\":{\"@id\":\"https:\\\/\\\/www.infarma.es\\\/ca\\\/el-futuro-es-el-registro-para-poder-multiplicar-todo-lo-que-hacemos-en-la-farmacia-comunitaria-en-beneficio-de-los-pacientes\\\/#breadcrumb\"},\"inLanguage\":\"ca\",\"potentialAction\":[{\"@type\":\"ReadAction\",\"target\":[\"https:\\\/\\\/www.infarma.es\\\/ca\\\/el-futuro-es-el-registro-para-poder-multiplicar-todo-lo-que-hacemos-en-la-farmacia-comunitaria-en-beneficio-de-los-pacientes\\\/\"]}]},{\"@type\":\"ImageObject\",\"inLanguage\":\"ca\",\"@id\":\"https:\\\/\\\/www.infarma.es\\\/ca\\\/el-futuro-es-el-registro-para-poder-multiplicar-todo-lo-que-hacemos-en-la-farmacia-comunitaria-en-beneficio-de-los-pacientes\\\/#primaryimage\",\"url\":\"https:\\\/\\\/www.infarma.es\\\/wp-content\\\/uploads\\\/2025\\\/04\\\/inf2025-seguimiento-paciente-NP.webp\",\"contentUrl\":\"https:\\\/\\\/www.infarma.es\\\/wp-content\\\/uploads\\\/2025\\\/04\\\/inf2025-seguimiento-paciente-NP.webp\",\"width\":1600,\"height\":900},{\"@type\":\"BreadcrumbList\",\"@id\":\"https:\\\/\\\/www.infarma.es\\\/ca\\\/el-futuro-es-el-registro-para-poder-multiplicar-todo-lo-que-hacemos-en-la-farmacia-comunitaria-en-beneficio-de-los-pacientes\\\/#breadcrumb\",\"itemListElement\":[{\"@type\":\"ListItem\",\"position\":1,\"name\":\"Portada\",\"item\":\"https:\\\/\\\/www.infarma.es\\\/ca\\\/\"},{\"@type\":\"ListItem\",\"position\":2,\"name\":\"\u201cEl futuro es el registro para poder multiplicar todo lo que hacemos en la farmacia comunitaria en beneficio de los pacientes\u201d\"}]},{\"@type\":\"WebSite\",\"@id\":\"https:\\\/\\\/www.infarma.es\\\/ca\\\/#website\",\"url\":\"https:\\\/\\\/www.infarma.es\\\/ca\\\/\",\"name\":\"Infarma\",\"description\":\"El mayor encuentro de farmacia\",\"publisher\":{\"@id\":\"https:\\\/\\\/www.infarma.es\\\/ca\\\/#organization\"},\"potentialAction\":[{\"@type\":\"SearchAction\",\"target\":{\"@type\":\"EntryPoint\",\"urlTemplate\":\"https:\\\/\\\/www.infarma.es\\\/ca\\\/?s={search_term_string}\"},\"query-input\":{\"@type\":\"PropertyValueSpecification\",\"valueRequired\":true,\"valueName\":\"search_term_string\"}}],\"inLanguage\":\"ca\"},{\"@type\":\"Organization\",\"@id\":\"https:\\\/\\\/www.infarma.es\\\/ca\\\/#organization\",\"name\":\"Infarma\",\"url\":\"https:\\\/\\\/www.infarma.es\\\/ca\\\/\",\"logo\":{\"@type\":\"ImageObject\",\"inLanguage\":\"ca\",\"@id\":\"https:\\\/\\\/www.infarma.es\\\/ca\\\/#\\\/schema\\\/logo\\\/image\\\/\",\"url\":\"https:\\\/\\\/www.infarma.es\\\/wp-content\\\/uploads\\\/2024\\\/10\\\/logo-simple.svg\",\"contentUrl\":\"https:\\\/\\\/www.infarma.es\\\/wp-content\\\/uploads\\\/2024\\\/10\\\/logo-simple.svg\",\"width\":1,\"height\":1,\"caption\":\"Infarma\"},\"image\":{\"@id\":\"https:\\\/\\\/www.infarma.es\\\/ca\\\/#\\\/schema\\\/logo\\\/image\\\/\"},\"sameAs\":[\"https:\\\/\\\/www.facebook.com\\\/infarmaoficial\\\/\",\"https:\\\/\\\/x.com\\\/infarma_es\",\"https:\\\/\\\/www.instagram.com\\\/infarma_oficial\\\/\",\"https:\\\/\\\/www.linkedin.com\\\/showcase\\\/infarma-salon\\\/\",\"https:\\\/\\\/www.youtube.com\\\/@INFARMAOFICIAL\"]},{\"@type\":\"Person\",\"@id\":\"https:\\\/\\\/www.infarma.es\\\/ca\\\/#\\\/schema\\\/person\\\/e53486dc47606cc5c89217026a8a01a7\",\"name\":\"xavier\",\"image\":{\"@type\":\"ImageObject\",\"inLanguage\":\"ca\",\"@id\":\"https:\\\/\\\/secure.gravatar.com\\\/avatar\\\/9014b89254123c1f240ae636cc793b98ce50ec2df162909756be1d23adc503e4?s=96&d=mm&r=g\",\"url\":\"https:\\\/\\\/secure.gravatar.com\\\/avatar\\\/9014b89254123c1f240ae636cc793b98ce50ec2df162909756be1d23adc503e4?s=96&d=mm&r=g\",\"contentUrl\":\"https:\\\/\\\/secure.gravatar.com\\\/avatar\\\/9014b89254123c1f240ae636cc793b98ce50ec2df162909756be1d23adc503e4?s=96&d=mm&r=g\",\"caption\":\"xavier\"},\"url\":\"https:\\\/\\\/www.infarma.es\\\/ca\\\/author\\\/xavier\\\/\"}]}<\/script>\n<!-- \/ Yoast SEO plugin. -->","yoast_head_json":{"title":"\u201cEl futuro es el registro para poder multiplicar todo lo que hacemos en la farmacia comunitaria en beneficio de los pacientes\u201d","description":"Es clave para avanzar hacia un modelo de farmacia comunitaria de prestigio m\u00e1s integrada en el sistema de salud.","robots":{"index":"index","follow":"follow","max-snippet":"max-snippet:-1","max-image-preview":"max-image-preview:large","max-video-preview":"max-video-preview:-1"},"canonical":"https:\/\/www.infarma.es\/ca\/el-futuro-es-el-registro-para-poder-multiplicar-todo-lo-que-hacemos-en-la-farmacia-comunitaria-en-beneficio-de-los-pacientes\/","og_locale":"ca_ES","og_type":"article","og_title":"\u201cEl futuro es el registro para poder multiplicar todo lo que hacemos en la farmacia comunitaria en beneficio de los pacientes\u201d","og_description":"Es clave para avanzar hacia un modelo de farmacia comunitaria de prestigio m\u00e1s integrada en el sistema de salud.","og_url":"https:\/\/www.infarma.es\/ca\/el-futuro-es-el-registro-para-poder-multiplicar-todo-lo-que-hacemos-en-la-farmacia-comunitaria-en-beneficio-de-los-pacientes\/","og_site_name":"Infarma","article_publisher":"https:\/\/www.facebook.com\/infarmaoficial\/","article_published_time":"2025-04-02T11:21:02+00:00","article_modified_time":"2025-04-02T11:21:03+00:00","og_image":[{"width":1600,"height":900,"url":"https:\/\/www.infarma.es\/wp-content\/uploads\/2025\/04\/inf2025-seguimiento-paciente-NP.webp","type":"image\/webp"}],"author":"xavier","twitter_card":"summary_large_image","twitter_creator":"@infarma_es","twitter_site":"@infarma_es","twitter_misc":{"Escrit per":"xavier","Temps estimat de lectura":"4 minuts"},"schema":{"@context":"https:\/\/schema.org","@graph":[{"@type":"Article","@id":"https:\/\/www.infarma.es\/ca\/el-futuro-es-el-registro-para-poder-multiplicar-todo-lo-que-hacemos-en-la-farmacia-comunitaria-en-beneficio-de-los-pacientes\/#article","isPartOf":{"@id":"https:\/\/www.infarma.es\/ca\/el-futuro-es-el-registro-para-poder-multiplicar-todo-lo-que-hacemos-en-la-farmacia-comunitaria-en-beneficio-de-los-pacientes\/"},"author":{"name":"xavier","@id":"https:\/\/www.infarma.es\/ca\/#\/schema\/person\/e53486dc47606cc5c89217026a8a01a7"},"headline":"\u201cEl futuro es el registro para poder multiplicar todo lo que hacemos en la farmacia comunitaria en beneficio de los pacientes\u201d","datePublished":"2025-04-02T11:21:02+00:00","dateModified":"2025-04-02T11:21:03+00:00","mainEntityOfPage":{"@id":"https:\/\/www.infarma.es\/ca\/el-futuro-es-el-registro-para-poder-multiplicar-todo-lo-que-hacemos-en-la-farmacia-comunitaria-en-beneficio-de-los-pacientes\/"},"wordCount":725,"publisher":{"@id":"https:\/\/www.infarma.es\/ca\/#organization"},"image":{"@id":"https:\/\/www.infarma.es\/ca\/el-futuro-es-el-registro-para-poder-multiplicar-todo-lo-que-hacemos-en-la-farmacia-comunitaria-en-beneficio-de-los-pacientes\/#primaryimage"},"thumbnailUrl":"https:\/\/www.infarma.es\/wp-content\/uploads\/2025\/04\/inf2025-seguimiento-paciente-NP.webp","articleSection":["Notas de prensa"],"inLanguage":"ca"},{"@type":"WebPage","@id":"https:\/\/www.infarma.es\/ca\/el-futuro-es-el-registro-para-poder-multiplicar-todo-lo-que-hacemos-en-la-farmacia-comunitaria-en-beneficio-de-los-pacientes\/","url":"https:\/\/www.infarma.es\/ca\/el-futuro-es-el-registro-para-poder-multiplicar-todo-lo-que-hacemos-en-la-farmacia-comunitaria-en-beneficio-de-los-pacientes\/","name":"\u201cEl futuro es el registro para poder multiplicar todo lo que hacemos en la farmacia comunitaria en beneficio de los pacientes\u201d","isPartOf":{"@id":"https:\/\/www.infarma.es\/ca\/#website"},"primaryImageOfPage":{"@id":"https:\/\/www.infarma.es\/ca\/el-futuro-es-el-registro-para-poder-multiplicar-todo-lo-que-hacemos-en-la-farmacia-comunitaria-en-beneficio-de-los-pacientes\/#primaryimage"},"image":{"@id":"https:\/\/www.infarma.es\/ca\/el-futuro-es-el-registro-para-poder-multiplicar-todo-lo-que-hacemos-en-la-farmacia-comunitaria-en-beneficio-de-los-pacientes\/#primaryimage"},"thumbnailUrl":"https:\/\/www.infarma.es\/wp-content\/uploads\/2025\/04\/inf2025-seguimiento-paciente-NP.webp","datePublished":"2025-04-02T11:21:02+00:00","dateModified":"2025-04-02T11:21:03+00:00","description":"Es clave para avanzar hacia un modelo de farmacia comunitaria de prestigio m\u00e1s integrada en el sistema de salud.","breadcrumb":{"@id":"https:\/\/www.infarma.es\/ca\/el-futuro-es-el-registro-para-poder-multiplicar-todo-lo-que-hacemos-en-la-farmacia-comunitaria-en-beneficio-de-los-pacientes\/#breadcrumb"},"inLanguage":"ca","potentialAction":[{"@type":"ReadAction","target":["https:\/\/www.infarma.es\/ca\/el-futuro-es-el-registro-para-poder-multiplicar-todo-lo-que-hacemos-en-la-farmacia-comunitaria-en-beneficio-de-los-pacientes\/"]}]},{"@type":"ImageObject","inLanguage":"ca","@id":"https:\/\/www.infarma.es\/ca\/el-futuro-es-el-registro-para-poder-multiplicar-todo-lo-que-hacemos-en-la-farmacia-comunitaria-en-beneficio-de-los-pacientes\/#primaryimage","url":"https:\/\/www.infarma.es\/wp-content\/uploads\/2025\/04\/inf2025-seguimiento-paciente-NP.webp","contentUrl":"https:\/\/www.infarma.es\/wp-content\/uploads\/2025\/04\/inf2025-seguimiento-paciente-NP.webp","width":1600,"height":900},{"@type":"BreadcrumbList","@id":"https:\/\/www.infarma.es\/ca\/el-futuro-es-el-registro-para-poder-multiplicar-todo-lo-que-hacemos-en-la-farmacia-comunitaria-en-beneficio-de-los-pacientes\/#breadcrumb","itemListElement":[{"@type":"ListItem","position":1,"name":"Portada","item":"https:\/\/www.infarma.es\/ca\/"},{"@type":"ListItem","position":2,"name":"\u201cEl futuro es el registro para poder multiplicar todo lo que hacemos en la farmacia comunitaria en beneficio de los pacientes\u201d"}]},{"@type":"WebSite","@id":"https:\/\/www.infarma.es\/ca\/#website","url":"https:\/\/www.infarma.es\/ca\/","name":"Infarma","description":"El mayor encuentro de farmacia","publisher":{"@id":"https:\/\/www.infarma.es\/ca\/#organization"},"potentialAction":[{"@type":"SearchAction","target":{"@type":"EntryPoint","urlTemplate":"https:\/\/www.infarma.es\/ca\/?s={search_term_string}"},"query-input":{"@type":"PropertyValueSpecification","valueRequired":true,"valueName":"search_term_string"}}],"inLanguage":"ca"},{"@type":"Organization","@id":"https:\/\/www.infarma.es\/ca\/#organization","name":"Infarma","url":"https:\/\/www.infarma.es\/ca\/","logo":{"@type":"ImageObject","inLanguage":"ca","@id":"https:\/\/www.infarma.es\/ca\/#\/schema\/logo\/image\/","url":"https:\/\/www.infarma.es\/wp-content\/uploads\/2024\/10\/logo-simple.svg","contentUrl":"https:\/\/www.infarma.es\/wp-content\/uploads\/2024\/10\/logo-simple.svg","width":1,"height":1,"caption":"Infarma"},"image":{"@id":"https:\/\/www.infarma.es\/ca\/#\/schema\/logo\/image\/"},"sameAs":["https:\/\/www.facebook.com\/infarmaoficial\/","https:\/\/x.com\/infarma_es","https:\/\/www.instagram.com\/infarma_oficial\/","https:\/\/www.linkedin.com\/showcase\/infarma-salon\/","https:\/\/www.youtube.com\/@INFARMAOFICIAL"]},{"@type":"Person","@id":"https:\/\/www.infarma.es\/ca\/#\/schema\/person\/e53486dc47606cc5c89217026a8a01a7","name":"xavier","image":{"@type":"ImageObject","inLanguage":"ca","@id":"https:\/\/secure.gravatar.com\/avatar\/9014b89254123c1f240ae636cc793b98ce50ec2df162909756be1d23adc503e4?s=96&d=mm&r=g","url":"https:\/\/secure.gravatar.com\/avatar\/9014b89254123c1f240ae636cc793b98ce50ec2df162909756be1d23adc503e4?s=96&d=mm&r=g","contentUrl":"https:\/\/secure.gravatar.com\/avatar\/9014b89254123c1f240ae636cc793b98ce50ec2df162909756be1d23adc503e4?s=96&d=mm&r=g","caption":"xavier"},"url":"https:\/\/www.infarma.es\/ca\/author\/xavier\/"}]}},"_links":{"self":[{"href":"https:\/\/www.infarma.es\/ca\/wp-json\/wp\/v2\/posts\/19542","targetHints":{"allow":["GET"]}}],"collection":[{"href":"https:\/\/www.infarma.es\/ca\/wp-json\/wp\/v2\/posts"}],"about":[{"href":"https:\/\/www.infarma.es\/ca\/wp-json\/wp\/v2\/types\/post"}],"author":[{"embeddable":true,"href":"https:\/\/www.infarma.es\/ca\/wp-json\/wp\/v2\/users\/2"}],"replies":[{"embeddable":true,"href":"https:\/\/www.infarma.es\/ca\/wp-json\/wp\/v2\/comments?post=19542"}],"version-history":[{"count":2,"href":"https:\/\/www.infarma.es\/ca\/wp-json\/wp\/v2\/posts\/19542\/revisions"}],"predecessor-version":[{"id":19547,"href":"https:\/\/www.infarma.es\/ca\/wp-json\/wp\/v2\/posts\/19542\/revisions\/19547"}],"wp:featuredmedia":[{"embeddable":true,"href":"https:\/\/www.infarma.es\/ca\/wp-json\/wp\/v2\/media\/19543"}],"wp:attachment":[{"href":"https:\/\/www.infarma.es\/ca\/wp-json\/wp\/v2\/media?parent=19542"}],"wp:term":[{"taxonomy":"category","embeddable":true,"href":"https:\/\/www.infarma.es\/ca\/wp-json\/wp\/v2\/categories?post=19542"},{"taxonomy":"post_tag","embeddable":true,"href":"https:\/\/www.infarma.es\/ca\/wp-json\/wp\/v2\/tags?post=19542"}],"curies":[{"name":"wp","href":"https:\/\/api.w.org\/{rel}","templated":true}]}}