{"id":20199,"date":"2025-06-27T13:43:07","date_gmt":"2025-06-27T11:43:07","guid":{"rendered":"https:\/\/www.infarma.es\/?p=20199"},"modified":"2025-06-27T13:43:35","modified_gmt":"2025-06-27T11:43:35","slug":"laboratorios-best-mediacal-bienestar-femenino","status":"publish","type":"post","link":"https:\/\/www.infarma.es\/ca\/laboratorios-best-mediacal-bienestar-femenino\/","title":{"rendered":"Cuidarse no es un lujo: el bienestar femenino como h\u00e1bito, no como tendencia\u201d"},"content":{"rendered":"\n<p>En los \u00faltimos a\u00f1os, el concepto de autocuidado femenino ha ganado protagonismo en el mundo de la belleza, el bienestar y las redes sociales. Lo vemos en campa\u00f1as publicitarias, en <em>influencers<\/em> que comparten sus rutinas de \u201cself-care\u201d y en productos que prometen transformar nuestra piel, nuestro cuerpo y hasta nuestro estado de \u00e1nimo. Pero detr\u00e1s de esta est\u00e9tica del bienestar, surge una pregunta inevitable: <strong>\u00bfrealmente nos estamos cuidando o solo estamos consumiendo la idea de cuidarnos?<\/strong><\/p>\n\n\n\n<p>La respuesta no es sencilla. Vivimos en una sociedad que nos exige estar siempre disponibles, productivas, impecables. Una sociedad que valora la eficiencia por encima del descanso, y que muchas veces convierte el autocuidado en un lujo reservado para quienes tienen tiempo, recursos y energ\u00eda para dedicarse a s\u00ed mismas. Para muchas mujeres, cuidarse sigue siendo una aspiraci\u00f3n m\u00e1s que una realidad.<\/p>\n\n\n\n<p>Sin embargo, el autocuidado no deber\u00eda verse como un acto ego\u00edsta ni como una moda pasajera. Es, en realidad, una <strong>necesidad vital<\/strong>. El bienestar integral \u2014f\u00edsico, emocional y mental\u2014 debe ser una prioridad en todas las etapas de la vida de una mujer, desde la adolescencia hasta la madurez. Porque, cuando una mujer se cuida, tambi\u00e9n cuida mejor su entorno: su familia, sus relaciones, su trabajo\u2026 y, sobre todo, a s\u00ed misma. Una mujer que se siente bien consigo misma tiene m\u00e1s energ\u00eda, m\u00e1s claridad y m\u00e1s capacidad para tomar decisiones conscientes. Por eso, hablar de autocuidado es tambi\u00e9n hablar de <strong>autonom\u00eda y bienestar real<\/strong>.<\/p>\n\n\n\n<p>En este sentido, es fundamental que el discurso sobre el autocuidado se aleje del marketing superficial y se acerque a la realidad cotidiana de las mujeres. No se trata solo de vender productos, sino de ofrecer <strong>soluciones reales, accesibles y sostenibles<\/strong>. Soluciones que acompa\u00f1en a la mujer en su d\u00eda a d\u00eda, que respeten sus tiempos, sus necesidades y su diversidad.<\/p>\n\n\n\n<p>Desde <strong><a href=\"https:\/\/laboratoriosbestmedical.com\/\">Laboratorios Best Medical<\/a><\/strong>, entendemos el autocuidado como una responsabilidad compartida. Nuestro compromiso va m\u00e1s all\u00e1 de la est\u00e9tica: trabajamos para ofrecer opciones eficaces y seguras en <strong>suplementaci\u00f3n y belleza<\/strong>, pensadas para integrarse de forma pr\u00e1ctica en la vida real.<\/p>\n\n\n\n<p>Lo hacemos con rigor cient\u00edfico, apostando por <strong>principios activos de \u00faltima generaci\u00f3n<\/strong>, seleccionados por su eficacia y seguridad. Utilizamos ingredientes como la <em>ashwagandha<\/em>, una hierba de origen indio, reconocida por su capacidad para reducir el estr\u00e9s y favorecer el equilibrio emocional, el sue\u00f1o, la memoria, el sexo, la fuerza muscular, el tiroides y el control de peso. As\u00ed como el <strong>extracto de azafr\u00e1n<\/strong>, con efectos positivos sobre el \u00e1nimo, la ansiedad y el confort hormonal.<\/p>\n\n\n\n<p>Pero tambi\u00e9n confiamos en el conocimiento que ha pasado de generaci\u00f3n en generaci\u00f3n. Nos gusta combinar la innovaci\u00f3n con la sabidur\u00eda natural de siempre: como la <strong>cimic\u00edfuga racemosa<\/strong>, conocida tradicionalmente como <em>la planta de la mujer<\/em>, por su uso en el alivio de los s\u00edntomas de la menopausia, dolores menstruales y SPM. <strong>Creemos en las sinergias entre naturaleza y ciencia<\/strong>, y en desarrollar f\u00f3rmulas que respeten el cuerpo de la mujer y se adapten a su ritmo de vida.<\/p>\n\n\n\n<p>Creemos en la innovaci\u00f3n, s\u00ed, pero con sentido com\u00fan. Escuchamos activamente a las mujeres y a los profesionales que las acompa\u00f1an, porque sabemos que el conocimiento y la confianza son esenciales para tomar decisiones informadas y vivir con mayor libertad.<\/p>\n\n\n\n<p>Promover el bienestar femenino tambi\u00e9n implica cambiar la narrativa. Dejar de asociar el cuidado personal con la vanidad y empezar a verlo como una forma de prevenci\u00f3n, salud y <strong>fortalecimiento personal<\/strong>. Significa hablar de menstruaci\u00f3n, menopausia, ansiedad, autoestima y descanso sin tab\u00faes ni juicios. Significa, en definitiva, poner a la mujer en el centro de su propio bienestar.<\/p>\n\n\n\n<p>En Laboratorios Best Medical seguimos trabajando para que el bienestar femenino deje de ser una aspiraci\u00f3n y se convierta en una realidad cotidiana. Porque <strong>cuidarse no es un lujo<\/strong>. Es una forma de vivir con m\u00e1s libertad, m\u00e1s conciencia y m\u00e1s amor. Y mostraremos todo esto en la pr\u00f3xima edici\u00f3n de Infarma Madrid, que se celebrar\u00e1 del 24 al 26 de marzo en Ifema.<\/p>\n\n\n\n<p>\u00bfTe sumas a este cambio?<\/p>\n\n\n\n<p><strong>Firmado: Mar\u00eda Mart\u00edn, CMO de Laboratorios Best Medical<\/strong><\/p>\n\n\n\n<p><\/p>\n","protected":false},"excerpt":{"rendered":"<p>En los \u00faltimos a\u00f1os, el concepto de autocuidado femenino ha ganado protagonismo en el mundo de la belleza, el bienestar y las redes sociales. Lo vemos en campa\u00f1as publicitarias, en influencers que comparten sus rutinas de \u201cself-care\u201d y en productos que prometen transformar nuestra piel, nuestro cuerpo y hasta nuestro estado de \u00e1nimo. Pero detr\u00e1s [&hellip;]<\/p>\n","protected":false},"author":2,"featured_media":20200,"comment_status":"closed","ping_status":"open","sticky":false,"template":"","format":"standard","meta":{"footnotes":""},"categories":[141],"tags":[],"class_list":["post-20199","post","type-post","status-publish","format-standard","has-post-thumbnail","hentry","category-noticias-del-salon"],"yoast_head":"<!-- This site is optimized with the Yoast SEO plugin v27.4 - https:\/\/yoast.com\/product\/yoast-seo-wordpress\/ -->\n<title>Cuidarse no es un lujo: el bienestar femenino como h\u00e1bito, no como tendencia\u201d<\/title>\n<meta name=\"description\" content=\"Desde Laboratorios Best Medical, entendemos el autocuidado como una responsabilidad compartida. Nuestro compromiso va m\u00e1s all\u00e1 de la est\u00e9tica\" \/>\n<meta name=\"robots\" content=\"index, follow, max-snippet:-1, max-image-preview:large, max-video-preview:-1\" \/>\n<link rel=\"canonical\" href=\"https:\/\/www.infarma.es\/ca\/laboratorios-best-mediacal-bienestar-femenino\/\" \/>\n<meta property=\"og:locale\" content=\"ca_ES\" \/>\n<meta property=\"og:type\" content=\"article\" \/>\n<meta property=\"og:title\" content=\"Cuidarse no es un lujo: el bienestar femenino como h\u00e1bito, no como tendencia\u201d\" \/>\n<meta property=\"og:description\" content=\"Desde Laboratorios Best Medical, entendemos el autocuidado como una responsabilidad compartida. Nuestro compromiso va m\u00e1s all\u00e1 de la est\u00e9tica\" \/>\n<meta property=\"og:url\" content=\"https:\/\/www.infarma.es\/ca\/laboratorios-best-mediacal-bienestar-femenino\/\" \/>\n<meta property=\"og:site_name\" content=\"Infarma\" \/>\n<meta property=\"article:publisher\" content=\"https:\/\/www.facebook.com\/infarmaoficial\/\" \/>\n<meta property=\"article:published_time\" content=\"2025-06-27T11:43:07+00:00\" \/>\n<meta property=\"article:modified_time\" content=\"2025-06-27T11:43:35+00:00\" \/>\n<meta property=\"og:image\" content=\"https:\/\/www.infarma.es\/wp-content\/uploads\/2025\/06\/inf2026-best-medical-blog.webp\" \/>\n\t<meta property=\"og:image:width\" content=\"1600\" \/>\n\t<meta property=\"og:image:height\" content=\"900\" \/>\n\t<meta property=\"og:image:type\" content=\"image\/webp\" \/>\n<meta name=\"author\" content=\"xavier\" \/>\n<meta name=\"twitter:card\" content=\"summary_large_image\" \/>\n<meta name=\"twitter:creator\" content=\"@infarma_es\" \/>\n<meta name=\"twitter:site\" content=\"@infarma_es\" \/>\n<meta name=\"twitter:label1\" content=\"Escrit per\" \/>\n\t<meta name=\"twitter:data1\" content=\"xavier\" \/>\n\t<meta name=\"twitter:label2\" content=\"Temps estimat de lectura\" \/>\n\t<meta name=\"twitter:data2\" content=\"4 minuts\" \/>\n<script type=\"application\/ld+json\" class=\"yoast-schema-graph\">{\"@context\":\"https:\\\/\\\/schema.org\",\"@graph\":[{\"@type\":\"Article\",\"@id\":\"https:\\\/\\\/www.infarma.es\\\/ca\\\/laboratorios-best-mediacal-bienestar-femenino\\\/#article\",\"isPartOf\":{\"@id\":\"https:\\\/\\\/www.infarma.es\\\/ca\\\/laboratorios-best-mediacal-bienestar-femenino\\\/\"},\"author\":{\"name\":\"xavier\",\"@id\":\"https:\\\/\\\/www.infarma.es\\\/ca\\\/#\\\/schema\\\/person\\\/e53486dc47606cc5c89217026a8a01a7\"},\"headline\":\"Cuidarse no es un lujo: el bienestar femenino como h\u00e1bito, no como tendencia\u201d\",\"datePublished\":\"2025-06-27T11:43:07+00:00\",\"dateModified\":\"2025-06-27T11:43:35+00:00\",\"mainEntityOfPage\":{\"@id\":\"https:\\\/\\\/www.infarma.es\\\/ca\\\/laboratorios-best-mediacal-bienestar-femenino\\\/\"},\"wordCount\":737,\"publisher\":{\"@id\":\"https:\\\/\\\/www.infarma.es\\\/ca\\\/#organization\"},\"image\":{\"@id\":\"https:\\\/\\\/www.infarma.es\\\/ca\\\/laboratorios-best-mediacal-bienestar-femenino\\\/#primaryimage\"},\"thumbnailUrl\":\"https:\\\/\\\/www.infarma.es\\\/wp-content\\\/uploads\\\/2025\\\/06\\\/inf2026-best-medical-blog.webp\",\"articleSection\":[\"Noticias del Sal\u00f3n\"],\"inLanguage\":\"ca\"},{\"@type\":\"WebPage\",\"@id\":\"https:\\\/\\\/www.infarma.es\\\/ca\\\/laboratorios-best-mediacal-bienestar-femenino\\\/\",\"url\":\"https:\\\/\\\/www.infarma.es\\\/ca\\\/laboratorios-best-mediacal-bienestar-femenino\\\/\",\"name\":\"Cuidarse no es un lujo: el bienestar femenino como h\u00e1bito, no como tendencia\u201d\",\"isPartOf\":{\"@id\":\"https:\\\/\\\/www.infarma.es\\\/ca\\\/#website\"},\"primaryImageOfPage\":{\"@id\":\"https:\\\/\\\/www.infarma.es\\\/ca\\\/laboratorios-best-mediacal-bienestar-femenino\\\/#primaryimage\"},\"image\":{\"@id\":\"https:\\\/\\\/www.infarma.es\\\/ca\\\/laboratorios-best-mediacal-bienestar-femenino\\\/#primaryimage\"},\"thumbnailUrl\":\"https:\\\/\\\/www.infarma.es\\\/wp-content\\\/uploads\\\/2025\\\/06\\\/inf2026-best-medical-blog.webp\",\"datePublished\":\"2025-06-27T11:43:07+00:00\",\"dateModified\":\"2025-06-27T11:43:35+00:00\",\"description\":\"Desde Laboratorios Best Medical, entendemos el autocuidado como una responsabilidad compartida. Nuestro compromiso va m\u00e1s all\u00e1 de la est\u00e9tica\",\"breadcrumb\":{\"@id\":\"https:\\\/\\\/www.infarma.es\\\/ca\\\/laboratorios-best-mediacal-bienestar-femenino\\\/#breadcrumb\"},\"inLanguage\":\"ca\",\"potentialAction\":[{\"@type\":\"ReadAction\",\"target\":[\"https:\\\/\\\/www.infarma.es\\\/ca\\\/laboratorios-best-mediacal-bienestar-femenino\\\/\"]}]},{\"@type\":\"ImageObject\",\"inLanguage\":\"ca\",\"@id\":\"https:\\\/\\\/www.infarma.es\\\/ca\\\/laboratorios-best-mediacal-bienestar-femenino\\\/#primaryimage\",\"url\":\"https:\\\/\\\/www.infarma.es\\\/wp-content\\\/uploads\\\/2025\\\/06\\\/inf2026-best-medical-blog.webp\",\"contentUrl\":\"https:\\\/\\\/www.infarma.es\\\/wp-content\\\/uploads\\\/2025\\\/06\\\/inf2026-best-medical-blog.webp\",\"width\":1600,\"height\":900,\"caption\":\"Mar\u00eda Mart\u00edn, CMO de Laboratorios Best Medical\"},{\"@type\":\"BreadcrumbList\",\"@id\":\"https:\\\/\\\/www.infarma.es\\\/ca\\\/laboratorios-best-mediacal-bienestar-femenino\\\/#breadcrumb\",\"itemListElement\":[{\"@type\":\"ListItem\",\"position\":1,\"name\":\"Portada\",\"item\":\"https:\\\/\\\/www.infarma.es\\\/ca\\\/\"},{\"@type\":\"ListItem\",\"position\":2,\"name\":\"Cuidarse no es un lujo: el bienestar femenino como h\u00e1bito, no como tendencia\u201d\"}]},{\"@type\":\"WebSite\",\"@id\":\"https:\\\/\\\/www.infarma.es\\\/ca\\\/#website\",\"url\":\"https:\\\/\\\/www.infarma.es\\\/ca\\\/\",\"name\":\"Infarma\",\"description\":\"El mayor encuentro de farmacia\",\"publisher\":{\"@id\":\"https:\\\/\\\/www.infarma.es\\\/ca\\\/#organization\"},\"potentialAction\":[{\"@type\":\"SearchAction\",\"target\":{\"@type\":\"EntryPoint\",\"urlTemplate\":\"https:\\\/\\\/www.infarma.es\\\/ca\\\/?s={search_term_string}\"},\"query-input\":{\"@type\":\"PropertyValueSpecification\",\"valueRequired\":true,\"valueName\":\"search_term_string\"}}],\"inLanguage\":\"ca\"},{\"@type\":\"Organization\",\"@id\":\"https:\\\/\\\/www.infarma.es\\\/ca\\\/#organization\",\"name\":\"Infarma\",\"url\":\"https:\\\/\\\/www.infarma.es\\\/ca\\\/\",\"logo\":{\"@type\":\"ImageObject\",\"inLanguage\":\"ca\",\"@id\":\"https:\\\/\\\/www.infarma.es\\\/ca\\\/#\\\/schema\\\/logo\\\/image\\\/\",\"url\":\"https:\\\/\\\/www.infarma.es\\\/wp-content\\\/uploads\\\/2024\\\/10\\\/logo-simple.svg\",\"contentUrl\":\"https:\\\/\\\/www.infarma.es\\\/wp-content\\\/uploads\\\/2024\\\/10\\\/logo-simple.svg\",\"width\":1,\"height\":1,\"caption\":\"Infarma\"},\"image\":{\"@id\":\"https:\\\/\\\/www.infarma.es\\\/ca\\\/#\\\/schema\\\/logo\\\/image\\\/\"},\"sameAs\":[\"https:\\\/\\\/www.facebook.com\\\/infarmaoficial\\\/\",\"https:\\\/\\\/x.com\\\/infarma_es\",\"https:\\\/\\\/www.instagram.com\\\/infarma_oficial\\\/\",\"https:\\\/\\\/www.linkedin.com\\\/showcase\\\/infarma-salon\\\/\",\"https:\\\/\\\/www.youtube.com\\\/@INFARMAOFICIAL\"]},{\"@type\":\"Person\",\"@id\":\"https:\\\/\\\/www.infarma.es\\\/ca\\\/#\\\/schema\\\/person\\\/e53486dc47606cc5c89217026a8a01a7\",\"name\":\"xavier\",\"image\":{\"@type\":\"ImageObject\",\"inLanguage\":\"ca\",\"@id\":\"https:\\\/\\\/secure.gravatar.com\\\/avatar\\\/9014b89254123c1f240ae636cc793b98ce50ec2df162909756be1d23adc503e4?s=96&d=mm&r=g\",\"url\":\"https:\\\/\\\/secure.gravatar.com\\\/avatar\\\/9014b89254123c1f240ae636cc793b98ce50ec2df162909756be1d23adc503e4?s=96&d=mm&r=g\",\"contentUrl\":\"https:\\\/\\\/secure.gravatar.com\\\/avatar\\\/9014b89254123c1f240ae636cc793b98ce50ec2df162909756be1d23adc503e4?s=96&d=mm&r=g\",\"caption\":\"xavier\"},\"url\":\"https:\\\/\\\/www.infarma.es\\\/ca\\\/author\\\/xavier\\\/\"}]}<\/script>\n<!-- \/ Yoast SEO plugin. -->","yoast_head_json":{"title":"Cuidarse no es un lujo: el bienestar femenino como h\u00e1bito, no como tendencia\u201d","description":"Desde Laboratorios Best Medical, entendemos el autocuidado como una responsabilidad compartida. Nuestro compromiso va m\u00e1s all\u00e1 de la est\u00e9tica","robots":{"index":"index","follow":"follow","max-snippet":"max-snippet:-1","max-image-preview":"max-image-preview:large","max-video-preview":"max-video-preview:-1"},"canonical":"https:\/\/www.infarma.es\/ca\/laboratorios-best-mediacal-bienestar-femenino\/","og_locale":"ca_ES","og_type":"article","og_title":"Cuidarse no es un lujo: el bienestar femenino como h\u00e1bito, no como tendencia\u201d","og_description":"Desde Laboratorios Best Medical, entendemos el autocuidado como una responsabilidad compartida. Nuestro compromiso va m\u00e1s all\u00e1 de la est\u00e9tica","og_url":"https:\/\/www.infarma.es\/ca\/laboratorios-best-mediacal-bienestar-femenino\/","og_site_name":"Infarma","article_publisher":"https:\/\/www.facebook.com\/infarmaoficial\/","article_published_time":"2025-06-27T11:43:07+00:00","article_modified_time":"2025-06-27T11:43:35+00:00","og_image":[{"width":1600,"height":900,"url":"https:\/\/www.infarma.es\/wp-content\/uploads\/2025\/06\/inf2026-best-medical-blog.webp","type":"image\/webp"}],"author":"xavier","twitter_card":"summary_large_image","twitter_creator":"@infarma_es","twitter_site":"@infarma_es","twitter_misc":{"Escrit per":"xavier","Temps estimat de lectura":"4 minuts"},"schema":{"@context":"https:\/\/schema.org","@graph":[{"@type":"Article","@id":"https:\/\/www.infarma.es\/ca\/laboratorios-best-mediacal-bienestar-femenino\/#article","isPartOf":{"@id":"https:\/\/www.infarma.es\/ca\/laboratorios-best-mediacal-bienestar-femenino\/"},"author":{"name":"xavier","@id":"https:\/\/www.infarma.es\/ca\/#\/schema\/person\/e53486dc47606cc5c89217026a8a01a7"},"headline":"Cuidarse no es un lujo: el bienestar femenino como h\u00e1bito, no como tendencia\u201d","datePublished":"2025-06-27T11:43:07+00:00","dateModified":"2025-06-27T11:43:35+00:00","mainEntityOfPage":{"@id":"https:\/\/www.infarma.es\/ca\/laboratorios-best-mediacal-bienestar-femenino\/"},"wordCount":737,"publisher":{"@id":"https:\/\/www.infarma.es\/ca\/#organization"},"image":{"@id":"https:\/\/www.infarma.es\/ca\/laboratorios-best-mediacal-bienestar-femenino\/#primaryimage"},"thumbnailUrl":"https:\/\/www.infarma.es\/wp-content\/uploads\/2025\/06\/inf2026-best-medical-blog.webp","articleSection":["Noticias del Sal\u00f3n"],"inLanguage":"ca"},{"@type":"WebPage","@id":"https:\/\/www.infarma.es\/ca\/laboratorios-best-mediacal-bienestar-femenino\/","url":"https:\/\/www.infarma.es\/ca\/laboratorios-best-mediacal-bienestar-femenino\/","name":"Cuidarse no es un lujo: el bienestar femenino como h\u00e1bito, no como tendencia\u201d","isPartOf":{"@id":"https:\/\/www.infarma.es\/ca\/#website"},"primaryImageOfPage":{"@id":"https:\/\/www.infarma.es\/ca\/laboratorios-best-mediacal-bienestar-femenino\/#primaryimage"},"image":{"@id":"https:\/\/www.infarma.es\/ca\/laboratorios-best-mediacal-bienestar-femenino\/#primaryimage"},"thumbnailUrl":"https:\/\/www.infarma.es\/wp-content\/uploads\/2025\/06\/inf2026-best-medical-blog.webp","datePublished":"2025-06-27T11:43:07+00:00","dateModified":"2025-06-27T11:43:35+00:00","description":"Desde Laboratorios Best Medical, entendemos el autocuidado como una responsabilidad compartida. Nuestro compromiso va m\u00e1s all\u00e1 de la est\u00e9tica","breadcrumb":{"@id":"https:\/\/www.infarma.es\/ca\/laboratorios-best-mediacal-bienestar-femenino\/#breadcrumb"},"inLanguage":"ca","potentialAction":[{"@type":"ReadAction","target":["https:\/\/www.infarma.es\/ca\/laboratorios-best-mediacal-bienestar-femenino\/"]}]},{"@type":"ImageObject","inLanguage":"ca","@id":"https:\/\/www.infarma.es\/ca\/laboratorios-best-mediacal-bienestar-femenino\/#primaryimage","url":"https:\/\/www.infarma.es\/wp-content\/uploads\/2025\/06\/inf2026-best-medical-blog.webp","contentUrl":"https:\/\/www.infarma.es\/wp-content\/uploads\/2025\/06\/inf2026-best-medical-blog.webp","width":1600,"height":900,"caption":"Mar\u00eda Mart\u00edn, CMO de Laboratorios Best Medical"},{"@type":"BreadcrumbList","@id":"https:\/\/www.infarma.es\/ca\/laboratorios-best-mediacal-bienestar-femenino\/#breadcrumb","itemListElement":[{"@type":"ListItem","position":1,"name":"Portada","item":"https:\/\/www.infarma.es\/ca\/"},{"@type":"ListItem","position":2,"name":"Cuidarse no es un lujo: el bienestar femenino como h\u00e1bito, no como tendencia\u201d"}]},{"@type":"WebSite","@id":"https:\/\/www.infarma.es\/ca\/#website","url":"https:\/\/www.infarma.es\/ca\/","name":"Infarma","description":"El mayor encuentro de farmacia","publisher":{"@id":"https:\/\/www.infarma.es\/ca\/#organization"},"potentialAction":[{"@type":"SearchAction","target":{"@type":"EntryPoint","urlTemplate":"https:\/\/www.infarma.es\/ca\/?s={search_term_string}"},"query-input":{"@type":"PropertyValueSpecification","valueRequired":true,"valueName":"search_term_string"}}],"inLanguage":"ca"},{"@type":"Organization","@id":"https:\/\/www.infarma.es\/ca\/#organization","name":"Infarma","url":"https:\/\/www.infarma.es\/ca\/","logo":{"@type":"ImageObject","inLanguage":"ca","@id":"https:\/\/www.infarma.es\/ca\/#\/schema\/logo\/image\/","url":"https:\/\/www.infarma.es\/wp-content\/uploads\/2024\/10\/logo-simple.svg","contentUrl":"https:\/\/www.infarma.es\/wp-content\/uploads\/2024\/10\/logo-simple.svg","width":1,"height":1,"caption":"Infarma"},"image":{"@id":"https:\/\/www.infarma.es\/ca\/#\/schema\/logo\/image\/"},"sameAs":["https:\/\/www.facebook.com\/infarmaoficial\/","https:\/\/x.com\/infarma_es","https:\/\/www.instagram.com\/infarma_oficial\/","https:\/\/www.linkedin.com\/showcase\/infarma-salon\/","https:\/\/www.youtube.com\/@INFARMAOFICIAL"]},{"@type":"Person","@id":"https:\/\/www.infarma.es\/ca\/#\/schema\/person\/e53486dc47606cc5c89217026a8a01a7","name":"xavier","image":{"@type":"ImageObject","inLanguage":"ca","@id":"https:\/\/secure.gravatar.com\/avatar\/9014b89254123c1f240ae636cc793b98ce50ec2df162909756be1d23adc503e4?s=96&d=mm&r=g","url":"https:\/\/secure.gravatar.com\/avatar\/9014b89254123c1f240ae636cc793b98ce50ec2df162909756be1d23adc503e4?s=96&d=mm&r=g","contentUrl":"https:\/\/secure.gravatar.com\/avatar\/9014b89254123c1f240ae636cc793b98ce50ec2df162909756be1d23adc503e4?s=96&d=mm&r=g","caption":"xavier"},"url":"https:\/\/www.infarma.es\/ca\/author\/xavier\/"}]}},"_links":{"self":[{"href":"https:\/\/www.infarma.es\/ca\/wp-json\/wp\/v2\/posts\/20199","targetHints":{"allow":["GET"]}}],"collection":[{"href":"https:\/\/www.infarma.es\/ca\/wp-json\/wp\/v2\/posts"}],"about":[{"href":"https:\/\/www.infarma.es\/ca\/wp-json\/wp\/v2\/types\/post"}],"author":[{"embeddable":true,"href":"https:\/\/www.infarma.es\/ca\/wp-json\/wp\/v2\/users\/2"}],"replies":[{"embeddable":true,"href":"https:\/\/www.infarma.es\/ca\/wp-json\/wp\/v2\/comments?post=20199"}],"version-history":[{"count":3,"href":"https:\/\/www.infarma.es\/ca\/wp-json\/wp\/v2\/posts\/20199\/revisions"}],"predecessor-version":[{"id":20205,"href":"https:\/\/www.infarma.es\/ca\/wp-json\/wp\/v2\/posts\/20199\/revisions\/20205"}],"wp:featuredmedia":[{"embeddable":true,"href":"https:\/\/www.infarma.es\/ca\/wp-json\/wp\/v2\/media\/20200"}],"wp:attachment":[{"href":"https:\/\/www.infarma.es\/ca\/wp-json\/wp\/v2\/media?parent=20199"}],"wp:term":[{"taxonomy":"category","embeddable":true,"href":"https:\/\/www.infarma.es\/ca\/wp-json\/wp\/v2\/categories?post=20199"},{"taxonomy":"post_tag","embeddable":true,"href":"https:\/\/www.infarma.es\/ca\/wp-json\/wp\/v2\/tags?post=20199"}],"curies":[{"name":"wp","href":"https:\/\/api.w.org\/{rel}","templated":true}]}}