{"id":20310,"date":"2025-08-25T15:49:50","date_gmt":"2025-08-25T13:49:50","guid":{"rendered":"https:\/\/www.infarma.es\/?p=20310"},"modified":"2025-08-25T16:47:53","modified_gmt":"2025-08-25T14:47:53","slug":"martiderm-elegir-fotoprotector-ideal-prevencion-tipo-piel","status":"publish","type":"post","link":"https:\/\/www.infarma.es\/ca\/martiderm-elegir-fotoprotector-ideal-prevencion-tipo-piel\/","title":{"rendered":"Elegir el fotoprotector ideal: el mejor gesto de prevenci\u00f3n para cada tipo de piel"},"content":{"rendered":"\n<p>La <strong>protecci\u00f3n solar<\/strong> ya no es tan estacional y en <strong>MartiDerm <\/strong>lo saben muy bien. Cada piel necesita un <strong>fotoprotector <\/strong>adaptado a su estilo de vida y necesidades reales.<br>En este art\u00edculo, <strong>MartiDerm <\/strong>presenta soluciones espec\u00edficas para el d\u00eda a d\u00eda seg\u00fan cada tipo de piel. Conoce en <strong>Infarma 2026<\/strong> esta y otras soluciones para el cuidado avanzado de la piel.<\/p>\n\n\n\n<p>La <strong>fotoprotecci\u00f3n<\/strong> no es solo un gesto de verano, es una rutina de salud y responsabilidad con el cuidado de la piel. La exposici\u00f3n solar, aunque no siempre visible ni intensa, es constante y acumulativa. Incluso en d\u00edas nublados o dentro de casa, los rayos UVA y la luz azul est\u00e1n presentes, afectando la calidad de la piel y acelerando su envejecimiento.<\/p>\n\n\n\n<p>Consciente de esta realidad, <strong>MartiDerm<\/strong> <strong>presenta su selecci\u00f3n de fotoprotectores con f\u00f3rmulas espec\u00edficas para cada necesidad<\/strong>: para entrenar al aire libre, para pieles sensibles y pieles activas, con efecto antiedad, manchas\u2026 Porque cada piel merece una protecci\u00f3n a su medida.<\/p>\n\n\n\n<p><em>\u201cEn MartiDerm creemos que la clave de una buena fotoprotecci\u00f3n est\u00e1 en su capacidad de adaptarse a cada tipo de piel y estilo de vida, sin renunciar a la sensorialidad ni a la eficacia\u201d,<\/em> se\u00f1ala Marta Soler, Brand Manager de la marca.<\/p>\n\n\n\n<div style=\"height:30px\" aria-hidden=\"true\" class=\"wp-block-spacer\"><\/div>\n\n\n\n<div class=\"wp-block-columns is-layout-flex wp-container-core-columns-is-layout-9d6595d7 wp-block-columns-is-layout-flex\">\n<div class=\"wp-block-column is-layout-flow wp-block-column-is-layout-flow\" style=\"flex-basis:66.66%\">\n<h4 class=\"wp-block-heading\"><strong>Fotoprotecci\u00f3n ideal para hacer deporte o para pieles mixtas y grasas<\/strong><\/h4>\n\n\n\n<p>Para quienes practican deporte, se mueven bajo el sol o tienen piel mixta o grasa, MartiDerm propone <a href=\"https:\/\/www.martiderm.com\/es\/productos\/spf-50-active-d-hydra-gel\" target=\"_blank\" rel=\"noreferrer noopener\"><strong>SPF 50+ Active [D] Hydra Gel<\/strong><\/a>, su \u00faltima innovaci\u00f3n de la <strong>gama Sun Care<\/strong>, un gel facial ultraligero, oil control, de r\u00e1pida absorci\u00f3n y acabado invisible. Resistente al sudor y al agua, es perfecto para un estilo de vida activo, donde la comodidad y la eficacia van de la mano. Seg\u00fan un estudio realizado el <strong>97%<\/strong> de los voluntarios que lo han probado, destaca su <strong>acabado invisible<\/strong><sup data-fn=\"00031578-2088-4d86-8639-457a9a1539ba\" class=\"fn\"><a id=\"00031578-2088-4d86-8639-457a9a1539ba-link\" href=\"#00031578-2088-4d86-8639-457a9a1539ba\">1<\/a><\/sup>, haciendo que sea c\u00f3modo de aplicar y reaplicar.<\/p>\n<\/div>\n\n\n\n<div class=\"wp-block-column is-layout-flow wp-block-column-is-layout-flow\" style=\"flex-basis:33.33%\">\n<figure class=\"wp-block-image size-full\"><img loading=\"lazy\" decoding=\"async\" width=\"300\" height=\"374\" src=\"https:\/\/www.infarma.es\/wp-content\/uploads\/2025\/08\/inf2026-Martiderm_SUNCARE_HYDRAGEL.jpg\" alt=\"Martiderm_SUNCARE_HYDRAGEL\" class=\"wp-image-20314\" srcset=\"https:\/\/www.infarma.es\/wp-content\/uploads\/2025\/08\/inf2026-Martiderm_SUNCARE_HYDRAGEL.jpg 300w, https:\/\/www.infarma.es\/wp-content\/uploads\/2025\/08\/inf2026-Martiderm_SUNCARE_HYDRAGEL-241x300.jpg 241w\" sizes=\"auto, (max-width: 300px) 100vw, 300px\" \/><\/figure>\n<\/div>\n<\/div>\n\n\n\n<div style=\"height:30px\" aria-hidden=\"true\" class=\"wp-block-spacer\"><\/div>\n\n\n\n<div class=\"wp-block-columns is-layout-flex wp-container-core-columns-is-layout-9d6595d7 wp-block-columns-is-layout-flex\">\n<div class=\"wp-block-column is-layout-flow wp-block-column-is-layout-flow\" style=\"flex-basis:33.33%\">\n<figure class=\"wp-block-image size-full\"><img loading=\"lazy\" decoding=\"async\" width=\"300\" height=\"375\" src=\"https:\/\/www.infarma.es\/wp-content\/uploads\/2025\/08\/inf2026-Martiderm_SUNCARE_MINERAL_D_FLUID.jpg\" alt=\"Martiderm_SUNCARE_MINERAL_D_FLUID\" class=\"wp-image-20319\" srcset=\"https:\/\/www.infarma.es\/wp-content\/uploads\/2025\/08\/inf2026-Martiderm_SUNCARE_MINERAL_D_FLUID.jpg 300w, https:\/\/www.infarma.es\/wp-content\/uploads\/2025\/08\/inf2026-Martiderm_SUNCARE_MINERAL_D_FLUID-240x300.jpg 240w\" sizes=\"auto, (max-width: 300px) 100vw, 300px\" \/><\/figure>\n<\/div>\n\n\n\n<div class=\"wp-block-column is-layout-flow wp-block-column-is-layout-flow\" style=\"flex-basis:66.66%\">\n<h4 class=\"wp-block-heading\"><strong>Protecci\u00f3n mineral para pieles sensibles<\/strong><\/h4>\n\n\n\n<p>Las pieles sensibles o reactivas requieren una protecci\u00f3n solar espec\u00edfica, que minimice el riesgo de irritaciones. <a href=\"https:\/\/www.martiderm.com\/es\/productos\/spf-50-mineral-d-fluid\" target=\"_blank\" rel=\"noreferrer noopener\"><strong>SPF 50 Mineral [D] Fluid<\/strong><\/a><strong><u> <\/u><\/strong>est\u00e1 formulado con filtros 100% minerales, sin perfumes ni alcohol. Cl\u00ednicamente testado, el <strong>87%<\/strong> de los usuarios afirma que <strong>no blanquea la piel tras la aplicaci\u00f3n<\/strong><sup data-fn=\"98e3a46a-32f6-4ff9-ab7e-6a9b9298bba7\" class=\"fn\"><a id=\"98e3a46a-32f6-4ff9-ab7e-6a9b9298bba7-link\" href=\"#98e3a46a-32f6-4ff9-ab7e-6a9b9298bba7\">2<\/a><\/sup>, gracias a su textura fluida de r\u00e1pida absorci\u00f3n.<\/p>\n<\/div>\n<\/div>\n\n\n\n<div style=\"height:30px\" aria-hidden=\"true\" class=\"wp-block-spacer\"><\/div>\n\n\n\n<div class=\"wp-block-columns is-layout-flex wp-container-core-columns-is-layout-9d6595d7 wp-block-columns-is-layout-flex\">\n<div class=\"wp-block-column is-layout-flow wp-block-column-is-layout-flow\" style=\"flex-basis:66.66%\">\n<h4 class=\"wp-block-heading\"><strong>Un fotoprotector vers\u00e1til para uso diario<\/strong><\/h4>\n\n\n\n<p><a href=\"https:\/\/www.martiderm.com\/es\/productos\/spf-50-active-d-fluid\" target=\"_blank\" rel=\"noreferrer noopener\"><strong>SPF 50+ Active [D] Fluid,<\/strong><\/a> es un fotoprotector todoterreno. Est\u00e1 dise\u00f1ado para usarse a diario en todo tipo de pieles, incluso las m\u00e1s exigentes. Adem\u00e1s, incorpora activos antioxidantes que refuerzan la defensa natural de la piel frente al estr\u00e9s ambiental y Vitamin D like, con funci\u00f3n hidratante, reestructurante y reparadora. El <strong>81%<\/strong> de los usuarios que lo probaron afirmaron notar su <strong>piel m\u00e1s hidratada<\/strong><sup data-fn=\"1e5a82d6-80db-4fa9-8f84-c87f6926a704\" class=\"fn\"><a id=\"1e5a82d6-80db-4fa9-8f84-c87f6926a704-link\" href=\"#1e5a82d6-80db-4fa9-8f84-c87f6926a704\">3<\/a><\/sup>.<\/p>\n<\/div>\n\n\n\n<div class=\"wp-block-column is-layout-flow wp-block-column-is-layout-flow\" style=\"flex-basis:33.33%\">\n<figure class=\"wp-block-image size-full\"><img loading=\"lazy\" decoding=\"async\" width=\"300\" height=\"375\" src=\"https:\/\/www.infarma.es\/wp-content\/uploads\/2025\/08\/inf2026-Martiderm_SUNCARE_SPF50_ACTIVE_D_FLUID.jpg\" alt=\"Martiderm_SUNCARE_SPF50_ACTIVE_D_FLUID\" class=\"wp-image-20322\" srcset=\"https:\/\/www.infarma.es\/wp-content\/uploads\/2025\/08\/inf2026-Martiderm_SUNCARE_SPF50_ACTIVE_D_FLUID.jpg 300w, https:\/\/www.infarma.es\/wp-content\/uploads\/2025\/08\/inf2026-Martiderm_SUNCARE_SPF50_ACTIVE_D_FLUID-240x300.jpg 240w\" sizes=\"auto, (max-width: 300px) 100vw, 300px\" \/><\/figure>\n<\/div>\n<\/div>\n\n\n\n<div style=\"height:30px\" aria-hidden=\"true\" class=\"wp-block-spacer\"><\/div>\n\n\n\n<div class=\"wp-block-columns is-layout-flex wp-container-core-columns-is-layout-9d6595d7 wp-block-columns-is-layout-flex\">\n<div class=\"wp-block-column is-layout-flow wp-block-column-is-layout-flow\" style=\"flex-basis:33.33%\">\n<figure class=\"wp-block-image size-full\"><img loading=\"lazy\" decoding=\"async\" width=\"300\" height=\"375\" src=\"https:\/\/www.infarma.es\/wp-content\/uploads\/2025\/08\/inf2026-Martiderm_PROTEOS_BODEGON.jpg\" alt=\"Martiderm_PROTEOS_BODEGON\" class=\"wp-image-20325\" srcset=\"https:\/\/www.infarma.es\/wp-content\/uploads\/2025\/08\/inf2026-Martiderm_PROTEOS_BODEGON.jpg 300w, https:\/\/www.infarma.es\/wp-content\/uploads\/2025\/08\/inf2026-Martiderm_PROTEOS_BODEGON-240x300.jpg 240w\" sizes=\"auto, (max-width: 300px) 100vw, 300px\" \/><\/figure>\n<\/div>\n\n\n\n<div class=\"wp-block-column is-layout-flow wp-block-column-is-layout-flow\" style=\"flex-basis:66.66%\">\n<h4 class=\"wp-block-heading\"><strong>Cuidado solar con efecto antiedad<\/strong><\/h4>\n\n\n\n<p>Con la f\u00f3rmula de <a href=\"https:\/\/www.martiderm.com\/es\/productos\/proteos-screen-spf-50\" target=\"_blank\" rel=\"noreferrer noopener\"><strong>Proteos Screen SPF 50+<\/strong><\/a><strong><u>,<\/u><\/strong> MartiDerm ofrece un protector solar con activos que no solo protegen la piel del sol, sino que tambi\u00e9n <strong>hidratan, reafirman y mejoran la elasticidad<\/strong>. Es una opci\u00f3n id\u00f3nea para quienes desean prevenci\u00f3n y tratamiento en un solo gesto. En estudios de eficacia, el <strong>81%<\/strong> de los usuarios not\u00f3 una <strong>piel m\u00e1s suave y lisa<\/strong><sup data-fn=\"2c028c26-9997-458e-a18c-687cef0c0ad2\" class=\"fn\"><a id=\"2c028c26-9997-458e-a18c-687cef0c0ad2-link\" href=\"#2c028c26-9997-458e-a18c-687cef0c0ad2\">4<\/a><\/sup>.<\/p>\n\n\n\n<p>Adem\u00e1s, para quienes desean <strong>unificar el tono y aportar un aspecto saludable al rostro<\/strong>, tambi\u00e9n est\u00e1 disponible en versi\u00f3n con color: <a href=\"https:\/\/www.martiderm.com\/es\/productos\/proteos-screen-spf-50-color-fluid-cream\"><strong>Proteos Screen SPF 50+ Color Fluid Cream.<\/strong><\/a><\/p>\n<\/div>\n<\/div>\n\n\n\n<div style=\"height:30px\" aria-hidden=\"true\" class=\"wp-block-spacer\"><\/div>\n\n\n\n<div class=\"wp-block-columns is-layout-flex wp-container-core-columns-is-layout-9d6595d7 wp-block-columns-is-layout-flex\">\n<div class=\"wp-block-column is-layout-flow wp-block-column-is-layout-flow\" style=\"flex-basis:66.66%\">\n<h4 class=\"wp-block-heading\"><strong>Tratamiento despigmentante con alta protecci\u00f3n solar<\/strong><\/h4>\n\n\n\n<p>La exposici\u00f3n solar es uno de los principales desencadenantes de la hiperpigmentaci\u00f3n.<\/p>\n\n\n\n<p>MartiDerm lo aborda con <a href=\"https:\/\/www.martiderm.com\/es\/productos\/dsp-crema-fps-50-despigmentante\"><strong>DSP-Crema FPS 50+<\/strong><\/a>, una crema despigmentante con fotoprotecci\u00f3n que protege la piel frente a la radiaci\u00f3n solar y que act\u00faa a nivel profundo para reducir las manchas existentes y prevenir nuevas.<\/p>\n\n\n\n<p>Para reaplicar durante el d\u00eda, <a href=\"https:\/\/www.martiderm.com\/es\/productos\/dsp-cover-despigmentante\" target=\"_blank\" rel=\"noreferrer noopener\"><strong>DSP-Cover Stick FPS 50+<\/strong><\/a> es el formato ideal: con color, cobertura natural y acci\u00f3n correctora localizada. Un indispensable para llevar siempre encima y aplicar sobre zonas como mejillas, frente o labio superior. Seg\u00fan datos cl\u00ednicos, una rutina despigmentante con Pigment Zero, puede ayudar a <strong>reducir las manchas oscuras hasta en un 89%<\/strong><sup data-fn=\"d71d18c4-8c39-42fb-8e9a-75392be6cfdc\" class=\"fn\"><a id=\"d71d18c4-8c39-42fb-8e9a-75392be6cfdc-link\" href=\"#d71d18c4-8c39-42fb-8e9a-75392be6cfdc\">5<\/a><\/sup>.<\/p>\n<\/div>\n\n\n\n<div class=\"wp-block-column is-layout-flow wp-block-column-is-layout-flow\" style=\"flex-basis:33.33%\">\n<figure class=\"wp-block-image size-full\"><img loading=\"lazy\" decoding=\"async\" width=\"300\" height=\"374\" src=\"https:\/\/www.infarma.es\/wp-content\/uploads\/2025\/08\/inf2026-Martiderm_PZ.jpg\" alt=\"Martiderm_PZ\" class=\"wp-image-20328\" srcset=\"https:\/\/www.infarma.es\/wp-content\/uploads\/2025\/08\/inf2026-Martiderm_PZ.jpg 300w, https:\/\/www.infarma.es\/wp-content\/uploads\/2025\/08\/inf2026-Martiderm_PZ-241x300.jpg 241w\" sizes=\"auto, (max-width: 300px) 100vw, 300px\" \/><\/figure>\n<\/div>\n<\/div>\n\n\n\n<div style=\"height:30px\" aria-hidden=\"true\" class=\"wp-block-spacer\"><\/div>\n\n\n\n<h4 class=\"wp-block-heading\"><strong>Soluciones diversas para necesidades reales<\/strong><\/h4>\n\n\n\n<p>M\u00e1s que en una \u00fanica rutina, la clave est\u00e1 en conocer cada piel y sus necesidades. No se trata solo de protegerse del sol, sino de hacerlo con un fotoprotector que encaje con cada estilo de vida.<\/p>\n\n\n\n<p><strong>MartiDerm<\/strong> <strong>ofrece soluciones adaptadas a necesidades reales<\/strong>, que pueden combinarse o alternarse seg\u00fan el momento, el tipo de piel o el objetivo de tratamiento. Descubre todos los detalles sobre c\u00f3mo elegir el fotoprotector ideal en el <a href=\"https:\/\/www.martiderm.com\/es\/blog\/cuidado-de-la-piel\/guia-fotoprotector-ideal\" target=\"_blank\" rel=\"noreferrer noopener\">blog de MartiDerm.<\/a><\/p>\n\n\n\n<hr class=\"wp-block-separator has-alpha-channel-opacity is-style-dots\"\/>\n\n\n<ol class=\"wp-block-footnotes\"><li id=\"00031578-2088-4d86-8639-457a9a1539ba\"><em>No comedogenicidad y test de uso bajo control dermatol\u00f3gico y oftalmol\u00f3gico. Valoraciones subjetivas. Ref: 03-ZP24-136-071.<\/em> <a href=\"#00031578-2088-4d86-8639-457a9a1539ba-link\" aria-label=\"Ves a la refer\u00e8ncia de la nota al peu 1\">\u21a9\ufe0e<\/a><\/li><li id=\"98e3a46a-32f6-4ff9-ab7e-6a9b9298bba7\"><em>Test de uso bajo control dermatol\u00f3gico y oftalmol\u00f3gico. Valoraci\u00f3n subjetiva. Ref: 03-ZP24-081-071.<\/em> <a href=\"#98e3a46a-32f6-4ff9-ab7e-6a9b9298bba7-link\" aria-label=\"Ves a la refer\u00e8ncia de la nota al peu 2\">\u21a9\ufe0e<\/a><\/li><li id=\"1e5a82d6-80db-4fa9-8f84-c87f6926a704\"><em>Test de uso bajo control dermatol\u00f3gico y oftalmol\u00f3gico. Valoraciones subjetivas. Ref: VV_CC-HUT\/30XT2(DF)A_071_21_002.<\/em> <a href=\"#1e5a82d6-80db-4fa9-8f84-c87f6926a704-link\" aria-label=\"Ves a la refer\u00e8ncia de la nota al peu 3\">\u21a9\ufe0e<\/a><\/li><li id=\"2c028c26-9997-458e-a18c-687cef0c0ad2\"><em>Estudio cl\u00ednico del efecto reafirmante bajo control dermatol\u00f3gico y valoraci\u00f3n subjetiva. Ref: 19-0175\/0 \/19.0067.<\/em> <a href=\"#2c028c26-9997-458e-a18c-687cef0c0ad2-link\" aria-label=\"Ves a la refer\u00e8ncia de la nota al peu 4\">\u21a9\ufe0e<\/a><\/li><li id=\"d71d18c4-8c39-42fb-8e9a-75392be6cfdc\"><em>Eficacia despigmentante de DSP-Crema FPS50+ bajo control dermatol\u00f3gico. Valor m\u00e1ximo. Ref: 14910920.A<\/em> <a href=\"#d71d18c4-8c39-42fb-8e9a-75392be6cfdc-link\" aria-label=\"Ves a la refer\u00e8ncia de la nota al peu 5\">\u21a9\ufe0e<\/a><\/li><\/ol>\n\n\n<p><\/p>\n","protected":false},"excerpt":{"rendered":"<p>La protecci\u00f3n solar ya no es tan estacional y en MartiDerm lo saben muy bien. Cada piel necesita un fotoprotector adaptado a su estilo de vida y necesidades reales.En este art\u00edculo, MartiDerm presenta soluciones espec\u00edficas para el d\u00eda a d\u00eda seg\u00fan cada tipo de piel. Conoce en Infarma 2026 esta y otras soluciones para el [&hellip;]<\/p>\n","protected":false},"author":2,"featured_media":20311,"comment_status":"closed","ping_status":"open","sticky":false,"template":"","format":"standard","meta":{"footnotes":"[{\"content\":\"<em>No comedogenicidad y test de uso bajo control dermatol\u00f3gico y oftalmol\u00f3gico. Valoraciones subjetivas. Ref: 03-ZP24-136-071.<\/em>\",\"id\":\"00031578-2088-4d86-8639-457a9a1539ba\"},{\"content\":\"<em>Test de uso bajo control dermatol\u00f3gico y oftalmol\u00f3gico. Valoraci\u00f3n subjetiva. Ref: 03-ZP24-081-071.<\/em>\",\"id\":\"98e3a46a-32f6-4ff9-ab7e-6a9b9298bba7\"},{\"content\":\"<em>Test de uso bajo control dermatol\u00f3gico y oftalmol\u00f3gico. Valoraciones subjetivas. Ref: VV_CC-HUT\/30XT2(DF)A_071_21_002.<\/em>\",\"id\":\"1e5a82d6-80db-4fa9-8f84-c87f6926a704\"},{\"content\":\"<em>Estudio cl\u00ednico del efecto reafirmante bajo control dermatol\u00f3gico y valoraci\u00f3n subjetiva. Ref: 19-0175\/0 \/19.0067.<\/em>\",\"id\":\"2c028c26-9997-458e-a18c-687cef0c0ad2\"},{\"content\":\"<em>Eficacia despigmentante de DSP-Crema FPS50+ bajo control dermatol\u00f3gico. Valor m\u00e1ximo. Ref: 14910920.A<\/em>\",\"id\":\"d71d18c4-8c39-42fb-8e9a-75392be6cfdc\"}]"},"categories":[141],"tags":[],"class_list":["post-20310","post","type-post","status-publish","format-standard","has-post-thumbnail","hentry","category-noticias-del-salon"],"yoast_head":"<!-- This site is optimized with the Yoast SEO plugin v27.4 - https:\/\/yoast.com\/product\/yoast-seo-wordpress\/ -->\n<title>Elegir el fotoprotector ideal: el mejor gesto de prevenci\u00f3n para cada tipo de piel<\/title>\n<meta name=\"description\" content=\"En MartiDerm creemos que la clave de una buena fotoprotecci\u00f3n est\u00e1 en su capacidad de adaptarse a cada tipo de piel y estilo de vida.\" \/>\n<meta name=\"robots\" content=\"index, follow, max-snippet:-1, max-image-preview:large, max-video-preview:-1\" \/>\n<link rel=\"canonical\" href=\"https:\/\/www.infarma.es\/ca\/martiderm-elegir-fotoprotector-ideal-prevencion-tipo-piel\/\" \/>\n<meta property=\"og:locale\" content=\"ca_ES\" \/>\n<meta property=\"og:type\" content=\"article\" \/>\n<meta property=\"og:title\" content=\"Elegir el fotoprotector ideal: el mejor gesto de prevenci\u00f3n para cada tipo de piel\" \/>\n<meta property=\"og:description\" content=\"En MartiDerm creemos que la clave de una buena fotoprotecci\u00f3n est\u00e1 en su capacidad de adaptarse a cada tipo de piel y estilo de vida.\" \/>\n<meta property=\"og:url\" content=\"https:\/\/www.infarma.es\/ca\/martiderm-elegir-fotoprotector-ideal-prevencion-tipo-piel\/\" \/>\n<meta property=\"og:site_name\" content=\"Infarma\" \/>\n<meta property=\"article:publisher\" content=\"https:\/\/www.facebook.com\/infarmaoficial\/\" \/>\n<meta property=\"article:published_time\" content=\"2025-08-25T13:49:50+00:00\" \/>\n<meta property=\"article:modified_time\" content=\"2025-08-25T14:47:53+00:00\" \/>\n<meta property=\"og:image\" content=\"https:\/\/www.infarma.es\/wp-content\/uploads\/2025\/08\/inf2026-Martiderm-fotoproteccion-bodegon-blog.webp\" \/>\n\t<meta property=\"og:image:width\" content=\"1600\" \/>\n\t<meta property=\"og:image:height\" content=\"900\" \/>\n\t<meta property=\"og:image:type\" content=\"image\/webp\" \/>\n<meta name=\"author\" content=\"xavier\" \/>\n<meta name=\"twitter:card\" content=\"summary_large_image\" \/>\n<meta name=\"twitter:creator\" content=\"@infarma_es\" \/>\n<meta name=\"twitter:site\" content=\"@infarma_es\" \/>\n<meta name=\"twitter:label1\" content=\"Escrit per\" \/>\n\t<meta name=\"twitter:data1\" content=\"xavier\" \/>\n\t<meta name=\"twitter:label2\" content=\"Temps estimat de lectura\" \/>\n\t<meta name=\"twitter:data2\" content=\"5 minuts\" \/>\n<script type=\"application\/ld+json\" class=\"yoast-schema-graph\">{\"@context\":\"https:\\\/\\\/schema.org\",\"@graph\":[{\"@type\":\"Article\",\"@id\":\"https:\\\/\\\/www.infarma.es\\\/ca\\\/martiderm-elegir-fotoprotector-ideal-prevencion-tipo-piel\\\/#article\",\"isPartOf\":{\"@id\":\"https:\\\/\\\/www.infarma.es\\\/ca\\\/martiderm-elegir-fotoprotector-ideal-prevencion-tipo-piel\\\/\"},\"author\":{\"name\":\"xavier\",\"@id\":\"https:\\\/\\\/www.infarma.es\\\/ca\\\/#\\\/schema\\\/person\\\/e53486dc47606cc5c89217026a8a01a7\"},\"headline\":\"Elegir el fotoprotector ideal: el mejor gesto de prevenci\u00f3n para cada tipo de piel\",\"datePublished\":\"2025-08-25T13:49:50+00:00\",\"dateModified\":\"2025-08-25T14:47:53+00:00\",\"mainEntityOfPage\":{\"@id\":\"https:\\\/\\\/www.infarma.es\\\/ca\\\/martiderm-elegir-fotoprotector-ideal-prevencion-tipo-piel\\\/\"},\"wordCount\":783,\"publisher\":{\"@id\":\"https:\\\/\\\/www.infarma.es\\\/ca\\\/#organization\"},\"image\":{\"@id\":\"https:\\\/\\\/www.infarma.es\\\/ca\\\/martiderm-elegir-fotoprotector-ideal-prevencion-tipo-piel\\\/#primaryimage\"},\"thumbnailUrl\":\"https:\\\/\\\/www.infarma.es\\\/wp-content\\\/uploads\\\/2025\\\/08\\\/inf2026-Martiderm-fotoproteccion-bodegon-blog.webp\",\"articleSection\":[\"Noticias del Sal\u00f3n\"],\"inLanguage\":\"ca\"},{\"@type\":\"WebPage\",\"@id\":\"https:\\\/\\\/www.infarma.es\\\/ca\\\/martiderm-elegir-fotoprotector-ideal-prevencion-tipo-piel\\\/\",\"url\":\"https:\\\/\\\/www.infarma.es\\\/ca\\\/martiderm-elegir-fotoprotector-ideal-prevencion-tipo-piel\\\/\",\"name\":\"Elegir el fotoprotector ideal: el mejor gesto de prevenci\u00f3n para cada tipo de piel\",\"isPartOf\":{\"@id\":\"https:\\\/\\\/www.infarma.es\\\/ca\\\/#website\"},\"primaryImageOfPage\":{\"@id\":\"https:\\\/\\\/www.infarma.es\\\/ca\\\/martiderm-elegir-fotoprotector-ideal-prevencion-tipo-piel\\\/#primaryimage\"},\"image\":{\"@id\":\"https:\\\/\\\/www.infarma.es\\\/ca\\\/martiderm-elegir-fotoprotector-ideal-prevencion-tipo-piel\\\/#primaryimage\"},\"thumbnailUrl\":\"https:\\\/\\\/www.infarma.es\\\/wp-content\\\/uploads\\\/2025\\\/08\\\/inf2026-Martiderm-fotoproteccion-bodegon-blog.webp\",\"datePublished\":\"2025-08-25T13:49:50+00:00\",\"dateModified\":\"2025-08-25T14:47:53+00:00\",\"description\":\"En MartiDerm creemos que la clave de una buena fotoprotecci\u00f3n est\u00e1 en su capacidad de adaptarse a cada tipo de piel y estilo de vida.\",\"breadcrumb\":{\"@id\":\"https:\\\/\\\/www.infarma.es\\\/ca\\\/martiderm-elegir-fotoprotector-ideal-prevencion-tipo-piel\\\/#breadcrumb\"},\"inLanguage\":\"ca\",\"potentialAction\":[{\"@type\":\"ReadAction\",\"target\":[\"https:\\\/\\\/www.infarma.es\\\/ca\\\/martiderm-elegir-fotoprotector-ideal-prevencion-tipo-piel\\\/\"]}]},{\"@type\":\"ImageObject\",\"inLanguage\":\"ca\",\"@id\":\"https:\\\/\\\/www.infarma.es\\\/ca\\\/martiderm-elegir-fotoprotector-ideal-prevencion-tipo-piel\\\/#primaryimage\",\"url\":\"https:\\\/\\\/www.infarma.es\\\/wp-content\\\/uploads\\\/2025\\\/08\\\/inf2026-Martiderm-fotoproteccion-bodegon-blog.webp\",\"contentUrl\":\"https:\\\/\\\/www.infarma.es\\\/wp-content\\\/uploads\\\/2025\\\/08\\\/inf2026-Martiderm-fotoproteccion-bodegon-blog.webp\",\"width\":1600,\"height\":900,\"caption\":\"Martiderm Bodeg\u00f3n Fotoprotectores\"},{\"@type\":\"BreadcrumbList\",\"@id\":\"https:\\\/\\\/www.infarma.es\\\/ca\\\/martiderm-elegir-fotoprotector-ideal-prevencion-tipo-piel\\\/#breadcrumb\",\"itemListElement\":[{\"@type\":\"ListItem\",\"position\":1,\"name\":\"Portada\",\"item\":\"https:\\\/\\\/www.infarma.es\\\/ca\\\/\"},{\"@type\":\"ListItem\",\"position\":2,\"name\":\"Elegir el fotoprotector ideal: el mejor gesto de prevenci\u00f3n para cada tipo de piel\"}]},{\"@type\":\"WebSite\",\"@id\":\"https:\\\/\\\/www.infarma.es\\\/ca\\\/#website\",\"url\":\"https:\\\/\\\/www.infarma.es\\\/ca\\\/\",\"name\":\"Infarma\",\"description\":\"El mayor encuentro de farmacia\",\"publisher\":{\"@id\":\"https:\\\/\\\/www.infarma.es\\\/ca\\\/#organization\"},\"potentialAction\":[{\"@type\":\"SearchAction\",\"target\":{\"@type\":\"EntryPoint\",\"urlTemplate\":\"https:\\\/\\\/www.infarma.es\\\/ca\\\/?s={search_term_string}\"},\"query-input\":{\"@type\":\"PropertyValueSpecification\",\"valueRequired\":true,\"valueName\":\"search_term_string\"}}],\"inLanguage\":\"ca\"},{\"@type\":\"Organization\",\"@id\":\"https:\\\/\\\/www.infarma.es\\\/ca\\\/#organization\",\"name\":\"Infarma\",\"url\":\"https:\\\/\\\/www.infarma.es\\\/ca\\\/\",\"logo\":{\"@type\":\"ImageObject\",\"inLanguage\":\"ca\",\"@id\":\"https:\\\/\\\/www.infarma.es\\\/ca\\\/#\\\/schema\\\/logo\\\/image\\\/\",\"url\":\"https:\\\/\\\/www.infarma.es\\\/wp-content\\\/uploads\\\/2024\\\/10\\\/logo-simple.svg\",\"contentUrl\":\"https:\\\/\\\/www.infarma.es\\\/wp-content\\\/uploads\\\/2024\\\/10\\\/logo-simple.svg\",\"width\":1,\"height\":1,\"caption\":\"Infarma\"},\"image\":{\"@id\":\"https:\\\/\\\/www.infarma.es\\\/ca\\\/#\\\/schema\\\/logo\\\/image\\\/\"},\"sameAs\":[\"https:\\\/\\\/www.facebook.com\\\/infarmaoficial\\\/\",\"https:\\\/\\\/x.com\\\/infarma_es\",\"https:\\\/\\\/www.instagram.com\\\/infarma_oficial\\\/\",\"https:\\\/\\\/www.linkedin.com\\\/showcase\\\/infarma-salon\\\/\",\"https:\\\/\\\/www.youtube.com\\\/@INFARMAOFICIAL\"]},{\"@type\":\"Person\",\"@id\":\"https:\\\/\\\/www.infarma.es\\\/ca\\\/#\\\/schema\\\/person\\\/e53486dc47606cc5c89217026a8a01a7\",\"name\":\"xavier\",\"image\":{\"@type\":\"ImageObject\",\"inLanguage\":\"ca\",\"@id\":\"https:\\\/\\\/secure.gravatar.com\\\/avatar\\\/9014b89254123c1f240ae636cc793b98ce50ec2df162909756be1d23adc503e4?s=96&d=mm&r=g\",\"url\":\"https:\\\/\\\/secure.gravatar.com\\\/avatar\\\/9014b89254123c1f240ae636cc793b98ce50ec2df162909756be1d23adc503e4?s=96&d=mm&r=g\",\"contentUrl\":\"https:\\\/\\\/secure.gravatar.com\\\/avatar\\\/9014b89254123c1f240ae636cc793b98ce50ec2df162909756be1d23adc503e4?s=96&d=mm&r=g\",\"caption\":\"xavier\"},\"url\":\"https:\\\/\\\/www.infarma.es\\\/ca\\\/author\\\/xavier\\\/\"}]}<\/script>\n<!-- \/ Yoast SEO plugin. -->","yoast_head_json":{"title":"Elegir el fotoprotector ideal: el mejor gesto de prevenci\u00f3n para cada tipo de piel","description":"En MartiDerm creemos que la clave de una buena fotoprotecci\u00f3n est\u00e1 en su capacidad de adaptarse a cada tipo de piel y estilo de vida.","robots":{"index":"index","follow":"follow","max-snippet":"max-snippet:-1","max-image-preview":"max-image-preview:large","max-video-preview":"max-video-preview:-1"},"canonical":"https:\/\/www.infarma.es\/ca\/martiderm-elegir-fotoprotector-ideal-prevencion-tipo-piel\/","og_locale":"ca_ES","og_type":"article","og_title":"Elegir el fotoprotector ideal: el mejor gesto de prevenci\u00f3n para cada tipo de piel","og_description":"En MartiDerm creemos que la clave de una buena fotoprotecci\u00f3n est\u00e1 en su capacidad de adaptarse a cada tipo de piel y estilo de vida.","og_url":"https:\/\/www.infarma.es\/ca\/martiderm-elegir-fotoprotector-ideal-prevencion-tipo-piel\/","og_site_name":"Infarma","article_publisher":"https:\/\/www.facebook.com\/infarmaoficial\/","article_published_time":"2025-08-25T13:49:50+00:00","article_modified_time":"2025-08-25T14:47:53+00:00","og_image":[{"width":1600,"height":900,"url":"https:\/\/www.infarma.es\/wp-content\/uploads\/2025\/08\/inf2026-Martiderm-fotoproteccion-bodegon-blog.webp","type":"image\/webp"}],"author":"xavier","twitter_card":"summary_large_image","twitter_creator":"@infarma_es","twitter_site":"@infarma_es","twitter_misc":{"Escrit per":"xavier","Temps estimat de lectura":"5 minuts"},"schema":{"@context":"https:\/\/schema.org","@graph":[{"@type":"Article","@id":"https:\/\/www.infarma.es\/ca\/martiderm-elegir-fotoprotector-ideal-prevencion-tipo-piel\/#article","isPartOf":{"@id":"https:\/\/www.infarma.es\/ca\/martiderm-elegir-fotoprotector-ideal-prevencion-tipo-piel\/"},"author":{"name":"xavier","@id":"https:\/\/www.infarma.es\/ca\/#\/schema\/person\/e53486dc47606cc5c89217026a8a01a7"},"headline":"Elegir el fotoprotector ideal: el mejor gesto de prevenci\u00f3n para cada tipo de piel","datePublished":"2025-08-25T13:49:50+00:00","dateModified":"2025-08-25T14:47:53+00:00","mainEntityOfPage":{"@id":"https:\/\/www.infarma.es\/ca\/martiderm-elegir-fotoprotector-ideal-prevencion-tipo-piel\/"},"wordCount":783,"publisher":{"@id":"https:\/\/www.infarma.es\/ca\/#organization"},"image":{"@id":"https:\/\/www.infarma.es\/ca\/martiderm-elegir-fotoprotector-ideal-prevencion-tipo-piel\/#primaryimage"},"thumbnailUrl":"https:\/\/www.infarma.es\/wp-content\/uploads\/2025\/08\/inf2026-Martiderm-fotoproteccion-bodegon-blog.webp","articleSection":["Noticias del Sal\u00f3n"],"inLanguage":"ca"},{"@type":"WebPage","@id":"https:\/\/www.infarma.es\/ca\/martiderm-elegir-fotoprotector-ideal-prevencion-tipo-piel\/","url":"https:\/\/www.infarma.es\/ca\/martiderm-elegir-fotoprotector-ideal-prevencion-tipo-piel\/","name":"Elegir el fotoprotector ideal: el mejor gesto de prevenci\u00f3n para cada tipo de piel","isPartOf":{"@id":"https:\/\/www.infarma.es\/ca\/#website"},"primaryImageOfPage":{"@id":"https:\/\/www.infarma.es\/ca\/martiderm-elegir-fotoprotector-ideal-prevencion-tipo-piel\/#primaryimage"},"image":{"@id":"https:\/\/www.infarma.es\/ca\/martiderm-elegir-fotoprotector-ideal-prevencion-tipo-piel\/#primaryimage"},"thumbnailUrl":"https:\/\/www.infarma.es\/wp-content\/uploads\/2025\/08\/inf2026-Martiderm-fotoproteccion-bodegon-blog.webp","datePublished":"2025-08-25T13:49:50+00:00","dateModified":"2025-08-25T14:47:53+00:00","description":"En MartiDerm creemos que la clave de una buena fotoprotecci\u00f3n est\u00e1 en su capacidad de adaptarse a cada tipo de piel y estilo de vida.","breadcrumb":{"@id":"https:\/\/www.infarma.es\/ca\/martiderm-elegir-fotoprotector-ideal-prevencion-tipo-piel\/#breadcrumb"},"inLanguage":"ca","potentialAction":[{"@type":"ReadAction","target":["https:\/\/www.infarma.es\/ca\/martiderm-elegir-fotoprotector-ideal-prevencion-tipo-piel\/"]}]},{"@type":"ImageObject","inLanguage":"ca","@id":"https:\/\/www.infarma.es\/ca\/martiderm-elegir-fotoprotector-ideal-prevencion-tipo-piel\/#primaryimage","url":"https:\/\/www.infarma.es\/wp-content\/uploads\/2025\/08\/inf2026-Martiderm-fotoproteccion-bodegon-blog.webp","contentUrl":"https:\/\/www.infarma.es\/wp-content\/uploads\/2025\/08\/inf2026-Martiderm-fotoproteccion-bodegon-blog.webp","width":1600,"height":900,"caption":"Martiderm Bodeg\u00f3n Fotoprotectores"},{"@type":"BreadcrumbList","@id":"https:\/\/www.infarma.es\/ca\/martiderm-elegir-fotoprotector-ideal-prevencion-tipo-piel\/#breadcrumb","itemListElement":[{"@type":"ListItem","position":1,"name":"Portada","item":"https:\/\/www.infarma.es\/ca\/"},{"@type":"ListItem","position":2,"name":"Elegir el fotoprotector ideal: el mejor gesto de prevenci\u00f3n para cada tipo de piel"}]},{"@type":"WebSite","@id":"https:\/\/www.infarma.es\/ca\/#website","url":"https:\/\/www.infarma.es\/ca\/","name":"Infarma","description":"El mayor encuentro de farmacia","publisher":{"@id":"https:\/\/www.infarma.es\/ca\/#organization"},"potentialAction":[{"@type":"SearchAction","target":{"@type":"EntryPoint","urlTemplate":"https:\/\/www.infarma.es\/ca\/?s={search_term_string}"},"query-input":{"@type":"PropertyValueSpecification","valueRequired":true,"valueName":"search_term_string"}}],"inLanguage":"ca"},{"@type":"Organization","@id":"https:\/\/www.infarma.es\/ca\/#organization","name":"Infarma","url":"https:\/\/www.infarma.es\/ca\/","logo":{"@type":"ImageObject","inLanguage":"ca","@id":"https:\/\/www.infarma.es\/ca\/#\/schema\/logo\/image\/","url":"https:\/\/www.infarma.es\/wp-content\/uploads\/2024\/10\/logo-simple.svg","contentUrl":"https:\/\/www.infarma.es\/wp-content\/uploads\/2024\/10\/logo-simple.svg","width":1,"height":1,"caption":"Infarma"},"image":{"@id":"https:\/\/www.infarma.es\/ca\/#\/schema\/logo\/image\/"},"sameAs":["https:\/\/www.facebook.com\/infarmaoficial\/","https:\/\/x.com\/infarma_es","https:\/\/www.instagram.com\/infarma_oficial\/","https:\/\/www.linkedin.com\/showcase\/infarma-salon\/","https:\/\/www.youtube.com\/@INFARMAOFICIAL"]},{"@type":"Person","@id":"https:\/\/www.infarma.es\/ca\/#\/schema\/person\/e53486dc47606cc5c89217026a8a01a7","name":"xavier","image":{"@type":"ImageObject","inLanguage":"ca","@id":"https:\/\/secure.gravatar.com\/avatar\/9014b89254123c1f240ae636cc793b98ce50ec2df162909756be1d23adc503e4?s=96&d=mm&r=g","url":"https:\/\/secure.gravatar.com\/avatar\/9014b89254123c1f240ae636cc793b98ce50ec2df162909756be1d23adc503e4?s=96&d=mm&r=g","contentUrl":"https:\/\/secure.gravatar.com\/avatar\/9014b89254123c1f240ae636cc793b98ce50ec2df162909756be1d23adc503e4?s=96&d=mm&r=g","caption":"xavier"},"url":"https:\/\/www.infarma.es\/ca\/author\/xavier\/"}]}},"_links":{"self":[{"href":"https:\/\/www.infarma.es\/ca\/wp-json\/wp\/v2\/posts\/20310","targetHints":{"allow":["GET"]}}],"collection":[{"href":"https:\/\/www.infarma.es\/ca\/wp-json\/wp\/v2\/posts"}],"about":[{"href":"https:\/\/www.infarma.es\/ca\/wp-json\/wp\/v2\/types\/post"}],"author":[{"embeddable":true,"href":"https:\/\/www.infarma.es\/ca\/wp-json\/wp\/v2\/users\/2"}],"replies":[{"embeddable":true,"href":"https:\/\/www.infarma.es\/ca\/wp-json\/wp\/v2\/comments?post=20310"}],"version-history":[{"count":5,"href":"https:\/\/www.infarma.es\/ca\/wp-json\/wp\/v2\/posts\/20310\/revisions"}],"predecessor-version":[{"id":20346,"href":"https:\/\/www.infarma.es\/ca\/wp-json\/wp\/v2\/posts\/20310\/revisions\/20346"}],"wp:featuredmedia":[{"embeddable":true,"href":"https:\/\/www.infarma.es\/ca\/wp-json\/wp\/v2\/media\/20311"}],"wp:attachment":[{"href":"https:\/\/www.infarma.es\/ca\/wp-json\/wp\/v2\/media?parent=20310"}],"wp:term":[{"taxonomy":"category","embeddable":true,"href":"https:\/\/www.infarma.es\/ca\/wp-json\/wp\/v2\/categories?post=20310"},{"taxonomy":"post_tag","embeddable":true,"href":"https:\/\/www.infarma.es\/ca\/wp-json\/wp\/v2\/tags?post=20310"}],"curies":[{"name":"wp","href":"https:\/\/api.w.org\/{rel}","templated":true}]}}