{"id":20408,"date":"2025-09-17T11:00:47","date_gmt":"2025-09-17T09:00:47","guid":{"rendered":"https:\/\/www.infarma.es\/?p=20408"},"modified":"2025-09-17T17:09:28","modified_gmt":"2025-09-17T15:09:28","slug":"jose-manuel-becerra-entrevista-infarma2026","status":"publish","type":"post","link":"https:\/\/www.infarma.es\/ca\/jose-manuel-becerra-entrevista-infarma2026\/","title":{"rendered":"Entrevista con Jos\u00e9 Manuel Becerra"},"content":{"rendered":"\n<p id=\"ember1169\">Hoy hablamos con <strong>Jose Manuel Becerra Villamor<\/strong> licenciado en Farmacia por la Universidad Complutense de Madrid y vocal de Titulares de Oficina de Farmacia del <strong>Colegio Oficial de Farmac\u00e9uticos de Madrid<\/strong>. Farmac\u00e9utico comunitario, con experiencia tambi\u00e9n en industria, Becerra fue el director del Congreso Infarma Madrid 2024.<\/p>\n\n\n\n<p id=\"ember1170\">Desde su visi\u00f3n profesional y colegial, comparte los retos que enfrenta la farmacia comunitaria, los objetivos de esta nueva edici\u00f3n y c\u00f3mo Infarma puede seguir siendo un espacio de encuentro, formaci\u00f3n y proyecci\u00f3n para el sector.<\/p>\n\n\n\n<div style=\"height:30px\" aria-hidden=\"true\" class=\"wp-block-spacer\"><\/div>\n\n\n\n<h4 class=\"wp-block-heading\" id=\"ember1172\">Has estado al frente del Congreso Infarma Madrid 2024 y ahora repites como director en 2026. \u00bfQu\u00e9 representa para ti liderar de nuevo esta parte tan estrat\u00e9gica del evento?<\/h4>\n\n\n\n<p id=\"ember1173\">Es un honor y una gran responsabilidad. Infarma no es un congreso m\u00e1s: es el gran foro donde la profesi\u00f3n se muestra en toda su amplitud. Volver a dirigirlo significa dar continuidad a una labor que ya demostr\u00f3 en 2024 su capacidad de atraer, formar y proyectar el futuro de la farmacia. Hoy la realidad es clara: la farmacia comunitaria es una soluci\u00f3n asistencial ya activa frente a desaf\u00edos tan relevantes como la cronicidad, la polimedicaci\u00f3n o la soledad no deseada y la farmacia es el punto, por cuya cercan\u00eda y proximidad, empieza el cuidado de la salud. <em>Infarma<\/em> 2026 quiere subrayar esa realidad y mostrar que somos un pilar esencial en la calidad de vida de las personas.<\/p>\n\n\n\n<div style=\"height:30px\" aria-hidden=\"true\" class=\"wp-block-spacer\"><\/div>\n\n\n\n<h4 class=\"wp-block-heading\" id=\"ember1174\">\u00bfCu\u00e1les son, en tu opini\u00f3n, los grandes retos que enfrenta hoy la farmacia comunitaria y que el Congreso debe reflejar?<\/h4>\n\n\n\n<p id=\"ember1175\">Los mismos que afronta el sistema sanitario en su conjunto. El envejecimiento creciente de la poblaci\u00f3n, la gesti\u00f3n de la polimedicaci\u00f3n, el acompa\u00f1amiento a pacientes cr\u00f3nicos, la atenci\u00f3n a personas fr\u00e1giles y el reto social de la soledad no deseada, y tambi\u00e9n la atenci\u00f3n en el entorno rural. La farmacia est\u00e1 en primera l\u00ednea frente a todos ellos. Y es precisamente lo que <em>Infarma<\/em> quiere reflejar: que ya estamos dando respuestas, que disponemos de experiencias y modelos que funcionan, y que necesitamos consolidar este papel con herramientas de gesti\u00f3n, innovaci\u00f3n y trabajo en red. El beneficio para el congresista es evidente: volver\u00e1 a su farmacia con soluciones pr\u00e1cticas y aplicables para reforzar su impacto sanitario y social.<\/p>\n\n\n\n<div style=\"height:30px\" aria-hidden=\"true\" class=\"wp-block-spacer\"><\/div>\n\n\n\n<h4 class=\"wp-block-heading\" id=\"ember1176\">Eres farmac\u00e9utico de formaci\u00f3n, con trayectoria tanto en oficina de farmacia como en industria. \u00bfC\u00f3mo influye ese recorrido en tu enfoque a la hora de construir el programa?<\/h4>\n\n\n\n<p id=\"ember1177\">Mi experiencia en la farmacia comunitaria me ha ense\u00f1ado a ver de muy cerca la realidad de los pacientes: personas mayores que necesitan seguimiento, cr\u00f3nicos que requieren adherencia, familias que conf\u00edan en su farmac\u00e9utico como primer recurso sanitario&#8230; La farmacia es casi una radiograf\u00eda social. La industria, por su parte, me dio la perspectiva de la innovaci\u00f3n y la investigaci\u00f3n. A veces parecen dos mundos separados, pero en realidad se complementan y no se puede entender el uno sin el otro, pues todas las profesiones sanitarias y la farmac\u00e9utica no es una excepci\u00f3n, est\u00e1n ligadas a la innovaci\u00f3n y a la investigaci\u00f3n cient\u00edfica. En <em>Infarma 2026<\/em> queremos reforzar a\u00fan m\u00e1s esos puentes para que esa innovaci\u00f3n se traduzca en soluciones que los farmac\u00e9uticos puedan aplicar directamente en la atenci\u00f3n a sus pacientes, especialmente a los m\u00e1s vulnerables. La innovaci\u00f3n y la investigaci\u00f3n realmente cobran sentido cuando su aplicaci\u00f3n sirve de beneficio para las personas.<\/p>\n\n\n\n<div style=\"height:30px\" aria-hidden=\"true\" class=\"wp-block-spacer\"><\/div>\n\n\n\n<h4 class=\"wp-block-heading\" id=\"ember1178\">\u00bfQu\u00e9 aporta un Congreso como Infarma al posicionamiento del farmac\u00e9utico como profesional de salud?<\/h4>\n\n\n\n<p id=\"ember1179\">Aporta conocimiento, modernidad, visibilidad, prestigio, capacidad de adaptaci\u00f3n y cohesi\u00f3n. Durante mucho tiempo la farmacia ha estado encasillada en una visi\u00f3n demasiado reducida, pero la realidad diaria demuestra que somos un eslab\u00f3n de enorme valor: un recurso sanitario de proximidad, accesible, confiable y resolutivo. <em>Infarma<\/em> sirve para amplificar esa evidencia con proyectos, experiencias y datos que muestran c\u00f3mo contribuimos de forma efectiva a aliviar la carga del sistema sanitario. Cada asistente se marcha con orgullo de pertenencia y con argumentos s\u00f3lidos para trasladar el valor de su farmacia a pacientes, a la Administraci\u00f3n y al conjunto de la sociedad.<\/p>\n\n\n\n<div style=\"height:30px\" aria-hidden=\"true\" class=\"wp-block-spacer\"><\/div>\n\n\n\n<h4 class=\"wp-block-heading\" id=\"ember1180\">\u00bfQu\u00e9 papel juega la formaci\u00f3n continua y la actualizaci\u00f3n del conocimiento en un sector que avanza tan r\u00e1pidamente?<\/h4>\n\n\n\n<p id=\"ember1181\">Fundamental. No se puede entender esta profesi\u00f3n sin la formaci\u00f3n continuada. El ritmo de cambio es tan alto que lo que era v\u00e1lido hace poco tiempo puede quedar obsoleto. Hablamos de nuevos modelos de atenci\u00f3n, de terapias innovadoras, de digitalizaci\u00f3n y de c\u00f3mo afrontar mejor algunos problemas de gran calado como la adherencia terap\u00e9utica o la prevenci\u00f3n de la fragilidad. <em>Infarma<\/em> condensa en tres d\u00edas la mejor actualizaci\u00f3n posible: expertos de primer nivel, experiencias contrastadas y la oportunidad de anticiparse a lo que vendr\u00e1. Adem\u00e1s, Infarma a\u00fana ciencia, gesti\u00f3n y profesi\u00f3n. Para cualquier farmac\u00e9utico, asistir es asegurarse de estar preparado para el presente y el futuro inmediato.<\/p>\n\n\n\n<div style=\"height:30px\" aria-hidden=\"true\" class=\"wp-block-spacer\"><\/div>\n\n\n\n<h4 class=\"wp-block-heading\" id=\"ember1182\">\u00bfQu\u00e9 te gustar\u00eda que se llevase a casa un farmac\u00e9utico tras asistir a Infarma?<\/h4>\n\n\n\n<p id=\"ember1183\">No quiero que se marchen con conceptos abstractos, sino con certezas. Con herramientas concretas para mejorar la gesti\u00f3n, reforzar servicios y cuidar mejor a sus pacientes. Muchas veces de los congresos se sale con ideas inspiradoras, pero dif\u00edciles de aplicar. <em>Infarma<\/em> apuesta por lo contrario: sesiones pr\u00e1cticas, experiencias reales y soluciones testadas. El farmac\u00e9utico debe volver convencido de que su labor es imprescindible y con recursos inmediatos para optimizar su d\u00eda a d\u00eda. Haremos lo posible para que todos los asistentes sientan que su presencia ha merecido la pena.<\/p>\n\n\n\n<div style=\"height:30px\" aria-hidden=\"true\" class=\"wp-block-spacer\"><\/div>\n\n\n\n<h4 class=\"wp-block-heading\" id=\"ember1184\">En una sola frase, \u00bfc\u00f3mo definir\u00edas lo que esperas que sea Infarma Madrid 2026?<\/h4>\n\n\n\n<p id=\"ember1185\"><em>Infarma 2026<\/em> ser\u00e1 el lugar donde los farmac\u00e9uticos de toda Espa\u00f1a encontrar\u00e1n evidencias, inspiraci\u00f3n y soluciones pr\u00e1cticas que refuercen el valor de lo que ya son: una respuesta real y eficaz a los grandes retos de la sanidad, porque la salud de todos empieza en cada farmacia.<\/p>\n","protected":false},"excerpt":{"rendered":"<p>Hoy hablamos con Jose Manuel Becerra Villamor licenciado en Farmacia por la Universidad Complutense de Madrid y vocal de Titulares de Oficina de Farmacia del Colegio Oficial de Farmac\u00e9uticos de Madrid. Farmac\u00e9utico comunitario, con experiencia tambi\u00e9n en industria, Becerra fue el director del Congreso Infarma Madrid 2024. Desde su visi\u00f3n profesional y colegial, comparte los [&hellip;]<\/p>\n","protected":false},"author":2,"featured_media":20409,"comment_status":"closed","ping_status":"open","sticky":false,"template":"","format":"standard","meta":{"footnotes":""},"categories":[141],"tags":[],"class_list":["post-20408","post","type-post","status-publish","format-standard","has-post-thumbnail","hentry","category-noticias-del-salon"],"yoast_head":"<!-- This site is optimized with the Yoast SEO plugin v27.4 - https:\/\/yoast.com\/product\/yoast-seo-wordpress\/ -->\n<title>Entrevista con Jos\u00e9 Manuel Becerra - Infarma<\/title>\n<meta name=\"description\" content=\"\u201cInfarma aporta conocimiento, modernidad, visibilidad, prestigio, capacidad de adaptaci\u00f3n y cohesi\u00f3n.\" \/>\n<meta name=\"robots\" content=\"index, follow, max-snippet:-1, max-image-preview:large, max-video-preview:-1\" \/>\n<link rel=\"canonical\" href=\"https:\/\/www.infarma.es\/ca\/jose-manuel-becerra-entrevista-infarma2026\/\" \/>\n<meta property=\"og:locale\" content=\"ca_ES\" \/>\n<meta property=\"og:type\" content=\"article\" \/>\n<meta property=\"og:title\" content=\"Entrevista con Jos\u00e9 Manuel Becerra - Infarma\" \/>\n<meta property=\"og:description\" content=\"\u201cInfarma aporta conocimiento, modernidad, visibilidad, prestigio, capacidad de adaptaci\u00f3n y cohesi\u00f3n.\" \/>\n<meta property=\"og:url\" content=\"https:\/\/www.infarma.es\/ca\/jose-manuel-becerra-entrevista-infarma2026\/\" \/>\n<meta property=\"og:site_name\" content=\"Infarma\" \/>\n<meta property=\"article:publisher\" content=\"https:\/\/www.facebook.com\/infarmaoficial\/\" \/>\n<meta property=\"article:published_time\" content=\"2025-09-17T09:00:47+00:00\" \/>\n<meta property=\"article:modified_time\" content=\"2025-09-17T15:09:28+00:00\" \/>\n<meta property=\"og:image\" content=\"https:\/\/www.infarma.es\/wp-content\/uploads\/2025\/09\/inf2026-JoseManualBecerra-blog.webp\" \/>\n\t<meta property=\"og:image:width\" content=\"1600\" \/>\n\t<meta property=\"og:image:height\" content=\"900\" \/>\n\t<meta property=\"og:image:type\" content=\"image\/webp\" \/>\n<meta name=\"author\" content=\"xavier\" \/>\n<meta name=\"twitter:card\" content=\"summary_large_image\" \/>\n<meta name=\"twitter:creator\" content=\"@infarma_es\" \/>\n<meta name=\"twitter:site\" content=\"@infarma_es\" \/>\n<meta name=\"twitter:label1\" content=\"Escrit per\" \/>\n\t<meta name=\"twitter:data1\" content=\"xavier\" \/>\n\t<meta name=\"twitter:label2\" content=\"Temps estimat de lectura\" \/>\n\t<meta name=\"twitter:data2\" content=\"5 minuts\" \/>\n<script type=\"application\/ld+json\" class=\"yoast-schema-graph\">{\"@context\":\"https:\\\/\\\/schema.org\",\"@graph\":[{\"@type\":\"Article\",\"@id\":\"https:\\\/\\\/www.infarma.es\\\/ca\\\/jose-manuel-becerra-entrevista-infarma2026\\\/#article\",\"isPartOf\":{\"@id\":\"https:\\\/\\\/www.infarma.es\\\/ca\\\/jose-manuel-becerra-entrevista-infarma2026\\\/\"},\"author\":{\"name\":\"xavier\",\"@id\":\"https:\\\/\\\/www.infarma.es\\\/ca\\\/#\\\/schema\\\/person\\\/e53486dc47606cc5c89217026a8a01a7\"},\"headline\":\"Entrevista con Jos\u00e9 Manuel Becerra\",\"datePublished\":\"2025-09-17T09:00:47+00:00\",\"dateModified\":\"2025-09-17T15:09:28+00:00\",\"mainEntityOfPage\":{\"@id\":\"https:\\\/\\\/www.infarma.es\\\/ca\\\/jose-manuel-becerra-entrevista-infarma2026\\\/\"},\"wordCount\":1045,\"publisher\":{\"@id\":\"https:\\\/\\\/www.infarma.es\\\/ca\\\/#organization\"},\"image\":{\"@id\":\"https:\\\/\\\/www.infarma.es\\\/ca\\\/jose-manuel-becerra-entrevista-infarma2026\\\/#primaryimage\"},\"thumbnailUrl\":\"https:\\\/\\\/www.infarma.es\\\/wp-content\\\/uploads\\\/2025\\\/09\\\/inf2026-JoseManualBecerra-blog.webp\",\"articleSection\":[\"Noticias del Sal\u00f3n\"],\"inLanguage\":\"ca\"},{\"@type\":\"WebPage\",\"@id\":\"https:\\\/\\\/www.infarma.es\\\/ca\\\/jose-manuel-becerra-entrevista-infarma2026\\\/\",\"url\":\"https:\\\/\\\/www.infarma.es\\\/ca\\\/jose-manuel-becerra-entrevista-infarma2026\\\/\",\"name\":\"Entrevista con Jos\u00e9 Manuel Becerra - Infarma\",\"isPartOf\":{\"@id\":\"https:\\\/\\\/www.infarma.es\\\/ca\\\/#website\"},\"primaryImageOfPage\":{\"@id\":\"https:\\\/\\\/www.infarma.es\\\/ca\\\/jose-manuel-becerra-entrevista-infarma2026\\\/#primaryimage\"},\"image\":{\"@id\":\"https:\\\/\\\/www.infarma.es\\\/ca\\\/jose-manuel-becerra-entrevista-infarma2026\\\/#primaryimage\"},\"thumbnailUrl\":\"https:\\\/\\\/www.infarma.es\\\/wp-content\\\/uploads\\\/2025\\\/09\\\/inf2026-JoseManualBecerra-blog.webp\",\"datePublished\":\"2025-09-17T09:00:47+00:00\",\"dateModified\":\"2025-09-17T15:09:28+00:00\",\"description\":\"\u201cInfarma aporta conocimiento, modernidad, visibilidad, prestigio, capacidad de adaptaci\u00f3n y cohesi\u00f3n.\",\"breadcrumb\":{\"@id\":\"https:\\\/\\\/www.infarma.es\\\/ca\\\/jose-manuel-becerra-entrevista-infarma2026\\\/#breadcrumb\"},\"inLanguage\":\"ca\",\"potentialAction\":[{\"@type\":\"ReadAction\",\"target\":[\"https:\\\/\\\/www.infarma.es\\\/ca\\\/jose-manuel-becerra-entrevista-infarma2026\\\/\"]}]},{\"@type\":\"ImageObject\",\"inLanguage\":\"ca\",\"@id\":\"https:\\\/\\\/www.infarma.es\\\/ca\\\/jose-manuel-becerra-entrevista-infarma2026\\\/#primaryimage\",\"url\":\"https:\\\/\\\/www.infarma.es\\\/wp-content\\\/uploads\\\/2025\\\/09\\\/inf2026-JoseManualBecerra-blog.webp\",\"contentUrl\":\"https:\\\/\\\/www.infarma.es\\\/wp-content\\\/uploads\\\/2025\\\/09\\\/inf2026-JoseManualBecerra-blog.webp\",\"width\":1600,\"height\":900,\"caption\":\"Jos\u00e9 Manuel Becerra, Director del Congreso Infarma Madrid 2026\"},{\"@type\":\"BreadcrumbList\",\"@id\":\"https:\\\/\\\/www.infarma.es\\\/ca\\\/jose-manuel-becerra-entrevista-infarma2026\\\/#breadcrumb\",\"itemListElement\":[{\"@type\":\"ListItem\",\"position\":1,\"name\":\"Portada\",\"item\":\"https:\\\/\\\/www.infarma.es\\\/ca\\\/\"},{\"@type\":\"ListItem\",\"position\":2,\"name\":\"Entrevista con Jos\u00e9 Manuel Becerra\"}]},{\"@type\":\"WebSite\",\"@id\":\"https:\\\/\\\/www.infarma.es\\\/ca\\\/#website\",\"url\":\"https:\\\/\\\/www.infarma.es\\\/ca\\\/\",\"name\":\"Infarma\",\"description\":\"El mayor encuentro de farmacia\",\"publisher\":{\"@id\":\"https:\\\/\\\/www.infarma.es\\\/ca\\\/#organization\"},\"potentialAction\":[{\"@type\":\"SearchAction\",\"target\":{\"@type\":\"EntryPoint\",\"urlTemplate\":\"https:\\\/\\\/www.infarma.es\\\/ca\\\/?s={search_term_string}\"},\"query-input\":{\"@type\":\"PropertyValueSpecification\",\"valueRequired\":true,\"valueName\":\"search_term_string\"}}],\"inLanguage\":\"ca\"},{\"@type\":\"Organization\",\"@id\":\"https:\\\/\\\/www.infarma.es\\\/ca\\\/#organization\",\"name\":\"Infarma\",\"url\":\"https:\\\/\\\/www.infarma.es\\\/ca\\\/\",\"logo\":{\"@type\":\"ImageObject\",\"inLanguage\":\"ca\",\"@id\":\"https:\\\/\\\/www.infarma.es\\\/ca\\\/#\\\/schema\\\/logo\\\/image\\\/\",\"url\":\"https:\\\/\\\/www.infarma.es\\\/wp-content\\\/uploads\\\/2024\\\/10\\\/logo-simple.svg\",\"contentUrl\":\"https:\\\/\\\/www.infarma.es\\\/wp-content\\\/uploads\\\/2024\\\/10\\\/logo-simple.svg\",\"width\":1,\"height\":1,\"caption\":\"Infarma\"},\"image\":{\"@id\":\"https:\\\/\\\/www.infarma.es\\\/ca\\\/#\\\/schema\\\/logo\\\/image\\\/\"},\"sameAs\":[\"https:\\\/\\\/www.facebook.com\\\/infarmaoficial\\\/\",\"https:\\\/\\\/x.com\\\/infarma_es\",\"https:\\\/\\\/www.instagram.com\\\/infarma_oficial\\\/\",\"https:\\\/\\\/www.linkedin.com\\\/showcase\\\/infarma-salon\\\/\",\"https:\\\/\\\/www.youtube.com\\\/@INFARMAOFICIAL\"]},{\"@type\":\"Person\",\"@id\":\"https:\\\/\\\/www.infarma.es\\\/ca\\\/#\\\/schema\\\/person\\\/e53486dc47606cc5c89217026a8a01a7\",\"name\":\"xavier\",\"image\":{\"@type\":\"ImageObject\",\"inLanguage\":\"ca\",\"@id\":\"https:\\\/\\\/secure.gravatar.com\\\/avatar\\\/9014b89254123c1f240ae636cc793b98ce50ec2df162909756be1d23adc503e4?s=96&d=mm&r=g\",\"url\":\"https:\\\/\\\/secure.gravatar.com\\\/avatar\\\/9014b89254123c1f240ae636cc793b98ce50ec2df162909756be1d23adc503e4?s=96&d=mm&r=g\",\"contentUrl\":\"https:\\\/\\\/secure.gravatar.com\\\/avatar\\\/9014b89254123c1f240ae636cc793b98ce50ec2df162909756be1d23adc503e4?s=96&d=mm&r=g\",\"caption\":\"xavier\"},\"url\":\"https:\\\/\\\/www.infarma.es\\\/ca\\\/author\\\/xavier\\\/\"}]}<\/script>\n<!-- \/ Yoast SEO plugin. -->","yoast_head_json":{"title":"Entrevista con Jos\u00e9 Manuel Becerra - Infarma","description":"\u201cInfarma aporta conocimiento, modernidad, visibilidad, prestigio, capacidad de adaptaci\u00f3n y cohesi\u00f3n.","robots":{"index":"index","follow":"follow","max-snippet":"max-snippet:-1","max-image-preview":"max-image-preview:large","max-video-preview":"max-video-preview:-1"},"canonical":"https:\/\/www.infarma.es\/ca\/jose-manuel-becerra-entrevista-infarma2026\/","og_locale":"ca_ES","og_type":"article","og_title":"Entrevista con Jos\u00e9 Manuel Becerra - Infarma","og_description":"\u201cInfarma aporta conocimiento, modernidad, visibilidad, prestigio, capacidad de adaptaci\u00f3n y cohesi\u00f3n.","og_url":"https:\/\/www.infarma.es\/ca\/jose-manuel-becerra-entrevista-infarma2026\/","og_site_name":"Infarma","article_publisher":"https:\/\/www.facebook.com\/infarmaoficial\/","article_published_time":"2025-09-17T09:00:47+00:00","article_modified_time":"2025-09-17T15:09:28+00:00","og_image":[{"width":1600,"height":900,"url":"https:\/\/www.infarma.es\/wp-content\/uploads\/2025\/09\/inf2026-JoseManualBecerra-blog.webp","type":"image\/webp"}],"author":"xavier","twitter_card":"summary_large_image","twitter_creator":"@infarma_es","twitter_site":"@infarma_es","twitter_misc":{"Escrit per":"xavier","Temps estimat de lectura":"5 minuts"},"schema":{"@context":"https:\/\/schema.org","@graph":[{"@type":"Article","@id":"https:\/\/www.infarma.es\/ca\/jose-manuel-becerra-entrevista-infarma2026\/#article","isPartOf":{"@id":"https:\/\/www.infarma.es\/ca\/jose-manuel-becerra-entrevista-infarma2026\/"},"author":{"name":"xavier","@id":"https:\/\/www.infarma.es\/ca\/#\/schema\/person\/e53486dc47606cc5c89217026a8a01a7"},"headline":"Entrevista con Jos\u00e9 Manuel Becerra","datePublished":"2025-09-17T09:00:47+00:00","dateModified":"2025-09-17T15:09:28+00:00","mainEntityOfPage":{"@id":"https:\/\/www.infarma.es\/ca\/jose-manuel-becerra-entrevista-infarma2026\/"},"wordCount":1045,"publisher":{"@id":"https:\/\/www.infarma.es\/ca\/#organization"},"image":{"@id":"https:\/\/www.infarma.es\/ca\/jose-manuel-becerra-entrevista-infarma2026\/#primaryimage"},"thumbnailUrl":"https:\/\/www.infarma.es\/wp-content\/uploads\/2025\/09\/inf2026-JoseManualBecerra-blog.webp","articleSection":["Noticias del Sal\u00f3n"],"inLanguage":"ca"},{"@type":"WebPage","@id":"https:\/\/www.infarma.es\/ca\/jose-manuel-becerra-entrevista-infarma2026\/","url":"https:\/\/www.infarma.es\/ca\/jose-manuel-becerra-entrevista-infarma2026\/","name":"Entrevista con Jos\u00e9 Manuel Becerra - Infarma","isPartOf":{"@id":"https:\/\/www.infarma.es\/ca\/#website"},"primaryImageOfPage":{"@id":"https:\/\/www.infarma.es\/ca\/jose-manuel-becerra-entrevista-infarma2026\/#primaryimage"},"image":{"@id":"https:\/\/www.infarma.es\/ca\/jose-manuel-becerra-entrevista-infarma2026\/#primaryimage"},"thumbnailUrl":"https:\/\/www.infarma.es\/wp-content\/uploads\/2025\/09\/inf2026-JoseManualBecerra-blog.webp","datePublished":"2025-09-17T09:00:47+00:00","dateModified":"2025-09-17T15:09:28+00:00","description":"\u201cInfarma aporta conocimiento, modernidad, visibilidad, prestigio, capacidad de adaptaci\u00f3n y cohesi\u00f3n.","breadcrumb":{"@id":"https:\/\/www.infarma.es\/ca\/jose-manuel-becerra-entrevista-infarma2026\/#breadcrumb"},"inLanguage":"ca","potentialAction":[{"@type":"ReadAction","target":["https:\/\/www.infarma.es\/ca\/jose-manuel-becerra-entrevista-infarma2026\/"]}]},{"@type":"ImageObject","inLanguage":"ca","@id":"https:\/\/www.infarma.es\/ca\/jose-manuel-becerra-entrevista-infarma2026\/#primaryimage","url":"https:\/\/www.infarma.es\/wp-content\/uploads\/2025\/09\/inf2026-JoseManualBecerra-blog.webp","contentUrl":"https:\/\/www.infarma.es\/wp-content\/uploads\/2025\/09\/inf2026-JoseManualBecerra-blog.webp","width":1600,"height":900,"caption":"Jos\u00e9 Manuel Becerra, Director del Congreso Infarma Madrid 2026"},{"@type":"BreadcrumbList","@id":"https:\/\/www.infarma.es\/ca\/jose-manuel-becerra-entrevista-infarma2026\/#breadcrumb","itemListElement":[{"@type":"ListItem","position":1,"name":"Portada","item":"https:\/\/www.infarma.es\/ca\/"},{"@type":"ListItem","position":2,"name":"Entrevista con Jos\u00e9 Manuel Becerra"}]},{"@type":"WebSite","@id":"https:\/\/www.infarma.es\/ca\/#website","url":"https:\/\/www.infarma.es\/ca\/","name":"Infarma","description":"El mayor encuentro de farmacia","publisher":{"@id":"https:\/\/www.infarma.es\/ca\/#organization"},"potentialAction":[{"@type":"SearchAction","target":{"@type":"EntryPoint","urlTemplate":"https:\/\/www.infarma.es\/ca\/?s={search_term_string}"},"query-input":{"@type":"PropertyValueSpecification","valueRequired":true,"valueName":"search_term_string"}}],"inLanguage":"ca"},{"@type":"Organization","@id":"https:\/\/www.infarma.es\/ca\/#organization","name":"Infarma","url":"https:\/\/www.infarma.es\/ca\/","logo":{"@type":"ImageObject","inLanguage":"ca","@id":"https:\/\/www.infarma.es\/ca\/#\/schema\/logo\/image\/","url":"https:\/\/www.infarma.es\/wp-content\/uploads\/2024\/10\/logo-simple.svg","contentUrl":"https:\/\/www.infarma.es\/wp-content\/uploads\/2024\/10\/logo-simple.svg","width":1,"height":1,"caption":"Infarma"},"image":{"@id":"https:\/\/www.infarma.es\/ca\/#\/schema\/logo\/image\/"},"sameAs":["https:\/\/www.facebook.com\/infarmaoficial\/","https:\/\/x.com\/infarma_es","https:\/\/www.instagram.com\/infarma_oficial\/","https:\/\/www.linkedin.com\/showcase\/infarma-salon\/","https:\/\/www.youtube.com\/@INFARMAOFICIAL"]},{"@type":"Person","@id":"https:\/\/www.infarma.es\/ca\/#\/schema\/person\/e53486dc47606cc5c89217026a8a01a7","name":"xavier","image":{"@type":"ImageObject","inLanguage":"ca","@id":"https:\/\/secure.gravatar.com\/avatar\/9014b89254123c1f240ae636cc793b98ce50ec2df162909756be1d23adc503e4?s=96&d=mm&r=g","url":"https:\/\/secure.gravatar.com\/avatar\/9014b89254123c1f240ae636cc793b98ce50ec2df162909756be1d23adc503e4?s=96&d=mm&r=g","contentUrl":"https:\/\/secure.gravatar.com\/avatar\/9014b89254123c1f240ae636cc793b98ce50ec2df162909756be1d23adc503e4?s=96&d=mm&r=g","caption":"xavier"},"url":"https:\/\/www.infarma.es\/ca\/author\/xavier\/"}]}},"_links":{"self":[{"href":"https:\/\/www.infarma.es\/ca\/wp-json\/wp\/v2\/posts\/20408","targetHints":{"allow":["GET"]}}],"collection":[{"href":"https:\/\/www.infarma.es\/ca\/wp-json\/wp\/v2\/posts"}],"about":[{"href":"https:\/\/www.infarma.es\/ca\/wp-json\/wp\/v2\/types\/post"}],"author":[{"embeddable":true,"href":"https:\/\/www.infarma.es\/ca\/wp-json\/wp\/v2\/users\/2"}],"replies":[{"embeddable":true,"href":"https:\/\/www.infarma.es\/ca\/wp-json\/wp\/v2\/comments?post=20408"}],"version-history":[{"count":3,"href":"https:\/\/www.infarma.es\/ca\/wp-json\/wp\/v2\/posts\/20408\/revisions"}],"predecessor-version":[{"id":20414,"href":"https:\/\/www.infarma.es\/ca\/wp-json\/wp\/v2\/posts\/20408\/revisions\/20414"}],"wp:featuredmedia":[{"embeddable":true,"href":"https:\/\/www.infarma.es\/ca\/wp-json\/wp\/v2\/media\/20409"}],"wp:attachment":[{"href":"https:\/\/www.infarma.es\/ca\/wp-json\/wp\/v2\/media?parent=20408"}],"wp:term":[{"taxonomy":"category","embeddable":true,"href":"https:\/\/www.infarma.es\/ca\/wp-json\/wp\/v2\/categories?post=20408"},{"taxonomy":"post_tag","embeddable":true,"href":"https:\/\/www.infarma.es\/ca\/wp-json\/wp\/v2\/tags?post=20408"}],"curies":[{"name":"wp","href":"https:\/\/api.w.org\/{rel}","templated":true}]}}