{"id":20448,"date":"2025-09-25T11:23:16","date_gmt":"2025-09-25T09:23:16","guid":{"rendered":"https:\/\/www.infarma.es\/?p=20448"},"modified":"2025-09-25T11:24:30","modified_gmt":"2025-09-25T09:24:30","slug":"nutralie-brilla-infarma-2025-ya-prepara-infarma-2026","status":"publish","type":"post","link":"https:\/\/www.infarma.es\/ca\/nutralie-brilla-infarma-2025-ya-prepara-infarma-2026\/","title":{"rendered":"Nutralie brilla en Infarma 2025 y ya se prepara para volver con m\u00e1s fuerza en Infarma 2026"},"content":{"rendered":"\n<p>Despu\u00e9s de Infarma 2024, donde <a href=\"https:\/\/www.nutralie.com\/es\" target=\"_blank\" rel=\"noreferrer noopener\">Nutralie<\/a> empezaba a dar a conocer su marca, Infarma 2025 supuso un cambio significativo: los profesionales del sector farmac\u00e9utico ya nos conoc\u00edan, trabajaban con nuestros productos y nos trasladaban su <strong>feedback positivo sobre la eficacia y calidad de nuestras formulaciones<\/strong>. Fue un verdadero reconocimiento al esfuerzo de estos cuatro a\u00f1os de presencia en el evento.<\/p>\n\n\n\n<div style=\"height:30px\" aria-hidden=\"true\" class=\"wp-block-spacer\"><\/div>\n\n\n\n<h4 class=\"wp-block-heading\"><strong>Infarma 2025: consolidando la marca y seis lanzamientos revolucionarios<\/strong><\/h4>\n\n\n\n<p>Durante los tres d\u00edas de Infarma 2025, nuestro stand se convirti\u00f3 en un punto de referencia para farmac\u00e9uticos y profesionales del sector. Adem\u00e1s de conocer nuestras novedades, muchos se acercaron a profundizar en la <strong>calidad y eficacia de nuestras formulaciones<\/strong>, destacando la confianza que ya depositan en Nutralie.<\/p>\n\n\n\n<p>En esta edici\u00f3n, presentamos <strong>seis nuevos lanzamientos<\/strong> que han generado gran inter\u00e9s:<\/p>\n\n\n\n<ul class=\"wp-block-list\">\n<li><a href=\"https:\/\/www.nutralie.com\/es\/liposomal-iron-elements\/\" target=\"_blank\" rel=\"noreferrer noopener\">Liposomal Iron Elements<\/a><\/li>\n\n\n\n<li><a href=\"https:\/\/www.nutralie.com\/es\/tienda\/glucose-complex\/\" target=\"_blank\" rel=\"noreferrer noopener\">Glucose Complex<\/a><\/li>\n\n\n\n<li><a href=\"https:\/\/www.nutralie.com\/es\/tienda\/cardiotense-complex\/\" target=\"_blank\" rel=\"noreferrer noopener\">Cardiotense Complex<\/a><\/li>\n\n\n\n<li><a href=\"https:\/\/www.nutralie.com\/es\/tienda\/q10-complex\/\" target=\"_blank\" rel=\"noreferrer noopener\">Q10 Complex<\/a><\/li>\n\n\n\n<li><a href=\"https:\/\/www.nutralie.com\/es\/tienda\/circulatory-complex\/\" target=\"_blank\" rel=\"noreferrer noopener\">Circulatory Complex<\/a><\/li>\n\n\n\n<li><a href=\"https:\/\/www.nutralie.com\/es\/tienda\/trans-resveratrol-nad-complex\/\" target=\"_blank\" rel=\"noreferrer noopener\">Trans Resveratrol &amp; NAD+ Complex<\/a><\/li>\n<\/ul>\n\n\n\n<div style=\"height:30px\" aria-hidden=\"true\" class=\"wp-block-spacer\"><\/div>\n\n\n\n<p>Gracias a esta acogida, Nutralie ya est\u00e1 presente en <strong>m\u00e1s de 4.000 farmacias en toda Espa\u00f1a<\/strong>, consolid\u00e1ndose como una marca de referencia en suplementaci\u00f3n para el canal farmac\u00e9utico.<\/p>\n\n\n\n<figure class=\"wp-block-image size-full\"><img loading=\"lazy\" decoding=\"async\" width=\"900\" height=\"506\" src=\"https:\/\/www.infarma.es\/wp-content\/uploads\/2025\/09\/inf2026-nutralie-blog2.webp\" alt=\"Stand de Nutralie en Infarma con gente manteniendo conversas en su interior\" class=\"wp-image-20449\" srcset=\"https:\/\/www.infarma.es\/wp-content\/uploads\/2025\/09\/inf2026-nutralie-blog2.webp 900w, https:\/\/www.infarma.es\/wp-content\/uploads\/2025\/09\/inf2026-nutralie-blog2-300x169.webp 300w, https:\/\/www.infarma.es\/wp-content\/uploads\/2025\/09\/inf2026-nutralie-blog2-768x432.webp 768w\" sizes=\"auto, (max-width: 900px) 100vw, 900px\" \/><\/figure>\n\n\n\n<div style=\"height:30px\" aria-hidden=\"true\" class=\"wp-block-spacer\"><\/div>\n\n\n\n<h4 class=\"wp-block-heading\"><strong>Infarma 2026 se acerca: nuevas sorpresas y lanzamientos<\/strong><\/h4>\n\n\n\n<p>Con la mirada puesta en Infarma 2026, en Nutralie ya estamos preparando nuestra quinta participaci\u00f3n en Infarma y pone rumbo a Madrid, en el stand <strong>3D65<\/strong>, prometiendo <strong>volver con m\u00e1s fuerza que nunca<\/strong>. Este a\u00f1o a\u00f1adiremos a nuestra gama uno de los suplementos m\u00e1s esperados: <strong>Creatine Monohydrate Elements<\/strong>, con hasta <strong>6.900 mg de creatina monohidratada por dosis<\/strong>, ideal para quienes buscan potenciar su rendimiento f\u00edsico.<\/p>\n\n\n\n<p>Adem\u00e1s, estamos preparando m\u00e1s <strong>sorpresas y novedades<\/strong> que har\u00e1n de Infarma 2026 un evento a\u00fan m\u00e1s especial para todos nuestros visitantes.<\/p>\n\n\n\n<p>La cuenta atr\u00e1s ya ha comenzado: nos vemos el <strong>24 de marzo de 2026<\/strong> para descubrir juntos todas nuestras novedades.<\/p>\n\n\n\n<p><strong>\u00a1Te esperamos!<\/strong><\/p>\n\n\n\n<p>Web: <a href=\"https:\/\/www.nutralie.com\/es\/\" target=\"_blank\" rel=\"noreferrer noopener\">https:\/\/www.nutralie.com\/es\/<\/a><br>Instagram: @nutralie<br>TikTok: @nutralie<\/p>\n\n\n\n<p><\/p>\n","protected":false},"excerpt":{"rendered":"<p>Despu\u00e9s de Infarma 2024, donde Nutralie empezaba a dar a conocer su marca, Infarma 2025 supuso un cambio significativo: los profesionales del sector farmac\u00e9utico ya nos conoc\u00edan, trabajaban con nuestros productos y nos trasladaban su feedback positivo sobre la eficacia y calidad de nuestras formulaciones. Fue un verdadero reconocimiento al esfuerzo de estos cuatro a\u00f1os [&hellip;]<\/p>\n","protected":false},"author":2,"featured_media":20452,"comment_status":"closed","ping_status":"open","sticky":false,"template":"","format":"standard","meta":{"footnotes":""},"categories":[141],"tags":[],"class_list":["post-20448","post","type-post","status-publish","format-standard","has-post-thumbnail","hentry","category-noticias-del-salon"],"yoast_head":"<!-- This site is optimized with the Yoast SEO plugin v27.4 - https:\/\/yoast.com\/product\/yoast-seo-wordpress\/ -->\n<title>Nutralie se prepara para volver con fuerza en Infarma 2026<\/title>\n<meta name=\"description\" content=\"Nutralie ya est\u00e1 presente en m\u00e1s de 4.000 farmacias en toda Espa\u00f1a, consolid\u00e1ndose como una marca de referencia en suplementaci\u00f3n para el canal farmac\u00e9utico\" \/>\n<meta name=\"robots\" content=\"index, follow, max-snippet:-1, max-image-preview:large, max-video-preview:-1\" \/>\n<link rel=\"canonical\" href=\"https:\/\/www.infarma.es\/ca\/nutralie-brilla-infarma-2025-ya-prepara-infarma-2026\/\" \/>\n<meta property=\"og:locale\" content=\"ca_ES\" \/>\n<meta property=\"og:type\" content=\"article\" \/>\n<meta property=\"og:title\" content=\"Nutralie se prepara para volver con fuerza en Infarma 2026\" \/>\n<meta property=\"og:description\" content=\"Nutralie ya est\u00e1 presente en m\u00e1s de 4.000 farmacias en toda Espa\u00f1a, consolid\u00e1ndose como una marca de referencia en suplementaci\u00f3n para el canal farmac\u00e9utico\" \/>\n<meta property=\"og:url\" content=\"https:\/\/www.infarma.es\/ca\/nutralie-brilla-infarma-2025-ya-prepara-infarma-2026\/\" \/>\n<meta property=\"og:site_name\" content=\"Infarma\" \/>\n<meta property=\"article:publisher\" content=\"https:\/\/www.facebook.com\/infarmaoficial\/\" \/>\n<meta property=\"article:published_time\" content=\"2025-09-25T09:23:16+00:00\" \/>\n<meta property=\"article:modified_time\" content=\"2025-09-25T09:24:30+00:00\" \/>\n<meta property=\"og:image\" content=\"https:\/\/www.infarma.es\/wp-content\/uploads\/2025\/09\/inf2026-nutralie-blog-scaled.webp\" \/>\n\t<meta property=\"og:image:width\" content=\"2560\" \/>\n\t<meta property=\"og:image:height\" content=\"1440\" \/>\n\t<meta property=\"og:image:type\" content=\"image\/webp\" \/>\n<meta name=\"author\" content=\"xavier\" \/>\n<meta name=\"twitter:card\" content=\"summary_large_image\" \/>\n<meta name=\"twitter:creator\" content=\"@infarma_es\" \/>\n<meta name=\"twitter:site\" content=\"@infarma_es\" \/>\n<meta name=\"twitter:label1\" content=\"Escrit per\" \/>\n\t<meta name=\"twitter:data1\" content=\"xavier\" \/>\n\t<meta name=\"twitter:label2\" content=\"Temps estimat de lectura\" \/>\n\t<meta name=\"twitter:data2\" content=\"2 minuts\" \/>\n<script type=\"application\/ld+json\" class=\"yoast-schema-graph\">{\"@context\":\"https:\\\/\\\/schema.org\",\"@graph\":[{\"@type\":\"Article\",\"@id\":\"https:\\\/\\\/www.infarma.es\\\/ca\\\/nutralie-brilla-infarma-2025-ya-prepara-infarma-2026\\\/#article\",\"isPartOf\":{\"@id\":\"https:\\\/\\\/www.infarma.es\\\/ca\\\/nutralie-brilla-infarma-2025-ya-prepara-infarma-2026\\\/\"},\"author\":{\"name\":\"xavier\",\"@id\":\"https:\\\/\\\/www.infarma.es\\\/ca\\\/#\\\/schema\\\/person\\\/e53486dc47606cc5c89217026a8a01a7\"},\"headline\":\"Nutralie brilla en Infarma 2025 y ya se prepara para volver con m\u00e1s fuerza en Infarma 2026\",\"datePublished\":\"2025-09-25T09:23:16+00:00\",\"dateModified\":\"2025-09-25T09:24:30+00:00\",\"mainEntityOfPage\":{\"@id\":\"https:\\\/\\\/www.infarma.es\\\/ca\\\/nutralie-brilla-infarma-2025-ya-prepara-infarma-2026\\\/\"},\"wordCount\":329,\"publisher\":{\"@id\":\"https:\\\/\\\/www.infarma.es\\\/ca\\\/#organization\"},\"image\":{\"@id\":\"https:\\\/\\\/www.infarma.es\\\/ca\\\/nutralie-brilla-infarma-2025-ya-prepara-infarma-2026\\\/#primaryimage\"},\"thumbnailUrl\":\"https:\\\/\\\/www.infarma.es\\\/wp-content\\\/uploads\\\/2025\\\/09\\\/inf2026-nutralie-blog-scaled.webp\",\"articleSection\":[\"Noticias del Sal\u00f3n\"],\"inLanguage\":\"ca\"},{\"@type\":\"WebPage\",\"@id\":\"https:\\\/\\\/www.infarma.es\\\/ca\\\/nutralie-brilla-infarma-2025-ya-prepara-infarma-2026\\\/\",\"url\":\"https:\\\/\\\/www.infarma.es\\\/ca\\\/nutralie-brilla-infarma-2025-ya-prepara-infarma-2026\\\/\",\"name\":\"Nutralie se prepara para volver con fuerza en Infarma 2026\",\"isPartOf\":{\"@id\":\"https:\\\/\\\/www.infarma.es\\\/ca\\\/#website\"},\"primaryImageOfPage\":{\"@id\":\"https:\\\/\\\/www.infarma.es\\\/ca\\\/nutralie-brilla-infarma-2025-ya-prepara-infarma-2026\\\/#primaryimage\"},\"image\":{\"@id\":\"https:\\\/\\\/www.infarma.es\\\/ca\\\/nutralie-brilla-infarma-2025-ya-prepara-infarma-2026\\\/#primaryimage\"},\"thumbnailUrl\":\"https:\\\/\\\/www.infarma.es\\\/wp-content\\\/uploads\\\/2025\\\/09\\\/inf2026-nutralie-blog-scaled.webp\",\"datePublished\":\"2025-09-25T09:23:16+00:00\",\"dateModified\":\"2025-09-25T09:24:30+00:00\",\"description\":\"Nutralie ya est\u00e1 presente en m\u00e1s de 4.000 farmacias en toda Espa\u00f1a, consolid\u00e1ndose como una marca de referencia en suplementaci\u00f3n para el canal farmac\u00e9utico\",\"breadcrumb\":{\"@id\":\"https:\\\/\\\/www.infarma.es\\\/ca\\\/nutralie-brilla-infarma-2025-ya-prepara-infarma-2026\\\/#breadcrumb\"},\"inLanguage\":\"ca\",\"potentialAction\":[{\"@type\":\"ReadAction\",\"target\":[\"https:\\\/\\\/www.infarma.es\\\/ca\\\/nutralie-brilla-infarma-2025-ya-prepara-infarma-2026\\\/\"]}]},{\"@type\":\"ImageObject\",\"inLanguage\":\"ca\",\"@id\":\"https:\\\/\\\/www.infarma.es\\\/ca\\\/nutralie-brilla-infarma-2025-ya-prepara-infarma-2026\\\/#primaryimage\",\"url\":\"https:\\\/\\\/www.infarma.es\\\/wp-content\\\/uploads\\\/2025\\\/09\\\/inf2026-nutralie-blog-scaled.webp\",\"contentUrl\":\"https:\\\/\\\/www.infarma.es\\\/wp-content\\\/uploads\\\/2025\\\/09\\\/inf2026-nutralie-blog-scaled.webp\",\"width\":2560,\"height\":1440,\"caption\":\"Nutralie | Lo natural es sentire bien | imagen con 3 envases de producto\"},{\"@type\":\"BreadcrumbList\",\"@id\":\"https:\\\/\\\/www.infarma.es\\\/ca\\\/nutralie-brilla-infarma-2025-ya-prepara-infarma-2026\\\/#breadcrumb\",\"itemListElement\":[{\"@type\":\"ListItem\",\"position\":1,\"name\":\"Portada\",\"item\":\"https:\\\/\\\/www.infarma.es\\\/ca\\\/\"},{\"@type\":\"ListItem\",\"position\":2,\"name\":\"Nutralie brilla en Infarma 2025 y ya se prepara para volver con m\u00e1s fuerza en Infarma 2026\"}]},{\"@type\":\"WebSite\",\"@id\":\"https:\\\/\\\/www.infarma.es\\\/ca\\\/#website\",\"url\":\"https:\\\/\\\/www.infarma.es\\\/ca\\\/\",\"name\":\"Infarma\",\"description\":\"El mayor encuentro de farmacia\",\"publisher\":{\"@id\":\"https:\\\/\\\/www.infarma.es\\\/ca\\\/#organization\"},\"potentialAction\":[{\"@type\":\"SearchAction\",\"target\":{\"@type\":\"EntryPoint\",\"urlTemplate\":\"https:\\\/\\\/www.infarma.es\\\/ca\\\/?s={search_term_string}\"},\"query-input\":{\"@type\":\"PropertyValueSpecification\",\"valueRequired\":true,\"valueName\":\"search_term_string\"}}],\"inLanguage\":\"ca\"},{\"@type\":\"Organization\",\"@id\":\"https:\\\/\\\/www.infarma.es\\\/ca\\\/#organization\",\"name\":\"Infarma\",\"url\":\"https:\\\/\\\/www.infarma.es\\\/ca\\\/\",\"logo\":{\"@type\":\"ImageObject\",\"inLanguage\":\"ca\",\"@id\":\"https:\\\/\\\/www.infarma.es\\\/ca\\\/#\\\/schema\\\/logo\\\/image\\\/\",\"url\":\"https:\\\/\\\/www.infarma.es\\\/wp-content\\\/uploads\\\/2024\\\/10\\\/logo-simple.svg\",\"contentUrl\":\"https:\\\/\\\/www.infarma.es\\\/wp-content\\\/uploads\\\/2024\\\/10\\\/logo-simple.svg\",\"width\":1,\"height\":1,\"caption\":\"Infarma\"},\"image\":{\"@id\":\"https:\\\/\\\/www.infarma.es\\\/ca\\\/#\\\/schema\\\/logo\\\/image\\\/\"},\"sameAs\":[\"https:\\\/\\\/www.facebook.com\\\/infarmaoficial\\\/\",\"https:\\\/\\\/x.com\\\/infarma_es\",\"https:\\\/\\\/www.instagram.com\\\/infarma_oficial\\\/\",\"https:\\\/\\\/www.linkedin.com\\\/showcase\\\/infarma-salon\\\/\",\"https:\\\/\\\/www.youtube.com\\\/@INFARMAOFICIAL\"]},{\"@type\":\"Person\",\"@id\":\"https:\\\/\\\/www.infarma.es\\\/ca\\\/#\\\/schema\\\/person\\\/e53486dc47606cc5c89217026a8a01a7\",\"name\":\"xavier\",\"image\":{\"@type\":\"ImageObject\",\"inLanguage\":\"ca\",\"@id\":\"https:\\\/\\\/secure.gravatar.com\\\/avatar\\\/9014b89254123c1f240ae636cc793b98ce50ec2df162909756be1d23adc503e4?s=96&d=mm&r=g\",\"url\":\"https:\\\/\\\/secure.gravatar.com\\\/avatar\\\/9014b89254123c1f240ae636cc793b98ce50ec2df162909756be1d23adc503e4?s=96&d=mm&r=g\",\"contentUrl\":\"https:\\\/\\\/secure.gravatar.com\\\/avatar\\\/9014b89254123c1f240ae636cc793b98ce50ec2df162909756be1d23adc503e4?s=96&d=mm&r=g\",\"caption\":\"xavier\"},\"url\":\"https:\\\/\\\/www.infarma.es\\\/ca\\\/author\\\/xavier\\\/\"}]}<\/script>\n<!-- \/ Yoast SEO plugin. -->","yoast_head_json":{"title":"Nutralie se prepara para volver con fuerza en Infarma 2026","description":"Nutralie ya est\u00e1 presente en m\u00e1s de 4.000 farmacias en toda Espa\u00f1a, consolid\u00e1ndose como una marca de referencia en suplementaci\u00f3n para el canal farmac\u00e9utico","robots":{"index":"index","follow":"follow","max-snippet":"max-snippet:-1","max-image-preview":"max-image-preview:large","max-video-preview":"max-video-preview:-1"},"canonical":"https:\/\/www.infarma.es\/ca\/nutralie-brilla-infarma-2025-ya-prepara-infarma-2026\/","og_locale":"ca_ES","og_type":"article","og_title":"Nutralie se prepara para volver con fuerza en Infarma 2026","og_description":"Nutralie ya est\u00e1 presente en m\u00e1s de 4.000 farmacias en toda Espa\u00f1a, consolid\u00e1ndose como una marca de referencia en suplementaci\u00f3n para el canal farmac\u00e9utico","og_url":"https:\/\/www.infarma.es\/ca\/nutralie-brilla-infarma-2025-ya-prepara-infarma-2026\/","og_site_name":"Infarma","article_publisher":"https:\/\/www.facebook.com\/infarmaoficial\/","article_published_time":"2025-09-25T09:23:16+00:00","article_modified_time":"2025-09-25T09:24:30+00:00","og_image":[{"width":2560,"height":1440,"url":"https:\/\/www.infarma.es\/wp-content\/uploads\/2025\/09\/inf2026-nutralie-blog-scaled.webp","type":"image\/webp"}],"author":"xavier","twitter_card":"summary_large_image","twitter_creator":"@infarma_es","twitter_site":"@infarma_es","twitter_misc":{"Escrit per":"xavier","Temps estimat de lectura":"2 minuts"},"schema":{"@context":"https:\/\/schema.org","@graph":[{"@type":"Article","@id":"https:\/\/www.infarma.es\/ca\/nutralie-brilla-infarma-2025-ya-prepara-infarma-2026\/#article","isPartOf":{"@id":"https:\/\/www.infarma.es\/ca\/nutralie-brilla-infarma-2025-ya-prepara-infarma-2026\/"},"author":{"name":"xavier","@id":"https:\/\/www.infarma.es\/ca\/#\/schema\/person\/e53486dc47606cc5c89217026a8a01a7"},"headline":"Nutralie brilla en Infarma 2025 y ya se prepara para volver con m\u00e1s fuerza en Infarma 2026","datePublished":"2025-09-25T09:23:16+00:00","dateModified":"2025-09-25T09:24:30+00:00","mainEntityOfPage":{"@id":"https:\/\/www.infarma.es\/ca\/nutralie-brilla-infarma-2025-ya-prepara-infarma-2026\/"},"wordCount":329,"publisher":{"@id":"https:\/\/www.infarma.es\/ca\/#organization"},"image":{"@id":"https:\/\/www.infarma.es\/ca\/nutralie-brilla-infarma-2025-ya-prepara-infarma-2026\/#primaryimage"},"thumbnailUrl":"https:\/\/www.infarma.es\/wp-content\/uploads\/2025\/09\/inf2026-nutralie-blog-scaled.webp","articleSection":["Noticias del Sal\u00f3n"],"inLanguage":"ca"},{"@type":"WebPage","@id":"https:\/\/www.infarma.es\/ca\/nutralie-brilla-infarma-2025-ya-prepara-infarma-2026\/","url":"https:\/\/www.infarma.es\/ca\/nutralie-brilla-infarma-2025-ya-prepara-infarma-2026\/","name":"Nutralie se prepara para volver con fuerza en Infarma 2026","isPartOf":{"@id":"https:\/\/www.infarma.es\/ca\/#website"},"primaryImageOfPage":{"@id":"https:\/\/www.infarma.es\/ca\/nutralie-brilla-infarma-2025-ya-prepara-infarma-2026\/#primaryimage"},"image":{"@id":"https:\/\/www.infarma.es\/ca\/nutralie-brilla-infarma-2025-ya-prepara-infarma-2026\/#primaryimage"},"thumbnailUrl":"https:\/\/www.infarma.es\/wp-content\/uploads\/2025\/09\/inf2026-nutralie-blog-scaled.webp","datePublished":"2025-09-25T09:23:16+00:00","dateModified":"2025-09-25T09:24:30+00:00","description":"Nutralie ya est\u00e1 presente en m\u00e1s de 4.000 farmacias en toda Espa\u00f1a, consolid\u00e1ndose como una marca de referencia en suplementaci\u00f3n para el canal farmac\u00e9utico","breadcrumb":{"@id":"https:\/\/www.infarma.es\/ca\/nutralie-brilla-infarma-2025-ya-prepara-infarma-2026\/#breadcrumb"},"inLanguage":"ca","potentialAction":[{"@type":"ReadAction","target":["https:\/\/www.infarma.es\/ca\/nutralie-brilla-infarma-2025-ya-prepara-infarma-2026\/"]}]},{"@type":"ImageObject","inLanguage":"ca","@id":"https:\/\/www.infarma.es\/ca\/nutralie-brilla-infarma-2025-ya-prepara-infarma-2026\/#primaryimage","url":"https:\/\/www.infarma.es\/wp-content\/uploads\/2025\/09\/inf2026-nutralie-blog-scaled.webp","contentUrl":"https:\/\/www.infarma.es\/wp-content\/uploads\/2025\/09\/inf2026-nutralie-blog-scaled.webp","width":2560,"height":1440,"caption":"Nutralie | Lo natural es sentire bien | imagen con 3 envases de producto"},{"@type":"BreadcrumbList","@id":"https:\/\/www.infarma.es\/ca\/nutralie-brilla-infarma-2025-ya-prepara-infarma-2026\/#breadcrumb","itemListElement":[{"@type":"ListItem","position":1,"name":"Portada","item":"https:\/\/www.infarma.es\/ca\/"},{"@type":"ListItem","position":2,"name":"Nutralie brilla en Infarma 2025 y ya se prepara para volver con m\u00e1s fuerza en Infarma 2026"}]},{"@type":"WebSite","@id":"https:\/\/www.infarma.es\/ca\/#website","url":"https:\/\/www.infarma.es\/ca\/","name":"Infarma","description":"El mayor encuentro de farmacia","publisher":{"@id":"https:\/\/www.infarma.es\/ca\/#organization"},"potentialAction":[{"@type":"SearchAction","target":{"@type":"EntryPoint","urlTemplate":"https:\/\/www.infarma.es\/ca\/?s={search_term_string}"},"query-input":{"@type":"PropertyValueSpecification","valueRequired":true,"valueName":"search_term_string"}}],"inLanguage":"ca"},{"@type":"Organization","@id":"https:\/\/www.infarma.es\/ca\/#organization","name":"Infarma","url":"https:\/\/www.infarma.es\/ca\/","logo":{"@type":"ImageObject","inLanguage":"ca","@id":"https:\/\/www.infarma.es\/ca\/#\/schema\/logo\/image\/","url":"https:\/\/www.infarma.es\/wp-content\/uploads\/2024\/10\/logo-simple.svg","contentUrl":"https:\/\/www.infarma.es\/wp-content\/uploads\/2024\/10\/logo-simple.svg","width":1,"height":1,"caption":"Infarma"},"image":{"@id":"https:\/\/www.infarma.es\/ca\/#\/schema\/logo\/image\/"},"sameAs":["https:\/\/www.facebook.com\/infarmaoficial\/","https:\/\/x.com\/infarma_es","https:\/\/www.instagram.com\/infarma_oficial\/","https:\/\/www.linkedin.com\/showcase\/infarma-salon\/","https:\/\/www.youtube.com\/@INFARMAOFICIAL"]},{"@type":"Person","@id":"https:\/\/www.infarma.es\/ca\/#\/schema\/person\/e53486dc47606cc5c89217026a8a01a7","name":"xavier","image":{"@type":"ImageObject","inLanguage":"ca","@id":"https:\/\/secure.gravatar.com\/avatar\/9014b89254123c1f240ae636cc793b98ce50ec2df162909756be1d23adc503e4?s=96&d=mm&r=g","url":"https:\/\/secure.gravatar.com\/avatar\/9014b89254123c1f240ae636cc793b98ce50ec2df162909756be1d23adc503e4?s=96&d=mm&r=g","contentUrl":"https:\/\/secure.gravatar.com\/avatar\/9014b89254123c1f240ae636cc793b98ce50ec2df162909756be1d23adc503e4?s=96&d=mm&r=g","caption":"xavier"},"url":"https:\/\/www.infarma.es\/ca\/author\/xavier\/"}]}},"_links":{"self":[{"href":"https:\/\/www.infarma.es\/ca\/wp-json\/wp\/v2\/posts\/20448","targetHints":{"allow":["GET"]}}],"collection":[{"href":"https:\/\/www.infarma.es\/ca\/wp-json\/wp\/v2\/posts"}],"about":[{"href":"https:\/\/www.infarma.es\/ca\/wp-json\/wp\/v2\/types\/post"}],"author":[{"embeddable":true,"href":"https:\/\/www.infarma.es\/ca\/wp-json\/wp\/v2\/users\/2"}],"replies":[{"embeddable":true,"href":"https:\/\/www.infarma.es\/ca\/wp-json\/wp\/v2\/comments?post=20448"}],"version-history":[{"count":3,"href":"https:\/\/www.infarma.es\/ca\/wp-json\/wp\/v2\/posts\/20448\/revisions"}],"predecessor-version":[{"id":20457,"href":"https:\/\/www.infarma.es\/ca\/wp-json\/wp\/v2\/posts\/20448\/revisions\/20457"}],"wp:featuredmedia":[{"embeddable":true,"href":"https:\/\/www.infarma.es\/ca\/wp-json\/wp\/v2\/media\/20452"}],"wp:attachment":[{"href":"https:\/\/www.infarma.es\/ca\/wp-json\/wp\/v2\/media?parent=20448"}],"wp:term":[{"taxonomy":"category","embeddable":true,"href":"https:\/\/www.infarma.es\/ca\/wp-json\/wp\/v2\/categories?post=20448"},{"taxonomy":"post_tag","embeddable":true,"href":"https:\/\/www.infarma.es\/ca\/wp-json\/wp\/v2\/tags?post=20448"}],"curies":[{"name":"wp","href":"https:\/\/api.w.org\/{rel}","templated":true}]}}