{"id":21815,"date":"2026-01-14T18:19:25","date_gmt":"2026-01-14T17:19:25","guid":{"rendered":"https:\/\/www.infarma.es\/?p=21815"},"modified":"2026-01-14T18:19:25","modified_gmt":"2026-01-14T17:19:25","slug":"ivb-wellnewss-lab-fibertotal-alimenta-microbiota-cuida-intestino","status":"publish","type":"post","link":"https:\/\/www.infarma.es\/ca\/ivb-wellnewss-lab-fibertotal-alimenta-microbiota-cuida-intestino\/","title":{"rendered":"Alimenta la microbiota y cuida el intestino con FiberTotal"},"content":{"rendered":"\n<p><strong><a href=\"https:\/\/ivbwellness.com\/\" target=\"_blank\" rel=\"noreferrer noopener\">IVB Wellness Lab<\/a> lanza al mercado la primera fibra soluble con triple sinergia prebi\u00f3tica y respaldo cient\u00edfico<\/strong><\/p>\n\n\n\n<p>Aunque el papel de la fibra diet\u00e9tica se ha asociado tradicionalmente con la regularidad intestinal, su influencia es mucho m\u00e1s profunda, impactando la microbiota, el metabolismo, la inflamaci\u00f3n y la salud cardiovascular.<\/p>\n\n\n\n<p>No obstante, las estad\u00edsticas son claras: <strong>el 90% de la poblaci\u00f3n no alcanza la ingesta m\u00ednima de fibra recomendada<\/strong>. Diariamente, el consumo m\u00ednimo recomendado se sit\u00faa entre <strong>25-30 gramos<\/strong> (siendo el rango ideal 35\u201340g).<\/p>\n\n\n\n<p>La fibra constituye uno de los pilares esenciales de la salud metab\u00f3lica y digestiva, es el primer paso para nutrir las bacterias beneficiosas que residen en nuestro intestino. Un adecuado consumo de fibra se ha asociado con una mayor esperanza de vida y una reducci\u00f3n significativa del riesgo de muerte por todas las causas (10% menos), enfermedades cardiovasculares (13% menos) y c\u00e1ncer (9% menos), de forma dosis-dependiente.<\/p>\n\n\n\n<div style=\"height:30px\" aria-hidden=\"true\" class=\"wp-block-spacer\"><\/div>\n\n\n\n<h4 class=\"wp-block-heading\"><strong>FiberTotal: La fibra cl\u00ednica que prioriza la tolerancia digestiva<\/strong><\/h4>\n\n\n\n<p><strong><a href=\"https:\/\/ivbwellness.com\/products\/fiber-total\" target=\"_blank\" rel=\"noreferrer noopener\">FiberTotal<\/a> es una fibra prebi\u00f3tica cl\u00ednicamente desarrollada para mejorar la salud intestinal y metab\u00f3lica sin causar molestias digestivas<\/strong>. Su distinci\u00f3n fundamental radica en su formulaci\u00f3n, que combina diferentes tipos de <strong>fibra soluble fermentable prebi\u00f3tica de bajo contenido en FODMAP<\/strong> (Oligosac\u00e1ridos, Disac\u00e1ridos, Monosac\u00e1ridos y Polioles).<\/p>\n\n\n\n<div class=\"wp-block-columns is-layout-flex wp-container-core-columns-is-layout-9d6595d7 wp-block-columns-is-layout-flex\">\n<div class=\"wp-block-column is-layout-flow wp-block-column-is-layout-flow\">\n<p>Esta caracter\u00edstica es crucial, especialmente para pacientes con digestiones sensibles o trastornos funcionales como el <strong>S\u00edndrome de Intestino Irritable (SII), SIBO, dispepsia o celiaqu\u00eda<\/strong>. Estas personas a menudo no pueden alcanzar la ingesta m\u00ednima diaria recomendada de fibra porque muchos alimentos ricos en ella tambi\u00e9n son altos en FODMAPs, provocando gases, hinchaz\u00f3n o malestar. FiberTotal permite alcanzar la dosis diaria de fibra recomendada sin comprometer la tolerancia digestiva.<\/p>\n<\/div>\n\n\n\n<div class=\"wp-block-column is-vertically-aligned-top is-layout-flow wp-block-column-is-layout-flow\">\n<figure class=\"wp-block-image size-full\"><img loading=\"lazy\" decoding=\"async\" width=\"500\" height=\"343\" src=\"https:\/\/www.infarma.es\/wp-content\/uploads\/2026\/01\/inf2026-IVB-fibra-extra1-blog.webp\" alt=\"IVB Wellness - Imagen de 1 pote de FiberTotal sostenido por una mano.\" class=\"wp-image-21799\" srcset=\"https:\/\/www.infarma.es\/wp-content\/uploads\/2026\/01\/inf2026-IVB-fibra-extra1-blog.webp 500w, https:\/\/www.infarma.es\/wp-content\/uploads\/2026\/01\/inf2026-IVB-fibra-extra1-blog-300x206.webp 300w\" sizes=\"auto, (max-width: 500px) 100vw, 500px\" \/><\/figure>\n<\/div>\n<\/div>\n\n\n\n<p>Una raci\u00f3n diaria (6 g de fibra prebi\u00f3tica soluble en sabor neutro o 5,1 g en sabor cacao) ofrece una <strong>triple sinergia prebi\u00f3tica con respaldo cient\u00edfico<\/strong>:<\/p>\n\n\n\n<p>1. <strong>Sunfiber\u00ae (Fibra guar parcialmente hidrolizada &#8211; PHGG)<\/strong><\/p>\n\n\n\n<p>Esta patente es una de las fibras diet\u00e9ticas m\u00e1s investigadas. Se selecciona por su <strong>fermentaci\u00f3n lenta<\/strong>, que mejora la regularidad intestinal sin causar hinchaz\u00f3n. Ha sido <strong>certificada Low FODMAP<\/strong> por la Universidad de Monash, haci\u00e9ndola adecuada para pacientes con SII y digestiones sensibles.<\/p>\n\n\n\n<p>La PHGG favorece la saciedad y mejora par\u00e1metros cardiometab\u00f3licos. Se ha demostrado que dosis bajas (2g por toma) son suficientes para inducir una sensaci\u00f3n de <strong>saciedad sostenida<\/strong> y reducir la ingesta cal\u00f3rica posterior.<\/p>\n\n\n\n<p>2. <strong>PreticX\u00ae (Xilooligosac\u00e1ridos \u2013 XOS)<\/strong><\/p>\n\n\n\n<p>Act\u00faa de forma selectiva sobre la microbiota intestinal, estimulando el crecimiento de <strong>bifidobacterias<\/strong> incluso a dosis muy bajas (1g), una dosis menor que la requerida por otras fibras prebi\u00f3ticas comunes.<\/p>\n\n\n\n<p>Los XOS son estables frente a la acidez estomacal y <strong>no fermentan r\u00e1pidamente<\/strong>, lo que minimiza la generaci\u00f3n de gases. Adem\u00e1s, promueve una mejora en la sensibilidad a la insulina y el metabolismo de la glucosa, especialmente en personas con prediabetes.<\/p>\n\n\n\n<p>3. <strong>Inavea\u00ae (Baobab + Acacia)<\/strong><\/p>\n\n\n\n<p>F\u00f3rmula patentada de fibras ecol\u00f3gicas de <strong>fermentaci\u00f3n lenta<\/strong> que cuentan con certificaci\u00f3n FODMAP Friendly, <strong>refuerza la barrera intestinal<\/strong> y modula la respuesta inmunitaria al estimular familias bacterianas clave y reducir la inflamaci\u00f3n cr\u00f3nica de bajo grado.<\/p>\n\n\n\n<p>La fibra de baobab y acacia favorece la producci\u00f3n de \u00c1cidos Grasos de Cadena Corta <strong>(AGCC)<\/strong> como butirato, propionato y acetato, particularmente en el colon distal.<\/p>\n\n\n\n<div style=\"height:30px\" aria-hidden=\"true\" class=\"wp-block-spacer\"><\/div>\n\n\n\n<div class=\"wp-block-columns is-layout-flex wp-container-core-columns-is-layout-9d6595d7 wp-block-columns-is-layout-flex\">\n<div class=\"wp-block-column is-layout-flow wp-block-column-is-layout-flow\">\n<h4 class=\"wp-block-heading\"><strong>Beneficios Cl\u00ednicos: M\u00e1s all\u00e1 de la regularidad<\/strong><\/h4>\n\n\n\n<p>FiberTotal act\u00faa sobre el equilibrio digestivo y metab\u00f3lico global.<\/p>\n<\/div>\n\n\n\n<div class=\"wp-block-column is-layout-flow wp-block-column-is-layout-flow\">\n<figure class=\"wp-block-image size-full\"><img loading=\"lazy\" decoding=\"async\" width=\"500\" height=\"256\" src=\"https:\/\/www.infarma.es\/wp-content\/uploads\/2026\/01\/inf2026-IVB-fibra-extra2-blog.webp\" alt=\"IVB Wellness - Imagen de ingredientes que contiene FiberTotal.\" class=\"wp-image-21805\" srcset=\"https:\/\/www.infarma.es\/wp-content\/uploads\/2026\/01\/inf2026-IVB-fibra-extra2-blog.webp 500w, https:\/\/www.infarma.es\/wp-content\/uploads\/2026\/01\/inf2026-IVB-fibra-extra2-blog-300x154.webp 300w\" sizes=\"auto, (max-width: 500px) 100vw, 500px\" \/><\/figure>\n<\/div>\n<\/div>\n\n\n\n<p><strong>Salud Intestinal y confort diario:<\/strong><\/p>\n\n\n\n<ul class=\"wp-block-list\">\n<li>Refuerza la barrera intestinal y el equilibrio de la microbiota.<\/li>\n\n\n\n<li>Regula el tr\u00e1nsito intestinal tanto en casos de estre\u00f1imiento ocasional (mejorando la frecuencia de las deposiciones) como en situaciones de diarrea (uniendo el exceso de agua y mejorando la consistencia de las heces).<\/li>\n\n\n\n<li>Gracias a su fermentaci\u00f3n lenta y progresiva, evita la producci\u00f3n de gases, hinchaz\u00f3n y calambres que son t\u00edpicos de otras fibras.<\/li>\n<\/ul>\n\n\n\n<p><strong>Salud Metab\u00f3lica y Saciedad:<\/strong><\/p>\n\n\n\n<ul class=\"wp-block-list\">\n<li>Contribuye al control de los picos de glucosa postprandiales al modular la velocidad de absorci\u00f3n de carbohidratos simples.<\/li>\n\n\n\n<li>Favorece el control del apetito y la saciedad, lo que se debe, en parte, a que ralentiza el vaciamiento g\u00e1strico e incrementa la hormona de saciedad CCK (Colecistoquinina).<\/li>\n\n\n\n<li>Contribuye al control del colesterol y los triglic\u00e9ridos.<\/li>\n\n\n\n<li>Los AGCC generados por la fermentaci\u00f3n de estas fibras tienen efectos beneficiosos sist\u00e9micos, incluyendo la reducci\u00f3n de la grasa intrahep\u00e1tica y la modulaci\u00f3n de la insulina. Tambi\u00e9n estimulan los linfocitos T reguladores, induciendo actividad antiinflamatoria.<\/li>\n<\/ul>\n\n\n\n<div style=\"height:30px\" aria-hidden=\"true\" class=\"wp-block-spacer\"><\/div>\n\n\n\n<h4 class=\"wp-block-heading\"><strong>Ventajas Adicionales para el Nutricionista<\/strong><\/h4>\n\n\n\n<p>A diferencia de otras fibras, <strong><a href=\"https:\/\/ivbwellness.com\/products\/fiber-total\" target=\"_blank\" rel=\"noreferrer noopener\">FiberTotal<\/a><\/strong> optimiza la salud global:<\/p>\n\n\n\n<p><strong>Mejorando la absorci\u00f3n de minerales:<\/strong> Los AGCC que produce FiberTotal reducen el pH del lumen intestinal, lo cual mejora la solubilidad de minerales clave como el calcio y el zinc, favoreciendo su absorci\u00f3n pasiva, una ventaja frente a otras fibras que suelen disminuir estas tasas.<\/p>\n\n\n\n<p><strong>F\u00e1cil integraci\u00f3n:<\/strong> El sabor neutro es ins\u00edpido, incoloro e inodoro. Se disuelve totalmente, sin espesar, y es f\u00e1cil de incorporar en agua, caf\u00e9, yogur, bebidas vegetales, batidos e incluso recetas horneadas, sin afectar el sabor o la consistencia.<\/p>\n\n\n\n<p><strong>Seguridad y versatilidad:<\/strong> Apto para uso diario continuo, libre de gluten, y adecuado para todas las edades, incluyendo ni\u00f1os (ajustando la dosis seg\u00fan tolerancia y siguiendo las recomendaciones pedi\u00e1tricas).<\/p>\n\n\n\n<div style=\"height:30px\" aria-hidden=\"true\" class=\"wp-block-spacer\"><\/div>\n\n\n\n<h4 class=\"wp-block-heading\"><strong>En resumen,<\/strong><\/h4>\n\n\n\n<p><strong><strong><a href=\"https:\/\/ivbwellness.com\/products\/fiber-total\" target=\"_blank\" rel=\"noreferrer noopener\">FiberTotal<\/a><\/strong> ofrece una soluci\u00f3n de fibra prebi\u00f3tica de vanguardia que supera el reto de la intolerancia digestiva, permitiendo que incluso los pacientes m\u00e1s sensibles alcancen los beneficios metab\u00f3licos y la longevidad asociados con una alta ingesta de fibra, sin las molestias t\u00edpicas.<\/strong><\/p>\n\n\n\n<p>Podemos ver a <strong><a href=\"https:\/\/ivbwellness.com\/products\/fiber-total\" target=\"_blank\" rel=\"noreferrer noopener\">FiberTotal<\/a><\/strong> como una <strong>&#8220;nutrici\u00f3n a medida&#8221; para la microbiota<\/strong>: en lugar de inundar el sistema digestivo con fibras que fermentan explosivamente y causan malestar (como un torrente de agua), <strong><a href=\"https:\/\/ivbwellness.com\/products\/fiber-total\" target=\"_blank\" rel=\"noreferrer noopener\">FiberTotal<\/a><\/strong> ofrece un goteo lento y sostenido de nutrientes (Sunfiber<strong>\u00ae<\/strong>, PreticX<strong>\u00ae<\/strong>, Inavea<strong>\u00ae<\/strong>) que alimenta a las bacterias beneficiosas de manera gradual a lo largo de todo el colon, asegurando una digesti\u00f3n c\u00f3moda y beneficios metab\u00f3licos duraderos.<\/p>\n","protected":false},"excerpt":{"rendered":"<p>IVB Wellness Lab lanza al mercado la primera fibra soluble con triple sinergia prebi\u00f3tica y respaldo cient\u00edfico Aunque el papel de la fibra diet\u00e9tica se ha asociado tradicionalmente con la regularidad intestinal, su influencia es mucho m\u00e1s profunda, impactando la microbiota, el metabolismo, la inflamaci\u00f3n y la salud cardiovascular. No obstante, las estad\u00edsticas son claras: [&hellip;]<\/p>\n","protected":false},"author":2,"featured_media":21798,"comment_status":"closed","ping_status":"open","sticky":false,"template":"","format":"standard","meta":{"footnotes":""},"categories":[141],"tags":[],"class_list":["post-21815","post","type-post","status-publish","format-standard","has-post-thumbnail","hentry","category-noticias-del-salon"],"yoast_head":"<!-- This site is optimized with the Yoast SEO plugin v27.4 - https:\/\/yoast.com\/product\/yoast-seo-wordpress\/ -->\n<title>Alimenta la microbiota y cuida el intestino con FiberTotal - Infarma<\/title>\n<meta name=\"description\" content=\"IVB Wellness Lab lanza al mercado la primera fibra soluble con triple sinergia prebi\u00f3tica y respaldo cient\u00edfico.\" \/>\n<meta name=\"robots\" content=\"index, follow, max-snippet:-1, max-image-preview:large, max-video-preview:-1\" \/>\n<link rel=\"canonical\" href=\"https:\/\/www.infarma.es\/ca\/ivb-wellnewss-lab-fibertotal-alimenta-microbiota-cuida-intestino\/\" \/>\n<meta property=\"og:locale\" content=\"ca_ES\" \/>\n<meta property=\"og:type\" content=\"article\" \/>\n<meta property=\"og:title\" content=\"Alimenta la microbiota y cuida el intestino con FiberTotal - Infarma\" \/>\n<meta property=\"og:description\" content=\"IVB Wellness Lab lanza al mercado la primera fibra soluble con triple sinergia prebi\u00f3tica y respaldo cient\u00edfico.\" \/>\n<meta property=\"og:url\" content=\"https:\/\/www.infarma.es\/ca\/ivb-wellnewss-lab-fibertotal-alimenta-microbiota-cuida-intestino\/\" \/>\n<meta property=\"og:site_name\" content=\"Infarma\" \/>\n<meta property=\"article:publisher\" content=\"https:\/\/www.facebook.com\/infarmaoficial\/\" \/>\n<meta property=\"article:published_time\" content=\"2026-01-14T17:19:25+00:00\" \/>\n<meta property=\"og:image\" content=\"https:\/\/www.infarma.es\/wp-content\/uploads\/2026\/01\/inf2026-IVB-fibra-blog.webp\" \/>\n\t<meta property=\"og:image:width\" content=\"1600\" \/>\n\t<meta property=\"og:image:height\" content=\"900\" \/>\n\t<meta property=\"og:image:type\" content=\"image\/webp\" \/>\n<meta name=\"author\" content=\"xavier\" \/>\n<meta name=\"twitter:card\" content=\"summary_large_image\" \/>\n<meta name=\"twitter:creator\" content=\"@infarma_es\" \/>\n<meta name=\"twitter:site\" content=\"@infarma_es\" \/>\n<meta name=\"twitter:label1\" content=\"Escrit per\" \/>\n\t<meta name=\"twitter:data1\" content=\"xavier\" \/>\n\t<meta name=\"twitter:label2\" content=\"Temps estimat de lectura\" \/>\n\t<meta name=\"twitter:data2\" content=\"5 minuts\" \/>\n<script type=\"application\/ld+json\" class=\"yoast-schema-graph\">{\"@context\":\"https:\\\/\\\/schema.org\",\"@graph\":[{\"@type\":\"Article\",\"@id\":\"https:\\\/\\\/www.infarma.es\\\/ca\\\/ivb-wellnewss-lab-fibertotal-alimenta-microbiota-cuida-intestino\\\/#article\",\"isPartOf\":{\"@id\":\"https:\\\/\\\/www.infarma.es\\\/ca\\\/ivb-wellnewss-lab-fibertotal-alimenta-microbiota-cuida-intestino\\\/\"},\"author\":{\"name\":\"xavier\",\"@id\":\"https:\\\/\\\/www.infarma.es\\\/ca\\\/#\\\/schema\\\/person\\\/e53486dc47606cc5c89217026a8a01a7\"},\"headline\":\"Alimenta la microbiota y cuida el intestino con FiberTotal\",\"datePublished\":\"2026-01-14T17:19:25+00:00\",\"mainEntityOfPage\":{\"@id\":\"https:\\\/\\\/www.infarma.es\\\/ca\\\/ivb-wellnewss-lab-fibertotal-alimenta-microbiota-cuida-intestino\\\/\"},\"wordCount\":1032,\"publisher\":{\"@id\":\"https:\\\/\\\/www.infarma.es\\\/ca\\\/#organization\"},\"image\":{\"@id\":\"https:\\\/\\\/www.infarma.es\\\/ca\\\/ivb-wellnewss-lab-fibertotal-alimenta-microbiota-cuida-intestino\\\/#primaryimage\"},\"thumbnailUrl\":\"https:\\\/\\\/www.infarma.es\\\/wp-content\\\/uploads\\\/2026\\\/01\\\/inf2026-IVB-fibra-blog.webp\",\"articleSection\":[\"Noticias del Sal\u00f3n\"],\"inLanguage\":\"ca\"},{\"@type\":\"WebPage\",\"@id\":\"https:\\\/\\\/www.infarma.es\\\/ca\\\/ivb-wellnewss-lab-fibertotal-alimenta-microbiota-cuida-intestino\\\/\",\"url\":\"https:\\\/\\\/www.infarma.es\\\/ca\\\/ivb-wellnewss-lab-fibertotal-alimenta-microbiota-cuida-intestino\\\/\",\"name\":\"Alimenta la microbiota y cuida el intestino con FiberTotal - Infarma\",\"isPartOf\":{\"@id\":\"https:\\\/\\\/www.infarma.es\\\/ca\\\/#website\"},\"primaryImageOfPage\":{\"@id\":\"https:\\\/\\\/www.infarma.es\\\/ca\\\/ivb-wellnewss-lab-fibertotal-alimenta-microbiota-cuida-intestino\\\/#primaryimage\"},\"image\":{\"@id\":\"https:\\\/\\\/www.infarma.es\\\/ca\\\/ivb-wellnewss-lab-fibertotal-alimenta-microbiota-cuida-intestino\\\/#primaryimage\"},\"thumbnailUrl\":\"https:\\\/\\\/www.infarma.es\\\/wp-content\\\/uploads\\\/2026\\\/01\\\/inf2026-IVB-fibra-blog.webp\",\"datePublished\":\"2026-01-14T17:19:25+00:00\",\"description\":\"IVB Wellness Lab lanza al mercado la primera fibra soluble con triple sinergia prebi\u00f3tica y respaldo cient\u00edfico.\",\"breadcrumb\":{\"@id\":\"https:\\\/\\\/www.infarma.es\\\/ca\\\/ivb-wellnewss-lab-fibertotal-alimenta-microbiota-cuida-intestino\\\/#breadcrumb\"},\"inLanguage\":\"ca\",\"potentialAction\":[{\"@type\":\"ReadAction\",\"target\":[\"https:\\\/\\\/www.infarma.es\\\/ca\\\/ivb-wellnewss-lab-fibertotal-alimenta-microbiota-cuida-intestino\\\/\"]}]},{\"@type\":\"ImageObject\",\"inLanguage\":\"ca\",\"@id\":\"https:\\\/\\\/www.infarma.es\\\/ca\\\/ivb-wellnewss-lab-fibertotal-alimenta-microbiota-cuida-intestino\\\/#primaryimage\",\"url\":\"https:\\\/\\\/www.infarma.es\\\/wp-content\\\/uploads\\\/2026\\\/01\\\/inf2026-IVB-fibra-blog.webp\",\"contentUrl\":\"https:\\\/\\\/www.infarma.es\\\/wp-content\\\/uploads\\\/2026\\\/01\\\/inf2026-IVB-fibra-blog.webp\",\"width\":1600,\"height\":900,\"caption\":\"IVB Wellness\"},{\"@type\":\"BreadcrumbList\",\"@id\":\"https:\\\/\\\/www.infarma.es\\\/ca\\\/ivb-wellnewss-lab-fibertotal-alimenta-microbiota-cuida-intestino\\\/#breadcrumb\",\"itemListElement\":[{\"@type\":\"ListItem\",\"position\":1,\"name\":\"Portada\",\"item\":\"https:\\\/\\\/www.infarma.es\\\/ca\\\/\"},{\"@type\":\"ListItem\",\"position\":2,\"name\":\"Alimenta la microbiota y cuida el intestino con FiberTotal\"}]},{\"@type\":\"WebSite\",\"@id\":\"https:\\\/\\\/www.infarma.es\\\/ca\\\/#website\",\"url\":\"https:\\\/\\\/www.infarma.es\\\/ca\\\/\",\"name\":\"Infarma\",\"description\":\"El mayor encuentro de farmacia\",\"publisher\":{\"@id\":\"https:\\\/\\\/www.infarma.es\\\/ca\\\/#organization\"},\"potentialAction\":[{\"@type\":\"SearchAction\",\"target\":{\"@type\":\"EntryPoint\",\"urlTemplate\":\"https:\\\/\\\/www.infarma.es\\\/ca\\\/?s={search_term_string}\"},\"query-input\":{\"@type\":\"PropertyValueSpecification\",\"valueRequired\":true,\"valueName\":\"search_term_string\"}}],\"inLanguage\":\"ca\"},{\"@type\":\"Organization\",\"@id\":\"https:\\\/\\\/www.infarma.es\\\/ca\\\/#organization\",\"name\":\"Infarma\",\"url\":\"https:\\\/\\\/www.infarma.es\\\/ca\\\/\",\"logo\":{\"@type\":\"ImageObject\",\"inLanguage\":\"ca\",\"@id\":\"https:\\\/\\\/www.infarma.es\\\/ca\\\/#\\\/schema\\\/logo\\\/image\\\/\",\"url\":\"https:\\\/\\\/www.infarma.es\\\/wp-content\\\/uploads\\\/2024\\\/10\\\/logo-simple.svg\",\"contentUrl\":\"https:\\\/\\\/www.infarma.es\\\/wp-content\\\/uploads\\\/2024\\\/10\\\/logo-simple.svg\",\"width\":1,\"height\":1,\"caption\":\"Infarma\"},\"image\":{\"@id\":\"https:\\\/\\\/www.infarma.es\\\/ca\\\/#\\\/schema\\\/logo\\\/image\\\/\"},\"sameAs\":[\"https:\\\/\\\/www.facebook.com\\\/infarmaoficial\\\/\",\"https:\\\/\\\/x.com\\\/infarma_es\",\"https:\\\/\\\/www.instagram.com\\\/infarma_oficial\\\/\",\"https:\\\/\\\/www.linkedin.com\\\/showcase\\\/infarma-salon\\\/\",\"https:\\\/\\\/www.youtube.com\\\/@INFARMAOFICIAL\"]},{\"@type\":\"Person\",\"@id\":\"https:\\\/\\\/www.infarma.es\\\/ca\\\/#\\\/schema\\\/person\\\/e53486dc47606cc5c89217026a8a01a7\",\"name\":\"xavier\",\"image\":{\"@type\":\"ImageObject\",\"inLanguage\":\"ca\",\"@id\":\"https:\\\/\\\/secure.gravatar.com\\\/avatar\\\/9014b89254123c1f240ae636cc793b98ce50ec2df162909756be1d23adc503e4?s=96&d=mm&r=g\",\"url\":\"https:\\\/\\\/secure.gravatar.com\\\/avatar\\\/9014b89254123c1f240ae636cc793b98ce50ec2df162909756be1d23adc503e4?s=96&d=mm&r=g\",\"contentUrl\":\"https:\\\/\\\/secure.gravatar.com\\\/avatar\\\/9014b89254123c1f240ae636cc793b98ce50ec2df162909756be1d23adc503e4?s=96&d=mm&r=g\",\"caption\":\"xavier\"},\"url\":\"https:\\\/\\\/www.infarma.es\\\/ca\\\/author\\\/xavier\\\/\"}]}<\/script>\n<!-- \/ Yoast SEO plugin. -->","yoast_head_json":{"title":"Alimenta la microbiota y cuida el intestino con FiberTotal - Infarma","description":"IVB Wellness Lab lanza al mercado la primera fibra soluble con triple sinergia prebi\u00f3tica y respaldo cient\u00edfico.","robots":{"index":"index","follow":"follow","max-snippet":"max-snippet:-1","max-image-preview":"max-image-preview:large","max-video-preview":"max-video-preview:-1"},"canonical":"https:\/\/www.infarma.es\/ca\/ivb-wellnewss-lab-fibertotal-alimenta-microbiota-cuida-intestino\/","og_locale":"ca_ES","og_type":"article","og_title":"Alimenta la microbiota y cuida el intestino con FiberTotal - Infarma","og_description":"IVB Wellness Lab lanza al mercado la primera fibra soluble con triple sinergia prebi\u00f3tica y respaldo cient\u00edfico.","og_url":"https:\/\/www.infarma.es\/ca\/ivb-wellnewss-lab-fibertotal-alimenta-microbiota-cuida-intestino\/","og_site_name":"Infarma","article_publisher":"https:\/\/www.facebook.com\/infarmaoficial\/","article_published_time":"2026-01-14T17:19:25+00:00","og_image":[{"width":1600,"height":900,"url":"https:\/\/www.infarma.es\/wp-content\/uploads\/2026\/01\/inf2026-IVB-fibra-blog.webp","type":"image\/webp"}],"author":"xavier","twitter_card":"summary_large_image","twitter_creator":"@infarma_es","twitter_site":"@infarma_es","twitter_misc":{"Escrit per":"xavier","Temps estimat de lectura":"5 minuts"},"schema":{"@context":"https:\/\/schema.org","@graph":[{"@type":"Article","@id":"https:\/\/www.infarma.es\/ca\/ivb-wellnewss-lab-fibertotal-alimenta-microbiota-cuida-intestino\/#article","isPartOf":{"@id":"https:\/\/www.infarma.es\/ca\/ivb-wellnewss-lab-fibertotal-alimenta-microbiota-cuida-intestino\/"},"author":{"name":"xavier","@id":"https:\/\/www.infarma.es\/ca\/#\/schema\/person\/e53486dc47606cc5c89217026a8a01a7"},"headline":"Alimenta la microbiota y cuida el intestino con FiberTotal","datePublished":"2026-01-14T17:19:25+00:00","mainEntityOfPage":{"@id":"https:\/\/www.infarma.es\/ca\/ivb-wellnewss-lab-fibertotal-alimenta-microbiota-cuida-intestino\/"},"wordCount":1032,"publisher":{"@id":"https:\/\/www.infarma.es\/ca\/#organization"},"image":{"@id":"https:\/\/www.infarma.es\/ca\/ivb-wellnewss-lab-fibertotal-alimenta-microbiota-cuida-intestino\/#primaryimage"},"thumbnailUrl":"https:\/\/www.infarma.es\/wp-content\/uploads\/2026\/01\/inf2026-IVB-fibra-blog.webp","articleSection":["Noticias del Sal\u00f3n"],"inLanguage":"ca"},{"@type":"WebPage","@id":"https:\/\/www.infarma.es\/ca\/ivb-wellnewss-lab-fibertotal-alimenta-microbiota-cuida-intestino\/","url":"https:\/\/www.infarma.es\/ca\/ivb-wellnewss-lab-fibertotal-alimenta-microbiota-cuida-intestino\/","name":"Alimenta la microbiota y cuida el intestino con FiberTotal - Infarma","isPartOf":{"@id":"https:\/\/www.infarma.es\/ca\/#website"},"primaryImageOfPage":{"@id":"https:\/\/www.infarma.es\/ca\/ivb-wellnewss-lab-fibertotal-alimenta-microbiota-cuida-intestino\/#primaryimage"},"image":{"@id":"https:\/\/www.infarma.es\/ca\/ivb-wellnewss-lab-fibertotal-alimenta-microbiota-cuida-intestino\/#primaryimage"},"thumbnailUrl":"https:\/\/www.infarma.es\/wp-content\/uploads\/2026\/01\/inf2026-IVB-fibra-blog.webp","datePublished":"2026-01-14T17:19:25+00:00","description":"IVB Wellness Lab lanza al mercado la primera fibra soluble con triple sinergia prebi\u00f3tica y respaldo cient\u00edfico.","breadcrumb":{"@id":"https:\/\/www.infarma.es\/ca\/ivb-wellnewss-lab-fibertotal-alimenta-microbiota-cuida-intestino\/#breadcrumb"},"inLanguage":"ca","potentialAction":[{"@type":"ReadAction","target":["https:\/\/www.infarma.es\/ca\/ivb-wellnewss-lab-fibertotal-alimenta-microbiota-cuida-intestino\/"]}]},{"@type":"ImageObject","inLanguage":"ca","@id":"https:\/\/www.infarma.es\/ca\/ivb-wellnewss-lab-fibertotal-alimenta-microbiota-cuida-intestino\/#primaryimage","url":"https:\/\/www.infarma.es\/wp-content\/uploads\/2026\/01\/inf2026-IVB-fibra-blog.webp","contentUrl":"https:\/\/www.infarma.es\/wp-content\/uploads\/2026\/01\/inf2026-IVB-fibra-blog.webp","width":1600,"height":900,"caption":"IVB Wellness"},{"@type":"BreadcrumbList","@id":"https:\/\/www.infarma.es\/ca\/ivb-wellnewss-lab-fibertotal-alimenta-microbiota-cuida-intestino\/#breadcrumb","itemListElement":[{"@type":"ListItem","position":1,"name":"Portada","item":"https:\/\/www.infarma.es\/ca\/"},{"@type":"ListItem","position":2,"name":"Alimenta la microbiota y cuida el intestino con FiberTotal"}]},{"@type":"WebSite","@id":"https:\/\/www.infarma.es\/ca\/#website","url":"https:\/\/www.infarma.es\/ca\/","name":"Infarma","description":"El mayor encuentro de farmacia","publisher":{"@id":"https:\/\/www.infarma.es\/ca\/#organization"},"potentialAction":[{"@type":"SearchAction","target":{"@type":"EntryPoint","urlTemplate":"https:\/\/www.infarma.es\/ca\/?s={search_term_string}"},"query-input":{"@type":"PropertyValueSpecification","valueRequired":true,"valueName":"search_term_string"}}],"inLanguage":"ca"},{"@type":"Organization","@id":"https:\/\/www.infarma.es\/ca\/#organization","name":"Infarma","url":"https:\/\/www.infarma.es\/ca\/","logo":{"@type":"ImageObject","inLanguage":"ca","@id":"https:\/\/www.infarma.es\/ca\/#\/schema\/logo\/image\/","url":"https:\/\/www.infarma.es\/wp-content\/uploads\/2024\/10\/logo-simple.svg","contentUrl":"https:\/\/www.infarma.es\/wp-content\/uploads\/2024\/10\/logo-simple.svg","width":1,"height":1,"caption":"Infarma"},"image":{"@id":"https:\/\/www.infarma.es\/ca\/#\/schema\/logo\/image\/"},"sameAs":["https:\/\/www.facebook.com\/infarmaoficial\/","https:\/\/x.com\/infarma_es","https:\/\/www.instagram.com\/infarma_oficial\/","https:\/\/www.linkedin.com\/showcase\/infarma-salon\/","https:\/\/www.youtube.com\/@INFARMAOFICIAL"]},{"@type":"Person","@id":"https:\/\/www.infarma.es\/ca\/#\/schema\/person\/e53486dc47606cc5c89217026a8a01a7","name":"xavier","image":{"@type":"ImageObject","inLanguage":"ca","@id":"https:\/\/secure.gravatar.com\/avatar\/9014b89254123c1f240ae636cc793b98ce50ec2df162909756be1d23adc503e4?s=96&d=mm&r=g","url":"https:\/\/secure.gravatar.com\/avatar\/9014b89254123c1f240ae636cc793b98ce50ec2df162909756be1d23adc503e4?s=96&d=mm&r=g","contentUrl":"https:\/\/secure.gravatar.com\/avatar\/9014b89254123c1f240ae636cc793b98ce50ec2df162909756be1d23adc503e4?s=96&d=mm&r=g","caption":"xavier"},"url":"https:\/\/www.infarma.es\/ca\/author\/xavier\/"}]}},"_links":{"self":[{"href":"https:\/\/www.infarma.es\/ca\/wp-json\/wp\/v2\/posts\/21815","targetHints":{"allow":["GET"]}}],"collection":[{"href":"https:\/\/www.infarma.es\/ca\/wp-json\/wp\/v2\/posts"}],"about":[{"href":"https:\/\/www.infarma.es\/ca\/wp-json\/wp\/v2\/types\/post"}],"author":[{"embeddable":true,"href":"https:\/\/www.infarma.es\/ca\/wp-json\/wp\/v2\/users\/2"}],"replies":[{"embeddable":true,"href":"https:\/\/www.infarma.es\/ca\/wp-json\/wp\/v2\/comments?post=21815"}],"version-history":[{"count":2,"href":"https:\/\/www.infarma.es\/ca\/wp-json\/wp\/v2\/posts\/21815\/revisions"}],"predecessor-version":[{"id":21818,"href":"https:\/\/www.infarma.es\/ca\/wp-json\/wp\/v2\/posts\/21815\/revisions\/21818"}],"wp:featuredmedia":[{"embeddable":true,"href":"https:\/\/www.infarma.es\/ca\/wp-json\/wp\/v2\/media\/21798"}],"wp:attachment":[{"href":"https:\/\/www.infarma.es\/ca\/wp-json\/wp\/v2\/media?parent=21815"}],"wp:term":[{"taxonomy":"category","embeddable":true,"href":"https:\/\/www.infarma.es\/ca\/wp-json\/wp\/v2\/categories?post=21815"},{"taxonomy":"post_tag","embeddable":true,"href":"https:\/\/www.infarma.es\/ca\/wp-json\/wp\/v2\/tags?post=21815"}],"curies":[{"name":"wp","href":"https:\/\/api.w.org\/{rel}","templated":true}]}}