{"id":23980,"date":"2026-03-09T17:59:02","date_gmt":"2026-03-09T16:59:02","guid":{"rendered":"https:\/\/www.infarma.es\/?p=23980"},"modified":"2026-03-09T17:59:02","modified_gmt":"2026-03-09T16:59:02","slug":"pileje-compromiso-salud-pequenos-soluciones-adaptadas","status":"publish","type":"post","link":"https:\/\/www.infarma.es\/ca\/pileje-compromiso-salud-pequenos-soluciones-adaptadas\/","title":{"rendered":"PiLeJe refuerza su compromiso con la salud de los m\u00e1s peque\u00f1os: nuevas soluciones adaptadas a sus necesidades"},"content":{"rendered":"\n<p>Desde sus inicios, <a href=\"https:\/\/www.pileje.es\/?utm_source=Campaing&amp;utm_medium=newsletter&amp;utm_campaign=infarma+2026+omegabiane+enfant+y+lactibiane+atb+enfant\" target=\"_blank\" rel=\"noreferrer noopener\">PiLeJe<\/a> ha mantenido un firme compromiso con el desarrollo de soluciones de salud que se adapten a cada situaci\u00f3n y etapa de la vida. En el caso de los m\u00e1s peque\u00f1os, este compromiso se traduce en f\u00f3rmulas cuidadosamente estudiadas, seguras y adaptadas a sus necesidades espec\u00edficas. Con esta filosof\u00eda, la compa\u00f1\u00eda contin\u00faa ampliando su gama pedi\u00e1trica con nuevos lanzamientos pensados para acompa\u00f1ar el bienestar de los ni\u00f1os y ni\u00f1as en situaciones clave de su desarrollo.<\/p>\n\n\n\n<p>Hoy te presentamos las \u00faltimas novedades: <a href=\"https:\/\/www.pileje.es\/producto\/lactibiane-atb-enfant?utm_source=Campaing&amp;utm_medium=newsletter&amp;utm_campaign=infarma+2026+omegabiane+enfant+y+lactibiane+atb+enfant\" target=\"_blank\" rel=\"noreferrer noopener\">Lactibiane ATB Enfant<\/a>, para acompa\u00f1ar la antibioterapia en edades de 3 a 12 a\u00f1os<sup>1<\/sup>, y <a href=\"https:\/\/www.pileje.es\/producto\/omegabiane-enfant?utm_source=Campaing&amp;utm_medium=newsletter&amp;utm_campaign=infarma+2026+omegabiane+enfant+y+lactibiane+atb+enfant\" target=\"_blank\" rel=\"noreferrer noopener\">Omegabiane Enfant<\/a>, una soluci\u00f3n para asegurar un aporte adecuado de \u00e1cidos grasos omega-3 y vitaminas a partir de 3 a\u00f1os.<\/p>\n\n\n\n<div style=\"height:30px\" aria-hidden=\"true\" class=\"wp-block-spacer\"><\/div>\n\n\n\n<h4 class=\"wp-block-heading\"><strong>Lactibiane ATB Enfant: apoyo espec\u00edfico entre los 3 y los 12 a\u00f1os durante la antibioterapia<sup><sup data-fn=\"6a7f4d53-dcf5-4d1b-9b7b-32a08939590c\" class=\"fn\"><a href=\"#6a7f4d53-dcf5-4d1b-9b7b-32a08939590c\" id=\"6a7f4d53-dcf5-4d1b-9b7b-32a08939590c-link\">1<\/a><\/sup><\/sup><\/strong><\/h4>\n\n\n\n<p>La antibioterapia altera la <a href=\"https:\/\/www.pileje.es\/productos\/microbiotas?utm_source=Campaing&amp;utm_medium=newsletter&amp;utm_campaign=infarma+2026+omegabiane+enfant+y+lactibiane+atb+enfant\" target=\"_blank\" rel=\"noreferrer noopener\">microbiota<\/a>, por lo que se recomienda acompa\u00f1arla con <strong>cepas microbi\u00f3ticas espec\u00edficas y bien documentadas<\/strong> que ayuden a mantener su equilibrio.<\/p>\n\n\n\n<p>Siguiendo su enfoque de individualizar el consejo y ofrecer soluciones adaptadas a cada situaci\u00f3n, PiLeJe lanza <a href=\"https:\/\/www.pileje.es\/producto\/lactibiane-atb-enfant?utm_source=Campaing&amp;utm_medium=newsletter&amp;utm_campaign=infarma+2026+omegabiane+enfant+y+lactibiane+atb+enfant\" target=\"_blank\" rel=\"noreferrer noopener\"><strong>Lactibiane ATB Enfant<\/strong><\/a> una f\u00f3rmula dise\u00f1ada para acompa\u00f1ar a los ni\u00f1os durante los tratamientos con antibi\u00f3ticos.<\/p>\n\n\n\n<p>Este complemento alimenticio contiene la cepa <em>Lacticaseibacillus rhamnosus<\/em><sup data-fn=\"1aa3f021-bf6f-4565-be9b-af307d8a0183\" class=\"fn\"><a href=\"#1aa3f021-bf6f-4565-be9b-af307d8a0183\" id=\"1aa3f021-bf6f-4565-be9b-af307d8a0183-link\">2<\/a><\/sup> GG LA801, dosificada a 10 mil millones (1&#215;10\u00b9\u2070) UFC por comprimido masticable. Esta cepa, ampliamente estudiada, ha sido comparada junto con otras en base a su odds ratio (OR) eficacia vs tolerancia, y destaca por ser la cepa n\u00ba1, presentando el mejor equilibrio entre eficacia cl\u00ednica y tolerabilidad. Por este motivo, se posiciona como la alternativa microbi\u00f3tica m\u00e1s s\u00f3lida para acompa\u00f1ar la antibioterapia en la infancia<sup data-fn=\"6a7f4d53-dcf5-4d1b-9b7b-32a08939590c\" class=\"fn\"><a href=\"#6a7f4d53-dcf5-4d1b-9b7b-32a08939590c\" id=\"6a7f4d53-dcf5-4d1b-9b7b-32a08939590c-link\">1<\/a><\/sup>.<\/p>\n\n\n\n<p>Con esta nueva incorporaci\u00f3n, PiLeJe sigue reforzando su gama de soluciones para el acompa\u00f1amiento de la antibioterapia, ofreciendo herramientas basadas en evidencia y adaptadas a la edad de los peque\u00f1os.<\/p>\n\n\n\n<div style=\"height:30px\" aria-hidden=\"true\" class=\"wp-block-spacer\"><\/div>\n\n\n\n<h4 class=\"wp-block-heading\"><strong>Omegabiane Enfant: omega\u20113 y vitaminas para el desarrollo de los m\u00e1s peque\u00f1os<\/strong><\/h4>\n\n\n\n<p>Los omega\u20113 y omega\u20116 son \u00e1cidos grasos fundamentales para la salud, pero no pueden ser sintetizados por el organismo. Por ello, es fundamental obtenerlos a trav\u00e9s de la alimentaci\u00f3n. En los pa\u00edses occidentales \u2014incluido Espa\u00f1a\u2014 existe a menudo un desequilibrio en el ratio omega-6\/omega-3, en gran parte debido al consumo elevado de aceites vegetales ricos en omega\u20116. Este desequilibrio puede tener impacto en el bienestar general y en procesos fisiol\u00f3gicos clave.<\/p>\n\n\n\n<p>La gama <a href=\"https:\/\/www.pileje.es\/marca\/omegabiane?utm_source=Campaing&amp;utm_medium=newsletter&amp;utm_campaign=infarma+2026+omegabiane+enfant+y+lactibiane+atb+enfant\" target=\"_blank\" rel=\"noreferrer noopener\">Omegabiane<\/a> de PiLeJe ofrece soluciones dise\u00f1adas para restablecer el equilibrio entre diferentes familias de \u00e1cidos grasos, contribuyendo a un aporte \u00f3ptimo y adaptado a cada situaci\u00f3n. <a href=\"https:\/\/www.pileje.es\/producto\/omegabiane-enfant?utm_source=Campaing&amp;utm_medium=newsletter&amp;utm_campaign=infarma+2026+omegabiane+enfant+y+lactibiane+atb+enfant\" target=\"_blank\" rel=\"noreferrer noopener\">Omegabiane Enfant<\/a> llega para completar la gama, un complemento alimenticio rico en \u00e1cidos grasos omega-3 (DHA, \u00e1cido docosahexaenoico y EPA, \u00e1cido eicosapentaenoico), con vitamina D3, necesaria para el crecimiento y desarrollo normal de los huesos en los ni\u00f1os, y vitamina E.<\/p>\n\n\n\n<p>&nbsp;Para ni\u00f1os a partir de 3 a\u00f1os en caso de dietas poco diversificadas, pobre en pescado azul (menos de dos veces por semana) o exceso de ultraprocesados.<\/p>\n\n\n\n<p>Su formato en pastilla gelificada y sabor naranja-lim\u00f3n lo convierten en una opci\u00f3n f\u00e1cil y agradable para los m\u00e1s peque\u00f1os, facilitando la adherencia a la complementaci\u00f3n.<\/p>\n\n\n\n<div style=\"height:30px\" aria-hidden=\"true\" class=\"wp-block-spacer\"><\/div>\n\n\n\n<h4 class=\"wp-block-heading\"><strong>Compromiso que crece con ellos<\/strong><\/h4>\n\n\n\n<p>Con estos dos lanzamientos, PiLeJe reafirma su vocaci\u00f3n de ofrecer soluciones basadas en la <a href=\"https:\/\/www.pileje.es\/calidad-innovacione\/soluciones-de-calidad-para-un-acompanamiento-individualizado\" target=\"_blank\" rel=\"noreferrer noopener\">evidencia cient\u00edfica<\/a>, adaptadas a la edad y a las necesidades reales de los ni\u00f1os y ni\u00f1as. La salud infantil requiere productos de calidad, bien estudiados y f\u00e1ciles de integrar en su d\u00eda a d\u00eda, y esa es precisamente la direcci\u00f3n en la que la compa\u00f1\u00eda contin\u00faa avanzando.<\/p>\n\n\n\n<div style=\"height:30px\" aria-hidden=\"true\" class=\"wp-block-spacer\"><\/div>\n\n\n\n<h4 class=\"wp-block-heading\"><strong>PiLeJe presentar\u00e1 otras innovaciones en Infarma 2026<\/strong><\/h4>\n\n\n\n<p>En <strong>2026, PiLeJe participar\u00e1 en <\/strong><a href=\"https:\/\/www.infarma.es\/?_gl=1%2A1h0akpk%2A_up%2AMQ..%2A_ga%2AMTkxNDg5MDgwOC4xNzcyMDk2MzUz%2A_ga_GLJ55GT85M%2AczE3NzIwOTYzNTIkbzEkZzAkdDE3NzIwOTYzNTIkajYwJGwwJGgw\" target=\"_blank\" rel=\"noreferrer noopener\"><strong>Infarma<\/strong><\/a>, donde estar\u00e1 presente <strong>en el stand 3C70 <\/strong>para dar a conocer estas y otras soluciones orientadas a la <strong>salud de la mujer y al cuidado de la microbiota<\/strong>. Una cita clave para descubrir de primera mano las <strong>\u00faltimas innovaciones del laboratorio<\/strong> y su compromiso continuo con el desarrollo de propuestas que contribuyen a <strong>nutrir la salud desde el interior<\/strong>.<\/p>\n\n\n\n<hr class=\"wp-block-separator has-alpha-channel-opacity\"\/>\n\n\n\n<p><a id=\"_msocom_1\"><\/a><\/p>\n\n\n<ol class=\"wp-block-footnotes\"><li id=\"6a7f4d53-dcf5-4d1b-9b7b-32a08939590c\">Szajewska H, Ko\u0142odziej M. Systematic review with meta-analysis: Lactobacillus rhamnosus GG in the prevention of antibiotic-associated diarrhoea in children and adults. <em>Aliment Pharmacol Ther<\/em>. 2015;42(10):1149-1157. doi:10.1111\/apt.13404 <a href=\"#6a7f4d53-dcf5-4d1b-9b7b-32a08939590c-link\" aria-label=\"Ves a la refer\u00e8ncia de la nota al peu 1\">\u21a9\ufe0e<\/a><\/li><li id=\"1aa3f021-bf6f-4565-be9b-af307d8a0183\">Anteriormente denominada <em>Lactobacilus rhamnosus<\/em><br><em>Los complementos alimenticios no deben utilizarse como sustituto de una dieta equilibrada. Se recomienda consumir estos productos como parte de una dieta variada y equilibrada y un estilo de vida saludable<\/em> <a href=\"#1aa3f021-bf6f-4565-be9b-af307d8a0183-link\" aria-label=\"Ves a la refer\u00e8ncia de la nota al peu 2\">\u21a9\ufe0e<\/a><\/li><li id=\"6a7f4d53-dcf5-4d1b-9b7b-32a08939590c\">Szajewska H, Ko\u0142odziej M. Systematic review with meta-analysis: Lactobacillus rhamnosus GG in the prevention of antibiotic-associated diarrhoea in children and adults. <em>Aliment Pharmacol Ther<\/em>. 2015;42(10):1149-1157. doi:10.1111\/apt.13404 <a href=\"#6a7f4d53-dcf5-4d1b-9b7b-32a08939590c-link\" aria-label=\"Ves a la refer\u00e8ncia de la nota al peu 3\">\u21a9\ufe0e<\/a><\/li><\/ol>\n\n\n<p><\/p>\n","protected":false},"excerpt":{"rendered":"<p>Desde sus inicios, PiLeJe ha mantenido un firme compromiso con el desarrollo de soluciones de salud que se adapten a cada situaci\u00f3n y etapa de la vida. En el caso de los m\u00e1s peque\u00f1os, este compromiso se traduce en f\u00f3rmulas cuidadosamente estudiadas, seguras y adaptadas a sus necesidades espec\u00edficas. Con esta filosof\u00eda, la compa\u00f1\u00eda contin\u00faa [&hellip;]<\/p>\n","protected":false},"author":2,"featured_media":23981,"comment_status":"closed","ping_status":"open","sticky":false,"template":"","format":"standard","meta":{"footnotes":"[{\"content\":\"Szajewska H, Ko\u0142odziej M. Systematic review with meta-analysis: Lactobacillus rhamnosus GG in the prevention of antibiotic-associated diarrhoea in children and adults. <em>Aliment Pharmacol Ther<\/em>. 2015;42(10):1149-1157. doi:10.1111\/apt.13404\",\"id\":\"6a7f4d53-dcf5-4d1b-9b7b-32a08939590c\"},{\"content\":\"Anteriormente denominada <em>Lactobacilus rhamnosus<\/em><br><em>Los complementos alimenticios no deben utilizarse como sustituto de una dieta equilibrada. Se recomienda consumir estos productos como parte de una dieta variada y equilibrada y un estilo de vida saludable<\/em>\",\"id\":\"1aa3f021-bf6f-4565-be9b-af307d8a0183\"},{\"content\":\"Szajewska H, Ko\u0142odziej M. Systematic review with meta-analysis: Lactobacillus rhamnosus GG in the prevention of antibiotic-associated diarrhoea in children and adults. <em>Aliment Pharmacol Ther<\/em>. 2015;42(10):1149-1157. doi:10.1111\/apt.13404\",\"id\":\"6a7f4d53-dcf5-4d1b-9b7b-32a08939590c\"}]"},"categories":[141],"tags":[],"class_list":["post-23980","post","type-post","status-publish","format-standard","has-post-thumbnail","hentry","category-noticias-del-salon"],"yoast_head":"<!-- This site is optimized with the Yoast SEO plugin v27.4 - https:\/\/yoast.com\/product\/yoast-seo-wordpress\/ -->\n<title>PiLeJe refuerza su compromiso con la salud de los m\u00e1s peque\u00f1os<\/title>\n<meta name=\"description\" content=\"Hoy te presentamos las \u00faltimas novedades: Lactibiane ATB Enfant y Omegabiane Enfant, nuevas soluciones adaptadas a sus necesidades.\" \/>\n<meta name=\"robots\" content=\"index, follow, max-snippet:-1, max-image-preview:large, max-video-preview:-1\" \/>\n<link rel=\"canonical\" href=\"https:\/\/www.infarma.es\/ca\/pileje-compromiso-salud-pequenos-soluciones-adaptadas\/\" \/>\n<meta property=\"og:locale\" content=\"ca_ES\" \/>\n<meta property=\"og:type\" content=\"article\" \/>\n<meta property=\"og:title\" content=\"PiLeJe refuerza su compromiso con la salud de los m\u00e1s peque\u00f1os\" \/>\n<meta property=\"og:description\" content=\"Hoy te presentamos las \u00faltimas novedades: Lactibiane ATB Enfant y Omegabiane Enfant, nuevas soluciones adaptadas a sus necesidades.\" \/>\n<meta property=\"og:url\" content=\"https:\/\/www.infarma.es\/ca\/pileje-compromiso-salud-pequenos-soluciones-adaptadas\/\" \/>\n<meta property=\"og:site_name\" content=\"Infarma\" \/>\n<meta property=\"article:publisher\" content=\"https:\/\/www.facebook.com\/infarmaoficial\/\" \/>\n<meta property=\"article:published_time\" content=\"2026-03-09T16:59:02+00:00\" \/>\n<meta property=\"og:image\" content=\"https:\/\/www.infarma.es\/wp-content\/uploads\/2026\/03\/inf2026-pileje-ATB-Enfant-Omegabiane-blog.webp\" \/>\n\t<meta property=\"og:image:width\" content=\"1600\" \/>\n\t<meta property=\"og:image:height\" content=\"900\" \/>\n\t<meta property=\"og:image:type\" content=\"image\/webp\" \/>\n<meta name=\"author\" content=\"xavier\" \/>\n<meta name=\"twitter:card\" content=\"summary_large_image\" \/>\n<meta name=\"twitter:creator\" content=\"@infarma_es\" \/>\n<meta name=\"twitter:site\" content=\"@infarma_es\" \/>\n<meta name=\"twitter:label1\" content=\"Escrit per\" \/>\n\t<meta name=\"twitter:data1\" content=\"xavier\" \/>\n\t<meta name=\"twitter:label2\" content=\"Temps estimat de lectura\" \/>\n\t<meta name=\"twitter:data2\" content=\"4 minuts\" \/>\n<script type=\"application\/ld+json\" class=\"yoast-schema-graph\">{\"@context\":\"https:\\\/\\\/schema.org\",\"@graph\":[{\"@type\":\"Article\",\"@id\":\"https:\\\/\\\/www.infarma.es\\\/ca\\\/pileje-compromiso-salud-pequenos-soluciones-adaptadas\\\/#article\",\"isPartOf\":{\"@id\":\"https:\\\/\\\/www.infarma.es\\\/ca\\\/pileje-compromiso-salud-pequenos-soluciones-adaptadas\\\/\"},\"author\":{\"name\":\"xavier\",\"@id\":\"https:\\\/\\\/www.infarma.es\\\/ca\\\/#\\\/schema\\\/person\\\/e53486dc47606cc5c89217026a8a01a7\"},\"headline\":\"PiLeJe refuerza su compromiso con la salud de los m\u00e1s peque\u00f1os: nuevas soluciones adaptadas a sus necesidades\",\"datePublished\":\"2026-03-09T16:59:02+00:00\",\"mainEntityOfPage\":{\"@id\":\"https:\\\/\\\/www.infarma.es\\\/ca\\\/pileje-compromiso-salud-pequenos-soluciones-adaptadas\\\/\"},\"wordCount\":712,\"publisher\":{\"@id\":\"https:\\\/\\\/www.infarma.es\\\/ca\\\/#organization\"},\"image\":{\"@id\":\"https:\\\/\\\/www.infarma.es\\\/ca\\\/pileje-compromiso-salud-pequenos-soluciones-adaptadas\\\/#primaryimage\"},\"thumbnailUrl\":\"https:\\\/\\\/www.infarma.es\\\/wp-content\\\/uploads\\\/2026\\\/03\\\/inf2026-pileje-ATB-Enfant-Omegabiane-blog.webp\",\"articleSection\":[\"Noticias del Sal\u00f3n\"],\"inLanguage\":\"ca\"},{\"@type\":\"WebPage\",\"@id\":\"https:\\\/\\\/www.infarma.es\\\/ca\\\/pileje-compromiso-salud-pequenos-soluciones-adaptadas\\\/\",\"url\":\"https:\\\/\\\/www.infarma.es\\\/ca\\\/pileje-compromiso-salud-pequenos-soluciones-adaptadas\\\/\",\"name\":\"PiLeJe refuerza su compromiso con la salud de los m\u00e1s peque\u00f1os\",\"isPartOf\":{\"@id\":\"https:\\\/\\\/www.infarma.es\\\/ca\\\/#website\"},\"primaryImageOfPage\":{\"@id\":\"https:\\\/\\\/www.infarma.es\\\/ca\\\/pileje-compromiso-salud-pequenos-soluciones-adaptadas\\\/#primaryimage\"},\"image\":{\"@id\":\"https:\\\/\\\/www.infarma.es\\\/ca\\\/pileje-compromiso-salud-pequenos-soluciones-adaptadas\\\/#primaryimage\"},\"thumbnailUrl\":\"https:\\\/\\\/www.infarma.es\\\/wp-content\\\/uploads\\\/2026\\\/03\\\/inf2026-pileje-ATB-Enfant-Omegabiane-blog.webp\",\"datePublished\":\"2026-03-09T16:59:02+00:00\",\"description\":\"Hoy te presentamos las \u00faltimas novedades: Lactibiane ATB Enfant y Omegabiane Enfant, nuevas soluciones adaptadas a sus necesidades.\",\"breadcrumb\":{\"@id\":\"https:\\\/\\\/www.infarma.es\\\/ca\\\/pileje-compromiso-salud-pequenos-soluciones-adaptadas\\\/#breadcrumb\"},\"inLanguage\":\"ca\",\"potentialAction\":[{\"@type\":\"ReadAction\",\"target\":[\"https:\\\/\\\/www.infarma.es\\\/ca\\\/pileje-compromiso-salud-pequenos-soluciones-adaptadas\\\/\"]}]},{\"@type\":\"ImageObject\",\"inLanguage\":\"ca\",\"@id\":\"https:\\\/\\\/www.infarma.es\\\/ca\\\/pileje-compromiso-salud-pequenos-soluciones-adaptadas\\\/#primaryimage\",\"url\":\"https:\\\/\\\/www.infarma.es\\\/wp-content\\\/uploads\\\/2026\\\/03\\\/inf2026-pileje-ATB-Enfant-Omegabiane-blog.webp\",\"contentUrl\":\"https:\\\/\\\/www.infarma.es\\\/wp-content\\\/uploads\\\/2026\\\/03\\\/inf2026-pileje-ATB-Enfant-Omegabiane-blog.webp\",\"width\":1600,\"height\":900,\"caption\":\"Pileje - Soluciones para la etapa infantil, complementos alimenticios para el apoyo nutricional de los m\u00e1s peque\u00f1os. Omegabiane enfant y Lactibiane ATB\"},{\"@type\":\"BreadcrumbList\",\"@id\":\"https:\\\/\\\/www.infarma.es\\\/ca\\\/pileje-compromiso-salud-pequenos-soluciones-adaptadas\\\/#breadcrumb\",\"itemListElement\":[{\"@type\":\"ListItem\",\"position\":1,\"name\":\"Portada\",\"item\":\"https:\\\/\\\/www.infarma.es\\\/ca\\\/\"},{\"@type\":\"ListItem\",\"position\":2,\"name\":\"PiLeJe refuerza su compromiso con la salud de los m\u00e1s peque\u00f1os: nuevas soluciones adaptadas a sus necesidades\"}]},{\"@type\":\"WebSite\",\"@id\":\"https:\\\/\\\/www.infarma.es\\\/ca\\\/#website\",\"url\":\"https:\\\/\\\/www.infarma.es\\\/ca\\\/\",\"name\":\"Infarma\",\"description\":\"El mayor encuentro de farmacia\",\"publisher\":{\"@id\":\"https:\\\/\\\/www.infarma.es\\\/ca\\\/#organization\"},\"potentialAction\":[{\"@type\":\"SearchAction\",\"target\":{\"@type\":\"EntryPoint\",\"urlTemplate\":\"https:\\\/\\\/www.infarma.es\\\/ca\\\/?s={search_term_string}\"},\"query-input\":{\"@type\":\"PropertyValueSpecification\",\"valueRequired\":true,\"valueName\":\"search_term_string\"}}],\"inLanguage\":\"ca\"},{\"@type\":\"Organization\",\"@id\":\"https:\\\/\\\/www.infarma.es\\\/ca\\\/#organization\",\"name\":\"Infarma\",\"url\":\"https:\\\/\\\/www.infarma.es\\\/ca\\\/\",\"logo\":{\"@type\":\"ImageObject\",\"inLanguage\":\"ca\",\"@id\":\"https:\\\/\\\/www.infarma.es\\\/ca\\\/#\\\/schema\\\/logo\\\/image\\\/\",\"url\":\"https:\\\/\\\/www.infarma.es\\\/wp-content\\\/uploads\\\/2024\\\/10\\\/logo-simple.svg\",\"contentUrl\":\"https:\\\/\\\/www.infarma.es\\\/wp-content\\\/uploads\\\/2024\\\/10\\\/logo-simple.svg\",\"width\":1,\"height\":1,\"caption\":\"Infarma\"},\"image\":{\"@id\":\"https:\\\/\\\/www.infarma.es\\\/ca\\\/#\\\/schema\\\/logo\\\/image\\\/\"},\"sameAs\":[\"https:\\\/\\\/www.facebook.com\\\/infarmaoficial\\\/\",\"https:\\\/\\\/x.com\\\/infarma_es\",\"https:\\\/\\\/www.instagram.com\\\/infarma_oficial\\\/\",\"https:\\\/\\\/www.linkedin.com\\\/showcase\\\/infarma-salon\\\/\",\"https:\\\/\\\/www.youtube.com\\\/@INFARMAOFICIAL\"]},{\"@type\":\"Person\",\"@id\":\"https:\\\/\\\/www.infarma.es\\\/ca\\\/#\\\/schema\\\/person\\\/e53486dc47606cc5c89217026a8a01a7\",\"name\":\"xavier\",\"image\":{\"@type\":\"ImageObject\",\"inLanguage\":\"ca\",\"@id\":\"https:\\\/\\\/secure.gravatar.com\\\/avatar\\\/9014b89254123c1f240ae636cc793b98ce50ec2df162909756be1d23adc503e4?s=96&d=mm&r=g\",\"url\":\"https:\\\/\\\/secure.gravatar.com\\\/avatar\\\/9014b89254123c1f240ae636cc793b98ce50ec2df162909756be1d23adc503e4?s=96&d=mm&r=g\",\"contentUrl\":\"https:\\\/\\\/secure.gravatar.com\\\/avatar\\\/9014b89254123c1f240ae636cc793b98ce50ec2df162909756be1d23adc503e4?s=96&d=mm&r=g\",\"caption\":\"xavier\"},\"url\":\"https:\\\/\\\/www.infarma.es\\\/ca\\\/author\\\/xavier\\\/\"}]}<\/script>\n<!-- \/ Yoast SEO plugin. -->","yoast_head_json":{"title":"PiLeJe refuerza su compromiso con la salud de los m\u00e1s peque\u00f1os","description":"Hoy te presentamos las \u00faltimas novedades: Lactibiane ATB Enfant y Omegabiane Enfant, nuevas soluciones adaptadas a sus necesidades.","robots":{"index":"index","follow":"follow","max-snippet":"max-snippet:-1","max-image-preview":"max-image-preview:large","max-video-preview":"max-video-preview:-1"},"canonical":"https:\/\/www.infarma.es\/ca\/pileje-compromiso-salud-pequenos-soluciones-adaptadas\/","og_locale":"ca_ES","og_type":"article","og_title":"PiLeJe refuerza su compromiso con la salud de los m\u00e1s peque\u00f1os","og_description":"Hoy te presentamos las \u00faltimas novedades: Lactibiane ATB Enfant y Omegabiane Enfant, nuevas soluciones adaptadas a sus necesidades.","og_url":"https:\/\/www.infarma.es\/ca\/pileje-compromiso-salud-pequenos-soluciones-adaptadas\/","og_site_name":"Infarma","article_publisher":"https:\/\/www.facebook.com\/infarmaoficial\/","article_published_time":"2026-03-09T16:59:02+00:00","og_image":[{"width":1600,"height":900,"url":"https:\/\/www.infarma.es\/wp-content\/uploads\/2026\/03\/inf2026-pileje-ATB-Enfant-Omegabiane-blog.webp","type":"image\/webp"}],"author":"xavier","twitter_card":"summary_large_image","twitter_creator":"@infarma_es","twitter_site":"@infarma_es","twitter_misc":{"Escrit per":"xavier","Temps estimat de lectura":"4 minuts"},"schema":{"@context":"https:\/\/schema.org","@graph":[{"@type":"Article","@id":"https:\/\/www.infarma.es\/ca\/pileje-compromiso-salud-pequenos-soluciones-adaptadas\/#article","isPartOf":{"@id":"https:\/\/www.infarma.es\/ca\/pileje-compromiso-salud-pequenos-soluciones-adaptadas\/"},"author":{"name":"xavier","@id":"https:\/\/www.infarma.es\/ca\/#\/schema\/person\/e53486dc47606cc5c89217026a8a01a7"},"headline":"PiLeJe refuerza su compromiso con la salud de los m\u00e1s peque\u00f1os: nuevas soluciones adaptadas a sus necesidades","datePublished":"2026-03-09T16:59:02+00:00","mainEntityOfPage":{"@id":"https:\/\/www.infarma.es\/ca\/pileje-compromiso-salud-pequenos-soluciones-adaptadas\/"},"wordCount":712,"publisher":{"@id":"https:\/\/www.infarma.es\/ca\/#organization"},"image":{"@id":"https:\/\/www.infarma.es\/ca\/pileje-compromiso-salud-pequenos-soluciones-adaptadas\/#primaryimage"},"thumbnailUrl":"https:\/\/www.infarma.es\/wp-content\/uploads\/2026\/03\/inf2026-pileje-ATB-Enfant-Omegabiane-blog.webp","articleSection":["Noticias del Sal\u00f3n"],"inLanguage":"ca"},{"@type":"WebPage","@id":"https:\/\/www.infarma.es\/ca\/pileje-compromiso-salud-pequenos-soluciones-adaptadas\/","url":"https:\/\/www.infarma.es\/ca\/pileje-compromiso-salud-pequenos-soluciones-adaptadas\/","name":"PiLeJe refuerza su compromiso con la salud de los m\u00e1s peque\u00f1os","isPartOf":{"@id":"https:\/\/www.infarma.es\/ca\/#website"},"primaryImageOfPage":{"@id":"https:\/\/www.infarma.es\/ca\/pileje-compromiso-salud-pequenos-soluciones-adaptadas\/#primaryimage"},"image":{"@id":"https:\/\/www.infarma.es\/ca\/pileje-compromiso-salud-pequenos-soluciones-adaptadas\/#primaryimage"},"thumbnailUrl":"https:\/\/www.infarma.es\/wp-content\/uploads\/2026\/03\/inf2026-pileje-ATB-Enfant-Omegabiane-blog.webp","datePublished":"2026-03-09T16:59:02+00:00","description":"Hoy te presentamos las \u00faltimas novedades: Lactibiane ATB Enfant y Omegabiane Enfant, nuevas soluciones adaptadas a sus necesidades.","breadcrumb":{"@id":"https:\/\/www.infarma.es\/ca\/pileje-compromiso-salud-pequenos-soluciones-adaptadas\/#breadcrumb"},"inLanguage":"ca","potentialAction":[{"@type":"ReadAction","target":["https:\/\/www.infarma.es\/ca\/pileje-compromiso-salud-pequenos-soluciones-adaptadas\/"]}]},{"@type":"ImageObject","inLanguage":"ca","@id":"https:\/\/www.infarma.es\/ca\/pileje-compromiso-salud-pequenos-soluciones-adaptadas\/#primaryimage","url":"https:\/\/www.infarma.es\/wp-content\/uploads\/2026\/03\/inf2026-pileje-ATB-Enfant-Omegabiane-blog.webp","contentUrl":"https:\/\/www.infarma.es\/wp-content\/uploads\/2026\/03\/inf2026-pileje-ATB-Enfant-Omegabiane-blog.webp","width":1600,"height":900,"caption":"Pileje - Soluciones para la etapa infantil, complementos alimenticios para el apoyo nutricional de los m\u00e1s peque\u00f1os. Omegabiane enfant y Lactibiane ATB"},{"@type":"BreadcrumbList","@id":"https:\/\/www.infarma.es\/ca\/pileje-compromiso-salud-pequenos-soluciones-adaptadas\/#breadcrumb","itemListElement":[{"@type":"ListItem","position":1,"name":"Portada","item":"https:\/\/www.infarma.es\/ca\/"},{"@type":"ListItem","position":2,"name":"PiLeJe refuerza su compromiso con la salud de los m\u00e1s peque\u00f1os: nuevas soluciones adaptadas a sus necesidades"}]},{"@type":"WebSite","@id":"https:\/\/www.infarma.es\/ca\/#website","url":"https:\/\/www.infarma.es\/ca\/","name":"Infarma","description":"El mayor encuentro de farmacia","publisher":{"@id":"https:\/\/www.infarma.es\/ca\/#organization"},"potentialAction":[{"@type":"SearchAction","target":{"@type":"EntryPoint","urlTemplate":"https:\/\/www.infarma.es\/ca\/?s={search_term_string}"},"query-input":{"@type":"PropertyValueSpecification","valueRequired":true,"valueName":"search_term_string"}}],"inLanguage":"ca"},{"@type":"Organization","@id":"https:\/\/www.infarma.es\/ca\/#organization","name":"Infarma","url":"https:\/\/www.infarma.es\/ca\/","logo":{"@type":"ImageObject","inLanguage":"ca","@id":"https:\/\/www.infarma.es\/ca\/#\/schema\/logo\/image\/","url":"https:\/\/www.infarma.es\/wp-content\/uploads\/2024\/10\/logo-simple.svg","contentUrl":"https:\/\/www.infarma.es\/wp-content\/uploads\/2024\/10\/logo-simple.svg","width":1,"height":1,"caption":"Infarma"},"image":{"@id":"https:\/\/www.infarma.es\/ca\/#\/schema\/logo\/image\/"},"sameAs":["https:\/\/www.facebook.com\/infarmaoficial\/","https:\/\/x.com\/infarma_es","https:\/\/www.instagram.com\/infarma_oficial\/","https:\/\/www.linkedin.com\/showcase\/infarma-salon\/","https:\/\/www.youtube.com\/@INFARMAOFICIAL"]},{"@type":"Person","@id":"https:\/\/www.infarma.es\/ca\/#\/schema\/person\/e53486dc47606cc5c89217026a8a01a7","name":"xavier","image":{"@type":"ImageObject","inLanguage":"ca","@id":"https:\/\/secure.gravatar.com\/avatar\/9014b89254123c1f240ae636cc793b98ce50ec2df162909756be1d23adc503e4?s=96&d=mm&r=g","url":"https:\/\/secure.gravatar.com\/avatar\/9014b89254123c1f240ae636cc793b98ce50ec2df162909756be1d23adc503e4?s=96&d=mm&r=g","contentUrl":"https:\/\/secure.gravatar.com\/avatar\/9014b89254123c1f240ae636cc793b98ce50ec2df162909756be1d23adc503e4?s=96&d=mm&r=g","caption":"xavier"},"url":"https:\/\/www.infarma.es\/ca\/author\/xavier\/"}]}},"_links":{"self":[{"href":"https:\/\/www.infarma.es\/ca\/wp-json\/wp\/v2\/posts\/23980","targetHints":{"allow":["GET"]}}],"collection":[{"href":"https:\/\/www.infarma.es\/ca\/wp-json\/wp\/v2\/posts"}],"about":[{"href":"https:\/\/www.infarma.es\/ca\/wp-json\/wp\/v2\/types\/post"}],"author":[{"embeddable":true,"href":"https:\/\/www.infarma.es\/ca\/wp-json\/wp\/v2\/users\/2"}],"replies":[{"embeddable":true,"href":"https:\/\/www.infarma.es\/ca\/wp-json\/wp\/v2\/comments?post=23980"}],"version-history":[{"count":2,"href":"https:\/\/www.infarma.es\/ca\/wp-json\/wp\/v2\/posts\/23980\/revisions"}],"predecessor-version":[{"id":23985,"href":"https:\/\/www.infarma.es\/ca\/wp-json\/wp\/v2\/posts\/23980\/revisions\/23985"}],"wp:featuredmedia":[{"embeddable":true,"href":"https:\/\/www.infarma.es\/ca\/wp-json\/wp\/v2\/media\/23981"}],"wp:attachment":[{"href":"https:\/\/www.infarma.es\/ca\/wp-json\/wp\/v2\/media?parent=23980"}],"wp:term":[{"taxonomy":"category","embeddable":true,"href":"https:\/\/www.infarma.es\/ca\/wp-json\/wp\/v2\/categories?post=23980"},{"taxonomy":"post_tag","embeddable":true,"href":"https:\/\/www.infarma.es\/ca\/wp-json\/wp\/v2\/tags?post=23980"}],"curies":[{"name":"wp","href":"https:\/\/api.w.org\/{rel}","templated":true}]}}