{"id":10913,"date":"2023-11-29T11:10:14","date_gmt":"2023-11-29T10:10:14","guid":{"rendered":"https:\/\/www.infarma.es\/?p=10913"},"modified":"2024-07-23T12:58:19","modified_gmt":"2024-07-23T10:58:19","slug":"premium-de-lierac-la-nueva-gama-antiedad-celular","status":"publish","type":"post","link":"https:\/\/www.infarma.es\/en\/premium-de-lierac-la-nueva-gama-antiedad-celular\/","title":{"rendered":"Premium de Lierac: la nueva gama antiedad celular"},"content":{"rendered":"\n<p>Despu\u00e9s de m\u00e1s de 10 a\u00f1os de investigaci\u00f3n sobre la vida celular y la senoterapia, Lierac reinventa <a href=\"https:\/\/es.lierac.com\/c\/rostro\/gamas\/premium-tratamiento-facial-antiedad\"><strong>Premium<\/strong><\/a>. Una colecci\u00f3n excepcional, desarrollada en colaboraci\u00f3n con un panel de expertos que se centra por primera vez en <strong>3 prote\u00ednas principales implicadas en el envejecimiento cut\u00e1neo: FOXO, GDF-11 y NRF-2.<\/strong><\/p>\n\n\n\n<p>Identificar el problema y reprogramar los mecanismos en el origen de los s\u00edntomas. Esta es la filosof\u00eda de los Laboratorios Lierac y dicta cada una de sus innovaciones. Por ello, la tecnolog\u00eda [F.G.N.] presente en la nueva gama Premium cuenta con <strong>3 activos patentados<\/strong> queact\u00faan sobre <strong>3 prote\u00ednas mensajeras <\/strong>clavecon <strong>3 acciones celulares <\/strong>esencialespara la juventud de la piel. Una respuesta precisa y validada por la Ciencia para regular la actividad de las c\u00e9lulas madre y asegurar la <strong>regeneraci\u00f3n cut\u00e1nea<\/strong> a nivel de la epidermis (FOXO), actuar contra la senescencia celular y activar el <strong>\u201creverse aging\u201d <\/strong>a nivel de la dermis (GDF-11) y <strong>potenciar la vitalidad de las c\u00e9lulas activas<\/strong> en todos los niveles de la piel (NRF-2).<strong><\/strong><\/p>\n\n\n\n<p>Estas acciones celulares se deben a <strong>3 activos patentados<\/strong>: el extracto de <strong>s\u00e1ndalo blanco <\/strong>capaz de biomimetizar la prote\u00edna FOXO, el <strong>ARN de baobab <\/strong>capaz de estimular la prote\u00edna GDF-11 y el <strong>extracto de jovibarba <\/strong>capaz de reactivar la prote\u00edna NRF-2.<\/p>\n\n\n\n<p>Toda la ciencia concentrada en 4 tratamientos ultrasensoriales con un m\u00ednimo de 95% de ingredientes de origen natural. Sus f\u00f3rmulas corrigen todos los signos de la edad gracias a la tecnolog\u00eda [F.G.N.], que en cada tratamiento se combina con ingredientes que complementan diferentes acciones.<\/p>\n\n\n\n<div style=\"height:30px\" aria-hidden=\"true\" class=\"wp-block-spacer\"><\/div>\n\n\n\n<p><a href=\"https:\/\/es.lierac.com\/p\/lc1006041aa-serum-absoluto-antiedad-global-30ml\" target=\"_blank\" rel=\"noreferrer noopener\"><strong>El S\u00e9rum Absoluto<\/strong><\/a><\/p>\n\n\n\n<p>96 % de ingredientes de origen natural<\/p>\n\n\n\n<p>Con su doble textura extraordinaria, el S\u00e9rum Absoluto y sus 7300 microc\u00e1psulas fusionan el frescor del agua con el confort del aceite. Los laboratorios de formulaci\u00f3n han seleccionado la papa\u00edna, una enzima que afina la textura de la piel y sublima la luminosidad cut\u00e1nea. Y finalmente, la niacinamida para prevenir y corregir las manchas pigmentarias.<\/p>\n\n\n\n<div style=\"height:30px\" aria-hidden=\"true\" class=\"wp-block-spacer\"><\/div>\n\n\n\n<p><a href=\"https:\/\/es.lierac.com\/p\/lc1006031aa-crema-de-ojos-premium-antiarrugas-20mll\" target=\"_blank\" rel=\"noreferrer noopener\"><strong>La Crema de Ojos<\/strong><\/a><\/p>\n\n\n\n<p>95 % de ingredientes de origen natural<\/p>\n\n\n\n<p>Los Laboratorios Lierac han seleccionado la genciana que act\u00faa sobre los problemas espec\u00edficos del contorno de los ojos. Tambi\u00e9n han incluido la niacinamida para reforzar la acci\u00f3n antimanchas, y n\u00e1cares para iluminar toda la zona. Este tratamiento ha sido formulado sin perfume para una mayor tolerancia por parte de los ojos sensibles, bajo control oftalmol\u00f3gico.<\/p>\n\n\n\n<div style=\"height:30px\" aria-hidden=\"true\" class=\"wp-block-spacer\"><\/div>\n\n\n\n<p><a href=\"https:\/\/es.lierac.com\/p\/lc1006011aa-crema-sedosa-antienvejecimiento-global-50ml\" target=\"_blank\" rel=\"noreferrer noopener\"><strong>La Crema Sedosa<\/strong><\/a><\/p>\n\n\n\n<p>95 % de ingredientes de origen natural<\/p>\n\n\n\n<p>Ideal para piel normal a mixta, est\u00e1 enriquecida con \u00e1cido hialur\u00f3nico altamente hidratante y con niacinamida antimanchas para una piel lisa y perfectamente uniforme.<\/p>\n\n\n\n<div style=\"height:30px\" aria-hidden=\"true\" class=\"wp-block-spacer\"><\/div>\n\n\n\n<p><a href=\"https:\/\/es.lierac.com\/p\/lc1006021aa-premium-la-crema-voluptuosa-antiedad-global-50ml\" target=\"_blank\" rel=\"noreferrer noopener\"><strong>La Crema Voluptuosa<\/strong><\/a><\/p>\n\n\n\n<p>95 % de ingredientes de origen natural<\/p>\n\n\n\n<p>El producto estrella corrige todos los signos de la edad sin excepci\u00f3n. Contiene \u00e1cido hialur\u00f3nico de alto peso molecular, niacinamida, y manteca de karit\u00e9 para nutrir la piel normal a seca.<\/p>\n\n\n\n<p>Una proeza de formulaci\u00f3n, m\u00e1s de 130 ensayos han sido necesarios para conseguir las texturas ic\u00f3nicas \u00absilicone-like\u00bb de la gama. Su fragancia mantiene su perfume emblem\u00e1tico y delicadamente floreado, revelando sutiles notas de jazm\u00edn, rosa e ylang-ylang. Alineados en su enfoque ecorresponsable, los Laboratorios Lierac han creado nuevos packagings reciclados y reciclables, as\u00ed como recargas para la Crema Voluptuosa y la Crema Sedosa.<\/p>\n","protected":false},"excerpt":{"rendered":"<p>Despu\u00e9s de m\u00e1s de 10 a\u00f1os de investigaci\u00f3n sobre la vida celular y la senoterapia, Lierac reinventa Premium. Una colecci\u00f3n excepcional, desarrollada en colaboraci\u00f3n con un panel de expertos que se centra por primera vez en 3 prote\u00ednas principales implicadas en el envejecimiento cut\u00e1neo: FOXO, GDF-11 y NRF-2. Identificar el problema y reprogramar los mecanismos [&hellip;]<\/p>\n","protected":false},"author":2,"featured_media":13643,"comment_status":"closed","ping_status":"closed","sticky":false,"template":"","format":"standard","meta":{"footnotes":""},"categories":[141],"tags":[],"class_list":["post-10913","post","type-post","status-publish","format-standard","has-post-thumbnail","hentry","category-noticias-del-salon"],"yoast_head":"<!-- This site is optimized with the Yoast SEO plugin v27.4 - https:\/\/yoast.com\/product\/yoast-seo-wordpress\/ -->\n<title>Premium de Lierac: la nueva gama antiedad celular<\/title>\n<meta name=\"description\" content=\"Despu\u00e9s de m\u00e1s de 10 a\u00f1os de investigaci\u00f3n sobre la vida celular y la senoterapia, Lierac reinventa Premium.\" \/>\n<meta name=\"robots\" content=\"index, follow, max-snippet:-1, max-image-preview:large, max-video-preview:-1\" \/>\n<link rel=\"canonical\" href=\"https:\/\/www.infarma.es\/en\/premium-de-lierac-la-nueva-gama-antiedad-celular\/\" \/>\n<meta property=\"og:locale\" content=\"en_US\" \/>\n<meta property=\"og:type\" content=\"article\" \/>\n<meta property=\"og:title\" content=\"Premium de Lierac: la nueva gama antiedad celular\" \/>\n<meta property=\"og:description\" content=\"Despu\u00e9s de m\u00e1s de 10 a\u00f1os de investigaci\u00f3n sobre la vida celular y la senoterapia, Lierac reinventa Premium.\" \/>\n<meta property=\"og:url\" content=\"https:\/\/www.infarma.es\/en\/premium-de-lierac-la-nueva-gama-antiedad-celular\/\" \/>\n<meta property=\"og:site_name\" content=\"Infarma\" \/>\n<meta property=\"article:publisher\" content=\"https:\/\/www.facebook.com\/infarmaoficial\/\" \/>\n<meta property=\"article:published_time\" content=\"2023-11-29T10:10:14+00:00\" \/>\n<meta property=\"article:modified_time\" content=\"2024-07-23T10:58:19+00:00\" \/>\n<meta property=\"og:image\" content=\"https:\/\/www.infarma.es\/wp-content\/uploads\/2024\/07\/inf24-Lierac_Premium_Gamme-blog.webp\" \/>\n\t<meta property=\"og:image:width\" content=\"1600\" \/>\n\t<meta property=\"og:image:height\" content=\"900\" \/>\n\t<meta property=\"og:image:type\" content=\"image\/webp\" \/>\n<meta name=\"author\" content=\"xavier\" \/>\n<meta name=\"twitter:card\" content=\"summary_large_image\" \/>\n<meta name=\"twitter:creator\" content=\"@infarma_es\" \/>\n<meta name=\"twitter:site\" content=\"@infarma_es\" \/>\n<meta name=\"twitter:label1\" content=\"Written by\" \/>\n\t<meta name=\"twitter:data1\" content=\"xavier\" \/>\n\t<meta name=\"twitter:label2\" content=\"Est. reading time\" \/>\n\t<meta name=\"twitter:data2\" content=\"3 minutes\" \/>\n<script type=\"application\/ld+json\" class=\"yoast-schema-graph\">{\"@context\":\"https:\\\/\\\/schema.org\",\"@graph\":[{\"@type\":\"Article\",\"@id\":\"https:\\\/\\\/www.infarma.es\\\/en\\\/premium-de-lierac-la-nueva-gama-antiedad-celular\\\/#article\",\"isPartOf\":{\"@id\":\"https:\\\/\\\/www.infarma.es\\\/en\\\/premium-de-lierac-la-nueva-gama-antiedad-celular\\\/\"},\"author\":{\"name\":\"xavier\",\"@id\":\"https:\\\/\\\/www.infarma.es\\\/en\\\/#\\\/schema\\\/person\\\/e53486dc47606cc5c89217026a8a01a7\"},\"headline\":\"Premium de Lierac: la nueva gama antiedad celular\",\"datePublished\":\"2023-11-29T10:10:14+00:00\",\"dateModified\":\"2024-07-23T10:58:19+00:00\",\"mainEntityOfPage\":{\"@id\":\"https:\\\/\\\/www.infarma.es\\\/en\\\/premium-de-lierac-la-nueva-gama-antiedad-celular\\\/\"},\"wordCount\":558,\"publisher\":{\"@id\":\"https:\\\/\\\/www.infarma.es\\\/en\\\/#organization\"},\"image\":{\"@id\":\"https:\\\/\\\/www.infarma.es\\\/en\\\/premium-de-lierac-la-nueva-gama-antiedad-celular\\\/#primaryimage\"},\"thumbnailUrl\":\"https:\\\/\\\/www.infarma.es\\\/wp-content\\\/uploads\\\/2024\\\/07\\\/inf24-Lierac_Premium_Gamme-blog.webp\",\"articleSection\":[\"Noticias del Sal\u00f3n\"],\"inLanguage\":\"en-US\"},{\"@type\":\"WebPage\",\"@id\":\"https:\\\/\\\/www.infarma.es\\\/en\\\/premium-de-lierac-la-nueva-gama-antiedad-celular\\\/\",\"url\":\"https:\\\/\\\/www.infarma.es\\\/en\\\/premium-de-lierac-la-nueva-gama-antiedad-celular\\\/\",\"name\":\"Premium de Lierac: la nueva gama antiedad celular\",\"isPartOf\":{\"@id\":\"https:\\\/\\\/www.infarma.es\\\/en\\\/#website\"},\"primaryImageOfPage\":{\"@id\":\"https:\\\/\\\/www.infarma.es\\\/en\\\/premium-de-lierac-la-nueva-gama-antiedad-celular\\\/#primaryimage\"},\"image\":{\"@id\":\"https:\\\/\\\/www.infarma.es\\\/en\\\/premium-de-lierac-la-nueva-gama-antiedad-celular\\\/#primaryimage\"},\"thumbnailUrl\":\"https:\\\/\\\/www.infarma.es\\\/wp-content\\\/uploads\\\/2024\\\/07\\\/inf24-Lierac_Premium_Gamme-blog.webp\",\"datePublished\":\"2023-11-29T10:10:14+00:00\",\"dateModified\":\"2024-07-23T10:58:19+00:00\",\"description\":\"Despu\u00e9s de m\u00e1s de 10 a\u00f1os de investigaci\u00f3n sobre la vida celular y la senoterapia, Lierac reinventa Premium.\",\"breadcrumb\":{\"@id\":\"https:\\\/\\\/www.infarma.es\\\/en\\\/premium-de-lierac-la-nueva-gama-antiedad-celular\\\/#breadcrumb\"},\"inLanguage\":\"en-US\",\"potentialAction\":[{\"@type\":\"ReadAction\",\"target\":[\"https:\\\/\\\/www.infarma.es\\\/en\\\/premium-de-lierac-la-nueva-gama-antiedad-celular\\\/\"]}]},{\"@type\":\"ImageObject\",\"inLanguage\":\"en-US\",\"@id\":\"https:\\\/\\\/www.infarma.es\\\/en\\\/premium-de-lierac-la-nueva-gama-antiedad-celular\\\/#primaryimage\",\"url\":\"https:\\\/\\\/www.infarma.es\\\/wp-content\\\/uploads\\\/2024\\\/07\\\/inf24-Lierac_Premium_Gamme-blog.webp\",\"contentUrl\":\"https:\\\/\\\/www.infarma.es\\\/wp-content\\\/uploads\\\/2024\\\/07\\\/inf24-Lierac_Premium_Gamme-blog.webp\",\"width\":1600,\"height\":900},{\"@type\":\"BreadcrumbList\",\"@id\":\"https:\\\/\\\/www.infarma.es\\\/en\\\/premium-de-lierac-la-nueva-gama-antiedad-celular\\\/#breadcrumb\",\"itemListElement\":[{\"@type\":\"ListItem\",\"position\":1,\"name\":\"Portada\",\"item\":\"https:\\\/\\\/www.infarma.es\\\/en\\\/\"},{\"@type\":\"ListItem\",\"position\":2,\"name\":\"Premium de Lierac: la nueva gama antiedad celular\"}]},{\"@type\":\"WebSite\",\"@id\":\"https:\\\/\\\/www.infarma.es\\\/en\\\/#website\",\"url\":\"https:\\\/\\\/www.infarma.es\\\/en\\\/\",\"name\":\"Infarma\",\"description\":\"El mayor encuentro de farmacia\",\"publisher\":{\"@id\":\"https:\\\/\\\/www.infarma.es\\\/en\\\/#organization\"},\"potentialAction\":[{\"@type\":\"SearchAction\",\"target\":{\"@type\":\"EntryPoint\",\"urlTemplate\":\"https:\\\/\\\/www.infarma.es\\\/en\\\/?s={search_term_string}\"},\"query-input\":{\"@type\":\"PropertyValueSpecification\",\"valueRequired\":true,\"valueName\":\"search_term_string\"}}],\"inLanguage\":\"en-US\"},{\"@type\":\"Organization\",\"@id\":\"https:\\\/\\\/www.infarma.es\\\/en\\\/#organization\",\"name\":\"Infarma\",\"url\":\"https:\\\/\\\/www.infarma.es\\\/en\\\/\",\"logo\":{\"@type\":\"ImageObject\",\"inLanguage\":\"en-US\",\"@id\":\"https:\\\/\\\/www.infarma.es\\\/en\\\/#\\\/schema\\\/logo\\\/image\\\/\",\"url\":\"https:\\\/\\\/www.infarma.es\\\/wp-content\\\/uploads\\\/2024\\\/10\\\/logo-simple.svg\",\"contentUrl\":\"https:\\\/\\\/www.infarma.es\\\/wp-content\\\/uploads\\\/2024\\\/10\\\/logo-simple.svg\",\"width\":1,\"height\":1,\"caption\":\"Infarma\"},\"image\":{\"@id\":\"https:\\\/\\\/www.infarma.es\\\/en\\\/#\\\/schema\\\/logo\\\/image\\\/\"},\"sameAs\":[\"https:\\\/\\\/www.facebook.com\\\/infarmaoficial\\\/\",\"https:\\\/\\\/x.com\\\/infarma_es\",\"https:\\\/\\\/www.instagram.com\\\/infarma_oficial\\\/\",\"https:\\\/\\\/www.linkedin.com\\\/showcase\\\/infarma-salon\\\/\",\"https:\\\/\\\/www.youtube.com\\\/@INFARMAOFICIAL\"]},{\"@type\":\"Person\",\"@id\":\"https:\\\/\\\/www.infarma.es\\\/en\\\/#\\\/schema\\\/person\\\/e53486dc47606cc5c89217026a8a01a7\",\"name\":\"xavier\",\"image\":{\"@type\":\"ImageObject\",\"inLanguage\":\"en-US\",\"@id\":\"https:\\\/\\\/secure.gravatar.com\\\/avatar\\\/9014b89254123c1f240ae636cc793b98ce50ec2df162909756be1d23adc503e4?s=96&d=mm&r=g\",\"url\":\"https:\\\/\\\/secure.gravatar.com\\\/avatar\\\/9014b89254123c1f240ae636cc793b98ce50ec2df162909756be1d23adc503e4?s=96&d=mm&r=g\",\"contentUrl\":\"https:\\\/\\\/secure.gravatar.com\\\/avatar\\\/9014b89254123c1f240ae636cc793b98ce50ec2df162909756be1d23adc503e4?s=96&d=mm&r=g\",\"caption\":\"xavier\"},\"url\":\"https:\\\/\\\/www.infarma.es\\\/en\\\/author\\\/xavier\\\/\"}]}<\/script>\n<!-- \/ Yoast SEO plugin. -->","yoast_head_json":{"title":"Premium de Lierac: la nueva gama antiedad celular","description":"Despu\u00e9s de m\u00e1s de 10 a\u00f1os de investigaci\u00f3n sobre la vida celular y la senoterapia, Lierac reinventa Premium.","robots":{"index":"index","follow":"follow","max-snippet":"max-snippet:-1","max-image-preview":"max-image-preview:large","max-video-preview":"max-video-preview:-1"},"canonical":"https:\/\/www.infarma.es\/en\/premium-de-lierac-la-nueva-gama-antiedad-celular\/","og_locale":"en_US","og_type":"article","og_title":"Premium de Lierac: la nueva gama antiedad celular","og_description":"Despu\u00e9s de m\u00e1s de 10 a\u00f1os de investigaci\u00f3n sobre la vida celular y la senoterapia, Lierac reinventa Premium.","og_url":"https:\/\/www.infarma.es\/en\/premium-de-lierac-la-nueva-gama-antiedad-celular\/","og_site_name":"Infarma","article_publisher":"https:\/\/www.facebook.com\/infarmaoficial\/","article_published_time":"2023-11-29T10:10:14+00:00","article_modified_time":"2024-07-23T10:58:19+00:00","og_image":[{"width":1600,"height":900,"url":"https:\/\/www.infarma.es\/wp-content\/uploads\/2024\/07\/inf24-Lierac_Premium_Gamme-blog.webp","type":"image\/webp"}],"author":"xavier","twitter_card":"summary_large_image","twitter_creator":"@infarma_es","twitter_site":"@infarma_es","twitter_misc":{"Written by":"xavier","Est. reading time":"3 minutes"},"schema":{"@context":"https:\/\/schema.org","@graph":[{"@type":"Article","@id":"https:\/\/www.infarma.es\/en\/premium-de-lierac-la-nueva-gama-antiedad-celular\/#article","isPartOf":{"@id":"https:\/\/www.infarma.es\/en\/premium-de-lierac-la-nueva-gama-antiedad-celular\/"},"author":{"name":"xavier","@id":"https:\/\/www.infarma.es\/en\/#\/schema\/person\/e53486dc47606cc5c89217026a8a01a7"},"headline":"Premium de Lierac: la nueva gama antiedad celular","datePublished":"2023-11-29T10:10:14+00:00","dateModified":"2024-07-23T10:58:19+00:00","mainEntityOfPage":{"@id":"https:\/\/www.infarma.es\/en\/premium-de-lierac-la-nueva-gama-antiedad-celular\/"},"wordCount":558,"publisher":{"@id":"https:\/\/www.infarma.es\/en\/#organization"},"image":{"@id":"https:\/\/www.infarma.es\/en\/premium-de-lierac-la-nueva-gama-antiedad-celular\/#primaryimage"},"thumbnailUrl":"https:\/\/www.infarma.es\/wp-content\/uploads\/2024\/07\/inf24-Lierac_Premium_Gamme-blog.webp","articleSection":["Noticias del Sal\u00f3n"],"inLanguage":"en-US"},{"@type":"WebPage","@id":"https:\/\/www.infarma.es\/en\/premium-de-lierac-la-nueva-gama-antiedad-celular\/","url":"https:\/\/www.infarma.es\/en\/premium-de-lierac-la-nueva-gama-antiedad-celular\/","name":"Premium de Lierac: la nueva gama antiedad celular","isPartOf":{"@id":"https:\/\/www.infarma.es\/en\/#website"},"primaryImageOfPage":{"@id":"https:\/\/www.infarma.es\/en\/premium-de-lierac-la-nueva-gama-antiedad-celular\/#primaryimage"},"image":{"@id":"https:\/\/www.infarma.es\/en\/premium-de-lierac-la-nueva-gama-antiedad-celular\/#primaryimage"},"thumbnailUrl":"https:\/\/www.infarma.es\/wp-content\/uploads\/2024\/07\/inf24-Lierac_Premium_Gamme-blog.webp","datePublished":"2023-11-29T10:10:14+00:00","dateModified":"2024-07-23T10:58:19+00:00","description":"Despu\u00e9s de m\u00e1s de 10 a\u00f1os de investigaci\u00f3n sobre la vida celular y la senoterapia, Lierac reinventa Premium.","breadcrumb":{"@id":"https:\/\/www.infarma.es\/en\/premium-de-lierac-la-nueva-gama-antiedad-celular\/#breadcrumb"},"inLanguage":"en-US","potentialAction":[{"@type":"ReadAction","target":["https:\/\/www.infarma.es\/en\/premium-de-lierac-la-nueva-gama-antiedad-celular\/"]}]},{"@type":"ImageObject","inLanguage":"en-US","@id":"https:\/\/www.infarma.es\/en\/premium-de-lierac-la-nueva-gama-antiedad-celular\/#primaryimage","url":"https:\/\/www.infarma.es\/wp-content\/uploads\/2024\/07\/inf24-Lierac_Premium_Gamme-blog.webp","contentUrl":"https:\/\/www.infarma.es\/wp-content\/uploads\/2024\/07\/inf24-Lierac_Premium_Gamme-blog.webp","width":1600,"height":900},{"@type":"BreadcrumbList","@id":"https:\/\/www.infarma.es\/en\/premium-de-lierac-la-nueva-gama-antiedad-celular\/#breadcrumb","itemListElement":[{"@type":"ListItem","position":1,"name":"Portada","item":"https:\/\/www.infarma.es\/en\/"},{"@type":"ListItem","position":2,"name":"Premium de Lierac: la nueva gama antiedad celular"}]},{"@type":"WebSite","@id":"https:\/\/www.infarma.es\/en\/#website","url":"https:\/\/www.infarma.es\/en\/","name":"Infarma","description":"El mayor encuentro de farmacia","publisher":{"@id":"https:\/\/www.infarma.es\/en\/#organization"},"potentialAction":[{"@type":"SearchAction","target":{"@type":"EntryPoint","urlTemplate":"https:\/\/www.infarma.es\/en\/?s={search_term_string}"},"query-input":{"@type":"PropertyValueSpecification","valueRequired":true,"valueName":"search_term_string"}}],"inLanguage":"en-US"},{"@type":"Organization","@id":"https:\/\/www.infarma.es\/en\/#organization","name":"Infarma","url":"https:\/\/www.infarma.es\/en\/","logo":{"@type":"ImageObject","inLanguage":"en-US","@id":"https:\/\/www.infarma.es\/en\/#\/schema\/logo\/image\/","url":"https:\/\/www.infarma.es\/wp-content\/uploads\/2024\/10\/logo-simple.svg","contentUrl":"https:\/\/www.infarma.es\/wp-content\/uploads\/2024\/10\/logo-simple.svg","width":1,"height":1,"caption":"Infarma"},"image":{"@id":"https:\/\/www.infarma.es\/en\/#\/schema\/logo\/image\/"},"sameAs":["https:\/\/www.facebook.com\/infarmaoficial\/","https:\/\/x.com\/infarma_es","https:\/\/www.instagram.com\/infarma_oficial\/","https:\/\/www.linkedin.com\/showcase\/infarma-salon\/","https:\/\/www.youtube.com\/@INFARMAOFICIAL"]},{"@type":"Person","@id":"https:\/\/www.infarma.es\/en\/#\/schema\/person\/e53486dc47606cc5c89217026a8a01a7","name":"xavier","image":{"@type":"ImageObject","inLanguage":"en-US","@id":"https:\/\/secure.gravatar.com\/avatar\/9014b89254123c1f240ae636cc793b98ce50ec2df162909756be1d23adc503e4?s=96&d=mm&r=g","url":"https:\/\/secure.gravatar.com\/avatar\/9014b89254123c1f240ae636cc793b98ce50ec2df162909756be1d23adc503e4?s=96&d=mm&r=g","contentUrl":"https:\/\/secure.gravatar.com\/avatar\/9014b89254123c1f240ae636cc793b98ce50ec2df162909756be1d23adc503e4?s=96&d=mm&r=g","caption":"xavier"},"url":"https:\/\/www.infarma.es\/en\/author\/xavier\/"}]}},"_links":{"self":[{"href":"https:\/\/www.infarma.es\/en\/wp-json\/wp\/v2\/posts\/10913","targetHints":{"allow":["GET"]}}],"collection":[{"href":"https:\/\/www.infarma.es\/en\/wp-json\/wp\/v2\/posts"}],"about":[{"href":"https:\/\/www.infarma.es\/en\/wp-json\/wp\/v2\/types\/post"}],"author":[{"embeddable":true,"href":"https:\/\/www.infarma.es\/en\/wp-json\/wp\/v2\/users\/2"}],"replies":[{"embeddable":true,"href":"https:\/\/www.infarma.es\/en\/wp-json\/wp\/v2\/comments?post=10913"}],"version-history":[{"count":2,"href":"https:\/\/www.infarma.es\/en\/wp-json\/wp\/v2\/posts\/10913\/revisions"}],"predecessor-version":[{"id":13672,"href":"https:\/\/www.infarma.es\/en\/wp-json\/wp\/v2\/posts\/10913\/revisions\/13672"}],"wp:featuredmedia":[{"embeddable":true,"href":"https:\/\/www.infarma.es\/en\/wp-json\/wp\/v2\/media\/13643"}],"wp:attachment":[{"href":"https:\/\/www.infarma.es\/en\/wp-json\/wp\/v2\/media?parent=10913"}],"wp:term":[{"taxonomy":"category","embeddable":true,"href":"https:\/\/www.infarma.es\/en\/wp-json\/wp\/v2\/categories?post=10913"},{"taxonomy":"post_tag","embeddable":true,"href":"https:\/\/www.infarma.es\/en\/wp-json\/wp\/v2\/tags?post=10913"}],"curies":[{"name":"wp","href":"https:\/\/api.w.org\/{rel}","templated":true}]}}