{"id":10941,"date":"2024-01-18T13:40:21","date_gmt":"2024-01-18T12:40:21","guid":{"rendered":"https:\/\/www.infarma.es\/?p=10941"},"modified":"2024-07-23T12:44:05","modified_gmt":"2024-07-23T10:44:05","slug":"xcalp-la-epigenetica-en-el-cuidado-capilar","status":"publish","type":"post","link":"https:\/\/www.infarma.es\/en\/xcalp-la-epigenetica-en-el-cuidado-capilar\/","title":{"rendered":"XCALP; la Epigen\u00e9tica en el cuidado capilar"},"content":{"rendered":"\n<p>Debilidad, p\u00e9rdida de volumen y densidad, sequedad, p\u00e9rdida de brillo y mayor ca\u00edda, son algunos de los principales signos que denotan el envejecimiento capilar.<\/p>\n\n\n\n<p>Pero \u00bfpor qu\u00e9 se produce el <strong>envejecimiento capilar<\/strong>?<\/p>\n\n\n\n<p>Es un proceso natural que afecta a hombres y mujeres por igual, en el que el cuero cabelludo est\u00e1 menos hidratado y el cabello se vuelve m\u00e1s fino, pierde densidad y se cae m\u00e1s.<\/p>\n\n\n\n<p>El envejecimiento del cuero cabelludo afecta a la calidad del col\u00e1geno, esencial para dar soporte a la ra\u00edz del cabello, alterando la estructura de la fibra capilar y haci\u00e9ndola m\u00e1s irregular.<\/p>\n\n\n\n<p>Investigaciones recientes han demostrado que factores como la gen\u00e9tica, el ambiente y la edad pueden da\u00f1ar las c\u00e9lulas madre del fol\u00edculo piloso, responsables del crecimiento y la regeneraci\u00f3n del cabello, acelerando as\u00ed el proceso de envejecimiento capilar. Una de las principales causas de este envejecimiento es la exposici\u00f3n a radicales libres porque generan estr\u00e9s oxidativo en nuestras c\u00e9lulas.<\/p>\n\n\n\n<p>Para contrarrestar estos efectos, es imprescindible un cuidado capilar integral, incluyendo antioxidantes que luchen contra los radicales libres, nutrientes para las c\u00e9lulas madre del fol\u00edculo piloso y prebi\u00f3ticos para mantener un microbioma capilar equilibrado.<\/p>\n\n\n\n<div style=\"height:30px\" aria-hidden=\"true\" class=\"wp-block-spacer\"><\/div>\n\n\n\n<h3 class=\"wp-block-heading\"><strong>Epigen\u00e9tica en el cuidado capilar<\/strong><strong><\/strong><\/h3>\n\n\n\n<p>La epigen\u00e9tica es un campo emergente de la ciencia que estudia los cambios hereditarios causados por la activaci\u00f3n y desactivaci\u00f3n de los genes sin que afecten a la secuencia del ADN.<\/p>\n\n\n\n<p>La epigen\u00e9tica aplicada en cosm\u00e9tica busca activar los mecanismos de regeneraci\u00f3n celular, normalizar la s\u00edntesis de prote\u00ednas encargadas de conferir la turgencia y la elasticidad a la piel que se van perdiendo con la edad y, de esta forma, recuperar parte de su juventud.<\/p>\n\n\n\n<p>Fruto de la investigaci\u00f3n en este novedoso campo se ha desarrollado <strong>EpigenCur\u00ae,<\/strong> un c\u00f3ctel de activos epigen\u00e9ticos que protege de los efectos que el estr\u00e9s puede causar sobre las c\u00e9lulas de la piel. Es una soluci\u00f3n innovadora de alta tecnolog\u00eda que aplicamos en los productos de <strong>HD Cosmetic Efficiency.<\/strong><\/p>\n\n\n\n<p>La nueva l\u00ednea XCALP, formulada con Epigen\u00e9tica:<\/p>\n\n\n\n<ul list-style-type: square; margin-left: 30px;\"><li>PROTEGE LA BARRERA CUT\u00c1NEA con activos hidratantes y limpiadores especialmente indicados para proteger la bicapa lip\u00eddica.<\/li><li>MANTIENE EL EQUILIBRIO del microbioma capilar gracias a los prebi\u00f3ticos y los antioxidantes.<\/li><li>REFUERZA EL FOL\u00cdCULO PILOSO reduciendo la p\u00e9rdida de cabello y el estr\u00e9s oxidativo causado por factores externos.<\/li><\/ul>\n\n\n\n<div style=\"height:30px\" aria-hidden=\"true\" class=\"wp-block-spacer\"><\/div>\n\n\n\n<p>Se compone de un tratamiento intensivo, un s\u00e9rum y un champ\u00fa.<\/p>\n\n\n\n<p>Para evaluar los beneficios de XCALP tras su aplicaci\u00f3n, se estudi\u00f3 el resultado en 20 voluntarios. Se midi\u00f3 el \u00e1rea y la densidad capilar con un esc\u00e1ner de luz azul Bio en tres momentos: antes del tratamiento, tras 56 d\u00edas y despu\u00e9s de 84 d\u00edas. El estudio se realiz\u00f3 bajo vigilancia dermatol\u00f3gica en BIONOS, Instituto de Investigaci\u00f3n del Hospital Universitario de la Fe (Valencia).<\/p>\n\n\n\n<p>El resultado mostr\u00f3 un aumento visible de densidad capilar.<\/p>\n\n\n\n<p>Si quieres descubrir el estudio completo y los beneficios de XCALP, vis\u00edtanos en INFARMA 2024 \u2013 Stand 3E21. \u00a1Te esperamos!<\/p>\n\n\n\n<p><a href=\"http:\/\/www.hddermocosmetics.com\" target=\"_blank\" rel=\"noreferrer noopener\">www.hddermocosmetics.com<\/a><br><a href=\"mailto:spain@hddermocosmetics.com\" target=\"_blank\" rel=\"noreferrer noopener\">spain@hddermocosmetics.com<\/a><br>900 123 117<\/p>\n","protected":false},"excerpt":{"rendered":"<p>Debilidad, p\u00e9rdida de volumen y densidad, sequedad, p\u00e9rdida de brillo y mayor ca\u00edda, son algunos de los principales signos que denotan el envejecimiento capilar. Pero \u00bfpor qu\u00e9 se produce el envejecimiento capilar? Es un proceso natural que afecta a hombres y mujeres por igual, en el que el cuero cabelludo est\u00e1 menos hidratado y el [&hellip;]<\/p>\n","protected":false},"author":2,"featured_media":13566,"comment_status":"closed","ping_status":"closed","sticky":false,"template":"","format":"standard","meta":{"footnotes":""},"categories":[141],"tags":[],"class_list":["post-10941","post","type-post","status-publish","format-standard","has-post-thumbnail","hentry","category-noticias-del-salon"],"yoast_head":"<!-- This site is optimized with the Yoast SEO plugin v27.4 - https:\/\/yoast.com\/product\/yoast-seo-wordpress\/ -->\n<title>XCALP; la Epigen\u00e9tica en el cuidado capilar<\/title>\n<meta name=\"description\" content=\"Debilidad, p\u00e9rdida de volumen y densidad, sequedad, p\u00e9rdida de brillo y mayor ca\u00edda, son algunos de los principales signos que denotan el envejecimiento capilar.\" \/>\n<meta name=\"robots\" content=\"index, follow, max-snippet:-1, max-image-preview:large, max-video-preview:-1\" \/>\n<link rel=\"canonical\" href=\"https:\/\/www.infarma.es\/en\/xcalp-la-epigenetica-en-el-cuidado-capilar\/\" \/>\n<meta property=\"og:locale\" content=\"en_US\" \/>\n<meta property=\"og:type\" content=\"article\" \/>\n<meta property=\"og:title\" content=\"XCALP; la Epigen\u00e9tica en el cuidado capilar\" \/>\n<meta property=\"og:description\" content=\"Debilidad, p\u00e9rdida de volumen y densidad, sequedad, p\u00e9rdida de brillo y mayor ca\u00edda, son algunos de los principales signos que denotan el envejecimiento capilar.\" \/>\n<meta property=\"og:url\" content=\"https:\/\/www.infarma.es\/en\/xcalp-la-epigenetica-en-el-cuidado-capilar\/\" \/>\n<meta property=\"og:site_name\" content=\"Infarma\" \/>\n<meta property=\"article:publisher\" content=\"https:\/\/www.facebook.com\/infarmaoficial\/\" \/>\n<meta property=\"article:published_time\" content=\"2024-01-18T12:40:21+00:00\" \/>\n<meta property=\"article:modified_time\" content=\"2024-07-23T10:44:05+00:00\" \/>\n<meta property=\"og:image\" content=\"https:\/\/www.infarma.es\/wp-content\/uploads\/2024\/07\/inf24-HD_XCALP-blog.webp\" \/>\n\t<meta property=\"og:image:width\" content=\"1600\" \/>\n\t<meta property=\"og:image:height\" content=\"900\" \/>\n\t<meta property=\"og:image:type\" content=\"image\/webp\" \/>\n<meta name=\"author\" content=\"xavier\" \/>\n<meta name=\"twitter:card\" content=\"summary_large_image\" \/>\n<meta name=\"twitter:creator\" content=\"@infarma_es\" \/>\n<meta name=\"twitter:site\" content=\"@infarma_es\" \/>\n<meta name=\"twitter:label1\" content=\"Written by\" \/>\n\t<meta name=\"twitter:data1\" content=\"xavier\" \/>\n\t<meta name=\"twitter:label2\" content=\"Est. reading time\" \/>\n\t<meta name=\"twitter:data2\" content=\"3 minutes\" \/>\n<script type=\"application\/ld+json\" class=\"yoast-schema-graph\">{\"@context\":\"https:\\\/\\\/schema.org\",\"@graph\":[{\"@type\":\"Article\",\"@id\":\"https:\\\/\\\/www.infarma.es\\\/en\\\/xcalp-la-epigenetica-en-el-cuidado-capilar\\\/#article\",\"isPartOf\":{\"@id\":\"https:\\\/\\\/www.infarma.es\\\/en\\\/xcalp-la-epigenetica-en-el-cuidado-capilar\\\/\"},\"author\":{\"name\":\"xavier\",\"@id\":\"https:\\\/\\\/www.infarma.es\\\/en\\\/#\\\/schema\\\/person\\\/e53486dc47606cc5c89217026a8a01a7\"},\"headline\":\"XCALP; la Epigen\u00e9tica en el cuidado capilar\",\"datePublished\":\"2024-01-18T12:40:21+00:00\",\"dateModified\":\"2024-07-23T10:44:05+00:00\",\"mainEntityOfPage\":{\"@id\":\"https:\\\/\\\/www.infarma.es\\\/en\\\/xcalp-la-epigenetica-en-el-cuidado-capilar\\\/\"},\"wordCount\":371,\"publisher\":{\"@id\":\"https:\\\/\\\/www.infarma.es\\\/en\\\/#organization\"},\"image\":{\"@id\":\"https:\\\/\\\/www.infarma.es\\\/en\\\/xcalp-la-epigenetica-en-el-cuidado-capilar\\\/#primaryimage\"},\"thumbnailUrl\":\"https:\\\/\\\/www.infarma.es\\\/wp-content\\\/uploads\\\/2024\\\/07\\\/inf24-HD_XCALP-blog.webp\",\"articleSection\":[\"Noticias del Sal\u00f3n\"],\"inLanguage\":\"en-US\"},{\"@type\":\"WebPage\",\"@id\":\"https:\\\/\\\/www.infarma.es\\\/en\\\/xcalp-la-epigenetica-en-el-cuidado-capilar\\\/\",\"url\":\"https:\\\/\\\/www.infarma.es\\\/en\\\/xcalp-la-epigenetica-en-el-cuidado-capilar\\\/\",\"name\":\"XCALP; la Epigen\u00e9tica en el cuidado capilar\",\"isPartOf\":{\"@id\":\"https:\\\/\\\/www.infarma.es\\\/en\\\/#website\"},\"primaryImageOfPage\":{\"@id\":\"https:\\\/\\\/www.infarma.es\\\/en\\\/xcalp-la-epigenetica-en-el-cuidado-capilar\\\/#primaryimage\"},\"image\":{\"@id\":\"https:\\\/\\\/www.infarma.es\\\/en\\\/xcalp-la-epigenetica-en-el-cuidado-capilar\\\/#primaryimage\"},\"thumbnailUrl\":\"https:\\\/\\\/www.infarma.es\\\/wp-content\\\/uploads\\\/2024\\\/07\\\/inf24-HD_XCALP-blog.webp\",\"datePublished\":\"2024-01-18T12:40:21+00:00\",\"dateModified\":\"2024-07-23T10:44:05+00:00\",\"description\":\"Debilidad, p\u00e9rdida de volumen y densidad, sequedad, p\u00e9rdida de brillo y mayor ca\u00edda, son algunos de los principales signos que denotan el envejecimiento capilar.\",\"breadcrumb\":{\"@id\":\"https:\\\/\\\/www.infarma.es\\\/en\\\/xcalp-la-epigenetica-en-el-cuidado-capilar\\\/#breadcrumb\"},\"inLanguage\":\"en-US\",\"potentialAction\":[{\"@type\":\"ReadAction\",\"target\":[\"https:\\\/\\\/www.infarma.es\\\/en\\\/xcalp-la-epigenetica-en-el-cuidado-capilar\\\/\"]}]},{\"@type\":\"ImageObject\",\"inLanguage\":\"en-US\",\"@id\":\"https:\\\/\\\/www.infarma.es\\\/en\\\/xcalp-la-epigenetica-en-el-cuidado-capilar\\\/#primaryimage\",\"url\":\"https:\\\/\\\/www.infarma.es\\\/wp-content\\\/uploads\\\/2024\\\/07\\\/inf24-HD_XCALP-blog.webp\",\"contentUrl\":\"https:\\\/\\\/www.infarma.es\\\/wp-content\\\/uploads\\\/2024\\\/07\\\/inf24-HD_XCALP-blog.webp\",\"width\":1600,\"height\":900},{\"@type\":\"BreadcrumbList\",\"@id\":\"https:\\\/\\\/www.infarma.es\\\/en\\\/xcalp-la-epigenetica-en-el-cuidado-capilar\\\/#breadcrumb\",\"itemListElement\":[{\"@type\":\"ListItem\",\"position\":1,\"name\":\"Portada\",\"item\":\"https:\\\/\\\/www.infarma.es\\\/en\\\/\"},{\"@type\":\"ListItem\",\"position\":2,\"name\":\"XCALP; la Epigen\u00e9tica en el cuidado capilar\"}]},{\"@type\":\"WebSite\",\"@id\":\"https:\\\/\\\/www.infarma.es\\\/en\\\/#website\",\"url\":\"https:\\\/\\\/www.infarma.es\\\/en\\\/\",\"name\":\"Infarma\",\"description\":\"El mayor encuentro de farmacia\",\"publisher\":{\"@id\":\"https:\\\/\\\/www.infarma.es\\\/en\\\/#organization\"},\"potentialAction\":[{\"@type\":\"SearchAction\",\"target\":{\"@type\":\"EntryPoint\",\"urlTemplate\":\"https:\\\/\\\/www.infarma.es\\\/en\\\/?s={search_term_string}\"},\"query-input\":{\"@type\":\"PropertyValueSpecification\",\"valueRequired\":true,\"valueName\":\"search_term_string\"}}],\"inLanguage\":\"en-US\"},{\"@type\":\"Organization\",\"@id\":\"https:\\\/\\\/www.infarma.es\\\/en\\\/#organization\",\"name\":\"Infarma\",\"url\":\"https:\\\/\\\/www.infarma.es\\\/en\\\/\",\"logo\":{\"@type\":\"ImageObject\",\"inLanguage\":\"en-US\",\"@id\":\"https:\\\/\\\/www.infarma.es\\\/en\\\/#\\\/schema\\\/logo\\\/image\\\/\",\"url\":\"https:\\\/\\\/www.infarma.es\\\/wp-content\\\/uploads\\\/2024\\\/10\\\/logo-simple.svg\",\"contentUrl\":\"https:\\\/\\\/www.infarma.es\\\/wp-content\\\/uploads\\\/2024\\\/10\\\/logo-simple.svg\",\"width\":1,\"height\":1,\"caption\":\"Infarma\"},\"image\":{\"@id\":\"https:\\\/\\\/www.infarma.es\\\/en\\\/#\\\/schema\\\/logo\\\/image\\\/\"},\"sameAs\":[\"https:\\\/\\\/www.facebook.com\\\/infarmaoficial\\\/\",\"https:\\\/\\\/x.com\\\/infarma_es\",\"https:\\\/\\\/www.instagram.com\\\/infarma_oficial\\\/\",\"https:\\\/\\\/www.linkedin.com\\\/showcase\\\/infarma-salon\\\/\",\"https:\\\/\\\/www.youtube.com\\\/@INFARMAOFICIAL\"]},{\"@type\":\"Person\",\"@id\":\"https:\\\/\\\/www.infarma.es\\\/en\\\/#\\\/schema\\\/person\\\/e53486dc47606cc5c89217026a8a01a7\",\"name\":\"xavier\",\"image\":{\"@type\":\"ImageObject\",\"inLanguage\":\"en-US\",\"@id\":\"https:\\\/\\\/secure.gravatar.com\\\/avatar\\\/9014b89254123c1f240ae636cc793b98ce50ec2df162909756be1d23adc503e4?s=96&d=mm&r=g\",\"url\":\"https:\\\/\\\/secure.gravatar.com\\\/avatar\\\/9014b89254123c1f240ae636cc793b98ce50ec2df162909756be1d23adc503e4?s=96&d=mm&r=g\",\"contentUrl\":\"https:\\\/\\\/secure.gravatar.com\\\/avatar\\\/9014b89254123c1f240ae636cc793b98ce50ec2df162909756be1d23adc503e4?s=96&d=mm&r=g\",\"caption\":\"xavier\"},\"url\":\"https:\\\/\\\/www.infarma.es\\\/en\\\/author\\\/xavier\\\/\"}]}<\/script>\n<!-- \/ Yoast SEO plugin. -->","yoast_head_json":{"title":"XCALP; la Epigen\u00e9tica en el cuidado capilar","description":"Debilidad, p\u00e9rdida de volumen y densidad, sequedad, p\u00e9rdida de brillo y mayor ca\u00edda, son algunos de los principales signos que denotan el envejecimiento capilar.","robots":{"index":"index","follow":"follow","max-snippet":"max-snippet:-1","max-image-preview":"max-image-preview:large","max-video-preview":"max-video-preview:-1"},"canonical":"https:\/\/www.infarma.es\/en\/xcalp-la-epigenetica-en-el-cuidado-capilar\/","og_locale":"en_US","og_type":"article","og_title":"XCALP; la Epigen\u00e9tica en el cuidado capilar","og_description":"Debilidad, p\u00e9rdida de volumen y densidad, sequedad, p\u00e9rdida de brillo y mayor ca\u00edda, son algunos de los principales signos que denotan el envejecimiento capilar.","og_url":"https:\/\/www.infarma.es\/en\/xcalp-la-epigenetica-en-el-cuidado-capilar\/","og_site_name":"Infarma","article_publisher":"https:\/\/www.facebook.com\/infarmaoficial\/","article_published_time":"2024-01-18T12:40:21+00:00","article_modified_time":"2024-07-23T10:44:05+00:00","og_image":[{"width":1600,"height":900,"url":"https:\/\/www.infarma.es\/wp-content\/uploads\/2024\/07\/inf24-HD_XCALP-blog.webp","type":"image\/webp"}],"author":"xavier","twitter_card":"summary_large_image","twitter_creator":"@infarma_es","twitter_site":"@infarma_es","twitter_misc":{"Written by":"xavier","Est. reading time":"3 minutes"},"schema":{"@context":"https:\/\/schema.org","@graph":[{"@type":"Article","@id":"https:\/\/www.infarma.es\/en\/xcalp-la-epigenetica-en-el-cuidado-capilar\/#article","isPartOf":{"@id":"https:\/\/www.infarma.es\/en\/xcalp-la-epigenetica-en-el-cuidado-capilar\/"},"author":{"name":"xavier","@id":"https:\/\/www.infarma.es\/en\/#\/schema\/person\/e53486dc47606cc5c89217026a8a01a7"},"headline":"XCALP; la Epigen\u00e9tica en el cuidado capilar","datePublished":"2024-01-18T12:40:21+00:00","dateModified":"2024-07-23T10:44:05+00:00","mainEntityOfPage":{"@id":"https:\/\/www.infarma.es\/en\/xcalp-la-epigenetica-en-el-cuidado-capilar\/"},"wordCount":371,"publisher":{"@id":"https:\/\/www.infarma.es\/en\/#organization"},"image":{"@id":"https:\/\/www.infarma.es\/en\/xcalp-la-epigenetica-en-el-cuidado-capilar\/#primaryimage"},"thumbnailUrl":"https:\/\/www.infarma.es\/wp-content\/uploads\/2024\/07\/inf24-HD_XCALP-blog.webp","articleSection":["Noticias del Sal\u00f3n"],"inLanguage":"en-US"},{"@type":"WebPage","@id":"https:\/\/www.infarma.es\/en\/xcalp-la-epigenetica-en-el-cuidado-capilar\/","url":"https:\/\/www.infarma.es\/en\/xcalp-la-epigenetica-en-el-cuidado-capilar\/","name":"XCALP; la Epigen\u00e9tica en el cuidado capilar","isPartOf":{"@id":"https:\/\/www.infarma.es\/en\/#website"},"primaryImageOfPage":{"@id":"https:\/\/www.infarma.es\/en\/xcalp-la-epigenetica-en-el-cuidado-capilar\/#primaryimage"},"image":{"@id":"https:\/\/www.infarma.es\/en\/xcalp-la-epigenetica-en-el-cuidado-capilar\/#primaryimage"},"thumbnailUrl":"https:\/\/www.infarma.es\/wp-content\/uploads\/2024\/07\/inf24-HD_XCALP-blog.webp","datePublished":"2024-01-18T12:40:21+00:00","dateModified":"2024-07-23T10:44:05+00:00","description":"Debilidad, p\u00e9rdida de volumen y densidad, sequedad, p\u00e9rdida de brillo y mayor ca\u00edda, son algunos de los principales signos que denotan el envejecimiento capilar.","breadcrumb":{"@id":"https:\/\/www.infarma.es\/en\/xcalp-la-epigenetica-en-el-cuidado-capilar\/#breadcrumb"},"inLanguage":"en-US","potentialAction":[{"@type":"ReadAction","target":["https:\/\/www.infarma.es\/en\/xcalp-la-epigenetica-en-el-cuidado-capilar\/"]}]},{"@type":"ImageObject","inLanguage":"en-US","@id":"https:\/\/www.infarma.es\/en\/xcalp-la-epigenetica-en-el-cuidado-capilar\/#primaryimage","url":"https:\/\/www.infarma.es\/wp-content\/uploads\/2024\/07\/inf24-HD_XCALP-blog.webp","contentUrl":"https:\/\/www.infarma.es\/wp-content\/uploads\/2024\/07\/inf24-HD_XCALP-blog.webp","width":1600,"height":900},{"@type":"BreadcrumbList","@id":"https:\/\/www.infarma.es\/en\/xcalp-la-epigenetica-en-el-cuidado-capilar\/#breadcrumb","itemListElement":[{"@type":"ListItem","position":1,"name":"Portada","item":"https:\/\/www.infarma.es\/en\/"},{"@type":"ListItem","position":2,"name":"XCALP; la Epigen\u00e9tica en el cuidado capilar"}]},{"@type":"WebSite","@id":"https:\/\/www.infarma.es\/en\/#website","url":"https:\/\/www.infarma.es\/en\/","name":"Infarma","description":"El mayor encuentro de farmacia","publisher":{"@id":"https:\/\/www.infarma.es\/en\/#organization"},"potentialAction":[{"@type":"SearchAction","target":{"@type":"EntryPoint","urlTemplate":"https:\/\/www.infarma.es\/en\/?s={search_term_string}"},"query-input":{"@type":"PropertyValueSpecification","valueRequired":true,"valueName":"search_term_string"}}],"inLanguage":"en-US"},{"@type":"Organization","@id":"https:\/\/www.infarma.es\/en\/#organization","name":"Infarma","url":"https:\/\/www.infarma.es\/en\/","logo":{"@type":"ImageObject","inLanguage":"en-US","@id":"https:\/\/www.infarma.es\/en\/#\/schema\/logo\/image\/","url":"https:\/\/www.infarma.es\/wp-content\/uploads\/2024\/10\/logo-simple.svg","contentUrl":"https:\/\/www.infarma.es\/wp-content\/uploads\/2024\/10\/logo-simple.svg","width":1,"height":1,"caption":"Infarma"},"image":{"@id":"https:\/\/www.infarma.es\/en\/#\/schema\/logo\/image\/"},"sameAs":["https:\/\/www.facebook.com\/infarmaoficial\/","https:\/\/x.com\/infarma_es","https:\/\/www.instagram.com\/infarma_oficial\/","https:\/\/www.linkedin.com\/showcase\/infarma-salon\/","https:\/\/www.youtube.com\/@INFARMAOFICIAL"]},{"@type":"Person","@id":"https:\/\/www.infarma.es\/en\/#\/schema\/person\/e53486dc47606cc5c89217026a8a01a7","name":"xavier","image":{"@type":"ImageObject","inLanguage":"en-US","@id":"https:\/\/secure.gravatar.com\/avatar\/9014b89254123c1f240ae636cc793b98ce50ec2df162909756be1d23adc503e4?s=96&d=mm&r=g","url":"https:\/\/secure.gravatar.com\/avatar\/9014b89254123c1f240ae636cc793b98ce50ec2df162909756be1d23adc503e4?s=96&d=mm&r=g","contentUrl":"https:\/\/secure.gravatar.com\/avatar\/9014b89254123c1f240ae636cc793b98ce50ec2df162909756be1d23adc503e4?s=96&d=mm&r=g","caption":"xavier"},"url":"https:\/\/www.infarma.es\/en\/author\/xavier\/"}]}},"_links":{"self":[{"href":"https:\/\/www.infarma.es\/en\/wp-json\/wp\/v2\/posts\/10941","targetHints":{"allow":["GET"]}}],"collection":[{"href":"https:\/\/www.infarma.es\/en\/wp-json\/wp\/v2\/posts"}],"about":[{"href":"https:\/\/www.infarma.es\/en\/wp-json\/wp\/v2\/types\/post"}],"author":[{"embeddable":true,"href":"https:\/\/www.infarma.es\/en\/wp-json\/wp\/v2\/users\/2"}],"replies":[{"embeddable":true,"href":"https:\/\/www.infarma.es\/en\/wp-json\/wp\/v2\/comments?post=10941"}],"version-history":[{"count":2,"href":"https:\/\/www.infarma.es\/en\/wp-json\/wp\/v2\/posts\/10941\/revisions"}],"predecessor-version":[{"id":13621,"href":"https:\/\/www.infarma.es\/en\/wp-json\/wp\/v2\/posts\/10941\/revisions\/13621"}],"wp:featuredmedia":[{"embeddable":true,"href":"https:\/\/www.infarma.es\/en\/wp-json\/wp\/v2\/media\/13566"}],"wp:attachment":[{"href":"https:\/\/www.infarma.es\/en\/wp-json\/wp\/v2\/media?parent=10941"}],"wp:term":[{"taxonomy":"category","embeddable":true,"href":"https:\/\/www.infarma.es\/en\/wp-json\/wp\/v2\/categories?post=10941"},{"taxonomy":"post_tag","embeddable":true,"href":"https:\/\/www.infarma.es\/en\/wp-json\/wp\/v2\/tags?post=10941"}],"curies":[{"name":"wp","href":"https:\/\/api.w.org\/{rel}","templated":true}]}}