{"id":11212,"date":"2024-01-19T13:01:24","date_gmt":"2024-01-19T12:01:24","guid":{"rendered":"https:\/\/www.infarma.es\/?p=11212"},"modified":"2024-07-23T12:42:56","modified_gmt":"2024-07-23T10:42:56","slug":"infarma-reunira-las-ultimas-novedades-en-gestion-de-farmacia-en-marzo-de-2024-en-madrid","status":"publish","type":"post","link":"https:\/\/www.infarma.es\/en\/infarma-reunira-las-ultimas-novedades-en-gestion-de-farmacia-en-marzo-de-2024-en-madrid\/","title":{"rendered":"Infarma reunir\u00e1 las \u00faltimas novedades en gesti\u00f3n de farmacia en marzo de 2024 en Madrid"},"content":{"rendered":"\n<p>La&nbsp;<strong>gesti\u00f3n de farmacia<\/strong>&nbsp;y otros temas ser\u00e1n fundamentales en el pr\u00f3ximo Infarma. Se trata de unos de los grandes eventos del sector farmac\u00e9utico en Espa\u00f1a. Durante tres d\u00edas, se reunir\u00e1n en Madrid profesionales de toda Europa para exponer sus puntos de vista. Sin duda, es una oportunidad \u00fanica para descubrir todas las novedades.<\/p>\n\n\n\n<div style=\"height:30px\" aria-hidden=\"true\" class=\"wp-block-spacer\"><\/div>\n\n\n\n<h2 class=\"wp-block-heading\">Infarma, una cita ineludible en marzo de 2024<\/h2>\n\n\n\n<p>El evento es un encuentro entre profesionales de la farmacia en el que se pretenden conseguir varios objetivos. Se fomenta que los participantes cuenten sus experiencia y se generan&nbsp;<strong>numerosas oportunidades de negocio<\/strong>. Por descontado, se dan ponencias interesantes en las que puedes actualizar tus conocimientos. De hecho, la orientaci\u00f3n de&nbsp;<a href=\"https:\/\/www.infarma.es\/\" target=\"_blank\" rel=\"noreferrer noopener\">Infarma&nbsp;<\/a>es de car\u00e1cter t\u00e9cnico para que resulte de utilidad a los asistentes.<\/p>\n\n\n\n<p>Junto con lo anterior, hay dos vertientes esenciales que te ser\u00e1n interesantes. Por un lado, una parte se centra en la&nbsp;<strong>celebraci\u00f3n de congresos<\/strong>&nbsp;organizados por diferentes organismos. Si acudes a ellos, conocer\u00e1s las novedades y tendencias del sector. Por el otro lado, se encuentra la&nbsp;<strong>secci\u00f3n del recinto ferial<\/strong>, un lugar ideal para asistir a talleres, exposiciones o para hacer&nbsp;<em>networking<\/em>.<\/p>\n\n\n\n<div style=\"height:30px\" aria-hidden=\"true\" class=\"wp-block-spacer\"><\/div>\n\n\n\n<h2 class=\"wp-block-heading\">Datos de Infarma<\/h2>\n\n\n\n<p>Dada su importancia, Infarma suele reunir a una gran cantidad de especialistas del sector. En la edici\u00f3n de 2022, la \u00faltima,&nbsp;<strong>se dieron cita 30 360 participantes<\/strong>, entre los que figuraban farmac\u00e9uticos, profesionales y congresistas. Adem\u00e1s, estuvieron disponibles unos 280 expositores directos centrados en mostrar productos o avances importantes.<\/p>\n\n\n\n<p>En cuanto a la extensi\u00f3n del evento,&nbsp;<strong>ocup\u00f3 una superficie de 32 000 metros cuadrados<\/strong>. La mayor parte se destin\u00f3 a la feria (25 000 metros cuadrados) y el resto al congreso. Asimismo, la cita fue la primera edici\u00f3n tras el par\u00f3n provocado por la pandemia. Pese a que a\u00fan no se han recuperado las cifras de asistencia de 2019, la evoluci\u00f3n es positiva.<\/p>\n\n\n\n<div style=\"height:30px\" aria-hidden=\"true\" class=\"wp-block-spacer\"><\/div>\n\n\n\n<h2 class=\"wp-block-heading\">La digitalizaci\u00f3n y el servicio de calidad, temas clave<\/h2>\n\n\n\n<p>De entre los temas que se van a tratar, hay dos que son clave. Uno de ellos tiene que ver con la&nbsp;<strong>tecnolog\u00eda para farmacias<\/strong>: la digitalizaci\u00f3n. Es una&nbsp;<strong>cuesti\u00f3n pendiente para numerosas farmacias<\/strong>, pese a las diferentes soluciones que existen. Abrazar esta tendencia es una obligaci\u00f3n, ya que te ofrece diferentes ventajas. Ten en cuenta que te facilita atender a los usuarios, dispensar medicamentos o dar un servicio personalizado.<\/p>\n\n\n\n<p>La digitalizaci\u00f3n es uno de los grandes temas para tratar por el peso que tiene en el sector. Pero&nbsp;<strong>tambi\u00e9n por lo r\u00e1pido que evoluciona&nbsp;<\/strong>y la cantidad de soluciones que aparecen cada a\u00f1o. Desde la rob\u00f3tica hasta los programas inform\u00e1ticos de gesti\u00f3n, hay que estar al d\u00eda de las \u00faltimas novedades. Al fin y al cabo, integrarlas en tu negocio puede hacer que ganes m\u00e1s de una ventaja competitiva.<\/p>\n\n\n\n<div style=\"height:30px\" aria-hidden=\"true\" class=\"wp-block-spacer\"><\/div>\n\n\n\n<h2 class=\"wp-block-heading\">Avances en la gesti\u00f3n de farmacia<\/h2>\n\n\n\n<p>Infarma es el lugar id\u00f3neo para conocer lo \u00faltimo en cuanto a&nbsp;<a href=\"https:\/\/www.glintt.es\/tecnologia-y-gestion-de-inventarios-en-farmacias-mejores-practicas\/\" target=\"_blank\" rel=\"noreferrer noopener\"><strong>gesti\u00f3n de&nbsp;<em>stock<\/em>&nbsp;de farmacia<\/strong><\/a>&nbsp;y otras actividades relacionadas. Este ser\u00e1 otro de los asuntos que se van a tratar dada la relevancia que tiene. En los \u00faltimos tiempos, se han logrado avances significativos, como el uso del internet de las cosas o la propia digitalizaci\u00f3n. Tambi\u00e9n se busca fomentar un control m\u00e1s efectivo de los medicamentos, por ejemplo.<\/p>\n\n\n\n<p>Sin embargo, el avance de mayor impacto es&nbsp;<strong>centrar la gesti\u00f3n en el usuario<\/strong>. Buena parte de esta labor ha sido potenciada gracias a la tecnolog\u00eda, la cual fomenta un contacto m\u00e1s estrecho. Ya no es tan costoso conocer en detalle a los usuarios para ofrecerles los productos que necesitan. As\u00ed, incrementas su satisfacci\u00f3n y ofreces una experiencia positiva.<\/p>\n\n\n\n<div style=\"height:30px\" aria-hidden=\"true\" class=\"wp-block-spacer\"><\/div>\n\n\n\n<h2 class=\"wp-block-heading\">\u00bfQu\u00e9 mostrar\u00e1 Glintt en el Infarma 2024?<\/h2>\n\n\n\n<p><strong>En Glintt estamos presentes en el Infarma de este a\u00f1o mostrando nuestras \u00faltimas novedades y avances<\/strong>. Como especialistas en el sector de las farmacias, queremos aportar el conocimiento que atesoramos. Somos expertos en reformas para adecuar los establecimientos a las necesidades modernas. Dise\u00f1amos los cambios necesarios para que tus clientes disfruten de un entorno agradable y para que tu servicio sea de calidad.<\/p>\n\n\n\n<div style=\"height:30px\" aria-hidden=\"true\" class=\"wp-block-spacer\"><\/div>\n\n\n\n<h3 class=\"wp-block-heading\">Nixfarma y Farmatic<\/h3>\n\n\n\n<p><strong>Aportamos varias soluciones con las que digitalizar tu farmacia<\/strong>. Nixfarma y Farmatic son dos herramientas con funciones esenciales en la actualidad. Te permiten gestionar el inventario y la tienda en l\u00ednea. Son compatibles con diferentes perif\u00e9ricos y te aportan automatizaci\u00f3n. Sin duda, dos programas inform\u00e1ticos con las que dar el mejor servicio posible.<\/p>\n\n\n\n<div style=\"height:30px\" aria-hidden=\"true\" class=\"wp-block-spacer\"><\/div>\n\n\n\n<h3 class=\"wp-block-heading\">Concep<\/h3>\n\n\n\n<p>Tambi\u00e9n vamos a ense\u00f1ar de lo que es capaz Concep, nuestro servicio&nbsp;<strong>destinado al dise\u00f1o y reforma de farmacias<\/strong>. Gracias a m\u00e1s de 50 especialistas en el sector farmac\u00e9utico, parafarmacia y dermocosm\u00e9tica, ayudamos a que los profesionales desarrollen su negocio. Se ofrecen soluciones destinadas a mejorar el establecimiento, encontrar buen mobiliario o en materia de rotulaci\u00f3n. As\u00ed, conseguir\u00e1n aumentar su rentabilidad y mostrar mayor cercan\u00eda con los usuarios.<\/p>\n\n\n\n<p>Al utilizar este servicio,&nbsp;<strong>modernizas tu farmacia desde la ra\u00edz<\/strong>. El establecimiento f\u00edsico cambiar\u00e1 por completo para adaptarse a las nuevas necesidades que han ido surgiendo con los a\u00f1os. Nada como disponer de los \u00faltimos avances para aumentar la satisfacci\u00f3n de los usuarios de tu establecimiento. Pero no solo eso, ya que tambi\u00e9n incrementas el atractivo con una decoraci\u00f3n agradable.<\/p>\n\n\n\n<div style=\"height:30px\" aria-hidden=\"true\" class=\"wp-block-spacer\"><\/div>\n\n\n\n<h3 class=\"wp-block-heading\">Glintt 360\u00ba<\/h3>\n\n\n\n<p>Otro de nuestros servicios centrado en la tecnolog\u00eda para farmacias es Glintt 360\u00ba. Es una&nbsp;<strong>referencia en cuanto a gesti\u00f3n y desarrollo de la oficina de farmacia<\/strong>. Su objetivo es mejorar la atenci\u00f3n al usuario y la eficiencia en diferentes procesos. Todo esto es posible a trav\u00e9s de la automatizaci\u00f3n y las \u00faltimas innovaciones aplicadas al sector.<\/p>\n\n\n\n<p>Con estos y otros servicios o productos,&nbsp;<strong>queremos ayudar a farmac\u00e9uticos<\/strong>&nbsp;de todas partes a potenciar su negocio. La tecnolog\u00eda es el gran aliado para que las farmacias prosperen, cumplen mejor con sus responsabilidad y den al usuario un trato excelente.<\/p>\n\n\n\n<p>La&nbsp;<strong>gesti\u00f3n de farmacia<\/strong>&nbsp;va a ser muy importante en la edici\u00f3n de Infarma de 2024, pero no ser\u00e1 el \u00fanico tema. Si te interesa el evento, se llevar\u00e1 a cabo los d\u00edas 19, 20 y 21 de marzo en el recinto ferial de Ifema en Madrid. As\u00ed que vete preparando para descubrir las \u00faltimas novedades del sector.<\/p>\n","protected":false},"excerpt":{"rendered":"<p>La&nbsp;gesti\u00f3n de farmacia&nbsp;y otros temas ser\u00e1n fundamentales en el pr\u00f3ximo Infarma. Se trata de unos de los grandes eventos del sector farmac\u00e9utico en Espa\u00f1a. Durante tres d\u00edas, se reunir\u00e1n en Madrid profesionales de toda Europa para exponer sus puntos de vista. Sin duda, es una oportunidad \u00fanica para descubrir todas las novedades. Infarma, una cita [&hellip;]<\/p>\n","protected":false},"author":2,"featured_media":13617,"comment_status":"closed","ping_status":"closed","sticky":false,"template":"","format":"standard","meta":{"footnotes":""},"categories":[141],"tags":[],"class_list":["post-11212","post","type-post","status-publish","format-standard","has-post-thumbnail","hentry","category-noticias-del-salon"],"yoast_head":"<!-- This site is optimized with the Yoast SEO plugin v27.4 - https:\/\/yoast.com\/product\/yoast-seo-wordpress\/ -->\n<title>Infarma reunir\u00e1 las \u00faltimas novedades en gesti\u00f3n de farmacia en marzo de 2024 en Madrid<\/title>\n<meta name=\"description\" content=\"En Glintt estamos presentes en el Infarma de este a\u00f1o mostrando nuestras \u00faltimas novedades y avances.\" \/>\n<meta name=\"robots\" content=\"index, follow, max-snippet:-1, max-image-preview:large, max-video-preview:-1\" \/>\n<link rel=\"canonical\" href=\"https:\/\/www.infarma.es\/en\/infarma-reunira-las-ultimas-novedades-en-gestion-de-farmacia-en-marzo-de-2024-en-madrid\/\" \/>\n<meta property=\"og:locale\" content=\"en_US\" \/>\n<meta property=\"og:type\" content=\"article\" \/>\n<meta property=\"og:title\" content=\"Infarma reunir\u00e1 las \u00faltimas novedades en gesti\u00f3n de farmacia en marzo de 2024 en Madrid\" \/>\n<meta property=\"og:description\" content=\"En Glintt estamos presentes en el Infarma de este a\u00f1o mostrando nuestras \u00faltimas novedades y avances.\" \/>\n<meta property=\"og:url\" content=\"https:\/\/www.infarma.es\/en\/infarma-reunira-las-ultimas-novedades-en-gestion-de-farmacia-en-marzo-de-2024-en-madrid\/\" \/>\n<meta property=\"og:site_name\" content=\"Infarma\" \/>\n<meta property=\"article:publisher\" content=\"https:\/\/www.facebook.com\/infarmaoficial\/\" \/>\n<meta property=\"article:published_time\" content=\"2024-01-19T12:01:24+00:00\" \/>\n<meta property=\"article:modified_time\" content=\"2024-07-23T10:42:56+00:00\" \/>\n<meta property=\"og:image\" content=\"https:\/\/www.infarma.es\/wp-content\/uploads\/2024\/07\/inf24-glintt-blog.webp\" \/>\n\t<meta property=\"og:image:width\" content=\"1088\" \/>\n\t<meta property=\"og:image:height\" content=\"629\" \/>\n\t<meta property=\"og:image:type\" content=\"image\/webp\" \/>\n<meta name=\"author\" content=\"xavier\" \/>\n<meta name=\"twitter:card\" content=\"summary_large_image\" \/>\n<meta name=\"twitter:creator\" content=\"@infarma_es\" \/>\n<meta name=\"twitter:site\" content=\"@infarma_es\" \/>\n<meta name=\"twitter:label1\" content=\"Written by\" \/>\n\t<meta name=\"twitter:data1\" content=\"xavier\" \/>\n\t<meta name=\"twitter:label2\" content=\"Est. reading time\" \/>\n\t<meta name=\"twitter:data2\" content=\"5 minutes\" \/>\n<script type=\"application\/ld+json\" class=\"yoast-schema-graph\">{\"@context\":\"https:\\\/\\\/schema.org\",\"@graph\":[{\"@type\":\"Article\",\"@id\":\"https:\\\/\\\/www.infarma.es\\\/en\\\/infarma-reunira-las-ultimas-novedades-en-gestion-de-farmacia-en-marzo-de-2024-en-madrid\\\/#article\",\"isPartOf\":{\"@id\":\"https:\\\/\\\/www.infarma.es\\\/en\\\/infarma-reunira-las-ultimas-novedades-en-gestion-de-farmacia-en-marzo-de-2024-en-madrid\\\/\"},\"author\":{\"name\":\"xavier\",\"@id\":\"https:\\\/\\\/www.infarma.es\\\/en\\\/#\\\/schema\\\/person\\\/e53486dc47606cc5c89217026a8a01a7\"},\"headline\":\"Infarma reunir\u00e1 las \u00faltimas novedades en gesti\u00f3n de farmacia en marzo de 2024 en Madrid\",\"datePublished\":\"2024-01-19T12:01:24+00:00\",\"dateModified\":\"2024-07-23T10:42:56+00:00\",\"mainEntityOfPage\":{\"@id\":\"https:\\\/\\\/www.infarma.es\\\/en\\\/infarma-reunira-las-ultimas-novedades-en-gestion-de-farmacia-en-marzo-de-2024-en-madrid\\\/\"},\"wordCount\":1103,\"publisher\":{\"@id\":\"https:\\\/\\\/www.infarma.es\\\/en\\\/#organization\"},\"image\":{\"@id\":\"https:\\\/\\\/www.infarma.es\\\/en\\\/infarma-reunira-las-ultimas-novedades-en-gestion-de-farmacia-en-marzo-de-2024-en-madrid\\\/#primaryimage\"},\"thumbnailUrl\":\"https:\\\/\\\/www.infarma.es\\\/wp-content\\\/uploads\\\/2024\\\/07\\\/inf24-glintt-blog.webp\",\"articleSection\":[\"Noticias del Sal\u00f3n\"],\"inLanguage\":\"en-US\"},{\"@type\":\"WebPage\",\"@id\":\"https:\\\/\\\/www.infarma.es\\\/en\\\/infarma-reunira-las-ultimas-novedades-en-gestion-de-farmacia-en-marzo-de-2024-en-madrid\\\/\",\"url\":\"https:\\\/\\\/www.infarma.es\\\/en\\\/infarma-reunira-las-ultimas-novedades-en-gestion-de-farmacia-en-marzo-de-2024-en-madrid\\\/\",\"name\":\"Infarma reunir\u00e1 las \u00faltimas novedades en gesti\u00f3n de farmacia en marzo de 2024 en Madrid\",\"isPartOf\":{\"@id\":\"https:\\\/\\\/www.infarma.es\\\/en\\\/#website\"},\"primaryImageOfPage\":{\"@id\":\"https:\\\/\\\/www.infarma.es\\\/en\\\/infarma-reunira-las-ultimas-novedades-en-gestion-de-farmacia-en-marzo-de-2024-en-madrid\\\/#primaryimage\"},\"image\":{\"@id\":\"https:\\\/\\\/www.infarma.es\\\/en\\\/infarma-reunira-las-ultimas-novedades-en-gestion-de-farmacia-en-marzo-de-2024-en-madrid\\\/#primaryimage\"},\"thumbnailUrl\":\"https:\\\/\\\/www.infarma.es\\\/wp-content\\\/uploads\\\/2024\\\/07\\\/inf24-glintt-blog.webp\",\"datePublished\":\"2024-01-19T12:01:24+00:00\",\"dateModified\":\"2024-07-23T10:42:56+00:00\",\"description\":\"En Glintt estamos presentes en el Infarma de este a\u00f1o mostrando nuestras \u00faltimas novedades y avances.\",\"breadcrumb\":{\"@id\":\"https:\\\/\\\/www.infarma.es\\\/en\\\/infarma-reunira-las-ultimas-novedades-en-gestion-de-farmacia-en-marzo-de-2024-en-madrid\\\/#breadcrumb\"},\"inLanguage\":\"en-US\",\"potentialAction\":[{\"@type\":\"ReadAction\",\"target\":[\"https:\\\/\\\/www.infarma.es\\\/en\\\/infarma-reunira-las-ultimas-novedades-en-gestion-de-farmacia-en-marzo-de-2024-en-madrid\\\/\"]}]},{\"@type\":\"ImageObject\",\"inLanguage\":\"en-US\",\"@id\":\"https:\\\/\\\/www.infarma.es\\\/en\\\/infarma-reunira-las-ultimas-novedades-en-gestion-de-farmacia-en-marzo-de-2024-en-madrid\\\/#primaryimage\",\"url\":\"https:\\\/\\\/www.infarma.es\\\/wp-content\\\/uploads\\\/2024\\\/07\\\/inf24-glintt-blog.webp\",\"contentUrl\":\"https:\\\/\\\/www.infarma.es\\\/wp-content\\\/uploads\\\/2024\\\/07\\\/inf24-glintt-blog.webp\",\"width\":1088,\"height\":629},{\"@type\":\"BreadcrumbList\",\"@id\":\"https:\\\/\\\/www.infarma.es\\\/en\\\/infarma-reunira-las-ultimas-novedades-en-gestion-de-farmacia-en-marzo-de-2024-en-madrid\\\/#breadcrumb\",\"itemListElement\":[{\"@type\":\"ListItem\",\"position\":1,\"name\":\"Portada\",\"item\":\"https:\\\/\\\/www.infarma.es\\\/en\\\/\"},{\"@type\":\"ListItem\",\"position\":2,\"name\":\"Infarma reunir\u00e1 las \u00faltimas novedades en gesti\u00f3n de farmacia en marzo de 2024 en Madrid\"}]},{\"@type\":\"WebSite\",\"@id\":\"https:\\\/\\\/www.infarma.es\\\/en\\\/#website\",\"url\":\"https:\\\/\\\/www.infarma.es\\\/en\\\/\",\"name\":\"Infarma\",\"description\":\"El mayor encuentro de farmacia\",\"publisher\":{\"@id\":\"https:\\\/\\\/www.infarma.es\\\/en\\\/#organization\"},\"potentialAction\":[{\"@type\":\"SearchAction\",\"target\":{\"@type\":\"EntryPoint\",\"urlTemplate\":\"https:\\\/\\\/www.infarma.es\\\/en\\\/?s={search_term_string}\"},\"query-input\":{\"@type\":\"PropertyValueSpecification\",\"valueRequired\":true,\"valueName\":\"search_term_string\"}}],\"inLanguage\":\"en-US\"},{\"@type\":\"Organization\",\"@id\":\"https:\\\/\\\/www.infarma.es\\\/en\\\/#organization\",\"name\":\"Infarma\",\"url\":\"https:\\\/\\\/www.infarma.es\\\/en\\\/\",\"logo\":{\"@type\":\"ImageObject\",\"inLanguage\":\"en-US\",\"@id\":\"https:\\\/\\\/www.infarma.es\\\/en\\\/#\\\/schema\\\/logo\\\/image\\\/\",\"url\":\"https:\\\/\\\/www.infarma.es\\\/wp-content\\\/uploads\\\/2024\\\/10\\\/logo-simple.svg\",\"contentUrl\":\"https:\\\/\\\/www.infarma.es\\\/wp-content\\\/uploads\\\/2024\\\/10\\\/logo-simple.svg\",\"width\":1,\"height\":1,\"caption\":\"Infarma\"},\"image\":{\"@id\":\"https:\\\/\\\/www.infarma.es\\\/en\\\/#\\\/schema\\\/logo\\\/image\\\/\"},\"sameAs\":[\"https:\\\/\\\/www.facebook.com\\\/infarmaoficial\\\/\",\"https:\\\/\\\/x.com\\\/infarma_es\",\"https:\\\/\\\/www.instagram.com\\\/infarma_oficial\\\/\",\"https:\\\/\\\/www.linkedin.com\\\/showcase\\\/infarma-salon\\\/\",\"https:\\\/\\\/www.youtube.com\\\/@INFARMAOFICIAL\"]},{\"@type\":\"Person\",\"@id\":\"https:\\\/\\\/www.infarma.es\\\/en\\\/#\\\/schema\\\/person\\\/e53486dc47606cc5c89217026a8a01a7\",\"name\":\"xavier\",\"image\":{\"@type\":\"ImageObject\",\"inLanguage\":\"en-US\",\"@id\":\"https:\\\/\\\/secure.gravatar.com\\\/avatar\\\/9014b89254123c1f240ae636cc793b98ce50ec2df162909756be1d23adc503e4?s=96&d=mm&r=g\",\"url\":\"https:\\\/\\\/secure.gravatar.com\\\/avatar\\\/9014b89254123c1f240ae636cc793b98ce50ec2df162909756be1d23adc503e4?s=96&d=mm&r=g\",\"contentUrl\":\"https:\\\/\\\/secure.gravatar.com\\\/avatar\\\/9014b89254123c1f240ae636cc793b98ce50ec2df162909756be1d23adc503e4?s=96&d=mm&r=g\",\"caption\":\"xavier\"},\"url\":\"https:\\\/\\\/www.infarma.es\\\/en\\\/author\\\/xavier\\\/\"}]}<\/script>\n<!-- \/ Yoast SEO plugin. -->","yoast_head_json":{"title":"Infarma reunir\u00e1 las \u00faltimas novedades en gesti\u00f3n de farmacia en marzo de 2024 en Madrid","description":"En Glintt estamos presentes en el Infarma de este a\u00f1o mostrando nuestras \u00faltimas novedades y avances.","robots":{"index":"index","follow":"follow","max-snippet":"max-snippet:-1","max-image-preview":"max-image-preview:large","max-video-preview":"max-video-preview:-1"},"canonical":"https:\/\/www.infarma.es\/en\/infarma-reunira-las-ultimas-novedades-en-gestion-de-farmacia-en-marzo-de-2024-en-madrid\/","og_locale":"en_US","og_type":"article","og_title":"Infarma reunir\u00e1 las \u00faltimas novedades en gesti\u00f3n de farmacia en marzo de 2024 en Madrid","og_description":"En Glintt estamos presentes en el Infarma de este a\u00f1o mostrando nuestras \u00faltimas novedades y avances.","og_url":"https:\/\/www.infarma.es\/en\/infarma-reunira-las-ultimas-novedades-en-gestion-de-farmacia-en-marzo-de-2024-en-madrid\/","og_site_name":"Infarma","article_publisher":"https:\/\/www.facebook.com\/infarmaoficial\/","article_published_time":"2024-01-19T12:01:24+00:00","article_modified_time":"2024-07-23T10:42:56+00:00","og_image":[{"width":1088,"height":629,"url":"https:\/\/www.infarma.es\/wp-content\/uploads\/2024\/07\/inf24-glintt-blog.webp","type":"image\/webp"}],"author":"xavier","twitter_card":"summary_large_image","twitter_creator":"@infarma_es","twitter_site":"@infarma_es","twitter_misc":{"Written by":"xavier","Est. reading time":"5 minutes"},"schema":{"@context":"https:\/\/schema.org","@graph":[{"@type":"Article","@id":"https:\/\/www.infarma.es\/en\/infarma-reunira-las-ultimas-novedades-en-gestion-de-farmacia-en-marzo-de-2024-en-madrid\/#article","isPartOf":{"@id":"https:\/\/www.infarma.es\/en\/infarma-reunira-las-ultimas-novedades-en-gestion-de-farmacia-en-marzo-de-2024-en-madrid\/"},"author":{"name":"xavier","@id":"https:\/\/www.infarma.es\/en\/#\/schema\/person\/e53486dc47606cc5c89217026a8a01a7"},"headline":"Infarma reunir\u00e1 las \u00faltimas novedades en gesti\u00f3n de farmacia en marzo de 2024 en Madrid","datePublished":"2024-01-19T12:01:24+00:00","dateModified":"2024-07-23T10:42:56+00:00","mainEntityOfPage":{"@id":"https:\/\/www.infarma.es\/en\/infarma-reunira-las-ultimas-novedades-en-gestion-de-farmacia-en-marzo-de-2024-en-madrid\/"},"wordCount":1103,"publisher":{"@id":"https:\/\/www.infarma.es\/en\/#organization"},"image":{"@id":"https:\/\/www.infarma.es\/en\/infarma-reunira-las-ultimas-novedades-en-gestion-de-farmacia-en-marzo-de-2024-en-madrid\/#primaryimage"},"thumbnailUrl":"https:\/\/www.infarma.es\/wp-content\/uploads\/2024\/07\/inf24-glintt-blog.webp","articleSection":["Noticias del Sal\u00f3n"],"inLanguage":"en-US"},{"@type":"WebPage","@id":"https:\/\/www.infarma.es\/en\/infarma-reunira-las-ultimas-novedades-en-gestion-de-farmacia-en-marzo-de-2024-en-madrid\/","url":"https:\/\/www.infarma.es\/en\/infarma-reunira-las-ultimas-novedades-en-gestion-de-farmacia-en-marzo-de-2024-en-madrid\/","name":"Infarma reunir\u00e1 las \u00faltimas novedades en gesti\u00f3n de farmacia en marzo de 2024 en Madrid","isPartOf":{"@id":"https:\/\/www.infarma.es\/en\/#website"},"primaryImageOfPage":{"@id":"https:\/\/www.infarma.es\/en\/infarma-reunira-las-ultimas-novedades-en-gestion-de-farmacia-en-marzo-de-2024-en-madrid\/#primaryimage"},"image":{"@id":"https:\/\/www.infarma.es\/en\/infarma-reunira-las-ultimas-novedades-en-gestion-de-farmacia-en-marzo-de-2024-en-madrid\/#primaryimage"},"thumbnailUrl":"https:\/\/www.infarma.es\/wp-content\/uploads\/2024\/07\/inf24-glintt-blog.webp","datePublished":"2024-01-19T12:01:24+00:00","dateModified":"2024-07-23T10:42:56+00:00","description":"En Glintt estamos presentes en el Infarma de este a\u00f1o mostrando nuestras \u00faltimas novedades y avances.","breadcrumb":{"@id":"https:\/\/www.infarma.es\/en\/infarma-reunira-las-ultimas-novedades-en-gestion-de-farmacia-en-marzo-de-2024-en-madrid\/#breadcrumb"},"inLanguage":"en-US","potentialAction":[{"@type":"ReadAction","target":["https:\/\/www.infarma.es\/en\/infarma-reunira-las-ultimas-novedades-en-gestion-de-farmacia-en-marzo-de-2024-en-madrid\/"]}]},{"@type":"ImageObject","inLanguage":"en-US","@id":"https:\/\/www.infarma.es\/en\/infarma-reunira-las-ultimas-novedades-en-gestion-de-farmacia-en-marzo-de-2024-en-madrid\/#primaryimage","url":"https:\/\/www.infarma.es\/wp-content\/uploads\/2024\/07\/inf24-glintt-blog.webp","contentUrl":"https:\/\/www.infarma.es\/wp-content\/uploads\/2024\/07\/inf24-glintt-blog.webp","width":1088,"height":629},{"@type":"BreadcrumbList","@id":"https:\/\/www.infarma.es\/en\/infarma-reunira-las-ultimas-novedades-en-gestion-de-farmacia-en-marzo-de-2024-en-madrid\/#breadcrumb","itemListElement":[{"@type":"ListItem","position":1,"name":"Portada","item":"https:\/\/www.infarma.es\/en\/"},{"@type":"ListItem","position":2,"name":"Infarma reunir\u00e1 las \u00faltimas novedades en gesti\u00f3n de farmacia en marzo de 2024 en Madrid"}]},{"@type":"WebSite","@id":"https:\/\/www.infarma.es\/en\/#website","url":"https:\/\/www.infarma.es\/en\/","name":"Infarma","description":"El mayor encuentro de farmacia","publisher":{"@id":"https:\/\/www.infarma.es\/en\/#organization"},"potentialAction":[{"@type":"SearchAction","target":{"@type":"EntryPoint","urlTemplate":"https:\/\/www.infarma.es\/en\/?s={search_term_string}"},"query-input":{"@type":"PropertyValueSpecification","valueRequired":true,"valueName":"search_term_string"}}],"inLanguage":"en-US"},{"@type":"Organization","@id":"https:\/\/www.infarma.es\/en\/#organization","name":"Infarma","url":"https:\/\/www.infarma.es\/en\/","logo":{"@type":"ImageObject","inLanguage":"en-US","@id":"https:\/\/www.infarma.es\/en\/#\/schema\/logo\/image\/","url":"https:\/\/www.infarma.es\/wp-content\/uploads\/2024\/10\/logo-simple.svg","contentUrl":"https:\/\/www.infarma.es\/wp-content\/uploads\/2024\/10\/logo-simple.svg","width":1,"height":1,"caption":"Infarma"},"image":{"@id":"https:\/\/www.infarma.es\/en\/#\/schema\/logo\/image\/"},"sameAs":["https:\/\/www.facebook.com\/infarmaoficial\/","https:\/\/x.com\/infarma_es","https:\/\/www.instagram.com\/infarma_oficial\/","https:\/\/www.linkedin.com\/showcase\/infarma-salon\/","https:\/\/www.youtube.com\/@INFARMAOFICIAL"]},{"@type":"Person","@id":"https:\/\/www.infarma.es\/en\/#\/schema\/person\/e53486dc47606cc5c89217026a8a01a7","name":"xavier","image":{"@type":"ImageObject","inLanguage":"en-US","@id":"https:\/\/secure.gravatar.com\/avatar\/9014b89254123c1f240ae636cc793b98ce50ec2df162909756be1d23adc503e4?s=96&d=mm&r=g","url":"https:\/\/secure.gravatar.com\/avatar\/9014b89254123c1f240ae636cc793b98ce50ec2df162909756be1d23adc503e4?s=96&d=mm&r=g","contentUrl":"https:\/\/secure.gravatar.com\/avatar\/9014b89254123c1f240ae636cc793b98ce50ec2df162909756be1d23adc503e4?s=96&d=mm&r=g","caption":"xavier"},"url":"https:\/\/www.infarma.es\/en\/author\/xavier\/"}]}},"_links":{"self":[{"href":"https:\/\/www.infarma.es\/en\/wp-json\/wp\/v2\/posts\/11212","targetHints":{"allow":["GET"]}}],"collection":[{"href":"https:\/\/www.infarma.es\/en\/wp-json\/wp\/v2\/posts"}],"about":[{"href":"https:\/\/www.infarma.es\/en\/wp-json\/wp\/v2\/types\/post"}],"author":[{"embeddable":true,"href":"https:\/\/www.infarma.es\/en\/wp-json\/wp\/v2\/users\/2"}],"replies":[{"embeddable":true,"href":"https:\/\/www.infarma.es\/en\/wp-json\/wp\/v2\/comments?post=11212"}],"version-history":[{"count":2,"href":"https:\/\/www.infarma.es\/en\/wp-json\/wp\/v2\/posts\/11212\/revisions"}],"predecessor-version":[{"id":13619,"href":"https:\/\/www.infarma.es\/en\/wp-json\/wp\/v2\/posts\/11212\/revisions\/13619"}],"wp:featuredmedia":[{"embeddable":true,"href":"https:\/\/www.infarma.es\/en\/wp-json\/wp\/v2\/media\/13617"}],"wp:attachment":[{"href":"https:\/\/www.infarma.es\/en\/wp-json\/wp\/v2\/media?parent=11212"}],"wp:term":[{"taxonomy":"category","embeddable":true,"href":"https:\/\/www.infarma.es\/en\/wp-json\/wp\/v2\/categories?post=11212"},{"taxonomy":"post_tag","embeddable":true,"href":"https:\/\/www.infarma.es\/en\/wp-json\/wp\/v2\/tags?post=11212"}],"curies":[{"name":"wp","href":"https:\/\/api.w.org\/{rel}","templated":true}]}}