{"id":11453,"date":"2024-03-16T22:36:46","date_gmt":"2024-03-16T21:36:46","guid":{"rendered":"https:\/\/www.infarma.es\/?p=11453"},"modified":"2024-07-23T10:40:42","modified_gmt":"2024-07-23T08:40:42","slug":"cuidado-capilar-farline-el-tratamiento-especifico-para-cada-tipo-de-cabello","status":"publish","type":"post","link":"https:\/\/www.infarma.es\/en\/cuidado-capilar-farline-el-tratamiento-especifico-para-cada-tipo-de-cabello\/","title":{"rendered":"Cuidado capilar Farline: El tratamiento espec\u00edfico para cada tipo de cabello"},"content":{"rendered":"\n<p>Farline, la marca de distribuci\u00f3n con mayor penetraci\u00f3n de mercado, lanza sus nuevos productos de cuidado capilar: Mascarillas y Acondicionador Leave-in.<\/p>\n\n\n\n<p>Las mascarillas capilares, formuladas con hasta un 94 % de ingredientes de origen natural, est\u00e1n formuladas para cuidar, nutrir y reparar el pelo y cuero cabelludo de forma espec\u00edfica en funci\u00f3n del tipo de cabello.<\/p>\n\n\n\n<ul style=\"list-style-type: square; margin-left: 30px;\">\n<li style=\"margin-bottom: 20px;\">Farline Mascarilla Capilar Fortificante 250 ml: indicada para los cabellos d\u00e9biles o quebradizos. Su f\u00f3rmula revitalizante, con queratina y enriquecida con extracto de quinoa y edelweiss, ayuda a incrementar la resistencia de la fibra capilar y reducir la rotura.<\/li>\n<li style=\"margin-bottom: 20px;\">Farline Mascarilla Seborreguladora 250 ml: indicada para el cabello graso. Limpia en profundidad las impurezas del cuero cabelludo y ayuda a normalizar el exceso de sebo, aportando mucho brillo al cabello, gracias a su agradable formulaci\u00f3n que contiene carb\u00f3n activo y p\u00e9ptidos de origen natural de canela, tomillo, malva y hamamelis.<\/li>\n<li>Farline Mascarilla Capilar nutritiva y reparadora 250 ml: indicada para el cuidado del cabello seco o da\u00f1ado. Su f\u00f3rmula, rica en aceite de oliva, aloe vera, avena, mango y manteca de karit\u00e9,&nbsp; est\u00e1 dise\u00f1ada para reponer la p\u00e9rdida de l\u00edpidos y vitaminas, devolviendo al cabello el aspecto reparado e hidratado.<\/li>\n<\/ul>\n\n\n\n<div style=\"height:30px\" aria-hidden=\"true\" class=\"wp-block-spacer\"><\/div>\n\n\n\n<p>Tambi\u00e9n puede emplearse como tratamiento pre-champ\u00fa, siendo apto para el m\u00e9todo curly.<\/p>\n\n\n\n<p>Y el Acondicionador Leave-in Farline 100 ml, aut\u00e9ntico tratamiento restaurador sin aclarado que repara, suaviza y protege el cabello de los procesos t\u00e9rmicos y el sol, incrementando su fuerza y resistencia. Con efecto anti-frizz, aporta cuerpo, volumen y brillo al cabello. Y es apto para el m\u00e9todo curly.<\/p>\n\n\n\n<p>Si a\u00fan no las conoces, desc\u00fabrelas en nuestro Stand 3F16 de Infarma 2024, y ll\u00e9vate una mini-muestra de regalo.<\/p>\n","protected":false},"excerpt":{"rendered":"<p>Farline, la marca de distribuci\u00f3n con mayor penetraci\u00f3n de mercado, lanza sus nuevos productos de cuidado capilar: Mascarillas y Acondicionador Leave-in. Las mascarillas capilares, formuladas con hasta un 94 % de ingredientes de origen natural, est\u00e1n formuladas para cuidar, nutrir y reparar el pelo y cuero cabelludo de forma espec\u00edfica en funci\u00f3n del tipo de [&hellip;]<\/p>\n","protected":false},"author":2,"featured_media":13322,"comment_status":"closed","ping_status":"closed","sticky":false,"template":"","format":"standard","meta":{"footnotes":""},"categories":[141],"tags":[],"class_list":["post-11453","post","type-post","status-publish","format-standard","has-post-thumbnail","hentry","category-noticias-del-salon"],"yoast_head":"<!-- This site is optimized with the Yoast SEO plugin v27.4 - https:\/\/yoast.com\/product\/yoast-seo-wordpress\/ -->\n<title>Cuidado capilar Farline: El tratamiento espec\u00edfico para cada tipo de cabello<\/title>\n<meta name=\"description\" content=\"Farline, la marca de distribuci\u00f3n con mayor penetraci\u00f3n de mercado, lanza sus nuevos productos de cuidado capilar: Mascarillas y Acondicionador Leave-in.\" \/>\n<meta name=\"robots\" content=\"index, follow, max-snippet:-1, max-image-preview:large, max-video-preview:-1\" \/>\n<link rel=\"canonical\" href=\"https:\/\/www.infarma.es\/en\/cuidado-capilar-farline-el-tratamiento-especifico-para-cada-tipo-de-cabello\/\" \/>\n<meta property=\"og:locale\" content=\"en_US\" \/>\n<meta property=\"og:type\" content=\"article\" \/>\n<meta property=\"og:title\" content=\"Cuidado capilar Farline: El tratamiento espec\u00edfico para cada tipo de cabello\" \/>\n<meta property=\"og:description\" content=\"Farline, la marca de distribuci\u00f3n con mayor penetraci\u00f3n de mercado, lanza sus nuevos productos de cuidado capilar: Mascarillas y Acondicionador Leave-in.\" \/>\n<meta property=\"og:url\" content=\"https:\/\/www.infarma.es\/en\/cuidado-capilar-farline-el-tratamiento-especifico-para-cada-tipo-de-cabello\/\" \/>\n<meta property=\"og:site_name\" content=\"Infarma\" \/>\n<meta property=\"article:publisher\" content=\"https:\/\/www.facebook.com\/infarmaoficial\/\" \/>\n<meta property=\"article:published_time\" content=\"2024-03-16T21:36:46+00:00\" \/>\n<meta property=\"article:modified_time\" content=\"2024-07-23T08:40:42+00:00\" \/>\n<meta property=\"og:image\" content=\"https:\/\/www.infarma.es\/wp-content\/uploads\/2024\/07\/inf2024-farline-cuidado-capilar-blog.webp\" \/>\n\t<meta property=\"og:image:width\" content=\"1600\" \/>\n\t<meta property=\"og:image:height\" content=\"900\" \/>\n\t<meta property=\"og:image:type\" content=\"image\/webp\" \/>\n<meta name=\"author\" content=\"xavier\" \/>\n<meta name=\"twitter:card\" content=\"summary_large_image\" \/>\n<meta name=\"twitter:creator\" content=\"@infarma_es\" \/>\n<meta name=\"twitter:site\" content=\"@infarma_es\" \/>\n<meta name=\"twitter:label1\" content=\"Written by\" \/>\n\t<meta name=\"twitter:data1\" content=\"xavier\" \/>\n\t<meta name=\"twitter:label2\" content=\"Est. reading time\" \/>\n\t<meta name=\"twitter:data2\" content=\"2 minutes\" \/>\n<script type=\"application\/ld+json\" class=\"yoast-schema-graph\">{\"@context\":\"https:\\\/\\\/schema.org\",\"@graph\":[{\"@type\":\"Article\",\"@id\":\"https:\\\/\\\/www.infarma.es\\\/en\\\/cuidado-capilar-farline-el-tratamiento-especifico-para-cada-tipo-de-cabello\\\/#article\",\"isPartOf\":{\"@id\":\"https:\\\/\\\/www.infarma.es\\\/en\\\/cuidado-capilar-farline-el-tratamiento-especifico-para-cada-tipo-de-cabello\\\/\"},\"author\":{\"name\":\"xavier\",\"@id\":\"https:\\\/\\\/www.infarma.es\\\/en\\\/#\\\/schema\\\/person\\\/e53486dc47606cc5c89217026a8a01a7\"},\"headline\":\"Cuidado capilar Farline: El tratamiento espec\u00edfico para cada tipo de cabello\",\"datePublished\":\"2024-03-16T21:36:46+00:00\",\"dateModified\":\"2024-07-23T08:40:42+00:00\",\"mainEntityOfPage\":{\"@id\":\"https:\\\/\\\/www.infarma.es\\\/en\\\/cuidado-capilar-farline-el-tratamiento-especifico-para-cada-tipo-de-cabello\\\/\"},\"wordCount\":304,\"publisher\":{\"@id\":\"https:\\\/\\\/www.infarma.es\\\/en\\\/#organization\"},\"image\":{\"@id\":\"https:\\\/\\\/www.infarma.es\\\/en\\\/cuidado-capilar-farline-el-tratamiento-especifico-para-cada-tipo-de-cabello\\\/#primaryimage\"},\"thumbnailUrl\":\"https:\\\/\\\/www.infarma.es\\\/wp-content\\\/uploads\\\/2024\\\/07\\\/inf2024-farline-cuidado-capilar-blog.webp\",\"articleSection\":[\"Noticias del Sal\u00f3n\"],\"inLanguage\":\"en-US\"},{\"@type\":\"WebPage\",\"@id\":\"https:\\\/\\\/www.infarma.es\\\/en\\\/cuidado-capilar-farline-el-tratamiento-especifico-para-cada-tipo-de-cabello\\\/\",\"url\":\"https:\\\/\\\/www.infarma.es\\\/en\\\/cuidado-capilar-farline-el-tratamiento-especifico-para-cada-tipo-de-cabello\\\/\",\"name\":\"Cuidado capilar Farline: El tratamiento espec\u00edfico para cada tipo de cabello\",\"isPartOf\":{\"@id\":\"https:\\\/\\\/www.infarma.es\\\/en\\\/#website\"},\"primaryImageOfPage\":{\"@id\":\"https:\\\/\\\/www.infarma.es\\\/en\\\/cuidado-capilar-farline-el-tratamiento-especifico-para-cada-tipo-de-cabello\\\/#primaryimage\"},\"image\":{\"@id\":\"https:\\\/\\\/www.infarma.es\\\/en\\\/cuidado-capilar-farline-el-tratamiento-especifico-para-cada-tipo-de-cabello\\\/#primaryimage\"},\"thumbnailUrl\":\"https:\\\/\\\/www.infarma.es\\\/wp-content\\\/uploads\\\/2024\\\/07\\\/inf2024-farline-cuidado-capilar-blog.webp\",\"datePublished\":\"2024-03-16T21:36:46+00:00\",\"dateModified\":\"2024-07-23T08:40:42+00:00\",\"description\":\"Farline, la marca de distribuci\u00f3n con mayor penetraci\u00f3n de mercado, lanza sus nuevos productos de cuidado capilar: Mascarillas y Acondicionador Leave-in.\",\"breadcrumb\":{\"@id\":\"https:\\\/\\\/www.infarma.es\\\/en\\\/cuidado-capilar-farline-el-tratamiento-especifico-para-cada-tipo-de-cabello\\\/#breadcrumb\"},\"inLanguage\":\"en-US\",\"potentialAction\":[{\"@type\":\"ReadAction\",\"target\":[\"https:\\\/\\\/www.infarma.es\\\/en\\\/cuidado-capilar-farline-el-tratamiento-especifico-para-cada-tipo-de-cabello\\\/\"]}]},{\"@type\":\"ImageObject\",\"inLanguage\":\"en-US\",\"@id\":\"https:\\\/\\\/www.infarma.es\\\/en\\\/cuidado-capilar-farline-el-tratamiento-especifico-para-cada-tipo-de-cabello\\\/#primaryimage\",\"url\":\"https:\\\/\\\/www.infarma.es\\\/wp-content\\\/uploads\\\/2024\\\/07\\\/inf2024-farline-cuidado-capilar-blog.webp\",\"contentUrl\":\"https:\\\/\\\/www.infarma.es\\\/wp-content\\\/uploads\\\/2024\\\/07\\\/inf2024-farline-cuidado-capilar-blog.webp\",\"width\":1600,\"height\":900},{\"@type\":\"BreadcrumbList\",\"@id\":\"https:\\\/\\\/www.infarma.es\\\/en\\\/cuidado-capilar-farline-el-tratamiento-especifico-para-cada-tipo-de-cabello\\\/#breadcrumb\",\"itemListElement\":[{\"@type\":\"ListItem\",\"position\":1,\"name\":\"Portada\",\"item\":\"https:\\\/\\\/www.infarma.es\\\/en\\\/\"},{\"@type\":\"ListItem\",\"position\":2,\"name\":\"Cuidado capilar Farline: El tratamiento espec\u00edfico para cada tipo de cabello\"}]},{\"@type\":\"WebSite\",\"@id\":\"https:\\\/\\\/www.infarma.es\\\/en\\\/#website\",\"url\":\"https:\\\/\\\/www.infarma.es\\\/en\\\/\",\"name\":\"Infarma\",\"description\":\"El mayor encuentro de farmacia\",\"publisher\":{\"@id\":\"https:\\\/\\\/www.infarma.es\\\/en\\\/#organization\"},\"potentialAction\":[{\"@type\":\"SearchAction\",\"target\":{\"@type\":\"EntryPoint\",\"urlTemplate\":\"https:\\\/\\\/www.infarma.es\\\/en\\\/?s={search_term_string}\"},\"query-input\":{\"@type\":\"PropertyValueSpecification\",\"valueRequired\":true,\"valueName\":\"search_term_string\"}}],\"inLanguage\":\"en-US\"},{\"@type\":\"Organization\",\"@id\":\"https:\\\/\\\/www.infarma.es\\\/en\\\/#organization\",\"name\":\"Infarma\",\"url\":\"https:\\\/\\\/www.infarma.es\\\/en\\\/\",\"logo\":{\"@type\":\"ImageObject\",\"inLanguage\":\"en-US\",\"@id\":\"https:\\\/\\\/www.infarma.es\\\/en\\\/#\\\/schema\\\/logo\\\/image\\\/\",\"url\":\"https:\\\/\\\/www.infarma.es\\\/wp-content\\\/uploads\\\/2024\\\/10\\\/logo-simple.svg\",\"contentUrl\":\"https:\\\/\\\/www.infarma.es\\\/wp-content\\\/uploads\\\/2024\\\/10\\\/logo-simple.svg\",\"width\":1,\"height\":1,\"caption\":\"Infarma\"},\"image\":{\"@id\":\"https:\\\/\\\/www.infarma.es\\\/en\\\/#\\\/schema\\\/logo\\\/image\\\/\"},\"sameAs\":[\"https:\\\/\\\/www.facebook.com\\\/infarmaoficial\\\/\",\"https:\\\/\\\/x.com\\\/infarma_es\",\"https:\\\/\\\/www.instagram.com\\\/infarma_oficial\\\/\",\"https:\\\/\\\/www.linkedin.com\\\/showcase\\\/infarma-salon\\\/\",\"https:\\\/\\\/www.youtube.com\\\/@INFARMAOFICIAL\"]},{\"@type\":\"Person\",\"@id\":\"https:\\\/\\\/www.infarma.es\\\/en\\\/#\\\/schema\\\/person\\\/e53486dc47606cc5c89217026a8a01a7\",\"name\":\"xavier\",\"image\":{\"@type\":\"ImageObject\",\"inLanguage\":\"en-US\",\"@id\":\"https:\\\/\\\/secure.gravatar.com\\\/avatar\\\/9014b89254123c1f240ae636cc793b98ce50ec2df162909756be1d23adc503e4?s=96&d=mm&r=g\",\"url\":\"https:\\\/\\\/secure.gravatar.com\\\/avatar\\\/9014b89254123c1f240ae636cc793b98ce50ec2df162909756be1d23adc503e4?s=96&d=mm&r=g\",\"contentUrl\":\"https:\\\/\\\/secure.gravatar.com\\\/avatar\\\/9014b89254123c1f240ae636cc793b98ce50ec2df162909756be1d23adc503e4?s=96&d=mm&r=g\",\"caption\":\"xavier\"},\"url\":\"https:\\\/\\\/www.infarma.es\\\/en\\\/author\\\/xavier\\\/\"}]}<\/script>\n<!-- \/ Yoast SEO plugin. -->","yoast_head_json":{"title":"Cuidado capilar Farline: El tratamiento espec\u00edfico para cada tipo de cabello","description":"Farline, la marca de distribuci\u00f3n con mayor penetraci\u00f3n de mercado, lanza sus nuevos productos de cuidado capilar: Mascarillas y Acondicionador Leave-in.","robots":{"index":"index","follow":"follow","max-snippet":"max-snippet:-1","max-image-preview":"max-image-preview:large","max-video-preview":"max-video-preview:-1"},"canonical":"https:\/\/www.infarma.es\/en\/cuidado-capilar-farline-el-tratamiento-especifico-para-cada-tipo-de-cabello\/","og_locale":"en_US","og_type":"article","og_title":"Cuidado capilar Farline: El tratamiento espec\u00edfico para cada tipo de cabello","og_description":"Farline, la marca de distribuci\u00f3n con mayor penetraci\u00f3n de mercado, lanza sus nuevos productos de cuidado capilar: Mascarillas y Acondicionador Leave-in.","og_url":"https:\/\/www.infarma.es\/en\/cuidado-capilar-farline-el-tratamiento-especifico-para-cada-tipo-de-cabello\/","og_site_name":"Infarma","article_publisher":"https:\/\/www.facebook.com\/infarmaoficial\/","article_published_time":"2024-03-16T21:36:46+00:00","article_modified_time":"2024-07-23T08:40:42+00:00","og_image":[{"width":1600,"height":900,"url":"https:\/\/www.infarma.es\/wp-content\/uploads\/2024\/07\/inf2024-farline-cuidado-capilar-blog.webp","type":"image\/webp"}],"author":"xavier","twitter_card":"summary_large_image","twitter_creator":"@infarma_es","twitter_site":"@infarma_es","twitter_misc":{"Written by":"xavier","Est. reading time":"2 minutes"},"schema":{"@context":"https:\/\/schema.org","@graph":[{"@type":"Article","@id":"https:\/\/www.infarma.es\/en\/cuidado-capilar-farline-el-tratamiento-especifico-para-cada-tipo-de-cabello\/#article","isPartOf":{"@id":"https:\/\/www.infarma.es\/en\/cuidado-capilar-farline-el-tratamiento-especifico-para-cada-tipo-de-cabello\/"},"author":{"name":"xavier","@id":"https:\/\/www.infarma.es\/en\/#\/schema\/person\/e53486dc47606cc5c89217026a8a01a7"},"headline":"Cuidado capilar Farline: El tratamiento espec\u00edfico para cada tipo de cabello","datePublished":"2024-03-16T21:36:46+00:00","dateModified":"2024-07-23T08:40:42+00:00","mainEntityOfPage":{"@id":"https:\/\/www.infarma.es\/en\/cuidado-capilar-farline-el-tratamiento-especifico-para-cada-tipo-de-cabello\/"},"wordCount":304,"publisher":{"@id":"https:\/\/www.infarma.es\/en\/#organization"},"image":{"@id":"https:\/\/www.infarma.es\/en\/cuidado-capilar-farline-el-tratamiento-especifico-para-cada-tipo-de-cabello\/#primaryimage"},"thumbnailUrl":"https:\/\/www.infarma.es\/wp-content\/uploads\/2024\/07\/inf2024-farline-cuidado-capilar-blog.webp","articleSection":["Noticias del Sal\u00f3n"],"inLanguage":"en-US"},{"@type":"WebPage","@id":"https:\/\/www.infarma.es\/en\/cuidado-capilar-farline-el-tratamiento-especifico-para-cada-tipo-de-cabello\/","url":"https:\/\/www.infarma.es\/en\/cuidado-capilar-farline-el-tratamiento-especifico-para-cada-tipo-de-cabello\/","name":"Cuidado capilar Farline: El tratamiento espec\u00edfico para cada tipo de cabello","isPartOf":{"@id":"https:\/\/www.infarma.es\/en\/#website"},"primaryImageOfPage":{"@id":"https:\/\/www.infarma.es\/en\/cuidado-capilar-farline-el-tratamiento-especifico-para-cada-tipo-de-cabello\/#primaryimage"},"image":{"@id":"https:\/\/www.infarma.es\/en\/cuidado-capilar-farline-el-tratamiento-especifico-para-cada-tipo-de-cabello\/#primaryimage"},"thumbnailUrl":"https:\/\/www.infarma.es\/wp-content\/uploads\/2024\/07\/inf2024-farline-cuidado-capilar-blog.webp","datePublished":"2024-03-16T21:36:46+00:00","dateModified":"2024-07-23T08:40:42+00:00","description":"Farline, la marca de distribuci\u00f3n con mayor penetraci\u00f3n de mercado, lanza sus nuevos productos de cuidado capilar: Mascarillas y Acondicionador Leave-in.","breadcrumb":{"@id":"https:\/\/www.infarma.es\/en\/cuidado-capilar-farline-el-tratamiento-especifico-para-cada-tipo-de-cabello\/#breadcrumb"},"inLanguage":"en-US","potentialAction":[{"@type":"ReadAction","target":["https:\/\/www.infarma.es\/en\/cuidado-capilar-farline-el-tratamiento-especifico-para-cada-tipo-de-cabello\/"]}]},{"@type":"ImageObject","inLanguage":"en-US","@id":"https:\/\/www.infarma.es\/en\/cuidado-capilar-farline-el-tratamiento-especifico-para-cada-tipo-de-cabello\/#primaryimage","url":"https:\/\/www.infarma.es\/wp-content\/uploads\/2024\/07\/inf2024-farline-cuidado-capilar-blog.webp","contentUrl":"https:\/\/www.infarma.es\/wp-content\/uploads\/2024\/07\/inf2024-farline-cuidado-capilar-blog.webp","width":1600,"height":900},{"@type":"BreadcrumbList","@id":"https:\/\/www.infarma.es\/en\/cuidado-capilar-farline-el-tratamiento-especifico-para-cada-tipo-de-cabello\/#breadcrumb","itemListElement":[{"@type":"ListItem","position":1,"name":"Portada","item":"https:\/\/www.infarma.es\/en\/"},{"@type":"ListItem","position":2,"name":"Cuidado capilar Farline: El tratamiento espec\u00edfico para cada tipo de cabello"}]},{"@type":"WebSite","@id":"https:\/\/www.infarma.es\/en\/#website","url":"https:\/\/www.infarma.es\/en\/","name":"Infarma","description":"El mayor encuentro de farmacia","publisher":{"@id":"https:\/\/www.infarma.es\/en\/#organization"},"potentialAction":[{"@type":"SearchAction","target":{"@type":"EntryPoint","urlTemplate":"https:\/\/www.infarma.es\/en\/?s={search_term_string}"},"query-input":{"@type":"PropertyValueSpecification","valueRequired":true,"valueName":"search_term_string"}}],"inLanguage":"en-US"},{"@type":"Organization","@id":"https:\/\/www.infarma.es\/en\/#organization","name":"Infarma","url":"https:\/\/www.infarma.es\/en\/","logo":{"@type":"ImageObject","inLanguage":"en-US","@id":"https:\/\/www.infarma.es\/en\/#\/schema\/logo\/image\/","url":"https:\/\/www.infarma.es\/wp-content\/uploads\/2024\/10\/logo-simple.svg","contentUrl":"https:\/\/www.infarma.es\/wp-content\/uploads\/2024\/10\/logo-simple.svg","width":1,"height":1,"caption":"Infarma"},"image":{"@id":"https:\/\/www.infarma.es\/en\/#\/schema\/logo\/image\/"},"sameAs":["https:\/\/www.facebook.com\/infarmaoficial\/","https:\/\/x.com\/infarma_es","https:\/\/www.instagram.com\/infarma_oficial\/","https:\/\/www.linkedin.com\/showcase\/infarma-salon\/","https:\/\/www.youtube.com\/@INFARMAOFICIAL"]},{"@type":"Person","@id":"https:\/\/www.infarma.es\/en\/#\/schema\/person\/e53486dc47606cc5c89217026a8a01a7","name":"xavier","image":{"@type":"ImageObject","inLanguage":"en-US","@id":"https:\/\/secure.gravatar.com\/avatar\/9014b89254123c1f240ae636cc793b98ce50ec2df162909756be1d23adc503e4?s=96&d=mm&r=g","url":"https:\/\/secure.gravatar.com\/avatar\/9014b89254123c1f240ae636cc793b98ce50ec2df162909756be1d23adc503e4?s=96&d=mm&r=g","contentUrl":"https:\/\/secure.gravatar.com\/avatar\/9014b89254123c1f240ae636cc793b98ce50ec2df162909756be1d23adc503e4?s=96&d=mm&r=g","caption":"xavier"},"url":"https:\/\/www.infarma.es\/en\/author\/xavier\/"}]}},"_links":{"self":[{"href":"https:\/\/www.infarma.es\/en\/wp-json\/wp\/v2\/posts\/11453","targetHints":{"allow":["GET"]}}],"collection":[{"href":"https:\/\/www.infarma.es\/en\/wp-json\/wp\/v2\/posts"}],"about":[{"href":"https:\/\/www.infarma.es\/en\/wp-json\/wp\/v2\/types\/post"}],"author":[{"embeddable":true,"href":"https:\/\/www.infarma.es\/en\/wp-json\/wp\/v2\/users\/2"}],"replies":[{"embeddable":true,"href":"https:\/\/www.infarma.es\/en\/wp-json\/wp\/v2\/comments?post=11453"}],"version-history":[{"count":2,"href":"https:\/\/www.infarma.es\/en\/wp-json\/wp\/v2\/posts\/11453\/revisions"}],"predecessor-version":[{"id":13338,"href":"https:\/\/www.infarma.es\/en\/wp-json\/wp\/v2\/posts\/11453\/revisions\/13338"}],"wp:featuredmedia":[{"embeddable":true,"href":"https:\/\/www.infarma.es\/en\/wp-json\/wp\/v2\/media\/13322"}],"wp:attachment":[{"href":"https:\/\/www.infarma.es\/en\/wp-json\/wp\/v2\/media?parent=11453"}],"wp:term":[{"taxonomy":"category","embeddable":true,"href":"https:\/\/www.infarma.es\/en\/wp-json\/wp\/v2\/categories?post=11453"},{"taxonomy":"post_tag","embeddable":true,"href":"https:\/\/www.infarma.es\/en\/wp-json\/wp\/v2\/tags?post=11453"}],"curies":[{"name":"wp","href":"https:\/\/api.w.org\/{rel}","templated":true}]}}