{"id":11460,"date":"2024-02-27T11:00:00","date_gmt":"2024-02-27T10:00:00","guid":{"rendered":"https:\/\/www.infarma.es\/?p=11460"},"modified":"2024-07-23T12:07:03","modified_gmt":"2024-07-23T10:07:03","slug":"beauterra-una-marca-sostenible-desde-su-formula-hasta-el-packaging","status":"publish","type":"post","link":"https:\/\/www.infarma.es\/en\/beauterra-una-marca-sostenible-desde-su-formula-hasta-el-packaging\/","title":{"rendered":"BeauTerra, una marca sostenible desde su f\u00f3rmula hasta el packaging"},"content":{"rendered":"\n<p>BeauTerra ofrece ingredientes respetuosos en sus f\u00f3rmulas, para cuidar tu piel, tu cabello y el planeta. Adem\u00e1s de respetar los ingredientes y principios activos utilizados y desarrollar productos exigentes&nbsp;<strong>aptos para todo tipo de pieles<\/strong>. No usa ingredientes controvertidos y se caracteriza por sus envases de pl\u00e1stico 100% reciclados y reciclables.<\/p>\n\n\n\n<p><strong>En los \u00faltimos a\u00f1os, BeauTerra<\/strong> ha crecido de manera exponencial y se ha&nbsp; convertido en una marca l\u00edder en&nbsp; las farmacias de Francia. Su equipo trabaja cada d\u00eda con un objetivo: ofrecer productos sensoriales, innovadores y en armon\u00eda con el planeta.<\/p>\n\n\n\n<p>\u00bfEn qu\u00e9 se diferencia?&nbsp;&nbsp;&nbsp;&nbsp;&nbsp;&nbsp;&nbsp;&nbsp;&nbsp;&nbsp;&nbsp;&nbsp;&nbsp;&nbsp;&nbsp;&nbsp;&nbsp;&nbsp;&nbsp;&nbsp;&nbsp;&nbsp;&nbsp;&nbsp;&nbsp;&nbsp;&nbsp;&nbsp;&nbsp;&nbsp;&nbsp;&nbsp;&nbsp;&nbsp;&nbsp;&nbsp;&nbsp;&nbsp;&nbsp;&nbsp;&nbsp;&nbsp;&nbsp;&nbsp;&nbsp;&nbsp;&nbsp;&nbsp;&nbsp;&nbsp;&nbsp;&nbsp;&nbsp;&nbsp;&nbsp;&nbsp;&nbsp;&nbsp;&nbsp;&nbsp;&nbsp;&nbsp;&nbsp;&nbsp;&nbsp;&nbsp;&nbsp;&nbsp;&nbsp;&nbsp;&nbsp;&nbsp;&nbsp;&nbsp;&nbsp;&nbsp;&nbsp;&nbsp;&nbsp;&nbsp;&nbsp;&nbsp;&nbsp;&nbsp;&nbsp;&nbsp;&nbsp;&nbsp;&nbsp;&nbsp;<\/p>\n\n\n\n<ol class=\"wp-block-list\">\n<li>Productos de alta calidad con precios competitivos<\/li>\n\n\n\n<li>Formatos grandes, c\u00f3modos y ecol\u00f3gicos<\/li>\n\n\n\n<li>Combinaci\u00f3n de sostenibilidad &amp; sensorialidad<\/li>\n<\/ol>\n\n\n\n<div style=\"height:30px\" aria-hidden=\"true\" class=\"wp-block-spacer\"><\/div>\n\n\n\n<p>\u00a1BeauTerra es la rutina de belleza que cuida el medio ambiente tanto como tu piel!<\/p>\n\n\n\n<p>Certificado Cruelty Free PETA, BIO Cosmos organic, Sin parabenos.<\/p>\n\n\n\n<div style=\"height:10px\" aria-hidden=\"true\" class=\"wp-block-spacer\"><\/div>\n\n\n\n<p class=\"has-text-align-center\"><a href=\"https:\/\/beauterra.es\/\" target=\"_blank\" rel=\"noreferrer noopener\"><strong>https:\/\/beauterra.es\/<\/strong><\/a><\/p>\n","protected":false},"excerpt":{"rendered":"<p>BeauTerra ofrece ingredientes respetuosos en sus f\u00f3rmulas, para cuidar tu piel, tu cabello y el planeta. Adem\u00e1s de respetar los ingredientes y principios activos utilizados y desarrollar productos exigentes&nbsp;aptos para todo tipo de pieles. No usa ingredientes controvertidos y se caracteriza por sus envases de pl\u00e1stico 100% reciclados y reciclables. En los \u00faltimos a\u00f1os, BeauTerra [&hellip;]<\/p>\n","protected":false},"author":2,"featured_media":13463,"comment_status":"closed","ping_status":"closed","sticky":false,"template":"","format":"standard","meta":{"footnotes":""},"categories":[141],"tags":[],"class_list":["post-11460","post","type-post","status-publish","format-standard","has-post-thumbnail","hentry","category-noticias-del-salon"],"yoast_head":"<!-- This site is optimized with the Yoast SEO plugin v27.4 - https:\/\/yoast.com\/product\/yoast-seo-wordpress\/ -->\n<title>BeauTerra, una marca sostenible desde su f\u00f3rmula hasta el packaging<\/title>\n<meta name=\"description\" content=\"BeauTerra ofrece ingredientes respetuosos en sus f\u00f3rmulas, para cuidar tu piel, tu cabello y el planeta.\" \/>\n<meta name=\"robots\" content=\"index, follow, max-snippet:-1, max-image-preview:large, max-video-preview:-1\" \/>\n<link rel=\"canonical\" href=\"https:\/\/www.infarma.es\/en\/beauterra-una-marca-sostenible-desde-su-formula-hasta-el-packaging\/\" \/>\n<meta property=\"og:locale\" content=\"en_US\" \/>\n<meta property=\"og:type\" content=\"article\" \/>\n<meta property=\"og:title\" content=\"BeauTerra, una marca sostenible desde su f\u00f3rmula hasta el packaging\" \/>\n<meta property=\"og:description\" content=\"BeauTerra ofrece ingredientes respetuosos en sus f\u00f3rmulas, para cuidar tu piel, tu cabello y el planeta.\" \/>\n<meta property=\"og:url\" content=\"https:\/\/www.infarma.es\/en\/beauterra-una-marca-sostenible-desde-su-formula-hasta-el-packaging\/\" \/>\n<meta property=\"og:site_name\" content=\"Infarma\" \/>\n<meta property=\"article:publisher\" content=\"https:\/\/www.facebook.com\/infarmaoficial\/\" \/>\n<meta property=\"article:published_time\" content=\"2024-02-27T10:00:00+00:00\" \/>\n<meta property=\"article:modified_time\" content=\"2024-07-23T10:07:03+00:00\" \/>\n<meta property=\"og:image\" content=\"https:\/\/www.infarma.es\/wp-content\/uploads\/2024\/02\/inf2024-BeauTerra-blog.webp\" \/>\n\t<meta property=\"og:image:width\" content=\"1600\" \/>\n\t<meta property=\"og:image:height\" content=\"900\" \/>\n\t<meta property=\"og:image:type\" content=\"image\/webp\" \/>\n<meta name=\"author\" content=\"xavier\" \/>\n<meta name=\"twitter:card\" content=\"summary_large_image\" \/>\n<meta name=\"twitter:creator\" content=\"@infarma_es\" \/>\n<meta name=\"twitter:site\" content=\"@infarma_es\" \/>\n<meta name=\"twitter:label1\" content=\"Written by\" \/>\n\t<meta name=\"twitter:data1\" content=\"xavier\" \/>\n\t<meta name=\"twitter:label2\" content=\"Est. reading time\" \/>\n\t<meta name=\"twitter:data2\" content=\"1 minute\" \/>\n<script type=\"application\/ld+json\" class=\"yoast-schema-graph\">{\"@context\":\"https:\\\/\\\/schema.org\",\"@graph\":[{\"@type\":\"Article\",\"@id\":\"https:\\\/\\\/www.infarma.es\\\/en\\\/beauterra-una-marca-sostenible-desde-su-formula-hasta-el-packaging\\\/#article\",\"isPartOf\":{\"@id\":\"https:\\\/\\\/www.infarma.es\\\/en\\\/beauterra-una-marca-sostenible-desde-su-formula-hasta-el-packaging\\\/\"},\"author\":{\"name\":\"xavier\",\"@id\":\"https:\\\/\\\/www.infarma.es\\\/en\\\/#\\\/schema\\\/person\\\/e53486dc47606cc5c89217026a8a01a7\"},\"headline\":\"BeauTerra, una marca sostenible desde su f\u00f3rmula hasta el packaging\",\"datePublished\":\"2024-02-27T10:00:00+00:00\",\"dateModified\":\"2024-07-23T10:07:03+00:00\",\"mainEntityOfPage\":{\"@id\":\"https:\\\/\\\/www.infarma.es\\\/en\\\/beauterra-una-marca-sostenible-desde-su-formula-hasta-el-packaging\\\/\"},\"wordCount\":253,\"publisher\":{\"@id\":\"https:\\\/\\\/www.infarma.es\\\/en\\\/#organization\"},\"image\":{\"@id\":\"https:\\\/\\\/www.infarma.es\\\/en\\\/beauterra-una-marca-sostenible-desde-su-formula-hasta-el-packaging\\\/#primaryimage\"},\"thumbnailUrl\":\"https:\\\/\\\/www.infarma.es\\\/wp-content\\\/uploads\\\/2024\\\/02\\\/inf2024-BeauTerra-blog.webp\",\"articleSection\":[\"Noticias del Sal\u00f3n\"],\"inLanguage\":\"en-US\"},{\"@type\":\"WebPage\",\"@id\":\"https:\\\/\\\/www.infarma.es\\\/en\\\/beauterra-una-marca-sostenible-desde-su-formula-hasta-el-packaging\\\/\",\"url\":\"https:\\\/\\\/www.infarma.es\\\/en\\\/beauterra-una-marca-sostenible-desde-su-formula-hasta-el-packaging\\\/\",\"name\":\"BeauTerra, una marca sostenible desde su f\u00f3rmula hasta el packaging\",\"isPartOf\":{\"@id\":\"https:\\\/\\\/www.infarma.es\\\/en\\\/#website\"},\"primaryImageOfPage\":{\"@id\":\"https:\\\/\\\/www.infarma.es\\\/en\\\/beauterra-una-marca-sostenible-desde-su-formula-hasta-el-packaging\\\/#primaryimage\"},\"image\":{\"@id\":\"https:\\\/\\\/www.infarma.es\\\/en\\\/beauterra-una-marca-sostenible-desde-su-formula-hasta-el-packaging\\\/#primaryimage\"},\"thumbnailUrl\":\"https:\\\/\\\/www.infarma.es\\\/wp-content\\\/uploads\\\/2024\\\/02\\\/inf2024-BeauTerra-blog.webp\",\"datePublished\":\"2024-02-27T10:00:00+00:00\",\"dateModified\":\"2024-07-23T10:07:03+00:00\",\"description\":\"BeauTerra ofrece ingredientes respetuosos en sus f\u00f3rmulas, para cuidar tu piel, tu cabello y el planeta.\",\"breadcrumb\":{\"@id\":\"https:\\\/\\\/www.infarma.es\\\/en\\\/beauterra-una-marca-sostenible-desde-su-formula-hasta-el-packaging\\\/#breadcrumb\"},\"inLanguage\":\"en-US\",\"potentialAction\":[{\"@type\":\"ReadAction\",\"target\":[\"https:\\\/\\\/www.infarma.es\\\/en\\\/beauterra-una-marca-sostenible-desde-su-formula-hasta-el-packaging\\\/\"]}]},{\"@type\":\"ImageObject\",\"inLanguage\":\"en-US\",\"@id\":\"https:\\\/\\\/www.infarma.es\\\/en\\\/beauterra-una-marca-sostenible-desde-su-formula-hasta-el-packaging\\\/#primaryimage\",\"url\":\"https:\\\/\\\/www.infarma.es\\\/wp-content\\\/uploads\\\/2024\\\/02\\\/inf2024-BeauTerra-blog.webp\",\"contentUrl\":\"https:\\\/\\\/www.infarma.es\\\/wp-content\\\/uploads\\\/2024\\\/02\\\/inf2024-BeauTerra-blog.webp\",\"width\":1600,\"height\":900},{\"@type\":\"BreadcrumbList\",\"@id\":\"https:\\\/\\\/www.infarma.es\\\/en\\\/beauterra-una-marca-sostenible-desde-su-formula-hasta-el-packaging\\\/#breadcrumb\",\"itemListElement\":[{\"@type\":\"ListItem\",\"position\":1,\"name\":\"Portada\",\"item\":\"https:\\\/\\\/www.infarma.es\\\/en\\\/\"},{\"@type\":\"ListItem\",\"position\":2,\"name\":\"BeauTerra, una marca sostenible desde su f\u00f3rmula hasta el packaging\"}]},{\"@type\":\"WebSite\",\"@id\":\"https:\\\/\\\/www.infarma.es\\\/en\\\/#website\",\"url\":\"https:\\\/\\\/www.infarma.es\\\/en\\\/\",\"name\":\"Infarma\",\"description\":\"El mayor encuentro de farmacia\",\"publisher\":{\"@id\":\"https:\\\/\\\/www.infarma.es\\\/en\\\/#organization\"},\"potentialAction\":[{\"@type\":\"SearchAction\",\"target\":{\"@type\":\"EntryPoint\",\"urlTemplate\":\"https:\\\/\\\/www.infarma.es\\\/en\\\/?s={search_term_string}\"},\"query-input\":{\"@type\":\"PropertyValueSpecification\",\"valueRequired\":true,\"valueName\":\"search_term_string\"}}],\"inLanguage\":\"en-US\"},{\"@type\":\"Organization\",\"@id\":\"https:\\\/\\\/www.infarma.es\\\/en\\\/#organization\",\"name\":\"Infarma\",\"url\":\"https:\\\/\\\/www.infarma.es\\\/en\\\/\",\"logo\":{\"@type\":\"ImageObject\",\"inLanguage\":\"en-US\",\"@id\":\"https:\\\/\\\/www.infarma.es\\\/en\\\/#\\\/schema\\\/logo\\\/image\\\/\",\"url\":\"https:\\\/\\\/www.infarma.es\\\/wp-content\\\/uploads\\\/2024\\\/10\\\/logo-simple.svg\",\"contentUrl\":\"https:\\\/\\\/www.infarma.es\\\/wp-content\\\/uploads\\\/2024\\\/10\\\/logo-simple.svg\",\"width\":1,\"height\":1,\"caption\":\"Infarma\"},\"image\":{\"@id\":\"https:\\\/\\\/www.infarma.es\\\/en\\\/#\\\/schema\\\/logo\\\/image\\\/\"},\"sameAs\":[\"https:\\\/\\\/www.facebook.com\\\/infarmaoficial\\\/\",\"https:\\\/\\\/x.com\\\/infarma_es\",\"https:\\\/\\\/www.instagram.com\\\/infarma_oficial\\\/\",\"https:\\\/\\\/www.linkedin.com\\\/showcase\\\/infarma-salon\\\/\",\"https:\\\/\\\/www.youtube.com\\\/@INFARMAOFICIAL\"]},{\"@type\":\"Person\",\"@id\":\"https:\\\/\\\/www.infarma.es\\\/en\\\/#\\\/schema\\\/person\\\/e53486dc47606cc5c89217026a8a01a7\",\"name\":\"xavier\",\"image\":{\"@type\":\"ImageObject\",\"inLanguage\":\"en-US\",\"@id\":\"https:\\\/\\\/secure.gravatar.com\\\/avatar\\\/9014b89254123c1f240ae636cc793b98ce50ec2df162909756be1d23adc503e4?s=96&d=mm&r=g\",\"url\":\"https:\\\/\\\/secure.gravatar.com\\\/avatar\\\/9014b89254123c1f240ae636cc793b98ce50ec2df162909756be1d23adc503e4?s=96&d=mm&r=g\",\"contentUrl\":\"https:\\\/\\\/secure.gravatar.com\\\/avatar\\\/9014b89254123c1f240ae636cc793b98ce50ec2df162909756be1d23adc503e4?s=96&d=mm&r=g\",\"caption\":\"xavier\"},\"url\":\"https:\\\/\\\/www.infarma.es\\\/en\\\/author\\\/xavier\\\/\"}]}<\/script>\n<!-- \/ Yoast SEO plugin. -->","yoast_head_json":{"title":"BeauTerra, una marca sostenible desde su f\u00f3rmula hasta el packaging","description":"BeauTerra ofrece ingredientes respetuosos en sus f\u00f3rmulas, para cuidar tu piel, tu cabello y el planeta.","robots":{"index":"index","follow":"follow","max-snippet":"max-snippet:-1","max-image-preview":"max-image-preview:large","max-video-preview":"max-video-preview:-1"},"canonical":"https:\/\/www.infarma.es\/en\/beauterra-una-marca-sostenible-desde-su-formula-hasta-el-packaging\/","og_locale":"en_US","og_type":"article","og_title":"BeauTerra, una marca sostenible desde su f\u00f3rmula hasta el packaging","og_description":"BeauTerra ofrece ingredientes respetuosos en sus f\u00f3rmulas, para cuidar tu piel, tu cabello y el planeta.","og_url":"https:\/\/www.infarma.es\/en\/beauterra-una-marca-sostenible-desde-su-formula-hasta-el-packaging\/","og_site_name":"Infarma","article_publisher":"https:\/\/www.facebook.com\/infarmaoficial\/","article_published_time":"2024-02-27T10:00:00+00:00","article_modified_time":"2024-07-23T10:07:03+00:00","og_image":[{"width":1600,"height":900,"url":"https:\/\/www.infarma.es\/wp-content\/uploads\/2024\/02\/inf2024-BeauTerra-blog.webp","type":"image\/webp"}],"author":"xavier","twitter_card":"summary_large_image","twitter_creator":"@infarma_es","twitter_site":"@infarma_es","twitter_misc":{"Written by":"xavier","Est. reading time":"1 minute"},"schema":{"@context":"https:\/\/schema.org","@graph":[{"@type":"Article","@id":"https:\/\/www.infarma.es\/en\/beauterra-una-marca-sostenible-desde-su-formula-hasta-el-packaging\/#article","isPartOf":{"@id":"https:\/\/www.infarma.es\/en\/beauterra-una-marca-sostenible-desde-su-formula-hasta-el-packaging\/"},"author":{"name":"xavier","@id":"https:\/\/www.infarma.es\/en\/#\/schema\/person\/e53486dc47606cc5c89217026a8a01a7"},"headline":"BeauTerra, una marca sostenible desde su f\u00f3rmula hasta el packaging","datePublished":"2024-02-27T10:00:00+00:00","dateModified":"2024-07-23T10:07:03+00:00","mainEntityOfPage":{"@id":"https:\/\/www.infarma.es\/en\/beauterra-una-marca-sostenible-desde-su-formula-hasta-el-packaging\/"},"wordCount":253,"publisher":{"@id":"https:\/\/www.infarma.es\/en\/#organization"},"image":{"@id":"https:\/\/www.infarma.es\/en\/beauterra-una-marca-sostenible-desde-su-formula-hasta-el-packaging\/#primaryimage"},"thumbnailUrl":"https:\/\/www.infarma.es\/wp-content\/uploads\/2024\/02\/inf2024-BeauTerra-blog.webp","articleSection":["Noticias del Sal\u00f3n"],"inLanguage":"en-US"},{"@type":"WebPage","@id":"https:\/\/www.infarma.es\/en\/beauterra-una-marca-sostenible-desde-su-formula-hasta-el-packaging\/","url":"https:\/\/www.infarma.es\/en\/beauterra-una-marca-sostenible-desde-su-formula-hasta-el-packaging\/","name":"BeauTerra, una marca sostenible desde su f\u00f3rmula hasta el packaging","isPartOf":{"@id":"https:\/\/www.infarma.es\/en\/#website"},"primaryImageOfPage":{"@id":"https:\/\/www.infarma.es\/en\/beauterra-una-marca-sostenible-desde-su-formula-hasta-el-packaging\/#primaryimage"},"image":{"@id":"https:\/\/www.infarma.es\/en\/beauterra-una-marca-sostenible-desde-su-formula-hasta-el-packaging\/#primaryimage"},"thumbnailUrl":"https:\/\/www.infarma.es\/wp-content\/uploads\/2024\/02\/inf2024-BeauTerra-blog.webp","datePublished":"2024-02-27T10:00:00+00:00","dateModified":"2024-07-23T10:07:03+00:00","description":"BeauTerra ofrece ingredientes respetuosos en sus f\u00f3rmulas, para cuidar tu piel, tu cabello y el planeta.","breadcrumb":{"@id":"https:\/\/www.infarma.es\/en\/beauterra-una-marca-sostenible-desde-su-formula-hasta-el-packaging\/#breadcrumb"},"inLanguage":"en-US","potentialAction":[{"@type":"ReadAction","target":["https:\/\/www.infarma.es\/en\/beauterra-una-marca-sostenible-desde-su-formula-hasta-el-packaging\/"]}]},{"@type":"ImageObject","inLanguage":"en-US","@id":"https:\/\/www.infarma.es\/en\/beauterra-una-marca-sostenible-desde-su-formula-hasta-el-packaging\/#primaryimage","url":"https:\/\/www.infarma.es\/wp-content\/uploads\/2024\/02\/inf2024-BeauTerra-blog.webp","contentUrl":"https:\/\/www.infarma.es\/wp-content\/uploads\/2024\/02\/inf2024-BeauTerra-blog.webp","width":1600,"height":900},{"@type":"BreadcrumbList","@id":"https:\/\/www.infarma.es\/en\/beauterra-una-marca-sostenible-desde-su-formula-hasta-el-packaging\/#breadcrumb","itemListElement":[{"@type":"ListItem","position":1,"name":"Portada","item":"https:\/\/www.infarma.es\/en\/"},{"@type":"ListItem","position":2,"name":"BeauTerra, una marca sostenible desde su f\u00f3rmula hasta el packaging"}]},{"@type":"WebSite","@id":"https:\/\/www.infarma.es\/en\/#website","url":"https:\/\/www.infarma.es\/en\/","name":"Infarma","description":"El mayor encuentro de farmacia","publisher":{"@id":"https:\/\/www.infarma.es\/en\/#organization"},"potentialAction":[{"@type":"SearchAction","target":{"@type":"EntryPoint","urlTemplate":"https:\/\/www.infarma.es\/en\/?s={search_term_string}"},"query-input":{"@type":"PropertyValueSpecification","valueRequired":true,"valueName":"search_term_string"}}],"inLanguage":"en-US"},{"@type":"Organization","@id":"https:\/\/www.infarma.es\/en\/#organization","name":"Infarma","url":"https:\/\/www.infarma.es\/en\/","logo":{"@type":"ImageObject","inLanguage":"en-US","@id":"https:\/\/www.infarma.es\/en\/#\/schema\/logo\/image\/","url":"https:\/\/www.infarma.es\/wp-content\/uploads\/2024\/10\/logo-simple.svg","contentUrl":"https:\/\/www.infarma.es\/wp-content\/uploads\/2024\/10\/logo-simple.svg","width":1,"height":1,"caption":"Infarma"},"image":{"@id":"https:\/\/www.infarma.es\/en\/#\/schema\/logo\/image\/"},"sameAs":["https:\/\/www.facebook.com\/infarmaoficial\/","https:\/\/x.com\/infarma_es","https:\/\/www.instagram.com\/infarma_oficial\/","https:\/\/www.linkedin.com\/showcase\/infarma-salon\/","https:\/\/www.youtube.com\/@INFARMAOFICIAL"]},{"@type":"Person","@id":"https:\/\/www.infarma.es\/en\/#\/schema\/person\/e53486dc47606cc5c89217026a8a01a7","name":"xavier","image":{"@type":"ImageObject","inLanguage":"en-US","@id":"https:\/\/secure.gravatar.com\/avatar\/9014b89254123c1f240ae636cc793b98ce50ec2df162909756be1d23adc503e4?s=96&d=mm&r=g","url":"https:\/\/secure.gravatar.com\/avatar\/9014b89254123c1f240ae636cc793b98ce50ec2df162909756be1d23adc503e4?s=96&d=mm&r=g","contentUrl":"https:\/\/secure.gravatar.com\/avatar\/9014b89254123c1f240ae636cc793b98ce50ec2df162909756be1d23adc503e4?s=96&d=mm&r=g","caption":"xavier"},"url":"https:\/\/www.infarma.es\/en\/author\/xavier\/"}]}},"_links":{"self":[{"href":"https:\/\/www.infarma.es\/en\/wp-json\/wp\/v2\/posts\/11460","targetHints":{"allow":["GET"]}}],"collection":[{"href":"https:\/\/www.infarma.es\/en\/wp-json\/wp\/v2\/posts"}],"about":[{"href":"https:\/\/www.infarma.es\/en\/wp-json\/wp\/v2\/types\/post"}],"author":[{"embeddable":true,"href":"https:\/\/www.infarma.es\/en\/wp-json\/wp\/v2\/users\/2"}],"replies":[{"embeddable":true,"href":"https:\/\/www.infarma.es\/en\/wp-json\/wp\/v2\/comments?post=11460"}],"version-history":[{"count":2,"href":"https:\/\/www.infarma.es\/en\/wp-json\/wp\/v2\/posts\/11460\/revisions"}],"predecessor-version":[{"id":13487,"href":"https:\/\/www.infarma.es\/en\/wp-json\/wp\/v2\/posts\/11460\/revisions\/13487"}],"wp:featuredmedia":[{"embeddable":true,"href":"https:\/\/www.infarma.es\/en\/wp-json\/wp\/v2\/media\/13463"}],"wp:attachment":[{"href":"https:\/\/www.infarma.es\/en\/wp-json\/wp\/v2\/media?parent=11460"}],"wp:term":[{"taxonomy":"category","embeddable":true,"href":"https:\/\/www.infarma.es\/en\/wp-json\/wp\/v2\/categories?post=11460"},{"taxonomy":"post_tag","embeddable":true,"href":"https:\/\/www.infarma.es\/en\/wp-json\/wp\/v2\/tags?post=11460"}],"curies":[{"name":"wp","href":"https:\/\/api.w.org\/{rel}","templated":true}]}}