{"id":11491,"date":"2024-02-23T10:00:00","date_gmt":"2024-02-23T09:00:00","guid":{"rendered":"https:\/\/www.infarma.es\/?p=11491"},"modified":"2024-07-23T12:08:31","modified_gmt":"2024-07-23T10:08:31","slug":"llega-la-revolucion-de-los-serums-antiedad-de-bioderma","status":"publish","type":"post","link":"https:\/\/www.infarma.es\/en\/llega-la-revolucion-de-los-serums-antiedad-de-bioderma\/","title":{"rendered":"Llega la revoluci\u00f3n de los s\u00e9rums antiedad de BIODERMA"},"content":{"rendered":"\n<h2 class=\"wp-block-heading has-text-align-center\">Soluci\u00f3n frente al envejecimiento para cada tipo de piel<\/h2>\n\n\n\n<div style=\"height:30px\" aria-hidden=\"true\" class=\"wp-block-spacer\"><\/div>\n\n\n\n<p>El envejecimiento prematuro de la piel es una de las principales preocupaciones hoy en d\u00eda, sobre todo llegados los 30 a\u00f1os perdiendo a partir de los 25 un 1% de col\u00e1geno cada a\u00f1o.<\/p>\n\n\n\n<p>Con el foco puesto en la soluci\u00f3n antiedad y siempre dando respuesta a cada tipo de piel, BIODERMA cuenta con una gama de s\u00e9rums antiedad que da una respuesta ecobiol\u00f3gica a cada tipo de piel frente a los signos de la edad.<\/p>\n\n\n\n<p><strong>Sensibio Defensive serum para piel sensible: <\/strong>Primer s\u00e9rum frente al envejecimiento de la piel sensible, con efecto hidratante y calmante de larga duraci\u00f3n gracias a su formulaci\u00f3n con \u00c1cido Hialur\u00f3nico y Vitamina E.<\/p>\n\n\n\n<p>Eficacia cl\u00ednica demostrada: \u00a0calma al instante un 94%<sup>(1)<\/sup><\/p>\n\n\n\n<p><strong>Hydrabio Hyalu+ serum, para piel deshidratada: <\/strong>Hidrata, rellena y act\u00faa sobre los primeros signos del envejecimiento para piel deshidratada, gracias a su f\u00f3rmula con <strong>\u00c1cido Hialur\u00f3nico HMW<\/strong>&nbsp;(alto peso molecular con una acci\u00f3n hidratante y rellenadora inmediata) y <strong>\u00c1cido Hialur\u00f3nico LMW <\/strong>(bajo peso molecular para una acci\u00f3n tonificante).<\/p>\n\n\n\n<p>Eficacia cl\u00ednica demostrada: +60%<sup>(2)<\/sup> de hidrataci\u00f3n en 30 minutos.<\/p>\n\n\n\n<p><strong>Sebium serum, piel con tendencia acneica: <\/strong>S\u00e9rum antiedad que trata la piel con tendencia acneica<ins> <\/ins>en adultos actuando en las causas (gracias a su patente Fluidactiv\u2122 y principios activos como el \u00e1cido salic\u00edlico y el Acetyl Glucosamina) y consecuencias (gracias al \u00e1cido hialur\u00f3nico de bajo peso molecular).<\/p>\n\n\n\n<p>Eficacia cl\u00ednica demostrada: reduce imperfecciones en un 88%<sup>(3)<\/sup>.<\/p>\n\n\n\n<p><strong>Pigmentbio C-Concentrate para piel hiperpigmentada: <\/strong>ofrece un potente efecto iluminador antimanchas gracias a su formulaci\u00f3n con vitamina C fresca y vitamina E, con efecto antioxidante que protege la piel de los signos visibles del envejecimiento prematuro.<\/p>\n\n\n\n<p>Eficacia cl\u00ednica demostrada: incrementa un 87%<sup>(4)<\/sup> la iluminaci\u00f3n de la piel y elimina un 58%<sup>(5)<\/sup> de las manchas.<\/p>\n\n\n\n<p>Descubre la campa\u00f1a de lanzamiento en el siguiente enlace:<\/p>\n\n\n\n<figure class=\"wp-block-embed is-type-video is-provider-youtube wp-block-embed-youtube wp-embed-aspect-16-9 wp-has-aspect-ratio\"><div class=\"wp-block-embed__wrapper\">\n<iframe loading=\"lazy\" title=\"NUEVOS: UN S\u00c9RUM ANTIEDAD PARA CADA TIPO DE PIEL | BIODERMA\" width=\"1150\" height=\"647\" src=\"https:\/\/www.youtube.com\/embed\/0U7xjZe5Z4w?feature=oembed\" frameborder=\"0\" allow=\"accelerometer; autoplay; clipboard-write; encrypted-media; gyroscope; picture-in-picture; web-share\" referrerpolicy=\"strict-origin-when-cross-origin\" allowfullscreen><\/iframe>\n<\/div><\/figure>\n\n\n\n<div style=\"height:20px\" aria-hidden=\"true\" class=\"wp-block-spacer\"><\/div>\n\n\n\n<p style=\"font-size: 10px;\"><sup>(1)<\/sup> Prueba de uso, % de satisfacci\u00f3n, en 31 sujetos durante 28 d\u00edas.<br><sup>(2)<\/sup> Medici\u00f3n del poder humectante por corneometr\u00eda.<br><sup>(3)<\/sup> Ensayo c\u00ednico en 39 sujetos durante 4 semanas.<br><sup>(4)<\/sup> Test de uso bajo supervisi\u00f3n dermatol\u00f3gica. en 21 pacientes con manchas en la cara despu\u00e9s de 8 semanas.<br><sup>(5)<\/sup> Estudio cl\u00ednico en pacientes con melasma durante 5 meses. &#8211; Puntuaci\u00f3n MASI modificada -Brasil &#8211; 41 sujetos.<\/p>\n","protected":false},"excerpt":{"rendered":"<p>Soluci\u00f3n frente al envejecimiento para cada tipo de piel El envejecimiento prematuro de la piel es una de las principales preocupaciones hoy en d\u00eda, sobre todo llegados los 30 a\u00f1os perdiendo a partir de los 25 un 1% de col\u00e1geno cada a\u00f1o. Con el foco puesto en la soluci\u00f3n antiedad y siempre dando respuesta a [&hellip;]<\/p>\n","protected":false},"author":2,"featured_media":13457,"comment_status":"closed","ping_status":"closed","sticky":false,"template":"","format":"standard","meta":{"footnotes":"[]"},"categories":[141],"tags":[],"class_list":["post-11491","post","type-post","status-publish","format-standard","has-post-thumbnail","hentry","category-noticias-del-salon"],"yoast_head":"<!-- This site is optimized with the Yoast SEO plugin v27.4 - https:\/\/yoast.com\/product\/yoast-seo-wordpress\/ -->\n<title>Llega la revoluci\u00f3n de los s\u00e9rums antiedad de BIODERMA - Infarma<\/title>\n<meta name=\"robots\" content=\"index, follow, max-snippet:-1, max-image-preview:large, max-video-preview:-1\" \/>\n<link rel=\"canonical\" href=\"https:\/\/www.infarma.es\/en\/llega-la-revolucion-de-los-serums-antiedad-de-bioderma\/\" \/>\n<meta property=\"og:locale\" content=\"en_US\" \/>\n<meta property=\"og:type\" content=\"article\" \/>\n<meta property=\"og:title\" content=\"Llega la revoluci\u00f3n de los s\u00e9rums antiedad de BIODERMA - Infarma\" \/>\n<meta property=\"og:description\" content=\"Soluci\u00f3n frente al envejecimiento para cada tipo de piel El envejecimiento prematuro de la piel es una de las principales preocupaciones hoy en d\u00eda, sobre todo llegados los 30 a\u00f1os perdiendo a partir de los 25 un 1% de col\u00e1geno cada a\u00f1o. Con el foco puesto en la soluci\u00f3n antiedad y siempre dando respuesta a [&hellip;]\" \/>\n<meta property=\"og:url\" content=\"https:\/\/www.infarma.es\/en\/llega-la-revolucion-de-los-serums-antiedad-de-bioderma\/\" \/>\n<meta property=\"og:site_name\" content=\"Infarma\" \/>\n<meta property=\"article:publisher\" content=\"https:\/\/www.facebook.com\/infarmaoficial\/\" \/>\n<meta property=\"article:published_time\" content=\"2024-02-23T09:00:00+00:00\" \/>\n<meta property=\"article:modified_time\" content=\"2024-07-23T10:08:31+00:00\" \/>\n<meta property=\"og:image\" content=\"https:\/\/www.infarma.es\/wp-content\/uploads\/2024\/02\/inf24-naos-serums-blog.webp\" \/>\n\t<meta property=\"og:image:width\" content=\"1600\" \/>\n\t<meta property=\"og:image:height\" content=\"900\" \/>\n\t<meta property=\"og:image:type\" content=\"image\/webp\" \/>\n<meta name=\"author\" content=\"xavier\" \/>\n<meta name=\"twitter:card\" content=\"summary_large_image\" \/>\n<meta name=\"twitter:creator\" content=\"@infarma_es\" \/>\n<meta name=\"twitter:site\" content=\"@infarma_es\" \/>\n<meta name=\"twitter:label1\" content=\"Written by\" \/>\n\t<meta name=\"twitter:data1\" content=\"xavier\" \/>\n\t<meta name=\"twitter:label2\" content=\"Est. reading time\" \/>\n\t<meta name=\"twitter:data2\" content=\"2 minutes\" \/>\n<script type=\"application\/ld+json\" class=\"yoast-schema-graph\">{\"@context\":\"https:\\\/\\\/schema.org\",\"@graph\":[{\"@type\":\"Article\",\"@id\":\"https:\\\/\\\/www.infarma.es\\\/en\\\/llega-la-revolucion-de-los-serums-antiedad-de-bioderma\\\/#article\",\"isPartOf\":{\"@id\":\"https:\\\/\\\/www.infarma.es\\\/en\\\/llega-la-revolucion-de-los-serums-antiedad-de-bioderma\\\/\"},\"author\":{\"name\":\"xavier\",\"@id\":\"https:\\\/\\\/www.infarma.es\\\/en\\\/#\\\/schema\\\/person\\\/e53486dc47606cc5c89217026a8a01a7\"},\"headline\":\"Llega la revoluci\u00f3n de los s\u00e9rums antiedad de BIODERMA\",\"datePublished\":\"2024-02-23T09:00:00+00:00\",\"dateModified\":\"2024-07-23T10:08:31+00:00\",\"mainEntityOfPage\":{\"@id\":\"https:\\\/\\\/www.infarma.es\\\/en\\\/llega-la-revolucion-de-los-serums-antiedad-de-bioderma\\\/\"},\"wordCount\":404,\"publisher\":{\"@id\":\"https:\\\/\\\/www.infarma.es\\\/en\\\/#organization\"},\"image\":{\"@id\":\"https:\\\/\\\/www.infarma.es\\\/en\\\/llega-la-revolucion-de-los-serums-antiedad-de-bioderma\\\/#primaryimage\"},\"thumbnailUrl\":\"https:\\\/\\\/www.infarma.es\\\/wp-content\\\/uploads\\\/2024\\\/02\\\/inf24-naos-serums-blog.webp\",\"articleSection\":[\"Noticias del Sal\u00f3n\"],\"inLanguage\":\"en-US\"},{\"@type\":\"WebPage\",\"@id\":\"https:\\\/\\\/www.infarma.es\\\/en\\\/llega-la-revolucion-de-los-serums-antiedad-de-bioderma\\\/\",\"url\":\"https:\\\/\\\/www.infarma.es\\\/en\\\/llega-la-revolucion-de-los-serums-antiedad-de-bioderma\\\/\",\"name\":\"Llega la revoluci\u00f3n de los s\u00e9rums antiedad de BIODERMA - Infarma\",\"isPartOf\":{\"@id\":\"https:\\\/\\\/www.infarma.es\\\/en\\\/#website\"},\"primaryImageOfPage\":{\"@id\":\"https:\\\/\\\/www.infarma.es\\\/en\\\/llega-la-revolucion-de-los-serums-antiedad-de-bioderma\\\/#primaryimage\"},\"image\":{\"@id\":\"https:\\\/\\\/www.infarma.es\\\/en\\\/llega-la-revolucion-de-los-serums-antiedad-de-bioderma\\\/#primaryimage\"},\"thumbnailUrl\":\"https:\\\/\\\/www.infarma.es\\\/wp-content\\\/uploads\\\/2024\\\/02\\\/inf24-naos-serums-blog.webp\",\"datePublished\":\"2024-02-23T09:00:00+00:00\",\"dateModified\":\"2024-07-23T10:08:31+00:00\",\"breadcrumb\":{\"@id\":\"https:\\\/\\\/www.infarma.es\\\/en\\\/llega-la-revolucion-de-los-serums-antiedad-de-bioderma\\\/#breadcrumb\"},\"inLanguage\":\"en-US\",\"potentialAction\":[{\"@type\":\"ReadAction\",\"target\":[\"https:\\\/\\\/www.infarma.es\\\/en\\\/llega-la-revolucion-de-los-serums-antiedad-de-bioderma\\\/\"]}]},{\"@type\":\"ImageObject\",\"inLanguage\":\"en-US\",\"@id\":\"https:\\\/\\\/www.infarma.es\\\/en\\\/llega-la-revolucion-de-los-serums-antiedad-de-bioderma\\\/#primaryimage\",\"url\":\"https:\\\/\\\/www.infarma.es\\\/wp-content\\\/uploads\\\/2024\\\/02\\\/inf24-naos-serums-blog.webp\",\"contentUrl\":\"https:\\\/\\\/www.infarma.es\\\/wp-content\\\/uploads\\\/2024\\\/02\\\/inf24-naos-serums-blog.webp\",\"width\":1600,\"height\":900},{\"@type\":\"BreadcrumbList\",\"@id\":\"https:\\\/\\\/www.infarma.es\\\/en\\\/llega-la-revolucion-de-los-serums-antiedad-de-bioderma\\\/#breadcrumb\",\"itemListElement\":[{\"@type\":\"ListItem\",\"position\":1,\"name\":\"Portada\",\"item\":\"https:\\\/\\\/www.infarma.es\\\/en\\\/\"},{\"@type\":\"ListItem\",\"position\":2,\"name\":\"Llega la revoluci\u00f3n de los s\u00e9rums antiedad de BIODERMA\"}]},{\"@type\":\"WebSite\",\"@id\":\"https:\\\/\\\/www.infarma.es\\\/en\\\/#website\",\"url\":\"https:\\\/\\\/www.infarma.es\\\/en\\\/\",\"name\":\"Infarma\",\"description\":\"El mayor encuentro de farmacia\",\"publisher\":{\"@id\":\"https:\\\/\\\/www.infarma.es\\\/en\\\/#organization\"},\"potentialAction\":[{\"@type\":\"SearchAction\",\"target\":{\"@type\":\"EntryPoint\",\"urlTemplate\":\"https:\\\/\\\/www.infarma.es\\\/en\\\/?s={search_term_string}\"},\"query-input\":{\"@type\":\"PropertyValueSpecification\",\"valueRequired\":true,\"valueName\":\"search_term_string\"}}],\"inLanguage\":\"en-US\"},{\"@type\":\"Organization\",\"@id\":\"https:\\\/\\\/www.infarma.es\\\/en\\\/#organization\",\"name\":\"Infarma\",\"url\":\"https:\\\/\\\/www.infarma.es\\\/en\\\/\",\"logo\":{\"@type\":\"ImageObject\",\"inLanguage\":\"en-US\",\"@id\":\"https:\\\/\\\/www.infarma.es\\\/en\\\/#\\\/schema\\\/logo\\\/image\\\/\",\"url\":\"https:\\\/\\\/www.infarma.es\\\/wp-content\\\/uploads\\\/2024\\\/10\\\/logo-simple.svg\",\"contentUrl\":\"https:\\\/\\\/www.infarma.es\\\/wp-content\\\/uploads\\\/2024\\\/10\\\/logo-simple.svg\",\"width\":1,\"height\":1,\"caption\":\"Infarma\"},\"image\":{\"@id\":\"https:\\\/\\\/www.infarma.es\\\/en\\\/#\\\/schema\\\/logo\\\/image\\\/\"},\"sameAs\":[\"https:\\\/\\\/www.facebook.com\\\/infarmaoficial\\\/\",\"https:\\\/\\\/x.com\\\/infarma_es\",\"https:\\\/\\\/www.instagram.com\\\/infarma_oficial\\\/\",\"https:\\\/\\\/www.linkedin.com\\\/showcase\\\/infarma-salon\\\/\",\"https:\\\/\\\/www.youtube.com\\\/@INFARMAOFICIAL\"]},{\"@type\":\"Person\",\"@id\":\"https:\\\/\\\/www.infarma.es\\\/en\\\/#\\\/schema\\\/person\\\/e53486dc47606cc5c89217026a8a01a7\",\"name\":\"xavier\",\"image\":{\"@type\":\"ImageObject\",\"inLanguage\":\"en-US\",\"@id\":\"https:\\\/\\\/secure.gravatar.com\\\/avatar\\\/9014b89254123c1f240ae636cc793b98ce50ec2df162909756be1d23adc503e4?s=96&d=mm&r=g\",\"url\":\"https:\\\/\\\/secure.gravatar.com\\\/avatar\\\/9014b89254123c1f240ae636cc793b98ce50ec2df162909756be1d23adc503e4?s=96&d=mm&r=g\",\"contentUrl\":\"https:\\\/\\\/secure.gravatar.com\\\/avatar\\\/9014b89254123c1f240ae636cc793b98ce50ec2df162909756be1d23adc503e4?s=96&d=mm&r=g\",\"caption\":\"xavier\"},\"url\":\"https:\\\/\\\/www.infarma.es\\\/en\\\/author\\\/xavier\\\/\"}]}<\/script>\n<!-- \/ Yoast SEO plugin. -->","yoast_head_json":{"title":"Llega la revoluci\u00f3n de los s\u00e9rums antiedad de BIODERMA - Infarma","robots":{"index":"index","follow":"follow","max-snippet":"max-snippet:-1","max-image-preview":"max-image-preview:large","max-video-preview":"max-video-preview:-1"},"canonical":"https:\/\/www.infarma.es\/en\/llega-la-revolucion-de-los-serums-antiedad-de-bioderma\/","og_locale":"en_US","og_type":"article","og_title":"Llega la revoluci\u00f3n de los s\u00e9rums antiedad de BIODERMA - Infarma","og_description":"Soluci\u00f3n frente al envejecimiento para cada tipo de piel El envejecimiento prematuro de la piel es una de las principales preocupaciones hoy en d\u00eda, sobre todo llegados los 30 a\u00f1os perdiendo a partir de los 25 un 1% de col\u00e1geno cada a\u00f1o. Con el foco puesto en la soluci\u00f3n antiedad y siempre dando respuesta a [&hellip;]","og_url":"https:\/\/www.infarma.es\/en\/llega-la-revolucion-de-los-serums-antiedad-de-bioderma\/","og_site_name":"Infarma","article_publisher":"https:\/\/www.facebook.com\/infarmaoficial\/","article_published_time":"2024-02-23T09:00:00+00:00","article_modified_time":"2024-07-23T10:08:31+00:00","og_image":[{"width":1600,"height":900,"url":"https:\/\/www.infarma.es\/wp-content\/uploads\/2024\/02\/inf24-naos-serums-blog.webp","type":"image\/webp"}],"author":"xavier","twitter_card":"summary_large_image","twitter_creator":"@infarma_es","twitter_site":"@infarma_es","twitter_misc":{"Written by":"xavier","Est. reading time":"2 minutes"},"schema":{"@context":"https:\/\/schema.org","@graph":[{"@type":"Article","@id":"https:\/\/www.infarma.es\/en\/llega-la-revolucion-de-los-serums-antiedad-de-bioderma\/#article","isPartOf":{"@id":"https:\/\/www.infarma.es\/en\/llega-la-revolucion-de-los-serums-antiedad-de-bioderma\/"},"author":{"name":"xavier","@id":"https:\/\/www.infarma.es\/en\/#\/schema\/person\/e53486dc47606cc5c89217026a8a01a7"},"headline":"Llega la revoluci\u00f3n de los s\u00e9rums antiedad de BIODERMA","datePublished":"2024-02-23T09:00:00+00:00","dateModified":"2024-07-23T10:08:31+00:00","mainEntityOfPage":{"@id":"https:\/\/www.infarma.es\/en\/llega-la-revolucion-de-los-serums-antiedad-de-bioderma\/"},"wordCount":404,"publisher":{"@id":"https:\/\/www.infarma.es\/en\/#organization"},"image":{"@id":"https:\/\/www.infarma.es\/en\/llega-la-revolucion-de-los-serums-antiedad-de-bioderma\/#primaryimage"},"thumbnailUrl":"https:\/\/www.infarma.es\/wp-content\/uploads\/2024\/02\/inf24-naos-serums-blog.webp","articleSection":["Noticias del Sal\u00f3n"],"inLanguage":"en-US"},{"@type":"WebPage","@id":"https:\/\/www.infarma.es\/en\/llega-la-revolucion-de-los-serums-antiedad-de-bioderma\/","url":"https:\/\/www.infarma.es\/en\/llega-la-revolucion-de-los-serums-antiedad-de-bioderma\/","name":"Llega la revoluci\u00f3n de los s\u00e9rums antiedad de BIODERMA - Infarma","isPartOf":{"@id":"https:\/\/www.infarma.es\/en\/#website"},"primaryImageOfPage":{"@id":"https:\/\/www.infarma.es\/en\/llega-la-revolucion-de-los-serums-antiedad-de-bioderma\/#primaryimage"},"image":{"@id":"https:\/\/www.infarma.es\/en\/llega-la-revolucion-de-los-serums-antiedad-de-bioderma\/#primaryimage"},"thumbnailUrl":"https:\/\/www.infarma.es\/wp-content\/uploads\/2024\/02\/inf24-naos-serums-blog.webp","datePublished":"2024-02-23T09:00:00+00:00","dateModified":"2024-07-23T10:08:31+00:00","breadcrumb":{"@id":"https:\/\/www.infarma.es\/en\/llega-la-revolucion-de-los-serums-antiedad-de-bioderma\/#breadcrumb"},"inLanguage":"en-US","potentialAction":[{"@type":"ReadAction","target":["https:\/\/www.infarma.es\/en\/llega-la-revolucion-de-los-serums-antiedad-de-bioderma\/"]}]},{"@type":"ImageObject","inLanguage":"en-US","@id":"https:\/\/www.infarma.es\/en\/llega-la-revolucion-de-los-serums-antiedad-de-bioderma\/#primaryimage","url":"https:\/\/www.infarma.es\/wp-content\/uploads\/2024\/02\/inf24-naos-serums-blog.webp","contentUrl":"https:\/\/www.infarma.es\/wp-content\/uploads\/2024\/02\/inf24-naos-serums-blog.webp","width":1600,"height":900},{"@type":"BreadcrumbList","@id":"https:\/\/www.infarma.es\/en\/llega-la-revolucion-de-los-serums-antiedad-de-bioderma\/#breadcrumb","itemListElement":[{"@type":"ListItem","position":1,"name":"Portada","item":"https:\/\/www.infarma.es\/en\/"},{"@type":"ListItem","position":2,"name":"Llega la revoluci\u00f3n de los s\u00e9rums antiedad de BIODERMA"}]},{"@type":"WebSite","@id":"https:\/\/www.infarma.es\/en\/#website","url":"https:\/\/www.infarma.es\/en\/","name":"Infarma","description":"El mayor encuentro de farmacia","publisher":{"@id":"https:\/\/www.infarma.es\/en\/#organization"},"potentialAction":[{"@type":"SearchAction","target":{"@type":"EntryPoint","urlTemplate":"https:\/\/www.infarma.es\/en\/?s={search_term_string}"},"query-input":{"@type":"PropertyValueSpecification","valueRequired":true,"valueName":"search_term_string"}}],"inLanguage":"en-US"},{"@type":"Organization","@id":"https:\/\/www.infarma.es\/en\/#organization","name":"Infarma","url":"https:\/\/www.infarma.es\/en\/","logo":{"@type":"ImageObject","inLanguage":"en-US","@id":"https:\/\/www.infarma.es\/en\/#\/schema\/logo\/image\/","url":"https:\/\/www.infarma.es\/wp-content\/uploads\/2024\/10\/logo-simple.svg","contentUrl":"https:\/\/www.infarma.es\/wp-content\/uploads\/2024\/10\/logo-simple.svg","width":1,"height":1,"caption":"Infarma"},"image":{"@id":"https:\/\/www.infarma.es\/en\/#\/schema\/logo\/image\/"},"sameAs":["https:\/\/www.facebook.com\/infarmaoficial\/","https:\/\/x.com\/infarma_es","https:\/\/www.instagram.com\/infarma_oficial\/","https:\/\/www.linkedin.com\/showcase\/infarma-salon\/","https:\/\/www.youtube.com\/@INFARMAOFICIAL"]},{"@type":"Person","@id":"https:\/\/www.infarma.es\/en\/#\/schema\/person\/e53486dc47606cc5c89217026a8a01a7","name":"xavier","image":{"@type":"ImageObject","inLanguage":"en-US","@id":"https:\/\/secure.gravatar.com\/avatar\/9014b89254123c1f240ae636cc793b98ce50ec2df162909756be1d23adc503e4?s=96&d=mm&r=g","url":"https:\/\/secure.gravatar.com\/avatar\/9014b89254123c1f240ae636cc793b98ce50ec2df162909756be1d23adc503e4?s=96&d=mm&r=g","contentUrl":"https:\/\/secure.gravatar.com\/avatar\/9014b89254123c1f240ae636cc793b98ce50ec2df162909756be1d23adc503e4?s=96&d=mm&r=g","caption":"xavier"},"url":"https:\/\/www.infarma.es\/en\/author\/xavier\/"}]}},"_links":{"self":[{"href":"https:\/\/www.infarma.es\/en\/wp-json\/wp\/v2\/posts\/11491","targetHints":{"allow":["GET"]}}],"collection":[{"href":"https:\/\/www.infarma.es\/en\/wp-json\/wp\/v2\/posts"}],"about":[{"href":"https:\/\/www.infarma.es\/en\/wp-json\/wp\/v2\/types\/post"}],"author":[{"embeddable":true,"href":"https:\/\/www.infarma.es\/en\/wp-json\/wp\/v2\/users\/2"}],"replies":[{"embeddable":true,"href":"https:\/\/www.infarma.es\/en\/wp-json\/wp\/v2\/comments?post=11491"}],"version-history":[{"count":2,"href":"https:\/\/www.infarma.es\/en\/wp-json\/wp\/v2\/posts\/11491\/revisions"}],"predecessor-version":[{"id":13493,"href":"https:\/\/www.infarma.es\/en\/wp-json\/wp\/v2\/posts\/11491\/revisions\/13493"}],"wp:featuredmedia":[{"embeddable":true,"href":"https:\/\/www.infarma.es\/en\/wp-json\/wp\/v2\/media\/13457"}],"wp:attachment":[{"href":"https:\/\/www.infarma.es\/en\/wp-json\/wp\/v2\/media?parent=11491"}],"wp:term":[{"taxonomy":"category","embeddable":true,"href":"https:\/\/www.infarma.es\/en\/wp-json\/wp\/v2\/categories?post=11491"},{"taxonomy":"post_tag","embeddable":true,"href":"https:\/\/www.infarma.es\/en\/wp-json\/wp\/v2\/tags?post=11491"}],"curies":[{"name":"wp","href":"https:\/\/api.w.org\/{rel}","templated":true}]}}