{"id":11707,"date":"2024-02-27T11:00:04","date_gmt":"2024-02-27T10:00:04","guid":{"rendered":"https:\/\/www.infarma.es\/?p=11707"},"modified":"2024-07-23T12:06:53","modified_gmt":"2024-07-23T10:06:53","slug":"meritene-fuerza-y-vitalidad-sabias-que-las-proteinas-contribuyen-a-mantener-tu-masa-muscular","status":"publish","type":"post","link":"https:\/\/www.infarma.es\/en\/meritene-fuerza-y-vitalidad-sabias-que-las-proteinas-contribuyen-a-mantener-tu-masa-muscular\/","title":{"rendered":"Meritene\u00ae Fuerza y Vitalidad. \u00bfSab\u00edas que las prote\u00ednas contribuyen a mantener tu masa muscular?"},"content":{"rendered":"\n<p><strong>Meritene\u00ae Fuerza y vitalidad lanza el nuevo spot de TV y campa\u00f1a digital que incluye YouTube y Redes Sociales con contenido de marca para potenciar a\u00fan m\u00e1s la comunicaci\u00f3n en tu farmacia<\/strong><\/p>\n\n\n\n<p>A partir de cierta edad, la p\u00e9rdida de masa muscular puede causar cansancio y debilidad. Meritene\u00ae FUERZA Y VITALIDAD contiene prote\u00ednas, de alta calidad, y 19 vitaminas y minerales. Sus ingredientes permiten suplementar la dieta, contribuyen a disminuir el cansancio y la fatiga y al funcionamiento normal del sistema inmunitario*<\/p>\n\n\n\n<p class=\"has-text-align-center\">Elige envejecer bien.<\/p>\n\n\n\n<div style=\"height:30px\" aria-hidden=\"true\" class=\"wp-block-spacer\"><\/div>\n\n\n\n<p class=\"has-text-align-left\">Descubre el nuevo spot aqu\u00ed:<\/p>\n\n\n\n<figure class=\"wp-block-embed aligncenter is-type-video is-provider-youtube wp-block-embed-youtube wp-embed-aspect-16-9 wp-has-aspect-ratio\"><div class=\"wp-block-embed__wrapper\">\n<iframe loading=\"lazy\" title=\"Meritene\u00ae FUERZA Y VITALIDAD \u2013 \u00bfSab\u00edas que las prote\u00ednas contribuyen a mantener tu masa muscular?\" width=\"1150\" height=\"647\" src=\"https:\/\/www.youtube.com\/embed\/N33RRqIRk5I?feature=oembed\" frameborder=\"0\" allow=\"accelerometer; autoplay; clipboard-write; encrypted-media; gyroscope; picture-in-picture; web-share\" referrerpolicy=\"strict-origin-when-cross-origin\" allowfullscreen><\/iframe>\n<\/div><\/figure>\n\n\n\n<div style=\"height:30px\" aria-hidden=\"true\" class=\"wp-block-spacer\"><\/div>\n\n\n\n<p>Descubre toda la gama de productos Meritene Fuerza y Vitalidad aqu\u00ed: <a href=\"https:\/\/meritene.es\" target=\"_blank\" rel=\"noreferrer noopener\">https:\/\/meritene.es<\/a><\/p>\n\n\n\n<p class=\"has-text-align-center\">*Ver m\u00e1s en meritene.es<\/p>\n","protected":false},"excerpt":{"rendered":"<p>Meritene\u00ae Fuerza y vitalidad lanza el nuevo spot de TV y campa\u00f1a digital que incluye YouTube y Redes Sociales con contenido de marca para potenciar a\u00fan m\u00e1s la comunicaci\u00f3n en tu farmacia A partir de cierta edad, la p\u00e9rdida de masa muscular puede causar cansancio y debilidad. Meritene\u00ae FUERZA Y VITALIDAD contiene prote\u00ednas, de alta [&hellip;]<\/p>\n","protected":false},"author":2,"featured_media":13462,"comment_status":"closed","ping_status":"closed","sticky":false,"template":"","format":"standard","meta":{"footnotes":""},"categories":[141],"tags":[],"class_list":["post-11707","post","type-post","status-publish","format-standard","has-post-thumbnail","hentry","category-noticias-del-salon"],"yoast_head":"<!-- This site is optimized with the Yoast SEO plugin v27.4 - https:\/\/yoast.com\/product\/yoast-seo-wordpress\/ -->\n<title>Meritene\u00ae Fuerza y Vitalidad. \u00bfSab\u00edas que las prote\u00ednas contribuyen a mantener tu masa muscular?<\/title>\n<meta name=\"description\" content=\"A partir de cierta edad, la p\u00e9rdida de masa muscular puede causar cansancio y debilidad.\" \/>\n<meta name=\"robots\" content=\"index, follow, max-snippet:-1, max-image-preview:large, max-video-preview:-1\" \/>\n<link rel=\"canonical\" href=\"https:\/\/www.infarma.es\/en\/meritene-fuerza-y-vitalidad-sabias-que-las-proteinas-contribuyen-a-mantener-tu-masa-muscular\/\" \/>\n<meta property=\"og:locale\" content=\"en_US\" \/>\n<meta property=\"og:type\" content=\"article\" \/>\n<meta property=\"og:title\" content=\"Meritene\u00ae Fuerza y Vitalidad. \u00bfSab\u00edas que las prote\u00ednas contribuyen a mantener tu masa muscular?\" \/>\n<meta property=\"og:description\" content=\"A partir de cierta edad, la p\u00e9rdida de masa muscular puede causar cansancio y debilidad.\" \/>\n<meta property=\"og:url\" content=\"https:\/\/www.infarma.es\/en\/meritene-fuerza-y-vitalidad-sabias-que-las-proteinas-contribuyen-a-mantener-tu-masa-muscular\/\" \/>\n<meta property=\"og:site_name\" content=\"Infarma\" \/>\n<meta property=\"article:publisher\" content=\"https:\/\/www.facebook.com\/infarmaoficial\/\" \/>\n<meta property=\"article:published_time\" content=\"2024-02-27T10:00:04+00:00\" \/>\n<meta property=\"article:modified_time\" content=\"2024-07-23T10:06:53+00:00\" \/>\n<meta property=\"og:image\" content=\"https:\/\/www.infarma.es\/wp-content\/uploads\/2024\/02\/inf24-meritene-blog.webp\" \/>\n\t<meta property=\"og:image:width\" content=\"1600\" \/>\n\t<meta property=\"og:image:height\" content=\"900\" \/>\n\t<meta property=\"og:image:type\" content=\"image\/webp\" \/>\n<meta name=\"author\" content=\"xavier\" \/>\n<meta name=\"twitter:card\" content=\"summary_large_image\" \/>\n<meta name=\"twitter:creator\" content=\"@infarma_es\" \/>\n<meta name=\"twitter:site\" content=\"@infarma_es\" \/>\n<meta name=\"twitter:label1\" content=\"Written by\" \/>\n\t<meta name=\"twitter:data1\" content=\"xavier\" \/>\n\t<meta name=\"twitter:label2\" content=\"Est. reading time\" \/>\n\t<meta name=\"twitter:data2\" content=\"1 minute\" \/>\n<script type=\"application\/ld+json\" class=\"yoast-schema-graph\">{\"@context\":\"https:\\\/\\\/schema.org\",\"@graph\":[{\"@type\":\"Article\",\"@id\":\"https:\\\/\\\/www.infarma.es\\\/en\\\/meritene-fuerza-y-vitalidad-sabias-que-las-proteinas-contribuyen-a-mantener-tu-masa-muscular\\\/#article\",\"isPartOf\":{\"@id\":\"https:\\\/\\\/www.infarma.es\\\/en\\\/meritene-fuerza-y-vitalidad-sabias-que-las-proteinas-contribuyen-a-mantener-tu-masa-muscular\\\/\"},\"author\":{\"name\":\"xavier\",\"@id\":\"https:\\\/\\\/www.infarma.es\\\/en\\\/#\\\/schema\\\/person\\\/e53486dc47606cc5c89217026a8a01a7\"},\"headline\":\"Meritene\u00ae Fuerza y Vitalidad. \u00bfSab\u00edas que las prote\u00ednas contribuyen a mantener tu masa muscular?\",\"datePublished\":\"2024-02-27T10:00:04+00:00\",\"dateModified\":\"2024-07-23T10:06:53+00:00\",\"mainEntityOfPage\":{\"@id\":\"https:\\\/\\\/www.infarma.es\\\/en\\\/meritene-fuerza-y-vitalidad-sabias-que-las-proteinas-contribuyen-a-mantener-tu-masa-muscular\\\/\"},\"wordCount\":137,\"publisher\":{\"@id\":\"https:\\\/\\\/www.infarma.es\\\/en\\\/#organization\"},\"image\":{\"@id\":\"https:\\\/\\\/www.infarma.es\\\/en\\\/meritene-fuerza-y-vitalidad-sabias-que-las-proteinas-contribuyen-a-mantener-tu-masa-muscular\\\/#primaryimage\"},\"thumbnailUrl\":\"https:\\\/\\\/www.infarma.es\\\/wp-content\\\/uploads\\\/2024\\\/02\\\/inf24-meritene-blog.webp\",\"articleSection\":[\"Noticias del Sal\u00f3n\"],\"inLanguage\":\"en-US\"},{\"@type\":\"WebPage\",\"@id\":\"https:\\\/\\\/www.infarma.es\\\/en\\\/meritene-fuerza-y-vitalidad-sabias-que-las-proteinas-contribuyen-a-mantener-tu-masa-muscular\\\/\",\"url\":\"https:\\\/\\\/www.infarma.es\\\/en\\\/meritene-fuerza-y-vitalidad-sabias-que-las-proteinas-contribuyen-a-mantener-tu-masa-muscular\\\/\",\"name\":\"Meritene\u00ae Fuerza y Vitalidad. \u00bfSab\u00edas que las prote\u00ednas contribuyen a mantener tu masa muscular?\",\"isPartOf\":{\"@id\":\"https:\\\/\\\/www.infarma.es\\\/en\\\/#website\"},\"primaryImageOfPage\":{\"@id\":\"https:\\\/\\\/www.infarma.es\\\/en\\\/meritene-fuerza-y-vitalidad-sabias-que-las-proteinas-contribuyen-a-mantener-tu-masa-muscular\\\/#primaryimage\"},\"image\":{\"@id\":\"https:\\\/\\\/www.infarma.es\\\/en\\\/meritene-fuerza-y-vitalidad-sabias-que-las-proteinas-contribuyen-a-mantener-tu-masa-muscular\\\/#primaryimage\"},\"thumbnailUrl\":\"https:\\\/\\\/www.infarma.es\\\/wp-content\\\/uploads\\\/2024\\\/02\\\/inf24-meritene-blog.webp\",\"datePublished\":\"2024-02-27T10:00:04+00:00\",\"dateModified\":\"2024-07-23T10:06:53+00:00\",\"description\":\"A partir de cierta edad, la p\u00e9rdida de masa muscular puede causar cansancio y debilidad.\",\"breadcrumb\":{\"@id\":\"https:\\\/\\\/www.infarma.es\\\/en\\\/meritene-fuerza-y-vitalidad-sabias-que-las-proteinas-contribuyen-a-mantener-tu-masa-muscular\\\/#breadcrumb\"},\"inLanguage\":\"en-US\",\"potentialAction\":[{\"@type\":\"ReadAction\",\"target\":[\"https:\\\/\\\/www.infarma.es\\\/en\\\/meritene-fuerza-y-vitalidad-sabias-que-las-proteinas-contribuyen-a-mantener-tu-masa-muscular\\\/\"]}]},{\"@type\":\"ImageObject\",\"inLanguage\":\"en-US\",\"@id\":\"https:\\\/\\\/www.infarma.es\\\/en\\\/meritene-fuerza-y-vitalidad-sabias-que-las-proteinas-contribuyen-a-mantener-tu-masa-muscular\\\/#primaryimage\",\"url\":\"https:\\\/\\\/www.infarma.es\\\/wp-content\\\/uploads\\\/2024\\\/02\\\/inf24-meritene-blog.webp\",\"contentUrl\":\"https:\\\/\\\/www.infarma.es\\\/wp-content\\\/uploads\\\/2024\\\/02\\\/inf24-meritene-blog.webp\",\"width\":1600,\"height\":900},{\"@type\":\"BreadcrumbList\",\"@id\":\"https:\\\/\\\/www.infarma.es\\\/en\\\/meritene-fuerza-y-vitalidad-sabias-que-las-proteinas-contribuyen-a-mantener-tu-masa-muscular\\\/#breadcrumb\",\"itemListElement\":[{\"@type\":\"ListItem\",\"position\":1,\"name\":\"Portada\",\"item\":\"https:\\\/\\\/www.infarma.es\\\/en\\\/\"},{\"@type\":\"ListItem\",\"position\":2,\"name\":\"Meritene\u00ae Fuerza y Vitalidad. \u00bfSab\u00edas que las prote\u00ednas contribuyen a mantener tu masa muscular?\"}]},{\"@type\":\"WebSite\",\"@id\":\"https:\\\/\\\/www.infarma.es\\\/en\\\/#website\",\"url\":\"https:\\\/\\\/www.infarma.es\\\/en\\\/\",\"name\":\"Infarma\",\"description\":\"El mayor encuentro de farmacia\",\"publisher\":{\"@id\":\"https:\\\/\\\/www.infarma.es\\\/en\\\/#organization\"},\"potentialAction\":[{\"@type\":\"SearchAction\",\"target\":{\"@type\":\"EntryPoint\",\"urlTemplate\":\"https:\\\/\\\/www.infarma.es\\\/en\\\/?s={search_term_string}\"},\"query-input\":{\"@type\":\"PropertyValueSpecification\",\"valueRequired\":true,\"valueName\":\"search_term_string\"}}],\"inLanguage\":\"en-US\"},{\"@type\":\"Organization\",\"@id\":\"https:\\\/\\\/www.infarma.es\\\/en\\\/#organization\",\"name\":\"Infarma\",\"url\":\"https:\\\/\\\/www.infarma.es\\\/en\\\/\",\"logo\":{\"@type\":\"ImageObject\",\"inLanguage\":\"en-US\",\"@id\":\"https:\\\/\\\/www.infarma.es\\\/en\\\/#\\\/schema\\\/logo\\\/image\\\/\",\"url\":\"https:\\\/\\\/www.infarma.es\\\/wp-content\\\/uploads\\\/2024\\\/10\\\/logo-simple.svg\",\"contentUrl\":\"https:\\\/\\\/www.infarma.es\\\/wp-content\\\/uploads\\\/2024\\\/10\\\/logo-simple.svg\",\"width\":1,\"height\":1,\"caption\":\"Infarma\"},\"image\":{\"@id\":\"https:\\\/\\\/www.infarma.es\\\/en\\\/#\\\/schema\\\/logo\\\/image\\\/\"},\"sameAs\":[\"https:\\\/\\\/www.facebook.com\\\/infarmaoficial\\\/\",\"https:\\\/\\\/x.com\\\/infarma_es\",\"https:\\\/\\\/www.instagram.com\\\/infarma_oficial\\\/\",\"https:\\\/\\\/www.linkedin.com\\\/showcase\\\/infarma-salon\\\/\",\"https:\\\/\\\/www.youtube.com\\\/@INFARMAOFICIAL\"]},{\"@type\":\"Person\",\"@id\":\"https:\\\/\\\/www.infarma.es\\\/en\\\/#\\\/schema\\\/person\\\/e53486dc47606cc5c89217026a8a01a7\",\"name\":\"xavier\",\"image\":{\"@type\":\"ImageObject\",\"inLanguage\":\"en-US\",\"@id\":\"https:\\\/\\\/secure.gravatar.com\\\/avatar\\\/9014b89254123c1f240ae636cc793b98ce50ec2df162909756be1d23adc503e4?s=96&d=mm&r=g\",\"url\":\"https:\\\/\\\/secure.gravatar.com\\\/avatar\\\/9014b89254123c1f240ae636cc793b98ce50ec2df162909756be1d23adc503e4?s=96&d=mm&r=g\",\"contentUrl\":\"https:\\\/\\\/secure.gravatar.com\\\/avatar\\\/9014b89254123c1f240ae636cc793b98ce50ec2df162909756be1d23adc503e4?s=96&d=mm&r=g\",\"caption\":\"xavier\"},\"url\":\"https:\\\/\\\/www.infarma.es\\\/en\\\/author\\\/xavier\\\/\"}]}<\/script>\n<!-- \/ Yoast SEO plugin. -->","yoast_head_json":{"title":"Meritene\u00ae Fuerza y Vitalidad. \u00bfSab\u00edas que las prote\u00ednas contribuyen a mantener tu masa muscular?","description":"A partir de cierta edad, la p\u00e9rdida de masa muscular puede causar cansancio y debilidad.","robots":{"index":"index","follow":"follow","max-snippet":"max-snippet:-1","max-image-preview":"max-image-preview:large","max-video-preview":"max-video-preview:-1"},"canonical":"https:\/\/www.infarma.es\/en\/meritene-fuerza-y-vitalidad-sabias-que-las-proteinas-contribuyen-a-mantener-tu-masa-muscular\/","og_locale":"en_US","og_type":"article","og_title":"Meritene\u00ae Fuerza y Vitalidad. \u00bfSab\u00edas que las prote\u00ednas contribuyen a mantener tu masa muscular?","og_description":"A partir de cierta edad, la p\u00e9rdida de masa muscular puede causar cansancio y debilidad.","og_url":"https:\/\/www.infarma.es\/en\/meritene-fuerza-y-vitalidad-sabias-que-las-proteinas-contribuyen-a-mantener-tu-masa-muscular\/","og_site_name":"Infarma","article_publisher":"https:\/\/www.facebook.com\/infarmaoficial\/","article_published_time":"2024-02-27T10:00:04+00:00","article_modified_time":"2024-07-23T10:06:53+00:00","og_image":[{"width":1600,"height":900,"url":"https:\/\/www.infarma.es\/wp-content\/uploads\/2024\/02\/inf24-meritene-blog.webp","type":"image\/webp"}],"author":"xavier","twitter_card":"summary_large_image","twitter_creator":"@infarma_es","twitter_site":"@infarma_es","twitter_misc":{"Written by":"xavier","Est. reading time":"1 minute"},"schema":{"@context":"https:\/\/schema.org","@graph":[{"@type":"Article","@id":"https:\/\/www.infarma.es\/en\/meritene-fuerza-y-vitalidad-sabias-que-las-proteinas-contribuyen-a-mantener-tu-masa-muscular\/#article","isPartOf":{"@id":"https:\/\/www.infarma.es\/en\/meritene-fuerza-y-vitalidad-sabias-que-las-proteinas-contribuyen-a-mantener-tu-masa-muscular\/"},"author":{"name":"xavier","@id":"https:\/\/www.infarma.es\/en\/#\/schema\/person\/e53486dc47606cc5c89217026a8a01a7"},"headline":"Meritene\u00ae Fuerza y Vitalidad. \u00bfSab\u00edas que las prote\u00ednas contribuyen a mantener tu masa muscular?","datePublished":"2024-02-27T10:00:04+00:00","dateModified":"2024-07-23T10:06:53+00:00","mainEntityOfPage":{"@id":"https:\/\/www.infarma.es\/en\/meritene-fuerza-y-vitalidad-sabias-que-las-proteinas-contribuyen-a-mantener-tu-masa-muscular\/"},"wordCount":137,"publisher":{"@id":"https:\/\/www.infarma.es\/en\/#organization"},"image":{"@id":"https:\/\/www.infarma.es\/en\/meritene-fuerza-y-vitalidad-sabias-que-las-proteinas-contribuyen-a-mantener-tu-masa-muscular\/#primaryimage"},"thumbnailUrl":"https:\/\/www.infarma.es\/wp-content\/uploads\/2024\/02\/inf24-meritene-blog.webp","articleSection":["Noticias del Sal\u00f3n"],"inLanguage":"en-US"},{"@type":"WebPage","@id":"https:\/\/www.infarma.es\/en\/meritene-fuerza-y-vitalidad-sabias-que-las-proteinas-contribuyen-a-mantener-tu-masa-muscular\/","url":"https:\/\/www.infarma.es\/en\/meritene-fuerza-y-vitalidad-sabias-que-las-proteinas-contribuyen-a-mantener-tu-masa-muscular\/","name":"Meritene\u00ae Fuerza y Vitalidad. \u00bfSab\u00edas que las prote\u00ednas contribuyen a mantener tu masa muscular?","isPartOf":{"@id":"https:\/\/www.infarma.es\/en\/#website"},"primaryImageOfPage":{"@id":"https:\/\/www.infarma.es\/en\/meritene-fuerza-y-vitalidad-sabias-que-las-proteinas-contribuyen-a-mantener-tu-masa-muscular\/#primaryimage"},"image":{"@id":"https:\/\/www.infarma.es\/en\/meritene-fuerza-y-vitalidad-sabias-que-las-proteinas-contribuyen-a-mantener-tu-masa-muscular\/#primaryimage"},"thumbnailUrl":"https:\/\/www.infarma.es\/wp-content\/uploads\/2024\/02\/inf24-meritene-blog.webp","datePublished":"2024-02-27T10:00:04+00:00","dateModified":"2024-07-23T10:06:53+00:00","description":"A partir de cierta edad, la p\u00e9rdida de masa muscular puede causar cansancio y debilidad.","breadcrumb":{"@id":"https:\/\/www.infarma.es\/en\/meritene-fuerza-y-vitalidad-sabias-que-las-proteinas-contribuyen-a-mantener-tu-masa-muscular\/#breadcrumb"},"inLanguage":"en-US","potentialAction":[{"@type":"ReadAction","target":["https:\/\/www.infarma.es\/en\/meritene-fuerza-y-vitalidad-sabias-que-las-proteinas-contribuyen-a-mantener-tu-masa-muscular\/"]}]},{"@type":"ImageObject","inLanguage":"en-US","@id":"https:\/\/www.infarma.es\/en\/meritene-fuerza-y-vitalidad-sabias-que-las-proteinas-contribuyen-a-mantener-tu-masa-muscular\/#primaryimage","url":"https:\/\/www.infarma.es\/wp-content\/uploads\/2024\/02\/inf24-meritene-blog.webp","contentUrl":"https:\/\/www.infarma.es\/wp-content\/uploads\/2024\/02\/inf24-meritene-blog.webp","width":1600,"height":900},{"@type":"BreadcrumbList","@id":"https:\/\/www.infarma.es\/en\/meritene-fuerza-y-vitalidad-sabias-que-las-proteinas-contribuyen-a-mantener-tu-masa-muscular\/#breadcrumb","itemListElement":[{"@type":"ListItem","position":1,"name":"Portada","item":"https:\/\/www.infarma.es\/en\/"},{"@type":"ListItem","position":2,"name":"Meritene\u00ae Fuerza y Vitalidad. \u00bfSab\u00edas que las prote\u00ednas contribuyen a mantener tu masa muscular?"}]},{"@type":"WebSite","@id":"https:\/\/www.infarma.es\/en\/#website","url":"https:\/\/www.infarma.es\/en\/","name":"Infarma","description":"El mayor encuentro de farmacia","publisher":{"@id":"https:\/\/www.infarma.es\/en\/#organization"},"potentialAction":[{"@type":"SearchAction","target":{"@type":"EntryPoint","urlTemplate":"https:\/\/www.infarma.es\/en\/?s={search_term_string}"},"query-input":{"@type":"PropertyValueSpecification","valueRequired":true,"valueName":"search_term_string"}}],"inLanguage":"en-US"},{"@type":"Organization","@id":"https:\/\/www.infarma.es\/en\/#organization","name":"Infarma","url":"https:\/\/www.infarma.es\/en\/","logo":{"@type":"ImageObject","inLanguage":"en-US","@id":"https:\/\/www.infarma.es\/en\/#\/schema\/logo\/image\/","url":"https:\/\/www.infarma.es\/wp-content\/uploads\/2024\/10\/logo-simple.svg","contentUrl":"https:\/\/www.infarma.es\/wp-content\/uploads\/2024\/10\/logo-simple.svg","width":1,"height":1,"caption":"Infarma"},"image":{"@id":"https:\/\/www.infarma.es\/en\/#\/schema\/logo\/image\/"},"sameAs":["https:\/\/www.facebook.com\/infarmaoficial\/","https:\/\/x.com\/infarma_es","https:\/\/www.instagram.com\/infarma_oficial\/","https:\/\/www.linkedin.com\/showcase\/infarma-salon\/","https:\/\/www.youtube.com\/@INFARMAOFICIAL"]},{"@type":"Person","@id":"https:\/\/www.infarma.es\/en\/#\/schema\/person\/e53486dc47606cc5c89217026a8a01a7","name":"xavier","image":{"@type":"ImageObject","inLanguage":"en-US","@id":"https:\/\/secure.gravatar.com\/avatar\/9014b89254123c1f240ae636cc793b98ce50ec2df162909756be1d23adc503e4?s=96&d=mm&r=g","url":"https:\/\/secure.gravatar.com\/avatar\/9014b89254123c1f240ae636cc793b98ce50ec2df162909756be1d23adc503e4?s=96&d=mm&r=g","contentUrl":"https:\/\/secure.gravatar.com\/avatar\/9014b89254123c1f240ae636cc793b98ce50ec2df162909756be1d23adc503e4?s=96&d=mm&r=g","caption":"xavier"},"url":"https:\/\/www.infarma.es\/en\/author\/xavier\/"}]}},"_links":{"self":[{"href":"https:\/\/www.infarma.es\/en\/wp-json\/wp\/v2\/posts\/11707","targetHints":{"allow":["GET"]}}],"collection":[{"href":"https:\/\/www.infarma.es\/en\/wp-json\/wp\/v2\/posts"}],"about":[{"href":"https:\/\/www.infarma.es\/en\/wp-json\/wp\/v2\/types\/post"}],"author":[{"embeddable":true,"href":"https:\/\/www.infarma.es\/en\/wp-json\/wp\/v2\/users\/2"}],"replies":[{"embeddable":true,"href":"https:\/\/www.infarma.es\/en\/wp-json\/wp\/v2\/comments?post=11707"}],"version-history":[{"count":2,"href":"https:\/\/www.infarma.es\/en\/wp-json\/wp\/v2\/posts\/11707\/revisions"}],"predecessor-version":[{"id":13485,"href":"https:\/\/www.infarma.es\/en\/wp-json\/wp\/v2\/posts\/11707\/revisions\/13485"}],"wp:featuredmedia":[{"embeddable":true,"href":"https:\/\/www.infarma.es\/en\/wp-json\/wp\/v2\/media\/13462"}],"wp:attachment":[{"href":"https:\/\/www.infarma.es\/en\/wp-json\/wp\/v2\/media?parent=11707"}],"wp:term":[{"taxonomy":"category","embeddable":true,"href":"https:\/\/www.infarma.es\/en\/wp-json\/wp\/v2\/categories?post=11707"},{"taxonomy":"post_tag","embeddable":true,"href":"https:\/\/www.infarma.es\/en\/wp-json\/wp\/v2\/tags?post=11707"}],"curies":[{"name":"wp","href":"https:\/\/api.w.org\/{rel}","templated":true}]}}