{"id":11734,"date":"2024-02-27T11:00:11","date_gmt":"2024-02-27T10:00:11","guid":{"rendered":"https:\/\/www.infarma.es\/?p=11734"},"modified":"2024-07-23T12:06:08","modified_gmt":"2024-07-23T10:06:08","slug":"babybio-marca-francesa-lider-en-alimentacion-infantil-ecologica-apuesta-por-la-farmacia-espanola","status":"publish","type":"post","link":"https:\/\/www.infarma.es\/en\/babybio-marca-francesa-lider-en-alimentacion-infantil-ecologica-apuesta-por-la-farmacia-espanola\/","title":{"rendered":"Babybio, marca francesa l\u00edder en alimentaci\u00f3n infantil ecol\u00f3gica, apuesta por la farmacia espa\u00f1ola"},"content":{"rendered":"\n<p>Vitagermine, es un laboratorio franc\u00e9s creado en 1996, con sede en burdeos y especializado en el desarrollo, producci\u00f3n y distribuci\u00f3n de alimentos ecol\u00f3gicos. De entre nuestras marcas, se encuentra Babybio, una marca comprometida con el sabor y el desarrollo de los bebes que , desde 2020, se est\u00e1 introduciendo con fuerza en la farmacia espa\u00f1ola. Babybio es una marca de proximidad, completa y premium que satisface las necesidades de los padres actuales y que quiere devolver la importancia de la categor\u00eda infantil en la farmacia.<\/p>\n\n\n\n<p>En <strong><a href=\"https:\/\/bit.ly\/49K3fTk\" target=\"_blank\" rel=\"noreferrer noopener\">Babybio<\/a><\/strong>\u00a0creamos recetas originales, ricas en frutas, verduras y sabores para promover el despertar culinario del beb\u00e9. Ofrecemos una l\u00ednea de productos para la primera infancia, dese el nacimiento hasta los tres a\u00f1os:<\/p>\n\n\n\n<ol class=\"wp-block-list\" start=\"1\">\n<li>Trabajamos la categor\u00eda de leches diferenci\u00e1ndola en dos tipos: Vaca (Optima, de venta exclusiva en farmacia) y Cabra (<a href=\"https:\/\/img.mailinblue.com\/5882414\/images\/content_library\/original\/65d5c527b674e1e36348e064.png\" target=\"_blank\" rel=\"noreferrer noopener\">Caprea<\/a>) top ventas.<\/li>\n\n\n\n<li>Adem\u00e1s, trabajamos la categor\u00eda de alimentaci\u00f3n complementaria o s\u00f3lidos con tarritos, yogures, cereales, galletas y pouches.<\/li>\n<\/ol>\n\n\n\n<p><strong>Babybio acude a Infarma Madrid 2024 con un<\/strong>\u00a0<a href=\"https:\/\/app.infarma.es\/infarma2024\/es\/expo\/detail\/3474549\" target=\"_blank\" rel=\"noreferrer noopener\">stand (N\u00ba 3F31)<\/a>\u00a0<strong>situado en el Pabell\u00f3n 3<\/strong>\u00a0de Productos Farmac\u00e9uticos, para presentar todos sus productos y las novedades para este 2024. Sin duda, esta es una ocasi\u00f3n \u00fanica para conocer de primera mano las ventajas de los productos Babybio y las ventajas que, como farmac\u00e9utico, podemos ofrecerte.<\/p>\n\n\n\n<p>\u00a1Te esperamos!<br>Equipo Babybio<\/p>\n","protected":false},"excerpt":{"rendered":"<p>Vitagermine, es un laboratorio franc\u00e9s creado en 1996, con sede en burdeos y especializado en el desarrollo, producci\u00f3n y distribuci\u00f3n de alimentos ecol\u00f3gicos. De entre nuestras marcas, se encuentra Babybio, una marca comprometida con el sabor y el desarrollo de los bebes que , desde 2020, se est\u00e1 introduciendo con fuerza en la farmacia espa\u00f1ola. [&hellip;]<\/p>\n","protected":false},"author":2,"featured_media":13449,"comment_status":"closed","ping_status":"closed","sticky":false,"template":"","format":"standard","meta":{"footnotes":""},"categories":[141],"tags":[],"class_list":["post-11734","post","type-post","status-publish","format-standard","has-post-thumbnail","hentry","category-noticias-del-salon"],"yoast_head":"<!-- This site is optimized with the Yoast SEO plugin v27.4 - https:\/\/yoast.com\/product\/yoast-seo-wordpress\/ -->\n<title>Babybio, marca francesa l\u00edder en alimentaci\u00f3n infantil ecol\u00f3gica, apuesta por la farmacia espa\u00f1ola<\/title>\n<meta name=\"description\" content=\"Creamos recetas originales, ricas en frutas, verduras y sabores para promover el despertar culinario del beb\u00e9.\" \/>\n<meta name=\"robots\" content=\"index, follow, max-snippet:-1, max-image-preview:large, max-video-preview:-1\" \/>\n<link rel=\"canonical\" href=\"https:\/\/www.infarma.es\/en\/babybio-marca-francesa-lider-en-alimentacion-infantil-ecologica-apuesta-por-la-farmacia-espanola\/\" \/>\n<meta property=\"og:locale\" content=\"en_US\" \/>\n<meta property=\"og:type\" content=\"article\" \/>\n<meta property=\"og:title\" content=\"Babybio, marca francesa l\u00edder en alimentaci\u00f3n infantil ecol\u00f3gica, apuesta por la farmacia espa\u00f1ola\" \/>\n<meta property=\"og:description\" content=\"Creamos recetas originales, ricas en frutas, verduras y sabores para promover el despertar culinario del beb\u00e9.\" \/>\n<meta property=\"og:url\" content=\"https:\/\/www.infarma.es\/en\/babybio-marca-francesa-lider-en-alimentacion-infantil-ecologica-apuesta-por-la-farmacia-espanola\/\" \/>\n<meta property=\"og:site_name\" content=\"Infarma\" \/>\n<meta property=\"article:publisher\" content=\"https:\/\/www.facebook.com\/infarmaoficial\/\" \/>\n<meta property=\"article:published_time\" content=\"2024-02-27T10:00:11+00:00\" \/>\n<meta property=\"article:modified_time\" content=\"2024-07-23T10:06:08+00:00\" \/>\n<meta property=\"og:image\" content=\"https:\/\/www.infarma.es\/wp-content\/uploads\/2024\/02\/inf24-babybio-blog.webp\" \/>\n\t<meta property=\"og:image:width\" content=\"1600\" \/>\n\t<meta property=\"og:image:height\" content=\"900\" \/>\n\t<meta property=\"og:image:type\" content=\"image\/webp\" \/>\n<meta name=\"author\" content=\"xavier\" \/>\n<meta name=\"twitter:card\" content=\"summary_large_image\" \/>\n<meta name=\"twitter:creator\" content=\"@infarma_es\" \/>\n<meta name=\"twitter:site\" content=\"@infarma_es\" \/>\n<meta name=\"twitter:label1\" content=\"Written by\" \/>\n\t<meta name=\"twitter:data1\" content=\"xavier\" \/>\n\t<meta name=\"twitter:label2\" content=\"Est. reading time\" \/>\n\t<meta name=\"twitter:data2\" content=\"1 minute\" \/>\n<script type=\"application\/ld+json\" class=\"yoast-schema-graph\">{\"@context\":\"https:\\\/\\\/schema.org\",\"@graph\":[{\"@type\":\"Article\",\"@id\":\"https:\\\/\\\/www.infarma.es\\\/en\\\/babybio-marca-francesa-lider-en-alimentacion-infantil-ecologica-apuesta-por-la-farmacia-espanola\\\/#article\",\"isPartOf\":{\"@id\":\"https:\\\/\\\/www.infarma.es\\\/en\\\/babybio-marca-francesa-lider-en-alimentacion-infantil-ecologica-apuesta-por-la-farmacia-espanola\\\/\"},\"author\":{\"name\":\"xavier\",\"@id\":\"https:\\\/\\\/www.infarma.es\\\/en\\\/#\\\/schema\\\/person\\\/e53486dc47606cc5c89217026a8a01a7\"},\"headline\":\"Babybio, marca francesa l\u00edder en alimentaci\u00f3n infantil ecol\u00f3gica, apuesta por la farmacia espa\u00f1ola\",\"datePublished\":\"2024-02-27T10:00:11+00:00\",\"dateModified\":\"2024-07-23T10:06:08+00:00\",\"mainEntityOfPage\":{\"@id\":\"https:\\\/\\\/www.infarma.es\\\/en\\\/babybio-marca-francesa-lider-en-alimentacion-infantil-ecologica-apuesta-por-la-farmacia-espanola\\\/\"},\"wordCount\":245,\"publisher\":{\"@id\":\"https:\\\/\\\/www.infarma.es\\\/en\\\/#organization\"},\"image\":{\"@id\":\"https:\\\/\\\/www.infarma.es\\\/en\\\/babybio-marca-francesa-lider-en-alimentacion-infantil-ecologica-apuesta-por-la-farmacia-espanola\\\/#primaryimage\"},\"thumbnailUrl\":\"https:\\\/\\\/www.infarma.es\\\/wp-content\\\/uploads\\\/2024\\\/02\\\/inf24-babybio-blog.webp\",\"articleSection\":[\"Noticias del Sal\u00f3n\"],\"inLanguage\":\"en-US\"},{\"@type\":\"WebPage\",\"@id\":\"https:\\\/\\\/www.infarma.es\\\/en\\\/babybio-marca-francesa-lider-en-alimentacion-infantil-ecologica-apuesta-por-la-farmacia-espanola\\\/\",\"url\":\"https:\\\/\\\/www.infarma.es\\\/en\\\/babybio-marca-francesa-lider-en-alimentacion-infantil-ecologica-apuesta-por-la-farmacia-espanola\\\/\",\"name\":\"Babybio, marca francesa l\u00edder en alimentaci\u00f3n infantil ecol\u00f3gica, apuesta por la farmacia espa\u00f1ola\",\"isPartOf\":{\"@id\":\"https:\\\/\\\/www.infarma.es\\\/en\\\/#website\"},\"primaryImageOfPage\":{\"@id\":\"https:\\\/\\\/www.infarma.es\\\/en\\\/babybio-marca-francesa-lider-en-alimentacion-infantil-ecologica-apuesta-por-la-farmacia-espanola\\\/#primaryimage\"},\"image\":{\"@id\":\"https:\\\/\\\/www.infarma.es\\\/en\\\/babybio-marca-francesa-lider-en-alimentacion-infantil-ecologica-apuesta-por-la-farmacia-espanola\\\/#primaryimage\"},\"thumbnailUrl\":\"https:\\\/\\\/www.infarma.es\\\/wp-content\\\/uploads\\\/2024\\\/02\\\/inf24-babybio-blog.webp\",\"datePublished\":\"2024-02-27T10:00:11+00:00\",\"dateModified\":\"2024-07-23T10:06:08+00:00\",\"description\":\"Creamos recetas originales, ricas en frutas, verduras y sabores para promover el despertar culinario del beb\u00e9.\",\"breadcrumb\":{\"@id\":\"https:\\\/\\\/www.infarma.es\\\/en\\\/babybio-marca-francesa-lider-en-alimentacion-infantil-ecologica-apuesta-por-la-farmacia-espanola\\\/#breadcrumb\"},\"inLanguage\":\"en-US\",\"potentialAction\":[{\"@type\":\"ReadAction\",\"target\":[\"https:\\\/\\\/www.infarma.es\\\/en\\\/babybio-marca-francesa-lider-en-alimentacion-infantil-ecologica-apuesta-por-la-farmacia-espanola\\\/\"]}]},{\"@type\":\"ImageObject\",\"inLanguage\":\"en-US\",\"@id\":\"https:\\\/\\\/www.infarma.es\\\/en\\\/babybio-marca-francesa-lider-en-alimentacion-infantil-ecologica-apuesta-por-la-farmacia-espanola\\\/#primaryimage\",\"url\":\"https:\\\/\\\/www.infarma.es\\\/wp-content\\\/uploads\\\/2024\\\/02\\\/inf24-babybio-blog.webp\",\"contentUrl\":\"https:\\\/\\\/www.infarma.es\\\/wp-content\\\/uploads\\\/2024\\\/02\\\/inf24-babybio-blog.webp\",\"width\":1600,\"height\":900},{\"@type\":\"BreadcrumbList\",\"@id\":\"https:\\\/\\\/www.infarma.es\\\/en\\\/babybio-marca-francesa-lider-en-alimentacion-infantil-ecologica-apuesta-por-la-farmacia-espanola\\\/#breadcrumb\",\"itemListElement\":[{\"@type\":\"ListItem\",\"position\":1,\"name\":\"Portada\",\"item\":\"https:\\\/\\\/www.infarma.es\\\/en\\\/\"},{\"@type\":\"ListItem\",\"position\":2,\"name\":\"Babybio, marca francesa l\u00edder en alimentaci\u00f3n infantil ecol\u00f3gica, apuesta por la farmacia espa\u00f1ola\"}]},{\"@type\":\"WebSite\",\"@id\":\"https:\\\/\\\/www.infarma.es\\\/en\\\/#website\",\"url\":\"https:\\\/\\\/www.infarma.es\\\/en\\\/\",\"name\":\"Infarma\",\"description\":\"El mayor encuentro de farmacia\",\"publisher\":{\"@id\":\"https:\\\/\\\/www.infarma.es\\\/en\\\/#organization\"},\"potentialAction\":[{\"@type\":\"SearchAction\",\"target\":{\"@type\":\"EntryPoint\",\"urlTemplate\":\"https:\\\/\\\/www.infarma.es\\\/en\\\/?s={search_term_string}\"},\"query-input\":{\"@type\":\"PropertyValueSpecification\",\"valueRequired\":true,\"valueName\":\"search_term_string\"}}],\"inLanguage\":\"en-US\"},{\"@type\":\"Organization\",\"@id\":\"https:\\\/\\\/www.infarma.es\\\/en\\\/#organization\",\"name\":\"Infarma\",\"url\":\"https:\\\/\\\/www.infarma.es\\\/en\\\/\",\"logo\":{\"@type\":\"ImageObject\",\"inLanguage\":\"en-US\",\"@id\":\"https:\\\/\\\/www.infarma.es\\\/en\\\/#\\\/schema\\\/logo\\\/image\\\/\",\"url\":\"https:\\\/\\\/www.infarma.es\\\/wp-content\\\/uploads\\\/2024\\\/10\\\/logo-simple.svg\",\"contentUrl\":\"https:\\\/\\\/www.infarma.es\\\/wp-content\\\/uploads\\\/2024\\\/10\\\/logo-simple.svg\",\"width\":1,\"height\":1,\"caption\":\"Infarma\"},\"image\":{\"@id\":\"https:\\\/\\\/www.infarma.es\\\/en\\\/#\\\/schema\\\/logo\\\/image\\\/\"},\"sameAs\":[\"https:\\\/\\\/www.facebook.com\\\/infarmaoficial\\\/\",\"https:\\\/\\\/x.com\\\/infarma_es\",\"https:\\\/\\\/www.instagram.com\\\/infarma_oficial\\\/\",\"https:\\\/\\\/www.linkedin.com\\\/showcase\\\/infarma-salon\\\/\",\"https:\\\/\\\/www.youtube.com\\\/@INFARMAOFICIAL\"]},{\"@type\":\"Person\",\"@id\":\"https:\\\/\\\/www.infarma.es\\\/en\\\/#\\\/schema\\\/person\\\/e53486dc47606cc5c89217026a8a01a7\",\"name\":\"xavier\",\"image\":{\"@type\":\"ImageObject\",\"inLanguage\":\"en-US\",\"@id\":\"https:\\\/\\\/secure.gravatar.com\\\/avatar\\\/9014b89254123c1f240ae636cc793b98ce50ec2df162909756be1d23adc503e4?s=96&d=mm&r=g\",\"url\":\"https:\\\/\\\/secure.gravatar.com\\\/avatar\\\/9014b89254123c1f240ae636cc793b98ce50ec2df162909756be1d23adc503e4?s=96&d=mm&r=g\",\"contentUrl\":\"https:\\\/\\\/secure.gravatar.com\\\/avatar\\\/9014b89254123c1f240ae636cc793b98ce50ec2df162909756be1d23adc503e4?s=96&d=mm&r=g\",\"caption\":\"xavier\"},\"url\":\"https:\\\/\\\/www.infarma.es\\\/en\\\/author\\\/xavier\\\/\"}]}<\/script>\n<!-- \/ Yoast SEO plugin. -->","yoast_head_json":{"title":"Babybio, marca francesa l\u00edder en alimentaci\u00f3n infantil ecol\u00f3gica, apuesta por la farmacia espa\u00f1ola","description":"Creamos recetas originales, ricas en frutas, verduras y sabores para promover el despertar culinario del beb\u00e9.","robots":{"index":"index","follow":"follow","max-snippet":"max-snippet:-1","max-image-preview":"max-image-preview:large","max-video-preview":"max-video-preview:-1"},"canonical":"https:\/\/www.infarma.es\/en\/babybio-marca-francesa-lider-en-alimentacion-infantil-ecologica-apuesta-por-la-farmacia-espanola\/","og_locale":"en_US","og_type":"article","og_title":"Babybio, marca francesa l\u00edder en alimentaci\u00f3n infantil ecol\u00f3gica, apuesta por la farmacia espa\u00f1ola","og_description":"Creamos recetas originales, ricas en frutas, verduras y sabores para promover el despertar culinario del beb\u00e9.","og_url":"https:\/\/www.infarma.es\/en\/babybio-marca-francesa-lider-en-alimentacion-infantil-ecologica-apuesta-por-la-farmacia-espanola\/","og_site_name":"Infarma","article_publisher":"https:\/\/www.facebook.com\/infarmaoficial\/","article_published_time":"2024-02-27T10:00:11+00:00","article_modified_time":"2024-07-23T10:06:08+00:00","og_image":[{"width":1600,"height":900,"url":"https:\/\/www.infarma.es\/wp-content\/uploads\/2024\/02\/inf24-babybio-blog.webp","type":"image\/webp"}],"author":"xavier","twitter_card":"summary_large_image","twitter_creator":"@infarma_es","twitter_site":"@infarma_es","twitter_misc":{"Written by":"xavier","Est. reading time":"1 minute"},"schema":{"@context":"https:\/\/schema.org","@graph":[{"@type":"Article","@id":"https:\/\/www.infarma.es\/en\/babybio-marca-francesa-lider-en-alimentacion-infantil-ecologica-apuesta-por-la-farmacia-espanola\/#article","isPartOf":{"@id":"https:\/\/www.infarma.es\/en\/babybio-marca-francesa-lider-en-alimentacion-infantil-ecologica-apuesta-por-la-farmacia-espanola\/"},"author":{"name":"xavier","@id":"https:\/\/www.infarma.es\/en\/#\/schema\/person\/e53486dc47606cc5c89217026a8a01a7"},"headline":"Babybio, marca francesa l\u00edder en alimentaci\u00f3n infantil ecol\u00f3gica, apuesta por la farmacia espa\u00f1ola","datePublished":"2024-02-27T10:00:11+00:00","dateModified":"2024-07-23T10:06:08+00:00","mainEntityOfPage":{"@id":"https:\/\/www.infarma.es\/en\/babybio-marca-francesa-lider-en-alimentacion-infantil-ecologica-apuesta-por-la-farmacia-espanola\/"},"wordCount":245,"publisher":{"@id":"https:\/\/www.infarma.es\/en\/#organization"},"image":{"@id":"https:\/\/www.infarma.es\/en\/babybio-marca-francesa-lider-en-alimentacion-infantil-ecologica-apuesta-por-la-farmacia-espanola\/#primaryimage"},"thumbnailUrl":"https:\/\/www.infarma.es\/wp-content\/uploads\/2024\/02\/inf24-babybio-blog.webp","articleSection":["Noticias del Sal\u00f3n"],"inLanguage":"en-US"},{"@type":"WebPage","@id":"https:\/\/www.infarma.es\/en\/babybio-marca-francesa-lider-en-alimentacion-infantil-ecologica-apuesta-por-la-farmacia-espanola\/","url":"https:\/\/www.infarma.es\/en\/babybio-marca-francesa-lider-en-alimentacion-infantil-ecologica-apuesta-por-la-farmacia-espanola\/","name":"Babybio, marca francesa l\u00edder en alimentaci\u00f3n infantil ecol\u00f3gica, apuesta por la farmacia espa\u00f1ola","isPartOf":{"@id":"https:\/\/www.infarma.es\/en\/#website"},"primaryImageOfPage":{"@id":"https:\/\/www.infarma.es\/en\/babybio-marca-francesa-lider-en-alimentacion-infantil-ecologica-apuesta-por-la-farmacia-espanola\/#primaryimage"},"image":{"@id":"https:\/\/www.infarma.es\/en\/babybio-marca-francesa-lider-en-alimentacion-infantil-ecologica-apuesta-por-la-farmacia-espanola\/#primaryimage"},"thumbnailUrl":"https:\/\/www.infarma.es\/wp-content\/uploads\/2024\/02\/inf24-babybio-blog.webp","datePublished":"2024-02-27T10:00:11+00:00","dateModified":"2024-07-23T10:06:08+00:00","description":"Creamos recetas originales, ricas en frutas, verduras y sabores para promover el despertar culinario del beb\u00e9.","breadcrumb":{"@id":"https:\/\/www.infarma.es\/en\/babybio-marca-francesa-lider-en-alimentacion-infantil-ecologica-apuesta-por-la-farmacia-espanola\/#breadcrumb"},"inLanguage":"en-US","potentialAction":[{"@type":"ReadAction","target":["https:\/\/www.infarma.es\/en\/babybio-marca-francesa-lider-en-alimentacion-infantil-ecologica-apuesta-por-la-farmacia-espanola\/"]}]},{"@type":"ImageObject","inLanguage":"en-US","@id":"https:\/\/www.infarma.es\/en\/babybio-marca-francesa-lider-en-alimentacion-infantil-ecologica-apuesta-por-la-farmacia-espanola\/#primaryimage","url":"https:\/\/www.infarma.es\/wp-content\/uploads\/2024\/02\/inf24-babybio-blog.webp","contentUrl":"https:\/\/www.infarma.es\/wp-content\/uploads\/2024\/02\/inf24-babybio-blog.webp","width":1600,"height":900},{"@type":"BreadcrumbList","@id":"https:\/\/www.infarma.es\/en\/babybio-marca-francesa-lider-en-alimentacion-infantil-ecologica-apuesta-por-la-farmacia-espanola\/#breadcrumb","itemListElement":[{"@type":"ListItem","position":1,"name":"Portada","item":"https:\/\/www.infarma.es\/en\/"},{"@type":"ListItem","position":2,"name":"Babybio, marca francesa l\u00edder en alimentaci\u00f3n infantil ecol\u00f3gica, apuesta por la farmacia espa\u00f1ola"}]},{"@type":"WebSite","@id":"https:\/\/www.infarma.es\/en\/#website","url":"https:\/\/www.infarma.es\/en\/","name":"Infarma","description":"El mayor encuentro de farmacia","publisher":{"@id":"https:\/\/www.infarma.es\/en\/#organization"},"potentialAction":[{"@type":"SearchAction","target":{"@type":"EntryPoint","urlTemplate":"https:\/\/www.infarma.es\/en\/?s={search_term_string}"},"query-input":{"@type":"PropertyValueSpecification","valueRequired":true,"valueName":"search_term_string"}}],"inLanguage":"en-US"},{"@type":"Organization","@id":"https:\/\/www.infarma.es\/en\/#organization","name":"Infarma","url":"https:\/\/www.infarma.es\/en\/","logo":{"@type":"ImageObject","inLanguage":"en-US","@id":"https:\/\/www.infarma.es\/en\/#\/schema\/logo\/image\/","url":"https:\/\/www.infarma.es\/wp-content\/uploads\/2024\/10\/logo-simple.svg","contentUrl":"https:\/\/www.infarma.es\/wp-content\/uploads\/2024\/10\/logo-simple.svg","width":1,"height":1,"caption":"Infarma"},"image":{"@id":"https:\/\/www.infarma.es\/en\/#\/schema\/logo\/image\/"},"sameAs":["https:\/\/www.facebook.com\/infarmaoficial\/","https:\/\/x.com\/infarma_es","https:\/\/www.instagram.com\/infarma_oficial\/","https:\/\/www.linkedin.com\/showcase\/infarma-salon\/","https:\/\/www.youtube.com\/@INFARMAOFICIAL"]},{"@type":"Person","@id":"https:\/\/www.infarma.es\/en\/#\/schema\/person\/e53486dc47606cc5c89217026a8a01a7","name":"xavier","image":{"@type":"ImageObject","inLanguage":"en-US","@id":"https:\/\/secure.gravatar.com\/avatar\/9014b89254123c1f240ae636cc793b98ce50ec2df162909756be1d23adc503e4?s=96&d=mm&r=g","url":"https:\/\/secure.gravatar.com\/avatar\/9014b89254123c1f240ae636cc793b98ce50ec2df162909756be1d23adc503e4?s=96&d=mm&r=g","contentUrl":"https:\/\/secure.gravatar.com\/avatar\/9014b89254123c1f240ae636cc793b98ce50ec2df162909756be1d23adc503e4?s=96&d=mm&r=g","caption":"xavier"},"url":"https:\/\/www.infarma.es\/en\/author\/xavier\/"}]}},"_links":{"self":[{"href":"https:\/\/www.infarma.es\/en\/wp-json\/wp\/v2\/posts\/11734","targetHints":{"allow":["GET"]}}],"collection":[{"href":"https:\/\/www.infarma.es\/en\/wp-json\/wp\/v2\/posts"}],"about":[{"href":"https:\/\/www.infarma.es\/en\/wp-json\/wp\/v2\/types\/post"}],"author":[{"embeddable":true,"href":"https:\/\/www.infarma.es\/en\/wp-json\/wp\/v2\/users\/2"}],"replies":[{"embeddable":true,"href":"https:\/\/www.infarma.es\/en\/wp-json\/wp\/v2\/comments?post=11734"}],"version-history":[{"count":2,"href":"https:\/\/www.infarma.es\/en\/wp-json\/wp\/v2\/posts\/11734\/revisions"}],"predecessor-version":[{"id":13481,"href":"https:\/\/www.infarma.es\/en\/wp-json\/wp\/v2\/posts\/11734\/revisions\/13481"}],"wp:featuredmedia":[{"embeddable":true,"href":"https:\/\/www.infarma.es\/en\/wp-json\/wp\/v2\/media\/13449"}],"wp:attachment":[{"href":"https:\/\/www.infarma.es\/en\/wp-json\/wp\/v2\/media?parent=11734"}],"wp:term":[{"taxonomy":"category","embeddable":true,"href":"https:\/\/www.infarma.es\/en\/wp-json\/wp\/v2\/categories?post=11734"},{"taxonomy":"post_tag","embeddable":true,"href":"https:\/\/www.infarma.es\/en\/wp-json\/wp\/v2\/tags?post=11734"}],"curies":[{"name":"wp","href":"https:\/\/api.w.org\/{rel}","templated":true}]}}