{"id":11798,"date":"2024-03-05T11:00:48","date_gmt":"2024-03-05T10:00:48","guid":{"rendered":"https:\/\/www.infarma.es\/?p=11798"},"modified":"2024-07-23T11:37:11","modified_gmt":"2024-07-23T09:37:11","slug":"nuggela-sule-renueva-su-alianza-con-cadena-cope-para-otro-ano-de-exito","status":"publish","type":"post","link":"https:\/\/www.infarma.es\/en\/nuggela-sule-renueva-su-alianza-con-cadena-cope-para-otro-ano-de-exito\/","title":{"rendered":"Nuggela &#038; Sul\u00e9 renueva su alianza con CADENA COPE para otro a\u00f1o de \u00e9xito"},"content":{"rendered":"\n<hr width=\"50%\" class=\"wp-block-separator has-alpha-channel-opacity\"\/>\n\n\n\n<p style=\"font-size:14px; color:#5f5f5f; text-align: center;\"> Imagen de cabecera: ( Javi Nieves\u00e0 &#8211; Locutor Cadena-100 || Teresa Climent\u00e0 &#8211; Directora de Comunicaci\u00f3n Nuggela &amp; Sul\u00e9 || Adolfo Remart\u00ednez\u00e0 &#8211; Director General Nuggela &amp; Sul\u00e9 || Mar Amate\u00e0 &#8211; Comunicadora Cadena-100)<\/p>\n\n\n\n<hr width=\"50%\" class=\"wp-block-separator has-alpha-channel-opacity\"\/>\n\n\n\n<p><strong>Otro a\u00f1o m\u00e1s, Nuggela &amp; Sul\u00e9 cierra el acuerdo de publicidad con el grupo musical de cadena COPE para seguir promocionando sus productos y dar apoyo a las farmacias.<\/strong><\/p>\n\n\n\n<p>M\u00e1s de 6 millones de oyentes se despertar\u00e1n cada ma\u00f1ana con Nuggela &amp; Sul\u00e9 entre noticias, actualidad, m\u00fasica y especialmente buen humor. En un mundo saturado de informaci\u00f3n, la radio sigue siendo una herramienta excepcional para llegar dar a conocer todas las bondades de esta marca. La voz familiar y amigable de los locutores junto con buena m\u00fasica hacen que los anuncios de Nuggela &amp; Sul\u00e9 se integren en el recuerdo de los oyentes.<\/p>\n\n\n\n<p>No faltar\u00e1 el ya cl\u00e1sico saludo a todas las farmacias que miman Nuggela &amp; Sul\u00e9 por todos los rincones de Espa\u00f1a adem\u00e1s de menciones en directo, concursos y cu\u00f1as radiof\u00f3nicas, es decir, todo lo necesario para dar a conocer al oyente los beneficios de la marca invit\u00e1ndolo a que consulte en su farmacia local. La confianza que los oyentes tienen en la marca y el recuerdo continuo y contante de esta comunicaci\u00f3n, hacen que Nuggela &amp; Sul\u00e9 sea la elecci\u00f3n preferida cuando se trata de cuidado capilar.<\/p>\n\n\n\n<p>El grupo musical de COPE lo conforman ni m\u00e1s ni menos que CADENA-100, ROCK FM Y MEGASTAR llegando a un total de 6.480.000 oyentes a diario. Son referencias indiscutibles en la radio musical espa\u00f1ola y que crecen a\u00f1o tras a\u00f1o.<\/p>\n\n\n\n<p>Ahora, aprovechando el reciente Estudio Cl\u00ednico sobre la eficacia antica\u00edda del Champ\u00fa Premium N\u00ba1 (reduce la ca\u00edda del cabello hasta en un 70%) ser\u00e1 comunicado en todas y cada una de las cadenas musicales.<\/p>\n\n\n\n<p>Los productos de Nuggela &amp; Sul\u00e9, y despu\u00e9s de 9 a\u00f1os desde su lanzamiento, se convierten en una elecci\u00f3n natural y efectiva, dejando atr\u00e1s el aura de producto de marketing o de moda, para aquellos que buscan mejorar la salud y la apariencia de su cabello <a href=\"https:\/\/nuggelasule.com\/\" target=\"_blank\" rel=\"noreferrer noopener\"><strong>https:\/\/nuggelasule.com\/<\/strong><\/a> . Qu\u00e9 mejor lugar para encontrarlos que en su farmacia de confianza.<\/p>\n","protected":false},"excerpt":{"rendered":"<p>Imagen de cabecera: ( Javi Nieves\u00e0 &#8211; Locutor Cadena-100 || Teresa Climent\u00e0 &#8211; Directora de Comunicaci\u00f3n Nuggela &amp; Sul\u00e9 || Adolfo Remart\u00ednez\u00e0 &#8211; Director General Nuggela &amp; Sul\u00e9 || Mar Amate\u00e0 &#8211; Comunicadora Cadena-100) Otro a\u00f1o m\u00e1s, Nuggela &amp; Sul\u00e9 cierra el acuerdo de publicidad con el grupo musical de cadena COPE para seguir promocionando [&hellip;]<\/p>\n","protected":false},"author":2,"featured_media":13402,"comment_status":"closed","ping_status":"closed","sticky":false,"template":"","format":"standard","meta":{"footnotes":""},"categories":[141],"tags":[],"class_list":["post-11798","post","type-post","status-publish","format-standard","has-post-thumbnail","hentry","category-noticias-del-salon"],"yoast_head":"<!-- This site is optimized with the Yoast SEO plugin v27.4 - https:\/\/yoast.com\/product\/yoast-seo-wordpress\/ -->\n<title>Nuggela &amp; Sul\u00e9 renueva su alianza con CADENA COPE para otro a\u00f1o de \u00e9xito<\/title>\n<meta name=\"description\" content=\"M\u00e1s de 6 millones de oyentes se despertar\u00e1n cada ma\u00f1ana con Nuggela &amp; Sul\u00e9 entre noticias, actualidad, m\u00fasica y especialmente buen humor.\" \/>\n<meta name=\"robots\" content=\"index, follow, max-snippet:-1, max-image-preview:large, max-video-preview:-1\" \/>\n<link rel=\"canonical\" href=\"https:\/\/www.infarma.es\/en\/nuggela-sule-renueva-su-alianza-con-cadena-cope-para-otro-ano-de-exito\/\" \/>\n<meta property=\"og:locale\" content=\"en_US\" \/>\n<meta property=\"og:type\" content=\"article\" \/>\n<meta property=\"og:title\" content=\"Nuggela &amp; Sul\u00e9 renueva su alianza con CADENA COPE para otro a\u00f1o de \u00e9xito\" \/>\n<meta property=\"og:description\" content=\"M\u00e1s de 6 millones de oyentes se despertar\u00e1n cada ma\u00f1ana con Nuggela &amp; Sul\u00e9 entre noticias, actualidad, m\u00fasica y especialmente buen humor.\" \/>\n<meta property=\"og:url\" content=\"https:\/\/www.infarma.es\/en\/nuggela-sule-renueva-su-alianza-con-cadena-cope-para-otro-ano-de-exito\/\" \/>\n<meta property=\"og:site_name\" content=\"Infarma\" \/>\n<meta property=\"article:publisher\" content=\"https:\/\/www.facebook.com\/infarmaoficial\/\" \/>\n<meta property=\"article:published_time\" content=\"2024-03-05T10:00:48+00:00\" \/>\n<meta property=\"article:modified_time\" content=\"2024-07-23T09:37:11+00:00\" \/>\n<meta property=\"og:image\" content=\"https:\/\/www.infarma.es\/wp-content\/uploads\/2024\/07\/inf24-nuggela_sule-acuerdo-blog.webp\" \/>\n\t<meta property=\"og:image:width\" content=\"1600\" \/>\n\t<meta property=\"og:image:height\" content=\"900\" \/>\n\t<meta property=\"og:image:type\" content=\"image\/webp\" \/>\n<meta name=\"author\" content=\"xavier\" \/>\n<meta name=\"twitter:card\" content=\"summary_large_image\" \/>\n<meta name=\"twitter:creator\" content=\"@infarma_es\" \/>\n<meta name=\"twitter:site\" content=\"@infarma_es\" \/>\n<meta name=\"twitter:label1\" content=\"Written by\" \/>\n\t<meta name=\"twitter:data1\" content=\"xavier\" \/>\n\t<meta name=\"twitter:label2\" content=\"Est. reading time\" \/>\n\t<meta name=\"twitter:data2\" content=\"2 minutes\" \/>\n<script type=\"application\/ld+json\" class=\"yoast-schema-graph\">{\"@context\":\"https:\\\/\\\/schema.org\",\"@graph\":[{\"@type\":\"Article\",\"@id\":\"https:\\\/\\\/www.infarma.es\\\/en\\\/nuggela-sule-renueva-su-alianza-con-cadena-cope-para-otro-ano-de-exito\\\/#article\",\"isPartOf\":{\"@id\":\"https:\\\/\\\/www.infarma.es\\\/en\\\/nuggela-sule-renueva-su-alianza-con-cadena-cope-para-otro-ano-de-exito\\\/\"},\"author\":{\"name\":\"xavier\",\"@id\":\"https:\\\/\\\/www.infarma.es\\\/en\\\/#\\\/schema\\\/person\\\/e53486dc47606cc5c89217026a8a01a7\"},\"headline\":\"Nuggela &#038; Sul\u00e9 renueva su alianza con CADENA COPE para otro a\u00f1o de \u00e9xito\",\"datePublished\":\"2024-03-05T10:00:48+00:00\",\"dateModified\":\"2024-07-23T09:37:11+00:00\",\"mainEntityOfPage\":{\"@id\":\"https:\\\/\\\/www.infarma.es\\\/en\\\/nuggela-sule-renueva-su-alianza-con-cadena-cope-para-otro-ano-de-exito\\\/\"},\"wordCount\":393,\"publisher\":{\"@id\":\"https:\\\/\\\/www.infarma.es\\\/en\\\/#organization\"},\"image\":{\"@id\":\"https:\\\/\\\/www.infarma.es\\\/en\\\/nuggela-sule-renueva-su-alianza-con-cadena-cope-para-otro-ano-de-exito\\\/#primaryimage\"},\"thumbnailUrl\":\"https:\\\/\\\/www.infarma.es\\\/wp-content\\\/uploads\\\/2024\\\/07\\\/inf24-nuggela_sule-acuerdo-blog.webp\",\"articleSection\":[\"Noticias del Sal\u00f3n\"],\"inLanguage\":\"en-US\"},{\"@type\":\"WebPage\",\"@id\":\"https:\\\/\\\/www.infarma.es\\\/en\\\/nuggela-sule-renueva-su-alianza-con-cadena-cope-para-otro-ano-de-exito\\\/\",\"url\":\"https:\\\/\\\/www.infarma.es\\\/en\\\/nuggela-sule-renueva-su-alianza-con-cadena-cope-para-otro-ano-de-exito\\\/\",\"name\":\"Nuggela & Sul\u00e9 renueva su alianza con CADENA COPE para otro a\u00f1o de \u00e9xito\",\"isPartOf\":{\"@id\":\"https:\\\/\\\/www.infarma.es\\\/en\\\/#website\"},\"primaryImageOfPage\":{\"@id\":\"https:\\\/\\\/www.infarma.es\\\/en\\\/nuggela-sule-renueva-su-alianza-con-cadena-cope-para-otro-ano-de-exito\\\/#primaryimage\"},\"image\":{\"@id\":\"https:\\\/\\\/www.infarma.es\\\/en\\\/nuggela-sule-renueva-su-alianza-con-cadena-cope-para-otro-ano-de-exito\\\/#primaryimage\"},\"thumbnailUrl\":\"https:\\\/\\\/www.infarma.es\\\/wp-content\\\/uploads\\\/2024\\\/07\\\/inf24-nuggela_sule-acuerdo-blog.webp\",\"datePublished\":\"2024-03-05T10:00:48+00:00\",\"dateModified\":\"2024-07-23T09:37:11+00:00\",\"description\":\"M\u00e1s de 6 millones de oyentes se despertar\u00e1n cada ma\u00f1ana con Nuggela & Sul\u00e9 entre noticias, actualidad, m\u00fasica y especialmente buen humor.\",\"breadcrumb\":{\"@id\":\"https:\\\/\\\/www.infarma.es\\\/en\\\/nuggela-sule-renueva-su-alianza-con-cadena-cope-para-otro-ano-de-exito\\\/#breadcrumb\"},\"inLanguage\":\"en-US\",\"potentialAction\":[{\"@type\":\"ReadAction\",\"target\":[\"https:\\\/\\\/www.infarma.es\\\/en\\\/nuggela-sule-renueva-su-alianza-con-cadena-cope-para-otro-ano-de-exito\\\/\"]}]},{\"@type\":\"ImageObject\",\"inLanguage\":\"en-US\",\"@id\":\"https:\\\/\\\/www.infarma.es\\\/en\\\/nuggela-sule-renueva-su-alianza-con-cadena-cope-para-otro-ano-de-exito\\\/#primaryimage\",\"url\":\"https:\\\/\\\/www.infarma.es\\\/wp-content\\\/uploads\\\/2024\\\/07\\\/inf24-nuggela_sule-acuerdo-blog.webp\",\"contentUrl\":\"https:\\\/\\\/www.infarma.es\\\/wp-content\\\/uploads\\\/2024\\\/07\\\/inf24-nuggela_sule-acuerdo-blog.webp\",\"width\":1600,\"height\":900},{\"@type\":\"BreadcrumbList\",\"@id\":\"https:\\\/\\\/www.infarma.es\\\/en\\\/nuggela-sule-renueva-su-alianza-con-cadena-cope-para-otro-ano-de-exito\\\/#breadcrumb\",\"itemListElement\":[{\"@type\":\"ListItem\",\"position\":1,\"name\":\"Portada\",\"item\":\"https:\\\/\\\/www.infarma.es\\\/en\\\/\"},{\"@type\":\"ListItem\",\"position\":2,\"name\":\"Nuggela &#038; Sul\u00e9 renueva su alianza con CADENA COPE para otro a\u00f1o de \u00e9xito\"}]},{\"@type\":\"WebSite\",\"@id\":\"https:\\\/\\\/www.infarma.es\\\/en\\\/#website\",\"url\":\"https:\\\/\\\/www.infarma.es\\\/en\\\/\",\"name\":\"Infarma\",\"description\":\"El mayor encuentro de farmacia\",\"publisher\":{\"@id\":\"https:\\\/\\\/www.infarma.es\\\/en\\\/#organization\"},\"potentialAction\":[{\"@type\":\"SearchAction\",\"target\":{\"@type\":\"EntryPoint\",\"urlTemplate\":\"https:\\\/\\\/www.infarma.es\\\/en\\\/?s={search_term_string}\"},\"query-input\":{\"@type\":\"PropertyValueSpecification\",\"valueRequired\":true,\"valueName\":\"search_term_string\"}}],\"inLanguage\":\"en-US\"},{\"@type\":\"Organization\",\"@id\":\"https:\\\/\\\/www.infarma.es\\\/en\\\/#organization\",\"name\":\"Infarma\",\"url\":\"https:\\\/\\\/www.infarma.es\\\/en\\\/\",\"logo\":{\"@type\":\"ImageObject\",\"inLanguage\":\"en-US\",\"@id\":\"https:\\\/\\\/www.infarma.es\\\/en\\\/#\\\/schema\\\/logo\\\/image\\\/\",\"url\":\"https:\\\/\\\/www.infarma.es\\\/wp-content\\\/uploads\\\/2024\\\/10\\\/logo-simple.svg\",\"contentUrl\":\"https:\\\/\\\/www.infarma.es\\\/wp-content\\\/uploads\\\/2024\\\/10\\\/logo-simple.svg\",\"width\":1,\"height\":1,\"caption\":\"Infarma\"},\"image\":{\"@id\":\"https:\\\/\\\/www.infarma.es\\\/en\\\/#\\\/schema\\\/logo\\\/image\\\/\"},\"sameAs\":[\"https:\\\/\\\/www.facebook.com\\\/infarmaoficial\\\/\",\"https:\\\/\\\/x.com\\\/infarma_es\",\"https:\\\/\\\/www.instagram.com\\\/infarma_oficial\\\/\",\"https:\\\/\\\/www.linkedin.com\\\/showcase\\\/infarma-salon\\\/\",\"https:\\\/\\\/www.youtube.com\\\/@INFARMAOFICIAL\"]},{\"@type\":\"Person\",\"@id\":\"https:\\\/\\\/www.infarma.es\\\/en\\\/#\\\/schema\\\/person\\\/e53486dc47606cc5c89217026a8a01a7\",\"name\":\"xavier\",\"image\":{\"@type\":\"ImageObject\",\"inLanguage\":\"en-US\",\"@id\":\"https:\\\/\\\/secure.gravatar.com\\\/avatar\\\/9014b89254123c1f240ae636cc793b98ce50ec2df162909756be1d23adc503e4?s=96&d=mm&r=g\",\"url\":\"https:\\\/\\\/secure.gravatar.com\\\/avatar\\\/9014b89254123c1f240ae636cc793b98ce50ec2df162909756be1d23adc503e4?s=96&d=mm&r=g\",\"contentUrl\":\"https:\\\/\\\/secure.gravatar.com\\\/avatar\\\/9014b89254123c1f240ae636cc793b98ce50ec2df162909756be1d23adc503e4?s=96&d=mm&r=g\",\"caption\":\"xavier\"},\"url\":\"https:\\\/\\\/www.infarma.es\\\/en\\\/author\\\/xavier\\\/\"}]}<\/script>\n<!-- \/ Yoast SEO plugin. -->","yoast_head_json":{"title":"Nuggela & Sul\u00e9 renueva su alianza con CADENA COPE para otro a\u00f1o de \u00e9xito","description":"M\u00e1s de 6 millones de oyentes se despertar\u00e1n cada ma\u00f1ana con Nuggela & Sul\u00e9 entre noticias, actualidad, m\u00fasica y especialmente buen humor.","robots":{"index":"index","follow":"follow","max-snippet":"max-snippet:-1","max-image-preview":"max-image-preview:large","max-video-preview":"max-video-preview:-1"},"canonical":"https:\/\/www.infarma.es\/en\/nuggela-sule-renueva-su-alianza-con-cadena-cope-para-otro-ano-de-exito\/","og_locale":"en_US","og_type":"article","og_title":"Nuggela & Sul\u00e9 renueva su alianza con CADENA COPE para otro a\u00f1o de \u00e9xito","og_description":"M\u00e1s de 6 millones de oyentes se despertar\u00e1n cada ma\u00f1ana con Nuggela & Sul\u00e9 entre noticias, actualidad, m\u00fasica y especialmente buen humor.","og_url":"https:\/\/www.infarma.es\/en\/nuggela-sule-renueva-su-alianza-con-cadena-cope-para-otro-ano-de-exito\/","og_site_name":"Infarma","article_publisher":"https:\/\/www.facebook.com\/infarmaoficial\/","article_published_time":"2024-03-05T10:00:48+00:00","article_modified_time":"2024-07-23T09:37:11+00:00","og_image":[{"width":1600,"height":900,"url":"https:\/\/www.infarma.es\/wp-content\/uploads\/2024\/07\/inf24-nuggela_sule-acuerdo-blog.webp","type":"image\/webp"}],"author":"xavier","twitter_card":"summary_large_image","twitter_creator":"@infarma_es","twitter_site":"@infarma_es","twitter_misc":{"Written by":"xavier","Est. reading time":"2 minutes"},"schema":{"@context":"https:\/\/schema.org","@graph":[{"@type":"Article","@id":"https:\/\/www.infarma.es\/en\/nuggela-sule-renueva-su-alianza-con-cadena-cope-para-otro-ano-de-exito\/#article","isPartOf":{"@id":"https:\/\/www.infarma.es\/en\/nuggela-sule-renueva-su-alianza-con-cadena-cope-para-otro-ano-de-exito\/"},"author":{"name":"xavier","@id":"https:\/\/www.infarma.es\/en\/#\/schema\/person\/e53486dc47606cc5c89217026a8a01a7"},"headline":"Nuggela &#038; Sul\u00e9 renueva su alianza con CADENA COPE para otro a\u00f1o de \u00e9xito","datePublished":"2024-03-05T10:00:48+00:00","dateModified":"2024-07-23T09:37:11+00:00","mainEntityOfPage":{"@id":"https:\/\/www.infarma.es\/en\/nuggela-sule-renueva-su-alianza-con-cadena-cope-para-otro-ano-de-exito\/"},"wordCount":393,"publisher":{"@id":"https:\/\/www.infarma.es\/en\/#organization"},"image":{"@id":"https:\/\/www.infarma.es\/en\/nuggela-sule-renueva-su-alianza-con-cadena-cope-para-otro-ano-de-exito\/#primaryimage"},"thumbnailUrl":"https:\/\/www.infarma.es\/wp-content\/uploads\/2024\/07\/inf24-nuggela_sule-acuerdo-blog.webp","articleSection":["Noticias del Sal\u00f3n"],"inLanguage":"en-US"},{"@type":"WebPage","@id":"https:\/\/www.infarma.es\/en\/nuggela-sule-renueva-su-alianza-con-cadena-cope-para-otro-ano-de-exito\/","url":"https:\/\/www.infarma.es\/en\/nuggela-sule-renueva-su-alianza-con-cadena-cope-para-otro-ano-de-exito\/","name":"Nuggela & Sul\u00e9 renueva su alianza con CADENA COPE para otro a\u00f1o de \u00e9xito","isPartOf":{"@id":"https:\/\/www.infarma.es\/en\/#website"},"primaryImageOfPage":{"@id":"https:\/\/www.infarma.es\/en\/nuggela-sule-renueva-su-alianza-con-cadena-cope-para-otro-ano-de-exito\/#primaryimage"},"image":{"@id":"https:\/\/www.infarma.es\/en\/nuggela-sule-renueva-su-alianza-con-cadena-cope-para-otro-ano-de-exito\/#primaryimage"},"thumbnailUrl":"https:\/\/www.infarma.es\/wp-content\/uploads\/2024\/07\/inf24-nuggela_sule-acuerdo-blog.webp","datePublished":"2024-03-05T10:00:48+00:00","dateModified":"2024-07-23T09:37:11+00:00","description":"M\u00e1s de 6 millones de oyentes se despertar\u00e1n cada ma\u00f1ana con Nuggela & Sul\u00e9 entre noticias, actualidad, m\u00fasica y especialmente buen humor.","breadcrumb":{"@id":"https:\/\/www.infarma.es\/en\/nuggela-sule-renueva-su-alianza-con-cadena-cope-para-otro-ano-de-exito\/#breadcrumb"},"inLanguage":"en-US","potentialAction":[{"@type":"ReadAction","target":["https:\/\/www.infarma.es\/en\/nuggela-sule-renueva-su-alianza-con-cadena-cope-para-otro-ano-de-exito\/"]}]},{"@type":"ImageObject","inLanguage":"en-US","@id":"https:\/\/www.infarma.es\/en\/nuggela-sule-renueva-su-alianza-con-cadena-cope-para-otro-ano-de-exito\/#primaryimage","url":"https:\/\/www.infarma.es\/wp-content\/uploads\/2024\/07\/inf24-nuggela_sule-acuerdo-blog.webp","contentUrl":"https:\/\/www.infarma.es\/wp-content\/uploads\/2024\/07\/inf24-nuggela_sule-acuerdo-blog.webp","width":1600,"height":900},{"@type":"BreadcrumbList","@id":"https:\/\/www.infarma.es\/en\/nuggela-sule-renueva-su-alianza-con-cadena-cope-para-otro-ano-de-exito\/#breadcrumb","itemListElement":[{"@type":"ListItem","position":1,"name":"Portada","item":"https:\/\/www.infarma.es\/en\/"},{"@type":"ListItem","position":2,"name":"Nuggela &#038; Sul\u00e9 renueva su alianza con CADENA COPE para otro a\u00f1o de \u00e9xito"}]},{"@type":"WebSite","@id":"https:\/\/www.infarma.es\/en\/#website","url":"https:\/\/www.infarma.es\/en\/","name":"Infarma","description":"El mayor encuentro de farmacia","publisher":{"@id":"https:\/\/www.infarma.es\/en\/#organization"},"potentialAction":[{"@type":"SearchAction","target":{"@type":"EntryPoint","urlTemplate":"https:\/\/www.infarma.es\/en\/?s={search_term_string}"},"query-input":{"@type":"PropertyValueSpecification","valueRequired":true,"valueName":"search_term_string"}}],"inLanguage":"en-US"},{"@type":"Organization","@id":"https:\/\/www.infarma.es\/en\/#organization","name":"Infarma","url":"https:\/\/www.infarma.es\/en\/","logo":{"@type":"ImageObject","inLanguage":"en-US","@id":"https:\/\/www.infarma.es\/en\/#\/schema\/logo\/image\/","url":"https:\/\/www.infarma.es\/wp-content\/uploads\/2024\/10\/logo-simple.svg","contentUrl":"https:\/\/www.infarma.es\/wp-content\/uploads\/2024\/10\/logo-simple.svg","width":1,"height":1,"caption":"Infarma"},"image":{"@id":"https:\/\/www.infarma.es\/en\/#\/schema\/logo\/image\/"},"sameAs":["https:\/\/www.facebook.com\/infarmaoficial\/","https:\/\/x.com\/infarma_es","https:\/\/www.instagram.com\/infarma_oficial\/","https:\/\/www.linkedin.com\/showcase\/infarma-salon\/","https:\/\/www.youtube.com\/@INFARMAOFICIAL"]},{"@type":"Person","@id":"https:\/\/www.infarma.es\/en\/#\/schema\/person\/e53486dc47606cc5c89217026a8a01a7","name":"xavier","image":{"@type":"ImageObject","inLanguage":"en-US","@id":"https:\/\/secure.gravatar.com\/avatar\/9014b89254123c1f240ae636cc793b98ce50ec2df162909756be1d23adc503e4?s=96&d=mm&r=g","url":"https:\/\/secure.gravatar.com\/avatar\/9014b89254123c1f240ae636cc793b98ce50ec2df162909756be1d23adc503e4?s=96&d=mm&r=g","contentUrl":"https:\/\/secure.gravatar.com\/avatar\/9014b89254123c1f240ae636cc793b98ce50ec2df162909756be1d23adc503e4?s=96&d=mm&r=g","caption":"xavier"},"url":"https:\/\/www.infarma.es\/en\/author\/xavier\/"}]}},"_links":{"self":[{"href":"https:\/\/www.infarma.es\/en\/wp-json\/wp\/v2\/posts\/11798","targetHints":{"allow":["GET"]}}],"collection":[{"href":"https:\/\/www.infarma.es\/en\/wp-json\/wp\/v2\/posts"}],"about":[{"href":"https:\/\/www.infarma.es\/en\/wp-json\/wp\/v2\/types\/post"}],"author":[{"embeddable":true,"href":"https:\/\/www.infarma.es\/en\/wp-json\/wp\/v2\/users\/2"}],"replies":[{"embeddable":true,"href":"https:\/\/www.infarma.es\/en\/wp-json\/wp\/v2\/comments?post=11798"}],"version-history":[{"count":2,"href":"https:\/\/www.infarma.es\/en\/wp-json\/wp\/v2\/posts\/11798\/revisions"}],"predecessor-version":[{"id":13422,"href":"https:\/\/www.infarma.es\/en\/wp-json\/wp\/v2\/posts\/11798\/revisions\/13422"}],"wp:featuredmedia":[{"embeddable":true,"href":"https:\/\/www.infarma.es\/en\/wp-json\/wp\/v2\/media\/13402"}],"wp:attachment":[{"href":"https:\/\/www.infarma.es\/en\/wp-json\/wp\/v2\/media?parent=11798"}],"wp:term":[{"taxonomy":"category","embeddable":true,"href":"https:\/\/www.infarma.es\/en\/wp-json\/wp\/v2\/categories?post=11798"},{"taxonomy":"post_tag","embeddable":true,"href":"https:\/\/www.infarma.es\/en\/wp-json\/wp\/v2\/tags?post=11798"}],"curies":[{"name":"wp","href":"https:\/\/api.w.org\/{rel}","templated":true}]}}