{"id":11819,"date":"2024-03-05T11:00:53","date_gmt":"2024-03-05T10:00:53","guid":{"rendered":"https:\/\/www.infarma.es\/?p=11819"},"modified":"2024-07-23T11:36:33","modified_gmt":"2024-07-23T09:36:33","slug":"desde-la-farmacia-a-la-gran-pantalla-pasando-por-infarma-al-fondo-a-la-izquierda-como-canta-pastora-soler-y-celebrando-con-vosotros-el-dia-internacional-de-la-felicidad-el-proximo-20-de-marzo","status":"publish","type":"post","link":"https:\/\/www.infarma.es\/en\/desde-la-farmacia-a-la-gran-pantalla-pasando-por-infarma-al-fondo-a-la-izquierda-como-canta-pastora-soler-y-celebrando-con-vosotros-el-dia-internacional-de-la-felicidad-el-proximo-20-de-marzo\/","title":{"rendered":"Desde la farmacia a la gran pantalla, pasando por Infarma al fondo a la izquierda como canta Pastora Soler y celebrando con vosotros el D\u00eda Internacional de la Felicidad el pr\u00f3ximo 20 de Marzo."},"content":{"rendered":"\n<p>En 1950 naci\u00f3 un producto ic\u00f3nico. El <strong>Dr. Tricot<\/strong> cre\u00f3 la <strong>Lait-Cr\u00e8me Concentr\u00e9<\/strong>, un producto para hidratar la piel de las personas que pasaban largo tiempo en cama en el <strong>Hospital St. Louis de Paris<\/strong>. \u00a1All\u00ed naci\u00f3 el mito! que actualmente se ha posicionado como l\u00edder con todas sus <strong>bondades\u00a0<em>multitask<\/em><\/strong>\u00a0-es una crema hidratante que se puede usar tambi\u00e9n como <em>primer<\/em>, mascarilla, desmaquillante, como <em>aftersun <\/em>y <em>aftershave<\/em> \u2013 un producto excelente para una tendencia de mercado que evoluciona cada vez m\u00e1s r\u00e1pido a <strong>rutinas cortas y muy eficaces<\/strong>. As\u00ed nace la famosa textura y familia de productos Lait-Cr\u00e8me, que se completa con tres productos m\u00e1s: Multiprotecci\u00f3n, Fluida+ y Sensitive.<\/p>\n\n\n\n<p><strong>Embryolisse <\/strong>es una <strong>marca de dermocosm\u00e9tica<\/strong>, con un \u00edndice de naturalidad m\u00ednimo del 95% en toda su gama. &nbsp;Todos los productos tienen una \u00f3ptima tolerancia incluso para pieles sensibles y est\u00e1n testados y controlados dermatol\u00f3gica y oftalmol\u00f3gicamente (en aquellos productos espec\u00edficos para ojos).<\/p>\n\n\n\n<p>Actualmente en Espa\u00f1a comercializamos <strong>diferentes l\u00edneas<\/strong>: Hidratante, nutritiva-reparadora, anti-imperfecciones con f\u00f3rmulas naturales para pieles grasas y con tendencia acn\u00e9ica, l\u00ednea activa muy efectiva para prevenir los primeros signos de la edad y una l\u00ednea antiedad.<\/p>\n\n\n\n<p>En el coraz\u00f3n de <strong>Embryolisse<\/strong> tambi\u00e9n encontrar\u00e1s la l\u00ednea <strong>Secreto de Maquilladores<\/strong>, complemento perfecto a toda la gama de tratamiento de la piel y creada por algunos de los maquilladores m\u00e1s prestigiosos del pa\u00eds galo con la finalidad de ensalzar la <strong>belleza natural de la mujer<\/strong>. Secreto de Maquilladores es una l\u00ednea \u00fanica pues ofrece <strong>tratamiento y belleza inmediata<\/strong> que se ha desarrollado pensando tambi\u00e9n en el farmac\u00e9utico para no complicar a quienes nos prescriben, a vosotros\u2026 Pocas referencias: una BB y una CC Cream con pigmentos autoajustables al tono de la piel; para la mirada un contorno en <em>stick<\/em> efecto fr\u00edo, para iluminar dos correctores uno beige y otro rosa que consiguen camuflar bolsas y ojeras, y nuestro producto m\u00e1s <em>trendy<\/em> l\u00edder en las farmacias <strong>Soin Blush de Peau<\/strong>, un tratamiento hidratante, detox, antifatiga e iluminador cargado de \u00e1cido hialur\u00f3nico en color rosa o albaricoque. Come ves fieles a nuestro principio de Multifuncionalidad.<\/p>\n\n\n\n<p>Una marca que <strong>en s\u00f3lo 5 a\u00f1os la recomiendan ya m\u00e1s de 1000 farmacias en Espa\u00f1a y referencian los maquilladores<\/strong> profesionales, que lleg\u00f3 a Espa\u00f1a y ha conquistado a mujeres de todas las edades, plat\u00f3s de TV, <strong>ha estado en los camerinos de los premios Goya, los Feroz, el Festival de San Sebasti\u00e1n entre otros<\/strong>. Una marca de consumo consciente y con un precio adecuado para todos los p\u00fablicos.<\/p>\n\n\n\n<p>Te esperamos en <strong><a href=\"https:\/\/app.infarma.es\/infarma2024\/es\/expo\/detail\/3522995\" target=\"_blank\" rel=\"noreferrer noopener\">Infarma STAND 3A62<\/a><\/strong>, para descubrir la marca, presentarte a nuestro equipo y todas nuestras novedades para celebrar tambi\u00e9n con nosotras <strong>el Dia Internacional de la Felicidad.<\/strong><\/p>\n","protected":false},"excerpt":{"rendered":"<p>En 1950 naci\u00f3 un producto ic\u00f3nico. El Dr. Tricot cre\u00f3 la Lait-Cr\u00e8me Concentr\u00e9, un producto para hidratar la piel de las personas que pasaban largo tiempo en cama en el Hospital St. Louis de Paris. \u00a1All\u00ed naci\u00f3 el mito! que actualmente se ha posicionado como l\u00edder con todas sus bondades\u00a0multitask\u00a0-es una crema hidratante que se [&hellip;]<\/p>\n","protected":false},"author":2,"featured_media":13412,"comment_status":"closed","ping_status":"closed","sticky":false,"template":"","format":"standard","meta":{"footnotes":""},"categories":[141],"tags":[],"class_list":["post-11819","post","type-post","status-publish","format-standard","has-post-thumbnail","hentry","category-noticias-del-salon"],"yoast_head":"<!-- This site is optimized with the Yoast SEO plugin v27.4 - https:\/\/yoast.com\/product\/yoast-seo-wordpress\/ -->\n<title>Desde la farmacia a la gran pantalla, pasando por Infarma al fondo a la izquierda como canta Pastora Soler y celebrando con vosotros el D\u00eda Internacional de la Felicidad el pr\u00f3ximo 20 de Marzo.<\/title>\n<meta name=\"description\" content=\"Embryolisse es una marca de dermocosm\u00e9tica, con un \u00edndice de naturalidad m\u00ednimo del 95% en toda su gama.\" \/>\n<meta name=\"robots\" content=\"index, follow, max-snippet:-1, max-image-preview:large, max-video-preview:-1\" \/>\n<link rel=\"canonical\" href=\"https:\/\/www.infarma.es\/en\/desde-la-farmacia-a-la-gran-pantalla-pasando-por-infarma-al-fondo-a-la-izquierda-como-canta-pastora-soler-y-celebrando-con-vosotros-el-dia-internacional-de-la-felicidad-el-proximo-20-de-marzo\/\" \/>\n<meta property=\"og:locale\" content=\"en_US\" \/>\n<meta property=\"og:type\" content=\"article\" \/>\n<meta property=\"og:title\" content=\"Desde la farmacia a la gran pantalla, pasando por Infarma al fondo a la izquierda como canta Pastora Soler y celebrando con vosotros el D\u00eda Internacional de la Felicidad el pr\u00f3ximo 20 de Marzo.\" \/>\n<meta property=\"og:description\" content=\"Embryolisse es una marca de dermocosm\u00e9tica, con un \u00edndice de naturalidad m\u00ednimo del 95% en toda su gama.\" \/>\n<meta property=\"og:url\" content=\"https:\/\/www.infarma.es\/en\/desde-la-farmacia-a-la-gran-pantalla-pasando-por-infarma-al-fondo-a-la-izquierda-como-canta-pastora-soler-y-celebrando-con-vosotros-el-dia-internacional-de-la-felicidad-el-proximo-20-de-marzo\/\" \/>\n<meta property=\"og:site_name\" content=\"Infarma\" \/>\n<meta property=\"article:publisher\" content=\"https:\/\/www.facebook.com\/infarmaoficial\/\" \/>\n<meta property=\"article:published_time\" content=\"2024-03-05T10:00:53+00:00\" \/>\n<meta property=\"article:modified_time\" content=\"2024-07-23T09:36:33+00:00\" \/>\n<meta property=\"og:image\" content=\"https:\/\/www.infarma.es\/wp-content\/uploads\/2024\/07\/inf24-Embryolisse-blog.webp\" \/>\n\t<meta property=\"og:image:width\" content=\"1600\" \/>\n\t<meta property=\"og:image:height\" content=\"900\" \/>\n\t<meta property=\"og:image:type\" content=\"image\/webp\" \/>\n<meta name=\"author\" content=\"xavier\" \/>\n<meta name=\"twitter:card\" content=\"summary_large_image\" \/>\n<meta name=\"twitter:creator\" content=\"@infarma_es\" \/>\n<meta name=\"twitter:site\" content=\"@infarma_es\" \/>\n<meta name=\"twitter:label1\" content=\"Written by\" \/>\n\t<meta name=\"twitter:data1\" content=\"xavier\" \/>\n\t<meta name=\"twitter:label2\" content=\"Est. reading time\" \/>\n\t<meta name=\"twitter:data2\" content=\"3 minutes\" \/>\n<script type=\"application\/ld+json\" class=\"yoast-schema-graph\">{\"@context\":\"https:\\\/\\\/schema.org\",\"@graph\":[{\"@type\":\"Article\",\"@id\":\"https:\\\/\\\/www.infarma.es\\\/en\\\/desde-la-farmacia-a-la-gran-pantalla-pasando-por-infarma-al-fondo-a-la-izquierda-como-canta-pastora-soler-y-celebrando-con-vosotros-el-dia-internacional-de-la-felicidad-el-proximo-20-de-marzo\\\/#article\",\"isPartOf\":{\"@id\":\"https:\\\/\\\/www.infarma.es\\\/en\\\/desde-la-farmacia-a-la-gran-pantalla-pasando-por-infarma-al-fondo-a-la-izquierda-como-canta-pastora-soler-y-celebrando-con-vosotros-el-dia-internacional-de-la-felicidad-el-proximo-20-de-marzo\\\/\"},\"author\":{\"name\":\"xavier\",\"@id\":\"https:\\\/\\\/www.infarma.es\\\/en\\\/#\\\/schema\\\/person\\\/e53486dc47606cc5c89217026a8a01a7\"},\"headline\":\"Desde la farmacia a la gran pantalla, pasando por Infarma al fondo a la izquierda como canta Pastora Soler y celebrando con vosotros el D\u00eda Internacional de la Felicidad el pr\u00f3ximo 20 de Marzo.\",\"datePublished\":\"2024-03-05T10:00:53+00:00\",\"dateModified\":\"2024-07-23T09:36:33+00:00\",\"mainEntityOfPage\":{\"@id\":\"https:\\\/\\\/www.infarma.es\\\/en\\\/desde-la-farmacia-a-la-gran-pantalla-pasando-por-infarma-al-fondo-a-la-izquierda-como-canta-pastora-soler-y-celebrando-con-vosotros-el-dia-internacional-de-la-felicidad-el-proximo-20-de-marzo\\\/\"},\"wordCount\":514,\"publisher\":{\"@id\":\"https:\\\/\\\/www.infarma.es\\\/en\\\/#organization\"},\"image\":{\"@id\":\"https:\\\/\\\/www.infarma.es\\\/en\\\/desde-la-farmacia-a-la-gran-pantalla-pasando-por-infarma-al-fondo-a-la-izquierda-como-canta-pastora-soler-y-celebrando-con-vosotros-el-dia-internacional-de-la-felicidad-el-proximo-20-de-marzo\\\/#primaryimage\"},\"thumbnailUrl\":\"https:\\\/\\\/www.infarma.es\\\/wp-content\\\/uploads\\\/2024\\\/07\\\/inf24-Embryolisse-blog.webp\",\"articleSection\":[\"Noticias del Sal\u00f3n\"],\"inLanguage\":\"en-US\"},{\"@type\":\"WebPage\",\"@id\":\"https:\\\/\\\/www.infarma.es\\\/en\\\/desde-la-farmacia-a-la-gran-pantalla-pasando-por-infarma-al-fondo-a-la-izquierda-como-canta-pastora-soler-y-celebrando-con-vosotros-el-dia-internacional-de-la-felicidad-el-proximo-20-de-marzo\\\/\",\"url\":\"https:\\\/\\\/www.infarma.es\\\/en\\\/desde-la-farmacia-a-la-gran-pantalla-pasando-por-infarma-al-fondo-a-la-izquierda-como-canta-pastora-soler-y-celebrando-con-vosotros-el-dia-internacional-de-la-felicidad-el-proximo-20-de-marzo\\\/\",\"name\":\"Desde la farmacia a la gran pantalla, pasando por Infarma al fondo a la izquierda como canta Pastora Soler y celebrando con vosotros el D\u00eda Internacional de la Felicidad el pr\u00f3ximo 20 de Marzo.\",\"isPartOf\":{\"@id\":\"https:\\\/\\\/www.infarma.es\\\/en\\\/#website\"},\"primaryImageOfPage\":{\"@id\":\"https:\\\/\\\/www.infarma.es\\\/en\\\/desde-la-farmacia-a-la-gran-pantalla-pasando-por-infarma-al-fondo-a-la-izquierda-como-canta-pastora-soler-y-celebrando-con-vosotros-el-dia-internacional-de-la-felicidad-el-proximo-20-de-marzo\\\/#primaryimage\"},\"image\":{\"@id\":\"https:\\\/\\\/www.infarma.es\\\/en\\\/desde-la-farmacia-a-la-gran-pantalla-pasando-por-infarma-al-fondo-a-la-izquierda-como-canta-pastora-soler-y-celebrando-con-vosotros-el-dia-internacional-de-la-felicidad-el-proximo-20-de-marzo\\\/#primaryimage\"},\"thumbnailUrl\":\"https:\\\/\\\/www.infarma.es\\\/wp-content\\\/uploads\\\/2024\\\/07\\\/inf24-Embryolisse-blog.webp\",\"datePublished\":\"2024-03-05T10:00:53+00:00\",\"dateModified\":\"2024-07-23T09:36:33+00:00\",\"description\":\"Embryolisse es una marca de dermocosm\u00e9tica, con un \u00edndice de naturalidad m\u00ednimo del 95% en toda su gama.\",\"breadcrumb\":{\"@id\":\"https:\\\/\\\/www.infarma.es\\\/en\\\/desde-la-farmacia-a-la-gran-pantalla-pasando-por-infarma-al-fondo-a-la-izquierda-como-canta-pastora-soler-y-celebrando-con-vosotros-el-dia-internacional-de-la-felicidad-el-proximo-20-de-marzo\\\/#breadcrumb\"},\"inLanguage\":\"en-US\",\"potentialAction\":[{\"@type\":\"ReadAction\",\"target\":[\"https:\\\/\\\/www.infarma.es\\\/en\\\/desde-la-farmacia-a-la-gran-pantalla-pasando-por-infarma-al-fondo-a-la-izquierda-como-canta-pastora-soler-y-celebrando-con-vosotros-el-dia-internacional-de-la-felicidad-el-proximo-20-de-marzo\\\/\"]}]},{\"@type\":\"ImageObject\",\"inLanguage\":\"en-US\",\"@id\":\"https:\\\/\\\/www.infarma.es\\\/en\\\/desde-la-farmacia-a-la-gran-pantalla-pasando-por-infarma-al-fondo-a-la-izquierda-como-canta-pastora-soler-y-celebrando-con-vosotros-el-dia-internacional-de-la-felicidad-el-proximo-20-de-marzo\\\/#primaryimage\",\"url\":\"https:\\\/\\\/www.infarma.es\\\/wp-content\\\/uploads\\\/2024\\\/07\\\/inf24-Embryolisse-blog.webp\",\"contentUrl\":\"https:\\\/\\\/www.infarma.es\\\/wp-content\\\/uploads\\\/2024\\\/07\\\/inf24-Embryolisse-blog.webp\",\"width\":1600,\"height\":900},{\"@type\":\"BreadcrumbList\",\"@id\":\"https:\\\/\\\/www.infarma.es\\\/en\\\/desde-la-farmacia-a-la-gran-pantalla-pasando-por-infarma-al-fondo-a-la-izquierda-como-canta-pastora-soler-y-celebrando-con-vosotros-el-dia-internacional-de-la-felicidad-el-proximo-20-de-marzo\\\/#breadcrumb\",\"itemListElement\":[{\"@type\":\"ListItem\",\"position\":1,\"name\":\"Portada\",\"item\":\"https:\\\/\\\/www.infarma.es\\\/en\\\/\"},{\"@type\":\"ListItem\",\"position\":2,\"name\":\"Desde la farmacia a la gran pantalla, pasando por Infarma al fondo a la izquierda como canta Pastora Soler y celebrando con vosotros el D\u00eda Internacional de la Felicidad el pr\u00f3ximo 20 de Marzo.\"}]},{\"@type\":\"WebSite\",\"@id\":\"https:\\\/\\\/www.infarma.es\\\/en\\\/#website\",\"url\":\"https:\\\/\\\/www.infarma.es\\\/en\\\/\",\"name\":\"Infarma\",\"description\":\"El mayor encuentro de farmacia\",\"publisher\":{\"@id\":\"https:\\\/\\\/www.infarma.es\\\/en\\\/#organization\"},\"potentialAction\":[{\"@type\":\"SearchAction\",\"target\":{\"@type\":\"EntryPoint\",\"urlTemplate\":\"https:\\\/\\\/www.infarma.es\\\/en\\\/?s={search_term_string}\"},\"query-input\":{\"@type\":\"PropertyValueSpecification\",\"valueRequired\":true,\"valueName\":\"search_term_string\"}}],\"inLanguage\":\"en-US\"},{\"@type\":\"Organization\",\"@id\":\"https:\\\/\\\/www.infarma.es\\\/en\\\/#organization\",\"name\":\"Infarma\",\"url\":\"https:\\\/\\\/www.infarma.es\\\/en\\\/\",\"logo\":{\"@type\":\"ImageObject\",\"inLanguage\":\"en-US\",\"@id\":\"https:\\\/\\\/www.infarma.es\\\/en\\\/#\\\/schema\\\/logo\\\/image\\\/\",\"url\":\"https:\\\/\\\/www.infarma.es\\\/wp-content\\\/uploads\\\/2024\\\/10\\\/logo-simple.svg\",\"contentUrl\":\"https:\\\/\\\/www.infarma.es\\\/wp-content\\\/uploads\\\/2024\\\/10\\\/logo-simple.svg\",\"width\":1,\"height\":1,\"caption\":\"Infarma\"},\"image\":{\"@id\":\"https:\\\/\\\/www.infarma.es\\\/en\\\/#\\\/schema\\\/logo\\\/image\\\/\"},\"sameAs\":[\"https:\\\/\\\/www.facebook.com\\\/infarmaoficial\\\/\",\"https:\\\/\\\/x.com\\\/infarma_es\",\"https:\\\/\\\/www.instagram.com\\\/infarma_oficial\\\/\",\"https:\\\/\\\/www.linkedin.com\\\/showcase\\\/infarma-salon\\\/\",\"https:\\\/\\\/www.youtube.com\\\/@INFARMAOFICIAL\"]},{\"@type\":\"Person\",\"@id\":\"https:\\\/\\\/www.infarma.es\\\/en\\\/#\\\/schema\\\/person\\\/e53486dc47606cc5c89217026a8a01a7\",\"name\":\"xavier\",\"image\":{\"@type\":\"ImageObject\",\"inLanguage\":\"en-US\",\"@id\":\"https:\\\/\\\/secure.gravatar.com\\\/avatar\\\/9014b89254123c1f240ae636cc793b98ce50ec2df162909756be1d23adc503e4?s=96&d=mm&r=g\",\"url\":\"https:\\\/\\\/secure.gravatar.com\\\/avatar\\\/9014b89254123c1f240ae636cc793b98ce50ec2df162909756be1d23adc503e4?s=96&d=mm&r=g\",\"contentUrl\":\"https:\\\/\\\/secure.gravatar.com\\\/avatar\\\/9014b89254123c1f240ae636cc793b98ce50ec2df162909756be1d23adc503e4?s=96&d=mm&r=g\",\"caption\":\"xavier\"},\"url\":\"https:\\\/\\\/www.infarma.es\\\/en\\\/author\\\/xavier\\\/\"}]}<\/script>\n<!-- \/ Yoast SEO plugin. -->","yoast_head_json":{"title":"Desde la farmacia a la gran pantalla, pasando por Infarma al fondo a la izquierda como canta Pastora Soler y celebrando con vosotros el D\u00eda Internacional de la Felicidad el pr\u00f3ximo 20 de Marzo.","description":"Embryolisse es una marca de dermocosm\u00e9tica, con un \u00edndice de naturalidad m\u00ednimo del 95% en toda su gama.","robots":{"index":"index","follow":"follow","max-snippet":"max-snippet:-1","max-image-preview":"max-image-preview:large","max-video-preview":"max-video-preview:-1"},"canonical":"https:\/\/www.infarma.es\/en\/desde-la-farmacia-a-la-gran-pantalla-pasando-por-infarma-al-fondo-a-la-izquierda-como-canta-pastora-soler-y-celebrando-con-vosotros-el-dia-internacional-de-la-felicidad-el-proximo-20-de-marzo\/","og_locale":"en_US","og_type":"article","og_title":"Desde la farmacia a la gran pantalla, pasando por Infarma al fondo a la izquierda como canta Pastora Soler y celebrando con vosotros el D\u00eda Internacional de la Felicidad el pr\u00f3ximo 20 de Marzo.","og_description":"Embryolisse es una marca de dermocosm\u00e9tica, con un \u00edndice de naturalidad m\u00ednimo del 95% en toda su gama.","og_url":"https:\/\/www.infarma.es\/en\/desde-la-farmacia-a-la-gran-pantalla-pasando-por-infarma-al-fondo-a-la-izquierda-como-canta-pastora-soler-y-celebrando-con-vosotros-el-dia-internacional-de-la-felicidad-el-proximo-20-de-marzo\/","og_site_name":"Infarma","article_publisher":"https:\/\/www.facebook.com\/infarmaoficial\/","article_published_time":"2024-03-05T10:00:53+00:00","article_modified_time":"2024-07-23T09:36:33+00:00","og_image":[{"width":1600,"height":900,"url":"https:\/\/www.infarma.es\/wp-content\/uploads\/2024\/07\/inf24-Embryolisse-blog.webp","type":"image\/webp"}],"author":"xavier","twitter_card":"summary_large_image","twitter_creator":"@infarma_es","twitter_site":"@infarma_es","twitter_misc":{"Written by":"xavier","Est. reading time":"3 minutes"},"schema":{"@context":"https:\/\/schema.org","@graph":[{"@type":"Article","@id":"https:\/\/www.infarma.es\/en\/desde-la-farmacia-a-la-gran-pantalla-pasando-por-infarma-al-fondo-a-la-izquierda-como-canta-pastora-soler-y-celebrando-con-vosotros-el-dia-internacional-de-la-felicidad-el-proximo-20-de-marzo\/#article","isPartOf":{"@id":"https:\/\/www.infarma.es\/en\/desde-la-farmacia-a-la-gran-pantalla-pasando-por-infarma-al-fondo-a-la-izquierda-como-canta-pastora-soler-y-celebrando-con-vosotros-el-dia-internacional-de-la-felicidad-el-proximo-20-de-marzo\/"},"author":{"name":"xavier","@id":"https:\/\/www.infarma.es\/en\/#\/schema\/person\/e53486dc47606cc5c89217026a8a01a7"},"headline":"Desde la farmacia a la gran pantalla, pasando por Infarma al fondo a la izquierda como canta Pastora Soler y celebrando con vosotros el D\u00eda Internacional de la Felicidad el pr\u00f3ximo 20 de Marzo.","datePublished":"2024-03-05T10:00:53+00:00","dateModified":"2024-07-23T09:36:33+00:00","mainEntityOfPage":{"@id":"https:\/\/www.infarma.es\/en\/desde-la-farmacia-a-la-gran-pantalla-pasando-por-infarma-al-fondo-a-la-izquierda-como-canta-pastora-soler-y-celebrando-con-vosotros-el-dia-internacional-de-la-felicidad-el-proximo-20-de-marzo\/"},"wordCount":514,"publisher":{"@id":"https:\/\/www.infarma.es\/en\/#organization"},"image":{"@id":"https:\/\/www.infarma.es\/en\/desde-la-farmacia-a-la-gran-pantalla-pasando-por-infarma-al-fondo-a-la-izquierda-como-canta-pastora-soler-y-celebrando-con-vosotros-el-dia-internacional-de-la-felicidad-el-proximo-20-de-marzo\/#primaryimage"},"thumbnailUrl":"https:\/\/www.infarma.es\/wp-content\/uploads\/2024\/07\/inf24-Embryolisse-blog.webp","articleSection":["Noticias del Sal\u00f3n"],"inLanguage":"en-US"},{"@type":"WebPage","@id":"https:\/\/www.infarma.es\/en\/desde-la-farmacia-a-la-gran-pantalla-pasando-por-infarma-al-fondo-a-la-izquierda-como-canta-pastora-soler-y-celebrando-con-vosotros-el-dia-internacional-de-la-felicidad-el-proximo-20-de-marzo\/","url":"https:\/\/www.infarma.es\/en\/desde-la-farmacia-a-la-gran-pantalla-pasando-por-infarma-al-fondo-a-la-izquierda-como-canta-pastora-soler-y-celebrando-con-vosotros-el-dia-internacional-de-la-felicidad-el-proximo-20-de-marzo\/","name":"Desde la farmacia a la gran pantalla, pasando por Infarma al fondo a la izquierda como canta Pastora Soler y celebrando con vosotros el D\u00eda Internacional de la Felicidad el pr\u00f3ximo 20 de Marzo.","isPartOf":{"@id":"https:\/\/www.infarma.es\/en\/#website"},"primaryImageOfPage":{"@id":"https:\/\/www.infarma.es\/en\/desde-la-farmacia-a-la-gran-pantalla-pasando-por-infarma-al-fondo-a-la-izquierda-como-canta-pastora-soler-y-celebrando-con-vosotros-el-dia-internacional-de-la-felicidad-el-proximo-20-de-marzo\/#primaryimage"},"image":{"@id":"https:\/\/www.infarma.es\/en\/desde-la-farmacia-a-la-gran-pantalla-pasando-por-infarma-al-fondo-a-la-izquierda-como-canta-pastora-soler-y-celebrando-con-vosotros-el-dia-internacional-de-la-felicidad-el-proximo-20-de-marzo\/#primaryimage"},"thumbnailUrl":"https:\/\/www.infarma.es\/wp-content\/uploads\/2024\/07\/inf24-Embryolisse-blog.webp","datePublished":"2024-03-05T10:00:53+00:00","dateModified":"2024-07-23T09:36:33+00:00","description":"Embryolisse es una marca de dermocosm\u00e9tica, con un \u00edndice de naturalidad m\u00ednimo del 95% en toda su gama.","breadcrumb":{"@id":"https:\/\/www.infarma.es\/en\/desde-la-farmacia-a-la-gran-pantalla-pasando-por-infarma-al-fondo-a-la-izquierda-como-canta-pastora-soler-y-celebrando-con-vosotros-el-dia-internacional-de-la-felicidad-el-proximo-20-de-marzo\/#breadcrumb"},"inLanguage":"en-US","potentialAction":[{"@type":"ReadAction","target":["https:\/\/www.infarma.es\/en\/desde-la-farmacia-a-la-gran-pantalla-pasando-por-infarma-al-fondo-a-la-izquierda-como-canta-pastora-soler-y-celebrando-con-vosotros-el-dia-internacional-de-la-felicidad-el-proximo-20-de-marzo\/"]}]},{"@type":"ImageObject","inLanguage":"en-US","@id":"https:\/\/www.infarma.es\/en\/desde-la-farmacia-a-la-gran-pantalla-pasando-por-infarma-al-fondo-a-la-izquierda-como-canta-pastora-soler-y-celebrando-con-vosotros-el-dia-internacional-de-la-felicidad-el-proximo-20-de-marzo\/#primaryimage","url":"https:\/\/www.infarma.es\/wp-content\/uploads\/2024\/07\/inf24-Embryolisse-blog.webp","contentUrl":"https:\/\/www.infarma.es\/wp-content\/uploads\/2024\/07\/inf24-Embryolisse-blog.webp","width":1600,"height":900},{"@type":"BreadcrumbList","@id":"https:\/\/www.infarma.es\/en\/desde-la-farmacia-a-la-gran-pantalla-pasando-por-infarma-al-fondo-a-la-izquierda-como-canta-pastora-soler-y-celebrando-con-vosotros-el-dia-internacional-de-la-felicidad-el-proximo-20-de-marzo\/#breadcrumb","itemListElement":[{"@type":"ListItem","position":1,"name":"Portada","item":"https:\/\/www.infarma.es\/en\/"},{"@type":"ListItem","position":2,"name":"Desde la farmacia a la gran pantalla, pasando por Infarma al fondo a la izquierda como canta Pastora Soler y celebrando con vosotros el D\u00eda Internacional de la Felicidad el pr\u00f3ximo 20 de Marzo."}]},{"@type":"WebSite","@id":"https:\/\/www.infarma.es\/en\/#website","url":"https:\/\/www.infarma.es\/en\/","name":"Infarma","description":"El mayor encuentro de farmacia","publisher":{"@id":"https:\/\/www.infarma.es\/en\/#organization"},"potentialAction":[{"@type":"SearchAction","target":{"@type":"EntryPoint","urlTemplate":"https:\/\/www.infarma.es\/en\/?s={search_term_string}"},"query-input":{"@type":"PropertyValueSpecification","valueRequired":true,"valueName":"search_term_string"}}],"inLanguage":"en-US"},{"@type":"Organization","@id":"https:\/\/www.infarma.es\/en\/#organization","name":"Infarma","url":"https:\/\/www.infarma.es\/en\/","logo":{"@type":"ImageObject","inLanguage":"en-US","@id":"https:\/\/www.infarma.es\/en\/#\/schema\/logo\/image\/","url":"https:\/\/www.infarma.es\/wp-content\/uploads\/2024\/10\/logo-simple.svg","contentUrl":"https:\/\/www.infarma.es\/wp-content\/uploads\/2024\/10\/logo-simple.svg","width":1,"height":1,"caption":"Infarma"},"image":{"@id":"https:\/\/www.infarma.es\/en\/#\/schema\/logo\/image\/"},"sameAs":["https:\/\/www.facebook.com\/infarmaoficial\/","https:\/\/x.com\/infarma_es","https:\/\/www.instagram.com\/infarma_oficial\/","https:\/\/www.linkedin.com\/showcase\/infarma-salon\/","https:\/\/www.youtube.com\/@INFARMAOFICIAL"]},{"@type":"Person","@id":"https:\/\/www.infarma.es\/en\/#\/schema\/person\/e53486dc47606cc5c89217026a8a01a7","name":"xavier","image":{"@type":"ImageObject","inLanguage":"en-US","@id":"https:\/\/secure.gravatar.com\/avatar\/9014b89254123c1f240ae636cc793b98ce50ec2df162909756be1d23adc503e4?s=96&d=mm&r=g","url":"https:\/\/secure.gravatar.com\/avatar\/9014b89254123c1f240ae636cc793b98ce50ec2df162909756be1d23adc503e4?s=96&d=mm&r=g","contentUrl":"https:\/\/secure.gravatar.com\/avatar\/9014b89254123c1f240ae636cc793b98ce50ec2df162909756be1d23adc503e4?s=96&d=mm&r=g","caption":"xavier"},"url":"https:\/\/www.infarma.es\/en\/author\/xavier\/"}]}},"_links":{"self":[{"href":"https:\/\/www.infarma.es\/en\/wp-json\/wp\/v2\/posts\/11819","targetHints":{"allow":["GET"]}}],"collection":[{"href":"https:\/\/www.infarma.es\/en\/wp-json\/wp\/v2\/posts"}],"about":[{"href":"https:\/\/www.infarma.es\/en\/wp-json\/wp\/v2\/types\/post"}],"author":[{"embeddable":true,"href":"https:\/\/www.infarma.es\/en\/wp-json\/wp\/v2\/users\/2"}],"replies":[{"embeddable":true,"href":"https:\/\/www.infarma.es\/en\/wp-json\/wp\/v2\/comments?post=11819"}],"version-history":[{"count":2,"href":"https:\/\/www.infarma.es\/en\/wp-json\/wp\/v2\/posts\/11819\/revisions"}],"predecessor-version":[{"id":13420,"href":"https:\/\/www.infarma.es\/en\/wp-json\/wp\/v2\/posts\/11819\/revisions\/13420"}],"wp:featuredmedia":[{"embeddable":true,"href":"https:\/\/www.infarma.es\/en\/wp-json\/wp\/v2\/media\/13412"}],"wp:attachment":[{"href":"https:\/\/www.infarma.es\/en\/wp-json\/wp\/v2\/media?parent=11819"}],"wp:term":[{"taxonomy":"category","embeddable":true,"href":"https:\/\/www.infarma.es\/en\/wp-json\/wp\/v2\/categories?post=11819"},{"taxonomy":"post_tag","embeddable":true,"href":"https:\/\/www.infarma.es\/en\/wp-json\/wp\/v2\/tags?post=11819"}],"curies":[{"name":"wp","href":"https:\/\/api.w.org\/{rel}","templated":true}]}}