{"id":12120,"date":"2024-03-16T19:34:04","date_gmt":"2024-03-16T18:34:04","guid":{"rendered":"https:\/\/www.infarma.es\/?p=12120"},"modified":"2024-07-23T10:48:32","modified_gmt":"2024-07-23T08:48:32","slug":"adefarma-apuesta-por-desarrollar-todo-el-potencial-dormido-de-las-oficinas-de-farmacia-de-la-comunidad-de-madrid","status":"publish","type":"post","link":"https:\/\/www.infarma.es\/en\/adefarma-apuesta-por-desarrollar-todo-el-potencial-dormido-de-las-oficinas-de-farmacia-de-la-comunidad-de-madrid\/","title":{"rendered":"adefarma apuesta por desarrollar todo el potencial dormido de las oficinas de farmacia de la Comunidad de Madrid"},"content":{"rendered":"\n<h3 class=\"wp-block-heading has-text-align-center\"><strong>Y este a\u00f1o m\u00e1s que nunca con el desarrollo de un plan de innovaci\u00f3n en 360 grados<\/strong><\/h3>\n\n\n\n<p>Desde finales de 1978 adefarma viene trabajando para apoyar a los titulares en sus compromisos en el \u00e1mbito empresarial y con motivo del inicio de su 45 aniversario, hemos puesto en marcha el proyecto m\u00e1s ambicioso y potente de apoyo al relanzamiento y optimizaci\u00f3n de la farmacia nunca visto.<\/p>\n\n\n\n<p>El desarrollo est\u00e1 encaminado a poner en valor todos los activos dormidos de cada oficina de farmacia y al mismo tiempo sacarle mucho m\u00e1s partido a los que habitualmente&nbsp;utiliza, sea cual sea su ubicaci\u00f3n , sea cual sea su entorno socioecon\u00f3mico y sea cual sea su tama\u00f1o.<\/p>\n\n\n\n<p>El proyecto ofrece apoyo directo, permanente y consultivo en 360 grados a la farmacia y no requiere inversi\u00f3n alguna, no implica asumir stock, se articula desde el minuto uno y se trabaja tan solo con lo que ya se tiene en ella.<\/p>\n\n\n\n<p>El modelo se desarrolla para poner el foco en cuatro puntos:<\/p>\n\n\n\n<ul style=\"list-style-type: square; margin-left: 30px;\">\n<li>20% de crecimiento en la mayor parte de las categor\u00edas.<\/li>\n<li>17% m\u00e1s de captaci\u00f3n de nuevos pacientes\/clientes<\/li>\n<li>25% de optimizaci\u00f3n econ\u00f3mica de la farmacia<\/li>\n<li>4% m\u00e1s de puntos en el % del beneficio<\/li>\n<\/ul>\n\n\n\n<div style=\"height:30px\" aria-hidden=\"true\" class=\"wp-block-spacer\"><\/div>\n\n\n\n<p>En este 2024 estamos trabajando tanto en la defensa de los intereses de las farmacias ante las administraciones como en la recuperaci\u00f3n activa del protagonismo y el valor de las oficinas de farmacia en su s \u00e1mbitos de cobertura recuperando el ser de nuevo el eje de referencia del bienestar y la salud de la poblaci\u00f3n en todas sus facetas desde un \u00e1mbito de proximidad geogr\u00e1fica y cercan\u00eda humana.<\/p>\n\n\n\n<p>Como patronal de las farmacias de la Comunidad de Madrid nos preocupa tanto la defensa de los derechos y reglamentaciones que nos puedan afectar, como el desarrollo de las potencialidades de todas y cada una de las oficinas de farmacia que han visto c\u00f3mo ha cambiado el modelo de sociedad en los \u00faltimos a\u00f1os para posicionarnos en el centro de la vida diaria y del bienestar de la sociedad y no solo en el \u00e1mbito de las dolencias.<\/p>\n\n\n\n<p class=\"has-text-align-center\"><strong>45 a\u00f1os defendiendo los intereses de l@s titulares ante administraciones y agentes sociales en su actividad de cobertura y atenci\u00f3n cercana en el \u00e1mbito de la salud y el bienestar de proximidad.<\/strong><\/p>\n","protected":false},"excerpt":{"rendered":"<p>Y este a\u00f1o m\u00e1s que nunca con el desarrollo de un plan de innovaci\u00f3n en 360 grados Desde finales de 1978 adefarma viene trabajando para apoyar a los titulares en sus compromisos en el \u00e1mbito empresarial y con motivo del inicio de su 45 aniversario, hemos puesto en marcha el proyecto m\u00e1s ambicioso y potente [&hellip;]<\/p>\n","protected":false},"author":2,"featured_media":13310,"comment_status":"closed","ping_status":"closed","sticky":false,"template":"","format":"standard","meta":{"footnotes":""},"categories":[141],"tags":[],"class_list":["post-12120","post","type-post","status-publish","format-standard","has-post-thumbnail","hentry","category-noticias-del-salon"],"yoast_head":"<!-- This site is optimized with the Yoast SEO plugin v27.4 - https:\/\/yoast.com\/product\/yoast-seo-wordpress\/ -->\n<title>adefarma apuesta por desarrollar todo el potencial dormido de las oficinas de farmacia de la Comunidad de Madrid<\/title>\n<meta name=\"description\" content=\"El proyecto ofrece apoyo directo, permanente y consultivo en 360 grados a la farmacia y no requiere inversi\u00f3n alguna, no implica asumir stock.\" \/>\n<meta name=\"robots\" content=\"index, follow, max-snippet:-1, max-image-preview:large, max-video-preview:-1\" \/>\n<link rel=\"canonical\" href=\"https:\/\/www.infarma.es\/en\/adefarma-apuesta-por-desarrollar-todo-el-potencial-dormido-de-las-oficinas-de-farmacia-de-la-comunidad-de-madrid\/\" \/>\n<meta property=\"og:locale\" content=\"en_US\" \/>\n<meta property=\"og:type\" content=\"article\" \/>\n<meta property=\"og:title\" content=\"adefarma apuesta por desarrollar todo el potencial dormido de las oficinas de farmacia de la Comunidad de Madrid\" \/>\n<meta property=\"og:description\" content=\"El proyecto ofrece apoyo directo, permanente y consultivo en 360 grados a la farmacia y no requiere inversi\u00f3n alguna, no implica asumir stock.\" \/>\n<meta property=\"og:url\" content=\"https:\/\/www.infarma.es\/en\/adefarma-apuesta-por-desarrollar-todo-el-potencial-dormido-de-las-oficinas-de-farmacia-de-la-comunidad-de-madrid\/\" \/>\n<meta property=\"og:site_name\" content=\"Infarma\" \/>\n<meta property=\"article:publisher\" content=\"https:\/\/www.facebook.com\/infarmaoficial\/\" \/>\n<meta property=\"article:published_time\" content=\"2024-03-16T18:34:04+00:00\" \/>\n<meta property=\"article:modified_time\" content=\"2024-07-23T08:48:32+00:00\" \/>\n<meta property=\"og:image\" content=\"https:\/\/www.infarma.es\/wp-content\/uploads\/2024\/07\/inf24-adefarma-blog.webp\" \/>\n\t<meta property=\"og:image:width\" content=\"1600\" \/>\n\t<meta property=\"og:image:height\" content=\"900\" \/>\n\t<meta property=\"og:image:type\" content=\"image\/webp\" \/>\n<meta name=\"author\" content=\"xavier\" \/>\n<meta name=\"twitter:card\" content=\"summary_large_image\" \/>\n<meta name=\"twitter:creator\" content=\"@infarma_es\" \/>\n<meta name=\"twitter:site\" content=\"@infarma_es\" \/>\n<meta name=\"twitter:label1\" content=\"Written by\" \/>\n\t<meta name=\"twitter:data1\" content=\"xavier\" \/>\n\t<meta name=\"twitter:label2\" content=\"Est. reading time\" \/>\n\t<meta name=\"twitter:data2\" content=\"2 minutes\" \/>\n<script type=\"application\/ld+json\" class=\"yoast-schema-graph\">{\"@context\":\"https:\\\/\\\/schema.org\",\"@graph\":[{\"@type\":\"Article\",\"@id\":\"https:\\\/\\\/www.infarma.es\\\/en\\\/adefarma-apuesta-por-desarrollar-todo-el-potencial-dormido-de-las-oficinas-de-farmacia-de-la-comunidad-de-madrid\\\/#article\",\"isPartOf\":{\"@id\":\"https:\\\/\\\/www.infarma.es\\\/en\\\/adefarma-apuesta-por-desarrollar-todo-el-potencial-dormido-de-las-oficinas-de-farmacia-de-la-comunidad-de-madrid\\\/\"},\"author\":{\"name\":\"xavier\",\"@id\":\"https:\\\/\\\/www.infarma.es\\\/en\\\/#\\\/schema\\\/person\\\/e53486dc47606cc5c89217026a8a01a7\"},\"headline\":\"adefarma apuesta por desarrollar todo el potencial dormido de las oficinas de farmacia de la Comunidad de Madrid\",\"datePublished\":\"2024-03-16T18:34:04+00:00\",\"dateModified\":\"2024-07-23T08:48:32+00:00\",\"mainEntityOfPage\":{\"@id\":\"https:\\\/\\\/www.infarma.es\\\/en\\\/adefarma-apuesta-por-desarrollar-todo-el-potencial-dormido-de-las-oficinas-de-farmacia-de-la-comunidad-de-madrid\\\/\"},\"wordCount\":412,\"publisher\":{\"@id\":\"https:\\\/\\\/www.infarma.es\\\/en\\\/#organization\"},\"image\":{\"@id\":\"https:\\\/\\\/www.infarma.es\\\/en\\\/adefarma-apuesta-por-desarrollar-todo-el-potencial-dormido-de-las-oficinas-de-farmacia-de-la-comunidad-de-madrid\\\/#primaryimage\"},\"thumbnailUrl\":\"https:\\\/\\\/www.infarma.es\\\/wp-content\\\/uploads\\\/2024\\\/07\\\/inf24-adefarma-blog.webp\",\"articleSection\":[\"Noticias del Sal\u00f3n\"],\"inLanguage\":\"en-US\"},{\"@type\":\"WebPage\",\"@id\":\"https:\\\/\\\/www.infarma.es\\\/en\\\/adefarma-apuesta-por-desarrollar-todo-el-potencial-dormido-de-las-oficinas-de-farmacia-de-la-comunidad-de-madrid\\\/\",\"url\":\"https:\\\/\\\/www.infarma.es\\\/en\\\/adefarma-apuesta-por-desarrollar-todo-el-potencial-dormido-de-las-oficinas-de-farmacia-de-la-comunidad-de-madrid\\\/\",\"name\":\"adefarma apuesta por desarrollar todo el potencial dormido de las oficinas de farmacia de la Comunidad de Madrid\",\"isPartOf\":{\"@id\":\"https:\\\/\\\/www.infarma.es\\\/en\\\/#website\"},\"primaryImageOfPage\":{\"@id\":\"https:\\\/\\\/www.infarma.es\\\/en\\\/adefarma-apuesta-por-desarrollar-todo-el-potencial-dormido-de-las-oficinas-de-farmacia-de-la-comunidad-de-madrid\\\/#primaryimage\"},\"image\":{\"@id\":\"https:\\\/\\\/www.infarma.es\\\/en\\\/adefarma-apuesta-por-desarrollar-todo-el-potencial-dormido-de-las-oficinas-de-farmacia-de-la-comunidad-de-madrid\\\/#primaryimage\"},\"thumbnailUrl\":\"https:\\\/\\\/www.infarma.es\\\/wp-content\\\/uploads\\\/2024\\\/07\\\/inf24-adefarma-blog.webp\",\"datePublished\":\"2024-03-16T18:34:04+00:00\",\"dateModified\":\"2024-07-23T08:48:32+00:00\",\"description\":\"El proyecto ofrece apoyo directo, permanente y consultivo en 360 grados a la farmacia y no requiere inversi\u00f3n alguna, no implica asumir stock.\",\"breadcrumb\":{\"@id\":\"https:\\\/\\\/www.infarma.es\\\/en\\\/adefarma-apuesta-por-desarrollar-todo-el-potencial-dormido-de-las-oficinas-de-farmacia-de-la-comunidad-de-madrid\\\/#breadcrumb\"},\"inLanguage\":\"en-US\",\"potentialAction\":[{\"@type\":\"ReadAction\",\"target\":[\"https:\\\/\\\/www.infarma.es\\\/en\\\/adefarma-apuesta-por-desarrollar-todo-el-potencial-dormido-de-las-oficinas-de-farmacia-de-la-comunidad-de-madrid\\\/\"]}]},{\"@type\":\"ImageObject\",\"inLanguage\":\"en-US\",\"@id\":\"https:\\\/\\\/www.infarma.es\\\/en\\\/adefarma-apuesta-por-desarrollar-todo-el-potencial-dormido-de-las-oficinas-de-farmacia-de-la-comunidad-de-madrid\\\/#primaryimage\",\"url\":\"https:\\\/\\\/www.infarma.es\\\/wp-content\\\/uploads\\\/2024\\\/07\\\/inf24-adefarma-blog.webp\",\"contentUrl\":\"https:\\\/\\\/www.infarma.es\\\/wp-content\\\/uploads\\\/2024\\\/07\\\/inf24-adefarma-blog.webp\",\"width\":1600,\"height\":900},{\"@type\":\"BreadcrumbList\",\"@id\":\"https:\\\/\\\/www.infarma.es\\\/en\\\/adefarma-apuesta-por-desarrollar-todo-el-potencial-dormido-de-las-oficinas-de-farmacia-de-la-comunidad-de-madrid\\\/#breadcrumb\",\"itemListElement\":[{\"@type\":\"ListItem\",\"position\":1,\"name\":\"Portada\",\"item\":\"https:\\\/\\\/www.infarma.es\\\/en\\\/\"},{\"@type\":\"ListItem\",\"position\":2,\"name\":\"adefarma apuesta por desarrollar todo el potencial dormido de las oficinas de farmacia de la Comunidad de Madrid\"}]},{\"@type\":\"WebSite\",\"@id\":\"https:\\\/\\\/www.infarma.es\\\/en\\\/#website\",\"url\":\"https:\\\/\\\/www.infarma.es\\\/en\\\/\",\"name\":\"Infarma\",\"description\":\"El mayor encuentro de farmacia\",\"publisher\":{\"@id\":\"https:\\\/\\\/www.infarma.es\\\/en\\\/#organization\"},\"potentialAction\":[{\"@type\":\"SearchAction\",\"target\":{\"@type\":\"EntryPoint\",\"urlTemplate\":\"https:\\\/\\\/www.infarma.es\\\/en\\\/?s={search_term_string}\"},\"query-input\":{\"@type\":\"PropertyValueSpecification\",\"valueRequired\":true,\"valueName\":\"search_term_string\"}}],\"inLanguage\":\"en-US\"},{\"@type\":\"Organization\",\"@id\":\"https:\\\/\\\/www.infarma.es\\\/en\\\/#organization\",\"name\":\"Infarma\",\"url\":\"https:\\\/\\\/www.infarma.es\\\/en\\\/\",\"logo\":{\"@type\":\"ImageObject\",\"inLanguage\":\"en-US\",\"@id\":\"https:\\\/\\\/www.infarma.es\\\/en\\\/#\\\/schema\\\/logo\\\/image\\\/\",\"url\":\"https:\\\/\\\/www.infarma.es\\\/wp-content\\\/uploads\\\/2024\\\/10\\\/logo-simple.svg\",\"contentUrl\":\"https:\\\/\\\/www.infarma.es\\\/wp-content\\\/uploads\\\/2024\\\/10\\\/logo-simple.svg\",\"width\":1,\"height\":1,\"caption\":\"Infarma\"},\"image\":{\"@id\":\"https:\\\/\\\/www.infarma.es\\\/en\\\/#\\\/schema\\\/logo\\\/image\\\/\"},\"sameAs\":[\"https:\\\/\\\/www.facebook.com\\\/infarmaoficial\\\/\",\"https:\\\/\\\/x.com\\\/infarma_es\",\"https:\\\/\\\/www.instagram.com\\\/infarma_oficial\\\/\",\"https:\\\/\\\/www.linkedin.com\\\/showcase\\\/infarma-salon\\\/\",\"https:\\\/\\\/www.youtube.com\\\/@INFARMAOFICIAL\"]},{\"@type\":\"Person\",\"@id\":\"https:\\\/\\\/www.infarma.es\\\/en\\\/#\\\/schema\\\/person\\\/e53486dc47606cc5c89217026a8a01a7\",\"name\":\"xavier\",\"image\":{\"@type\":\"ImageObject\",\"inLanguage\":\"en-US\",\"@id\":\"https:\\\/\\\/secure.gravatar.com\\\/avatar\\\/9014b89254123c1f240ae636cc793b98ce50ec2df162909756be1d23adc503e4?s=96&d=mm&r=g\",\"url\":\"https:\\\/\\\/secure.gravatar.com\\\/avatar\\\/9014b89254123c1f240ae636cc793b98ce50ec2df162909756be1d23adc503e4?s=96&d=mm&r=g\",\"contentUrl\":\"https:\\\/\\\/secure.gravatar.com\\\/avatar\\\/9014b89254123c1f240ae636cc793b98ce50ec2df162909756be1d23adc503e4?s=96&d=mm&r=g\",\"caption\":\"xavier\"},\"url\":\"https:\\\/\\\/www.infarma.es\\\/en\\\/author\\\/xavier\\\/\"}]}<\/script>\n<!-- \/ Yoast SEO plugin. -->","yoast_head_json":{"title":"adefarma apuesta por desarrollar todo el potencial dormido de las oficinas de farmacia de la Comunidad de Madrid","description":"El proyecto ofrece apoyo directo, permanente y consultivo en 360 grados a la farmacia y no requiere inversi\u00f3n alguna, no implica asumir stock.","robots":{"index":"index","follow":"follow","max-snippet":"max-snippet:-1","max-image-preview":"max-image-preview:large","max-video-preview":"max-video-preview:-1"},"canonical":"https:\/\/www.infarma.es\/en\/adefarma-apuesta-por-desarrollar-todo-el-potencial-dormido-de-las-oficinas-de-farmacia-de-la-comunidad-de-madrid\/","og_locale":"en_US","og_type":"article","og_title":"adefarma apuesta por desarrollar todo el potencial dormido de las oficinas de farmacia de la Comunidad de Madrid","og_description":"El proyecto ofrece apoyo directo, permanente y consultivo en 360 grados a la farmacia y no requiere inversi\u00f3n alguna, no implica asumir stock.","og_url":"https:\/\/www.infarma.es\/en\/adefarma-apuesta-por-desarrollar-todo-el-potencial-dormido-de-las-oficinas-de-farmacia-de-la-comunidad-de-madrid\/","og_site_name":"Infarma","article_publisher":"https:\/\/www.facebook.com\/infarmaoficial\/","article_published_time":"2024-03-16T18:34:04+00:00","article_modified_time":"2024-07-23T08:48:32+00:00","og_image":[{"width":1600,"height":900,"url":"https:\/\/www.infarma.es\/wp-content\/uploads\/2024\/07\/inf24-adefarma-blog.webp","type":"image\/webp"}],"author":"xavier","twitter_card":"summary_large_image","twitter_creator":"@infarma_es","twitter_site":"@infarma_es","twitter_misc":{"Written by":"xavier","Est. reading time":"2 minutes"},"schema":{"@context":"https:\/\/schema.org","@graph":[{"@type":"Article","@id":"https:\/\/www.infarma.es\/en\/adefarma-apuesta-por-desarrollar-todo-el-potencial-dormido-de-las-oficinas-de-farmacia-de-la-comunidad-de-madrid\/#article","isPartOf":{"@id":"https:\/\/www.infarma.es\/en\/adefarma-apuesta-por-desarrollar-todo-el-potencial-dormido-de-las-oficinas-de-farmacia-de-la-comunidad-de-madrid\/"},"author":{"name":"xavier","@id":"https:\/\/www.infarma.es\/en\/#\/schema\/person\/e53486dc47606cc5c89217026a8a01a7"},"headline":"adefarma apuesta por desarrollar todo el potencial dormido de las oficinas de farmacia de la Comunidad de Madrid","datePublished":"2024-03-16T18:34:04+00:00","dateModified":"2024-07-23T08:48:32+00:00","mainEntityOfPage":{"@id":"https:\/\/www.infarma.es\/en\/adefarma-apuesta-por-desarrollar-todo-el-potencial-dormido-de-las-oficinas-de-farmacia-de-la-comunidad-de-madrid\/"},"wordCount":412,"publisher":{"@id":"https:\/\/www.infarma.es\/en\/#organization"},"image":{"@id":"https:\/\/www.infarma.es\/en\/adefarma-apuesta-por-desarrollar-todo-el-potencial-dormido-de-las-oficinas-de-farmacia-de-la-comunidad-de-madrid\/#primaryimage"},"thumbnailUrl":"https:\/\/www.infarma.es\/wp-content\/uploads\/2024\/07\/inf24-adefarma-blog.webp","articleSection":["Noticias del Sal\u00f3n"],"inLanguage":"en-US"},{"@type":"WebPage","@id":"https:\/\/www.infarma.es\/en\/adefarma-apuesta-por-desarrollar-todo-el-potencial-dormido-de-las-oficinas-de-farmacia-de-la-comunidad-de-madrid\/","url":"https:\/\/www.infarma.es\/en\/adefarma-apuesta-por-desarrollar-todo-el-potencial-dormido-de-las-oficinas-de-farmacia-de-la-comunidad-de-madrid\/","name":"adefarma apuesta por desarrollar todo el potencial dormido de las oficinas de farmacia de la Comunidad de Madrid","isPartOf":{"@id":"https:\/\/www.infarma.es\/en\/#website"},"primaryImageOfPage":{"@id":"https:\/\/www.infarma.es\/en\/adefarma-apuesta-por-desarrollar-todo-el-potencial-dormido-de-las-oficinas-de-farmacia-de-la-comunidad-de-madrid\/#primaryimage"},"image":{"@id":"https:\/\/www.infarma.es\/en\/adefarma-apuesta-por-desarrollar-todo-el-potencial-dormido-de-las-oficinas-de-farmacia-de-la-comunidad-de-madrid\/#primaryimage"},"thumbnailUrl":"https:\/\/www.infarma.es\/wp-content\/uploads\/2024\/07\/inf24-adefarma-blog.webp","datePublished":"2024-03-16T18:34:04+00:00","dateModified":"2024-07-23T08:48:32+00:00","description":"El proyecto ofrece apoyo directo, permanente y consultivo en 360 grados a la farmacia y no requiere inversi\u00f3n alguna, no implica asumir stock.","breadcrumb":{"@id":"https:\/\/www.infarma.es\/en\/adefarma-apuesta-por-desarrollar-todo-el-potencial-dormido-de-las-oficinas-de-farmacia-de-la-comunidad-de-madrid\/#breadcrumb"},"inLanguage":"en-US","potentialAction":[{"@type":"ReadAction","target":["https:\/\/www.infarma.es\/en\/adefarma-apuesta-por-desarrollar-todo-el-potencial-dormido-de-las-oficinas-de-farmacia-de-la-comunidad-de-madrid\/"]}]},{"@type":"ImageObject","inLanguage":"en-US","@id":"https:\/\/www.infarma.es\/en\/adefarma-apuesta-por-desarrollar-todo-el-potencial-dormido-de-las-oficinas-de-farmacia-de-la-comunidad-de-madrid\/#primaryimage","url":"https:\/\/www.infarma.es\/wp-content\/uploads\/2024\/07\/inf24-adefarma-blog.webp","contentUrl":"https:\/\/www.infarma.es\/wp-content\/uploads\/2024\/07\/inf24-adefarma-blog.webp","width":1600,"height":900},{"@type":"BreadcrumbList","@id":"https:\/\/www.infarma.es\/en\/adefarma-apuesta-por-desarrollar-todo-el-potencial-dormido-de-las-oficinas-de-farmacia-de-la-comunidad-de-madrid\/#breadcrumb","itemListElement":[{"@type":"ListItem","position":1,"name":"Portada","item":"https:\/\/www.infarma.es\/en\/"},{"@type":"ListItem","position":2,"name":"adefarma apuesta por desarrollar todo el potencial dormido de las oficinas de farmacia de la Comunidad de Madrid"}]},{"@type":"WebSite","@id":"https:\/\/www.infarma.es\/en\/#website","url":"https:\/\/www.infarma.es\/en\/","name":"Infarma","description":"El mayor encuentro de farmacia","publisher":{"@id":"https:\/\/www.infarma.es\/en\/#organization"},"potentialAction":[{"@type":"SearchAction","target":{"@type":"EntryPoint","urlTemplate":"https:\/\/www.infarma.es\/en\/?s={search_term_string}"},"query-input":{"@type":"PropertyValueSpecification","valueRequired":true,"valueName":"search_term_string"}}],"inLanguage":"en-US"},{"@type":"Organization","@id":"https:\/\/www.infarma.es\/en\/#organization","name":"Infarma","url":"https:\/\/www.infarma.es\/en\/","logo":{"@type":"ImageObject","inLanguage":"en-US","@id":"https:\/\/www.infarma.es\/en\/#\/schema\/logo\/image\/","url":"https:\/\/www.infarma.es\/wp-content\/uploads\/2024\/10\/logo-simple.svg","contentUrl":"https:\/\/www.infarma.es\/wp-content\/uploads\/2024\/10\/logo-simple.svg","width":1,"height":1,"caption":"Infarma"},"image":{"@id":"https:\/\/www.infarma.es\/en\/#\/schema\/logo\/image\/"},"sameAs":["https:\/\/www.facebook.com\/infarmaoficial\/","https:\/\/x.com\/infarma_es","https:\/\/www.instagram.com\/infarma_oficial\/","https:\/\/www.linkedin.com\/showcase\/infarma-salon\/","https:\/\/www.youtube.com\/@INFARMAOFICIAL"]},{"@type":"Person","@id":"https:\/\/www.infarma.es\/en\/#\/schema\/person\/e53486dc47606cc5c89217026a8a01a7","name":"xavier","image":{"@type":"ImageObject","inLanguage":"en-US","@id":"https:\/\/secure.gravatar.com\/avatar\/9014b89254123c1f240ae636cc793b98ce50ec2df162909756be1d23adc503e4?s=96&d=mm&r=g","url":"https:\/\/secure.gravatar.com\/avatar\/9014b89254123c1f240ae636cc793b98ce50ec2df162909756be1d23adc503e4?s=96&d=mm&r=g","contentUrl":"https:\/\/secure.gravatar.com\/avatar\/9014b89254123c1f240ae636cc793b98ce50ec2df162909756be1d23adc503e4?s=96&d=mm&r=g","caption":"xavier"},"url":"https:\/\/www.infarma.es\/en\/author\/xavier\/"}]}},"_links":{"self":[{"href":"https:\/\/www.infarma.es\/en\/wp-json\/wp\/v2\/posts\/12120","targetHints":{"allow":["GET"]}}],"collection":[{"href":"https:\/\/www.infarma.es\/en\/wp-json\/wp\/v2\/posts"}],"about":[{"href":"https:\/\/www.infarma.es\/en\/wp-json\/wp\/v2\/types\/post"}],"author":[{"embeddable":true,"href":"https:\/\/www.infarma.es\/en\/wp-json\/wp\/v2\/users\/2"}],"replies":[{"embeddable":true,"href":"https:\/\/www.infarma.es\/en\/wp-json\/wp\/v2\/comments?post=12120"}],"version-history":[{"count":2,"href":"https:\/\/www.infarma.es\/en\/wp-json\/wp\/v2\/posts\/12120\/revisions"}],"predecessor-version":[{"id":13354,"href":"https:\/\/www.infarma.es\/en\/wp-json\/wp\/v2\/posts\/12120\/revisions\/13354"}],"wp:featuredmedia":[{"embeddable":true,"href":"https:\/\/www.infarma.es\/en\/wp-json\/wp\/v2\/media\/13310"}],"wp:attachment":[{"href":"https:\/\/www.infarma.es\/en\/wp-json\/wp\/v2\/media?parent=12120"}],"wp:term":[{"taxonomy":"category","embeddable":true,"href":"https:\/\/www.infarma.es\/en\/wp-json\/wp\/v2\/categories?post=12120"},{"taxonomy":"post_tag","embeddable":true,"href":"https:\/\/www.infarma.es\/en\/wp-json\/wp\/v2\/tags?post=12120"}],"curies":[{"name":"wp","href":"https:\/\/api.w.org\/{rel}","templated":true}]}}