{"id":12124,"date":"2024-03-16T19:53:39","date_gmt":"2024-03-16T18:53:39","guid":{"rendered":"https:\/\/www.infarma.es\/?p=12124"},"modified":"2024-07-23T10:46:17","modified_gmt":"2024-07-23T08:46:17","slug":"nueva-convocatoria-del-premio-dermatologia-solidaria-de-ayudas-a-la-cooperacion-dermatologica-en-el-que-colabora-laboratorios-vinas","status":"publish","type":"post","link":"https:\/\/www.infarma.es\/en\/nueva-convocatoria-del-premio-dermatologia-solidaria-de-ayudas-a-la-cooperacion-dermatologica-en-el-que-colabora-laboratorios-vinas\/","title":{"rendered":"Nueva convocatoria del \u201cPremio Dermatolog\u00eda Solidaria\u201d de ayudas a la cooperaci\u00f3n dermatol\u00f3gica en el que colabora Laboratorios Vi\u00f1as"},"content":{"rendered":"\n<ul style=\"list-style-type: square; margin-left: 30px;\"><li>En 2014, la AEDV inici\u00f3 un proyecto llamado Dermatolog\u00eda solidaria a fin de obtener fondos y apoyar acciones concretas para mejorar la salud de la piel. M\u00e1s de 10 a\u00f1os despu\u00e9s, se ha consolidado esta iniciativa gracias a la participaci\u00f3n de entidades y organizaciones.<\/li><li>Un a\u00f1o m\u00e1s, Laboratorios Vi\u00f1as apoya esta actividad y participar\u00e1 entregando una ayuda al proyecto ganador siguiendo con su colaboraci\u00f3n de los \u00faltimos 9 a\u00f1os.<\/li><\/ul>\n\n\n\n<div style=\"height:30px\" aria-hidden=\"true\" class=\"wp-block-spacer\"><\/div>\n\n\n\n<p>La Fundaci\u00f3n Piel Sana de la AEDV (FPS) es una organizaci\u00f3n sin \u00e1nimo de lucro que nace en el a\u00f1o 2007 impulsada por la Academia Espa\u00f1ola de Dermatolog\u00eda y Venereolog\u00eda (AEDV), la sociedad m\u00e9dica a la que pertenecen la pr\u00e1ctica totalidad de dermat\u00f3logos de Espa\u00f1a. En la actualidad, la Fundaci\u00f3n Piel Sana cuenta con m\u00e1s de 2.800 miembros, entre dermat\u00f3logos y otros profesionales sanitarios.<\/p>\n\n\n\n<p>En 2014, la AEDV inici\u00f3 un proyecto llamado Dermatolog\u00eda Solidaria a fin de obtener fondos para apoyar acciones concretas destinados a mejorar la salud de la piel. Es una iniciativa que tiene como objetivo contribuir a la mejora de la salud, en especial en el \u00e1mbito dermatol\u00f3gico, de las personas en las zonas m\u00e1s desfavorecidas del planeta y donde los gobiernos no llegan. Cuidar de la salud de las personas es consustancial a ser m\u00e9dico.<\/p>\n\n\n\n<p>En los Estatutos de ambas organizaciones se recoge como una de sus finalidades financiar, mediante becas, premios o ayuda econ\u00f3mica, estudios e investigaciones relativos a la salud dermatol\u00f3gica y venereol\u00f3gica.<\/p>\n\n\n\n<p><em>\u201cLos dermat\u00f3logos espa\u00f1oles muestran un inter\u00e9s creciente por aportar su tiempo y sus conocimientos a proyectos destinados a la mejora de la salud dermatol\u00f3gica de aquellos colectivos que no tienen acceso a ella. La intenci\u00f3n de AEDV es apoyar a sus acad\u00e9micos en el desarrollo de estas iniciativas, de forma que puedan llevarse a cabo de forma respetuosa y sostenible\u201d<\/em> ha explicado la <strong>Dra. Cristina Galv\u00e1n, directora de la unidad de dermatolog\u00eda solidaria de la Fundaci\u00f3n Piel Sana de la AEDV y vicepresidenta de la Alianza Internacional para el control de la Sarna (IACS)<\/strong>.<\/p>\n\n\n\n<p>Asimismo, la Dra. Galv\u00e1n ha comentado que, <em>\u201ca trav\u00e9s de la Ayuda de la Fundaci\u00f3n Piel Sana de la AEDV y gracias al apoyo continuado de entidades como es el de Laboratorios Vi\u00f1as, suponen un gran impulso que ha hecho posible el desarrollo y crecimiento de muchos proyectos solidarios de enorme inter\u00e9s y calidad que han llevado, de una manera o de otra, la salud dermatol\u00f3gica a quien m\u00e1s la necesita\u201d<\/em>.<\/p>\n\n\n\n<div style=\"height:30px\" aria-hidden=\"true\" class=\"wp-block-spacer\"><\/div>\n\n\n\n<h3 class=\"wp-block-heading\">\u00bfQu\u00e9 es y c\u00f3mo participar?<\/h3>\n\n\n\n<p>As\u00ed, en cumplimiento de estos fines estatutarios, la <strong>FPS <\/strong>convoca <strong>cuatro ayudas<\/strong>, una de ellas patrocinada por Laboratorios Vi\u00f1as por una cuant\u00eda de 12.000 \u20ac, que corresponde al proyecto ganador, otra de 6.000 \u20ac concedida por la Fundaci\u00f3n Piel Sana de la AEDV y dos m\u00e1s financiadas con la recaudaci\u00f3n de la cena solidaria que tiene lugar en el <strong>51 Congreso Nacional de Dermatolog\u00eda y Venereolog\u00eda que se celebrar\u00e1 en Madrid del 22 al 25 de mayo pr\u00f3ximos<\/strong>.<\/p>\n\n\n\n<p>Las bases de este premio regulan la concesi\u00f3n de ayudas econ\u00f3micas para la financiaci\u00f3n de <strong>Proyectos de Desarrollo o de Intervenci\u00f3n Sanitaria<\/strong>, presentados por particulares, entidades privadas sin \u00e1nimo de lucro u Organizaciones No Gubernamentales (ONG), y dirigidos a satisfacer de forma directa las necesidades b\u00e1sicas de salud de las poblaciones en los pa\u00edses en v\u00edas de desarrollo, con especial orientaci\u00f3n a la atenci\u00f3n o prevenci\u00f3n de problemas dermatol\u00f3gicos.<\/p>\n\n\n\n<div style=\"height:30px\" aria-hidden=\"true\" class=\"wp-block-spacer\"><\/div>\n\n\n\n<h3 class=\"wp-block-heading\">Criterios de valoraci\u00f3n<\/h3>\n\n\n\n<p>Los criterios de admisi\u00f3n de este concurso en el que se valorar\u00e1n los siguientes criterios sobre un m\u00e1ximo posible de 17 puntos, se agrupan en dos conceptos:<\/p>\n\n\n\n<p>a ) PROYECTO<br>\u2022<strong> Hasta 2 puntos<\/strong> &#8211; elaboraci\u00f3n y calidad del proyecto incluyendo una identificaci\u00f3n de resultados esperados realistas, indicadores de evaluaci\u00f3n, calendario y desglose presupuestario.<br>\u2022 <strong>Hasta 2 puntos<\/strong> &#8211; identificaci\u00f3n de necesidades reales por las personas locales, que liderar\u00e1n su dise\u00f1o y ejecuci\u00f3n.<br>\u2022 <strong>2 puntos<\/strong> \u2013 valoraci\u00f3n del \u00e1rea y sectores de poblaciones m\u00e1s vulnerables y desfavorecidas.<br>\u2022 <strong>1 punto<\/strong> \u2013 proyectos que permitan constatar la conclusi\u00f3n del beneficio propuesto.<br>\u2022 <strong>1 punto <\/strong>&#8211; respaldo de instituciones locales del pa\u00eds o regi\u00f3n destinatarios.<br>\u2022 <strong>1 punto<\/strong> &#8211; integraci\u00f3n en otras estrategias de desarrollo local.<br>\u2022 <strong>1 punto<\/strong> \u2013 proyecto para pa\u00edses subdesarrollados o en v\u00edas de desarrollo.<\/p>\n\n\n\n<p>b ) INTER\u00c9S DERMATOL\u00d3GICO<br>\u2022 <strong>2 puntos<\/strong> &#8211; repercusi\u00f3n sanitaria del proyecto en la poblaci\u00f3n de referencia, con especial inter\u00e9s en el control y promoci\u00f3n de la salud de las enfermedades cut\u00e1neas.<br>\u2022 <strong>2 puntos<\/strong> &#8211; formaci\u00f3n dermatol\u00f3gica de personal local apto para mantener funciones sanitarias.<br>\u2022 <strong>1 punto<\/strong> &#8211; atenci\u00f3n a enfermedades con relevancia epidemiol\u00f3gica en la zona.<br>\u2022 <strong>1 punto<\/strong> &#8211; integraci\u00f3n en otras estrategias de control sanitario o salud p\u00fablica en la zona.<br>\u2022 <strong>1 punto<\/strong> &#8211; promoci\u00f3n e implicaci\u00f3n de acad\u00e9micos de la AEDV.<\/p>\n\n\n\n<p>No ser\u00e1n financiables acciones para promoci\u00f3n, publicidad o financiaci\u00f3n del funcionamiento propio de la entidad solicitante. Y se valorar\u00e1 de forma negativa todo proyecto cuya solicitud de financiaci\u00f3n destinada a viajes y alojamiento supere el 35% del total del importe solicitado. Tampoco se podr\u00e1n presentar los proyectos premiados en las \u00faltimas 2 ediciones, pero s\u00ed puede concursar la ONG, entidad privada o persona f\u00edsica premiada con un proyecto distinto.<\/p>\n\n\n\n<p><strong>La fecha l\u00edmite de entrega de solicitudes ser\u00e1 el 21 de marzo de 2024<\/strong> y la resoluci\u00f3n se realizar\u00e1 antes del 5 de mayo de 2024.<\/p>\n\n\n\n<p>Los solicitantes deber\u00e1n realizar la inscripci\u00f3n a la Ayuda a trav\u00e9s del <a href=\"https:\/\/comunicaciones.dataeventservices.net\/login\/2\" target=\"_blank\" rel=\"noreferrer noopener\">aplicativo web<\/a> disponible en la p\u00e1gina de la AEDV. Para cualquier duda sobre la Ayuda pueden escribir al correo electr\u00f3nico <a href=\"mailto:becas@aedv.es\" target=\"_blank\" rel=\"noreferrer noopener\">becas@aedv.es<\/a>.<\/p>\n\n\n\n<p><strong>Laboratorios Vi\u00f1as<\/strong> ha colaborado con la Fundaci\u00f3n Piel Sana, ininterrumpidamente durante los \u00faltimos 9 a\u00f1os. Su voluntad es seguir aportando su ayuda para desarrollar la cara m\u00e1s solidaria de la dermatolog\u00eda, una de las \u00e1reas de salud a las que el laboratorio ha dedicado m\u00e1s esfuerzos desde sus inicios.<\/p>\n\n\n\n<div style=\"height:30px\" aria-hidden=\"true\" class=\"wp-block-spacer\"><\/div>\n\n\n\n<h2 class=\"wp-block-heading\">Sobre Laboratorios Vi\u00f1as<\/h2>\n\n\n\n<p>Laboratorios Vi\u00f1as, empresa farmac\u00e9utica familiar fundada en Barcelona en 1911, investiga, desarrolla, produce y comercializa sus f\u00e1rmacos y productos farmac\u00e9uticos para un amplio espectro de \u00e1reas terap\u00e9uticas, entre las que destacan las del cuidado de la piel. Nuestra misi\u00f3n es mejorar la salud y la calidad de vida de las personas mediante la excelencia y la innovaci\u00f3n, para ganar la confianza de los m\u00e9dicos, farmac\u00e9uticos y de la poblaci\u00f3n en general.<\/p>\n\n\n\n<p>Fuentes:<br>Fundaci\u00f3n Piel Sana &#8211; <a href=\"https:\/\/aedv.fundacionpielsana.es\/\" target=\"_blank\" rel=\"noreferrer noopener\">https:\/\/aedv.fundacionpielsana.es\/<\/a><br>Laboratorios Vi\u00f1as \u2013 <a href=\"http:\/\/www.vinas.es\/\" target=\"_blank\" rel=\"noreferrer noopener\">www.vinas.es<\/a><\/p>\n","protected":false},"excerpt":{"rendered":"<p>En 2014, la AEDV inici\u00f3 un proyecto llamado Dermatolog\u00eda solidaria a fin de obtener fondos y apoyar acciones concretas para mejorar la salud de la piel. M\u00e1s de 10 a\u00f1os despu\u00e9s, se ha consolidado esta iniciativa gracias a la participaci\u00f3n de entidades y organizaciones. Un a\u00f1o m\u00e1s, Laboratorios Vi\u00f1as apoya esta actividad y participar\u00e1 entregando [&hellip;]<\/p>\n","protected":false},"author":2,"featured_media":13304,"comment_status":"closed","ping_status":"closed","sticky":false,"template":"","format":"standard","meta":{"footnotes":""},"categories":[141],"tags":[],"class_list":["post-12124","post","type-post","status-publish","format-standard","has-post-thumbnail","hentry","category-noticias-del-salon"],"yoast_head":"<!-- This site is optimized with the Yoast SEO plugin v27.4 - https:\/\/yoast.com\/product\/yoast-seo-wordpress\/ -->\n<title>Nueva convocatoria del \u201cPremio Dermatolog\u00eda Solidaria\u201d de ayudas a la cooperaci\u00f3n dermatol\u00f3gica en el que colabora Laboratorios Vi\u00f1as - Infarma<\/title>\n<meta name=\"robots\" content=\"index, follow, max-snippet:-1, max-image-preview:large, max-video-preview:-1\" \/>\n<link rel=\"canonical\" href=\"https:\/\/www.infarma.es\/en\/nueva-convocatoria-del-premio-dermatologia-solidaria-de-ayudas-a-la-cooperacion-dermatologica-en-el-que-colabora-laboratorios-vinas\/\" \/>\n<meta property=\"og:locale\" content=\"en_US\" \/>\n<meta property=\"og:type\" content=\"article\" \/>\n<meta property=\"og:title\" content=\"Nueva convocatoria del \u201cPremio Dermatolog\u00eda Solidaria\u201d de ayudas a la cooperaci\u00f3n dermatol\u00f3gica en el que colabora Laboratorios Vi\u00f1as - Infarma\" \/>\n<meta property=\"og:description\" content=\"En 2014, la AEDV inici\u00f3 un proyecto llamado Dermatolog\u00eda solidaria a fin de obtener fondos y apoyar acciones concretas para mejorar la salud de la piel. M\u00e1s de 10 a\u00f1os despu\u00e9s, se ha consolidado esta iniciativa gracias a la participaci\u00f3n de entidades y organizaciones. Un a\u00f1o m\u00e1s, Laboratorios Vi\u00f1as apoya esta actividad y participar\u00e1 entregando [&hellip;]\" \/>\n<meta property=\"og:url\" content=\"https:\/\/www.infarma.es\/en\/nueva-convocatoria-del-premio-dermatologia-solidaria-de-ayudas-a-la-cooperacion-dermatologica-en-el-que-colabora-laboratorios-vinas\/\" \/>\n<meta property=\"og:site_name\" content=\"Infarma\" \/>\n<meta property=\"article:publisher\" content=\"https:\/\/www.facebook.com\/infarmaoficial\/\" \/>\n<meta property=\"article:published_time\" content=\"2024-03-16T18:53:39+00:00\" \/>\n<meta property=\"article:modified_time\" content=\"2024-07-23T08:46:17+00:00\" \/>\n<meta property=\"og:image\" content=\"https:\/\/www.infarma.es\/wp-content\/uploads\/2024\/07\/inf24-LV-premiodermo-blog.webp\" \/>\n\t<meta property=\"og:image:width\" content=\"1600\" \/>\n\t<meta property=\"og:image:height\" content=\"900\" \/>\n\t<meta property=\"og:image:type\" content=\"image\/webp\" \/>\n<meta name=\"author\" content=\"xavier\" \/>\n<meta name=\"twitter:card\" content=\"summary_large_image\" \/>\n<meta name=\"twitter:creator\" content=\"@infarma_es\" \/>\n<meta name=\"twitter:site\" content=\"@infarma_es\" \/>\n<meta name=\"twitter:label1\" content=\"Written by\" \/>\n\t<meta name=\"twitter:data1\" content=\"xavier\" \/>\n\t<meta name=\"twitter:label2\" content=\"Est. reading time\" \/>\n\t<meta name=\"twitter:data2\" content=\"5 minutes\" \/>\n<script type=\"application\/ld+json\" class=\"yoast-schema-graph\">{\"@context\":\"https:\\\/\\\/schema.org\",\"@graph\":[{\"@type\":\"Article\",\"@id\":\"https:\\\/\\\/www.infarma.es\\\/en\\\/nueva-convocatoria-del-premio-dermatologia-solidaria-de-ayudas-a-la-cooperacion-dermatologica-en-el-que-colabora-laboratorios-vinas\\\/#article\",\"isPartOf\":{\"@id\":\"https:\\\/\\\/www.infarma.es\\\/en\\\/nueva-convocatoria-del-premio-dermatologia-solidaria-de-ayudas-a-la-cooperacion-dermatologica-en-el-que-colabora-laboratorios-vinas\\\/\"},\"author\":{\"name\":\"xavier\",\"@id\":\"https:\\\/\\\/www.infarma.es\\\/en\\\/#\\\/schema\\\/person\\\/e53486dc47606cc5c89217026a8a01a7\"},\"headline\":\"Nueva convocatoria del \u201cPremio Dermatolog\u00eda Solidaria\u201d de ayudas a la cooperaci\u00f3n dermatol\u00f3gica en el que colabora Laboratorios Vi\u00f1as\",\"datePublished\":\"2024-03-16T18:53:39+00:00\",\"dateModified\":\"2024-07-23T08:46:17+00:00\",\"mainEntityOfPage\":{\"@id\":\"https:\\\/\\\/www.infarma.es\\\/en\\\/nueva-convocatoria-del-premio-dermatologia-solidaria-de-ayudas-a-la-cooperacion-dermatologica-en-el-que-colabora-laboratorios-vinas\\\/\"},\"wordCount\":1155,\"publisher\":{\"@id\":\"https:\\\/\\\/www.infarma.es\\\/en\\\/#organization\"},\"image\":{\"@id\":\"https:\\\/\\\/www.infarma.es\\\/en\\\/nueva-convocatoria-del-premio-dermatologia-solidaria-de-ayudas-a-la-cooperacion-dermatologica-en-el-que-colabora-laboratorios-vinas\\\/#primaryimage\"},\"thumbnailUrl\":\"https:\\\/\\\/www.infarma.es\\\/wp-content\\\/uploads\\\/2024\\\/07\\\/inf24-LV-premiodermo-blog.webp\",\"articleSection\":[\"Noticias del Sal\u00f3n\"],\"inLanguage\":\"en-US\"},{\"@type\":\"WebPage\",\"@id\":\"https:\\\/\\\/www.infarma.es\\\/en\\\/nueva-convocatoria-del-premio-dermatologia-solidaria-de-ayudas-a-la-cooperacion-dermatologica-en-el-que-colabora-laboratorios-vinas\\\/\",\"url\":\"https:\\\/\\\/www.infarma.es\\\/en\\\/nueva-convocatoria-del-premio-dermatologia-solidaria-de-ayudas-a-la-cooperacion-dermatologica-en-el-que-colabora-laboratorios-vinas\\\/\",\"name\":\"Nueva convocatoria del \u201cPremio Dermatolog\u00eda Solidaria\u201d de ayudas a la cooperaci\u00f3n dermatol\u00f3gica en el que colabora Laboratorios Vi\u00f1as - Infarma\",\"isPartOf\":{\"@id\":\"https:\\\/\\\/www.infarma.es\\\/en\\\/#website\"},\"primaryImageOfPage\":{\"@id\":\"https:\\\/\\\/www.infarma.es\\\/en\\\/nueva-convocatoria-del-premio-dermatologia-solidaria-de-ayudas-a-la-cooperacion-dermatologica-en-el-que-colabora-laboratorios-vinas\\\/#primaryimage\"},\"image\":{\"@id\":\"https:\\\/\\\/www.infarma.es\\\/en\\\/nueva-convocatoria-del-premio-dermatologia-solidaria-de-ayudas-a-la-cooperacion-dermatologica-en-el-que-colabora-laboratorios-vinas\\\/#primaryimage\"},\"thumbnailUrl\":\"https:\\\/\\\/www.infarma.es\\\/wp-content\\\/uploads\\\/2024\\\/07\\\/inf24-LV-premiodermo-blog.webp\",\"datePublished\":\"2024-03-16T18:53:39+00:00\",\"dateModified\":\"2024-07-23T08:46:17+00:00\",\"breadcrumb\":{\"@id\":\"https:\\\/\\\/www.infarma.es\\\/en\\\/nueva-convocatoria-del-premio-dermatologia-solidaria-de-ayudas-a-la-cooperacion-dermatologica-en-el-que-colabora-laboratorios-vinas\\\/#breadcrumb\"},\"inLanguage\":\"en-US\",\"potentialAction\":[{\"@type\":\"ReadAction\",\"target\":[\"https:\\\/\\\/www.infarma.es\\\/en\\\/nueva-convocatoria-del-premio-dermatologia-solidaria-de-ayudas-a-la-cooperacion-dermatologica-en-el-que-colabora-laboratorios-vinas\\\/\"]}]},{\"@type\":\"ImageObject\",\"inLanguage\":\"en-US\",\"@id\":\"https:\\\/\\\/www.infarma.es\\\/en\\\/nueva-convocatoria-del-premio-dermatologia-solidaria-de-ayudas-a-la-cooperacion-dermatologica-en-el-que-colabora-laboratorios-vinas\\\/#primaryimage\",\"url\":\"https:\\\/\\\/www.infarma.es\\\/wp-content\\\/uploads\\\/2024\\\/07\\\/inf24-LV-premiodermo-blog.webp\",\"contentUrl\":\"https:\\\/\\\/www.infarma.es\\\/wp-content\\\/uploads\\\/2024\\\/07\\\/inf24-LV-premiodermo-blog.webp\",\"width\":1600,\"height\":900},{\"@type\":\"BreadcrumbList\",\"@id\":\"https:\\\/\\\/www.infarma.es\\\/en\\\/nueva-convocatoria-del-premio-dermatologia-solidaria-de-ayudas-a-la-cooperacion-dermatologica-en-el-que-colabora-laboratorios-vinas\\\/#breadcrumb\",\"itemListElement\":[{\"@type\":\"ListItem\",\"position\":1,\"name\":\"Portada\",\"item\":\"https:\\\/\\\/www.infarma.es\\\/en\\\/\"},{\"@type\":\"ListItem\",\"position\":2,\"name\":\"Nueva convocatoria del \u201cPremio Dermatolog\u00eda Solidaria\u201d de ayudas a la cooperaci\u00f3n dermatol\u00f3gica en el que colabora Laboratorios Vi\u00f1as\"}]},{\"@type\":\"WebSite\",\"@id\":\"https:\\\/\\\/www.infarma.es\\\/en\\\/#website\",\"url\":\"https:\\\/\\\/www.infarma.es\\\/en\\\/\",\"name\":\"Infarma\",\"description\":\"El mayor encuentro de farmacia\",\"publisher\":{\"@id\":\"https:\\\/\\\/www.infarma.es\\\/en\\\/#organization\"},\"potentialAction\":[{\"@type\":\"SearchAction\",\"target\":{\"@type\":\"EntryPoint\",\"urlTemplate\":\"https:\\\/\\\/www.infarma.es\\\/en\\\/?s={search_term_string}\"},\"query-input\":{\"@type\":\"PropertyValueSpecification\",\"valueRequired\":true,\"valueName\":\"search_term_string\"}}],\"inLanguage\":\"en-US\"},{\"@type\":\"Organization\",\"@id\":\"https:\\\/\\\/www.infarma.es\\\/en\\\/#organization\",\"name\":\"Infarma\",\"url\":\"https:\\\/\\\/www.infarma.es\\\/en\\\/\",\"logo\":{\"@type\":\"ImageObject\",\"inLanguage\":\"en-US\",\"@id\":\"https:\\\/\\\/www.infarma.es\\\/en\\\/#\\\/schema\\\/logo\\\/image\\\/\",\"url\":\"https:\\\/\\\/www.infarma.es\\\/wp-content\\\/uploads\\\/2024\\\/10\\\/logo-simple.svg\",\"contentUrl\":\"https:\\\/\\\/www.infarma.es\\\/wp-content\\\/uploads\\\/2024\\\/10\\\/logo-simple.svg\",\"width\":1,\"height\":1,\"caption\":\"Infarma\"},\"image\":{\"@id\":\"https:\\\/\\\/www.infarma.es\\\/en\\\/#\\\/schema\\\/logo\\\/image\\\/\"},\"sameAs\":[\"https:\\\/\\\/www.facebook.com\\\/infarmaoficial\\\/\",\"https:\\\/\\\/x.com\\\/infarma_es\",\"https:\\\/\\\/www.instagram.com\\\/infarma_oficial\\\/\",\"https:\\\/\\\/www.linkedin.com\\\/showcase\\\/infarma-salon\\\/\",\"https:\\\/\\\/www.youtube.com\\\/@INFARMAOFICIAL\"]},{\"@type\":\"Person\",\"@id\":\"https:\\\/\\\/www.infarma.es\\\/en\\\/#\\\/schema\\\/person\\\/e53486dc47606cc5c89217026a8a01a7\",\"name\":\"xavier\",\"image\":{\"@type\":\"ImageObject\",\"inLanguage\":\"en-US\",\"@id\":\"https:\\\/\\\/secure.gravatar.com\\\/avatar\\\/9014b89254123c1f240ae636cc793b98ce50ec2df162909756be1d23adc503e4?s=96&d=mm&r=g\",\"url\":\"https:\\\/\\\/secure.gravatar.com\\\/avatar\\\/9014b89254123c1f240ae636cc793b98ce50ec2df162909756be1d23adc503e4?s=96&d=mm&r=g\",\"contentUrl\":\"https:\\\/\\\/secure.gravatar.com\\\/avatar\\\/9014b89254123c1f240ae636cc793b98ce50ec2df162909756be1d23adc503e4?s=96&d=mm&r=g\",\"caption\":\"xavier\"},\"url\":\"https:\\\/\\\/www.infarma.es\\\/en\\\/author\\\/xavier\\\/\"}]}<\/script>\n<!-- \/ Yoast SEO plugin. -->","yoast_head_json":{"title":"Nueva convocatoria del \u201cPremio Dermatolog\u00eda Solidaria\u201d de ayudas a la cooperaci\u00f3n dermatol\u00f3gica en el que colabora Laboratorios Vi\u00f1as - Infarma","robots":{"index":"index","follow":"follow","max-snippet":"max-snippet:-1","max-image-preview":"max-image-preview:large","max-video-preview":"max-video-preview:-1"},"canonical":"https:\/\/www.infarma.es\/en\/nueva-convocatoria-del-premio-dermatologia-solidaria-de-ayudas-a-la-cooperacion-dermatologica-en-el-que-colabora-laboratorios-vinas\/","og_locale":"en_US","og_type":"article","og_title":"Nueva convocatoria del \u201cPremio Dermatolog\u00eda Solidaria\u201d de ayudas a la cooperaci\u00f3n dermatol\u00f3gica en el que colabora Laboratorios Vi\u00f1as - Infarma","og_description":"En 2014, la AEDV inici\u00f3 un proyecto llamado Dermatolog\u00eda solidaria a fin de obtener fondos y apoyar acciones concretas para mejorar la salud de la piel. M\u00e1s de 10 a\u00f1os despu\u00e9s, se ha consolidado esta iniciativa gracias a la participaci\u00f3n de entidades y organizaciones. Un a\u00f1o m\u00e1s, Laboratorios Vi\u00f1as apoya esta actividad y participar\u00e1 entregando [&hellip;]","og_url":"https:\/\/www.infarma.es\/en\/nueva-convocatoria-del-premio-dermatologia-solidaria-de-ayudas-a-la-cooperacion-dermatologica-en-el-que-colabora-laboratorios-vinas\/","og_site_name":"Infarma","article_publisher":"https:\/\/www.facebook.com\/infarmaoficial\/","article_published_time":"2024-03-16T18:53:39+00:00","article_modified_time":"2024-07-23T08:46:17+00:00","og_image":[{"width":1600,"height":900,"url":"https:\/\/www.infarma.es\/wp-content\/uploads\/2024\/07\/inf24-LV-premiodermo-blog.webp","type":"image\/webp"}],"author":"xavier","twitter_card":"summary_large_image","twitter_creator":"@infarma_es","twitter_site":"@infarma_es","twitter_misc":{"Written by":"xavier","Est. reading time":"5 minutes"},"schema":{"@context":"https:\/\/schema.org","@graph":[{"@type":"Article","@id":"https:\/\/www.infarma.es\/en\/nueva-convocatoria-del-premio-dermatologia-solidaria-de-ayudas-a-la-cooperacion-dermatologica-en-el-que-colabora-laboratorios-vinas\/#article","isPartOf":{"@id":"https:\/\/www.infarma.es\/en\/nueva-convocatoria-del-premio-dermatologia-solidaria-de-ayudas-a-la-cooperacion-dermatologica-en-el-que-colabora-laboratorios-vinas\/"},"author":{"name":"xavier","@id":"https:\/\/www.infarma.es\/en\/#\/schema\/person\/e53486dc47606cc5c89217026a8a01a7"},"headline":"Nueva convocatoria del \u201cPremio Dermatolog\u00eda Solidaria\u201d de ayudas a la cooperaci\u00f3n dermatol\u00f3gica en el que colabora Laboratorios Vi\u00f1as","datePublished":"2024-03-16T18:53:39+00:00","dateModified":"2024-07-23T08:46:17+00:00","mainEntityOfPage":{"@id":"https:\/\/www.infarma.es\/en\/nueva-convocatoria-del-premio-dermatologia-solidaria-de-ayudas-a-la-cooperacion-dermatologica-en-el-que-colabora-laboratorios-vinas\/"},"wordCount":1155,"publisher":{"@id":"https:\/\/www.infarma.es\/en\/#organization"},"image":{"@id":"https:\/\/www.infarma.es\/en\/nueva-convocatoria-del-premio-dermatologia-solidaria-de-ayudas-a-la-cooperacion-dermatologica-en-el-que-colabora-laboratorios-vinas\/#primaryimage"},"thumbnailUrl":"https:\/\/www.infarma.es\/wp-content\/uploads\/2024\/07\/inf24-LV-premiodermo-blog.webp","articleSection":["Noticias del Sal\u00f3n"],"inLanguage":"en-US"},{"@type":"WebPage","@id":"https:\/\/www.infarma.es\/en\/nueva-convocatoria-del-premio-dermatologia-solidaria-de-ayudas-a-la-cooperacion-dermatologica-en-el-que-colabora-laboratorios-vinas\/","url":"https:\/\/www.infarma.es\/en\/nueva-convocatoria-del-premio-dermatologia-solidaria-de-ayudas-a-la-cooperacion-dermatologica-en-el-que-colabora-laboratorios-vinas\/","name":"Nueva convocatoria del \u201cPremio Dermatolog\u00eda Solidaria\u201d de ayudas a la cooperaci\u00f3n dermatol\u00f3gica en el que colabora Laboratorios Vi\u00f1as - Infarma","isPartOf":{"@id":"https:\/\/www.infarma.es\/en\/#website"},"primaryImageOfPage":{"@id":"https:\/\/www.infarma.es\/en\/nueva-convocatoria-del-premio-dermatologia-solidaria-de-ayudas-a-la-cooperacion-dermatologica-en-el-que-colabora-laboratorios-vinas\/#primaryimage"},"image":{"@id":"https:\/\/www.infarma.es\/en\/nueva-convocatoria-del-premio-dermatologia-solidaria-de-ayudas-a-la-cooperacion-dermatologica-en-el-que-colabora-laboratorios-vinas\/#primaryimage"},"thumbnailUrl":"https:\/\/www.infarma.es\/wp-content\/uploads\/2024\/07\/inf24-LV-premiodermo-blog.webp","datePublished":"2024-03-16T18:53:39+00:00","dateModified":"2024-07-23T08:46:17+00:00","breadcrumb":{"@id":"https:\/\/www.infarma.es\/en\/nueva-convocatoria-del-premio-dermatologia-solidaria-de-ayudas-a-la-cooperacion-dermatologica-en-el-que-colabora-laboratorios-vinas\/#breadcrumb"},"inLanguage":"en-US","potentialAction":[{"@type":"ReadAction","target":["https:\/\/www.infarma.es\/en\/nueva-convocatoria-del-premio-dermatologia-solidaria-de-ayudas-a-la-cooperacion-dermatologica-en-el-que-colabora-laboratorios-vinas\/"]}]},{"@type":"ImageObject","inLanguage":"en-US","@id":"https:\/\/www.infarma.es\/en\/nueva-convocatoria-del-premio-dermatologia-solidaria-de-ayudas-a-la-cooperacion-dermatologica-en-el-que-colabora-laboratorios-vinas\/#primaryimage","url":"https:\/\/www.infarma.es\/wp-content\/uploads\/2024\/07\/inf24-LV-premiodermo-blog.webp","contentUrl":"https:\/\/www.infarma.es\/wp-content\/uploads\/2024\/07\/inf24-LV-premiodermo-blog.webp","width":1600,"height":900},{"@type":"BreadcrumbList","@id":"https:\/\/www.infarma.es\/en\/nueva-convocatoria-del-premio-dermatologia-solidaria-de-ayudas-a-la-cooperacion-dermatologica-en-el-que-colabora-laboratorios-vinas\/#breadcrumb","itemListElement":[{"@type":"ListItem","position":1,"name":"Portada","item":"https:\/\/www.infarma.es\/en\/"},{"@type":"ListItem","position":2,"name":"Nueva convocatoria del \u201cPremio Dermatolog\u00eda Solidaria\u201d de ayudas a la cooperaci\u00f3n dermatol\u00f3gica en el que colabora Laboratorios Vi\u00f1as"}]},{"@type":"WebSite","@id":"https:\/\/www.infarma.es\/en\/#website","url":"https:\/\/www.infarma.es\/en\/","name":"Infarma","description":"El mayor encuentro de farmacia","publisher":{"@id":"https:\/\/www.infarma.es\/en\/#organization"},"potentialAction":[{"@type":"SearchAction","target":{"@type":"EntryPoint","urlTemplate":"https:\/\/www.infarma.es\/en\/?s={search_term_string}"},"query-input":{"@type":"PropertyValueSpecification","valueRequired":true,"valueName":"search_term_string"}}],"inLanguage":"en-US"},{"@type":"Organization","@id":"https:\/\/www.infarma.es\/en\/#organization","name":"Infarma","url":"https:\/\/www.infarma.es\/en\/","logo":{"@type":"ImageObject","inLanguage":"en-US","@id":"https:\/\/www.infarma.es\/en\/#\/schema\/logo\/image\/","url":"https:\/\/www.infarma.es\/wp-content\/uploads\/2024\/10\/logo-simple.svg","contentUrl":"https:\/\/www.infarma.es\/wp-content\/uploads\/2024\/10\/logo-simple.svg","width":1,"height":1,"caption":"Infarma"},"image":{"@id":"https:\/\/www.infarma.es\/en\/#\/schema\/logo\/image\/"},"sameAs":["https:\/\/www.facebook.com\/infarmaoficial\/","https:\/\/x.com\/infarma_es","https:\/\/www.instagram.com\/infarma_oficial\/","https:\/\/www.linkedin.com\/showcase\/infarma-salon\/","https:\/\/www.youtube.com\/@INFARMAOFICIAL"]},{"@type":"Person","@id":"https:\/\/www.infarma.es\/en\/#\/schema\/person\/e53486dc47606cc5c89217026a8a01a7","name":"xavier","image":{"@type":"ImageObject","inLanguage":"en-US","@id":"https:\/\/secure.gravatar.com\/avatar\/9014b89254123c1f240ae636cc793b98ce50ec2df162909756be1d23adc503e4?s=96&d=mm&r=g","url":"https:\/\/secure.gravatar.com\/avatar\/9014b89254123c1f240ae636cc793b98ce50ec2df162909756be1d23adc503e4?s=96&d=mm&r=g","contentUrl":"https:\/\/secure.gravatar.com\/avatar\/9014b89254123c1f240ae636cc793b98ce50ec2df162909756be1d23adc503e4?s=96&d=mm&r=g","caption":"xavier"},"url":"https:\/\/www.infarma.es\/en\/author\/xavier\/"}]}},"_links":{"self":[{"href":"https:\/\/www.infarma.es\/en\/wp-json\/wp\/v2\/posts\/12124","targetHints":{"allow":["GET"]}}],"collection":[{"href":"https:\/\/www.infarma.es\/en\/wp-json\/wp\/v2\/posts"}],"about":[{"href":"https:\/\/www.infarma.es\/en\/wp-json\/wp\/v2\/types\/post"}],"author":[{"embeddable":true,"href":"https:\/\/www.infarma.es\/en\/wp-json\/wp\/v2\/users\/2"}],"replies":[{"embeddable":true,"href":"https:\/\/www.infarma.es\/en\/wp-json\/wp\/v2\/comments?post=12124"}],"version-history":[{"count":2,"href":"https:\/\/www.infarma.es\/en\/wp-json\/wp\/v2\/posts\/12124\/revisions"}],"predecessor-version":[{"id":13348,"href":"https:\/\/www.infarma.es\/en\/wp-json\/wp\/v2\/posts\/12124\/revisions\/13348"}],"wp:featuredmedia":[{"embeddable":true,"href":"https:\/\/www.infarma.es\/en\/wp-json\/wp\/v2\/media\/13304"}],"wp:attachment":[{"href":"https:\/\/www.infarma.es\/en\/wp-json\/wp\/v2\/media?parent=12124"}],"wp:term":[{"taxonomy":"category","embeddable":true,"href":"https:\/\/www.infarma.es\/en\/wp-json\/wp\/v2\/categories?post=12124"},{"taxonomy":"post_tag","embeddable":true,"href":"https:\/\/www.infarma.es\/en\/wp-json\/wp\/v2\/tags?post=12124"}],"curies":[{"name":"wp","href":"https:\/\/api.w.org\/{rel}","templated":true}]}}