{"id":12162,"date":"2024-03-16T18:41:37","date_gmt":"2024-03-16T17:41:37","guid":{"rendered":"https:\/\/www.infarma.es\/?p=12162"},"modified":"2024-07-23T11:07:32","modified_gmt":"2024-07-23T09:07:32","slug":"los-laboratorios-bella-aurora-presentan-en-infarma-sus-novedades-para-el-2024","status":"publish","type":"post","link":"https:\/\/www.infarma.es\/en\/los-laboratorios-bella-aurora-presentan-en-infarma-sus-novedades-para-el-2024\/","title":{"rendered":"Los laboratorios Bella Aurora presentan en Infarma sus novedades para el 2024"},"content":{"rendered":"\n<p>Los pr\u00f3ximos d\u00edas 19, 20 y 21 de marzo se celebra en Madrid (IFEMA) una nueva edici\u00f3n de la Feria Infarma, el Encuentro Europeo de Farmacia, donde Bella Aurora Labs presentar\u00e1 sus novedades a los m\u00e1s de 30.000 profesionales del sector que se dar\u00e1n cita.<\/p>\n\n\n\n<p>Los laboratorios Bella Aurora, con m\u00e1s de 130 a\u00f1os de experiencia en el estudio del comportamiento del melanocito y la pigmentaci\u00f3n cut\u00e1nea, aprovechar\u00e1n esta ocasi\u00f3n para dar a conocer en su stand los nuevos tratamientos para pieles hipopigmentadas e hiperpigmentadas.<\/p>\n\n\n\n<div style=\"height:30px\" aria-hidden=\"true\" class=\"wp-block-spacer\"><\/div>\n\n\n\n<h3 class=\"wp-block-heading\">Soluciones para manchas oscuras y manchas blancas<\/h3>\n\n\n\n<p>Bella Aurora presentar\u00e1 el innovador bio10 forte night, un nuevo s\u00e9rum despigmentante con la tecnolog\u00eda patentada B-CORE 221TM, que elimina las manchas cut\u00e1neas y ayuda a potenciar los procesos de regeneraci\u00f3n nocturna de la piel. Con \u00e1cido tranex\u00e1mico y retinol encapsulado, este nuevo tratamiento despigmentante, adem\u00e1s de reducir las manchas mel\u00e1nicas, optimiza la circulaci\u00f3n sangu\u00ednea, reduce las arrugas y las l\u00edneas de expresi\u00f3n.<\/p>\n\n\n\n<p>Adem\u00e1s, la marca dar\u00e1 a conocer sus novedades para las manchas blancas con un nuevo lanzamiento de la l\u00ednea de hipopigmentaci\u00f3n Repigment12.<\/p>\n\n\n\n<div style=\"height:30px\" aria-hidden=\"true\" class=\"wp-block-spacer\"><\/div>\n\n\n\n<h3 class=\"wp-block-heading\">Farma Talks: peque\u00f1as p\u00edldoras de conocimiento<\/h3>\n\n\n\n<p>Para esta nueva edici\u00f3n de Infarma, los laboratorios Bella Aurora estrenan en su stand las Farma Talks. Se trata de breves sesiones de formaci\u00f3n que tienen como objetivo ofrecer informaci\u00f3n de calidad a los profesionales de la farmacia sobre temas relacionados con la salud de la piel. Un equipo de profesionales de Bella Aurora ser\u00e1 el encargado de llevar a cabo estas charlas, que se impartir\u00e1n en su stand de 10h a 18h, sobre tipolog\u00eda de las manchas, las tendencias en ingredientes o el uso de los solares, entre otras.<br>Para acceder a estas charlas se puede realizar la inscripci\u00f3n en el mismo stand de Bella Aurora.<\/p>\n\n\n\n<div style=\"height:20px\" aria-hidden=\"true\" class=\"wp-block-spacer\"><\/div>\n\n\n\n<p class=\"has-text-align-center\"><strong>Ven a conocer nuestras novedades en<br>el Pabell\u00f3n 3, stand 3D11 de IFEMA<\/strong><\/p>\n\n\n\n<div style=\"height:20px\" aria-hidden=\"true\" class=\"wp-block-spacer\"><\/div>\n\n\n\n<p class=\"has-text-align-center\">Para m\u00e1s informaci\u00f3n: Elena Cella \/ <a href=\"mailto:e.cella@bellaurora.com\" target=\"_blank\" rel=\"noreferrer noopener\">e.cella@bellaurora.com<\/a> \/ 93 478 11 12 \/ <a href=\"https:\/\/bella-aurora.com\/es-es\/\" target=\"_blank\" rel=\"noreferrer noopener\">bella-aurora.com<\/a><\/p>\n","protected":false},"excerpt":{"rendered":"<p>Los pr\u00f3ximos d\u00edas 19, 20 y 21 de marzo se celebra en Madrid (IFEMA) una nueva edici\u00f3n de la Feria Infarma, el Encuentro Europeo de Farmacia, donde Bella Aurora Labs presentar\u00e1 sus novedades a los m\u00e1s de 30.000 profesionales del sector que se dar\u00e1n cita. Los laboratorios Bella Aurora, con m\u00e1s de 130 a\u00f1os de [&hellip;]<\/p>\n","protected":false},"author":2,"featured_media":13299,"comment_status":"closed","ping_status":"closed","sticky":false,"template":"","format":"standard","meta":{"footnotes":""},"categories":[141],"tags":[],"class_list":["post-12162","post","type-post","status-publish","format-standard","has-post-thumbnail","hentry","category-noticias-del-salon"],"yoast_head":"<!-- This site is optimized with the Yoast SEO plugin v27.4 - https:\/\/yoast.com\/product\/yoast-seo-wordpress\/ -->\n<title>Los laboratorios Bella Aurora presentan en Infarma sus novedades para el 2024<\/title>\n<meta name=\"description\" content=\"Bella Aurora presentar\u00e1 el innovador bio10 forte night, un nuevo s\u00e9rum despigmentante con la tecnolog\u00eda patentada B-CORE 221TM.\" \/>\n<meta name=\"robots\" content=\"index, follow, max-snippet:-1, max-image-preview:large, max-video-preview:-1\" \/>\n<link rel=\"canonical\" href=\"https:\/\/www.infarma.es\/en\/los-laboratorios-bella-aurora-presentan-en-infarma-sus-novedades-para-el-2024\/\" \/>\n<meta property=\"og:locale\" content=\"en_US\" \/>\n<meta property=\"og:type\" content=\"article\" \/>\n<meta property=\"og:title\" content=\"Los laboratorios Bella Aurora presentan en Infarma sus novedades para el 2024\" \/>\n<meta property=\"og:description\" content=\"Bella Aurora presentar\u00e1 el innovador bio10 forte night, un nuevo s\u00e9rum despigmentante con la tecnolog\u00eda patentada B-CORE 221TM.\" \/>\n<meta property=\"og:url\" content=\"https:\/\/www.infarma.es\/en\/los-laboratorios-bella-aurora-presentan-en-infarma-sus-novedades-para-el-2024\/\" \/>\n<meta property=\"og:site_name\" content=\"Infarma\" \/>\n<meta property=\"article:publisher\" content=\"https:\/\/www.facebook.com\/infarmaoficial\/\" \/>\n<meta property=\"article:published_time\" content=\"2024-03-16T17:41:37+00:00\" \/>\n<meta property=\"article:modified_time\" content=\"2024-07-23T09:07:32+00:00\" \/>\n<meta property=\"og:image\" content=\"https:\/\/www.infarma.es\/wp-content\/uploads\/2024\/07\/inf24-bella_aurora-blog.webp\" \/>\n\t<meta property=\"og:image:width\" content=\"1600\" \/>\n\t<meta property=\"og:image:height\" content=\"900\" \/>\n\t<meta property=\"og:image:type\" content=\"image\/webp\" \/>\n<meta name=\"author\" content=\"xavier\" \/>\n<meta name=\"twitter:card\" content=\"summary_large_image\" \/>\n<meta name=\"twitter:creator\" content=\"@infarma_es\" \/>\n<meta name=\"twitter:site\" content=\"@infarma_es\" \/>\n<meta name=\"twitter:label1\" content=\"Written by\" \/>\n\t<meta name=\"twitter:data1\" content=\"xavier\" \/>\n\t<meta name=\"twitter:label2\" content=\"Est. reading time\" \/>\n\t<meta name=\"twitter:data2\" content=\"2 minutes\" \/>\n<script type=\"application\/ld+json\" class=\"yoast-schema-graph\">{\"@context\":\"https:\\\/\\\/schema.org\",\"@graph\":[{\"@type\":\"Article\",\"@id\":\"https:\\\/\\\/www.infarma.es\\\/en\\\/los-laboratorios-bella-aurora-presentan-en-infarma-sus-novedades-para-el-2024\\\/#article\",\"isPartOf\":{\"@id\":\"https:\\\/\\\/www.infarma.es\\\/en\\\/los-laboratorios-bella-aurora-presentan-en-infarma-sus-novedades-para-el-2024\\\/\"},\"author\":{\"name\":\"xavier\",\"@id\":\"https:\\\/\\\/www.infarma.es\\\/en\\\/#\\\/schema\\\/person\\\/e53486dc47606cc5c89217026a8a01a7\"},\"headline\":\"Los laboratorios Bella Aurora presentan en Infarma sus novedades para el 2024\",\"datePublished\":\"2024-03-16T17:41:37+00:00\",\"dateModified\":\"2024-07-23T09:07:32+00:00\",\"mainEntityOfPage\":{\"@id\":\"https:\\\/\\\/www.infarma.es\\\/en\\\/los-laboratorios-bella-aurora-presentan-en-infarma-sus-novedades-para-el-2024\\\/\"},\"wordCount\":354,\"publisher\":{\"@id\":\"https:\\\/\\\/www.infarma.es\\\/en\\\/#organization\"},\"image\":{\"@id\":\"https:\\\/\\\/www.infarma.es\\\/en\\\/los-laboratorios-bella-aurora-presentan-en-infarma-sus-novedades-para-el-2024\\\/#primaryimage\"},\"thumbnailUrl\":\"https:\\\/\\\/www.infarma.es\\\/wp-content\\\/uploads\\\/2024\\\/07\\\/inf24-bella_aurora-blog.webp\",\"articleSection\":[\"Noticias del Sal\u00f3n\"],\"inLanguage\":\"en-US\"},{\"@type\":\"WebPage\",\"@id\":\"https:\\\/\\\/www.infarma.es\\\/en\\\/los-laboratorios-bella-aurora-presentan-en-infarma-sus-novedades-para-el-2024\\\/\",\"url\":\"https:\\\/\\\/www.infarma.es\\\/en\\\/los-laboratorios-bella-aurora-presentan-en-infarma-sus-novedades-para-el-2024\\\/\",\"name\":\"Los laboratorios Bella Aurora presentan en Infarma sus novedades para el 2024\",\"isPartOf\":{\"@id\":\"https:\\\/\\\/www.infarma.es\\\/en\\\/#website\"},\"primaryImageOfPage\":{\"@id\":\"https:\\\/\\\/www.infarma.es\\\/en\\\/los-laboratorios-bella-aurora-presentan-en-infarma-sus-novedades-para-el-2024\\\/#primaryimage\"},\"image\":{\"@id\":\"https:\\\/\\\/www.infarma.es\\\/en\\\/los-laboratorios-bella-aurora-presentan-en-infarma-sus-novedades-para-el-2024\\\/#primaryimage\"},\"thumbnailUrl\":\"https:\\\/\\\/www.infarma.es\\\/wp-content\\\/uploads\\\/2024\\\/07\\\/inf24-bella_aurora-blog.webp\",\"datePublished\":\"2024-03-16T17:41:37+00:00\",\"dateModified\":\"2024-07-23T09:07:32+00:00\",\"description\":\"Bella Aurora presentar\u00e1 el innovador bio10 forte night, un nuevo s\u00e9rum despigmentante con la tecnolog\u00eda patentada B-CORE 221TM.\",\"breadcrumb\":{\"@id\":\"https:\\\/\\\/www.infarma.es\\\/en\\\/los-laboratorios-bella-aurora-presentan-en-infarma-sus-novedades-para-el-2024\\\/#breadcrumb\"},\"inLanguage\":\"en-US\",\"potentialAction\":[{\"@type\":\"ReadAction\",\"target\":[\"https:\\\/\\\/www.infarma.es\\\/en\\\/los-laboratorios-bella-aurora-presentan-en-infarma-sus-novedades-para-el-2024\\\/\"]}]},{\"@type\":\"ImageObject\",\"inLanguage\":\"en-US\",\"@id\":\"https:\\\/\\\/www.infarma.es\\\/en\\\/los-laboratorios-bella-aurora-presentan-en-infarma-sus-novedades-para-el-2024\\\/#primaryimage\",\"url\":\"https:\\\/\\\/www.infarma.es\\\/wp-content\\\/uploads\\\/2024\\\/07\\\/inf24-bella_aurora-blog.webp\",\"contentUrl\":\"https:\\\/\\\/www.infarma.es\\\/wp-content\\\/uploads\\\/2024\\\/07\\\/inf24-bella_aurora-blog.webp\",\"width\":1600,\"height\":900},{\"@type\":\"BreadcrumbList\",\"@id\":\"https:\\\/\\\/www.infarma.es\\\/en\\\/los-laboratorios-bella-aurora-presentan-en-infarma-sus-novedades-para-el-2024\\\/#breadcrumb\",\"itemListElement\":[{\"@type\":\"ListItem\",\"position\":1,\"name\":\"Portada\",\"item\":\"https:\\\/\\\/www.infarma.es\\\/en\\\/\"},{\"@type\":\"ListItem\",\"position\":2,\"name\":\"Los laboratorios Bella Aurora presentan en Infarma sus novedades para el 2024\"}]},{\"@type\":\"WebSite\",\"@id\":\"https:\\\/\\\/www.infarma.es\\\/en\\\/#website\",\"url\":\"https:\\\/\\\/www.infarma.es\\\/en\\\/\",\"name\":\"Infarma\",\"description\":\"El mayor encuentro de farmacia\",\"publisher\":{\"@id\":\"https:\\\/\\\/www.infarma.es\\\/en\\\/#organization\"},\"potentialAction\":[{\"@type\":\"SearchAction\",\"target\":{\"@type\":\"EntryPoint\",\"urlTemplate\":\"https:\\\/\\\/www.infarma.es\\\/en\\\/?s={search_term_string}\"},\"query-input\":{\"@type\":\"PropertyValueSpecification\",\"valueRequired\":true,\"valueName\":\"search_term_string\"}}],\"inLanguage\":\"en-US\"},{\"@type\":\"Organization\",\"@id\":\"https:\\\/\\\/www.infarma.es\\\/en\\\/#organization\",\"name\":\"Infarma\",\"url\":\"https:\\\/\\\/www.infarma.es\\\/en\\\/\",\"logo\":{\"@type\":\"ImageObject\",\"inLanguage\":\"en-US\",\"@id\":\"https:\\\/\\\/www.infarma.es\\\/en\\\/#\\\/schema\\\/logo\\\/image\\\/\",\"url\":\"https:\\\/\\\/www.infarma.es\\\/wp-content\\\/uploads\\\/2024\\\/10\\\/logo-simple.svg\",\"contentUrl\":\"https:\\\/\\\/www.infarma.es\\\/wp-content\\\/uploads\\\/2024\\\/10\\\/logo-simple.svg\",\"width\":1,\"height\":1,\"caption\":\"Infarma\"},\"image\":{\"@id\":\"https:\\\/\\\/www.infarma.es\\\/en\\\/#\\\/schema\\\/logo\\\/image\\\/\"},\"sameAs\":[\"https:\\\/\\\/www.facebook.com\\\/infarmaoficial\\\/\",\"https:\\\/\\\/x.com\\\/infarma_es\",\"https:\\\/\\\/www.instagram.com\\\/infarma_oficial\\\/\",\"https:\\\/\\\/www.linkedin.com\\\/showcase\\\/infarma-salon\\\/\",\"https:\\\/\\\/www.youtube.com\\\/@INFARMAOFICIAL\"]},{\"@type\":\"Person\",\"@id\":\"https:\\\/\\\/www.infarma.es\\\/en\\\/#\\\/schema\\\/person\\\/e53486dc47606cc5c89217026a8a01a7\",\"name\":\"xavier\",\"image\":{\"@type\":\"ImageObject\",\"inLanguage\":\"en-US\",\"@id\":\"https:\\\/\\\/secure.gravatar.com\\\/avatar\\\/9014b89254123c1f240ae636cc793b98ce50ec2df162909756be1d23adc503e4?s=96&d=mm&r=g\",\"url\":\"https:\\\/\\\/secure.gravatar.com\\\/avatar\\\/9014b89254123c1f240ae636cc793b98ce50ec2df162909756be1d23adc503e4?s=96&d=mm&r=g\",\"contentUrl\":\"https:\\\/\\\/secure.gravatar.com\\\/avatar\\\/9014b89254123c1f240ae636cc793b98ce50ec2df162909756be1d23adc503e4?s=96&d=mm&r=g\",\"caption\":\"xavier\"},\"url\":\"https:\\\/\\\/www.infarma.es\\\/en\\\/author\\\/xavier\\\/\"}]}<\/script>\n<!-- \/ Yoast SEO plugin. -->","yoast_head_json":{"title":"Los laboratorios Bella Aurora presentan en Infarma sus novedades para el 2024","description":"Bella Aurora presentar\u00e1 el innovador bio10 forte night, un nuevo s\u00e9rum despigmentante con la tecnolog\u00eda patentada B-CORE 221TM.","robots":{"index":"index","follow":"follow","max-snippet":"max-snippet:-1","max-image-preview":"max-image-preview:large","max-video-preview":"max-video-preview:-1"},"canonical":"https:\/\/www.infarma.es\/en\/los-laboratorios-bella-aurora-presentan-en-infarma-sus-novedades-para-el-2024\/","og_locale":"en_US","og_type":"article","og_title":"Los laboratorios Bella Aurora presentan en Infarma sus novedades para el 2024","og_description":"Bella Aurora presentar\u00e1 el innovador bio10 forte night, un nuevo s\u00e9rum despigmentante con la tecnolog\u00eda patentada B-CORE 221TM.","og_url":"https:\/\/www.infarma.es\/en\/los-laboratorios-bella-aurora-presentan-en-infarma-sus-novedades-para-el-2024\/","og_site_name":"Infarma","article_publisher":"https:\/\/www.facebook.com\/infarmaoficial\/","article_published_time":"2024-03-16T17:41:37+00:00","article_modified_time":"2024-07-23T09:07:32+00:00","og_image":[{"width":1600,"height":900,"url":"https:\/\/www.infarma.es\/wp-content\/uploads\/2024\/07\/inf24-bella_aurora-blog.webp","type":"image\/webp"}],"author":"xavier","twitter_card":"summary_large_image","twitter_creator":"@infarma_es","twitter_site":"@infarma_es","twitter_misc":{"Written by":"xavier","Est. reading time":"2 minutes"},"schema":{"@context":"https:\/\/schema.org","@graph":[{"@type":"Article","@id":"https:\/\/www.infarma.es\/en\/los-laboratorios-bella-aurora-presentan-en-infarma-sus-novedades-para-el-2024\/#article","isPartOf":{"@id":"https:\/\/www.infarma.es\/en\/los-laboratorios-bella-aurora-presentan-en-infarma-sus-novedades-para-el-2024\/"},"author":{"name":"xavier","@id":"https:\/\/www.infarma.es\/en\/#\/schema\/person\/e53486dc47606cc5c89217026a8a01a7"},"headline":"Los laboratorios Bella Aurora presentan en Infarma sus novedades para el 2024","datePublished":"2024-03-16T17:41:37+00:00","dateModified":"2024-07-23T09:07:32+00:00","mainEntityOfPage":{"@id":"https:\/\/www.infarma.es\/en\/los-laboratorios-bella-aurora-presentan-en-infarma-sus-novedades-para-el-2024\/"},"wordCount":354,"publisher":{"@id":"https:\/\/www.infarma.es\/en\/#organization"},"image":{"@id":"https:\/\/www.infarma.es\/en\/los-laboratorios-bella-aurora-presentan-en-infarma-sus-novedades-para-el-2024\/#primaryimage"},"thumbnailUrl":"https:\/\/www.infarma.es\/wp-content\/uploads\/2024\/07\/inf24-bella_aurora-blog.webp","articleSection":["Noticias del Sal\u00f3n"],"inLanguage":"en-US"},{"@type":"WebPage","@id":"https:\/\/www.infarma.es\/en\/los-laboratorios-bella-aurora-presentan-en-infarma-sus-novedades-para-el-2024\/","url":"https:\/\/www.infarma.es\/en\/los-laboratorios-bella-aurora-presentan-en-infarma-sus-novedades-para-el-2024\/","name":"Los laboratorios Bella Aurora presentan en Infarma sus novedades para el 2024","isPartOf":{"@id":"https:\/\/www.infarma.es\/en\/#website"},"primaryImageOfPage":{"@id":"https:\/\/www.infarma.es\/en\/los-laboratorios-bella-aurora-presentan-en-infarma-sus-novedades-para-el-2024\/#primaryimage"},"image":{"@id":"https:\/\/www.infarma.es\/en\/los-laboratorios-bella-aurora-presentan-en-infarma-sus-novedades-para-el-2024\/#primaryimage"},"thumbnailUrl":"https:\/\/www.infarma.es\/wp-content\/uploads\/2024\/07\/inf24-bella_aurora-blog.webp","datePublished":"2024-03-16T17:41:37+00:00","dateModified":"2024-07-23T09:07:32+00:00","description":"Bella Aurora presentar\u00e1 el innovador bio10 forte night, un nuevo s\u00e9rum despigmentante con la tecnolog\u00eda patentada B-CORE 221TM.","breadcrumb":{"@id":"https:\/\/www.infarma.es\/en\/los-laboratorios-bella-aurora-presentan-en-infarma-sus-novedades-para-el-2024\/#breadcrumb"},"inLanguage":"en-US","potentialAction":[{"@type":"ReadAction","target":["https:\/\/www.infarma.es\/en\/los-laboratorios-bella-aurora-presentan-en-infarma-sus-novedades-para-el-2024\/"]}]},{"@type":"ImageObject","inLanguage":"en-US","@id":"https:\/\/www.infarma.es\/en\/los-laboratorios-bella-aurora-presentan-en-infarma-sus-novedades-para-el-2024\/#primaryimage","url":"https:\/\/www.infarma.es\/wp-content\/uploads\/2024\/07\/inf24-bella_aurora-blog.webp","contentUrl":"https:\/\/www.infarma.es\/wp-content\/uploads\/2024\/07\/inf24-bella_aurora-blog.webp","width":1600,"height":900},{"@type":"BreadcrumbList","@id":"https:\/\/www.infarma.es\/en\/los-laboratorios-bella-aurora-presentan-en-infarma-sus-novedades-para-el-2024\/#breadcrumb","itemListElement":[{"@type":"ListItem","position":1,"name":"Portada","item":"https:\/\/www.infarma.es\/en\/"},{"@type":"ListItem","position":2,"name":"Los laboratorios Bella Aurora presentan en Infarma sus novedades para el 2024"}]},{"@type":"WebSite","@id":"https:\/\/www.infarma.es\/en\/#website","url":"https:\/\/www.infarma.es\/en\/","name":"Infarma","description":"El mayor encuentro de farmacia","publisher":{"@id":"https:\/\/www.infarma.es\/en\/#organization"},"potentialAction":[{"@type":"SearchAction","target":{"@type":"EntryPoint","urlTemplate":"https:\/\/www.infarma.es\/en\/?s={search_term_string}"},"query-input":{"@type":"PropertyValueSpecification","valueRequired":true,"valueName":"search_term_string"}}],"inLanguage":"en-US"},{"@type":"Organization","@id":"https:\/\/www.infarma.es\/en\/#organization","name":"Infarma","url":"https:\/\/www.infarma.es\/en\/","logo":{"@type":"ImageObject","inLanguage":"en-US","@id":"https:\/\/www.infarma.es\/en\/#\/schema\/logo\/image\/","url":"https:\/\/www.infarma.es\/wp-content\/uploads\/2024\/10\/logo-simple.svg","contentUrl":"https:\/\/www.infarma.es\/wp-content\/uploads\/2024\/10\/logo-simple.svg","width":1,"height":1,"caption":"Infarma"},"image":{"@id":"https:\/\/www.infarma.es\/en\/#\/schema\/logo\/image\/"},"sameAs":["https:\/\/www.facebook.com\/infarmaoficial\/","https:\/\/x.com\/infarma_es","https:\/\/www.instagram.com\/infarma_oficial\/","https:\/\/www.linkedin.com\/showcase\/infarma-salon\/","https:\/\/www.youtube.com\/@INFARMAOFICIAL"]},{"@type":"Person","@id":"https:\/\/www.infarma.es\/en\/#\/schema\/person\/e53486dc47606cc5c89217026a8a01a7","name":"xavier","image":{"@type":"ImageObject","inLanguage":"en-US","@id":"https:\/\/secure.gravatar.com\/avatar\/9014b89254123c1f240ae636cc793b98ce50ec2df162909756be1d23adc503e4?s=96&d=mm&r=g","url":"https:\/\/secure.gravatar.com\/avatar\/9014b89254123c1f240ae636cc793b98ce50ec2df162909756be1d23adc503e4?s=96&d=mm&r=g","contentUrl":"https:\/\/secure.gravatar.com\/avatar\/9014b89254123c1f240ae636cc793b98ce50ec2df162909756be1d23adc503e4?s=96&d=mm&r=g","caption":"xavier"},"url":"https:\/\/www.infarma.es\/en\/author\/xavier\/"}]}},"_links":{"self":[{"href":"https:\/\/www.infarma.es\/en\/wp-json\/wp\/v2\/posts\/12162","targetHints":{"allow":["GET"]}}],"collection":[{"href":"https:\/\/www.infarma.es\/en\/wp-json\/wp\/v2\/posts"}],"about":[{"href":"https:\/\/www.infarma.es\/en\/wp-json\/wp\/v2\/types\/post"}],"author":[{"embeddable":true,"href":"https:\/\/www.infarma.es\/en\/wp-json\/wp\/v2\/users\/2"}],"replies":[{"embeddable":true,"href":"https:\/\/www.infarma.es\/en\/wp-json\/wp\/v2\/comments?post=12162"}],"version-history":[{"count":2,"href":"https:\/\/www.infarma.es\/en\/wp-json\/wp\/v2\/posts\/12162\/revisions"}],"predecessor-version":[{"id":13364,"href":"https:\/\/www.infarma.es\/en\/wp-json\/wp\/v2\/posts\/12162\/revisions\/13364"}],"wp:featuredmedia":[{"embeddable":true,"href":"https:\/\/www.infarma.es\/en\/wp-json\/wp\/v2\/media\/13299"}],"wp:attachment":[{"href":"https:\/\/www.infarma.es\/en\/wp-json\/wp\/v2\/media?parent=12162"}],"wp:term":[{"taxonomy":"category","embeddable":true,"href":"https:\/\/www.infarma.es\/en\/wp-json\/wp\/v2\/categories?post=12162"},{"taxonomy":"post_tag","embeddable":true,"href":"https:\/\/www.infarma.es\/en\/wp-json\/wp\/v2\/tags?post=12162"}],"curies":[{"name":"wp","href":"https:\/\/api.w.org\/{rel}","templated":true}]}}