{"id":13215,"date":"2024-03-14T13:00:00","date_gmt":"2024-03-14T12:00:00","guid":{"rendered":"https:\/\/www.infarma.es\/?p=12076"},"modified":"2024-07-23T11:17:46","modified_gmt":"2024-07-23T09:17:46","slug":"taller-formativo-vendaje-funcional-y-ortesis","status":"publish","type":"post","link":"https:\/\/www.infarma.es\/en\/taller-formativo-vendaje-funcional-y-ortesis\/","title":{"rendered":"Taller formativo: &#8220;Vendaje funcional y ortesis&#8221;"},"content":{"rendered":"\n<p><em>Infarma 2024 est\u00e1 a la vuelta de la esquina y desde McDavid y KT Tape le invitamos a visitar nuestro stand 3E01 (pabell\u00f3n 3) los pr\u00f3ximos dias 19, 20 y 21 de marzo en IFEMA (Madrid)<\/em><\/p>\n\n\n\n<p><em>Aprovechamos la ocasi\u00f3n para convocarle especialmente el d\u00eda 20.03 a las 11:30 cuando tendr\u00e1 lugar un taller formativo en vendaje funcional y ortesis impartido por la Dra. Cristina Adillon<\/em><\/p>\n\n\n\n<p><em>\u00a1Le esperamos!<\/em><\/p>\n","protected":false},"excerpt":{"rendered":"<p>Infarma 2024 est\u00e1 a la vuelta de la esquina y desde McDavid y KT Tape le invitamos a visitar nuestro stand 3E01 (pabell\u00f3n 3) los pr\u00f3ximos dias 19, 20 y 21 de marzo en IFEMA (Madrid) Aprovechamos la ocasi\u00f3n para convocarle especialmente el d\u00eda 20.03 a las 11:30 cuando tendr\u00e1 lugar un taller formativo en [&hellip;]<\/p>\n","protected":false},"author":2,"featured_media":13374,"comment_status":"closed","ping_status":"closed","sticky":false,"template":"","format":"standard","meta":{"footnotes":""},"categories":[141],"tags":[],"class_list":["post-13215","post","type-post","status-publish","format-standard","has-post-thumbnail","hentry","category-noticias-del-salon"],"yoast_head":"<!-- This site is optimized with the Yoast SEO plugin v27.4 - https:\/\/yoast.com\/product\/yoast-seo-wordpress\/ -->\n<title>Taller formativo: &quot;Vendaje funcional y ortesis&quot;<\/title>\n<meta name=\"description\" content=\"McDavid y KT Tape le invitamos a visitar nuestro stand 3E01 (pabell\u00f3n 3) los pr\u00f3ximos dias 19, 20 y 21 de marzo en IFEMA (Madrid)\" \/>\n<meta name=\"robots\" content=\"index, follow, max-snippet:-1, max-image-preview:large, max-video-preview:-1\" \/>\n<link rel=\"canonical\" href=\"https:\/\/www.infarma.es\/en\/taller-formativo-vendaje-funcional-y-ortesis\/\" \/>\n<meta property=\"og:locale\" content=\"en_US\" \/>\n<meta property=\"og:type\" content=\"article\" \/>\n<meta property=\"og:title\" content=\"Taller formativo: &quot;Vendaje funcional y ortesis&quot;\" \/>\n<meta property=\"og:description\" content=\"McDavid y KT Tape le invitamos a visitar nuestro stand 3E01 (pabell\u00f3n 3) los pr\u00f3ximos dias 19, 20 y 21 de marzo en IFEMA (Madrid)\" \/>\n<meta property=\"og:url\" content=\"https:\/\/www.infarma.es\/en\/taller-formativo-vendaje-funcional-y-ortesis\/\" \/>\n<meta property=\"og:site_name\" content=\"Infarma\" \/>\n<meta property=\"article:publisher\" content=\"https:\/\/www.facebook.com\/infarmaoficial\/\" \/>\n<meta property=\"article:published_time\" content=\"2024-03-14T12:00:00+00:00\" \/>\n<meta property=\"article:modified_time\" content=\"2024-07-23T09:17:46+00:00\" \/>\n<meta property=\"og:image\" content=\"https:\/\/www.infarma.es\/wp-content\/uploads\/2024\/07\/inf24-mcdavid-kt_tape-blog.webp\" \/>\n\t<meta property=\"og:image:width\" content=\"1600\" \/>\n\t<meta property=\"og:image:height\" content=\"900\" \/>\n\t<meta property=\"og:image:type\" content=\"image\/webp\" \/>\n<meta name=\"author\" content=\"xavier\" \/>\n<meta name=\"twitter:card\" content=\"summary_large_image\" \/>\n<meta name=\"twitter:creator\" content=\"@infarma_es\" \/>\n<meta name=\"twitter:site\" content=\"@infarma_es\" \/>\n<meta name=\"twitter:label1\" content=\"Written by\" \/>\n\t<meta name=\"twitter:data1\" content=\"xavier\" \/>\n\t<meta name=\"twitter:label2\" content=\"Est. reading time\" \/>\n\t<meta name=\"twitter:data2\" content=\"1 minute\" \/>\n<script type=\"application\/ld+json\" class=\"yoast-schema-graph\">{\"@context\":\"https:\\\/\\\/schema.org\",\"@graph\":[{\"@type\":\"Article\",\"@id\":\"https:\\\/\\\/www.infarma.es\\\/en\\\/taller-formativo-vendaje-funcional-y-ortesis\\\/#article\",\"isPartOf\":{\"@id\":\"https:\\\/\\\/www.infarma.es\\\/en\\\/taller-formativo-vendaje-funcional-y-ortesis\\\/\"},\"author\":{\"name\":\"xavier\",\"@id\":\"https:\\\/\\\/www.infarma.es\\\/en\\\/#\\\/schema\\\/person\\\/e53486dc47606cc5c89217026a8a01a7\"},\"headline\":\"Taller formativo: &#8220;Vendaje funcional y ortesis&#8221;\",\"datePublished\":\"2024-03-14T12:00:00+00:00\",\"dateModified\":\"2024-07-23T09:17:46+00:00\",\"mainEntityOfPage\":{\"@id\":\"https:\\\/\\\/www.infarma.es\\\/en\\\/taller-formativo-vendaje-funcional-y-ortesis\\\/\"},\"wordCount\":70,\"publisher\":{\"@id\":\"https:\\\/\\\/www.infarma.es\\\/en\\\/#organization\"},\"image\":{\"@id\":\"https:\\\/\\\/www.infarma.es\\\/en\\\/taller-formativo-vendaje-funcional-y-ortesis\\\/#primaryimage\"},\"thumbnailUrl\":\"https:\\\/\\\/www.infarma.es\\\/wp-content\\\/uploads\\\/2024\\\/07\\\/inf24-mcdavid-kt_tape-blog.webp\",\"articleSection\":[\"Noticias del Sal\u00f3n\"],\"inLanguage\":\"en-US\"},{\"@type\":\"WebPage\",\"@id\":\"https:\\\/\\\/www.infarma.es\\\/en\\\/taller-formativo-vendaje-funcional-y-ortesis\\\/\",\"url\":\"https:\\\/\\\/www.infarma.es\\\/en\\\/taller-formativo-vendaje-funcional-y-ortesis\\\/\",\"name\":\"Taller formativo: \\\"Vendaje funcional y ortesis\\\"\",\"isPartOf\":{\"@id\":\"https:\\\/\\\/www.infarma.es\\\/en\\\/#website\"},\"primaryImageOfPage\":{\"@id\":\"https:\\\/\\\/www.infarma.es\\\/en\\\/taller-formativo-vendaje-funcional-y-ortesis\\\/#primaryimage\"},\"image\":{\"@id\":\"https:\\\/\\\/www.infarma.es\\\/en\\\/taller-formativo-vendaje-funcional-y-ortesis\\\/#primaryimage\"},\"thumbnailUrl\":\"https:\\\/\\\/www.infarma.es\\\/wp-content\\\/uploads\\\/2024\\\/07\\\/inf24-mcdavid-kt_tape-blog.webp\",\"datePublished\":\"2024-03-14T12:00:00+00:00\",\"dateModified\":\"2024-07-23T09:17:46+00:00\",\"description\":\"McDavid y KT Tape le invitamos a visitar nuestro stand 3E01 (pabell\u00f3n 3) los pr\u00f3ximos dias 19, 20 y 21 de marzo en IFEMA (Madrid)\",\"breadcrumb\":{\"@id\":\"https:\\\/\\\/www.infarma.es\\\/en\\\/taller-formativo-vendaje-funcional-y-ortesis\\\/#breadcrumb\"},\"inLanguage\":\"en-US\",\"potentialAction\":[{\"@type\":\"ReadAction\",\"target\":[\"https:\\\/\\\/www.infarma.es\\\/en\\\/taller-formativo-vendaje-funcional-y-ortesis\\\/\"]}]},{\"@type\":\"ImageObject\",\"inLanguage\":\"en-US\",\"@id\":\"https:\\\/\\\/www.infarma.es\\\/en\\\/taller-formativo-vendaje-funcional-y-ortesis\\\/#primaryimage\",\"url\":\"https:\\\/\\\/www.infarma.es\\\/wp-content\\\/uploads\\\/2024\\\/07\\\/inf24-mcdavid-kt_tape-blog.webp\",\"contentUrl\":\"https:\\\/\\\/www.infarma.es\\\/wp-content\\\/uploads\\\/2024\\\/07\\\/inf24-mcdavid-kt_tape-blog.webp\",\"width\":1600,\"height\":900},{\"@type\":\"BreadcrumbList\",\"@id\":\"https:\\\/\\\/www.infarma.es\\\/en\\\/taller-formativo-vendaje-funcional-y-ortesis\\\/#breadcrumb\",\"itemListElement\":[{\"@type\":\"ListItem\",\"position\":1,\"name\":\"Portada\",\"item\":\"https:\\\/\\\/www.infarma.es\\\/en\\\/\"},{\"@type\":\"ListItem\",\"position\":2,\"name\":\"Taller formativo: \u00abVendaje funcional y ortesis\u00bb\"}]},{\"@type\":\"WebSite\",\"@id\":\"https:\\\/\\\/www.infarma.es\\\/en\\\/#website\",\"url\":\"https:\\\/\\\/www.infarma.es\\\/en\\\/\",\"name\":\"Infarma\",\"description\":\"El mayor encuentro de farmacia\",\"publisher\":{\"@id\":\"https:\\\/\\\/www.infarma.es\\\/en\\\/#organization\"},\"potentialAction\":[{\"@type\":\"SearchAction\",\"target\":{\"@type\":\"EntryPoint\",\"urlTemplate\":\"https:\\\/\\\/www.infarma.es\\\/en\\\/?s={search_term_string}\"},\"query-input\":{\"@type\":\"PropertyValueSpecification\",\"valueRequired\":true,\"valueName\":\"search_term_string\"}}],\"inLanguage\":\"en-US\"},{\"@type\":\"Organization\",\"@id\":\"https:\\\/\\\/www.infarma.es\\\/en\\\/#organization\",\"name\":\"Infarma\",\"url\":\"https:\\\/\\\/www.infarma.es\\\/en\\\/\",\"logo\":{\"@type\":\"ImageObject\",\"inLanguage\":\"en-US\",\"@id\":\"https:\\\/\\\/www.infarma.es\\\/en\\\/#\\\/schema\\\/logo\\\/image\\\/\",\"url\":\"https:\\\/\\\/www.infarma.es\\\/wp-content\\\/uploads\\\/2024\\\/10\\\/logo-simple.svg\",\"contentUrl\":\"https:\\\/\\\/www.infarma.es\\\/wp-content\\\/uploads\\\/2024\\\/10\\\/logo-simple.svg\",\"width\":1,\"height\":1,\"caption\":\"Infarma\"},\"image\":{\"@id\":\"https:\\\/\\\/www.infarma.es\\\/en\\\/#\\\/schema\\\/logo\\\/image\\\/\"},\"sameAs\":[\"https:\\\/\\\/www.facebook.com\\\/infarmaoficial\\\/\",\"https:\\\/\\\/x.com\\\/infarma_es\",\"https:\\\/\\\/www.instagram.com\\\/infarma_oficial\\\/\",\"https:\\\/\\\/www.linkedin.com\\\/showcase\\\/infarma-salon\\\/\",\"https:\\\/\\\/www.youtube.com\\\/@INFARMAOFICIAL\"]},{\"@type\":\"Person\",\"@id\":\"https:\\\/\\\/www.infarma.es\\\/en\\\/#\\\/schema\\\/person\\\/e53486dc47606cc5c89217026a8a01a7\",\"name\":\"xavier\",\"image\":{\"@type\":\"ImageObject\",\"inLanguage\":\"en-US\",\"@id\":\"https:\\\/\\\/secure.gravatar.com\\\/avatar\\\/9014b89254123c1f240ae636cc793b98ce50ec2df162909756be1d23adc503e4?s=96&d=mm&r=g\",\"url\":\"https:\\\/\\\/secure.gravatar.com\\\/avatar\\\/9014b89254123c1f240ae636cc793b98ce50ec2df162909756be1d23adc503e4?s=96&d=mm&r=g\",\"contentUrl\":\"https:\\\/\\\/secure.gravatar.com\\\/avatar\\\/9014b89254123c1f240ae636cc793b98ce50ec2df162909756be1d23adc503e4?s=96&d=mm&r=g\",\"caption\":\"xavier\"},\"url\":\"https:\\\/\\\/www.infarma.es\\\/en\\\/author\\\/xavier\\\/\"}]}<\/script>\n<!-- \/ Yoast SEO plugin. -->","yoast_head_json":{"title":"Taller formativo: \"Vendaje funcional y ortesis\"","description":"McDavid y KT Tape le invitamos a visitar nuestro stand 3E01 (pabell\u00f3n 3) los pr\u00f3ximos dias 19, 20 y 21 de marzo en IFEMA (Madrid)","robots":{"index":"index","follow":"follow","max-snippet":"max-snippet:-1","max-image-preview":"max-image-preview:large","max-video-preview":"max-video-preview:-1"},"canonical":"https:\/\/www.infarma.es\/en\/taller-formativo-vendaje-funcional-y-ortesis\/","og_locale":"en_US","og_type":"article","og_title":"Taller formativo: \"Vendaje funcional y ortesis\"","og_description":"McDavid y KT Tape le invitamos a visitar nuestro stand 3E01 (pabell\u00f3n 3) los pr\u00f3ximos dias 19, 20 y 21 de marzo en IFEMA (Madrid)","og_url":"https:\/\/www.infarma.es\/en\/taller-formativo-vendaje-funcional-y-ortesis\/","og_site_name":"Infarma","article_publisher":"https:\/\/www.facebook.com\/infarmaoficial\/","article_published_time":"2024-03-14T12:00:00+00:00","article_modified_time":"2024-07-23T09:17:46+00:00","og_image":[{"width":1600,"height":900,"url":"https:\/\/www.infarma.es\/wp-content\/uploads\/2024\/07\/inf24-mcdavid-kt_tape-blog.webp","type":"image\/webp"}],"author":"xavier","twitter_card":"summary_large_image","twitter_creator":"@infarma_es","twitter_site":"@infarma_es","twitter_misc":{"Written by":"xavier","Est. reading time":"1 minute"},"schema":{"@context":"https:\/\/schema.org","@graph":[{"@type":"Article","@id":"https:\/\/www.infarma.es\/en\/taller-formativo-vendaje-funcional-y-ortesis\/#article","isPartOf":{"@id":"https:\/\/www.infarma.es\/en\/taller-formativo-vendaje-funcional-y-ortesis\/"},"author":{"name":"xavier","@id":"https:\/\/www.infarma.es\/en\/#\/schema\/person\/e53486dc47606cc5c89217026a8a01a7"},"headline":"Taller formativo: &#8220;Vendaje funcional y ortesis&#8221;","datePublished":"2024-03-14T12:00:00+00:00","dateModified":"2024-07-23T09:17:46+00:00","mainEntityOfPage":{"@id":"https:\/\/www.infarma.es\/en\/taller-formativo-vendaje-funcional-y-ortesis\/"},"wordCount":70,"publisher":{"@id":"https:\/\/www.infarma.es\/en\/#organization"},"image":{"@id":"https:\/\/www.infarma.es\/en\/taller-formativo-vendaje-funcional-y-ortesis\/#primaryimage"},"thumbnailUrl":"https:\/\/www.infarma.es\/wp-content\/uploads\/2024\/07\/inf24-mcdavid-kt_tape-blog.webp","articleSection":["Noticias del Sal\u00f3n"],"inLanguage":"en-US"},{"@type":"WebPage","@id":"https:\/\/www.infarma.es\/en\/taller-formativo-vendaje-funcional-y-ortesis\/","url":"https:\/\/www.infarma.es\/en\/taller-formativo-vendaje-funcional-y-ortesis\/","name":"Taller formativo: \"Vendaje funcional y ortesis\"","isPartOf":{"@id":"https:\/\/www.infarma.es\/en\/#website"},"primaryImageOfPage":{"@id":"https:\/\/www.infarma.es\/en\/taller-formativo-vendaje-funcional-y-ortesis\/#primaryimage"},"image":{"@id":"https:\/\/www.infarma.es\/en\/taller-formativo-vendaje-funcional-y-ortesis\/#primaryimage"},"thumbnailUrl":"https:\/\/www.infarma.es\/wp-content\/uploads\/2024\/07\/inf24-mcdavid-kt_tape-blog.webp","datePublished":"2024-03-14T12:00:00+00:00","dateModified":"2024-07-23T09:17:46+00:00","description":"McDavid y KT Tape le invitamos a visitar nuestro stand 3E01 (pabell\u00f3n 3) los pr\u00f3ximos dias 19, 20 y 21 de marzo en IFEMA (Madrid)","breadcrumb":{"@id":"https:\/\/www.infarma.es\/en\/taller-formativo-vendaje-funcional-y-ortesis\/#breadcrumb"},"inLanguage":"en-US","potentialAction":[{"@type":"ReadAction","target":["https:\/\/www.infarma.es\/en\/taller-formativo-vendaje-funcional-y-ortesis\/"]}]},{"@type":"ImageObject","inLanguage":"en-US","@id":"https:\/\/www.infarma.es\/en\/taller-formativo-vendaje-funcional-y-ortesis\/#primaryimage","url":"https:\/\/www.infarma.es\/wp-content\/uploads\/2024\/07\/inf24-mcdavid-kt_tape-blog.webp","contentUrl":"https:\/\/www.infarma.es\/wp-content\/uploads\/2024\/07\/inf24-mcdavid-kt_tape-blog.webp","width":1600,"height":900},{"@type":"BreadcrumbList","@id":"https:\/\/www.infarma.es\/en\/taller-formativo-vendaje-funcional-y-ortesis\/#breadcrumb","itemListElement":[{"@type":"ListItem","position":1,"name":"Portada","item":"https:\/\/www.infarma.es\/en\/"},{"@type":"ListItem","position":2,"name":"Taller formativo: \u00abVendaje funcional y ortesis\u00bb"}]},{"@type":"WebSite","@id":"https:\/\/www.infarma.es\/en\/#website","url":"https:\/\/www.infarma.es\/en\/","name":"Infarma","description":"El mayor encuentro de farmacia","publisher":{"@id":"https:\/\/www.infarma.es\/en\/#organization"},"potentialAction":[{"@type":"SearchAction","target":{"@type":"EntryPoint","urlTemplate":"https:\/\/www.infarma.es\/en\/?s={search_term_string}"},"query-input":{"@type":"PropertyValueSpecification","valueRequired":true,"valueName":"search_term_string"}}],"inLanguage":"en-US"},{"@type":"Organization","@id":"https:\/\/www.infarma.es\/en\/#organization","name":"Infarma","url":"https:\/\/www.infarma.es\/en\/","logo":{"@type":"ImageObject","inLanguage":"en-US","@id":"https:\/\/www.infarma.es\/en\/#\/schema\/logo\/image\/","url":"https:\/\/www.infarma.es\/wp-content\/uploads\/2024\/10\/logo-simple.svg","contentUrl":"https:\/\/www.infarma.es\/wp-content\/uploads\/2024\/10\/logo-simple.svg","width":1,"height":1,"caption":"Infarma"},"image":{"@id":"https:\/\/www.infarma.es\/en\/#\/schema\/logo\/image\/"},"sameAs":["https:\/\/www.facebook.com\/infarmaoficial\/","https:\/\/x.com\/infarma_es","https:\/\/www.instagram.com\/infarma_oficial\/","https:\/\/www.linkedin.com\/showcase\/infarma-salon\/","https:\/\/www.youtube.com\/@INFARMAOFICIAL"]},{"@type":"Person","@id":"https:\/\/www.infarma.es\/en\/#\/schema\/person\/e53486dc47606cc5c89217026a8a01a7","name":"xavier","image":{"@type":"ImageObject","inLanguage":"en-US","@id":"https:\/\/secure.gravatar.com\/avatar\/9014b89254123c1f240ae636cc793b98ce50ec2df162909756be1d23adc503e4?s=96&d=mm&r=g","url":"https:\/\/secure.gravatar.com\/avatar\/9014b89254123c1f240ae636cc793b98ce50ec2df162909756be1d23adc503e4?s=96&d=mm&r=g","contentUrl":"https:\/\/secure.gravatar.com\/avatar\/9014b89254123c1f240ae636cc793b98ce50ec2df162909756be1d23adc503e4?s=96&d=mm&r=g","caption":"xavier"},"url":"https:\/\/www.infarma.es\/en\/author\/xavier\/"}]}},"_links":{"self":[{"href":"https:\/\/www.infarma.es\/en\/wp-json\/wp\/v2\/posts\/13215","targetHints":{"allow":["GET"]}}],"collection":[{"href":"https:\/\/www.infarma.es\/en\/wp-json\/wp\/v2\/posts"}],"about":[{"href":"https:\/\/www.infarma.es\/en\/wp-json\/wp\/v2\/types\/post"}],"author":[{"embeddable":true,"href":"https:\/\/www.infarma.es\/en\/wp-json\/wp\/v2\/users\/2"}],"replies":[{"embeddable":true,"href":"https:\/\/www.infarma.es\/en\/wp-json\/wp\/v2\/comments?post=13215"}],"version-history":[{"count":2,"href":"https:\/\/www.infarma.es\/en\/wp-json\/wp\/v2\/posts\/13215\/revisions"}],"predecessor-version":[{"id":13388,"href":"https:\/\/www.infarma.es\/en\/wp-json\/wp\/v2\/posts\/13215\/revisions\/13388"}],"wp:featuredmedia":[{"embeddable":true,"href":"https:\/\/www.infarma.es\/en\/wp-json\/wp\/v2\/media\/13374"}],"wp:attachment":[{"href":"https:\/\/www.infarma.es\/en\/wp-json\/wp\/v2\/media?parent=13215"}],"wp:term":[{"taxonomy":"category","embeddable":true,"href":"https:\/\/www.infarma.es\/en\/wp-json\/wp\/v2\/categories?post=13215"},{"taxonomy":"post_tag","embeddable":true,"href":"https:\/\/www.infarma.es\/en\/wp-json\/wp\/v2\/tags?post=13215"}],"curies":[{"name":"wp","href":"https:\/\/api.w.org\/{rel}","templated":true}]}}