{"id":13435,"date":"2024-01-18T13:40:35","date_gmt":"2024-01-18T12:40:35","guid":{"rendered":"https:\/\/www.infarma.es\/?p=11160"},"modified":"2024-07-23T12:41:14","modified_gmt":"2024-07-23T10:41:14","slug":"faes-farma-participara-en-infarma-2024-con-encuentros-profesionales-de-gran-actualidad-para-el-sector","status":"publish","type":"post","link":"https:\/\/www.infarma.es\/en\/faes-farma-participara-en-infarma-2024-con-encuentros-profesionales-de-gran-actualidad-para-el-sector\/","title":{"rendered":"Faes Farma participar\u00e1 en Infarma 2024 con encuentros profesionales de gran actualidad para el sector"},"content":{"rendered":"\n<p>Un a\u00f1o m\u00e1s y en el marco de este importante congreso, se llevar\u00e1 a cabo la iniciativa ONFARMA FAES que recoger\u00e1 todas las conversaciones de profesional a profesional de la farmacia que se desarrollen en el stand de la compa\u00f1\u00eda y que tratar\u00e1n las tem\u00e1ticas m\u00e1s candentes y de actualidad del sector.<\/p>\n\n\n\n<p><a href=\"https:\/\/faesfarma.com\/\" target=\"_blank\" rel=\"noreferrer noopener\">Faes Farma<\/a> estar\u00e1 presente en el Encuentro Europeo de Farmacia, Infarma Madrid 2024, que tendr\u00e1 lugar del 19 al 21 de marzo en IFEMA Feria de Madrid, a trav\u00e9s de un ciclo de entrevistas en directo, y retransmitidas tambi\u00e9n v\u00eda <em>streaming<\/em>, con profesionales farmac\u00e9uticos en su stand n\u00ba 3D24. En estos encuentros farmac\u00e9uticos participar\u00e1n reconocidos profesionales del sector que hablar\u00e1n y debatir\u00e1n sobre los temas m\u00e1s relevantes e interesantes del momento. &nbsp;<\/p>\n\n\n\n<p>\u201cPor tercer a\u00f1o consecutivo y dentro del marco de este congreso, queremos poner de nuevo en marcha el proyecto ONFARMA FAES que recoge todas las conversaciones profesionales que se llevan a cabo en nuestro <em>stand<\/em> y que tan buena acogida ha tenido las ediciones anteriores\u201d, afirma Anna Espa\u00f1ol, gerente de marketing de <em>Healthcare<\/em> de Faes Farma.<\/p>\n\n\n\n<p>Y a\u00f1ade: \u201cLa actualizaci\u00f3n de las tem\u00e1ticas y contenidos m\u00e1s relevantes del sector es clave en la evoluci\u00f3n y desarrollo del profesional farmac\u00e9utico. En <a href=\"https:\/\/faesfarma.com\/\" target=\"_blank\" rel=\"noreferrer noopener\">Faes Farma<\/a> somos conscientes de la importancia de la formaci\u00f3n continua del profesional. Por ello, ponemos a su disposici\u00f3n contenidos de gran inter\u00e9s y actualidad no solo en estos encuentros puntuales sino permanentemente a trav\u00e9s de nuestra plataforma &nbsp;<a href=\"https:\/\/impactafaes.faesfarma.com\/\" target=\"_blank\" rel=\"noreferrer noopener\">IMPACTA FAES FARMA<\/a>: un espacio diferente, intuitivo y \u00e1gil en el que los profesionales sanitarios aprenden a su ritmo en el momento m\u00e1s adecuado para cada uno (24\/7). Todo esto lo hacemos con el objetivo de ayudar al profesional farmac\u00e9utico en su labor asistencial diaria en el mostrador\u201d.<\/p>\n\n\n\n<p>Desde su espacio en Infarma, <a href=\"https:\/\/faesfarma.com\/\" target=\"_blank\" rel=\"noreferrer noopener\">Faes Farma<\/a> atender\u00e1 y ofrecer\u00e1 asistencia personalizada a todos aquellos profesionales farmac\u00e9uticos que lo deseen poniendo a su servicio todos sus conocimientos del sector.<\/p>\n\n\n\n<div style=\"height:30px\" aria-hidden=\"true\" class=\"wp-block-spacer\"><\/div>\n\n\n\n<h3 class=\"wp-block-heading\"><strong>Sobre Faes Farma<\/strong><\/h3>\n\n\n\n<p>Fundada en 1933, Faes Farma es una compa\u00f1\u00eda farmac\u00e9utica espa\u00f1ola con una amplia trayectoria internacional que investiga, fabrica y comercializa productos farmac\u00e9uticos, as\u00ed como complementos alimenticios, cosm\u00e9ticos, productos sanitarios y materias primas, exportando a m\u00e1s de 60 pa\u00edses. Para m\u00e1s informaci\u00f3n, visite <a href=\"http:\/\/www.faesfarma.com\" target=\"_blank\" rel=\"noreferrer noopener\">www.faesfarma.com<\/a><\/p>\n\n\n\n<div style=\"height:30px\" aria-hidden=\"true\" class=\"wp-block-spacer\"><\/div>\n\n\n\n<p>NOTA: informaci\u00f3n dirigida a profesionales de la salud. Este comunicado contiene informaci\u00f3n sensible sobre salud. Por motivos legales, rogamos no modificar los textos que extraigan de esta nota de prensa (o documento). En caso de que necesiten adaptar los textos al espacio de publicaci\u00f3n disponible, no pueden modificar el sentido del texto.<\/p>\n","protected":false},"excerpt":{"rendered":"<p>Un a\u00f1o m\u00e1s y en el marco de este importante congreso, se llevar\u00e1 a cabo la iniciativa ONFARMA FAES que recoger\u00e1 todas las conversaciones de profesional a profesional de la farmacia que se desarrollen en el stand de la compa\u00f1\u00eda y que tratar\u00e1n las tem\u00e1ticas m\u00e1s candentes y de actualidad del sector. Faes Farma estar\u00e1 [&hellip;]<\/p>\n","protected":false},"author":2,"featured_media":13563,"comment_status":"closed","ping_status":"closed","sticky":false,"template":"","format":"standard","meta":{"footnotes":""},"categories":[141],"tags":[],"class_list":["post-13435","post","type-post","status-publish","format-standard","has-post-thumbnail","hentry","category-noticias-del-salon"],"yoast_head":"<!-- This site is optimized with the Yoast SEO plugin v27.4 - https:\/\/yoast.com\/product\/yoast-seo-wordpress\/ -->\n<title>Faes Farma participar\u00e1 en Infarma 2024 con encuentros profesionales de gran actualidad para el sector<\/title>\n<meta name=\"description\" content=\"La actualizaci\u00f3n de las tem\u00e1ticas y contenidos m\u00e1s relevantes del sector es clave en la evoluci\u00f3n y desarrollo del profesional farmac\u00e9utico.\" \/>\n<meta name=\"robots\" content=\"index, follow, max-snippet:-1, max-image-preview:large, max-video-preview:-1\" \/>\n<link rel=\"canonical\" href=\"https:\/\/www.infarma.es\/en\/faes-farma-participara-en-infarma-2024-con-encuentros-profesionales-de-gran-actualidad-para-el-sector\/\" \/>\n<meta property=\"og:locale\" content=\"en_US\" \/>\n<meta property=\"og:type\" content=\"article\" \/>\n<meta property=\"og:title\" content=\"Faes Farma participar\u00e1 en Infarma 2024 con encuentros profesionales de gran actualidad para el sector\" \/>\n<meta property=\"og:description\" content=\"La actualizaci\u00f3n de las tem\u00e1ticas y contenidos m\u00e1s relevantes del sector es clave en la evoluci\u00f3n y desarrollo del profesional farmac\u00e9utico.\" \/>\n<meta property=\"og:url\" content=\"https:\/\/www.infarma.es\/en\/faes-farma-participara-en-infarma-2024-con-encuentros-profesionales-de-gran-actualidad-para-el-sector\/\" \/>\n<meta property=\"og:site_name\" content=\"Infarma\" \/>\n<meta property=\"article:publisher\" content=\"https:\/\/www.facebook.com\/infarmaoficial\/\" \/>\n<meta property=\"article:published_time\" content=\"2024-01-18T12:40:35+00:00\" \/>\n<meta property=\"article:modified_time\" content=\"2024-07-23T10:41:14+00:00\" \/>\n<meta property=\"og:image\" content=\"https:\/\/www.infarma.es\/wp-content\/uploads\/2024\/07\/inf24-FaesFarma-blog.webp\" \/>\n\t<meta property=\"og:image:width\" content=\"1600\" \/>\n\t<meta property=\"og:image:height\" content=\"900\" \/>\n\t<meta property=\"og:image:type\" content=\"image\/webp\" \/>\n<meta name=\"author\" content=\"xavier\" \/>\n<meta name=\"twitter:card\" content=\"summary_large_image\" \/>\n<meta name=\"twitter:creator\" content=\"@infarma_es\" \/>\n<meta name=\"twitter:site\" content=\"@infarma_es\" \/>\n<meta name=\"twitter:label1\" content=\"Written by\" \/>\n\t<meta name=\"twitter:data1\" content=\"xavier\" \/>\n\t<meta name=\"twitter:label2\" content=\"Est. reading time\" \/>\n\t<meta name=\"twitter:data2\" content=\"2 minutes\" \/>\n<script type=\"application\/ld+json\" class=\"yoast-schema-graph\">{\"@context\":\"https:\\\/\\\/schema.org\",\"@graph\":[{\"@type\":\"Article\",\"@id\":\"https:\\\/\\\/www.infarma.es\\\/en\\\/faes-farma-participara-en-infarma-2024-con-encuentros-profesionales-de-gran-actualidad-para-el-sector\\\/#article\",\"isPartOf\":{\"@id\":\"https:\\\/\\\/www.infarma.es\\\/en\\\/faes-farma-participara-en-infarma-2024-con-encuentros-profesionales-de-gran-actualidad-para-el-sector\\\/\"},\"author\":{\"name\":\"xavier\",\"@id\":\"https:\\\/\\\/www.infarma.es\\\/en\\\/#\\\/schema\\\/person\\\/e53486dc47606cc5c89217026a8a01a7\"},\"headline\":\"Faes Farma participar\u00e1 en Infarma 2024 con encuentros profesionales de gran actualidad para el sector\",\"datePublished\":\"2024-01-18T12:40:35+00:00\",\"dateModified\":\"2024-07-23T10:41:14+00:00\",\"mainEntityOfPage\":{\"@id\":\"https:\\\/\\\/www.infarma.es\\\/en\\\/faes-farma-participara-en-infarma-2024-con-encuentros-profesionales-de-gran-actualidad-para-el-sector\\\/\"},\"wordCount\":470,\"publisher\":{\"@id\":\"https:\\\/\\\/www.infarma.es\\\/en\\\/#organization\"},\"image\":{\"@id\":\"https:\\\/\\\/www.infarma.es\\\/en\\\/faes-farma-participara-en-infarma-2024-con-encuentros-profesionales-de-gran-actualidad-para-el-sector\\\/#primaryimage\"},\"thumbnailUrl\":\"https:\\\/\\\/www.infarma.es\\\/wp-content\\\/uploads\\\/2024\\\/07\\\/inf24-FaesFarma-blog.webp\",\"articleSection\":[\"Noticias del Sal\u00f3n\"],\"inLanguage\":\"en-US\"},{\"@type\":\"WebPage\",\"@id\":\"https:\\\/\\\/www.infarma.es\\\/en\\\/faes-farma-participara-en-infarma-2024-con-encuentros-profesionales-de-gran-actualidad-para-el-sector\\\/\",\"url\":\"https:\\\/\\\/www.infarma.es\\\/en\\\/faes-farma-participara-en-infarma-2024-con-encuentros-profesionales-de-gran-actualidad-para-el-sector\\\/\",\"name\":\"Faes Farma participar\u00e1 en Infarma 2024 con encuentros profesionales de gran actualidad para el sector\",\"isPartOf\":{\"@id\":\"https:\\\/\\\/www.infarma.es\\\/en\\\/#website\"},\"primaryImageOfPage\":{\"@id\":\"https:\\\/\\\/www.infarma.es\\\/en\\\/faes-farma-participara-en-infarma-2024-con-encuentros-profesionales-de-gran-actualidad-para-el-sector\\\/#primaryimage\"},\"image\":{\"@id\":\"https:\\\/\\\/www.infarma.es\\\/en\\\/faes-farma-participara-en-infarma-2024-con-encuentros-profesionales-de-gran-actualidad-para-el-sector\\\/#primaryimage\"},\"thumbnailUrl\":\"https:\\\/\\\/www.infarma.es\\\/wp-content\\\/uploads\\\/2024\\\/07\\\/inf24-FaesFarma-blog.webp\",\"datePublished\":\"2024-01-18T12:40:35+00:00\",\"dateModified\":\"2024-07-23T10:41:14+00:00\",\"description\":\"La actualizaci\u00f3n de las tem\u00e1ticas y contenidos m\u00e1s relevantes del sector es clave en la evoluci\u00f3n y desarrollo del profesional farmac\u00e9utico.\",\"breadcrumb\":{\"@id\":\"https:\\\/\\\/www.infarma.es\\\/en\\\/faes-farma-participara-en-infarma-2024-con-encuentros-profesionales-de-gran-actualidad-para-el-sector\\\/#breadcrumb\"},\"inLanguage\":\"en-US\",\"potentialAction\":[{\"@type\":\"ReadAction\",\"target\":[\"https:\\\/\\\/www.infarma.es\\\/en\\\/faes-farma-participara-en-infarma-2024-con-encuentros-profesionales-de-gran-actualidad-para-el-sector\\\/\"]}]},{\"@type\":\"ImageObject\",\"inLanguage\":\"en-US\",\"@id\":\"https:\\\/\\\/www.infarma.es\\\/en\\\/faes-farma-participara-en-infarma-2024-con-encuentros-profesionales-de-gran-actualidad-para-el-sector\\\/#primaryimage\",\"url\":\"https:\\\/\\\/www.infarma.es\\\/wp-content\\\/uploads\\\/2024\\\/07\\\/inf24-FaesFarma-blog.webp\",\"contentUrl\":\"https:\\\/\\\/www.infarma.es\\\/wp-content\\\/uploads\\\/2024\\\/07\\\/inf24-FaesFarma-blog.webp\",\"width\":1600,\"height\":900},{\"@type\":\"BreadcrumbList\",\"@id\":\"https:\\\/\\\/www.infarma.es\\\/en\\\/faes-farma-participara-en-infarma-2024-con-encuentros-profesionales-de-gran-actualidad-para-el-sector\\\/#breadcrumb\",\"itemListElement\":[{\"@type\":\"ListItem\",\"position\":1,\"name\":\"Portada\",\"item\":\"https:\\\/\\\/www.infarma.es\\\/en\\\/\"},{\"@type\":\"ListItem\",\"position\":2,\"name\":\"Faes Farma participar\u00e1 en Infarma 2024 con encuentros profesionales de gran actualidad para el sector\"}]},{\"@type\":\"WebSite\",\"@id\":\"https:\\\/\\\/www.infarma.es\\\/en\\\/#website\",\"url\":\"https:\\\/\\\/www.infarma.es\\\/en\\\/\",\"name\":\"Infarma\",\"description\":\"El mayor encuentro de farmacia\",\"publisher\":{\"@id\":\"https:\\\/\\\/www.infarma.es\\\/en\\\/#organization\"},\"potentialAction\":[{\"@type\":\"SearchAction\",\"target\":{\"@type\":\"EntryPoint\",\"urlTemplate\":\"https:\\\/\\\/www.infarma.es\\\/en\\\/?s={search_term_string}\"},\"query-input\":{\"@type\":\"PropertyValueSpecification\",\"valueRequired\":true,\"valueName\":\"search_term_string\"}}],\"inLanguage\":\"en-US\"},{\"@type\":\"Organization\",\"@id\":\"https:\\\/\\\/www.infarma.es\\\/en\\\/#organization\",\"name\":\"Infarma\",\"url\":\"https:\\\/\\\/www.infarma.es\\\/en\\\/\",\"logo\":{\"@type\":\"ImageObject\",\"inLanguage\":\"en-US\",\"@id\":\"https:\\\/\\\/www.infarma.es\\\/en\\\/#\\\/schema\\\/logo\\\/image\\\/\",\"url\":\"https:\\\/\\\/www.infarma.es\\\/wp-content\\\/uploads\\\/2024\\\/10\\\/logo-simple.svg\",\"contentUrl\":\"https:\\\/\\\/www.infarma.es\\\/wp-content\\\/uploads\\\/2024\\\/10\\\/logo-simple.svg\",\"width\":1,\"height\":1,\"caption\":\"Infarma\"},\"image\":{\"@id\":\"https:\\\/\\\/www.infarma.es\\\/en\\\/#\\\/schema\\\/logo\\\/image\\\/\"},\"sameAs\":[\"https:\\\/\\\/www.facebook.com\\\/infarmaoficial\\\/\",\"https:\\\/\\\/x.com\\\/infarma_es\",\"https:\\\/\\\/www.instagram.com\\\/infarma_oficial\\\/\",\"https:\\\/\\\/www.linkedin.com\\\/showcase\\\/infarma-salon\\\/\",\"https:\\\/\\\/www.youtube.com\\\/@INFARMAOFICIAL\"]},{\"@type\":\"Person\",\"@id\":\"https:\\\/\\\/www.infarma.es\\\/en\\\/#\\\/schema\\\/person\\\/e53486dc47606cc5c89217026a8a01a7\",\"name\":\"xavier\",\"image\":{\"@type\":\"ImageObject\",\"inLanguage\":\"en-US\",\"@id\":\"https:\\\/\\\/secure.gravatar.com\\\/avatar\\\/9014b89254123c1f240ae636cc793b98ce50ec2df162909756be1d23adc503e4?s=96&d=mm&r=g\",\"url\":\"https:\\\/\\\/secure.gravatar.com\\\/avatar\\\/9014b89254123c1f240ae636cc793b98ce50ec2df162909756be1d23adc503e4?s=96&d=mm&r=g\",\"contentUrl\":\"https:\\\/\\\/secure.gravatar.com\\\/avatar\\\/9014b89254123c1f240ae636cc793b98ce50ec2df162909756be1d23adc503e4?s=96&d=mm&r=g\",\"caption\":\"xavier\"},\"url\":\"https:\\\/\\\/www.infarma.es\\\/en\\\/author\\\/xavier\\\/\"}]}<\/script>\n<!-- \/ Yoast SEO plugin. -->","yoast_head_json":{"title":"Faes Farma participar\u00e1 en Infarma 2024 con encuentros profesionales de gran actualidad para el sector","description":"La actualizaci\u00f3n de las tem\u00e1ticas y contenidos m\u00e1s relevantes del sector es clave en la evoluci\u00f3n y desarrollo del profesional farmac\u00e9utico.","robots":{"index":"index","follow":"follow","max-snippet":"max-snippet:-1","max-image-preview":"max-image-preview:large","max-video-preview":"max-video-preview:-1"},"canonical":"https:\/\/www.infarma.es\/en\/faes-farma-participara-en-infarma-2024-con-encuentros-profesionales-de-gran-actualidad-para-el-sector\/","og_locale":"en_US","og_type":"article","og_title":"Faes Farma participar\u00e1 en Infarma 2024 con encuentros profesionales de gran actualidad para el sector","og_description":"La actualizaci\u00f3n de las tem\u00e1ticas y contenidos m\u00e1s relevantes del sector es clave en la evoluci\u00f3n y desarrollo del profesional farmac\u00e9utico.","og_url":"https:\/\/www.infarma.es\/en\/faes-farma-participara-en-infarma-2024-con-encuentros-profesionales-de-gran-actualidad-para-el-sector\/","og_site_name":"Infarma","article_publisher":"https:\/\/www.facebook.com\/infarmaoficial\/","article_published_time":"2024-01-18T12:40:35+00:00","article_modified_time":"2024-07-23T10:41:14+00:00","og_image":[{"width":1600,"height":900,"url":"https:\/\/www.infarma.es\/wp-content\/uploads\/2024\/07\/inf24-FaesFarma-blog.webp","type":"image\/webp"}],"author":"xavier","twitter_card":"summary_large_image","twitter_creator":"@infarma_es","twitter_site":"@infarma_es","twitter_misc":{"Written by":"xavier","Est. reading time":"2 minutes"},"schema":{"@context":"https:\/\/schema.org","@graph":[{"@type":"Article","@id":"https:\/\/www.infarma.es\/en\/faes-farma-participara-en-infarma-2024-con-encuentros-profesionales-de-gran-actualidad-para-el-sector\/#article","isPartOf":{"@id":"https:\/\/www.infarma.es\/en\/faes-farma-participara-en-infarma-2024-con-encuentros-profesionales-de-gran-actualidad-para-el-sector\/"},"author":{"name":"xavier","@id":"https:\/\/www.infarma.es\/en\/#\/schema\/person\/e53486dc47606cc5c89217026a8a01a7"},"headline":"Faes Farma participar\u00e1 en Infarma 2024 con encuentros profesionales de gran actualidad para el sector","datePublished":"2024-01-18T12:40:35+00:00","dateModified":"2024-07-23T10:41:14+00:00","mainEntityOfPage":{"@id":"https:\/\/www.infarma.es\/en\/faes-farma-participara-en-infarma-2024-con-encuentros-profesionales-de-gran-actualidad-para-el-sector\/"},"wordCount":470,"publisher":{"@id":"https:\/\/www.infarma.es\/en\/#organization"},"image":{"@id":"https:\/\/www.infarma.es\/en\/faes-farma-participara-en-infarma-2024-con-encuentros-profesionales-de-gran-actualidad-para-el-sector\/#primaryimage"},"thumbnailUrl":"https:\/\/www.infarma.es\/wp-content\/uploads\/2024\/07\/inf24-FaesFarma-blog.webp","articleSection":["Noticias del Sal\u00f3n"],"inLanguage":"en-US"},{"@type":"WebPage","@id":"https:\/\/www.infarma.es\/en\/faes-farma-participara-en-infarma-2024-con-encuentros-profesionales-de-gran-actualidad-para-el-sector\/","url":"https:\/\/www.infarma.es\/en\/faes-farma-participara-en-infarma-2024-con-encuentros-profesionales-de-gran-actualidad-para-el-sector\/","name":"Faes Farma participar\u00e1 en Infarma 2024 con encuentros profesionales de gran actualidad para el sector","isPartOf":{"@id":"https:\/\/www.infarma.es\/en\/#website"},"primaryImageOfPage":{"@id":"https:\/\/www.infarma.es\/en\/faes-farma-participara-en-infarma-2024-con-encuentros-profesionales-de-gran-actualidad-para-el-sector\/#primaryimage"},"image":{"@id":"https:\/\/www.infarma.es\/en\/faes-farma-participara-en-infarma-2024-con-encuentros-profesionales-de-gran-actualidad-para-el-sector\/#primaryimage"},"thumbnailUrl":"https:\/\/www.infarma.es\/wp-content\/uploads\/2024\/07\/inf24-FaesFarma-blog.webp","datePublished":"2024-01-18T12:40:35+00:00","dateModified":"2024-07-23T10:41:14+00:00","description":"La actualizaci\u00f3n de las tem\u00e1ticas y contenidos m\u00e1s relevantes del sector es clave en la evoluci\u00f3n y desarrollo del profesional farmac\u00e9utico.","breadcrumb":{"@id":"https:\/\/www.infarma.es\/en\/faes-farma-participara-en-infarma-2024-con-encuentros-profesionales-de-gran-actualidad-para-el-sector\/#breadcrumb"},"inLanguage":"en-US","potentialAction":[{"@type":"ReadAction","target":["https:\/\/www.infarma.es\/en\/faes-farma-participara-en-infarma-2024-con-encuentros-profesionales-de-gran-actualidad-para-el-sector\/"]}]},{"@type":"ImageObject","inLanguage":"en-US","@id":"https:\/\/www.infarma.es\/en\/faes-farma-participara-en-infarma-2024-con-encuentros-profesionales-de-gran-actualidad-para-el-sector\/#primaryimage","url":"https:\/\/www.infarma.es\/wp-content\/uploads\/2024\/07\/inf24-FaesFarma-blog.webp","contentUrl":"https:\/\/www.infarma.es\/wp-content\/uploads\/2024\/07\/inf24-FaesFarma-blog.webp","width":1600,"height":900},{"@type":"BreadcrumbList","@id":"https:\/\/www.infarma.es\/en\/faes-farma-participara-en-infarma-2024-con-encuentros-profesionales-de-gran-actualidad-para-el-sector\/#breadcrumb","itemListElement":[{"@type":"ListItem","position":1,"name":"Portada","item":"https:\/\/www.infarma.es\/en\/"},{"@type":"ListItem","position":2,"name":"Faes Farma participar\u00e1 en Infarma 2024 con encuentros profesionales de gran actualidad para el sector"}]},{"@type":"WebSite","@id":"https:\/\/www.infarma.es\/en\/#website","url":"https:\/\/www.infarma.es\/en\/","name":"Infarma","description":"El mayor encuentro de farmacia","publisher":{"@id":"https:\/\/www.infarma.es\/en\/#organization"},"potentialAction":[{"@type":"SearchAction","target":{"@type":"EntryPoint","urlTemplate":"https:\/\/www.infarma.es\/en\/?s={search_term_string}"},"query-input":{"@type":"PropertyValueSpecification","valueRequired":true,"valueName":"search_term_string"}}],"inLanguage":"en-US"},{"@type":"Organization","@id":"https:\/\/www.infarma.es\/en\/#organization","name":"Infarma","url":"https:\/\/www.infarma.es\/en\/","logo":{"@type":"ImageObject","inLanguage":"en-US","@id":"https:\/\/www.infarma.es\/en\/#\/schema\/logo\/image\/","url":"https:\/\/www.infarma.es\/wp-content\/uploads\/2024\/10\/logo-simple.svg","contentUrl":"https:\/\/www.infarma.es\/wp-content\/uploads\/2024\/10\/logo-simple.svg","width":1,"height":1,"caption":"Infarma"},"image":{"@id":"https:\/\/www.infarma.es\/en\/#\/schema\/logo\/image\/"},"sameAs":["https:\/\/www.facebook.com\/infarmaoficial\/","https:\/\/x.com\/infarma_es","https:\/\/www.instagram.com\/infarma_oficial\/","https:\/\/www.linkedin.com\/showcase\/infarma-salon\/","https:\/\/www.youtube.com\/@INFARMAOFICIAL"]},{"@type":"Person","@id":"https:\/\/www.infarma.es\/en\/#\/schema\/person\/e53486dc47606cc5c89217026a8a01a7","name":"xavier","image":{"@type":"ImageObject","inLanguage":"en-US","@id":"https:\/\/secure.gravatar.com\/avatar\/9014b89254123c1f240ae636cc793b98ce50ec2df162909756be1d23adc503e4?s=96&d=mm&r=g","url":"https:\/\/secure.gravatar.com\/avatar\/9014b89254123c1f240ae636cc793b98ce50ec2df162909756be1d23adc503e4?s=96&d=mm&r=g","contentUrl":"https:\/\/secure.gravatar.com\/avatar\/9014b89254123c1f240ae636cc793b98ce50ec2df162909756be1d23adc503e4?s=96&d=mm&r=g","caption":"xavier"},"url":"https:\/\/www.infarma.es\/en\/author\/xavier\/"}]}},"_links":{"self":[{"href":"https:\/\/www.infarma.es\/en\/wp-json\/wp\/v2\/posts\/13435","targetHints":{"allow":["GET"]}}],"collection":[{"href":"https:\/\/www.infarma.es\/en\/wp-json\/wp\/v2\/posts"}],"about":[{"href":"https:\/\/www.infarma.es\/en\/wp-json\/wp\/v2\/types\/post"}],"author":[{"embeddable":true,"href":"https:\/\/www.infarma.es\/en\/wp-json\/wp\/v2\/users\/2"}],"replies":[{"embeddable":true,"href":"https:\/\/www.infarma.es\/en\/wp-json\/wp\/v2\/comments?post=13435"}],"version-history":[{"count":2,"href":"https:\/\/www.infarma.es\/en\/wp-json\/wp\/v2\/posts\/13435\/revisions"}],"predecessor-version":[{"id":13614,"href":"https:\/\/www.infarma.es\/en\/wp-json\/wp\/v2\/posts\/13435\/revisions\/13614"}],"wp:featuredmedia":[{"embeddable":true,"href":"https:\/\/www.infarma.es\/en\/wp-json\/wp\/v2\/media\/13563"}],"wp:attachment":[{"href":"https:\/\/www.infarma.es\/en\/wp-json\/wp\/v2\/media?parent=13435"}],"wp:term":[{"taxonomy":"category","embeddable":true,"href":"https:\/\/www.infarma.es\/en\/wp-json\/wp\/v2\/categories?post=13435"},{"taxonomy":"post_tag","embeddable":true,"href":"https:\/\/www.infarma.es\/en\/wp-json\/wp\/v2\/tags?post=13435"}],"curies":[{"name":"wp","href":"https:\/\/api.w.org\/{rel}","templated":true}]}}