{"id":13443,"date":"2024-02-27T11:00:00","date_gmt":"2024-02-27T10:00:00","guid":{"rendered":"https:\/\/www.infarma.es\/?p=11487"},"modified":"2024-07-23T12:07:29","modified_gmt":"2024-07-23T10:07:29","slug":"iniciarse-en-la-suplementacion","status":"publish","type":"post","link":"https:\/\/www.infarma.es\/en\/iniciarse-en-la-suplementacion\/","title":{"rendered":"Iniciarse en la suplementaci\u00f3n"},"content":{"rendered":"\n<p>Existe una gran oferta de suplementos alimenticios en el mercado y es normal que al iniciarnos en este mundo no sepamos elegir el adecuado para nosotros.<\/p>\n\n\n\n<p>Partimos de la base de que los suplementos no reemplazan una alimentaci\u00f3n equilibrada sino que son ese plus que nos falta para alcanzar los requerimientos m\u00ednimos que nuestro cuerpo necesita para funcionar adecuadamente. Son ese extra fundamental para optimizar nuestra salud y prevenir el desarrollo de futuras enfermedades.<\/p>\n\n\n\n<div style=\"height:30px;\" aria-hidden=\"true\" class=\"wp-block-spacer\"><\/div>\n\n\n\n<h3 class=\"wp-block-heading\"><strong>\u00bfPor qu\u00e9 tomar suplementos?<\/strong><\/h3>\n\n\n\n<p>Como te adelant\u00e1bamos antes, en la actualidad nuestro ritmo de vida no nos permite cubrir todas las necesidades de nuestro organismo y es all\u00ed donde entra la suplementaci\u00f3n. Los motivos adem\u00e1s pueden ser variados, desde mejorar tus valores de az\u00facar y colesterol en sangre hasta mejorar los s\u00edntomas de la menopausia. Quiz\u00e1s necesitas incrementar tu energ\u00eda durante el d\u00eda o quieres dormir mejor. La suplementaci\u00f3n puede ayudarte en todos estos aspectos de forma natural.<\/p>\n\n\n\n<div style=\"height:30px;\" aria-hidden=\"true\" class=\"wp-block-spacer\"><\/div>\n\n\n\n<h3 class=\"wp-block-heading\"><strong>\u00bfC\u00f3mo elegir el suplemento adecuado?<\/strong><\/h3>\n\n\n\n<p>No todos los suplementos son para todo el mundo. Tenemos que encontrar el adecuado en base a nuestras necesidades y objetivos con respecto a nuestra salud. Es por ello que en <a href=\"https:\/\/app.infarma.es\/infarma2024\/es\/expo\/detail\/3515467\" target=\"_blank\" rel=\"noreferrer noopener\">IVB<\/a> ofrecemos dos l\u00edneas diferenciadas para adaptarse a tus necesidades: <em>la l\u00ednea esencial y la avanzada.<\/em><\/p>\n\n\n\n<div style=\"height:30px;\" aria-hidden=\"true\" class=\"wp-block-spacer\"><\/div>\n\n\n\n<h3 class=\"wp-block-heading\"><strong>Suplementaci\u00f3n esencial con alta biodisponibilidad<\/strong><\/h3>\n\n\n\n<p>Esta l\u00ednea es ideal para quienes quieren iniciarse en la suplementaci\u00f3n y mejorar sus valores. Los resultados ser\u00e1n evidentes. A\u00f1adir los nutrientes que tu cuerpo necesita como la vitamina D3K2 o el Magnesio se reflejar\u00e1 en tu desempe\u00f1o diario y a la larga en tu bienestar. En <a href=\"https:\/\/app.infarma.es\/infarma2024\/es\/expo\/detail\/3515467\" target=\"_blank\" rel=\"noreferrer noopener\">IVB<\/a> queremos que cada toma cuente, es por ello que nuestros suplementos adem\u00e1s son de alta biodisponibilidad para que puedas aprovechar al m\u00e1ximo sus beneficios.<\/p>\n\n\n\n<div style=\"height:30px;\" aria-hidden=\"true\" class=\"wp-block-spacer\"><\/div>\n\n\n\n<h3 class=\"wp-block-heading\"><strong>\u00bfQu\u00e9 es la suplementaci\u00f3n avanzada?<\/strong><\/h3>\n\n\n\n<p>Son f\u00f3rmulas \u00fanicas, dise\u00f1adas por la Dra. Isabel Vi\u00f1a para para mejorar diferentes condiciones: aumentar la energ\u00eda, mejorar el s\u00edndrome premenstrual, reducir el apetito y mucho m\u00e1s. La combinaci\u00f3n de ingredientes en cada suplemento hace que sea suficiente para abordar la problem\u00e1tica pero al mismo tiempo es combinable y compatible con otros suplementos para tratar diferentes aspectos de tu salud sin tener que elegir o priorizar uno. Todos nuestros suplementos, esenciales y avanzados, trabajan sin\u00e9rgicamente para acompa\u00f1arte en tu camino de salud y bienestar.<\/p>\n","protected":false},"excerpt":{"rendered":"<p>Existe una gran oferta de suplementos alimenticios en el mercado y es normal que al iniciarnos en este mundo no sepamos elegir el adecuado para nosotros. Partimos de la base de que los suplementos no reemplazan una alimentaci\u00f3n equilibrada sino que son ese plus que nos falta para alcanzar los requerimientos m\u00ednimos que nuestro cuerpo [&hellip;]<\/p>\n","protected":false},"author":2,"featured_media":13465,"comment_status":"closed","ping_status":"closed","sticky":false,"template":"","format":"standard","meta":{"footnotes":""},"categories":[141],"tags":[],"class_list":["post-13443","post","type-post","status-publish","format-standard","has-post-thumbnail","hentry","category-noticias-del-salon"],"yoast_head":"<!-- This site is optimized with the Yoast SEO plugin v27.4 - https:\/\/yoast.com\/product\/yoast-seo-wordpress\/ -->\n<title>Iniciarse en la suplementaci\u00f3n<\/title>\n<meta name=\"description\" content=\"Tenemos que encontrar el adecuado en base a nuestras necesidades y objetivos con respecto a nuestra salud.\" \/>\n<meta name=\"robots\" content=\"index, follow, max-snippet:-1, max-image-preview:large, max-video-preview:-1\" \/>\n<link rel=\"canonical\" href=\"https:\/\/www.infarma.es\/en\/iniciarse-en-la-suplementacion\/\" \/>\n<meta property=\"og:locale\" content=\"en_US\" \/>\n<meta property=\"og:type\" content=\"article\" \/>\n<meta property=\"og:title\" content=\"Iniciarse en la suplementaci\u00f3n\" \/>\n<meta property=\"og:description\" content=\"Tenemos que encontrar el adecuado en base a nuestras necesidades y objetivos con respecto a nuestra salud.\" \/>\n<meta property=\"og:url\" content=\"https:\/\/www.infarma.es\/en\/iniciarse-en-la-suplementacion\/\" \/>\n<meta property=\"og:site_name\" content=\"Infarma\" \/>\n<meta property=\"article:publisher\" content=\"https:\/\/www.facebook.com\/infarmaoficial\/\" \/>\n<meta property=\"article:published_time\" content=\"2024-02-27T10:00:00+00:00\" \/>\n<meta property=\"article:modified_time\" content=\"2024-07-23T10:07:29+00:00\" \/>\n<meta property=\"og:image\" content=\"https:\/\/www.infarma.es\/wp-content\/uploads\/2024\/02\/inf24-IVB-suplementos-blog.webp\" \/>\n\t<meta property=\"og:image:width\" content=\"1600\" \/>\n\t<meta property=\"og:image:height\" content=\"900\" \/>\n\t<meta property=\"og:image:type\" content=\"image\/webp\" \/>\n<meta name=\"author\" content=\"xavier\" \/>\n<meta name=\"twitter:card\" content=\"summary_large_image\" \/>\n<meta name=\"twitter:creator\" content=\"@infarma_es\" \/>\n<meta name=\"twitter:site\" content=\"@infarma_es\" \/>\n<meta name=\"twitter:label1\" content=\"Written by\" \/>\n\t<meta name=\"twitter:data1\" content=\"xavier\" \/>\n\t<meta name=\"twitter:label2\" content=\"Est. reading time\" \/>\n\t<meta name=\"twitter:data2\" content=\"2 minutes\" \/>\n<script type=\"application\/ld+json\" class=\"yoast-schema-graph\">{\"@context\":\"https:\\\/\\\/schema.org\",\"@graph\":[{\"@type\":\"Article\",\"@id\":\"https:\\\/\\\/www.infarma.es\\\/en\\\/iniciarse-en-la-suplementacion\\\/#article\",\"isPartOf\":{\"@id\":\"https:\\\/\\\/www.infarma.es\\\/en\\\/iniciarse-en-la-suplementacion\\\/\"},\"author\":{\"name\":\"xavier\",\"@id\":\"https:\\\/\\\/www.infarma.es\\\/en\\\/#\\\/schema\\\/person\\\/e53486dc47606cc5c89217026a8a01a7\"},\"headline\":\"Iniciarse en la suplementaci\u00f3n\",\"datePublished\":\"2024-02-27T10:00:00+00:00\",\"dateModified\":\"2024-07-23T10:07:29+00:00\",\"mainEntityOfPage\":{\"@id\":\"https:\\\/\\\/www.infarma.es\\\/en\\\/iniciarse-en-la-suplementacion\\\/\"},\"wordCount\":409,\"publisher\":{\"@id\":\"https:\\\/\\\/www.infarma.es\\\/en\\\/#organization\"},\"image\":{\"@id\":\"https:\\\/\\\/www.infarma.es\\\/en\\\/iniciarse-en-la-suplementacion\\\/#primaryimage\"},\"thumbnailUrl\":\"https:\\\/\\\/www.infarma.es\\\/wp-content\\\/uploads\\\/2024\\\/02\\\/inf24-IVB-suplementos-blog.webp\",\"articleSection\":[\"Noticias del Sal\u00f3n\"],\"inLanguage\":\"en-US\"},{\"@type\":\"WebPage\",\"@id\":\"https:\\\/\\\/www.infarma.es\\\/en\\\/iniciarse-en-la-suplementacion\\\/\",\"url\":\"https:\\\/\\\/www.infarma.es\\\/en\\\/iniciarse-en-la-suplementacion\\\/\",\"name\":\"Iniciarse en la suplementaci\u00f3n\",\"isPartOf\":{\"@id\":\"https:\\\/\\\/www.infarma.es\\\/en\\\/#website\"},\"primaryImageOfPage\":{\"@id\":\"https:\\\/\\\/www.infarma.es\\\/en\\\/iniciarse-en-la-suplementacion\\\/#primaryimage\"},\"image\":{\"@id\":\"https:\\\/\\\/www.infarma.es\\\/en\\\/iniciarse-en-la-suplementacion\\\/#primaryimage\"},\"thumbnailUrl\":\"https:\\\/\\\/www.infarma.es\\\/wp-content\\\/uploads\\\/2024\\\/02\\\/inf24-IVB-suplementos-blog.webp\",\"datePublished\":\"2024-02-27T10:00:00+00:00\",\"dateModified\":\"2024-07-23T10:07:29+00:00\",\"description\":\"Tenemos que encontrar el adecuado en base a nuestras necesidades y objetivos con respecto a nuestra salud.\",\"breadcrumb\":{\"@id\":\"https:\\\/\\\/www.infarma.es\\\/en\\\/iniciarse-en-la-suplementacion\\\/#breadcrumb\"},\"inLanguage\":\"en-US\",\"potentialAction\":[{\"@type\":\"ReadAction\",\"target\":[\"https:\\\/\\\/www.infarma.es\\\/en\\\/iniciarse-en-la-suplementacion\\\/\"]}]},{\"@type\":\"ImageObject\",\"inLanguage\":\"en-US\",\"@id\":\"https:\\\/\\\/www.infarma.es\\\/en\\\/iniciarse-en-la-suplementacion\\\/#primaryimage\",\"url\":\"https:\\\/\\\/www.infarma.es\\\/wp-content\\\/uploads\\\/2024\\\/02\\\/inf24-IVB-suplementos-blog.webp\",\"contentUrl\":\"https:\\\/\\\/www.infarma.es\\\/wp-content\\\/uploads\\\/2024\\\/02\\\/inf24-IVB-suplementos-blog.webp\",\"width\":1600,\"height\":900},{\"@type\":\"BreadcrumbList\",\"@id\":\"https:\\\/\\\/www.infarma.es\\\/en\\\/iniciarse-en-la-suplementacion\\\/#breadcrumb\",\"itemListElement\":[{\"@type\":\"ListItem\",\"position\":1,\"name\":\"Portada\",\"item\":\"https:\\\/\\\/www.infarma.es\\\/en\\\/\"},{\"@type\":\"ListItem\",\"position\":2,\"name\":\"Iniciarse en la suplementaci\u00f3n\"}]},{\"@type\":\"WebSite\",\"@id\":\"https:\\\/\\\/www.infarma.es\\\/en\\\/#website\",\"url\":\"https:\\\/\\\/www.infarma.es\\\/en\\\/\",\"name\":\"Infarma\",\"description\":\"El mayor encuentro de farmacia\",\"publisher\":{\"@id\":\"https:\\\/\\\/www.infarma.es\\\/en\\\/#organization\"},\"potentialAction\":[{\"@type\":\"SearchAction\",\"target\":{\"@type\":\"EntryPoint\",\"urlTemplate\":\"https:\\\/\\\/www.infarma.es\\\/en\\\/?s={search_term_string}\"},\"query-input\":{\"@type\":\"PropertyValueSpecification\",\"valueRequired\":true,\"valueName\":\"search_term_string\"}}],\"inLanguage\":\"en-US\"},{\"@type\":\"Organization\",\"@id\":\"https:\\\/\\\/www.infarma.es\\\/en\\\/#organization\",\"name\":\"Infarma\",\"url\":\"https:\\\/\\\/www.infarma.es\\\/en\\\/\",\"logo\":{\"@type\":\"ImageObject\",\"inLanguage\":\"en-US\",\"@id\":\"https:\\\/\\\/www.infarma.es\\\/en\\\/#\\\/schema\\\/logo\\\/image\\\/\",\"url\":\"https:\\\/\\\/www.infarma.es\\\/wp-content\\\/uploads\\\/2024\\\/10\\\/logo-simple.svg\",\"contentUrl\":\"https:\\\/\\\/www.infarma.es\\\/wp-content\\\/uploads\\\/2024\\\/10\\\/logo-simple.svg\",\"width\":1,\"height\":1,\"caption\":\"Infarma\"},\"image\":{\"@id\":\"https:\\\/\\\/www.infarma.es\\\/en\\\/#\\\/schema\\\/logo\\\/image\\\/\"},\"sameAs\":[\"https:\\\/\\\/www.facebook.com\\\/infarmaoficial\\\/\",\"https:\\\/\\\/x.com\\\/infarma_es\",\"https:\\\/\\\/www.instagram.com\\\/infarma_oficial\\\/\",\"https:\\\/\\\/www.linkedin.com\\\/showcase\\\/infarma-salon\\\/\",\"https:\\\/\\\/www.youtube.com\\\/@INFARMAOFICIAL\"]},{\"@type\":\"Person\",\"@id\":\"https:\\\/\\\/www.infarma.es\\\/en\\\/#\\\/schema\\\/person\\\/e53486dc47606cc5c89217026a8a01a7\",\"name\":\"xavier\",\"image\":{\"@type\":\"ImageObject\",\"inLanguage\":\"en-US\",\"@id\":\"https:\\\/\\\/secure.gravatar.com\\\/avatar\\\/9014b89254123c1f240ae636cc793b98ce50ec2df162909756be1d23adc503e4?s=96&d=mm&r=g\",\"url\":\"https:\\\/\\\/secure.gravatar.com\\\/avatar\\\/9014b89254123c1f240ae636cc793b98ce50ec2df162909756be1d23adc503e4?s=96&d=mm&r=g\",\"contentUrl\":\"https:\\\/\\\/secure.gravatar.com\\\/avatar\\\/9014b89254123c1f240ae636cc793b98ce50ec2df162909756be1d23adc503e4?s=96&d=mm&r=g\",\"caption\":\"xavier\"},\"url\":\"https:\\\/\\\/www.infarma.es\\\/en\\\/author\\\/xavier\\\/\"}]}<\/script>\n<!-- \/ Yoast SEO plugin. -->","yoast_head_json":{"title":"Iniciarse en la suplementaci\u00f3n","description":"Tenemos que encontrar el adecuado en base a nuestras necesidades y objetivos con respecto a nuestra salud.","robots":{"index":"index","follow":"follow","max-snippet":"max-snippet:-1","max-image-preview":"max-image-preview:large","max-video-preview":"max-video-preview:-1"},"canonical":"https:\/\/www.infarma.es\/en\/iniciarse-en-la-suplementacion\/","og_locale":"en_US","og_type":"article","og_title":"Iniciarse en la suplementaci\u00f3n","og_description":"Tenemos que encontrar el adecuado en base a nuestras necesidades y objetivos con respecto a nuestra salud.","og_url":"https:\/\/www.infarma.es\/en\/iniciarse-en-la-suplementacion\/","og_site_name":"Infarma","article_publisher":"https:\/\/www.facebook.com\/infarmaoficial\/","article_published_time":"2024-02-27T10:00:00+00:00","article_modified_time":"2024-07-23T10:07:29+00:00","og_image":[{"width":1600,"height":900,"url":"https:\/\/www.infarma.es\/wp-content\/uploads\/2024\/02\/inf24-IVB-suplementos-blog.webp","type":"image\/webp"}],"author":"xavier","twitter_card":"summary_large_image","twitter_creator":"@infarma_es","twitter_site":"@infarma_es","twitter_misc":{"Written by":"xavier","Est. reading time":"2 minutes"},"schema":{"@context":"https:\/\/schema.org","@graph":[{"@type":"Article","@id":"https:\/\/www.infarma.es\/en\/iniciarse-en-la-suplementacion\/#article","isPartOf":{"@id":"https:\/\/www.infarma.es\/en\/iniciarse-en-la-suplementacion\/"},"author":{"name":"xavier","@id":"https:\/\/www.infarma.es\/en\/#\/schema\/person\/e53486dc47606cc5c89217026a8a01a7"},"headline":"Iniciarse en la suplementaci\u00f3n","datePublished":"2024-02-27T10:00:00+00:00","dateModified":"2024-07-23T10:07:29+00:00","mainEntityOfPage":{"@id":"https:\/\/www.infarma.es\/en\/iniciarse-en-la-suplementacion\/"},"wordCount":409,"publisher":{"@id":"https:\/\/www.infarma.es\/en\/#organization"},"image":{"@id":"https:\/\/www.infarma.es\/en\/iniciarse-en-la-suplementacion\/#primaryimage"},"thumbnailUrl":"https:\/\/www.infarma.es\/wp-content\/uploads\/2024\/02\/inf24-IVB-suplementos-blog.webp","articleSection":["Noticias del Sal\u00f3n"],"inLanguage":"en-US"},{"@type":"WebPage","@id":"https:\/\/www.infarma.es\/en\/iniciarse-en-la-suplementacion\/","url":"https:\/\/www.infarma.es\/en\/iniciarse-en-la-suplementacion\/","name":"Iniciarse en la suplementaci\u00f3n","isPartOf":{"@id":"https:\/\/www.infarma.es\/en\/#website"},"primaryImageOfPage":{"@id":"https:\/\/www.infarma.es\/en\/iniciarse-en-la-suplementacion\/#primaryimage"},"image":{"@id":"https:\/\/www.infarma.es\/en\/iniciarse-en-la-suplementacion\/#primaryimage"},"thumbnailUrl":"https:\/\/www.infarma.es\/wp-content\/uploads\/2024\/02\/inf24-IVB-suplementos-blog.webp","datePublished":"2024-02-27T10:00:00+00:00","dateModified":"2024-07-23T10:07:29+00:00","description":"Tenemos que encontrar el adecuado en base a nuestras necesidades y objetivos con respecto a nuestra salud.","breadcrumb":{"@id":"https:\/\/www.infarma.es\/en\/iniciarse-en-la-suplementacion\/#breadcrumb"},"inLanguage":"en-US","potentialAction":[{"@type":"ReadAction","target":["https:\/\/www.infarma.es\/en\/iniciarse-en-la-suplementacion\/"]}]},{"@type":"ImageObject","inLanguage":"en-US","@id":"https:\/\/www.infarma.es\/en\/iniciarse-en-la-suplementacion\/#primaryimage","url":"https:\/\/www.infarma.es\/wp-content\/uploads\/2024\/02\/inf24-IVB-suplementos-blog.webp","contentUrl":"https:\/\/www.infarma.es\/wp-content\/uploads\/2024\/02\/inf24-IVB-suplementos-blog.webp","width":1600,"height":900},{"@type":"BreadcrumbList","@id":"https:\/\/www.infarma.es\/en\/iniciarse-en-la-suplementacion\/#breadcrumb","itemListElement":[{"@type":"ListItem","position":1,"name":"Portada","item":"https:\/\/www.infarma.es\/en\/"},{"@type":"ListItem","position":2,"name":"Iniciarse en la suplementaci\u00f3n"}]},{"@type":"WebSite","@id":"https:\/\/www.infarma.es\/en\/#website","url":"https:\/\/www.infarma.es\/en\/","name":"Infarma","description":"El mayor encuentro de farmacia","publisher":{"@id":"https:\/\/www.infarma.es\/en\/#organization"},"potentialAction":[{"@type":"SearchAction","target":{"@type":"EntryPoint","urlTemplate":"https:\/\/www.infarma.es\/en\/?s={search_term_string}"},"query-input":{"@type":"PropertyValueSpecification","valueRequired":true,"valueName":"search_term_string"}}],"inLanguage":"en-US"},{"@type":"Organization","@id":"https:\/\/www.infarma.es\/en\/#organization","name":"Infarma","url":"https:\/\/www.infarma.es\/en\/","logo":{"@type":"ImageObject","inLanguage":"en-US","@id":"https:\/\/www.infarma.es\/en\/#\/schema\/logo\/image\/","url":"https:\/\/www.infarma.es\/wp-content\/uploads\/2024\/10\/logo-simple.svg","contentUrl":"https:\/\/www.infarma.es\/wp-content\/uploads\/2024\/10\/logo-simple.svg","width":1,"height":1,"caption":"Infarma"},"image":{"@id":"https:\/\/www.infarma.es\/en\/#\/schema\/logo\/image\/"},"sameAs":["https:\/\/www.facebook.com\/infarmaoficial\/","https:\/\/x.com\/infarma_es","https:\/\/www.instagram.com\/infarma_oficial\/","https:\/\/www.linkedin.com\/showcase\/infarma-salon\/","https:\/\/www.youtube.com\/@INFARMAOFICIAL"]},{"@type":"Person","@id":"https:\/\/www.infarma.es\/en\/#\/schema\/person\/e53486dc47606cc5c89217026a8a01a7","name":"xavier","image":{"@type":"ImageObject","inLanguage":"en-US","@id":"https:\/\/secure.gravatar.com\/avatar\/9014b89254123c1f240ae636cc793b98ce50ec2df162909756be1d23adc503e4?s=96&d=mm&r=g","url":"https:\/\/secure.gravatar.com\/avatar\/9014b89254123c1f240ae636cc793b98ce50ec2df162909756be1d23adc503e4?s=96&d=mm&r=g","contentUrl":"https:\/\/secure.gravatar.com\/avatar\/9014b89254123c1f240ae636cc793b98ce50ec2df162909756be1d23adc503e4?s=96&d=mm&r=g","caption":"xavier"},"url":"https:\/\/www.infarma.es\/en\/author\/xavier\/"}]}},"_links":{"self":[{"href":"https:\/\/www.infarma.es\/en\/wp-json\/wp\/v2\/posts\/13443","targetHints":{"allow":["GET"]}}],"collection":[{"href":"https:\/\/www.infarma.es\/en\/wp-json\/wp\/v2\/posts"}],"about":[{"href":"https:\/\/www.infarma.es\/en\/wp-json\/wp\/v2\/types\/post"}],"author":[{"embeddable":true,"href":"https:\/\/www.infarma.es\/en\/wp-json\/wp\/v2\/users\/2"}],"replies":[{"embeddable":true,"href":"https:\/\/www.infarma.es\/en\/wp-json\/wp\/v2\/comments?post=13443"}],"version-history":[{"count":2,"href":"https:\/\/www.infarma.es\/en\/wp-json\/wp\/v2\/posts\/13443\/revisions"}],"predecessor-version":[{"id":13491,"href":"https:\/\/www.infarma.es\/en\/wp-json\/wp\/v2\/posts\/13443\/revisions\/13491"}],"wp:featuredmedia":[{"embeddable":true,"href":"https:\/\/www.infarma.es\/en\/wp-json\/wp\/v2\/media\/13465"}],"wp:attachment":[{"href":"https:\/\/www.infarma.es\/en\/wp-json\/wp\/v2\/media?parent=13443"}],"wp:term":[{"taxonomy":"category","embeddable":true,"href":"https:\/\/www.infarma.es\/en\/wp-json\/wp\/v2\/categories?post=13443"},{"taxonomy":"post_tag","embeddable":true,"href":"https:\/\/www.infarma.es\/en\/wp-json\/wp\/v2\/tags?post=13443"}],"curies":[{"name":"wp","href":"https:\/\/api.w.org\/{rel}","templated":true}]}}