{"id":1383,"date":"2020-03-01T11:40:00","date_gmt":"2020-03-01T10:40:00","guid":{"rendered":"https:\/\/infarmav2.xeria.es\/?p=1383"},"modified":"2020-03-01T11:40:00","modified_gmt":"2020-03-01T10:40:00","slug":"infarma-madrid-2020-declarado-de-interes-sanitario","status":"publish","type":"post","link":"https:\/\/www.infarma.es\/en\/infarma-madrid-2020-declarado-de-interes-sanitario\/","title":{"rendered":"\u2018Infarma Madrid 2020\u2019, declarado de inter\u00e9s sanitario"},"content":{"rendered":"\n<p>El Ministerio de Sanidad ha concedido el reconocimiento de inter\u00e9s sanitario a&nbsp;<em>Infarma Madrid 2020<\/em>, el&nbsp;<em>Congreso Europeo de Oficina de Farmacia y Sal\u00f3n de Medicamentos y Parafarmacia<\/em>&nbsp;que abrir\u00e1 sus puertas el 10 de marzo en el recinto ferial de Ifema. Sanidad ha destacado el valor de los objetivos del Congreso y los contenidos de su programa cient\u00edfico.<\/p>\n\n\n\n<p>Para el Comit\u00e9 Organizador de&nbsp;<em>Infarma Madrid 2020<\/em>, el reconocimiento oficial por parte de Sanidad supone una satisfacci\u00f3n y un est\u00edmulo m\u00e1s para consolidar Infarma como la cita que m\u00e1s valor aporta a los profesionales y empresas participantes.<\/p>\n\n\n\n<p>Organizado por los Colegios Oficiales de Farmac\u00e9uticos de Madrid y Barcelona e Interalia, Infarma acoger\u00e1, entre el 10 y el 12 de marzo, a cerca de 400 laboratorios y empresas en los tres pabellones habilitados del recinto ferial de Ifema, que ocupar\u00e1n una superficie de exposici\u00f3n de 35.000 metros cuadrados. El 95 por ciento del espacio disponible est\u00e1 ya adjudicado, seg\u00fan Interalia, empresa organizadora del Sal\u00f3n.<\/p>\n\n\n\n<p>Est\u00e1 previsto que una audiencia profesional superior a los 30.000 visitantes y cerca de 3.000 congresistas inscritos participen en el mayor y m\u00e1s importante Encuentro Europeo de Farmacia que se celebra en Espa\u00f1a, donde los expositores presentar\u00e1n 1.200 marcas de productos y servicios relacionados con la oficina de farmacia.<\/p>\n\n\n\n<p>\u201cEstamos trabajando para que Infarma se convierta una edici\u00f3n m\u00e1s en un \u00e9xito de convocatoria y participaci\u00f3n. La fidelidad mostrada por los expositores y su nivel de satisfacci\u00f3n son el mejor aval de este formato de Congreso y Sal\u00f3n que, gracias a la organizaci\u00f3n conjunta de los Colegios Oficiales de Farmac\u00e9uticos de Madrid y Barcelona, se ha convertido en referente de eficacia y rentabilidad no solo en Espa\u00f1a, sino tambi\u00e9n en Europa\u201d, destaca Daniel Sarto, director del Sal\u00f3n Infarma.<\/p>\n\n\n\n<p>Expositores, laboratorios, empresas e instituciones est\u00e1n dando los \u00faltimos retoques a su estrategia de participaci\u00f3n en el Sal\u00f3n y en el Congreso. Los sectores de exposici\u00f3n con m\u00e1s presencia en el Sal\u00f3n ser\u00e1n una vez m\u00e1s dermofarmacia, parafarmacia, complementos alimenticios, productos sanitarios, medicamentos no sujetos a prescripci\u00f3n m\u00e9dica, gen\u00e9ricos, comercializaci\u00f3n y distribuci\u00f3n, pediatr\u00eda, ortopedia y \u00f3ptica.<\/p>\n\n\n\n<p>Programa cient\u00edfico y novedades<\/p>\n\n\n\n<p>Adem\u00e1s de espacio empresarial para promover las relaciones profesionales y exponer las \u00faltimas novedades de uno de los sectores m\u00e1s innovadores de la econom\u00eda,&nbsp;<em>Infarma Madrid 2020<\/em>&nbsp;ser\u00e1 el escenario de debate sobre las cuestiones que m\u00e1s preocupan y ocupan a los profesionales, as\u00ed como la plataforma para avanzar las tendencias de futuro del sector.<\/p>\n\n\n\n<p>El primer avance del programa cient\u00edfico se puede consultar ya en la web (<a href=\"http:\/\/www.infarma.es\/\">www.infarma.es<\/a>). Entre otras cuestiones de actualidad, se abordar\u00e1 el papel de la farmacia rural como elemento integrador del territorio y de las personas que viven en lo que se conoce ya como&nbsp;<em>Espa\u00f1a vaciada<\/em>; la necesidad de abordar las demandas de los pacientes a trav\u00e9s de una atenci\u00f3n m\u00e1s cercana y humanizada; el rol que deben jugar los profesionales como los mayores influyentes de los ciudadanos en el uso de los medicamentos, o las consecuencias que el&nbsp;<em>Brexit<\/em>&nbsp;puede tener para la oficina de farmacia.<\/p>\n\n\n\n<p>Propuestas como #<em>InfarmaInnova<\/em>,&nbsp;<em>Exponews<\/em>&nbsp;o&nbsp;<em>Iniciativas de \u00e9xito<\/em>&nbsp;tendr\u00e1n continuidad en la nueva edici\u00f3n, que potenciar\u00e1 adem\u00e1s \u00e1reas de trabajo espec\u00edficas para uso de los profesionales y congresistas, as\u00ed como un espacio para la presentaci\u00f3n de p\u00f3steres cient\u00edficos.<\/p>\n\n\n\n<p>En l\u00ednea con las \u00faltimas ediciones celebradas,&nbsp;<em>Infarma Solidario<\/em>&nbsp;promover\u00e1 un programa de actividades que incidir\u00e1 en la necesidad de volcar esfuerzos conjuntos para recaudar fondos en torno a una causa humanitaria.<\/p>\n\n\n\n<p>Sobre Infarma Madrid 2020<\/p>\n\n\n\n<p>El Congreso Europeo de Oficina de Farmacia es una cita profesional reconocida de inter\u00e9s sanitario por parte del Ministerio de Sanidad, Consumo y Bienestar Social. En su \u00faltima edici\u00f3n de 2018 en Madrid, reuni\u00f3 a 33.850 visitantes y a 3.450 congresistas. Desde que los Colegios Farmac\u00e9uticos de Madrid y Barcelona decidieron colaborar para organizar Infarma de forma conjunta junto con Interalia, el crecimiento del Congreso y Sal\u00f3n ha sido sostenido en cada edici\u00f3n. Si en 2012, fecha del primer encuentro conjunto, se consigui\u00f3 reunir a 2.356 y 21.000 profesionales, la \u00faltima edici\u00f3n de Barcelona de 2019 se cerr\u00f3 con un balance de 3.480 congresistas y 33.770 visitantes, un 47 por ciento m\u00e1s de congresistas y un 60 por ciento m\u00e1s de profesionales.&nbsp;Son algunas de las grandes cifras de un Congreso que en 2018 logr\u00f3 adem\u00e1s un nuevo r\u00e9cord de espacio ferial al contratar 35.000 metros cuadrados, as\u00ed como de expositores, con 387 empresas y laboratorios presentes.<\/p>\n","protected":false},"excerpt":{"rendered":"<p>El Ministerio de Sanidad ha concedido el reconocimiento de inter\u00e9s sanitario a&nbsp;Infarma Madrid 2020, el&nbsp;Congreso Europeo de Oficina de Farmacia y Sal\u00f3n de Medicamentos y Parafarmacia&nbsp;que abrir\u00e1 sus puertas el 10 de marzo en el recinto ferial de Ifema. Sanidad ha destacado el valor de los objetivos del Congreso y los contenidos de su programa [&hellip;]<\/p>\n","protected":false},"author":2,"featured_media":1384,"comment_status":"closed","ping_status":"closed","sticky":false,"template":"","format":"standard","meta":{"footnotes":""},"categories":[159],"tags":[],"class_list":["post-1383","post","type-post","status-publish","format-standard","has-post-thumbnail","hentry","category-notas_prensa"],"yoast_head":"<!-- This site is optimized with the Yoast SEO plugin v27.4 - https:\/\/yoast.com\/product\/yoast-seo-wordpress\/ -->\n<title>\u2018Infarma Madrid 2020\u2019, declarado de inter\u00e9s sanitario - Infarma<\/title>\n<meta name=\"robots\" content=\"index, follow, max-snippet:-1, max-image-preview:large, max-video-preview:-1\" \/>\n<link rel=\"canonical\" href=\"https:\/\/www.infarma.es\/en\/infarma-madrid-2020-declarado-de-interes-sanitario\/\" \/>\n<meta property=\"og:locale\" content=\"en_US\" \/>\n<meta property=\"og:type\" content=\"article\" \/>\n<meta property=\"og:title\" content=\"\u2018Infarma Madrid 2020\u2019, declarado de inter\u00e9s sanitario - Infarma\" \/>\n<meta property=\"og:description\" content=\"El Ministerio de Sanidad ha concedido el reconocimiento de inter\u00e9s sanitario a&nbsp;Infarma Madrid 2020, el&nbsp;Congreso Europeo de Oficina de Farmacia y Sal\u00f3n de Medicamentos y Parafarmacia&nbsp;que abrir\u00e1 sus puertas el 10 de marzo en el recinto ferial de Ifema. Sanidad ha destacado el valor de los objetivos del Congreso y los contenidos de su programa [&hellip;]\" \/>\n<meta property=\"og:url\" content=\"https:\/\/www.infarma.es\/en\/infarma-madrid-2020-declarado-de-interes-sanitario\/\" \/>\n<meta property=\"og:site_name\" content=\"Infarma\" \/>\n<meta property=\"article:publisher\" content=\"https:\/\/www.facebook.com\/infarmaoficial\/\" \/>\n<meta property=\"article:published_time\" content=\"2020-03-01T10:40:00+00:00\" \/>\n<meta name=\"author\" content=\"xavier\" \/>\n<meta name=\"twitter:card\" content=\"summary_large_image\" \/>\n<meta name=\"twitter:creator\" content=\"@infarma_es\" \/>\n<meta name=\"twitter:site\" content=\"@infarma_es\" \/>\n<meta name=\"twitter:label1\" content=\"Written by\" \/>\n\t<meta name=\"twitter:data1\" content=\"xavier\" \/>\n\t<meta name=\"twitter:label2\" content=\"Est. reading time\" \/>\n\t<meta name=\"twitter:data2\" content=\"4 minutes\" \/>\n<script type=\"application\/ld+json\" class=\"yoast-schema-graph\">{\"@context\":\"https:\\\/\\\/schema.org\",\"@graph\":[{\"@type\":\"Article\",\"@id\":\"https:\\\/\\\/www.infarma.es\\\/en\\\/infarma-madrid-2020-declarado-de-interes-sanitario\\\/#article\",\"isPartOf\":{\"@id\":\"https:\\\/\\\/www.infarma.es\\\/en\\\/infarma-madrid-2020-declarado-de-interes-sanitario\\\/\"},\"author\":{\"name\":\"xavier\",\"@id\":\"https:\\\/\\\/www.infarma.es\\\/en\\\/#\\\/schema\\\/person\\\/e53486dc47606cc5c89217026a8a01a7\"},\"headline\":\"\u2018Infarma Madrid 2020\u2019, declarado de inter\u00e9s sanitario\",\"datePublished\":\"2020-03-01T10:40:00+00:00\",\"mainEntityOfPage\":{\"@id\":\"https:\\\/\\\/www.infarma.es\\\/en\\\/infarma-madrid-2020-declarado-de-interes-sanitario\\\/\"},\"wordCount\":800,\"publisher\":{\"@id\":\"https:\\\/\\\/www.infarma.es\\\/en\\\/#organization\"},\"image\":{\"@id\":\"https:\\\/\\\/www.infarma.es\\\/en\\\/infarma-madrid-2020-declarado-de-interes-sanitario\\\/#primaryimage\"},\"thumbnailUrl\":\"\",\"articleSection\":[\"Notas de prensa\"],\"inLanguage\":\"en-US\"},{\"@type\":\"WebPage\",\"@id\":\"https:\\\/\\\/www.infarma.es\\\/en\\\/infarma-madrid-2020-declarado-de-interes-sanitario\\\/\",\"url\":\"https:\\\/\\\/www.infarma.es\\\/en\\\/infarma-madrid-2020-declarado-de-interes-sanitario\\\/\",\"name\":\"\u2018Infarma Madrid 2020\u2019, declarado de inter\u00e9s sanitario - Infarma\",\"isPartOf\":{\"@id\":\"https:\\\/\\\/www.infarma.es\\\/en\\\/#website\"},\"primaryImageOfPage\":{\"@id\":\"https:\\\/\\\/www.infarma.es\\\/en\\\/infarma-madrid-2020-declarado-de-interes-sanitario\\\/#primaryimage\"},\"image\":{\"@id\":\"https:\\\/\\\/www.infarma.es\\\/en\\\/infarma-madrid-2020-declarado-de-interes-sanitario\\\/#primaryimage\"},\"thumbnailUrl\":\"\",\"datePublished\":\"2020-03-01T10:40:00+00:00\",\"breadcrumb\":{\"@id\":\"https:\\\/\\\/www.infarma.es\\\/en\\\/infarma-madrid-2020-declarado-de-interes-sanitario\\\/#breadcrumb\"},\"inLanguage\":\"en-US\",\"potentialAction\":[{\"@type\":\"ReadAction\",\"target\":[\"https:\\\/\\\/www.infarma.es\\\/en\\\/infarma-madrid-2020-declarado-de-interes-sanitario\\\/\"]}]},{\"@type\":\"ImageObject\",\"inLanguage\":\"en-US\",\"@id\":\"https:\\\/\\\/www.infarma.es\\\/en\\\/infarma-madrid-2020-declarado-de-interes-sanitario\\\/#primaryimage\",\"url\":\"\",\"contentUrl\":\"\"},{\"@type\":\"BreadcrumbList\",\"@id\":\"https:\\\/\\\/www.infarma.es\\\/en\\\/infarma-madrid-2020-declarado-de-interes-sanitario\\\/#breadcrumb\",\"itemListElement\":[{\"@type\":\"ListItem\",\"position\":1,\"name\":\"Portada\",\"item\":\"https:\\\/\\\/www.infarma.es\\\/en\\\/\"},{\"@type\":\"ListItem\",\"position\":2,\"name\":\"\u2018Infarma Madrid 2020\u2019, declarado de inter\u00e9s sanitario\"}]},{\"@type\":\"WebSite\",\"@id\":\"https:\\\/\\\/www.infarma.es\\\/en\\\/#website\",\"url\":\"https:\\\/\\\/www.infarma.es\\\/en\\\/\",\"name\":\"Infarma\",\"description\":\"El mayor encuentro de farmacia\",\"publisher\":{\"@id\":\"https:\\\/\\\/www.infarma.es\\\/en\\\/#organization\"},\"potentialAction\":[{\"@type\":\"SearchAction\",\"target\":{\"@type\":\"EntryPoint\",\"urlTemplate\":\"https:\\\/\\\/www.infarma.es\\\/en\\\/?s={search_term_string}\"},\"query-input\":{\"@type\":\"PropertyValueSpecification\",\"valueRequired\":true,\"valueName\":\"search_term_string\"}}],\"inLanguage\":\"en-US\"},{\"@type\":\"Organization\",\"@id\":\"https:\\\/\\\/www.infarma.es\\\/en\\\/#organization\",\"name\":\"Infarma\",\"url\":\"https:\\\/\\\/www.infarma.es\\\/en\\\/\",\"logo\":{\"@type\":\"ImageObject\",\"inLanguage\":\"en-US\",\"@id\":\"https:\\\/\\\/www.infarma.es\\\/en\\\/#\\\/schema\\\/logo\\\/image\\\/\",\"url\":\"https:\\\/\\\/www.infarma.es\\\/wp-content\\\/uploads\\\/2024\\\/10\\\/logo-simple.svg\",\"contentUrl\":\"https:\\\/\\\/www.infarma.es\\\/wp-content\\\/uploads\\\/2024\\\/10\\\/logo-simple.svg\",\"width\":1,\"height\":1,\"caption\":\"Infarma\"},\"image\":{\"@id\":\"https:\\\/\\\/www.infarma.es\\\/en\\\/#\\\/schema\\\/logo\\\/image\\\/\"},\"sameAs\":[\"https:\\\/\\\/www.facebook.com\\\/infarmaoficial\\\/\",\"https:\\\/\\\/x.com\\\/infarma_es\",\"https:\\\/\\\/www.instagram.com\\\/infarma_oficial\\\/\",\"https:\\\/\\\/www.linkedin.com\\\/showcase\\\/infarma-salon\\\/\",\"https:\\\/\\\/www.youtube.com\\\/@INFARMAOFICIAL\"]},{\"@type\":\"Person\",\"@id\":\"https:\\\/\\\/www.infarma.es\\\/en\\\/#\\\/schema\\\/person\\\/e53486dc47606cc5c89217026a8a01a7\",\"name\":\"xavier\",\"image\":{\"@type\":\"ImageObject\",\"inLanguage\":\"en-US\",\"@id\":\"https:\\\/\\\/secure.gravatar.com\\\/avatar\\\/9014b89254123c1f240ae636cc793b98ce50ec2df162909756be1d23adc503e4?s=96&d=mm&r=g\",\"url\":\"https:\\\/\\\/secure.gravatar.com\\\/avatar\\\/9014b89254123c1f240ae636cc793b98ce50ec2df162909756be1d23adc503e4?s=96&d=mm&r=g\",\"contentUrl\":\"https:\\\/\\\/secure.gravatar.com\\\/avatar\\\/9014b89254123c1f240ae636cc793b98ce50ec2df162909756be1d23adc503e4?s=96&d=mm&r=g\",\"caption\":\"xavier\"},\"url\":\"https:\\\/\\\/www.infarma.es\\\/en\\\/author\\\/xavier\\\/\"}]}<\/script>\n<!-- \/ Yoast SEO plugin. -->","yoast_head_json":{"title":"\u2018Infarma Madrid 2020\u2019, declarado de inter\u00e9s sanitario - Infarma","robots":{"index":"index","follow":"follow","max-snippet":"max-snippet:-1","max-image-preview":"max-image-preview:large","max-video-preview":"max-video-preview:-1"},"canonical":"https:\/\/www.infarma.es\/en\/infarma-madrid-2020-declarado-de-interes-sanitario\/","og_locale":"en_US","og_type":"article","og_title":"\u2018Infarma Madrid 2020\u2019, declarado de inter\u00e9s sanitario - Infarma","og_description":"El Ministerio de Sanidad ha concedido el reconocimiento de inter\u00e9s sanitario a&nbsp;Infarma Madrid 2020, el&nbsp;Congreso Europeo de Oficina de Farmacia y Sal\u00f3n de Medicamentos y Parafarmacia&nbsp;que abrir\u00e1 sus puertas el 10 de marzo en el recinto ferial de Ifema. Sanidad ha destacado el valor de los objetivos del Congreso y los contenidos de su programa [&hellip;]","og_url":"https:\/\/www.infarma.es\/en\/infarma-madrid-2020-declarado-de-interes-sanitario\/","og_site_name":"Infarma","article_publisher":"https:\/\/www.facebook.com\/infarmaoficial\/","article_published_time":"2020-03-01T10:40:00+00:00","author":"xavier","twitter_card":"summary_large_image","twitter_creator":"@infarma_es","twitter_site":"@infarma_es","twitter_misc":{"Written by":"xavier","Est. reading time":"4 minutes"},"schema":{"@context":"https:\/\/schema.org","@graph":[{"@type":"Article","@id":"https:\/\/www.infarma.es\/en\/infarma-madrid-2020-declarado-de-interes-sanitario\/#article","isPartOf":{"@id":"https:\/\/www.infarma.es\/en\/infarma-madrid-2020-declarado-de-interes-sanitario\/"},"author":{"name":"xavier","@id":"https:\/\/www.infarma.es\/en\/#\/schema\/person\/e53486dc47606cc5c89217026a8a01a7"},"headline":"\u2018Infarma Madrid 2020\u2019, declarado de inter\u00e9s sanitario","datePublished":"2020-03-01T10:40:00+00:00","mainEntityOfPage":{"@id":"https:\/\/www.infarma.es\/en\/infarma-madrid-2020-declarado-de-interes-sanitario\/"},"wordCount":800,"publisher":{"@id":"https:\/\/www.infarma.es\/en\/#organization"},"image":{"@id":"https:\/\/www.infarma.es\/en\/infarma-madrid-2020-declarado-de-interes-sanitario\/#primaryimage"},"thumbnailUrl":"","articleSection":["Notas de prensa"],"inLanguage":"en-US"},{"@type":"WebPage","@id":"https:\/\/www.infarma.es\/en\/infarma-madrid-2020-declarado-de-interes-sanitario\/","url":"https:\/\/www.infarma.es\/en\/infarma-madrid-2020-declarado-de-interes-sanitario\/","name":"\u2018Infarma Madrid 2020\u2019, declarado de inter\u00e9s sanitario - Infarma","isPartOf":{"@id":"https:\/\/www.infarma.es\/en\/#website"},"primaryImageOfPage":{"@id":"https:\/\/www.infarma.es\/en\/infarma-madrid-2020-declarado-de-interes-sanitario\/#primaryimage"},"image":{"@id":"https:\/\/www.infarma.es\/en\/infarma-madrid-2020-declarado-de-interes-sanitario\/#primaryimage"},"thumbnailUrl":"","datePublished":"2020-03-01T10:40:00+00:00","breadcrumb":{"@id":"https:\/\/www.infarma.es\/en\/infarma-madrid-2020-declarado-de-interes-sanitario\/#breadcrumb"},"inLanguage":"en-US","potentialAction":[{"@type":"ReadAction","target":["https:\/\/www.infarma.es\/en\/infarma-madrid-2020-declarado-de-interes-sanitario\/"]}]},{"@type":"ImageObject","inLanguage":"en-US","@id":"https:\/\/www.infarma.es\/en\/infarma-madrid-2020-declarado-de-interes-sanitario\/#primaryimage","url":"","contentUrl":""},{"@type":"BreadcrumbList","@id":"https:\/\/www.infarma.es\/en\/infarma-madrid-2020-declarado-de-interes-sanitario\/#breadcrumb","itemListElement":[{"@type":"ListItem","position":1,"name":"Portada","item":"https:\/\/www.infarma.es\/en\/"},{"@type":"ListItem","position":2,"name":"\u2018Infarma Madrid 2020\u2019, declarado de inter\u00e9s sanitario"}]},{"@type":"WebSite","@id":"https:\/\/www.infarma.es\/en\/#website","url":"https:\/\/www.infarma.es\/en\/","name":"Infarma","description":"El mayor encuentro de farmacia","publisher":{"@id":"https:\/\/www.infarma.es\/en\/#organization"},"potentialAction":[{"@type":"SearchAction","target":{"@type":"EntryPoint","urlTemplate":"https:\/\/www.infarma.es\/en\/?s={search_term_string}"},"query-input":{"@type":"PropertyValueSpecification","valueRequired":true,"valueName":"search_term_string"}}],"inLanguage":"en-US"},{"@type":"Organization","@id":"https:\/\/www.infarma.es\/en\/#organization","name":"Infarma","url":"https:\/\/www.infarma.es\/en\/","logo":{"@type":"ImageObject","inLanguage":"en-US","@id":"https:\/\/www.infarma.es\/en\/#\/schema\/logo\/image\/","url":"https:\/\/www.infarma.es\/wp-content\/uploads\/2024\/10\/logo-simple.svg","contentUrl":"https:\/\/www.infarma.es\/wp-content\/uploads\/2024\/10\/logo-simple.svg","width":1,"height":1,"caption":"Infarma"},"image":{"@id":"https:\/\/www.infarma.es\/en\/#\/schema\/logo\/image\/"},"sameAs":["https:\/\/www.facebook.com\/infarmaoficial\/","https:\/\/x.com\/infarma_es","https:\/\/www.instagram.com\/infarma_oficial\/","https:\/\/www.linkedin.com\/showcase\/infarma-salon\/","https:\/\/www.youtube.com\/@INFARMAOFICIAL"]},{"@type":"Person","@id":"https:\/\/www.infarma.es\/en\/#\/schema\/person\/e53486dc47606cc5c89217026a8a01a7","name":"xavier","image":{"@type":"ImageObject","inLanguage":"en-US","@id":"https:\/\/secure.gravatar.com\/avatar\/9014b89254123c1f240ae636cc793b98ce50ec2df162909756be1d23adc503e4?s=96&d=mm&r=g","url":"https:\/\/secure.gravatar.com\/avatar\/9014b89254123c1f240ae636cc793b98ce50ec2df162909756be1d23adc503e4?s=96&d=mm&r=g","contentUrl":"https:\/\/secure.gravatar.com\/avatar\/9014b89254123c1f240ae636cc793b98ce50ec2df162909756be1d23adc503e4?s=96&d=mm&r=g","caption":"xavier"},"url":"https:\/\/www.infarma.es\/en\/author\/xavier\/"}]}},"_links":{"self":[{"href":"https:\/\/www.infarma.es\/en\/wp-json\/wp\/v2\/posts\/1383","targetHints":{"allow":["GET"]}}],"collection":[{"href":"https:\/\/www.infarma.es\/en\/wp-json\/wp\/v2\/posts"}],"about":[{"href":"https:\/\/www.infarma.es\/en\/wp-json\/wp\/v2\/types\/post"}],"author":[{"embeddable":true,"href":"https:\/\/www.infarma.es\/en\/wp-json\/wp\/v2\/users\/2"}],"replies":[{"embeddable":true,"href":"https:\/\/www.infarma.es\/en\/wp-json\/wp\/v2\/comments?post=1383"}],"version-history":[{"count":0,"href":"https:\/\/www.infarma.es\/en\/wp-json\/wp\/v2\/posts\/1383\/revisions"}],"wp:featuredmedia":[{"embeddable":true,"href":"https:\/\/www.infarma.es\/en\/wp-json\/"}],"wp:attachment":[{"href":"https:\/\/www.infarma.es\/en\/wp-json\/wp\/v2\/media?parent=1383"}],"wp:term":[{"taxonomy":"category","embeddable":true,"href":"https:\/\/www.infarma.es\/en\/wp-json\/wp\/v2\/categories?post=1383"},{"taxonomy":"post_tag","embeddable":true,"href":"https:\/\/www.infarma.es\/en\/wp-json\/wp\/v2\/tags?post=1383"}],"curies":[{"name":"wp","href":"https:\/\/api.w.org\/{rel}","templated":true}]}}