{"id":1389,"date":"2020-02-03T11:43:50","date_gmt":"2020-02-03T10:43:50","guid":{"rendered":"https:\/\/infarmav2.xeria.es\/?p=1389"},"modified":"2020-02-03T11:43:50","modified_gmt":"2020-02-03T10:43:50","slug":"infarma-solidario-volcara-su-ayuda-con-los-ninos-de-etiopia","status":"publish","type":"post","link":"https:\/\/www.infarma.es\/en\/infarma-solidario-volcara-su-ayuda-con-los-ninos-de-etiopia\/","title":{"rendered":"\u2018Infarma Solidario\u2019 volcar\u00e1 su ayuda con los ni\u00f1os de Etiop\u00eda"},"content":{"rendered":"\n<p><strong>Madrid, 3 de febrero<\/strong>.&nbsp;<em>Infarma Solidario<\/em>&nbsp;abrazar\u00e1 por quinto a\u00f1o consecutivo una nueva causa humanitaria en la pr\u00f3xima edici\u00f3n del Congreso y Sal\u00f3n farmac\u00e9utico que organizan los colegios oficiales de farmac\u00e9uticos de Madrid y Barcelona, en colaboraci\u00f3n con Interalia.<br>&nbsp;<br>El proyecto elegido para volcar todo el apoyo y solidaridad de los profesionales, empresas y organizaciones que se dar\u00e1n cita entre el 10 y el 12 de marzo en Ifema es la Cl\u00ednica Pedi\u00e1trica&nbsp;<em>Let Children Have Health<\/em>&nbsp;de Meki, en Etiop\u00eda. Este centro, gestionado por la Fundaci\u00f3n Pablo Horstmann, ofrece asistencia m\u00e9dica gratuita a toda la poblaci\u00f3n infantil de la localidad et\u00edope desde 2012 y atiende a m\u00e1s de 21.000 ni\u00f1os al a\u00f1o.<br>&nbsp;<br>El objetivo del proyecto que impulsar\u00e1 Infarma ser\u00e1 favorecer el acceso a la medicaci\u00f3n y al tratamiento de los pacientes de esta Cl\u00ednica Pedi\u00e1trica cuyo terreno y titularidad legal son del Vicariato Cat\u00f3lico de Meki. Los fondos recabados servir\u00e1n para financiar la compra de medicinas, los salarios de dos farmac\u00e9uticos y un encargado del almac\u00e9n durante un a\u00f1o o la compra de equipos que permitan diagnosticar patolog\u00edas complejas. Asimismo se formar\u00e1 y acompa\u00f1ar\u00e1 al personal sanitario et\u00edope de la farmacia y el laboratorio con la presencia de dos farmac\u00e9uticos y dos t\u00e9cnicos de laboratorio.<br>&nbsp;<br>Etiop\u00eda est\u00e1 considerado uno de los pa\u00edses m\u00e1s pobres del mundo. En 2018, ocupaba el puesto 173 del \u00cdndice de Desarrollo Humano, de un total de 189 pa\u00edses analizados. Desnutrici\u00f3n, uso de agua no potable, saneamiento deficiente, bajos niveles de educaci\u00f3n materna y una sanidad precaria son algunos de los factores que han elevado la tasa de mortalidad infantil en menores de un a\u00f1o hasta el 11,8% y que se dispare hasta el 17,9% en los ni\u00f1os menores de cinco a\u00f1os.<br>&nbsp;<br>Infarma, como ya se hizo en la edici\u00f3n de 2019, ha abierto una convocatoria p\u00fablica, siguiendo la l\u00ednea de transparencia y de compromiso social del Congreso y Sal\u00f3n, para seleccionar el proyecto solidario. La elecci\u00f3n de la Fundaci\u00f3n Pablo Horstmann se ha hecho de una forma rigurosa, atendiendo a los distintos proyectos humanitarios presentados en convocatoria p\u00fablica y dentro de un proceso que ha contado con la participaci\u00f3n de un auditor externo.<\/p>\n\n\n\n<p><br>En esta edici\u00f3n, Infarma Solidario ha contado con&nbsp;<strong>patrocinadores&nbsp;<\/strong>platino a Cofares, Pierre-Fabre y Bancofar. En la categor\u00eda de patrocinador oro a Lierac, Cinfa, Vichy, Brill Pharma y Eteria Brun. En la categor\u00eda plata con los patrocinadores Caudalie y Reig Jofre y como colaboradores a Isdin, Prim y COFM Servicios 31.<\/p>\n\n\n\n<p><br>El coordinador de<em>&nbsp;Infarma Solidario&nbsp;<\/em>y vicepresidente primero del COFM, Manuel Mart\u00ednez del Peral, explica que \u201ctan importante es colaborar y ser solidarios como garantizar que este esfuerzo llega a sus principales beneficiarios, que son los ni\u00f1os atendidos por la Fundaci\u00f3n Pablo Horstmann en un \u00e1rea muy desasistida. Este es nuestro compromiso y el reto que queremos compartir con todo el sector\u201d.<br>&nbsp;<br>Otra de las novedades incluidas en esta edici\u00f3n es que todas las donaciones que se recaben en Infarma ir\u00e1n directamente al proyecto elegido, con el compromiso expreso de que los fondos se inviertan en el proyecto de atenci\u00f3n de los ni\u00f1os objeto de la solidaridad de Infarma. Las partidas de viajes, becas y gastos indirectos los asume la Fundaci\u00f3n Pablo Horstmann.<br>&nbsp;<br>Reducir la tasa de morbimortalidad infantil y los casos de malnutrici\u00f3n severa son prioridades de la Fundaci\u00f3n Pablo Horstmann, que trabaja de manera conjunta con las autoridades locales de Meki y cuenta desde 2008 con otro Hospital Pedi\u00e1trico en Lamu (Kenia).<br>&nbsp;<br><strong>Sobre &#8216;Infarma Madrid 2020&#8217;<\/strong><br>&nbsp;<br><em>El Congreso Europeo de Oficina de Farmacia es una cita profesional reconocida de inter\u00e9s sanitario por parte del Ministerio de Sanidad, Consumo y Bienestar Social. En su \u00faltima edici\u00f3n de 2018 en Madrid, reuni\u00f3 a 33.850 visitantes y a 3.450 congresistas. Desde que los Colegios Farmac\u00e9uticos de Madrid y Barcelona decidieron colaborar para organizar Infarma de forma conjunta junto con Interalia, el crecimiento del Congreso y Sal\u00f3n ha sido sostenido en cada edici\u00f3n. Si en 2012, fecha del primer encuentro conjunto, se consigui\u00f3 reunir a 2.356 y 21.000 profesionales, la \u00faltima edici\u00f3n de Barcelona de 2019 se cerr\u00f3 con un balance de 3.480 congresistas y 33.770 visitantes, un 47 por ciento m\u00e1s de congresistas y un 60 por ciento m\u00e1s de profesionales.&nbsp;Son algunas de las grandes cifras de un Congreso que en 2018 logr\u00f3 adem\u00e1s un nuevo r\u00e9cord de espacio ferial al contratar 35.000 metros cuadrados, as\u00ed como de expositores, con 387 empresas y laboratorios presentes.<\/em><\/p>\n","protected":false},"excerpt":{"rendered":"<p>Madrid, 3 de febrero.&nbsp;Infarma Solidario&nbsp;abrazar\u00e1 por quinto a\u00f1o consecutivo una nueva causa humanitaria en la pr\u00f3xima edici\u00f3n del Congreso y Sal\u00f3n farmac\u00e9utico que organizan los colegios oficiales de farmac\u00e9uticos de Madrid y Barcelona, en colaboraci\u00f3n con Interalia.&nbsp;El proyecto elegido para volcar todo el apoyo y solidaridad de los profesionales, empresas y organizaciones que se dar\u00e1n [&hellip;]<\/p>\n","protected":false},"author":2,"featured_media":1390,"comment_status":"closed","ping_status":"closed","sticky":false,"template":"","format":"standard","meta":{"footnotes":""},"categories":[159],"tags":[],"class_list":["post-1389","post","type-post","status-publish","format-standard","has-post-thumbnail","hentry","category-notas_prensa"],"yoast_head":"<!-- This site is optimized with the Yoast SEO plugin v27.4 - https:\/\/yoast.com\/product\/yoast-seo-wordpress\/ -->\n<title>\u2018Infarma Solidario\u2019 volcar\u00e1 su ayuda con los ni\u00f1os de Etiop\u00eda - Infarma<\/title>\n<meta name=\"robots\" content=\"index, follow, max-snippet:-1, max-image-preview:large, max-video-preview:-1\" \/>\n<link rel=\"canonical\" href=\"https:\/\/www.infarma.es\/en\/infarma-solidario-volcara-su-ayuda-con-los-ninos-de-etiopia\/\" \/>\n<meta property=\"og:locale\" content=\"en_US\" \/>\n<meta property=\"og:type\" content=\"article\" \/>\n<meta property=\"og:title\" content=\"\u2018Infarma Solidario\u2019 volcar\u00e1 su ayuda con los ni\u00f1os de Etiop\u00eda - Infarma\" \/>\n<meta property=\"og:description\" content=\"Madrid, 3 de febrero.&nbsp;Infarma Solidario&nbsp;abrazar\u00e1 por quinto a\u00f1o consecutivo una nueva causa humanitaria en la pr\u00f3xima edici\u00f3n del Congreso y Sal\u00f3n farmac\u00e9utico que organizan los colegios oficiales de farmac\u00e9uticos de Madrid y Barcelona, en colaboraci\u00f3n con Interalia.&nbsp;El proyecto elegido para volcar todo el apoyo y solidaridad de los profesionales, empresas y organizaciones que se dar\u00e1n [&hellip;]\" \/>\n<meta property=\"og:url\" content=\"https:\/\/www.infarma.es\/en\/infarma-solidario-volcara-su-ayuda-con-los-ninos-de-etiopia\/\" \/>\n<meta property=\"og:site_name\" content=\"Infarma\" \/>\n<meta property=\"article:publisher\" content=\"https:\/\/www.facebook.com\/infarmaoficial\/\" \/>\n<meta property=\"article:published_time\" content=\"2020-02-03T10:43:50+00:00\" \/>\n<meta name=\"author\" content=\"xavier\" \/>\n<meta name=\"twitter:card\" content=\"summary_large_image\" \/>\n<meta name=\"twitter:creator\" content=\"@infarma_es\" \/>\n<meta name=\"twitter:site\" content=\"@infarma_es\" \/>\n<meta name=\"twitter:label1\" content=\"Written by\" \/>\n\t<meta name=\"twitter:data1\" content=\"xavier\" \/>\n\t<meta name=\"twitter:label2\" content=\"Est. reading time\" \/>\n\t<meta name=\"twitter:data2\" content=\"4 minutes\" \/>\n<script type=\"application\/ld+json\" class=\"yoast-schema-graph\">{\"@context\":\"https:\\\/\\\/schema.org\",\"@graph\":[{\"@type\":\"Article\",\"@id\":\"https:\\\/\\\/www.infarma.es\\\/en\\\/infarma-solidario-volcara-su-ayuda-con-los-ninos-de-etiopia\\\/#article\",\"isPartOf\":{\"@id\":\"https:\\\/\\\/www.infarma.es\\\/en\\\/infarma-solidario-volcara-su-ayuda-con-los-ninos-de-etiopia\\\/\"},\"author\":{\"name\":\"xavier\",\"@id\":\"https:\\\/\\\/www.infarma.es\\\/en\\\/#\\\/schema\\\/person\\\/e53486dc47606cc5c89217026a8a01a7\"},\"headline\":\"\u2018Infarma Solidario\u2019 volcar\u00e1 su ayuda con los ni\u00f1os de Etiop\u00eda\",\"datePublished\":\"2020-02-03T10:43:50+00:00\",\"mainEntityOfPage\":{\"@id\":\"https:\\\/\\\/www.infarma.es\\\/en\\\/infarma-solidario-volcara-su-ayuda-con-los-ninos-de-etiopia\\\/\"},\"wordCount\":809,\"publisher\":{\"@id\":\"https:\\\/\\\/www.infarma.es\\\/en\\\/#organization\"},\"image\":{\"@id\":\"https:\\\/\\\/www.infarma.es\\\/en\\\/infarma-solidario-volcara-su-ayuda-con-los-ninos-de-etiopia\\\/#primaryimage\"},\"thumbnailUrl\":\"\",\"articleSection\":[\"Notas de prensa\"],\"inLanguage\":\"en-US\"},{\"@type\":\"WebPage\",\"@id\":\"https:\\\/\\\/www.infarma.es\\\/en\\\/infarma-solidario-volcara-su-ayuda-con-los-ninos-de-etiopia\\\/\",\"url\":\"https:\\\/\\\/www.infarma.es\\\/en\\\/infarma-solidario-volcara-su-ayuda-con-los-ninos-de-etiopia\\\/\",\"name\":\"\u2018Infarma Solidario\u2019 volcar\u00e1 su ayuda con los ni\u00f1os de Etiop\u00eda - Infarma\",\"isPartOf\":{\"@id\":\"https:\\\/\\\/www.infarma.es\\\/en\\\/#website\"},\"primaryImageOfPage\":{\"@id\":\"https:\\\/\\\/www.infarma.es\\\/en\\\/infarma-solidario-volcara-su-ayuda-con-los-ninos-de-etiopia\\\/#primaryimage\"},\"image\":{\"@id\":\"https:\\\/\\\/www.infarma.es\\\/en\\\/infarma-solidario-volcara-su-ayuda-con-los-ninos-de-etiopia\\\/#primaryimage\"},\"thumbnailUrl\":\"\",\"datePublished\":\"2020-02-03T10:43:50+00:00\",\"breadcrumb\":{\"@id\":\"https:\\\/\\\/www.infarma.es\\\/en\\\/infarma-solidario-volcara-su-ayuda-con-los-ninos-de-etiopia\\\/#breadcrumb\"},\"inLanguage\":\"en-US\",\"potentialAction\":[{\"@type\":\"ReadAction\",\"target\":[\"https:\\\/\\\/www.infarma.es\\\/en\\\/infarma-solidario-volcara-su-ayuda-con-los-ninos-de-etiopia\\\/\"]}]},{\"@type\":\"ImageObject\",\"inLanguage\":\"en-US\",\"@id\":\"https:\\\/\\\/www.infarma.es\\\/en\\\/infarma-solidario-volcara-su-ayuda-con-los-ninos-de-etiopia\\\/#primaryimage\",\"url\":\"\",\"contentUrl\":\"\"},{\"@type\":\"BreadcrumbList\",\"@id\":\"https:\\\/\\\/www.infarma.es\\\/en\\\/infarma-solidario-volcara-su-ayuda-con-los-ninos-de-etiopia\\\/#breadcrumb\",\"itemListElement\":[{\"@type\":\"ListItem\",\"position\":1,\"name\":\"Portada\",\"item\":\"https:\\\/\\\/www.infarma.es\\\/en\\\/\"},{\"@type\":\"ListItem\",\"position\":2,\"name\":\"\u2018Infarma Solidario\u2019 volcar\u00e1 su ayuda con los ni\u00f1os de Etiop\u00eda\"}]},{\"@type\":\"WebSite\",\"@id\":\"https:\\\/\\\/www.infarma.es\\\/en\\\/#website\",\"url\":\"https:\\\/\\\/www.infarma.es\\\/en\\\/\",\"name\":\"Infarma\",\"description\":\"El mayor encuentro de farmacia\",\"publisher\":{\"@id\":\"https:\\\/\\\/www.infarma.es\\\/en\\\/#organization\"},\"potentialAction\":[{\"@type\":\"SearchAction\",\"target\":{\"@type\":\"EntryPoint\",\"urlTemplate\":\"https:\\\/\\\/www.infarma.es\\\/en\\\/?s={search_term_string}\"},\"query-input\":{\"@type\":\"PropertyValueSpecification\",\"valueRequired\":true,\"valueName\":\"search_term_string\"}}],\"inLanguage\":\"en-US\"},{\"@type\":\"Organization\",\"@id\":\"https:\\\/\\\/www.infarma.es\\\/en\\\/#organization\",\"name\":\"Infarma\",\"url\":\"https:\\\/\\\/www.infarma.es\\\/en\\\/\",\"logo\":{\"@type\":\"ImageObject\",\"inLanguage\":\"en-US\",\"@id\":\"https:\\\/\\\/www.infarma.es\\\/en\\\/#\\\/schema\\\/logo\\\/image\\\/\",\"url\":\"https:\\\/\\\/www.infarma.es\\\/wp-content\\\/uploads\\\/2024\\\/10\\\/logo-simple.svg\",\"contentUrl\":\"https:\\\/\\\/www.infarma.es\\\/wp-content\\\/uploads\\\/2024\\\/10\\\/logo-simple.svg\",\"width\":1,\"height\":1,\"caption\":\"Infarma\"},\"image\":{\"@id\":\"https:\\\/\\\/www.infarma.es\\\/en\\\/#\\\/schema\\\/logo\\\/image\\\/\"},\"sameAs\":[\"https:\\\/\\\/www.facebook.com\\\/infarmaoficial\\\/\",\"https:\\\/\\\/x.com\\\/infarma_es\",\"https:\\\/\\\/www.instagram.com\\\/infarma_oficial\\\/\",\"https:\\\/\\\/www.linkedin.com\\\/showcase\\\/infarma-salon\\\/\",\"https:\\\/\\\/www.youtube.com\\\/@INFARMAOFICIAL\"]},{\"@type\":\"Person\",\"@id\":\"https:\\\/\\\/www.infarma.es\\\/en\\\/#\\\/schema\\\/person\\\/e53486dc47606cc5c89217026a8a01a7\",\"name\":\"xavier\",\"image\":{\"@type\":\"ImageObject\",\"inLanguage\":\"en-US\",\"@id\":\"https:\\\/\\\/secure.gravatar.com\\\/avatar\\\/9014b89254123c1f240ae636cc793b98ce50ec2df162909756be1d23adc503e4?s=96&d=mm&r=g\",\"url\":\"https:\\\/\\\/secure.gravatar.com\\\/avatar\\\/9014b89254123c1f240ae636cc793b98ce50ec2df162909756be1d23adc503e4?s=96&d=mm&r=g\",\"contentUrl\":\"https:\\\/\\\/secure.gravatar.com\\\/avatar\\\/9014b89254123c1f240ae636cc793b98ce50ec2df162909756be1d23adc503e4?s=96&d=mm&r=g\",\"caption\":\"xavier\"},\"url\":\"https:\\\/\\\/www.infarma.es\\\/en\\\/author\\\/xavier\\\/\"}]}<\/script>\n<!-- \/ Yoast SEO plugin. -->","yoast_head_json":{"title":"\u2018Infarma Solidario\u2019 volcar\u00e1 su ayuda con los ni\u00f1os de Etiop\u00eda - Infarma","robots":{"index":"index","follow":"follow","max-snippet":"max-snippet:-1","max-image-preview":"max-image-preview:large","max-video-preview":"max-video-preview:-1"},"canonical":"https:\/\/www.infarma.es\/en\/infarma-solidario-volcara-su-ayuda-con-los-ninos-de-etiopia\/","og_locale":"en_US","og_type":"article","og_title":"\u2018Infarma Solidario\u2019 volcar\u00e1 su ayuda con los ni\u00f1os de Etiop\u00eda - Infarma","og_description":"Madrid, 3 de febrero.&nbsp;Infarma Solidario&nbsp;abrazar\u00e1 por quinto a\u00f1o consecutivo una nueva causa humanitaria en la pr\u00f3xima edici\u00f3n del Congreso y Sal\u00f3n farmac\u00e9utico que organizan los colegios oficiales de farmac\u00e9uticos de Madrid y Barcelona, en colaboraci\u00f3n con Interalia.&nbsp;El proyecto elegido para volcar todo el apoyo y solidaridad de los profesionales, empresas y organizaciones que se dar\u00e1n [&hellip;]","og_url":"https:\/\/www.infarma.es\/en\/infarma-solidario-volcara-su-ayuda-con-los-ninos-de-etiopia\/","og_site_name":"Infarma","article_publisher":"https:\/\/www.facebook.com\/infarmaoficial\/","article_published_time":"2020-02-03T10:43:50+00:00","author":"xavier","twitter_card":"summary_large_image","twitter_creator":"@infarma_es","twitter_site":"@infarma_es","twitter_misc":{"Written by":"xavier","Est. reading time":"4 minutes"},"schema":{"@context":"https:\/\/schema.org","@graph":[{"@type":"Article","@id":"https:\/\/www.infarma.es\/en\/infarma-solidario-volcara-su-ayuda-con-los-ninos-de-etiopia\/#article","isPartOf":{"@id":"https:\/\/www.infarma.es\/en\/infarma-solidario-volcara-su-ayuda-con-los-ninos-de-etiopia\/"},"author":{"name":"xavier","@id":"https:\/\/www.infarma.es\/en\/#\/schema\/person\/e53486dc47606cc5c89217026a8a01a7"},"headline":"\u2018Infarma Solidario\u2019 volcar\u00e1 su ayuda con los ni\u00f1os de Etiop\u00eda","datePublished":"2020-02-03T10:43:50+00:00","mainEntityOfPage":{"@id":"https:\/\/www.infarma.es\/en\/infarma-solidario-volcara-su-ayuda-con-los-ninos-de-etiopia\/"},"wordCount":809,"publisher":{"@id":"https:\/\/www.infarma.es\/en\/#organization"},"image":{"@id":"https:\/\/www.infarma.es\/en\/infarma-solidario-volcara-su-ayuda-con-los-ninos-de-etiopia\/#primaryimage"},"thumbnailUrl":"","articleSection":["Notas de prensa"],"inLanguage":"en-US"},{"@type":"WebPage","@id":"https:\/\/www.infarma.es\/en\/infarma-solidario-volcara-su-ayuda-con-los-ninos-de-etiopia\/","url":"https:\/\/www.infarma.es\/en\/infarma-solidario-volcara-su-ayuda-con-los-ninos-de-etiopia\/","name":"\u2018Infarma Solidario\u2019 volcar\u00e1 su ayuda con los ni\u00f1os de Etiop\u00eda - Infarma","isPartOf":{"@id":"https:\/\/www.infarma.es\/en\/#website"},"primaryImageOfPage":{"@id":"https:\/\/www.infarma.es\/en\/infarma-solidario-volcara-su-ayuda-con-los-ninos-de-etiopia\/#primaryimage"},"image":{"@id":"https:\/\/www.infarma.es\/en\/infarma-solidario-volcara-su-ayuda-con-los-ninos-de-etiopia\/#primaryimage"},"thumbnailUrl":"","datePublished":"2020-02-03T10:43:50+00:00","breadcrumb":{"@id":"https:\/\/www.infarma.es\/en\/infarma-solidario-volcara-su-ayuda-con-los-ninos-de-etiopia\/#breadcrumb"},"inLanguage":"en-US","potentialAction":[{"@type":"ReadAction","target":["https:\/\/www.infarma.es\/en\/infarma-solidario-volcara-su-ayuda-con-los-ninos-de-etiopia\/"]}]},{"@type":"ImageObject","inLanguage":"en-US","@id":"https:\/\/www.infarma.es\/en\/infarma-solidario-volcara-su-ayuda-con-los-ninos-de-etiopia\/#primaryimage","url":"","contentUrl":""},{"@type":"BreadcrumbList","@id":"https:\/\/www.infarma.es\/en\/infarma-solidario-volcara-su-ayuda-con-los-ninos-de-etiopia\/#breadcrumb","itemListElement":[{"@type":"ListItem","position":1,"name":"Portada","item":"https:\/\/www.infarma.es\/en\/"},{"@type":"ListItem","position":2,"name":"\u2018Infarma Solidario\u2019 volcar\u00e1 su ayuda con los ni\u00f1os de Etiop\u00eda"}]},{"@type":"WebSite","@id":"https:\/\/www.infarma.es\/en\/#website","url":"https:\/\/www.infarma.es\/en\/","name":"Infarma","description":"El mayor encuentro de farmacia","publisher":{"@id":"https:\/\/www.infarma.es\/en\/#organization"},"potentialAction":[{"@type":"SearchAction","target":{"@type":"EntryPoint","urlTemplate":"https:\/\/www.infarma.es\/en\/?s={search_term_string}"},"query-input":{"@type":"PropertyValueSpecification","valueRequired":true,"valueName":"search_term_string"}}],"inLanguage":"en-US"},{"@type":"Organization","@id":"https:\/\/www.infarma.es\/en\/#organization","name":"Infarma","url":"https:\/\/www.infarma.es\/en\/","logo":{"@type":"ImageObject","inLanguage":"en-US","@id":"https:\/\/www.infarma.es\/en\/#\/schema\/logo\/image\/","url":"https:\/\/www.infarma.es\/wp-content\/uploads\/2024\/10\/logo-simple.svg","contentUrl":"https:\/\/www.infarma.es\/wp-content\/uploads\/2024\/10\/logo-simple.svg","width":1,"height":1,"caption":"Infarma"},"image":{"@id":"https:\/\/www.infarma.es\/en\/#\/schema\/logo\/image\/"},"sameAs":["https:\/\/www.facebook.com\/infarmaoficial\/","https:\/\/x.com\/infarma_es","https:\/\/www.instagram.com\/infarma_oficial\/","https:\/\/www.linkedin.com\/showcase\/infarma-salon\/","https:\/\/www.youtube.com\/@INFARMAOFICIAL"]},{"@type":"Person","@id":"https:\/\/www.infarma.es\/en\/#\/schema\/person\/e53486dc47606cc5c89217026a8a01a7","name":"xavier","image":{"@type":"ImageObject","inLanguage":"en-US","@id":"https:\/\/secure.gravatar.com\/avatar\/9014b89254123c1f240ae636cc793b98ce50ec2df162909756be1d23adc503e4?s=96&d=mm&r=g","url":"https:\/\/secure.gravatar.com\/avatar\/9014b89254123c1f240ae636cc793b98ce50ec2df162909756be1d23adc503e4?s=96&d=mm&r=g","contentUrl":"https:\/\/secure.gravatar.com\/avatar\/9014b89254123c1f240ae636cc793b98ce50ec2df162909756be1d23adc503e4?s=96&d=mm&r=g","caption":"xavier"},"url":"https:\/\/www.infarma.es\/en\/author\/xavier\/"}]}},"_links":{"self":[{"href":"https:\/\/www.infarma.es\/en\/wp-json\/wp\/v2\/posts\/1389","targetHints":{"allow":["GET"]}}],"collection":[{"href":"https:\/\/www.infarma.es\/en\/wp-json\/wp\/v2\/posts"}],"about":[{"href":"https:\/\/www.infarma.es\/en\/wp-json\/wp\/v2\/types\/post"}],"author":[{"embeddable":true,"href":"https:\/\/www.infarma.es\/en\/wp-json\/wp\/v2\/users\/2"}],"replies":[{"embeddable":true,"href":"https:\/\/www.infarma.es\/en\/wp-json\/wp\/v2\/comments?post=1389"}],"version-history":[{"count":0,"href":"https:\/\/www.infarma.es\/en\/wp-json\/wp\/v2\/posts\/1389\/revisions"}],"wp:featuredmedia":[{"embeddable":true,"href":"https:\/\/www.infarma.es\/en\/wp-json\/"}],"wp:attachment":[{"href":"https:\/\/www.infarma.es\/en\/wp-json\/wp\/v2\/media?parent=1389"}],"wp:term":[{"taxonomy":"category","embeddable":true,"href":"https:\/\/www.infarma.es\/en\/wp-json\/wp\/v2\/categories?post=1389"},{"taxonomy":"post_tag","embeddable":true,"href":"https:\/\/www.infarma.es\/en\/wp-json\/wp\/v2\/tags?post=1389"}],"curies":[{"name":"wp","href":"https:\/\/api.w.org\/{rel}","templated":true}]}}