{"id":14902,"date":"2024-02-28T11:00:00","date_gmt":"2024-02-28T10:00:00","guid":{"rendered":"https:\/\/www.infarma.es\/?p=11809"},"modified":"2024-09-30T16:23:03","modified_gmt":"2024-09-30T14:23:03","slug":"infarma-solidario-2024-promovera-un-proyecto-de-cooperacion-farmaceutica-en-uganda","status":"publish","type":"post","link":"https:\/\/www.infarma.es\/en\/infarma-solidario-2024-promovera-un-proyecto-de-cooperacion-farmaceutica-en-uganda\/","title":{"rendered":"\u2018Infarma Solidario 2024\u2019 promover\u00e1 un proyecto de cooperaci\u00f3n farmac\u00e9utica en Uganda"},"content":{"rendered":"\n<ul style=\"list-style-type: square; margin-left: 30px;\">\n<li style=\"margin-bottom: 15px;\"><strong>Est\u00e1 liderado por la Fundaci\u00f3n El Alto y se centra en mejorar la formaci\u00f3n y los servicios de farmacia del hospital de Saint Joseph, de Kitgum<\/strong><\/li>\n<li style=\"margin-bottom: 15px;\"><strong>La iniciativa beneficiar\u00e1 de forma directa a una comunidad de 43.800 personas<\/strong><\/li>\n<li style=\"margin-bottom: 15px;\"><strong>Hasta 18 iniciativas de ayuda farmac\u00e9utica y humanitaria se han presentado en la convocatoria p\u00fablica abierta por Infarma<\/strong><strong><\/strong><\/li>\n<li style=\"margin-bottom: 15px;\"><strong>Para la recaudaci\u00f3n de fondos se<\/strong><strong> <\/strong><strong>celebrar\u00e1 un concierto ben\u00e9fico el 20 de marzo<\/strong><\/li>\n<\/ul>\n\n\n\n<div style=\"height:20px\" aria-hidden=\"true\" class=\"wp-block-spacer\"><\/div>\n\n\n\n<p><em>Infarma Solidario<\/em> abrazar\u00e1 una nueva causa humanitaria en el Congreso Europeo de Farmacia y Sal\u00f3n de Medicamentos y Parafarmacia que organizan los colegios oficiales de farmac\u00e9uticos de Madrid y Barcelona, en colaboraci\u00f3n con CloserStill, y que tendr\u00e1 lugar entre el 19 y el 21 de marzo en el recinto ferial de IFEMA Madrid.<\/p>\n\n\n\n<p>El proyecto seleccionado en la presente edici\u00f3n, donde se volcar\u00e1 el apoyo y la solidaridad de los farmac\u00e9uticos, empresas y organizaciones que se dar\u00e1n cita en <em>Infarma<\/em>, permitir\u00e1 la capacitaci\u00f3n t\u00e9cnica de alumnos de Farmacia en la Universidad de Makerere y la mejora de los servicios de farmacia en el hospital de Saint Joseph, de Kitgum, en Uganda.<\/p>\n\n\n\n<p>Liderado por la Fundaci\u00f3n El Alto, una ONG farmac\u00e9utico-sanitaria con sede en Vinar\u00f3s (Castell\u00f3n), que lleva trabajando en el pa\u00eds africano desde 2013, el proyecto reforzar\u00e1 el derecho a la protecci\u00f3n de la salud de la poblaci\u00f3n mediante el asesoramiento y la capacitaci\u00f3n t\u00e9cnica de los alumnos de la Facultad de Farmacia de la Universidad de Makerere, en la capital de Uganda, Kampala, y la mejora de los servicios de farmacia del hospital de Saint Joseph, de Kitgum, contribuyendo as\u00ed a fortalecer las capacidades locales y dar continuidad a la labor de la fundaci\u00f3n en esta regi\u00f3n.<\/p>\n\n\n\n<p>Los fondos recaudados en <em>Infarma<\/em> servir\u00e1n para sufragar durante un a\u00f1o la formaci\u00f3n continuada de los farmac\u00e9uticos y potenciar la relaci\u00f3n entre los servicios de la farmacia hospitalaria y el laboratorio de formulaci\u00f3n magistral del centro, as\u00ed como emprender acciones de educaci\u00f3n en la salud y mejora del acceso a los medicamentos y tratamientos en la poblaci\u00f3n local. Se beneficiar\u00e1 de forma directa a una comunidad de 43.800 personas, entre alumnos, profesores, pacientes y profesionales del hospital, y de forma indirecta, a m\u00e1s de 1,3 millones de personas.<\/p>\n\n\n\n<p>El presidente de la Fundaci\u00f3n El Alto, David Roca, valora el apoyo de <em>Infarma<\/em>: \u201cLo m\u00e1s importante es visibilizar una realidad tan complicada como la que estamos viviendo en Uganda; a nivel farmac\u00e9utico es un pa\u00eds con unas necesidades muy grandes, con una gran poblaci\u00f3n de refugiados de Sud\u00e1n del Sur que requiere una atenci\u00f3n especial y el acceso a medicamentos esenciales\u201d. \u201cEstamos capacitando al equipo sanitario ugand\u00e9s para hacer formulaci\u00f3n magistral de calidad -explica el fundador de la ONG y farmac\u00e9utico comunitario de Vinar\u00f3s-, y estamos tambi\u00e9n trabajando con la Facultad de Farmacia de la Universidad para hacer uso y mejorar las instalaciones del laboratorio de formulaci\u00f3n magistral\u201d.<\/p>\n\n\n\n<div style=\"height:30px\" aria-hidden=\"true\" class=\"wp-block-spacer\"><\/div>\n\n\n\n<h3 class=\"wp-block-heading\"><strong>Convocatoria p\u00fablica 2024<\/strong><\/h3>\n\n\n\n<p>Hasta 18 proyectos de ayuda farmac\u00e9utica y humanitaria se han presentado en esta edici\u00f3n por entidades sin \u00e1nimo de lucro. En la convocatoria p\u00fablica anual abierta por <em>Infarma Solidario<\/em> para seleccionar el proyecto humanitario han participado algunas de las principales fundaciones, asociaciones y organizaciones no gubernamentales que m\u00e1s se han significado en la ayuda a los colectivos m\u00e1s desfavorecidos y la atenci\u00f3n de pacientes cr\u00f3nicos de esclerosis m\u00faltiple, Alzheimer o Parkinson, oncol\u00f3gicos, situaciones de discapacidad o problemas de adicciones.<\/p>\n\n\n\n<p>Entre los proyectos presentados se encuentran iniciativas de cooperaci\u00f3n internacional en pa\u00edses como Camer\u00fan, Etiop\u00eda, Guatemala, Ucrania, Uganda o Bangladesh, as\u00ed como de \u00e1mbito nacional, enfocadas en las distintas comunidades aut\u00f3nomas. &nbsp;<\/p>\n\n\n\n<p>La organizaci\u00f3n ha tenido en cuenta, entre otros criterios de valoraci\u00f3n, la trayectoria y especializaci\u00f3n contrastada de los proyectos presentados por entidades sin \u00e1nimo de lucro, la inclusi\u00f3n de aspectos de educaci\u00f3n y capacitaci\u00f3n a la poblaci\u00f3n destinaria relacionados con la prevenci\u00f3n de las dolencias y\/o la promoci\u00f3n de h\u00e1bitos saludables, as\u00ed como el papel de los farmac\u00e9uticos como profesionales sanitarios.<\/p>\n\n\n\n<div style=\"height:30px\" aria-hidden=\"true\" class=\"wp-block-spacer\"><\/div>\n\n\n\n<h3 class=\"wp-block-heading\"><strong>Concierto solidario: \u2018La Guardia Gira 40 aniversario\u2019<\/strong><\/h3>\n\n\n\n<p><em>Infarma<\/em> celebrar\u00e1 el pr\u00f3ximo 20 de marzo un <a href=\"https:\/\/salabut.es\/concierto-benefico-la-guardia\" target=\"_blank\" rel=\"noreferrer noopener\">concierto ben\u00e9fico<\/a> a cargo del grupo de m\u00fasica rock <em>La Guardia<\/em> con el fin de recaudar fondos a trav\u00e9s de la venta de entradas y patrocinios, que se destinar\u00e1n \u00edntegramente al proyecto seleccionado en esta edici\u00f3n de <em>Infarma Solidario.<\/em><\/p>\n\n\n\n<p>El presidente del COFM, Manuel Mart\u00ednez del Peral, ha agradecido la labor que desarrollan las 18 entidades que se han presentado a la convocatoria, dentro de la l\u00ednea de transparencia y de compromiso social de este encuentro farmac\u00e9utico: \u201cTodas las iniciativas presentadas tienen un gran valor sanitario, social y humano y enlazan con la vertiente social de la profesi\u00f3n farmac\u00e9utica; adem\u00e1s, son l\u00edneas de colaboraci\u00f3n abiertas para un sector que cada edici\u00f3n de <em>Infarma <\/em>demuestra su solidaridad y sus enormes ganas de trabajar y estar cerca de las personas que m\u00e1s lo necesitan para garantizarles el mejor acceso posible a los tratamientos y el cuidado de su salud\u201d, se\u00f1ala.<\/p>\n\n\n\n<p>Desde 2016, <em>Infarma Solidario <\/em>impulsa el compromiso social en el \u00e1mbito farmac\u00e9utico a trav\u00e9s de distintas actividades ben\u00e9ficas, divulgando la acci\u00f3n social y solidaria de los distintos agentes del sector farmac\u00e9utico y promoviendo acciones que permitan recaudar fondos solidarios destinados \u00edntegramente a la financiaci\u00f3n de proyectos de \u00e1mbito sanitario, humanitario y social.<\/p>\n","protected":false},"excerpt":{"rendered":"<p>Est\u00e1 liderado por la Fundaci\u00f3n El Alto y se centra en mejorar la formaci\u00f3n y los servicios de farmacia del hospital de Saint Joseph, de Kitgum La iniciativa beneficiar\u00e1 de forma directa a una comunidad de 43.800 personas Hasta 18 iniciativas de ayuda farmac\u00e9utica y humanitaria se han presentado en la convocatoria p\u00fablica abierta por [&hellip;]<\/p>\n","protected":false},"author":2,"featured_media":12733,"comment_status":"closed","ping_status":"closed","sticky":false,"template":"","format":"standard","meta":{"footnotes":""},"categories":[159],"tags":[],"class_list":["post-14902","post","type-post","status-publish","format-standard","has-post-thumbnail","hentry","category-notas_prensa"],"yoast_head":"<!-- This site is optimized with the Yoast SEO plugin v27.4 - https:\/\/yoast.com\/product\/yoast-seo-wordpress\/ -->\n<title>\u2018Infarma Solidario 2024\u2019 promover\u00e1 un proyecto de cooperaci\u00f3n farmac\u00e9utica en Uganda<\/title>\n<meta name=\"description\" content=\"Est\u00e1 liderado por la Fundaci\u00f3n El Alto y se centra en mejorar la formaci\u00f3n y los servicios de farmacia del hospital de Saint Joseph, de Kitgum.\" \/>\n<meta name=\"robots\" content=\"index, follow, max-snippet:-1, max-image-preview:large, max-video-preview:-1\" \/>\n<link rel=\"canonical\" href=\"https:\/\/www.infarma.es\/en\/infarma-solidario-2024-promovera-un-proyecto-de-cooperacion-farmaceutica-en-uganda\/\" \/>\n<meta property=\"og:locale\" content=\"en_US\" \/>\n<meta property=\"og:type\" content=\"article\" \/>\n<meta property=\"og:title\" content=\"\u2018Infarma Solidario 2024\u2019 promover\u00e1 un proyecto de cooperaci\u00f3n farmac\u00e9utica en Uganda\" \/>\n<meta property=\"og:description\" content=\"Est\u00e1 liderado por la Fundaci\u00f3n El Alto y se centra en mejorar la formaci\u00f3n y los servicios de farmacia del hospital de Saint Joseph, de Kitgum.\" \/>\n<meta property=\"og:url\" content=\"https:\/\/www.infarma.es\/en\/infarma-solidario-2024-promovera-un-proyecto-de-cooperacion-farmaceutica-en-uganda\/\" \/>\n<meta property=\"og:site_name\" content=\"Infarma\" \/>\n<meta property=\"article:publisher\" content=\"https:\/\/www.facebook.com\/infarmaoficial\/\" \/>\n<meta property=\"article:published_time\" content=\"2024-02-28T10:00:00+00:00\" \/>\n<meta property=\"article:modified_time\" content=\"2024-09-30T14:23:03+00:00\" \/>\n<meta property=\"og:image\" content=\"https:\/\/www.infarma.es\/wp-content\/uploads\/2024\/07\/inf2024-infarma-solidario-makerere.webp\" \/>\n\t<meta property=\"og:image:width\" content=\"1600\" \/>\n\t<meta property=\"og:image:height\" content=\"900\" \/>\n\t<meta property=\"og:image:type\" content=\"image\/webp\" \/>\n<meta name=\"author\" content=\"xavier\" \/>\n<meta name=\"twitter:card\" content=\"summary_large_image\" \/>\n<meta name=\"twitter:creator\" content=\"@infarma_es\" \/>\n<meta name=\"twitter:site\" content=\"@infarma_es\" \/>\n<meta name=\"twitter:label1\" content=\"Written by\" \/>\n\t<meta name=\"twitter:data1\" content=\"xavier\" \/>\n\t<meta name=\"twitter:label2\" content=\"Est. reading time\" \/>\n\t<meta name=\"twitter:data2\" content=\"5 minutes\" \/>\n<script type=\"application\/ld+json\" class=\"yoast-schema-graph\">{\"@context\":\"https:\\\/\\\/schema.org\",\"@graph\":[{\"@type\":\"Article\",\"@id\":\"https:\\\/\\\/www.infarma.es\\\/en\\\/infarma-solidario-2024-promovera-un-proyecto-de-cooperacion-farmaceutica-en-uganda\\\/#article\",\"isPartOf\":{\"@id\":\"https:\\\/\\\/www.infarma.es\\\/en\\\/infarma-solidario-2024-promovera-un-proyecto-de-cooperacion-farmaceutica-en-uganda\\\/\"},\"author\":{\"name\":\"xavier\",\"@id\":\"https:\\\/\\\/www.infarma.es\\\/en\\\/#\\\/schema\\\/person\\\/e53486dc47606cc5c89217026a8a01a7\"},\"headline\":\"\u2018Infarma Solidario 2024\u2019 promover\u00e1 un proyecto de cooperaci\u00f3n farmac\u00e9utica en Uganda\",\"datePublished\":\"2024-02-28T10:00:00+00:00\",\"dateModified\":\"2024-09-30T14:23:03+00:00\",\"mainEntityOfPage\":{\"@id\":\"https:\\\/\\\/www.infarma.es\\\/en\\\/infarma-solidario-2024-promovera-un-proyecto-de-cooperacion-farmaceutica-en-uganda\\\/\"},\"wordCount\":960,\"publisher\":{\"@id\":\"https:\\\/\\\/www.infarma.es\\\/en\\\/#organization\"},\"image\":{\"@id\":\"https:\\\/\\\/www.infarma.es\\\/en\\\/infarma-solidario-2024-promovera-un-proyecto-de-cooperacion-farmaceutica-en-uganda\\\/#primaryimage\"},\"thumbnailUrl\":\"https:\\\/\\\/www.infarma.es\\\/wp-content\\\/uploads\\\/2024\\\/07\\\/inf2024-infarma-solidario-makerere.webp\",\"articleSection\":[\"Notas de prensa\"],\"inLanguage\":\"en-US\"},{\"@type\":\"WebPage\",\"@id\":\"https:\\\/\\\/www.infarma.es\\\/en\\\/infarma-solidario-2024-promovera-un-proyecto-de-cooperacion-farmaceutica-en-uganda\\\/\",\"url\":\"https:\\\/\\\/www.infarma.es\\\/en\\\/infarma-solidario-2024-promovera-un-proyecto-de-cooperacion-farmaceutica-en-uganda\\\/\",\"name\":\"\u2018Infarma Solidario 2024\u2019 promover\u00e1 un proyecto de cooperaci\u00f3n farmac\u00e9utica en Uganda\",\"isPartOf\":{\"@id\":\"https:\\\/\\\/www.infarma.es\\\/en\\\/#website\"},\"primaryImageOfPage\":{\"@id\":\"https:\\\/\\\/www.infarma.es\\\/en\\\/infarma-solidario-2024-promovera-un-proyecto-de-cooperacion-farmaceutica-en-uganda\\\/#primaryimage\"},\"image\":{\"@id\":\"https:\\\/\\\/www.infarma.es\\\/en\\\/infarma-solidario-2024-promovera-un-proyecto-de-cooperacion-farmaceutica-en-uganda\\\/#primaryimage\"},\"thumbnailUrl\":\"https:\\\/\\\/www.infarma.es\\\/wp-content\\\/uploads\\\/2024\\\/07\\\/inf2024-infarma-solidario-makerere.webp\",\"datePublished\":\"2024-02-28T10:00:00+00:00\",\"dateModified\":\"2024-09-30T14:23:03+00:00\",\"description\":\"Est\u00e1 liderado por la Fundaci\u00f3n El Alto y se centra en mejorar la formaci\u00f3n y los servicios de farmacia del hospital de Saint Joseph, de Kitgum.\",\"breadcrumb\":{\"@id\":\"https:\\\/\\\/www.infarma.es\\\/en\\\/infarma-solidario-2024-promovera-un-proyecto-de-cooperacion-farmaceutica-en-uganda\\\/#breadcrumb\"},\"inLanguage\":\"en-US\",\"potentialAction\":[{\"@type\":\"ReadAction\",\"target\":[\"https:\\\/\\\/www.infarma.es\\\/en\\\/infarma-solidario-2024-promovera-un-proyecto-de-cooperacion-farmaceutica-en-uganda\\\/\"]}]},{\"@type\":\"ImageObject\",\"inLanguage\":\"en-US\",\"@id\":\"https:\\\/\\\/www.infarma.es\\\/en\\\/infarma-solidario-2024-promovera-un-proyecto-de-cooperacion-farmaceutica-en-uganda\\\/#primaryimage\",\"url\":\"https:\\\/\\\/www.infarma.es\\\/wp-content\\\/uploads\\\/2024\\\/07\\\/inf2024-infarma-solidario-makerere.webp\",\"contentUrl\":\"https:\\\/\\\/www.infarma.es\\\/wp-content\\\/uploads\\\/2024\\\/07\\\/inf2024-infarma-solidario-makerere.webp\",\"width\":1600,\"height\":900},{\"@type\":\"BreadcrumbList\",\"@id\":\"https:\\\/\\\/www.infarma.es\\\/en\\\/infarma-solidario-2024-promovera-un-proyecto-de-cooperacion-farmaceutica-en-uganda\\\/#breadcrumb\",\"itemListElement\":[{\"@type\":\"ListItem\",\"position\":1,\"name\":\"Portada\",\"item\":\"https:\\\/\\\/www.infarma.es\\\/en\\\/\"},{\"@type\":\"ListItem\",\"position\":2,\"name\":\"\u2018Infarma Solidario 2024\u2019 promover\u00e1 un proyecto de cooperaci\u00f3n farmac\u00e9utica en Uganda\"}]},{\"@type\":\"WebSite\",\"@id\":\"https:\\\/\\\/www.infarma.es\\\/en\\\/#website\",\"url\":\"https:\\\/\\\/www.infarma.es\\\/en\\\/\",\"name\":\"Infarma\",\"description\":\"El mayor encuentro de farmacia\",\"publisher\":{\"@id\":\"https:\\\/\\\/www.infarma.es\\\/en\\\/#organization\"},\"potentialAction\":[{\"@type\":\"SearchAction\",\"target\":{\"@type\":\"EntryPoint\",\"urlTemplate\":\"https:\\\/\\\/www.infarma.es\\\/en\\\/?s={search_term_string}\"},\"query-input\":{\"@type\":\"PropertyValueSpecification\",\"valueRequired\":true,\"valueName\":\"search_term_string\"}}],\"inLanguage\":\"en-US\"},{\"@type\":\"Organization\",\"@id\":\"https:\\\/\\\/www.infarma.es\\\/en\\\/#organization\",\"name\":\"Infarma\",\"url\":\"https:\\\/\\\/www.infarma.es\\\/en\\\/\",\"logo\":{\"@type\":\"ImageObject\",\"inLanguage\":\"en-US\",\"@id\":\"https:\\\/\\\/www.infarma.es\\\/en\\\/#\\\/schema\\\/logo\\\/image\\\/\",\"url\":\"https:\\\/\\\/www.infarma.es\\\/wp-content\\\/uploads\\\/2024\\\/10\\\/logo-simple.svg\",\"contentUrl\":\"https:\\\/\\\/www.infarma.es\\\/wp-content\\\/uploads\\\/2024\\\/10\\\/logo-simple.svg\",\"width\":1,\"height\":1,\"caption\":\"Infarma\"},\"image\":{\"@id\":\"https:\\\/\\\/www.infarma.es\\\/en\\\/#\\\/schema\\\/logo\\\/image\\\/\"},\"sameAs\":[\"https:\\\/\\\/www.facebook.com\\\/infarmaoficial\\\/\",\"https:\\\/\\\/x.com\\\/infarma_es\",\"https:\\\/\\\/www.instagram.com\\\/infarma_oficial\\\/\",\"https:\\\/\\\/www.linkedin.com\\\/showcase\\\/infarma-salon\\\/\",\"https:\\\/\\\/www.youtube.com\\\/@INFARMAOFICIAL\"]},{\"@type\":\"Person\",\"@id\":\"https:\\\/\\\/www.infarma.es\\\/en\\\/#\\\/schema\\\/person\\\/e53486dc47606cc5c89217026a8a01a7\",\"name\":\"xavier\",\"image\":{\"@type\":\"ImageObject\",\"inLanguage\":\"en-US\",\"@id\":\"https:\\\/\\\/secure.gravatar.com\\\/avatar\\\/9014b89254123c1f240ae636cc793b98ce50ec2df162909756be1d23adc503e4?s=96&d=mm&r=g\",\"url\":\"https:\\\/\\\/secure.gravatar.com\\\/avatar\\\/9014b89254123c1f240ae636cc793b98ce50ec2df162909756be1d23adc503e4?s=96&d=mm&r=g\",\"contentUrl\":\"https:\\\/\\\/secure.gravatar.com\\\/avatar\\\/9014b89254123c1f240ae636cc793b98ce50ec2df162909756be1d23adc503e4?s=96&d=mm&r=g\",\"caption\":\"xavier\"},\"url\":\"https:\\\/\\\/www.infarma.es\\\/en\\\/author\\\/xavier\\\/\"}]}<\/script>\n<!-- \/ Yoast SEO plugin. -->","yoast_head_json":{"title":"\u2018Infarma Solidario 2024\u2019 promover\u00e1 un proyecto de cooperaci\u00f3n farmac\u00e9utica en Uganda","description":"Est\u00e1 liderado por la Fundaci\u00f3n El Alto y se centra en mejorar la formaci\u00f3n y los servicios de farmacia del hospital de Saint Joseph, de Kitgum.","robots":{"index":"index","follow":"follow","max-snippet":"max-snippet:-1","max-image-preview":"max-image-preview:large","max-video-preview":"max-video-preview:-1"},"canonical":"https:\/\/www.infarma.es\/en\/infarma-solidario-2024-promovera-un-proyecto-de-cooperacion-farmaceutica-en-uganda\/","og_locale":"en_US","og_type":"article","og_title":"\u2018Infarma Solidario 2024\u2019 promover\u00e1 un proyecto de cooperaci\u00f3n farmac\u00e9utica en Uganda","og_description":"Est\u00e1 liderado por la Fundaci\u00f3n El Alto y se centra en mejorar la formaci\u00f3n y los servicios de farmacia del hospital de Saint Joseph, de Kitgum.","og_url":"https:\/\/www.infarma.es\/en\/infarma-solidario-2024-promovera-un-proyecto-de-cooperacion-farmaceutica-en-uganda\/","og_site_name":"Infarma","article_publisher":"https:\/\/www.facebook.com\/infarmaoficial\/","article_published_time":"2024-02-28T10:00:00+00:00","article_modified_time":"2024-09-30T14:23:03+00:00","og_image":[{"width":1600,"height":900,"url":"https:\/\/www.infarma.es\/wp-content\/uploads\/2024\/07\/inf2024-infarma-solidario-makerere.webp","type":"image\/webp"}],"author":"xavier","twitter_card":"summary_large_image","twitter_creator":"@infarma_es","twitter_site":"@infarma_es","twitter_misc":{"Written by":"xavier","Est. reading time":"5 minutes"},"schema":{"@context":"https:\/\/schema.org","@graph":[{"@type":"Article","@id":"https:\/\/www.infarma.es\/en\/infarma-solidario-2024-promovera-un-proyecto-de-cooperacion-farmaceutica-en-uganda\/#article","isPartOf":{"@id":"https:\/\/www.infarma.es\/en\/infarma-solidario-2024-promovera-un-proyecto-de-cooperacion-farmaceutica-en-uganda\/"},"author":{"name":"xavier","@id":"https:\/\/www.infarma.es\/en\/#\/schema\/person\/e53486dc47606cc5c89217026a8a01a7"},"headline":"\u2018Infarma Solidario 2024\u2019 promover\u00e1 un proyecto de cooperaci\u00f3n farmac\u00e9utica en Uganda","datePublished":"2024-02-28T10:00:00+00:00","dateModified":"2024-09-30T14:23:03+00:00","mainEntityOfPage":{"@id":"https:\/\/www.infarma.es\/en\/infarma-solidario-2024-promovera-un-proyecto-de-cooperacion-farmaceutica-en-uganda\/"},"wordCount":960,"publisher":{"@id":"https:\/\/www.infarma.es\/en\/#organization"},"image":{"@id":"https:\/\/www.infarma.es\/en\/infarma-solidario-2024-promovera-un-proyecto-de-cooperacion-farmaceutica-en-uganda\/#primaryimage"},"thumbnailUrl":"https:\/\/www.infarma.es\/wp-content\/uploads\/2024\/07\/inf2024-infarma-solidario-makerere.webp","articleSection":["Notas de prensa"],"inLanguage":"en-US"},{"@type":"WebPage","@id":"https:\/\/www.infarma.es\/en\/infarma-solidario-2024-promovera-un-proyecto-de-cooperacion-farmaceutica-en-uganda\/","url":"https:\/\/www.infarma.es\/en\/infarma-solidario-2024-promovera-un-proyecto-de-cooperacion-farmaceutica-en-uganda\/","name":"\u2018Infarma Solidario 2024\u2019 promover\u00e1 un proyecto de cooperaci\u00f3n farmac\u00e9utica en Uganda","isPartOf":{"@id":"https:\/\/www.infarma.es\/en\/#website"},"primaryImageOfPage":{"@id":"https:\/\/www.infarma.es\/en\/infarma-solidario-2024-promovera-un-proyecto-de-cooperacion-farmaceutica-en-uganda\/#primaryimage"},"image":{"@id":"https:\/\/www.infarma.es\/en\/infarma-solidario-2024-promovera-un-proyecto-de-cooperacion-farmaceutica-en-uganda\/#primaryimage"},"thumbnailUrl":"https:\/\/www.infarma.es\/wp-content\/uploads\/2024\/07\/inf2024-infarma-solidario-makerere.webp","datePublished":"2024-02-28T10:00:00+00:00","dateModified":"2024-09-30T14:23:03+00:00","description":"Est\u00e1 liderado por la Fundaci\u00f3n El Alto y se centra en mejorar la formaci\u00f3n y los servicios de farmacia del hospital de Saint Joseph, de Kitgum.","breadcrumb":{"@id":"https:\/\/www.infarma.es\/en\/infarma-solidario-2024-promovera-un-proyecto-de-cooperacion-farmaceutica-en-uganda\/#breadcrumb"},"inLanguage":"en-US","potentialAction":[{"@type":"ReadAction","target":["https:\/\/www.infarma.es\/en\/infarma-solidario-2024-promovera-un-proyecto-de-cooperacion-farmaceutica-en-uganda\/"]}]},{"@type":"ImageObject","inLanguage":"en-US","@id":"https:\/\/www.infarma.es\/en\/infarma-solidario-2024-promovera-un-proyecto-de-cooperacion-farmaceutica-en-uganda\/#primaryimage","url":"https:\/\/www.infarma.es\/wp-content\/uploads\/2024\/07\/inf2024-infarma-solidario-makerere.webp","contentUrl":"https:\/\/www.infarma.es\/wp-content\/uploads\/2024\/07\/inf2024-infarma-solidario-makerere.webp","width":1600,"height":900},{"@type":"BreadcrumbList","@id":"https:\/\/www.infarma.es\/en\/infarma-solidario-2024-promovera-un-proyecto-de-cooperacion-farmaceutica-en-uganda\/#breadcrumb","itemListElement":[{"@type":"ListItem","position":1,"name":"Portada","item":"https:\/\/www.infarma.es\/en\/"},{"@type":"ListItem","position":2,"name":"\u2018Infarma Solidario 2024\u2019 promover\u00e1 un proyecto de cooperaci\u00f3n farmac\u00e9utica en Uganda"}]},{"@type":"WebSite","@id":"https:\/\/www.infarma.es\/en\/#website","url":"https:\/\/www.infarma.es\/en\/","name":"Infarma","description":"El mayor encuentro de farmacia","publisher":{"@id":"https:\/\/www.infarma.es\/en\/#organization"},"potentialAction":[{"@type":"SearchAction","target":{"@type":"EntryPoint","urlTemplate":"https:\/\/www.infarma.es\/en\/?s={search_term_string}"},"query-input":{"@type":"PropertyValueSpecification","valueRequired":true,"valueName":"search_term_string"}}],"inLanguage":"en-US"},{"@type":"Organization","@id":"https:\/\/www.infarma.es\/en\/#organization","name":"Infarma","url":"https:\/\/www.infarma.es\/en\/","logo":{"@type":"ImageObject","inLanguage":"en-US","@id":"https:\/\/www.infarma.es\/en\/#\/schema\/logo\/image\/","url":"https:\/\/www.infarma.es\/wp-content\/uploads\/2024\/10\/logo-simple.svg","contentUrl":"https:\/\/www.infarma.es\/wp-content\/uploads\/2024\/10\/logo-simple.svg","width":1,"height":1,"caption":"Infarma"},"image":{"@id":"https:\/\/www.infarma.es\/en\/#\/schema\/logo\/image\/"},"sameAs":["https:\/\/www.facebook.com\/infarmaoficial\/","https:\/\/x.com\/infarma_es","https:\/\/www.instagram.com\/infarma_oficial\/","https:\/\/www.linkedin.com\/showcase\/infarma-salon\/","https:\/\/www.youtube.com\/@INFARMAOFICIAL"]},{"@type":"Person","@id":"https:\/\/www.infarma.es\/en\/#\/schema\/person\/e53486dc47606cc5c89217026a8a01a7","name":"xavier","image":{"@type":"ImageObject","inLanguage":"en-US","@id":"https:\/\/secure.gravatar.com\/avatar\/9014b89254123c1f240ae636cc793b98ce50ec2df162909756be1d23adc503e4?s=96&d=mm&r=g","url":"https:\/\/secure.gravatar.com\/avatar\/9014b89254123c1f240ae636cc793b98ce50ec2df162909756be1d23adc503e4?s=96&d=mm&r=g","contentUrl":"https:\/\/secure.gravatar.com\/avatar\/9014b89254123c1f240ae636cc793b98ce50ec2df162909756be1d23adc503e4?s=96&d=mm&r=g","caption":"xavier"},"url":"https:\/\/www.infarma.es\/en\/author\/xavier\/"}]}},"_links":{"self":[{"href":"https:\/\/www.infarma.es\/en\/wp-json\/wp\/v2\/posts\/14902","targetHints":{"allow":["GET"]}}],"collection":[{"href":"https:\/\/www.infarma.es\/en\/wp-json\/wp\/v2\/posts"}],"about":[{"href":"https:\/\/www.infarma.es\/en\/wp-json\/wp\/v2\/types\/post"}],"author":[{"embeddable":true,"href":"https:\/\/www.infarma.es\/en\/wp-json\/wp\/v2\/users\/2"}],"replies":[{"embeddable":true,"href":"https:\/\/www.infarma.es\/en\/wp-json\/wp\/v2\/comments?post=14902"}],"version-history":[{"count":2,"href":"https:\/\/www.infarma.es\/en\/wp-json\/wp\/v2\/posts\/14902\/revisions"}],"predecessor-version":[{"id":14974,"href":"https:\/\/www.infarma.es\/en\/wp-json\/wp\/v2\/posts\/14902\/revisions\/14974"}],"wp:featuredmedia":[{"embeddable":true,"href":"https:\/\/www.infarma.es\/en\/wp-json\/wp\/v2\/media\/12733"}],"wp:attachment":[{"href":"https:\/\/www.infarma.es\/en\/wp-json\/wp\/v2\/media?parent=14902"}],"wp:term":[{"taxonomy":"category","embeddable":true,"href":"https:\/\/www.infarma.es\/en\/wp-json\/wp\/v2\/categories?post=14902"},{"taxonomy":"post_tag","embeddable":true,"href":"https:\/\/www.infarma.es\/en\/wp-json\/wp\/v2\/tags?post=14902"}],"curies":[{"name":"wp","href":"https:\/\/api.w.org\/{rel}","templated":true}]}}