{"id":15519,"date":"2024-10-10T16:17:12","date_gmt":"2024-10-10T14:17:12","guid":{"rendered":"https:\/\/www.infarma.es\/?p=15519"},"modified":"2024-10-10T16:17:55","modified_gmt":"2024-10-10T14:17:55","slug":"alternatur-infarmaexperience","status":"publish","type":"post","link":"https:\/\/www.infarma.es\/en\/alternatur-infarmaexperience\/","title":{"rendered":"ALTERNATUR &#8211; #infarmaexperience"},"content":{"rendered":"\n<p><a href=\"https:\/\/www.linkedin.com\/in\/ACoAACYGCvgBdehZnSkceUK7knWmwbG-mgq9QXk\"><\/a>Pedro Porta Ferre, Socio Fundador de ALTERNATUR, distribuidora especializada en la comercializaci\u00f3n de complementos alimenticios de gran calidad, nos cuenta su #infarmaexperience y entra en detalle con sus productos m\u00e1s destacados y lanzamientos, muy muy innovadores.<br><br>En 2024 han introducido en Espa\u00f1a, en exclusiva, marcas extranjeras de complementos alimenticios de alta gama, sostenibles, efectivos y puros.<br>\ud83d\udc49Marcas como BETTER YOU, la marca m\u00e1s innovadora de complementos alimenticios en spray oral, lo que le permite una mayor absorci\u00f3n, VIRIDIAN y TOGETHER HEALTH,<br><br>\ud83c\udf1f ALTERNATUR vuelve a Infarma por todo lo alto: con una nueva marca HOLOS NUTRITION: \u00bfTe suena, \u201cla salud cerebro-intestino\u201d? Un concepto cada vez m\u00e1s extendido. Esta marca va a revolucionar el mercado de los complementos alimenticios.<\/p>\n\n\n\n<figure class=\"wp-block-embed is-type-video is-provider-youtube wp-block-embed-youtube wp-embed-aspect-16-9 wp-has-aspect-ratio\"><div class=\"wp-block-embed__wrapper\">\n<iframe loading=\"lazy\" title=\"ALTERNATUR #infarmaexperience\" width=\"1150\" height=\"647\" src=\"https:\/\/www.youtube.com\/embed\/w6DyCdUN58Y?feature=oembed\" frameborder=\"0\" allow=\"accelerometer; autoplay; clipboard-write; encrypted-media; gyroscope; picture-in-picture; web-share\" referrerpolicy=\"strict-origin-when-cross-origin\" allowfullscreen><\/iframe>\n<\/div><\/figure>\n","protected":false},"excerpt":{"rendered":"<p>Pedro Porta Ferre, Socio Fundador de ALTERNATUR, distribuidora especializada en la comercializaci\u00f3n de complementos alimenticios de gran calidad, nos cuenta su #infarmaexperience y entra en detalle con sus productos m\u00e1s destacados y lanzamientos, muy muy innovadores. En 2024 han introducido en Espa\u00f1a, en exclusiva, marcas extranjeras de complementos alimenticios de alta gama, sostenibles, efectivos y [&hellip;]<\/p>\n","protected":false},"author":2,"featured_media":15520,"comment_status":"closed","ping_status":"open","sticky":false,"template":"","format":"standard","meta":{"footnotes":""},"categories":[141],"tags":[],"class_list":["post-15519","post","type-post","status-publish","format-standard","has-post-thumbnail","hentry","category-noticias-del-salon"],"yoast_head":"<!-- This site is optimized with the Yoast SEO plugin v27.4 - https:\/\/yoast.com\/product\/yoast-seo-wordpress\/ -->\n<title>ALTERNATUR - #infarmaexperience - Infarma<\/title>\n<meta name=\"description\" content=\"Pedro Porta Ferre nos cuenta su #infarmaexperience y entra en detalle con sus productos m\u00e1s destacados y lanzamientos, muy muy innovadores.\" \/>\n<meta name=\"robots\" content=\"index, follow, max-snippet:-1, max-image-preview:large, max-video-preview:-1\" \/>\n<link rel=\"canonical\" href=\"https:\/\/www.infarma.es\/en\/alternatur-infarmaexperience\/\" \/>\n<meta property=\"og:locale\" content=\"en_US\" \/>\n<meta property=\"og:type\" content=\"article\" \/>\n<meta property=\"og:title\" content=\"ALTERNATUR - #infarmaexperience - Infarma\" \/>\n<meta property=\"og:description\" content=\"Pedro Porta Ferre nos cuenta su #infarmaexperience y entra en detalle con sus productos m\u00e1s destacados y lanzamientos, muy muy innovadores.\" \/>\n<meta property=\"og:url\" content=\"https:\/\/www.infarma.es\/en\/alternatur-infarmaexperience\/\" \/>\n<meta property=\"og:site_name\" content=\"Infarma\" \/>\n<meta property=\"article:publisher\" content=\"https:\/\/www.facebook.com\/infarmaoficial\/\" \/>\n<meta property=\"article:published_time\" content=\"2024-10-10T14:17:12+00:00\" \/>\n<meta property=\"article:modified_time\" content=\"2024-10-10T14:17:55+00:00\" \/>\n<meta property=\"og:image\" content=\"https:\/\/www.infarma.es\/wp-content\/uploads\/2024\/10\/inf25-Alternatur-experience-blog.webp\" \/>\n\t<meta property=\"og:image:width\" content=\"1600\" \/>\n\t<meta property=\"og:image:height\" content=\"900\" \/>\n\t<meta property=\"og:image:type\" content=\"image\/webp\" \/>\n<meta name=\"author\" content=\"xavier\" \/>\n<meta name=\"twitter:card\" content=\"summary_large_image\" \/>\n<meta name=\"twitter:creator\" content=\"@infarma_es\" \/>\n<meta name=\"twitter:site\" content=\"@infarma_es\" \/>\n<meta name=\"twitter:label1\" content=\"Written by\" \/>\n\t<meta name=\"twitter:data1\" content=\"xavier\" \/>\n\t<meta name=\"twitter:label2\" content=\"Est. reading time\" \/>\n\t<meta name=\"twitter:data2\" content=\"1 minute\" \/>\n<script type=\"application\/ld+json\" class=\"yoast-schema-graph\">{\"@context\":\"https:\\\/\\\/schema.org\",\"@graph\":[{\"@type\":\"Article\",\"@id\":\"https:\\\/\\\/www.infarma.es\\\/en\\\/alternatur-infarmaexperience\\\/#article\",\"isPartOf\":{\"@id\":\"https:\\\/\\\/www.infarma.es\\\/en\\\/alternatur-infarmaexperience\\\/\"},\"author\":{\"name\":\"xavier\",\"@id\":\"https:\\\/\\\/www.infarma.es\\\/en\\\/#\\\/schema\\\/person\\\/e53486dc47606cc5c89217026a8a01a7\"},\"headline\":\"ALTERNATUR &#8211; #infarmaexperience\",\"datePublished\":\"2024-10-10T14:17:12+00:00\",\"dateModified\":\"2024-10-10T14:17:55+00:00\",\"mainEntityOfPage\":{\"@id\":\"https:\\\/\\\/www.infarma.es\\\/en\\\/alternatur-infarmaexperience\\\/\"},\"wordCount\":131,\"publisher\":{\"@id\":\"https:\\\/\\\/www.infarma.es\\\/en\\\/#organization\"},\"image\":{\"@id\":\"https:\\\/\\\/www.infarma.es\\\/en\\\/alternatur-infarmaexperience\\\/#primaryimage\"},\"thumbnailUrl\":\"https:\\\/\\\/www.infarma.es\\\/wp-content\\\/uploads\\\/2024\\\/10\\\/inf25-Alternatur-experience-blog.webp\",\"articleSection\":[\"Noticias del Sal\u00f3n\"],\"inLanguage\":\"en-US\"},{\"@type\":\"WebPage\",\"@id\":\"https:\\\/\\\/www.infarma.es\\\/en\\\/alternatur-infarmaexperience\\\/\",\"url\":\"https:\\\/\\\/www.infarma.es\\\/en\\\/alternatur-infarmaexperience\\\/\",\"name\":\"ALTERNATUR - #infarmaexperience - Infarma\",\"isPartOf\":{\"@id\":\"https:\\\/\\\/www.infarma.es\\\/en\\\/#website\"},\"primaryImageOfPage\":{\"@id\":\"https:\\\/\\\/www.infarma.es\\\/en\\\/alternatur-infarmaexperience\\\/#primaryimage\"},\"image\":{\"@id\":\"https:\\\/\\\/www.infarma.es\\\/en\\\/alternatur-infarmaexperience\\\/#primaryimage\"},\"thumbnailUrl\":\"https:\\\/\\\/www.infarma.es\\\/wp-content\\\/uploads\\\/2024\\\/10\\\/inf25-Alternatur-experience-blog.webp\",\"datePublished\":\"2024-10-10T14:17:12+00:00\",\"dateModified\":\"2024-10-10T14:17:55+00:00\",\"description\":\"Pedro Porta Ferre nos cuenta su #infarmaexperience y entra en detalle con sus productos m\u00e1s destacados y lanzamientos, muy muy innovadores.\",\"breadcrumb\":{\"@id\":\"https:\\\/\\\/www.infarma.es\\\/en\\\/alternatur-infarmaexperience\\\/#breadcrumb\"},\"inLanguage\":\"en-US\",\"potentialAction\":[{\"@type\":\"ReadAction\",\"target\":[\"https:\\\/\\\/www.infarma.es\\\/en\\\/alternatur-infarmaexperience\\\/\"]}]},{\"@type\":\"ImageObject\",\"inLanguage\":\"en-US\",\"@id\":\"https:\\\/\\\/www.infarma.es\\\/en\\\/alternatur-infarmaexperience\\\/#primaryimage\",\"url\":\"https:\\\/\\\/www.infarma.es\\\/wp-content\\\/uploads\\\/2024\\\/10\\\/inf25-Alternatur-experience-blog.webp\",\"contentUrl\":\"https:\\\/\\\/www.infarma.es\\\/wp-content\\\/uploads\\\/2024\\\/10\\\/inf25-Alternatur-experience-blog.webp\",\"width\":1600,\"height\":900},{\"@type\":\"BreadcrumbList\",\"@id\":\"https:\\\/\\\/www.infarma.es\\\/en\\\/alternatur-infarmaexperience\\\/#breadcrumb\",\"itemListElement\":[{\"@type\":\"ListItem\",\"position\":1,\"name\":\"Portada\",\"item\":\"https:\\\/\\\/www.infarma.es\\\/en\\\/\"},{\"@type\":\"ListItem\",\"position\":2,\"name\":\"ALTERNATUR &#8211; #infarmaexperience\"}]},{\"@type\":\"WebSite\",\"@id\":\"https:\\\/\\\/www.infarma.es\\\/en\\\/#website\",\"url\":\"https:\\\/\\\/www.infarma.es\\\/en\\\/\",\"name\":\"Infarma\",\"description\":\"El mayor encuentro de farmacia\",\"publisher\":{\"@id\":\"https:\\\/\\\/www.infarma.es\\\/en\\\/#organization\"},\"potentialAction\":[{\"@type\":\"SearchAction\",\"target\":{\"@type\":\"EntryPoint\",\"urlTemplate\":\"https:\\\/\\\/www.infarma.es\\\/en\\\/?s={search_term_string}\"},\"query-input\":{\"@type\":\"PropertyValueSpecification\",\"valueRequired\":true,\"valueName\":\"search_term_string\"}}],\"inLanguage\":\"en-US\"},{\"@type\":\"Organization\",\"@id\":\"https:\\\/\\\/www.infarma.es\\\/en\\\/#organization\",\"name\":\"Infarma\",\"url\":\"https:\\\/\\\/www.infarma.es\\\/en\\\/\",\"logo\":{\"@type\":\"ImageObject\",\"inLanguage\":\"en-US\",\"@id\":\"https:\\\/\\\/www.infarma.es\\\/en\\\/#\\\/schema\\\/logo\\\/image\\\/\",\"url\":\"https:\\\/\\\/www.infarma.es\\\/wp-content\\\/uploads\\\/2024\\\/10\\\/logo-simple.svg\",\"contentUrl\":\"https:\\\/\\\/www.infarma.es\\\/wp-content\\\/uploads\\\/2024\\\/10\\\/logo-simple.svg\",\"width\":1,\"height\":1,\"caption\":\"Infarma\"},\"image\":{\"@id\":\"https:\\\/\\\/www.infarma.es\\\/en\\\/#\\\/schema\\\/logo\\\/image\\\/\"},\"sameAs\":[\"https:\\\/\\\/www.facebook.com\\\/infarmaoficial\\\/\",\"https:\\\/\\\/x.com\\\/infarma_es\",\"https:\\\/\\\/www.instagram.com\\\/infarma_oficial\\\/\",\"https:\\\/\\\/www.linkedin.com\\\/showcase\\\/infarma-salon\\\/\",\"https:\\\/\\\/www.youtube.com\\\/@INFARMAOFICIAL\"]},{\"@type\":\"Person\",\"@id\":\"https:\\\/\\\/www.infarma.es\\\/en\\\/#\\\/schema\\\/person\\\/e53486dc47606cc5c89217026a8a01a7\",\"name\":\"xavier\",\"image\":{\"@type\":\"ImageObject\",\"inLanguage\":\"en-US\",\"@id\":\"https:\\\/\\\/secure.gravatar.com\\\/avatar\\\/9014b89254123c1f240ae636cc793b98ce50ec2df162909756be1d23adc503e4?s=96&d=mm&r=g\",\"url\":\"https:\\\/\\\/secure.gravatar.com\\\/avatar\\\/9014b89254123c1f240ae636cc793b98ce50ec2df162909756be1d23adc503e4?s=96&d=mm&r=g\",\"contentUrl\":\"https:\\\/\\\/secure.gravatar.com\\\/avatar\\\/9014b89254123c1f240ae636cc793b98ce50ec2df162909756be1d23adc503e4?s=96&d=mm&r=g\",\"caption\":\"xavier\"},\"url\":\"https:\\\/\\\/www.infarma.es\\\/en\\\/author\\\/xavier\\\/\"}]}<\/script>\n<!-- \/ Yoast SEO plugin. -->","yoast_head_json":{"title":"ALTERNATUR - #infarmaexperience - Infarma","description":"Pedro Porta Ferre nos cuenta su #infarmaexperience y entra en detalle con sus productos m\u00e1s destacados y lanzamientos, muy muy innovadores.","robots":{"index":"index","follow":"follow","max-snippet":"max-snippet:-1","max-image-preview":"max-image-preview:large","max-video-preview":"max-video-preview:-1"},"canonical":"https:\/\/www.infarma.es\/en\/alternatur-infarmaexperience\/","og_locale":"en_US","og_type":"article","og_title":"ALTERNATUR - #infarmaexperience - Infarma","og_description":"Pedro Porta Ferre nos cuenta su #infarmaexperience y entra en detalle con sus productos m\u00e1s destacados y lanzamientos, muy muy innovadores.","og_url":"https:\/\/www.infarma.es\/en\/alternatur-infarmaexperience\/","og_site_name":"Infarma","article_publisher":"https:\/\/www.facebook.com\/infarmaoficial\/","article_published_time":"2024-10-10T14:17:12+00:00","article_modified_time":"2024-10-10T14:17:55+00:00","og_image":[{"width":1600,"height":900,"url":"https:\/\/www.infarma.es\/wp-content\/uploads\/2024\/10\/inf25-Alternatur-experience-blog.webp","type":"image\/webp"}],"author":"xavier","twitter_card":"summary_large_image","twitter_creator":"@infarma_es","twitter_site":"@infarma_es","twitter_misc":{"Written by":"xavier","Est. reading time":"1 minute"},"schema":{"@context":"https:\/\/schema.org","@graph":[{"@type":"Article","@id":"https:\/\/www.infarma.es\/en\/alternatur-infarmaexperience\/#article","isPartOf":{"@id":"https:\/\/www.infarma.es\/en\/alternatur-infarmaexperience\/"},"author":{"name":"xavier","@id":"https:\/\/www.infarma.es\/en\/#\/schema\/person\/e53486dc47606cc5c89217026a8a01a7"},"headline":"ALTERNATUR &#8211; #infarmaexperience","datePublished":"2024-10-10T14:17:12+00:00","dateModified":"2024-10-10T14:17:55+00:00","mainEntityOfPage":{"@id":"https:\/\/www.infarma.es\/en\/alternatur-infarmaexperience\/"},"wordCount":131,"publisher":{"@id":"https:\/\/www.infarma.es\/en\/#organization"},"image":{"@id":"https:\/\/www.infarma.es\/en\/alternatur-infarmaexperience\/#primaryimage"},"thumbnailUrl":"https:\/\/www.infarma.es\/wp-content\/uploads\/2024\/10\/inf25-Alternatur-experience-blog.webp","articleSection":["Noticias del Sal\u00f3n"],"inLanguage":"en-US"},{"@type":"WebPage","@id":"https:\/\/www.infarma.es\/en\/alternatur-infarmaexperience\/","url":"https:\/\/www.infarma.es\/en\/alternatur-infarmaexperience\/","name":"ALTERNATUR - #infarmaexperience - Infarma","isPartOf":{"@id":"https:\/\/www.infarma.es\/en\/#website"},"primaryImageOfPage":{"@id":"https:\/\/www.infarma.es\/en\/alternatur-infarmaexperience\/#primaryimage"},"image":{"@id":"https:\/\/www.infarma.es\/en\/alternatur-infarmaexperience\/#primaryimage"},"thumbnailUrl":"https:\/\/www.infarma.es\/wp-content\/uploads\/2024\/10\/inf25-Alternatur-experience-blog.webp","datePublished":"2024-10-10T14:17:12+00:00","dateModified":"2024-10-10T14:17:55+00:00","description":"Pedro Porta Ferre nos cuenta su #infarmaexperience y entra en detalle con sus productos m\u00e1s destacados y lanzamientos, muy muy innovadores.","breadcrumb":{"@id":"https:\/\/www.infarma.es\/en\/alternatur-infarmaexperience\/#breadcrumb"},"inLanguage":"en-US","potentialAction":[{"@type":"ReadAction","target":["https:\/\/www.infarma.es\/en\/alternatur-infarmaexperience\/"]}]},{"@type":"ImageObject","inLanguage":"en-US","@id":"https:\/\/www.infarma.es\/en\/alternatur-infarmaexperience\/#primaryimage","url":"https:\/\/www.infarma.es\/wp-content\/uploads\/2024\/10\/inf25-Alternatur-experience-blog.webp","contentUrl":"https:\/\/www.infarma.es\/wp-content\/uploads\/2024\/10\/inf25-Alternatur-experience-blog.webp","width":1600,"height":900},{"@type":"BreadcrumbList","@id":"https:\/\/www.infarma.es\/en\/alternatur-infarmaexperience\/#breadcrumb","itemListElement":[{"@type":"ListItem","position":1,"name":"Portada","item":"https:\/\/www.infarma.es\/en\/"},{"@type":"ListItem","position":2,"name":"ALTERNATUR &#8211; #infarmaexperience"}]},{"@type":"WebSite","@id":"https:\/\/www.infarma.es\/en\/#website","url":"https:\/\/www.infarma.es\/en\/","name":"Infarma","description":"El mayor encuentro de farmacia","publisher":{"@id":"https:\/\/www.infarma.es\/en\/#organization"},"potentialAction":[{"@type":"SearchAction","target":{"@type":"EntryPoint","urlTemplate":"https:\/\/www.infarma.es\/en\/?s={search_term_string}"},"query-input":{"@type":"PropertyValueSpecification","valueRequired":true,"valueName":"search_term_string"}}],"inLanguage":"en-US"},{"@type":"Organization","@id":"https:\/\/www.infarma.es\/en\/#organization","name":"Infarma","url":"https:\/\/www.infarma.es\/en\/","logo":{"@type":"ImageObject","inLanguage":"en-US","@id":"https:\/\/www.infarma.es\/en\/#\/schema\/logo\/image\/","url":"https:\/\/www.infarma.es\/wp-content\/uploads\/2024\/10\/logo-simple.svg","contentUrl":"https:\/\/www.infarma.es\/wp-content\/uploads\/2024\/10\/logo-simple.svg","width":1,"height":1,"caption":"Infarma"},"image":{"@id":"https:\/\/www.infarma.es\/en\/#\/schema\/logo\/image\/"},"sameAs":["https:\/\/www.facebook.com\/infarmaoficial\/","https:\/\/x.com\/infarma_es","https:\/\/www.instagram.com\/infarma_oficial\/","https:\/\/www.linkedin.com\/showcase\/infarma-salon\/","https:\/\/www.youtube.com\/@INFARMAOFICIAL"]},{"@type":"Person","@id":"https:\/\/www.infarma.es\/en\/#\/schema\/person\/e53486dc47606cc5c89217026a8a01a7","name":"xavier","image":{"@type":"ImageObject","inLanguage":"en-US","@id":"https:\/\/secure.gravatar.com\/avatar\/9014b89254123c1f240ae636cc793b98ce50ec2df162909756be1d23adc503e4?s=96&d=mm&r=g","url":"https:\/\/secure.gravatar.com\/avatar\/9014b89254123c1f240ae636cc793b98ce50ec2df162909756be1d23adc503e4?s=96&d=mm&r=g","contentUrl":"https:\/\/secure.gravatar.com\/avatar\/9014b89254123c1f240ae636cc793b98ce50ec2df162909756be1d23adc503e4?s=96&d=mm&r=g","caption":"xavier"},"url":"https:\/\/www.infarma.es\/en\/author\/xavier\/"}]}},"_links":{"self":[{"href":"https:\/\/www.infarma.es\/en\/wp-json\/wp\/v2\/posts\/15519","targetHints":{"allow":["GET"]}}],"collection":[{"href":"https:\/\/www.infarma.es\/en\/wp-json\/wp\/v2\/posts"}],"about":[{"href":"https:\/\/www.infarma.es\/en\/wp-json\/wp\/v2\/types\/post"}],"author":[{"embeddable":true,"href":"https:\/\/www.infarma.es\/en\/wp-json\/wp\/v2\/users\/2"}],"replies":[{"embeddable":true,"href":"https:\/\/www.infarma.es\/en\/wp-json\/wp\/v2\/comments?post=15519"}],"version-history":[{"count":3,"href":"https:\/\/www.infarma.es\/en\/wp-json\/wp\/v2\/posts\/15519\/revisions"}],"predecessor-version":[{"id":15524,"href":"https:\/\/www.infarma.es\/en\/wp-json\/wp\/v2\/posts\/15519\/revisions\/15524"}],"wp:featuredmedia":[{"embeddable":true,"href":"https:\/\/www.infarma.es\/en\/wp-json\/wp\/v2\/media\/15520"}],"wp:attachment":[{"href":"https:\/\/www.infarma.es\/en\/wp-json\/wp\/v2\/media?parent=15519"}],"wp:term":[{"taxonomy":"category","embeddable":true,"href":"https:\/\/www.infarma.es\/en\/wp-json\/wp\/v2\/categories?post=15519"},{"taxonomy":"post_tag","embeddable":true,"href":"https:\/\/www.infarma.es\/en\/wp-json\/wp\/v2\/tags?post=15519"}],"curies":[{"name":"wp","href":"https:\/\/api.w.org\/{rel}","templated":true}]}}