{"id":16204,"date":"2024-12-18T18:07:49","date_gmt":"2024-12-18T17:07:49","guid":{"rendered":"https:\/\/www.infarma.es\/?p=16204"},"modified":"2024-12-18T18:07:50","modified_gmt":"2024-12-18T17:07:50","slug":"el-mercado-del-te-matcha-crece-en-ventas-y-popularidad","status":"publish","type":"post","link":"https:\/\/www.infarma.es\/en\/el-mercado-del-te-matcha-crece-en-ventas-y-popularidad\/","title":{"rendered":"El mercado del t\u00e9 matcha crece en ventas y popularidad"},"content":{"rendered":"\n<p><strong>\u201cEl mercado del t\u00e9 matcha crece en ventas y popularidad\u201d,<\/strong> afirma Inma Riu CEO y fundadora del prestigioso t\u00e9 Apoteosic<\/p>\n\n\n\n<p>Los beneficios para la salud asociados al consumo de t\u00e9 verde impulsan su demanda a nivel mundial porque los flavonoides, antioxidantes y fitoqu\u00edmicos presentes en el t\u00e9 matcha mejoran diversas funciones del cuerpo humano.<\/p>\n\n\n\n<p>Seg\u00fan datos de la empresa de investigaci\u00f3n del mercado, Mordor Intelligence, se espera que el tama\u00f1o del mercado del t\u00e9 crezca <strong>de 51,26 mil millones de d\u00f3lares en 2023 a 67,69 mil millones de d\u00f3lares en 2028<\/strong>, una tasa que supone el 5,72%. Tal y como indica la plataforma de an\u00e1lisis de marcado Statista actualmente se ingieren a nivel mundial m\u00e1s de <strong>6.500 millones<\/strong> de kilogramos al a\u00f1o.<\/p>\n\n\n\n<p>El consumidor de t\u00e9s valora el sabor y la calidad por encima de todo porque\u00a0no todos los t\u00e9s son iguales y <strong>Apoteosic<\/strong> marca la diferencia. Un matcha de una excepcional variedad ceremonial, de venta en farmacias, que se convierte en el mejor aliado de belleza y bienestar. Su consumo regular reduce el estr\u00e9s y la inflamaci\u00f3n, mejora la elasticidad de la piel y ayuda en dietas de p\u00e9rdida de peso con un sabor suave y delicioso. Una oportunidad de oro para su distribuci\u00f3n en farmacias ya que el consumidor valora su poder prescriptor.<\/p>\n\n\n\n<div class=\"wp-block-columns is-layout-flex wp-container-core-columns-is-layout-9d6595d7 wp-block-columns-is-layout-flex\">\n<div class=\"wp-block-column is-layout-flow wp-block-column-is-layout-flow\" style=\"flex-basis:66.66%\">\n<p>Apoteosic es un t\u00e9 matcha elaborado con tencha, el material resultante del procesado de las hojas de la primera cosecha. Se siembra en Jap\u00f3n y, cuatro semanas antes de su recolecci\u00f3n, se cultiva en en sombra con ca\u00f1as de bamb\u00fa para aumentar su&nbsp;<strong>concentraci\u00f3n de clorofila, cafe\u00edna, L-teanina y catequinas<\/strong>. Esto le aporta un equilibrio de sabor entre las catequinas, compuesto que le da al matcha su amargor y astringencia, y el dulce amino\u00e1cido L-teanina.<\/p>\n<\/div>\n\n\n\n<div class=\"wp-block-column is-layout-flow wp-block-column-is-layout-flow\" style=\"flex-basis:33.33%\">\n<figure class=\"wp-block-image size-full\"><img loading=\"lazy\" decoding=\"async\" width=\"400\" height=\"400\" src=\"https:\/\/www.infarma.es\/wp-content\/uploads\/2024\/12\/inf25-farmaschool-apoteosic-blog.jpg\" alt=\"\" class=\"wp-image-16207\" srcset=\"https:\/\/www.infarma.es\/wp-content\/uploads\/2024\/12\/inf25-farmaschool-apoteosic-blog.jpg 400w, https:\/\/www.infarma.es\/wp-content\/uploads\/2024\/12\/inf25-farmaschool-apoteosic-blog-300x300.jpg 300w, https:\/\/www.infarma.es\/wp-content\/uploads\/2024\/12\/inf25-farmaschool-apoteosic-blog-150x150.jpg 150w\" sizes=\"auto, (max-width: 400px) 100vw, 400px\" \/><\/figure>\n<\/div>\n<\/div>\n\n\n\n<div style=\"height:30px\" aria-hidden=\"true\" class=\"wp-block-spacer\"><\/div>\n\n\n\n<h5 class=\"wp-block-heading\"><strong>\u00bfQu\u00e9 beneficios tiene el t\u00e9 matcha Apoteosic?<\/strong><strong><\/strong><\/h5>\n\n\n\n<ul class=\"wp-block-list\">\n<li>Los<strong> polifenoles, <\/strong>que representan hasta el 30% del peso seco del t\u00e9 matcha, tienen un potente efecto antioxidante. Neutralizan los radicales libres y protegen frente a la oxidaci\u00f3n y el envejecimiento.<\/li>\n\n\n\n<li>Destaca la presencia de <strong>catequina Epigalocatequina-3-galato <\/strong>con gran poder antioxidantes. Esta sustancia protege a las c\u00e9lulas del da\u00f1o causado por los radicales libres responsables del envejecimiento prematuro de c\u00e9lulas y tejidos.<\/li>\n\n\n\n<li>Es rico en vitaminas del grupo<strong> A, B2, C, D E y K, <\/strong>yen <strong>potasio, prote\u00ednas, calcio, clorofila y hierro<\/strong>. Todo esto retrasa el envejecimiento y previene su deterioro.<\/li>\n\n\n\n<li>De sus componentes destaca una\u00a0mayor concentraci\u00f3n de<strong> L-teanina<\/strong>, un amino\u00e1cido que en algunos ensayos ha demostrado mejorar la capacidad de concentraci\u00f3n, estimular la memoria y reducir el estr\u00e9s. Este amino\u00e1cido es capaz de producir sensaci\u00f3n de relajaci\u00f3n por su estimulaci\u00f3n del neurotransmisor GABA y tiene actividad neuroprotectora, por lo que puede ser \u00fatil en enfermedades neurodegenerativas.<\/li>\n\n\n\n<li>La<strong> cafe\u00edna\u00a0<\/strong>tambi\u00e9n puede inducir a una mejor concentraci\u00f3n y rendimiento cognitivo&#8221; nos explica Inma Riu, fundadora de Apoteoic.<\/li>\n\n\n\n<li>Es rico en \u00e1cidos fen\u00f3licos con efectos antioxidantes, neuroprotectores e hipoglucemiantes. As\u00ed, en el t\u00e9 matcha encontramos: <strong>\u00e1cido g\u00e1lico, \u00e1cido clorog\u00e9nico, \u00e1cido cafeico y<\/strong> <strong>\u00e1cido fer\u00falico<\/strong>.<\/li>\n<\/ul>\n","protected":false},"excerpt":{"rendered":"<p>\u201cEl mercado del t\u00e9 matcha crece en ventas y popularidad\u201d, afirma Inma Riu CEO y fundadora del prestigioso t\u00e9 Apoteosic Los beneficios para la salud asociados al consumo de t\u00e9 verde impulsan su demanda a nivel mundial porque los flavonoides, antioxidantes y fitoqu\u00edmicos presentes en el t\u00e9 matcha mejoran diversas funciones del cuerpo humano. Seg\u00fan [&hellip;]<\/p>\n","protected":false},"author":2,"featured_media":16205,"comment_status":"closed","ping_status":"open","sticky":false,"template":"","format":"standard","meta":{"footnotes":""},"categories":[141],"tags":[],"class_list":["post-16204","post","type-post","status-publish","format-standard","has-post-thumbnail","hentry","category-noticias-del-salon"],"yoast_head":"<!-- This site is optimized with the Yoast SEO plugin v27.4 - https:\/\/yoast.com\/product\/yoast-seo-wordpress\/ -->\n<title>El mercado del t\u00e9 matcha crece en ventas y popularidad - Infarma<\/title>\n<meta name=\"robots\" content=\"index, follow, max-snippet:-1, max-image-preview:large, max-video-preview:-1\" \/>\n<link rel=\"canonical\" href=\"https:\/\/www.infarma.es\/en\/el-mercado-del-te-matcha-crece-en-ventas-y-popularidad\/\" \/>\n<meta property=\"og:locale\" content=\"en_US\" \/>\n<meta property=\"og:type\" content=\"article\" \/>\n<meta property=\"og:title\" content=\"El mercado del t\u00e9 matcha crece en ventas y popularidad - Infarma\" \/>\n<meta property=\"og:description\" content=\"\u201cEl mercado del t\u00e9 matcha crece en ventas y popularidad\u201d, afirma Inma Riu CEO y fundadora del prestigioso t\u00e9 Apoteosic Los beneficios para la salud asociados al consumo de t\u00e9 verde impulsan su demanda a nivel mundial porque los flavonoides, antioxidantes y fitoqu\u00edmicos presentes en el t\u00e9 matcha mejoran diversas funciones del cuerpo humano. Seg\u00fan [&hellip;]\" \/>\n<meta property=\"og:url\" content=\"https:\/\/www.infarma.es\/en\/el-mercado-del-te-matcha-crece-en-ventas-y-popularidad\/\" \/>\n<meta property=\"og:site_name\" content=\"Infarma\" \/>\n<meta property=\"article:publisher\" content=\"https:\/\/www.facebook.com\/infarmaoficial\/\" \/>\n<meta property=\"article:published_time\" content=\"2024-12-18T17:07:49+00:00\" \/>\n<meta property=\"article:modified_time\" content=\"2024-12-18T17:07:50+00:00\" \/>\n<meta property=\"og:image\" content=\"https:\/\/www.infarma.es\/wp-content\/uploads\/2024\/12\/inf25-farmaschool-te-blog.jpg\" \/>\n\t<meta property=\"og:image:width\" content=\"1600\" \/>\n\t<meta property=\"og:image:height\" content=\"900\" \/>\n\t<meta property=\"og:image:type\" content=\"image\/jpeg\" \/>\n<meta name=\"author\" content=\"xavier\" \/>\n<meta name=\"twitter:card\" content=\"summary_large_image\" \/>\n<meta name=\"twitter:creator\" content=\"@infarma_es\" \/>\n<meta name=\"twitter:site\" content=\"@infarma_es\" \/>\n<meta name=\"twitter:label1\" content=\"Written by\" \/>\n\t<meta name=\"twitter:data1\" content=\"xavier\" \/>\n\t<meta name=\"twitter:label2\" content=\"Est. reading time\" \/>\n\t<meta name=\"twitter:data2\" content=\"3 minutes\" \/>\n<script type=\"application\/ld+json\" class=\"yoast-schema-graph\">{\"@context\":\"https:\\\/\\\/schema.org\",\"@graph\":[{\"@type\":\"Article\",\"@id\":\"https:\\\/\\\/www.infarma.es\\\/en\\\/el-mercado-del-te-matcha-crece-en-ventas-y-popularidad\\\/#article\",\"isPartOf\":{\"@id\":\"https:\\\/\\\/www.infarma.es\\\/en\\\/el-mercado-del-te-matcha-crece-en-ventas-y-popularidad\\\/\"},\"author\":{\"name\":\"xavier\",\"@id\":\"https:\\\/\\\/www.infarma.es\\\/en\\\/#\\\/schema\\\/person\\\/e53486dc47606cc5c89217026a8a01a7\"},\"headline\":\"El mercado del t\u00e9 matcha crece en ventas y popularidad\",\"datePublished\":\"2024-12-18T17:07:49+00:00\",\"dateModified\":\"2024-12-18T17:07:50+00:00\",\"mainEntityOfPage\":{\"@id\":\"https:\\\/\\\/www.infarma.es\\\/en\\\/el-mercado-del-te-matcha-crece-en-ventas-y-popularidad\\\/\"},\"wordCount\":537,\"publisher\":{\"@id\":\"https:\\\/\\\/www.infarma.es\\\/en\\\/#organization\"},\"image\":{\"@id\":\"https:\\\/\\\/www.infarma.es\\\/en\\\/el-mercado-del-te-matcha-crece-en-ventas-y-popularidad\\\/#primaryimage\"},\"thumbnailUrl\":\"https:\\\/\\\/www.infarma.es\\\/wp-content\\\/uploads\\\/2024\\\/12\\\/inf25-farmaschool-te-blog.jpg\",\"articleSection\":[\"Noticias del Sal\u00f3n\"],\"inLanguage\":\"en-US\"},{\"@type\":\"WebPage\",\"@id\":\"https:\\\/\\\/www.infarma.es\\\/en\\\/el-mercado-del-te-matcha-crece-en-ventas-y-popularidad\\\/\",\"url\":\"https:\\\/\\\/www.infarma.es\\\/en\\\/el-mercado-del-te-matcha-crece-en-ventas-y-popularidad\\\/\",\"name\":\"El mercado del t\u00e9 matcha crece en ventas y popularidad - Infarma\",\"isPartOf\":{\"@id\":\"https:\\\/\\\/www.infarma.es\\\/en\\\/#website\"},\"primaryImageOfPage\":{\"@id\":\"https:\\\/\\\/www.infarma.es\\\/en\\\/el-mercado-del-te-matcha-crece-en-ventas-y-popularidad\\\/#primaryimage\"},\"image\":{\"@id\":\"https:\\\/\\\/www.infarma.es\\\/en\\\/el-mercado-del-te-matcha-crece-en-ventas-y-popularidad\\\/#primaryimage\"},\"thumbnailUrl\":\"https:\\\/\\\/www.infarma.es\\\/wp-content\\\/uploads\\\/2024\\\/12\\\/inf25-farmaschool-te-blog.jpg\",\"datePublished\":\"2024-12-18T17:07:49+00:00\",\"dateModified\":\"2024-12-18T17:07:50+00:00\",\"breadcrumb\":{\"@id\":\"https:\\\/\\\/www.infarma.es\\\/en\\\/el-mercado-del-te-matcha-crece-en-ventas-y-popularidad\\\/#breadcrumb\"},\"inLanguage\":\"en-US\",\"potentialAction\":[{\"@type\":\"ReadAction\",\"target\":[\"https:\\\/\\\/www.infarma.es\\\/en\\\/el-mercado-del-te-matcha-crece-en-ventas-y-popularidad\\\/\"]}]},{\"@type\":\"ImageObject\",\"inLanguage\":\"en-US\",\"@id\":\"https:\\\/\\\/www.infarma.es\\\/en\\\/el-mercado-del-te-matcha-crece-en-ventas-y-popularidad\\\/#primaryimage\",\"url\":\"https:\\\/\\\/www.infarma.es\\\/wp-content\\\/uploads\\\/2024\\\/12\\\/inf25-farmaschool-te-blog.jpg\",\"contentUrl\":\"https:\\\/\\\/www.infarma.es\\\/wp-content\\\/uploads\\\/2024\\\/12\\\/inf25-farmaschool-te-blog.jpg\",\"width\":1600,\"height\":900},{\"@type\":\"BreadcrumbList\",\"@id\":\"https:\\\/\\\/www.infarma.es\\\/en\\\/el-mercado-del-te-matcha-crece-en-ventas-y-popularidad\\\/#breadcrumb\",\"itemListElement\":[{\"@type\":\"ListItem\",\"position\":1,\"name\":\"Portada\",\"item\":\"https:\\\/\\\/www.infarma.es\\\/en\\\/\"},{\"@type\":\"ListItem\",\"position\":2,\"name\":\"El mercado del t\u00e9 matcha crece en ventas y popularidad\"}]},{\"@type\":\"WebSite\",\"@id\":\"https:\\\/\\\/www.infarma.es\\\/en\\\/#website\",\"url\":\"https:\\\/\\\/www.infarma.es\\\/en\\\/\",\"name\":\"Infarma\",\"description\":\"El mayor encuentro de farmacia\",\"publisher\":{\"@id\":\"https:\\\/\\\/www.infarma.es\\\/en\\\/#organization\"},\"potentialAction\":[{\"@type\":\"SearchAction\",\"target\":{\"@type\":\"EntryPoint\",\"urlTemplate\":\"https:\\\/\\\/www.infarma.es\\\/en\\\/?s={search_term_string}\"},\"query-input\":{\"@type\":\"PropertyValueSpecification\",\"valueRequired\":true,\"valueName\":\"search_term_string\"}}],\"inLanguage\":\"en-US\"},{\"@type\":\"Organization\",\"@id\":\"https:\\\/\\\/www.infarma.es\\\/en\\\/#organization\",\"name\":\"Infarma\",\"url\":\"https:\\\/\\\/www.infarma.es\\\/en\\\/\",\"logo\":{\"@type\":\"ImageObject\",\"inLanguage\":\"en-US\",\"@id\":\"https:\\\/\\\/www.infarma.es\\\/en\\\/#\\\/schema\\\/logo\\\/image\\\/\",\"url\":\"https:\\\/\\\/www.infarma.es\\\/wp-content\\\/uploads\\\/2024\\\/10\\\/logo-simple.svg\",\"contentUrl\":\"https:\\\/\\\/www.infarma.es\\\/wp-content\\\/uploads\\\/2024\\\/10\\\/logo-simple.svg\",\"width\":1,\"height\":1,\"caption\":\"Infarma\"},\"image\":{\"@id\":\"https:\\\/\\\/www.infarma.es\\\/en\\\/#\\\/schema\\\/logo\\\/image\\\/\"},\"sameAs\":[\"https:\\\/\\\/www.facebook.com\\\/infarmaoficial\\\/\",\"https:\\\/\\\/x.com\\\/infarma_es\",\"https:\\\/\\\/www.instagram.com\\\/infarma_oficial\\\/\",\"https:\\\/\\\/www.linkedin.com\\\/showcase\\\/infarma-salon\\\/\",\"https:\\\/\\\/www.youtube.com\\\/@INFARMAOFICIAL\"]},{\"@type\":\"Person\",\"@id\":\"https:\\\/\\\/www.infarma.es\\\/en\\\/#\\\/schema\\\/person\\\/e53486dc47606cc5c89217026a8a01a7\",\"name\":\"xavier\",\"image\":{\"@type\":\"ImageObject\",\"inLanguage\":\"en-US\",\"@id\":\"https:\\\/\\\/secure.gravatar.com\\\/avatar\\\/9014b89254123c1f240ae636cc793b98ce50ec2df162909756be1d23adc503e4?s=96&d=mm&r=g\",\"url\":\"https:\\\/\\\/secure.gravatar.com\\\/avatar\\\/9014b89254123c1f240ae636cc793b98ce50ec2df162909756be1d23adc503e4?s=96&d=mm&r=g\",\"contentUrl\":\"https:\\\/\\\/secure.gravatar.com\\\/avatar\\\/9014b89254123c1f240ae636cc793b98ce50ec2df162909756be1d23adc503e4?s=96&d=mm&r=g\",\"caption\":\"xavier\"},\"url\":\"https:\\\/\\\/www.infarma.es\\\/en\\\/author\\\/xavier\\\/\"}]}<\/script>\n<!-- \/ Yoast SEO plugin. -->","yoast_head_json":{"title":"El mercado del t\u00e9 matcha crece en ventas y popularidad - Infarma","robots":{"index":"index","follow":"follow","max-snippet":"max-snippet:-1","max-image-preview":"max-image-preview:large","max-video-preview":"max-video-preview:-1"},"canonical":"https:\/\/www.infarma.es\/en\/el-mercado-del-te-matcha-crece-en-ventas-y-popularidad\/","og_locale":"en_US","og_type":"article","og_title":"El mercado del t\u00e9 matcha crece en ventas y popularidad - Infarma","og_description":"\u201cEl mercado del t\u00e9 matcha crece en ventas y popularidad\u201d, afirma Inma Riu CEO y fundadora del prestigioso t\u00e9 Apoteosic Los beneficios para la salud asociados al consumo de t\u00e9 verde impulsan su demanda a nivel mundial porque los flavonoides, antioxidantes y fitoqu\u00edmicos presentes en el t\u00e9 matcha mejoran diversas funciones del cuerpo humano. Seg\u00fan [&hellip;]","og_url":"https:\/\/www.infarma.es\/en\/el-mercado-del-te-matcha-crece-en-ventas-y-popularidad\/","og_site_name":"Infarma","article_publisher":"https:\/\/www.facebook.com\/infarmaoficial\/","article_published_time":"2024-12-18T17:07:49+00:00","article_modified_time":"2024-12-18T17:07:50+00:00","og_image":[{"width":1600,"height":900,"url":"https:\/\/www.infarma.es\/wp-content\/uploads\/2024\/12\/inf25-farmaschool-te-blog.jpg","type":"image\/jpeg"}],"author":"xavier","twitter_card":"summary_large_image","twitter_creator":"@infarma_es","twitter_site":"@infarma_es","twitter_misc":{"Written by":"xavier","Est. reading time":"3 minutes"},"schema":{"@context":"https:\/\/schema.org","@graph":[{"@type":"Article","@id":"https:\/\/www.infarma.es\/en\/el-mercado-del-te-matcha-crece-en-ventas-y-popularidad\/#article","isPartOf":{"@id":"https:\/\/www.infarma.es\/en\/el-mercado-del-te-matcha-crece-en-ventas-y-popularidad\/"},"author":{"name":"xavier","@id":"https:\/\/www.infarma.es\/en\/#\/schema\/person\/e53486dc47606cc5c89217026a8a01a7"},"headline":"El mercado del t\u00e9 matcha crece en ventas y popularidad","datePublished":"2024-12-18T17:07:49+00:00","dateModified":"2024-12-18T17:07:50+00:00","mainEntityOfPage":{"@id":"https:\/\/www.infarma.es\/en\/el-mercado-del-te-matcha-crece-en-ventas-y-popularidad\/"},"wordCount":537,"publisher":{"@id":"https:\/\/www.infarma.es\/en\/#organization"},"image":{"@id":"https:\/\/www.infarma.es\/en\/el-mercado-del-te-matcha-crece-en-ventas-y-popularidad\/#primaryimage"},"thumbnailUrl":"https:\/\/www.infarma.es\/wp-content\/uploads\/2024\/12\/inf25-farmaschool-te-blog.jpg","articleSection":["Noticias del Sal\u00f3n"],"inLanguage":"en-US"},{"@type":"WebPage","@id":"https:\/\/www.infarma.es\/en\/el-mercado-del-te-matcha-crece-en-ventas-y-popularidad\/","url":"https:\/\/www.infarma.es\/en\/el-mercado-del-te-matcha-crece-en-ventas-y-popularidad\/","name":"El mercado del t\u00e9 matcha crece en ventas y popularidad - Infarma","isPartOf":{"@id":"https:\/\/www.infarma.es\/en\/#website"},"primaryImageOfPage":{"@id":"https:\/\/www.infarma.es\/en\/el-mercado-del-te-matcha-crece-en-ventas-y-popularidad\/#primaryimage"},"image":{"@id":"https:\/\/www.infarma.es\/en\/el-mercado-del-te-matcha-crece-en-ventas-y-popularidad\/#primaryimage"},"thumbnailUrl":"https:\/\/www.infarma.es\/wp-content\/uploads\/2024\/12\/inf25-farmaschool-te-blog.jpg","datePublished":"2024-12-18T17:07:49+00:00","dateModified":"2024-12-18T17:07:50+00:00","breadcrumb":{"@id":"https:\/\/www.infarma.es\/en\/el-mercado-del-te-matcha-crece-en-ventas-y-popularidad\/#breadcrumb"},"inLanguage":"en-US","potentialAction":[{"@type":"ReadAction","target":["https:\/\/www.infarma.es\/en\/el-mercado-del-te-matcha-crece-en-ventas-y-popularidad\/"]}]},{"@type":"ImageObject","inLanguage":"en-US","@id":"https:\/\/www.infarma.es\/en\/el-mercado-del-te-matcha-crece-en-ventas-y-popularidad\/#primaryimage","url":"https:\/\/www.infarma.es\/wp-content\/uploads\/2024\/12\/inf25-farmaschool-te-blog.jpg","contentUrl":"https:\/\/www.infarma.es\/wp-content\/uploads\/2024\/12\/inf25-farmaschool-te-blog.jpg","width":1600,"height":900},{"@type":"BreadcrumbList","@id":"https:\/\/www.infarma.es\/en\/el-mercado-del-te-matcha-crece-en-ventas-y-popularidad\/#breadcrumb","itemListElement":[{"@type":"ListItem","position":1,"name":"Portada","item":"https:\/\/www.infarma.es\/en\/"},{"@type":"ListItem","position":2,"name":"El mercado del t\u00e9 matcha crece en ventas y popularidad"}]},{"@type":"WebSite","@id":"https:\/\/www.infarma.es\/en\/#website","url":"https:\/\/www.infarma.es\/en\/","name":"Infarma","description":"El mayor encuentro de farmacia","publisher":{"@id":"https:\/\/www.infarma.es\/en\/#organization"},"potentialAction":[{"@type":"SearchAction","target":{"@type":"EntryPoint","urlTemplate":"https:\/\/www.infarma.es\/en\/?s={search_term_string}"},"query-input":{"@type":"PropertyValueSpecification","valueRequired":true,"valueName":"search_term_string"}}],"inLanguage":"en-US"},{"@type":"Organization","@id":"https:\/\/www.infarma.es\/en\/#organization","name":"Infarma","url":"https:\/\/www.infarma.es\/en\/","logo":{"@type":"ImageObject","inLanguage":"en-US","@id":"https:\/\/www.infarma.es\/en\/#\/schema\/logo\/image\/","url":"https:\/\/www.infarma.es\/wp-content\/uploads\/2024\/10\/logo-simple.svg","contentUrl":"https:\/\/www.infarma.es\/wp-content\/uploads\/2024\/10\/logo-simple.svg","width":1,"height":1,"caption":"Infarma"},"image":{"@id":"https:\/\/www.infarma.es\/en\/#\/schema\/logo\/image\/"},"sameAs":["https:\/\/www.facebook.com\/infarmaoficial\/","https:\/\/x.com\/infarma_es","https:\/\/www.instagram.com\/infarma_oficial\/","https:\/\/www.linkedin.com\/showcase\/infarma-salon\/","https:\/\/www.youtube.com\/@INFARMAOFICIAL"]},{"@type":"Person","@id":"https:\/\/www.infarma.es\/en\/#\/schema\/person\/e53486dc47606cc5c89217026a8a01a7","name":"xavier","image":{"@type":"ImageObject","inLanguage":"en-US","@id":"https:\/\/secure.gravatar.com\/avatar\/9014b89254123c1f240ae636cc793b98ce50ec2df162909756be1d23adc503e4?s=96&d=mm&r=g","url":"https:\/\/secure.gravatar.com\/avatar\/9014b89254123c1f240ae636cc793b98ce50ec2df162909756be1d23adc503e4?s=96&d=mm&r=g","contentUrl":"https:\/\/secure.gravatar.com\/avatar\/9014b89254123c1f240ae636cc793b98ce50ec2df162909756be1d23adc503e4?s=96&d=mm&r=g","caption":"xavier"},"url":"https:\/\/www.infarma.es\/en\/author\/xavier\/"}]}},"_links":{"self":[{"href":"https:\/\/www.infarma.es\/en\/wp-json\/wp\/v2\/posts\/16204","targetHints":{"allow":["GET"]}}],"collection":[{"href":"https:\/\/www.infarma.es\/en\/wp-json\/wp\/v2\/posts"}],"about":[{"href":"https:\/\/www.infarma.es\/en\/wp-json\/wp\/v2\/types\/post"}],"author":[{"embeddable":true,"href":"https:\/\/www.infarma.es\/en\/wp-json\/wp\/v2\/users\/2"}],"replies":[{"embeddable":true,"href":"https:\/\/www.infarma.es\/en\/wp-json\/wp\/v2\/comments?post=16204"}],"version-history":[{"count":5,"href":"https:\/\/www.infarma.es\/en\/wp-json\/wp\/v2\/posts\/16204\/revisions"}],"predecessor-version":[{"id":16213,"href":"https:\/\/www.infarma.es\/en\/wp-json\/wp\/v2\/posts\/16204\/revisions\/16213"}],"wp:featuredmedia":[{"embeddable":true,"href":"https:\/\/www.infarma.es\/en\/wp-json\/wp\/v2\/media\/16205"}],"wp:attachment":[{"href":"https:\/\/www.infarma.es\/en\/wp-json\/wp\/v2\/media?parent=16204"}],"wp:term":[{"taxonomy":"category","embeddable":true,"href":"https:\/\/www.infarma.es\/en\/wp-json\/wp\/v2\/categories?post=16204"},{"taxonomy":"post_tag","embeddable":true,"href":"https:\/\/www.infarma.es\/en\/wp-json\/wp\/v2\/tags?post=16204"}],"curies":[{"name":"wp","href":"https:\/\/api.w.org\/{rel}","templated":true}]}}